{"id":60511,"count":1,"description":"","link":"https:\/\/www.mauritiustimes.com\/mt\/tag\/ambiguite-strategique\/","name":"Ambigu\u00eft\u00e9 Strat\u00e9gique","slug":"ambiguite-strategique","taxonomy":"post_tag","meta":[],"_links":{"self":[{"href":"https:\/\/www.mauritiustimes.com\/mt\/wp-json\/wp\/v2\/tags\/60511","targetHints":{"allow":["GET"]}}],"collection":[{"href":"https:\/\/www.mauritiustimes.com\/mt\/wp-json\/wp\/v2\/tags"}],"about":[{"href":"https:\/\/www.mauritiustimes.com\/mt\/wp-json\/wp\/v2\/taxonomies\/post_tag"}],"wp:post_type":[{"href":"https:\/\/www.mauritiustimes.com\/mt\/wp-json\/wp\/v2\/posts?tags=60511"}],"curies":[{"name":"wp","href":"https:\/\/api.w.org\/{rel}","templated":true}]}}