{"id":940,"date":"2011-04-15T08:22:01","date_gmt":"2011-04-15T08:22:01","guid":{"rendered":"http:\/\/mauritiustimes.com\/mt\/2011\/04\/15\/collectif-mouvement-pavillon\/"},"modified":"2020-03-23T10:08:13","modified_gmt":"2020-03-23T06:08:13","slug":"collectif-mouvement-pavillon","status":"publish","type":"post","link":"https:\/\/www.mauritiustimes.com\/mt\/collectif-mouvement-pavillon\/","title":{"rendered":"Collectif Mouvement Pavillon"},"content":{"rendered":"<p class=\"MsoNormal\" style=\"line-height: normal; margin: 0in 0in 0pt; text-align: center;\"><strong><span style=\"text-decoration: underline; color: #3366ff;\"><span lang=\"FR\" style=\"font-family: Verdana; font-size: 12pt; mso-bidi-font-family: Arial;\">Projet de Rs 6 millions de la Municipalit\u00e9 de<br \/>\nBelle-Rose Quatre-Bornes<\/span><\/span><\/strong><\/p>\n<p class=\"MsoNormal\" style=\"line-height: normal; margin: 0in 0in 0pt; text-align: center;\"><strong><span lang=\"FR\" style=\"font-family: Verdana; font-size: 12pt; mso-bidi-font-family: Arial;\"><span style=\"color: #000000;\">\u00a0<\/span><\/span><\/strong><\/p>\n<p class=\"MsoNormal\" style=\"line-height: normal; margin: 0in 0in 0pt; text-align: center;\"><span style=\"color: #000000;\"><strong><span style=\"text-decoration: underline;\"><span lang=\"FR\" style=\"font-family: Verdana; font-size: 12pt; mso-bidi-font-family: Arial;\">La contestation du Collectif Mouvement Pavillon Libre<\/span><\/span><\/strong><span style=\"text-decoration: underline;\"><span lang=\"FR\" style=\"font-family: Verdana; font-size: 12pt; mso-bidi-font-family: Arial;\"> <strong>s\u2019amplifie<\/strong><\/span><\/span><\/span><\/p>\n<p><strong><span style=\"color: #000080;\">Par\u00a0 Vina Ballgobin<\/span><\/strong><\/p>\n<hr \/>\n<p class=\"MsoNormal\" style=\"line-height: normal; margin: 0in 0in 0pt;\"><span lang=\"FR\" style=\"font-family: Verdana; font-size: 12pt; mso-bidi-font-family: Arial;\"><span style=\"color: #000000;\"><br \/>\nUne marche de protestation contre le projet municipal de Rs 6 millions aura lieu ce dimanche. Nous contestons le manque de professionnalisme et nous d\u00e9non\u00e7ons le gaspillage de tant de fonds pour un projet irrecevable de cl\u00f4ture d\u2019un espace, sans respect pour notre patrimoine naturel et sans vision pour une r\u00e9solution durable des probl\u00e8mes de la localit\u00e9. Nous r\u00e9futons en bloc les arguments de la Municipalit\u00e9. <!--more--> <\/span><\/span><\/p>\n<p><span lang=\"FR\" style=\"font-family: Verdana; font-size: 12pt; mso-bidi-font-family: Arial;\"><span style=\"color: #000000;\">1\/ Des <em>drogu\u00e9s et des prostitu\u00e9es envahissent le Pavillon apr\u00e8s une certaine heure de la nuit. <\/em><\/span><\/span><\/p>\n<p class=\"MsoNormal\" style=\"line-height: normal; margin: 0in 0in 0pt;\"><span lang=\"FR\" style=\"font-family: Verdana; font-size: 12pt; mso-bidi-font-family: Arial;\"><span style=\"color: #000000;\">En tant que r\u00e9sidents de la localit\u00e9 et en qualit\u00e9 de \u00ab\u00a0taxpayers\u00a0\u00bb, pour beaucoup, nous demandons que la municipalit\u00e9 agisse de mani\u00e8re responsable pour enrayer ce fl\u00e9au au lieu de d\u00e9placer le probl\u00e8me vers un autre coin de Quatre-Bornes ou de Belle-Rose en cl\u00f4turant le Pavillon. Somme toute, ce projet de Rs 6 millions, avec l\u2019appui d\u2019une poign\u00e9e d\u2019habitants du coin et de quelques politiciens, d\u00e9montre toute l\u2019incapacit\u00e9 d\u2019une certaine \u00e9lite \u00e0 r\u00e9soudre un probl\u00e8me national.<span style=\"mso-spacerun: yes;\">\u00a0 <\/span>Pourquoi ne pas utiliser tant d\u2019argent pour mettre en place un suivi des prostitu\u00e9es\u00a0et des drogu\u00e9s avec la NATRESA et pourquoi ne pas travailler avec le Minist\u00e8re de l\u2019Int\u00e9gration sociale pour les r\u00e9habiliter?<span style=\"mso-spacerun: yes;\">\u00a0 <\/span>Nous pr\u00e9cisons que c\u2019est la responsabilit\u00e9 des institutions sous tutelle du <em>Local Government<\/em> de s\u2019occuper du bien-\u00eatre de tous les habitants et pr\u00e9venir toute forme de nuisance. Et m\u00eame si les drogu\u00e9s et les prostitu\u00e9es ne sont pas des r\u00e9sidents, cela rel\u00e8ve du devoir des \u00e9lus de la Municipalit\u00e9 de s\u2019en occuper car ils sont des citoyens mauriciens et non pas des \u00ab\u00a0vagrants\u00a0\u00bb comme \u00e0 l\u2019\u00e9poque coloniale\u00a0! <\/span><\/span><\/p>\n<p class=\"MsoNormal\" style=\"line-height: normal; margin: 0in 0in 0pt;\"><em><span lang=\"FR\" style=\"font-family: Verdana; font-size: 12pt; mso-bidi-font-family: Arial;\"><span style=\"color: #000000;\">\u00a0<\/span><\/span><\/em><\/p>\n<p class=\"MsoNormal\" style=\"line-height: normal; margin: 0in 0in 0pt;\"><span lang=\"FR\" style=\"font-family: Verdana; font-size: 12pt; mso-bidi-font-family: Arial;\"><span style=\"color: #000000;\">2\/ <em>Un Mauricien n\u2019habitant pas dans la localit\u00e9 n\u2019a pas le droit de contester les d\u00e9cisions de la Mairesse de la Municipalit\u00e9 de Belle-Rose Quatre-Bornes.<\/em> <\/span><\/span><\/p>\n<p class=\"MsoNormal\" style=\"line-height: normal; margin: 0in 0in 0pt;\"><span lang=\"FR\" style=\"font-family: Verdana; font-size: 12pt; mso-bidi-font-family: Arial;\"><span style=\"color: #000000;\">Nous vivons au 21<sup>e<\/sup> si\u00e8cle et le \u00ab\u00a0Collectif Mouvement Pavillon Libre\u00a0\u00bb comporte des Mauriciens de tous les coins de l\u2019\u00eele, de tous les \u00e2ges et de tous les milieux sociaux. Tout citoyen engag\u00e9 et responsable se bat aujourd\u2019hui pour que la R\u00e9publique de Maurice devienne un <em>MID Republic<\/em> (sachant que nous sommes en retard sur d\u2019autres \u00eeles de l\u2019Oc\u00e9an indien comme la R\u00e9union et les Maldives). C\u2019est le droit fondamental et la libert\u00e9 individuelle de tout citoyen mauricien, garantis par notre Constitution. Ensuite, la Municipalit\u00e9 ne peut pas \u00eatre uniquement \u00e0 l\u2019\u00e9coute d\u2019un petit groupe d\u2019usagers du Pavillon. Cela rel\u00e8verait d\u2019une certaine forme d\u2019abus de pouvoir et d\u2019influence. Les autres citoyens ordinaires mauriciens ont d\u00e9finitivement leur mot \u00e0 dire sur le fonctionnement de cette institution publique et sur la gestion des fonds publics. <\/span><\/span><\/p>\n<p class=\"MsoNormal\" style=\"line-height: normal; margin: 0in 0in 0pt;\"><span lang=\"FR\" style=\"font-family: Verdana; font-size: 12pt; mso-bidi-font-family: Arial;\"><span style=\"color: #000000;\">\u00a0<\/span><\/span><\/p>\n<p class=\"MsoNormal\" style=\"line-height: normal; margin: 0in 0in 0pt;\"><span lang=\"FR\" style=\"font-family: Verdana; font-size: 12pt; mso-bidi-font-family: Arial;\"><span style=\"color: #000000;\">3\/ <em>Les protestations sont men\u00e9es par une personne qui cherche \u00e0 faire du tam-tam politique.<\/em><\/span><\/span><\/p>\n<p>&nbsp;<\/p>\n<p class=\"MsoNormal\" style=\"line-height: normal; margin: 0in 0in 0pt;\"><span lang=\"FR\" style=\"font-family: Verdana; font-size: 12pt; mso-bidi-font-family: Arial;\"><span style=\"color: #000000;\">A chaque fois que nous avons constitu\u00e9 un Front Commun pour d\u00e9fendre l\u2019environnement et l\u2019\u00e9cologie dans<span style=\"mso-spacerun: yes;\">\u00a0 <\/span>le respect de la Constitution de Maurice et<span style=\"mso-spacerun: yes;\">\u00a0 <\/span>des droits fondamentaux<span style=\"mso-spacerun: yes;\">\u00a0 <\/span>des citoyens mauriciens,<span style=\"mso-spacerun: yes;\">\u00a0 <\/span>nous avons \u00e9lu un porte-parole qui porterait notre voix aupr\u00e8s des autorit\u00e9s concern\u00e9es. Souvent, nous nous sommes heurt\u00e9s \u00e0 des arguments peu solides, voire m\u00eame vides de sens, et aussi \u00e0 des attaques personnelles relevant d\u2019une certaine m\u00e9diocrit\u00e9 et d\u2019un manque de savoir-vivre de certains adversaires. <\/span><\/span><\/p>\n<p class=\"MsoNormal\" style=\"line-height: normal; margin: 0in 0in 0pt;\"><span lang=\"FR\" style=\"font-family: Verdana; font-size: 12pt; mso-bidi-font-family: Arial;\"><span style=\"color: #000000;\">\u00a0<\/span><\/span><\/p>\n<p class=\"MsoNormal\" style=\"line-height: normal; margin: 0in 0in 0pt;\"><span lang=\"FR\" style=\"font-family: Verdana; font-size: 12pt; mso-bidi-font-family: Arial;\"><span style=\"color: #000000;\">N\u00e9anmoins, nous avons pris l\u2019habitude d\u2019expliquer \u00e0<span style=\"mso-spacerun: yes;\">\u00a0 <\/span>nos adversaires que la lutte contre l\u2019incomp\u00e9tence des institutions ne rel\u00e8ve pas de la politique politicienne. Nous avons affront\u00e9 chaque projet contestable, peu importe le bailleur de fonds ou la couleur politique de nos adversaires.<span style=\"mso-spacerun: yes;\">\u00a0 <\/span>Le lieu o\u00f9 nous habitons, que nous soyons r\u00e9sidents ou non-r\u00e9sidents d\u2019une ville ou d\u2019un village sp\u00e9cifique, n\u2019est pas important. N\u2019en d\u00e9plaise \u00e0 certains, nous avons m\u00eame au sein de notre \u00e9quipe citoyenne plusieurs Rodriguais et aussi des \u00e9trangers. Nous sommes tous des citoyens du monde et nous continuerons \u00e0 nous regrouper dans le m\u00eame esprit pour d\u00e9fendre notre pays. Vive le combat \u00e9cologique, citoyen et apolitique\u00a0!<\/span><\/span><\/p>\n<p class=\"MsoNormal\" style=\"line-height: normal; margin: 0in 0in 0pt;\"><span lang=\"FR\" style=\"font-family: Verdana; font-size: 12pt; mso-bidi-font-family: Arial;\"><span style=\"color: #000000;\">\u00a0<\/span><\/span><\/p>\n<h1 style=\"margin: 0in 0in 0pt;\"><span lang=\"FR\" style=\"font-family: Verdana; font-size: 12pt;\"><span style=\"color: #000000;\">V. Ballgobin<\/span><\/span><\/h1>\n<p class=\"MsoNormal\" style=\"line-height: normal; margin: 0in 0in 0pt;\"><span lang=\"FR\" style=\"font-family: Verdana; font-size: 12pt; mso-bidi-font-family: Arial;\"><span style=\"color: #000000;\">Collectif Mouvement Pavillon Libre\u00a0<\/span><\/span><\/p>\n","protected":false},"excerpt":{"rendered":"<p>Projet de Rs 6 millions de la Municipalit\u00e9 de Belle-Rose Quatre-Bornes \u00a0 La contestation du Collectif Mouvement Pavillon Libre s\u2019amplifie Par\u00a0 Vina Ballgobin Une marche de protestation contre le projet municipal de Rs 6 millions aura lieu ce dimanche. Nous contestons le manque de professionnalisme et nous d\u00e9non\u00e7ons le gaspillage de tant de fonds pour [&hellip;]<\/p>\n","protected":false},"author":15,"featured_media":0,"comment_status":"open","ping_status":"open","sticky":false,"template":"","format":"standard","meta":{"jetpack_post_was_ever_published":false,"_jetpack_newsletter_access":"","_jetpack_dont_email_post_to_subs":false,"_jetpack_newsletter_tier_id":0,"_jetpack_memberships_contains_paywalled_content":false,"_jetpack_memberships_contains_paid_content":false,"footnotes":"","jetpack_publicize_message":"","jetpack_publicize_feature_enabled":true,"jetpack_social_post_already_shared":false,"jetpack_social_options":{"image_generator_settings":{"template":"highway","default_image_id":0,"font":"","enabled":false},"version":2}},"categories":[27],"tags":[22916,22918,22917,19085,761],"class_list":["post-940","post","type-post","status-publish","format-standard","hentry","category-society","tag-collectif-mouvement-pavillon","tag-front-commun","tag-municipalite-de-belle-rose-quatre-bornes","tag-natresa","tag-vina-ballgobin"],"jetpack_publicize_connections":[],"jetpack_featured_media_url":"","jetpack_sharing_enabled":true,"jetpack_shortlink":"https:\/\/wp.me\/p8QzSF-fa","_links":{"self":[{"href":"https:\/\/www.mauritiustimes.com\/mt\/wp-json\/wp\/v2\/posts\/940","targetHints":{"allow":["GET"]}}],"collection":[{"href":"https:\/\/www.mauritiustimes.com\/mt\/wp-json\/wp\/v2\/posts"}],"about":[{"href":"https:\/\/www.mauritiustimes.com\/mt\/wp-json\/wp\/v2\/types\/post"}],"author":[{"embeddable":true,"href":"https:\/\/www.mauritiustimes.com\/mt\/wp-json\/wp\/v2\/users\/15"}],"replies":[{"embeddable":true,"href":"https:\/\/www.mauritiustimes.com\/mt\/wp-json\/wp\/v2\/comments?post=940"}],"version-history":[{"count":0,"href":"https:\/\/www.mauritiustimes.com\/mt\/wp-json\/wp\/v2\/posts\/940\/revisions"}],"wp:attachment":[{"href":"https:\/\/www.mauritiustimes.com\/mt\/wp-json\/wp\/v2\/media?parent=940"}],"wp:term":[{"taxonomy":"category","embeddable":true,"href":"https:\/\/www.mauritiustimes.com\/mt\/wp-json\/wp\/v2\/categories?post=940"},{"taxonomy":"post_tag","embeddable":true,"href":"https:\/\/www.mauritiustimes.com\/mt\/wp-json\/wp\/v2\/tags?post=940"}],"curies":[{"name":"wp","href":"https:\/\/api.w.org\/{rel}","templated":true}]}}