{"id":815,"date":"2011-02-18T08:58:09","date_gmt":"2011-02-18T08:58:09","guid":{"rendered":"http:\/\/mauritiustimes.com\/mt\/2011\/02\/18\/jean-baptiste-placca-17\/"},"modified":"2020-04-13T22:00:05","modified_gmt":"2020-04-13T18:00:05","slug":"jean-baptiste-placca-17","status":"publish","type":"post","link":"https:\/\/www.mauritiustimes.com\/mt\/jean-baptiste-placca-17\/","title":{"rendered":"Respect au peuple \u00e9gyptien\u00a0!"},"content":{"rendered":"<p style=\"text-align: center;\"><span style=\"color: #000000;\"><u>Chronique de Jean-Baptiste Placca<\/u><\/span><!--more--><\/p>\n<p><span style=\"color: #000000;\"><strong>Feux d\u2019artifice \u00e0 Tahrir Square. La c\u00e9l\u00e8bre et d\u00e9sormais historique place de la lib\u00e9ration a eu raison du Ra\u00efs. Hosni Moubarak a donc quitt\u00e9 le Caire \u2013 et le pouvoir \u2013 en milieu de journ\u00e9e, le 11 f\u00e9vrier, d\u00e9clenchant chez les Egyptiens une exultation qui irradie la terre enti\u00e8re. Sur tous les fronts rayonne un sublime bonheur, comme une huile vivifiante. <\/strong><\/span><\/p>\n<p><span style=\"color: #000000;\">Ben Ali en janvier, Moubarak en f\u00e9vrier\u00a0: deux autocrates d\u00e9faits, en l\u2019espace d\u2019un mois, par des populations aux mains nues\u00a0! Il faut croire que le dieu des dictateurs a choisi 2011 pour partir en cong\u00e9s. Une ann\u00e9e sabbatique\u00a0! Pour les peuples \u00e9cras\u00e9s par des despotes plus ou moins \u00e9clair\u00e9s, une fen\u00eatre de tir s\u2019ouvre vers la libert\u00e9. La peur a chang\u00e9 de camp.<\/span><\/p>\n<p><span style=\"color: #000000;\">Jusqu\u2019au bout, Hosni Moubarak a rus\u00e9 pour survivre politiquement. Il a test\u00e9, de diverses mani\u00e8res, la d\u00e9termination des manifestants. En vain. Le g\u00e9n\u00e9ral a rappel\u00e9 ses campagnes victorieuses, excit\u00e9 le patriotisme des Egyptiens, sans plus de succ\u00e8s. En d\u00e9sespoir de cause, il a l\u00e2ch\u00e9 l\u2019essentiel de ses pr\u00e9rogatives, mais c\u2019\u00e9tait trop peu, et d\u00e9j\u00e0 trop tard. Ainsi s\u2019ach\u00e8ve la carri\u00e8re d\u2019un vieux dictateur, qui r\u00eavait de transmettre le pouvoir \u00e0 son fils. En dix-huit jours, les Egyptiens auront donc r\u00e9gl\u00e9, proprement, deux probl\u00e8mes majeurs de la vie politique nationale.<\/span><\/p>\n<p style=\"text-align: center;\"><span style=\"color: #000000;\"><strong>Que vienne la contagion\u00a0! L\u2019\u00e9pid\u00e9mie\u00a0!<\/strong><\/span><\/p>\n<p><span style=\"color: #000000;\">L\u2019impressionnante capacit\u00e9 d\u2019organisation et de mobilisation de ce peuple sera, \u00e0 jamais, un sujet de m\u00e9ditation pour toutes les nations confront\u00e9es \u00e0 des r\u00e9gimes forts, durs, r\u00e9pressifs.<\/span><\/p>\n<p><span style=\"color: #000000;\">Durant la courte agonie du r\u00e9gime Moubarak, l\u2019on a beaucoup dissert\u00e9 sur les h\u00e9sitations, l\u2019extr\u00eame prudence de l\u2019administration am\u00e9ricaine. Et pourtant, vous ne pouvez imaginer tous les peuples du monde arabe \u2013 et d\u2019Afrique \u2013 qui voudraient voir Obama se m\u00ealer de la d\u00e9mocratisation de leur pays, comme il l\u2019a fait pour la Tunisie, et plus encore pour l\u2019Egypte.<\/span><\/p>\n<p><span style=\"color: #000000;\">Si ce que viennent de vivre ces deux peuples est une maladie, alors, que vienne la contagion\u00a0! L\u2019\u00e9pid\u00e9mie\u00a0! A chaque peuple de comprendre ce qu\u2019il est en droit d\u2019exiger d\u00e9sormais de ses dirigeants, ce qu\u2019il ne peut plus accepter d\u2019eux. Pour le reste, les Tunisiens et les Egyptiens nous enseignent que lorsqu\u2019une nation d\u00e9sire r\u00e9ellement la libert\u00e9,\u00a0 rien ne peut l\u2019arr\u00eater. Obama, pour dire cela, a cit\u00e9, ce 11 f\u00e9vrier 2011,\u00a0 le Dr Martin Luther King, s\u2019exprimant \u00e0 Accra, lors de l\u2019ind\u00e9pendance du Ghana, en avril 1957\u00a0: \u00ab\u00a0<em>il y a quelque chose de particulier dans l\u2019\u00e2me qui crie pour la libert\u00e9<\/em>\u00a0\u00bb.<\/span><\/p>\n<p><span style=\"color: #000000;\"><strong>Jean-Baptiste Placca<br \/>\n<\/strong>MFI<\/span><\/p>\n<hr \/>\n<p><span style=\"color: #008080;\"><em>* Published in print edition on 18 February 2011<\/em><\/span><\/p>\n","protected":false},"excerpt":{"rendered":"<p>Chronique de Jean-Baptiste Placca<\/p>\n","protected":false},"author":284,"featured_media":6560,"comment_status":"open","ping_status":"open","sticky":false,"template":"","format":"standard","meta":{"jetpack_post_was_ever_published":false,"_jetpack_newsletter_access":"","_jetpack_dont_email_post_to_subs":false,"_jetpack_newsletter_tier_id":0,"_jetpack_memberships_contains_paywalled_content":false,"_jetpack_memberships_contains_paid_content":false,"footnotes":"","jetpack_publicize_message":"","jetpack_publicize_feature_enabled":true,"jetpack_social_post_already_shared":false,"jetpack_social_options":{"image_generator_settings":{"template":"highway","default_image_id":0,"font":"","enabled":false},"version":2}},"categories":[28],"tags":[8477,23516,23515,19238],"class_list":["post-815","post","type-post","status-publish","format-standard","has-post-thumbnail","hentry","category-world-affairs","tag-ben-ali","tag-dr-martin-luther-king","tag-hosni-moubarak","tag-jean-baptiste-placca"],"jetpack_publicize_connections":[],"jetpack_featured_media_url":"https:\/\/i0.wp.com\/www.mauritiustimes.com\/mt\/wp-content\/uploads\/2016\/12\/MT-Logokk.jpg?fit=1200%2C880&ssl=1","jetpack_sharing_enabled":true,"jetpack_shortlink":"https:\/\/wp.me\/p8QzSF-d9","_links":{"self":[{"href":"https:\/\/www.mauritiustimes.com\/mt\/wp-json\/wp\/v2\/posts\/815","targetHints":{"allow":["GET"]}}],"collection":[{"href":"https:\/\/www.mauritiustimes.com\/mt\/wp-json\/wp\/v2\/posts"}],"about":[{"href":"https:\/\/www.mauritiustimes.com\/mt\/wp-json\/wp\/v2\/types\/post"}],"author":[{"embeddable":true,"href":"https:\/\/www.mauritiustimes.com\/mt\/wp-json\/wp\/v2\/users\/284"}],"replies":[{"embeddable":true,"href":"https:\/\/www.mauritiustimes.com\/mt\/wp-json\/wp\/v2\/comments?post=815"}],"version-history":[{"count":0,"href":"https:\/\/www.mauritiustimes.com\/mt\/wp-json\/wp\/v2\/posts\/815\/revisions"}],"wp:featuredmedia":[{"embeddable":true,"href":"https:\/\/www.mauritiustimes.com\/mt\/wp-json\/wp\/v2\/media\/6560"}],"wp:attachment":[{"href":"https:\/\/www.mauritiustimes.com\/mt\/wp-json\/wp\/v2\/media?parent=815"}],"wp:term":[{"taxonomy":"category","embeddable":true,"href":"https:\/\/www.mauritiustimes.com\/mt\/wp-json\/wp\/v2\/categories?post=815"},{"taxonomy":"post_tag","embeddable":true,"href":"https:\/\/www.mauritiustimes.com\/mt\/wp-json\/wp\/v2\/tags?post=815"}],"curies":[{"name":"wp","href":"https:\/\/api.w.org\/{rel}","templated":true}]}}