{"id":7825,"date":"2017-09-01T16:08:03","date_gmt":"2017-09-01T12:08:03","guid":{"rendered":"http:\/\/mauritiustimes.com\/mt\/?p=7825"},"modified":"2017-09-11T11:08:33","modified_gmt":"2017-09-11T07:08:33","slug":"si-jetais-a-la-place-de-berenger-je-vais-seul-aux-prochaines-elections-si-je-perds-je-gagne","status":"publish","type":"post","link":"https:\/\/www.mauritiustimes.com\/mt\/si-jetais-a-la-place-de-berenger-je-vais-seul-aux-prochaines-elections-si-je-perds-je-gagne\/","title":{"rendered":"\u00ab Si j&#8217;\u00e9tais \u00e0 la place de B\u00e9renger, je vais seul aux prochaines \u00e9lections. Si je perds, je gagne ! \u00bb"},"content":{"rendered":"<p style=\"text-align: center;\"><u><sup>Interview\u00a0: Jean Claude de l\u2019Estrac &#8212;\u00a0<\/sup><\/u><\/p>\n<h3 style=\"text-align: center;\"><sup>\u00ab\u00a0Un MMM r\u00e9invent\u00e9 peut retrouver une large part de son audience perdue. C\u2019est sa derni\u00e8re chance\u00a0\u00bb<\/sup><\/h3>\n<p><!--more--><\/p>\n<h4 style=\"text-align: center;\"><strong><em><sup>\u00ab\u00a0<\/sup><\/em><\/strong><em><sup>Que les partis s\u2019affrontent sans b\u00e9quilles. S\u2019il se trouve qu\u2019ils en auront besoin pour gouverner, le rapport de forces arbitrera. C\u2019est infiniment plus sain<strong>\u2026\u00a0\u00bb<\/strong><\/sup><\/em><\/h4>\n<h4 style=\"text-align: center;\"><strong><sup>* \u00ab\u00a0<\/sup><\/strong><sup>Navin Ramgoolam devrait se poser la question de savoir s\u2019il est le mieux plac\u00e9 pour assurer l\u2019avenir de son glorieux parti\u00a0\u00bb<\/sup><\/h4>\n<p><em><strong><sup>Les strat\u00e9gies politiques ne changent pas mais l\u2019\u00e9lectorat continue d\u2019\u00e9voluer. Les m\u00e9dias sont aux aguets pour traquer le talon d\u2019Achille des uns des autres tandis que les gouvernements d\u00e9ploient des strat\u00e9gies pour les amadouer. Aujourd\u2019hui, une entente calcul\u00e9e et une union pr\u00e9-\u00e9lectorale entre partis ne garantit plus la victoire aux \u00e9lections g\u00e9n\u00e9rales. Et qu\u2019en est-il des \u00e9lections partielles et de leur influence sur les partis en lice\u00a0? Notre invit\u00e9, Jean Claude de l\u2019Estrac, aborde ce sujet en s\u2019appuyant sur des exemples.<\/sup><\/strong><\/em><\/p>\n<p>&nbsp;<\/p>\n<p><strong><sup>Mauritius Times\u00a0: L\u2019\u00e9ch\u00e9ance du mercredi 20 septembre pour la publication du \u2018Writ of Election\u2019 au No.18 approche. Le temps que le Premier ministre met pour prendre une d\u00e9cision quant \u00e0 la participation ou non de l\u2019alliance gouvernementale traduit bien l\u2019embarras de Pravind Jugnauth eu \u00e9gard aux circonstances actuelles \u2013 assez d\u00e9licates, para\u00eet-il \u2013 pour son gouvernement. G\u00e9rer les cons\u00e9quences d\u2019une non-participation serait peut-\u00eatre<\/sup><\/strong><sup> <strong>plus facile qu\u2019une d\u00e9faite au No.18. Qu\u2019en pensez-vous\u00a0?<\/strong><\/sup><\/p>\n<p><strong><sup>Jean Claude de l\u2019Estrac\u00a0<\/sup><\/strong><sup>: Bien entendu\u00a0! Je pense m\u00eame que le Premier ministre a d\u00e9j\u00e0 pris sa d\u00e9cision. Il a tellement de raisons politiques pour justifier une non-participation de l\u2019Alliance gouvernementale. Il a d\u00fb mesurer les risques dans le cas contraire.<\/sup><\/p>\n<p><sup>S\u2019il d\u00e9cide, comme je le pense, de ne pas participer, l\u2019embarras change de camp. Je ne vois aucune probabilit\u00e9 d\u2019une candidature unique de l\u2019opposition car cela n\u2019a plus de sens sans une cible de la majorit\u00e9 gouvernementale. Du coup, l\u2019\u00e9lectorat de l\u2019opposition se dispersera. C\u2019est d\u2019ailleurs la seule raison qui pourrait inciter la majorit\u00e9 gouvernementale \u00e0 s\u2019aligner, mais Pravind n\u2019est pas Anerood, il ne prendra pas ce risque.<\/sup><\/p>\n<p><sup>Personnellement, je trouverais sain que les partis de l\u2019opposition aient l\u2019occasion de faire la d\u00e9monstration de leur force \u00e9lectorale. Le pays a int\u00e9r\u00eat de savoir si une alternance est vraiment d\u2019actualit\u00e9. <\/sup><\/p>\n<p><strong><sup>* Ceux qui ont particip\u00e9 activement aux campagnes \u00e9lectorales soutiennent que les \u00e9lections \u2013 pas toutes mais certaines du moins \u2013 ne sont souvent gagn\u00e9es qu\u2019\u00e0 la veille du jour du scrutin. Les choses vous paraissent-elles claires en ce qui concerne le No. 18 au vu de l\u2019\u00e9tat de l\u2019opposition parlementaire et extra-parlementaire\u00a0?<\/sup><\/strong><\/p>\n<p><sup>C\u2019est un mythe<strong>\u00a0! <\/strong>Ce qui est vrai, c\u2019est qu\u2019un pourcentage significatif de l\u2019\u00e9lectorat n\u2019a pas vraiment d\u2019affiliations politiques, il se d\u00e9cide au dernier moment en fonction de la direction du vent<strong>. <\/strong>Et il fait les \u00e9lections. C\u2019est la raison pour laquelle les strat\u00e9gies de management des campagnes \u00e9lectorales consistent surtout \u00e0 faire la d\u00e9monstration de sa force. <\/sup><\/p>\n<p><sup>Le plus souvent, lors des \u00e9lections nationales, le parti qui appara\u00eet pouvoir occuper l\u2019h\u00f4tel du gouvernement, gagne. Le symbole de beaucoup d\u2019\u00e9lecteurs, c\u2019est l\u2019h\u00f4tel du gouvernement. Il y a des exceptions, les derni\u00e8res l\u00e9gislatives, par exemple !<\/sup><\/p>\n<p><sup>Pour des partielles, m\u00eame si ce r\u00e9flexe existe, d\u2019autres consid\u00e9rations interviennent, comme le poids du candidat. <\/sup><\/p>\n<p><strong><sup>* Vous allez sans doute me dire qu\u2019en ce qui concerne 2019, \u00ab\u00a0that\u2019s a long shot\u00a0\u00bb. Mais les choses sont-elles aussi floues qu\u2019on le pense\u00a0?<\/sup><\/strong><\/p>\n<p><sup>Totalement\u00a0! On verra plus clair dans un an. Au fait, malgr\u00e9 la perception d\u2019un affaiblissement \u00e9lectoral du MMM &#8211; sans doute ce n\u2019est pas qu\u2019une perception &#8211; paradoxalement, c\u2019est le MMM qui d\u00e9tient la cl\u00e9 des prochaines \u00e9lections. S\u2019il maintient sa d\u00e9cision annonc\u00e9e de ne pas voler au secours ni de Jugnauth ni de Ramgoolam, et de se pr\u00e9senter seul, il offrira au pays l\u2019occasion d\u2019une clarification politique que nous n\u2019avons pas connue depuis 1976. Que les partis s\u2019affrontent sans b\u00e9quilles. S\u2019il se trouve qu\u2019ils en auront besoin pour gouverner, le rapport de forces arbitrera. C\u2019est infiniment plus sain.<\/sup><\/p>\n<p><strong><sup>* Le leader de l\u2019alliance MSM-ML dispose th\u00e9oriquement de 30 mois avant les prochaines l\u00e9gislatives pour essayer de renverser la vapeur. L\u2019opposition reste divis\u00e9e, donc moins redoutable et efficace\u00a0pour contrer le pouvoir en place. Le PM cherche pr\u00e9sentement \u00e0 am\u00e9liorer ses relations avec la presse, son adversaire principal. Le leader du PTr conna\u00eet, lui aussi, des tracasseries avec la justice, et la situation sur le plan \u00e9conomique n\u2019est pas si grave m\u00eame si elle n\u2019est pas florissante. S\u2019il r\u00e9ussit \u00e0 surmonter l\u2019obstacle de l\u2019affaire MedPoint devant le Privy Council, il ne manquera \u00e0 Pravind Jugnauth qu\u2019une \u00ab\u00a0bonne\u00a0\u00bb alliance pour envisager 2019 avec optimisme. Qu\u2019en pensez-vous\u00a0?<\/sup><\/strong><\/p>\n<p><sup>Oui, mais avec qui\u00a0? Une alliance MSM-PTr n\u2019a pas de sens \u00e9lectoral. Dans notre syst\u00e8me, l\u2019alliance, c\u2019est le principe des cinq sous manquants pour faire la roupie. C\u2019est ce qu\u2019a \u00e9t\u00e9 souvent le MMM, parfois le PMSD. B\u00e9renger, dont c\u2019est sans doute la derni\u00e8re campagne \u00e9lectorale, \u2013 je ne crois pas qu\u2019il r\u00eave d\u2019\u00eatre mentor \u2013 a une grande occasion de r\u00e9tablir sa cr\u00e9dibilit\u00e9 personnelle et d\u2019assurer la p\u00e9rennit\u00e9 d\u2019un MMM d\u00e9vitalis\u00e9 aujourd\u2019hui par trop de compromis. A sa place, je vais seul aux prochaines \u00e9lections. Si je perds, je gagne\u00a0!<\/sup><\/p>\n<p><sup>Quant aux bisbilles avec la presse, il ne faut pas en faire un plat. Les relations presse-pouvoir sont consubstantiellement conflictuelles. Il en sera toujours ainsi. J\u2019aime citer Sydney Jacobson, ancien pr\u00e9sident d\u2019une groupe de presse britannique qui est devenu, par la suite, membre de la Chambre des Lords et qui disait lors d\u2019un d\u00e9bat\u00a0: <em>\u00ab\u00a0My Lords, relations between politicians or the State and the Press have deteriorated, are deteriorating, and should on no account be allowed to&#8230; improve ! \u00bb<\/em><\/sup><\/p>\n<p><sup>Nous pouvons \u00eatre tranquilles, les relations ne vont pas s\u2019am\u00e9liorer\u00a0! Mais si j\u2019ai un conseil \u00e0 offrir au <em>Media Trust<\/em>, il devrait rapidement remettre sur la table le rapport de Ken Morgan, ancien pr\u00e9sident de la <em>British Press Complaints Commission<\/em> que j\u2019avais fait venir \u00e0 Maurice en 1999 &#8211; j\u2019\u00e9tais alors pr\u00e9sident du Media Trust &#8211; pour aider \u00e0 mettre sur pied une instance d\u2019autor\u00e9gulation de la presse. Je n\u2019ai pas \u00e9t\u00e9 suivi mais son rapport est plus que jamais d\u2019actualit\u00e9.<\/sup><\/p>\n<p><strong><sup>* Pour revenir \u00e0 Paul B\u00e9renger, il voudra s\u00fbrement mettre fin \u00e0 la travers\u00e9e du d\u00e9sert de son parti qui dure depuis 12 ann\u00e9es d\u00e9j\u00e0, et c\u2019est probablement aussi le souhait des militants. Voyez-vous les conditions r\u00e9unies autour de 2019 pour qu\u2019il r\u00e9ussisse tout seul ce qui lui a \u00e9chapp\u00e9 depuis toujours ou lui faudra-t-il trouver une nouvelle \u00ab\u00a0winning formula\u00a0\u00bb pour r\u00e9ussir cela\u00a0?<\/sup><\/strong><\/p>\n<p><sup>C\u2019est tout le dilemme du MMM. Le pouvoir \u00e0 tout prix &#8212; souvent des miettes du pouvoir \u2013 ou la r\u00e9affirmation d\u2019un id\u00e9al politique, de la promotion des valeurs, de l\u2019expression d\u2019une intransigeance orgueilleuse. Cela dit, un MMM r\u00e9invent\u00e9, au programme revisit\u00e9 par l\u2019exp\u00e9rience du pouvoir, repr\u00e9sent\u00e9 par des cadres promus en fonction de leurs comp\u00e9tences propres \u2013 si le bureau politique voit ce que j\u2019entends &#8212; peut retrouver une large part de son audience perdue. C\u2019est sa derni\u00e8re chance.<\/sup><\/p>\n<p><strong><sup>* On disait, il y a quelques semaines, qu\u2019\u00e0 un certain moment, Paul B\u00e9renger lui-m\u00eame semblait frustr\u00e9 du fait que Pravind Jugnauth n\u2019arrivait pas \u00e0 se d\u00e9barrasser de tous ceux dont les noms sont cit\u00e9s devant\u00a0la commission d\u2019enqu\u00eate sur la drogue et qu\u2019un \u2018Remake MMM-MSM\u2019 devenait compliqu\u00e9 dans ces circonstances. Mais voil\u00e0 que Pravind Jugnauth va \u00e0 la rencontre du d\u00e9put\u00e9 MMM Aadil Meea dans un couloir d\u2019une cuisine de l\u2019h\u00f4tel Le M\u00e9ridien. Pouvez-vous imaginer Meea discuter avec le leader du MSM sans l\u2019approbation de la direction de son parti\u00a0?<\/sup><\/strong><\/p>\n<p><sup>J\u2019ai encore du mal \u00e0 penser que les choses se sont effectivement pass\u00e9es ainsi. B\u00e9renger donne l\u2019impression d\u2019y croire. Si c\u2019est vrai, je pense que B\u00e9renger n\u2019aurait jamais accept\u00e9 cette clownerie. Si c\u2019est vrai, Meeah \u00e9tait bien dans une mission personnelle\u2026<\/sup><\/p>\n<p><strong><sup>* En ce qui concerne l\u2019intention, annonc\u00e9e par Paul B\u00e9renger et ses proches collaborateurs depuis des mois d\u00e9j\u00e0, que le MMM se pr\u00e9sente seul devant l\u2019\u00e9lectorat lors des prochaines l\u00e9gislatives et lui-m\u00eame comme candidat au poste de Premier ministre, c\u2019est probablement aussi le souhait d\u2019une grande majorit\u00e9 des militants. Mais, pour avoir connu et travaill\u00e9 aux c\u00f4t\u00e9s de Paul B\u00e9renger, le voyez-vous capable de surmonter les obstacles auxquels il a d\u00fb faire face dans le pass\u00e9 ?<\/sup><\/strong><\/p>\n<p><sup>On sait bien que ce n\u2019est pas son premier choix. Mais pour avoir \u00e9puis\u00e9 ses options \u00e9lectorales, et constater les d\u00e9g\u00e2ts pour lui-m\u00eame et pour le MMM, je crois qu\u2019il voudra offrir aux militants qui le soutiennent encore, une chance de retrouver leur dignit\u00e9 perdue. Nous arrivons tous \u00e0 un moment o\u00f9 nous devons comprendre que notre histoire est derri\u00e8re nous. Et c\u2019est aussi le moment, o\u00f9 lib\u00e9r\u00e9 de tout projet personnel, nous pouvons donner le meilleur de nous-m\u00eames. B\u00e9renger est arriv\u00e9 \u00e0 cette crois\u00e9e. <\/sup><\/p>\n<p><strong><sup>* Par ailleurs, le Parti travailliste reste en \u00ab\u00a0stand-by mode\u00a0\u00bb en attendant que les choses se clarifient en ce qui concerne les affaires de son leader devant les cours de justice. Estimez-vous que le PTr doit d\u00e8s \u00e0 pr\u00e9sent travailler sur un Plan B\u00a0?<\/sup><\/strong><\/p>\n<p><strong><sup>\u00a0<\/sup><\/strong><sup>Au fait un Plan A\u00a0! <\/sup><\/p>\n<p><sup>Pas du tout pour les m\u00eames raisons, Navin Ramgoolam devrait \u00e9galement se poser la question de savoir s\u2019il est le mieux plac\u00e9 pour assurer l\u2019avenir de son glorieux parti. Oui, les Ramgoolam ont \u00e9t\u00e9 l\u2019\u00e2me d\u2019un parti que l\u2019\u00e9lectorat travailliste assimile presque \u00e0 un mouvement de lib\u00e9ration. Quand on connait l\u2019Histoire, on comprend parfaitement cette filiation. Mais l\u2019image est terriblement ab\u00eem\u00e9e aujourd\u2019hui. Irr\u00e9m\u00e9diablement\u00a0? Je ne suis pas pr\u00eat \u00e0 le dire, des ann\u00e9es de <em>campaign management<\/em> m\u2019ont enseign\u00e9 que l\u2019\u00e9lectorat ne vote pas pour, il vote syst\u00e9matiquement contre. On peut comprendre que Ramgoolam ne jette pas l\u2019\u00e9ponge\u2026<\/sup><\/p>\n<p><strong><sup>\u00a0<\/sup><\/strong><strong><sup>* Il se pourrait que le MSM doive aussi songer \u00e0 revoir ses strat\u00e9gies et trouver un Plan B au cas o\u00f9 le Privy Council se montrerait intransigeant dans l\u2019interpr\u00e9tation de la loi par rapport aux conflits d\u2019int\u00e9r\u00eat\u00a0?<\/sup><\/strong><\/p>\n<p><sup>Je n\u2019ai pas le sentiment que l\u2019affaire sera d\u00e9termin\u00e9e avant les prochaines l\u00e9gislatives.<\/sup><\/p>\n<p><sup>\u00a0<\/sup><strong><sup>* Croyez-vous que les projets de d\u00e9veloppement en cours seront susceptibles de redorer le blason du Gouvernement avant les \u00e9lections\u00a0?<\/sup><\/strong><\/p>\n<p><strong><sup>\u00a0<\/sup><\/strong><sup>D\u2019abord, reconnaissons que le Gouvernement ne ch\u00f4me pas<strong>. <\/strong>Beaucoup de projets en cours \u2013 certains \u00e9labor\u00e9s sous l\u2019ancien gouvernement \u2013 participent \u00e0 la modernisation du pays. Je reste persuad\u00e9 qu\u2019ils sont des facteurs de croissance \u00e9conomique. La modernisation du r\u00e9seau de transport en commun avec l\u2019arriv\u00e9e du syst\u00e8me de train l\u00e9ger, dont on a parl\u00e9 pour la premi\u00e8re fois officiellement en 1976\u00a0!, en est un. Cela ne se fera pas sans casse, c\u2019est certain, comme cela s\u2019est pass\u00e9 partout dans le monde, mais les avantages \u00e0 long terme sont ind\u00e9niables. <\/sup><\/p>\n<p><sup>Est-ce que ce sera suffisant pour assurer un retour en gr\u00e2ce de l\u2019Alliance Lepep\u00a0? C\u2019est trop t\u00f4t pour le dire. <\/sup><\/p>\n<p><sup>\u00a0<\/sup><strong><sup>* Vous-m\u00eames, vous \u00eates maintenant impliqu\u00e9 dans la r\u00e9alisation de certains de ces projets, en tout cas \u00e0 Port Louis, en tant que CEO de la <em>Port Louis Development Initiative, <\/em>on ne vous attendait pas dans cette fonction\u00a0?<\/sup><\/strong><\/p>\n<p><sup>Moi non plus\u00a0! J\u2019ai trouv\u00e9 fabuleux ce projet de r\u00e9g\u00e9n\u00e9ration de Port-Louis. J\u2019imagine que les promoteurs de la PLDI ont souhait\u00e9 b\u00e9n\u00e9fici\u00e9 de mon exp\u00e9rience d\u2019ancien maire &#8211; malgr\u00e9 toutes les fonctions que j\u2019ai occup\u00e9es ces derni\u00e8res ann\u00e9es, j\u2019ai l\u2019impression que je suis rest\u00e9 l\u2019ancien maire de Beau-Bassin Rose-Hill. Je m\u2019en r\u00e9jouis, la ville c\u2019est un pays. Et Port-Louis est au seuil d\u2019un renouveau qui fera honneur aux Mauriciens. C\u2019est mon bonheur d\u2019y participer.<\/sup><\/p>\n<p>&nbsp;<\/p>\n<ul>\n<li>Published in print edition on 1 September 2017<\/li>\n<\/ul>\n","protected":false},"excerpt":{"rendered":"<p>Interview\u00a0: Jean Claude de l\u2019Estrac &#8212;\u00a0 \u00ab\u00a0Un MMM r\u00e9invent\u00e9 peut retrouver une large part de son audience perdue. C\u2019est sa derni\u00e8re chance\u00a0\u00bb<\/p>\n","protected":false},"author":1,"featured_media":7826,"comment_status":"open","ping_status":"open","sticky":false,"template":"","format":"standard","meta":{"jetpack_post_was_ever_published":false,"_jetpack_newsletter_access":"","_jetpack_dont_email_post_to_subs":false,"_jetpack_newsletter_tier_id":0,"_jetpack_memberships_contains_paywalled_content":false,"_jetpack_memberships_contains_paid_content":false,"footnotes":"","jetpack_publicize_message":"","jetpack_publicize_feature_enabled":true,"jetpack_social_post_already_shared":true,"jetpack_social_options":{"image_generator_settings":{"template":"highway","default_image_id":0,"font":"","enabled":false},"version":2}},"categories":[32,6],"tags":[3944,610,136,3943,1191,3942,53,3940,50,48,788,3941],"class_list":["post-7825","post","type-post","status-publish","format-standard","has-post-thumbnail","hentry","category-interviews","category-latest-news","tag-aadil-meea","tag-affaire-medpoint","tag-alliance-lepep","tag-british-press-complaints-commission","tag-interview-jean-claude-de-lestrac","tag-ken-morgan","tag-msm-ml","tag-msm-ptr","tag-navin-ramgoolam","tag-pravind-jugnauth","tag-privy-council","tag-sydney-jacobson"],"jetpack_publicize_connections":[],"jetpack_featured_media_url":"https:\/\/i0.wp.com\/www.mauritiustimes.com\/mt\/wp-content\/uploads\/2017\/09\/Je.jpg?fit=1200%2C553&ssl=1","jetpack_sharing_enabled":true,"jetpack_shortlink":"https:\/\/wp.me\/p8QzSF-22d","_links":{"self":[{"href":"https:\/\/www.mauritiustimes.com\/mt\/wp-json\/wp\/v2\/posts\/7825","targetHints":{"allow":["GET"]}}],"collection":[{"href":"https:\/\/www.mauritiustimes.com\/mt\/wp-json\/wp\/v2\/posts"}],"about":[{"href":"https:\/\/www.mauritiustimes.com\/mt\/wp-json\/wp\/v2\/types\/post"}],"author":[{"embeddable":true,"href":"https:\/\/www.mauritiustimes.com\/mt\/wp-json\/wp\/v2\/users\/1"}],"replies":[{"embeddable":true,"href":"https:\/\/www.mauritiustimes.com\/mt\/wp-json\/wp\/v2\/comments?post=7825"}],"version-history":[{"count":0,"href":"https:\/\/www.mauritiustimes.com\/mt\/wp-json\/wp\/v2\/posts\/7825\/revisions"}],"wp:featuredmedia":[{"embeddable":true,"href":"https:\/\/www.mauritiustimes.com\/mt\/wp-json\/wp\/v2\/media\/7826"}],"wp:attachment":[{"href":"https:\/\/www.mauritiustimes.com\/mt\/wp-json\/wp\/v2\/media?parent=7825"}],"wp:term":[{"taxonomy":"category","embeddable":true,"href":"https:\/\/www.mauritiustimes.com\/mt\/wp-json\/wp\/v2\/categories?post=7825"},{"taxonomy":"post_tag","embeddable":true,"href":"https:\/\/www.mauritiustimes.com\/mt\/wp-json\/wp\/v2\/tags?post=7825"}],"curies":[{"name":"wp","href":"https:\/\/api.w.org\/{rel}","templated":true}]}}