{"id":629,"date":"2010-11-12T07:29:41","date_gmt":"2010-11-12T07:29:41","guid":{"rendered":"http:\/\/mauritiustimes.com\/mt\/2010\/11\/12\/v-bhardwaj-4\/"},"modified":"2020-05-05T18:22:29","modified_gmt":"2020-05-05T14:22:29","slug":"v-bhardwaj-4","status":"publish","type":"post","link":"https:\/\/www.mauritiustimes.com\/mt\/v-bhardwaj-4\/","title":{"rendered":"Labour Market Flexibility: Soft and Hard Constraints\u00a0"},"content":{"rendered":"<p><span style=\"color: #000080;\"><strong>By V. Bhardwaj<\/strong><\/span><!--more--><\/p>\n<p><span style=\"color: #000000;\">In the context of the debate going on the issue of the <\/span>Tripartite National Forum, <span style=\"color: #000000;\">the chief editor of <em>l\u2019express<\/em> gratified us with a beautiful piece titled \u201cR\u00e9formiste\u201d on the reform of the labour market and the issue of flexibility.<\/span><\/p>\n<p><span style=\"color: #000000;\">It is claimed that the new labour laws adopted in 2009 have added flexibility to the labour market and have helped to improve the business climate and our ranking in the World Bank\u2019s <em>Doing Business Index<\/em>. This is further supported by the arguments that \u00ab\u2026<em>les r\u00e8glements r\u00e9gissant les licenciements nuisent \u00e0 la croissance et la cr\u00e9ation d\u2019emplois. Face \u00e0 une l\u00e9gislation contraignante, les entrepreneurs jouent la prudence et refusent de prendre des risques. S\u2019ils n\u2019ont pas la garantie de pouvoir \u00ab\u00a0hire and fire\u00a0\u00bb selon la situation de leurs entreprises, ils h\u00e9sitent \u00e0 embaucher quand les affaires vont bien<\/em>.\u00a0\u00bb<\/span><\/p>\n<p><span style=\"color: #000000;\">Without being adherents to the status quo, we do not fully subscribe to this general neo-liberal statement that can be extended to mean that the necessary and sufficient precondition for an optimal creation of jobs in the Mauritian economy is a flexible labour market. I think that it is too early to start claiming, without much of evidence, about the relative inefficiency of our welfare state labour market institutions and the superiority of the hire and fire employment laws with a logic that lacks sufficient basis. The removal of the soft constraints &#8212; the policy and regulatory environment of the labour market &#8212; for a more flexible labour market policy is not, on its own, the solution to our unemployment problems. The \u201cflexibility\u201d argument is the new conventional wisdom but it remains controversial with many economists who want to explore some of the assumptions behind the case for flexibility and clear the ground for more sophisticated discussions about the roots of strong labour market performance rather than generalized statements.<\/span><\/p>\n<p><span style=\"color: #000000;\">For far too long the proponents of a crude model of flexibility have had the best of the argument \u2013 even though an accumulating body of research suggests that rather different policy packages can produce equally good results. The relative success of the Nordic countries, the Netherlands and Austria in keeping unemployment low is inexplicable when viewed through a standard neo-liberal lens. All these countries have higher taxes than the UK and the USA, larger states, more extensive welfare systems, strong trade unions, moderately tough employment laws and extensive coverage of collective bargaining. It is important to understand these rather simple and straightforward facts. The \u201cEuropean\u201d story is not simply a tale of high unemployment in France and Germany. Nor is it a story of widespread deregulation leading to better employment performance. For example, in our case, prior to 2009, despite the relatively rigid labour legislation, the active labour market programmes for displaced workers from the sugar and textile sectors, SME development and incentives to boost placement of labour force entrants were critical in boosting employment creation.<\/span><\/p>\n<p><span style=\"color: #000000;\">For more evidence a summary indicator like the location of the &#8220;Beveridge Curve&#8221; may help. [<em>The Beveridge Curve is the (negatively sloped) relation between the vacancy rate (the number of unfilled jobs expressed as a proportion of the labour force) and the unemployment rate (the number of unemployed job-seekers expressed as a proportion of the labour force<\/em>).] Labour-market rigidities (including skill mismatches) are precisely what allow vacancies and unemployment to coexist, and the more rigidities there are, the further the Beveridge Curve diverges from the limiting, unachievable case of perfect flexibility. Studies carried out by some of our local researchers have failed so far to show any marked degree of rigidity in our national market, that is by how far the Beveridge Curve is from the limiting case.<\/span><\/p>\n<p><span style=\"color: #000000;\">A recent International Labour Organization study has argued that reducing employers&#8217; responsibility to provide job security inevitably ends up imposing new tasks on the State, which must provide stronger and wider social safety nets to take care of the unemployed workers. True labour flexibility must be based on worker versatility: the workers must possess a variety of skills, so that they are qualified to change jobs with the changing economy. Building those skills requires time, and creating the worker versatility that can provide true labour flexibility must be a continual process. Has the National Empowerment Foundation and the \u201c<em>24\/7<\/em>\u201d HRDC been able to assume this huge responsibility? NO.<\/span><\/p>\n<p><span style=\"color: #000000;\">There has been no spending on the retraining of workers in the declining industries such that they acquire the required skills to become employable in new sectors. The Empowerment Programme has not delivered in addressing skills shortages and labour market mismatches in the low end of the market; it is just a <em>paravent<\/em> for the private sector, ensuring that their labour search costs are minimized and that their short-term labour needs are subsided by government, especially in the ICT market. We need a more comprehensive programme of human capital formation that transcends short-termism and is supplemented by tackling the hard constraints, that is by:<\/span><br \/>\n<span style=\"color: #000000;\">a) appropriate reforms in the education sector to tackle the bottlenecks in primary and secondary education, vocational training and career and the upgrading of skills in Mathematics and Sciences;<\/span><br \/>\n<span style=\"color: #000000;\">b) ensuring the creation of linkages between the education and training systems and the responsiveness of training to the changing demand of the market and the needs of the economy;<\/span><br \/>\n<span style=\"color: #000000;\">c) promoting the acquisition of higher skills for the upper end of the labour market, for new technologies and new emerging sectors, and<\/span><br \/>\n<span style=\"color: #000000;\">d) enforcing a culture of training and lifelong learning at individual, organisational and national levels for enhancing employability and increasing productivity, and providing the necessary skill base and human resource thrust for successful transformation of Mauritius into a Knowledge Economy.<\/span><\/p>\n<hr \/>\n<p><span style=\"color: #008080;\"><em>* Published in print edition on <\/em><em>12 November 2010<\/em><\/span><\/p>\n","protected":false},"excerpt":{"rendered":"<p>By V. Bhardwaj<\/p>\n","protected":false},"author":160,"featured_media":6560,"comment_status":"open","ping_status":"open","sticky":false,"template":"","format":"standard","meta":{"jetpack_post_was_ever_published":false,"_jetpack_newsletter_access":"","_jetpack_dont_email_post_to_subs":false,"_jetpack_newsletter_tier_id":0,"_jetpack_memberships_contains_paywalled_content":false,"_jetpack_memberships_contains_paid_content":false,"footnotes":"","jetpack_publicize_message":"","jetpack_publicize_feature_enabled":true,"jetpack_social_post_already_shared":false,"jetpack_social_options":{"image_generator_settings":{"template":"highway","default_image_id":0,"font":"","enabled":false},"version":2}},"categories":[3969],"tags":[601,24383,2994,4703,7242,23250,16513,24381,7748,24380,20468,24382],"class_list":["post-629","post","type-post","status-publish","format-standard","has-post-thumbnail","hentry","category-business-economy","tag-empowerment-programme","tag-hrdc","tag-international-labour-organization","tag-knowledge-economy","tag-labour-market","tag-labour-market-flexibility","tag-national-empowerment-foundation","tag-reformiste","tag-sme","tag-tripartite-national-forum","tag-v-bhardwaj","tag-world-banks"],"jetpack_publicize_connections":[],"jetpack_featured_media_url":"https:\/\/i0.wp.com\/www.mauritiustimes.com\/mt\/wp-content\/uploads\/2016\/12\/MT-Logokk.jpg?fit=1200%2C880&ssl=1","jetpack_sharing_enabled":true,"jetpack_shortlink":"https:\/\/wp.me\/p8QzSF-a9","_links":{"self":[{"href":"https:\/\/www.mauritiustimes.com\/mt\/wp-json\/wp\/v2\/posts\/629","targetHints":{"allow":["GET"]}}],"collection":[{"href":"https:\/\/www.mauritiustimes.com\/mt\/wp-json\/wp\/v2\/posts"}],"about":[{"href":"https:\/\/www.mauritiustimes.com\/mt\/wp-json\/wp\/v2\/types\/post"}],"author":[{"embeddable":true,"href":"https:\/\/www.mauritiustimes.com\/mt\/wp-json\/wp\/v2\/users\/160"}],"replies":[{"embeddable":true,"href":"https:\/\/www.mauritiustimes.com\/mt\/wp-json\/wp\/v2\/comments?post=629"}],"version-history":[{"count":0,"href":"https:\/\/www.mauritiustimes.com\/mt\/wp-json\/wp\/v2\/posts\/629\/revisions"}],"wp:featuredmedia":[{"embeddable":true,"href":"https:\/\/www.mauritiustimes.com\/mt\/wp-json\/wp\/v2\/media\/6560"}],"wp:attachment":[{"href":"https:\/\/www.mauritiustimes.com\/mt\/wp-json\/wp\/v2\/media?parent=629"}],"wp:term":[{"taxonomy":"category","embeddable":true,"href":"https:\/\/www.mauritiustimes.com\/mt\/wp-json\/wp\/v2\/categories?post=629"},{"taxonomy":"post_tag","embeddable":true,"href":"https:\/\/www.mauritiustimes.com\/mt\/wp-json\/wp\/v2\/tags?post=629"}],"curies":[{"name":"wp","href":"https:\/\/api.w.org\/{rel}","templated":true}]}}