{"id":611,"date":"2010-10-29T07:15:21","date_gmt":"2010-10-29T07:15:21","guid":{"rendered":"http:\/\/mauritiustimes.com\/mt\/2010\/10\/29\/krj-yash-16\/"},"modified":"2020-05-06T09:50:46","modified_gmt":"2020-05-06T05:50:46","slug":"krj-yash-16","status":"publish","type":"post","link":"https:\/\/www.mauritiustimes.com\/mt\/krj-yash-16\/","title":{"rendered":"\u2018Maurice Ile Durable\u2019 au c\u0153ur du prochain budget\u00a0"},"content":{"rendered":"<p style=\"text-align: center;\"><span style=\"color: #000000;\">\u00a0<em><u>Ce qui compte<\/u><\/em><u> vraiment\u2026 <\/u><\/span><!--more--><\/p>\n<p style=\"text-align: center;\"><span style=\"color: #000000;\"><em>Premi\u00e8rement<\/em><\/span><\/p>\n<p><span style=\"color: #000080;\"><strong>By KRJ Yash<\/strong><\/span><\/p>\n<p><span style=\"color: #000000;\">Le ministre des Finances le sait mieux que quiconque, les revenus de l\u2019Etat fondent comme neige au soleil alors que les d\u00e9penses augmentent. Les pseudo-\u00e9conomistes demandent la taxation des flux financiers\u00a0! Allez faire comprendre cela \u00e0 ceux de l\u2019offshore et \u00e0 ceux qui jouent sur la toute nouvelle GBOT\u00a0!<\/span><\/p>\n<p><span style=\"color: #000000;\">La facture \u00e9nerg\u00e9tique du pays avale une part importante des revenus de l\u2019Etat. Les embouteillages de nos routes occasionnent des gaspillages, nos moteurs tournent alors que nous \u00ab\u00a0bouge fixe\u00a0\u00bb, la plupart de nos appareils \u00e9lectriques restent en mode veille pour nous \u00e9viter d\u2019avoir \u00e0 r\u00e9gler l\u2019heure et la date \u00e0 chaque fois, les bus climatis\u00e9s le sont tellement que les passagers prennent froid et doivent aller voir le m\u00e9decin en descendant.<\/span><\/p>\n<p><span style=\"color: #000000;\">La conscience de l\u2019Eco-citoyen mauricien doit encore se d\u00e9velopper tout comme un site\u00a0web pour soutenir le concept et \u00e9clairer les citoyens. Pour l\u2019instant une recherche sur Google de \u2018Maurice Ile Durable\u2019 vous renvoie \u00e0 : <strong>http:\/\/www.maurice-ile-durable.com<\/strong>, une adresse enregistr\u00e9e par GANDI SAS. Si vous avez eu la curiosit\u00e9 de vous y aventurer, vous tombez sur une photo de trois \u00e9oliennes suivie d\u2019une annonce laconique\u00a0: \u00ab\u00a0Le site est en cours de migration et sera bient\u00f4t en ligne.\u00a0\u00bb<\/span><\/p>\n<p><span style=\"color: #000000;\">Ce n\u2019est pas \u00e9vident de pr\u00e9senter un budget \u00e0 trois mois des \u00e9lections municipales en sachant que les villes ont une l\u00e9g\u00e8re pr\u00e9f\u00e9rence pour l\u2019opposition, si on se base sur les r\u00e9sultats des derni\u00e8res \u00e9lections g\u00e9n\u00e9rales. D\u2019un autre c\u00f4t\u00e9 Paul B\u00e9renger a fait monter les ench\u00e8res en ajoutant sur sa \u00ab\u00a0shopping list\u00a0\u00bb\u00a0la r\u00e9introduction des abattements fiscaux pour ceux qui ont des enfants qui \u00e9tudient \u00e0 l\u2019\u00e9tranger et les abattements fiscaux sur les int\u00e9r\u00eats des pr\u00eats de ceux qui font l\u2019effort de s\u2019endetter pour acheter ou construire leur maison.<\/span><\/p>\n<p><span style=\"color: #000000;\">Je trouve ces deux propositions valables car, en r\u00e9fl\u00e9chissant bien, ceux qui financent les \u00e9tudes de leurs enfants, lib\u00e8rent l\u2019Etat du financement de leur \u00e9ducation gratuite. Ceux qui s\u2019endettent pour se loger ne deviendront pas des \u00ab\u00a0squatters\u00a0\u00bb ou \u00e9viteront \u00e0 l\u2019Etat le co\u00fbt de leur \u00ab\u00a0donner\u00a0\u00bb un logement.<\/span><\/p>\n<p><span style=\"color: #000000;\">L\u2019objectif m\u00eame du concept \u2018Maurice, Ile Durable\u2019 est de ma\u00eetriser la demande de l\u2019\u00e9nergie, de produire de l\u2019\u00e9lectricit\u00e9 \u00e0 partir de sources renouvelables telles que la bagasse et de r\u00e9duire le gaspillage de l\u2019\u00e9nergie dans l\u2019\u00eele. Outre l\u2019accroissement de la production hydro\u00e9lectrique, le projet devait aussi permettre la production d\u2019\u00e9lectricit\u00e9 \u00e0 partir de la combustion des d\u00e9chets m\u00e9nagers.<\/span><\/p>\n<p><span style=\"color: #000000;\">Si les promoteurs de centrale \u00e9lectrique bas\u00e9e sur la combustion des d\u00e9chets m\u00e9nagers n\u2019ont pas eu beaucoup de succ\u00e8s jusqu&#8217;\u00e0 pr\u00e9sent, nous attendons toujours les actions du gouvernement visant \u00e0 encourager tous les Mauriciens \u00e0 produire leur propre \u00e9lectricit\u00e9 avec des panneaux photovolta\u00efques.<\/span><\/p>\n<p><span style=\"color: #000000;\">Souhaitons que le nouveau gouvernement ne limite pas le concept \u2018Maurice, Ile Durable\u2019 \u00e0 seulement des facilit\u00e9s bancaires pour l\u2019achat de chauffe-eau solaires et la distribution d\u2019ampoules \u00e0 faible consommation d\u2019\u00e9lectricit\u00e9.\u00a0\u00a0<\/span><\/p>\n<p style=\"text-align: center;\"><strong><span style=\"color: #000000;\"><em>Deuxi\u00e8mement<\/em><\/span><\/strong><\/p>\n<h4 style=\"text-align: center;\"><span style=\"color: #000000;\"><strong>Rions de bon c\u0153ur avec Jocelyn<\/strong>\u00a0<\/span><\/h4>\n<p><span style=\"color: #000000;\">L\u2019humoriste Philippe Bouvard a dit ceci \u00e0 propos des pr\u00eatres\u00a0: \u00ab\u00a0Les pr\u00eatres sont comme les politiciens : ils continuent \u00e0 traiter les fid\u00e8les comme des enfants ou comme des irresponsables.\u00a0\u00bb<\/span><\/p>\n<p><span style=\"color: #000000;\">Une fois de plus, notre beau pays arrive \u00e0 mieux faire que le reste du monde entier. Nous, nous avons un bon chanteur, pr\u00eatre \u00e0 ses heures perdues, et politicien quand sa sant\u00e9 le lui permet.<\/span><\/p>\n<p><span style=\"color: #000000;\">Il avait donn\u00e9 comme consigne \u00e0 ses fid\u00e8les de voter avec leur c\u0153ur lors de la derni\u00e8re joute \u00e9lectorale pour les envoyer dans l\u2019opposition en scandant avec ses partisans <em>\u00ab\u00a0Nou pa d\u00e9mon nou, nou zefans Bon Di\u00e9\u00a0\u00bb.<\/em><\/span><\/p>\n<p><span style=\"color: #000000;\">Est-ce que Jocelyn nous prend pour des imb\u00e9ciles, des enfants ou des irresponsables,\u00a0quand il dit ne pas avoir donn\u00e9 de consigne de vote ?\u00a0<\/span><\/p>\n<h4 style=\"text-align: center;\"><span style=\"color: #000000;\"><em>Troisi\u00e8mement<\/em><\/span><\/h4>\n<h4 style=\"text-align: center;\"><span style=\"color: #000000;\"><strong>Valayden\u00a0: Le \u2018Rama\u2019 du MMM\u2026<\/strong><\/span><\/h4>\n<p><span style=\"color: #000000;\">Rama Valayden serait-il toujours courtis\u00e9 par le MMM malgr\u00e9 le d\u00e9menti de B\u00e9renger\u00a0?<\/span><\/p>\n<p><span style=\"color: #000000;\">Des membres influents au MMM sont d\u2019avis que Rama Valayden repr\u00e9senterait un atout consid\u00e9rable pour le parti mauve. Toujours, selon ces dirigeants, Rama remplacerait avantageusement Cuttaree, et de plus sa jeunesse, son \u00e9nergie et sa fougue lui permettraient de donner le second souffle tant attendu au parti.<\/span><\/p>\n<hr \/>\n<p><span style=\"color: #008080;\"><em>* Published in print edition on <\/em><em>29 October 2010<\/em><\/span><\/p>\n","protected":false},"excerpt":{"rendered":"<p>\u00a0Ce qui compte vraiment\u2026<\/p>\n","protected":false},"author":300,"featured_media":6560,"comment_status":"open","ping_status":"open","sticky":false,"template":"","format":"standard","meta":{"jetpack_post_was_ever_published":false,"_jetpack_newsletter_access":"","_jetpack_dont_email_post_to_subs":false,"_jetpack_newsletter_tier_id":0,"_jetpack_memberships_contains_paywalled_content":false,"_jetpack_memberships_contains_paid_content":false,"footnotes":"","jetpack_publicize_message":"","jetpack_publicize_feature_enabled":true,"jetpack_social_post_already_shared":false,"jetpack_social_options":{"image_generator_settings":{"template":"highway","default_image_id":0,"font":"","enabled":false},"version":2}},"categories":[16717],"tags":[2395,17034,24446,22174,483,814,49,1097],"class_list":["post-611","post","type-post","status-publish","format-standard","has-post-thumbnail","hentry","category-budget","tag-budget","tag-cuttaree","tag-gbot","tag-krj-yash","tag-maurice-ile-durable","tag-mmm","tag-paul-berenger","tag-rama-valayden"],"jetpack_publicize_connections":[],"jetpack_featured_media_url":"https:\/\/i0.wp.com\/www.mauritiustimes.com\/mt\/wp-content\/uploads\/2016\/12\/MT-Logokk.jpg?fit=1200%2C880&ssl=1","jetpack_sharing_enabled":true,"jetpack_shortlink":"https:\/\/wp.me\/p8QzSF-9R","_links":{"self":[{"href":"https:\/\/www.mauritiustimes.com\/mt\/wp-json\/wp\/v2\/posts\/611","targetHints":{"allow":["GET"]}}],"collection":[{"href":"https:\/\/www.mauritiustimes.com\/mt\/wp-json\/wp\/v2\/posts"}],"about":[{"href":"https:\/\/www.mauritiustimes.com\/mt\/wp-json\/wp\/v2\/types\/post"}],"author":[{"embeddable":true,"href":"https:\/\/www.mauritiustimes.com\/mt\/wp-json\/wp\/v2\/users\/300"}],"replies":[{"embeddable":true,"href":"https:\/\/www.mauritiustimes.com\/mt\/wp-json\/wp\/v2\/comments?post=611"}],"version-history":[{"count":0,"href":"https:\/\/www.mauritiustimes.com\/mt\/wp-json\/wp\/v2\/posts\/611\/revisions"}],"wp:featuredmedia":[{"embeddable":true,"href":"https:\/\/www.mauritiustimes.com\/mt\/wp-json\/wp\/v2\/media\/6560"}],"wp:attachment":[{"href":"https:\/\/www.mauritiustimes.com\/mt\/wp-json\/wp\/v2\/media?parent=611"}],"wp:term":[{"taxonomy":"category","embeddable":true,"href":"https:\/\/www.mauritiustimes.com\/mt\/wp-json\/wp\/v2\/categories?post=611"},{"taxonomy":"post_tag","embeddable":true,"href":"https:\/\/www.mauritiustimes.com\/mt\/wp-json\/wp\/v2\/tags?post=611"}],"curies":[{"name":"wp","href":"https:\/\/api.w.org\/{rel}","templated":true}]}}