{"id":4703,"date":"2016-12-18T16:33:18","date_gmt":"2016-12-18T16:33:18","guid":{"rendered":"http:\/\/mauritiustimes.com\/mt\/2016\/12\/18\/nita-chicooree-mercier-119\/"},"modified":"2017-07-18T13:42:59","modified_gmt":"2017-07-18T09:42:59","slug":"nita-chicooree-mercier-119","status":"publish","type":"post","link":"https:\/\/www.mauritiustimes.com\/mt\/nita-chicooree-mercier-119\/","title":{"rendered":"Carnet Hebdo: Lorsque Porlwi fait semblant"},"content":{"rendered":"<p><!-- [if gte mso 9]><xml> <w:WordDocument> <w:View>Normal<\/w:View> <w:Zoom>0<\/w:Zoom> <w:TrackMoves \/> <w:TrackFormatting \/> <w:PunctuationKerning \/> <w:ValidateAgainstSchemas \/> <w:SaveIfXMLInvalid>false<\/w:SaveIfXMLInvalid> <w:IgnoreMixedContent>false<\/w:IgnoreMixedContent> <w:AlwaysShowPlaceholderText>false<\/w:AlwaysShowPlaceholderText> <w:DoNotPromoteQF \/> <w:LidThemeOther>EN-GB<\/w:LidThemeOther> <w:LidThemeAsian>X-NONE<\/w:LidThemeAsian> <w:LidThemeComplexScript>X-NONE<\/w:LidThemeComplexScript> <w:Compatibility> <w:BreakWrappedTables \/> <w:SnapToGridInCell \/> <w:WrapTextWithPunct \/> <w:UseAsianBreakRules \/> <w:DontGrowAutofit \/> <w:SplitPgBreakAndParaMark \/> <w:DontVertAlignCellWithSp \/> <w:DontBreakConstrainedForcedTables \/> <w:DontVertAlignInTxbx \/> <w:Word11KerningPairs \/> <w:CachedColBalance \/> <\/w:Compatibility> <w:BrowserLevel>MicrosoftInternetExplorer4<\/w:BrowserLevel> <m:mathPr> <m:mathFont m:val=\"Cambria Math\" \/> <m:brkBin m:val=\"before\" \/> <m:brkBinSub m:val=\" \" \/> <m:smallFrac m:val=\"off\" \/> <m:dispDef \/> <m:lMargin m:val=\"0\" \/> <m:rMargin m:val=\"0\" \/> <m:defJc m:val=\"centerGroup\" \/> <m:wrapIndent m:val=\"1440\" \/> <m:intLim m:val=\"subSup\" \/> <m:naryLim m:val=\"undOvr\" \/> <\/m:mathPr><\/w:WordDocument> <\/xml><![endif]--><\/p>\n<p class=\"MsoNormal\"><span style=\"font-family: 'Verdana','sans-serif';\">D\u00e9cembre. Une p\u00e9riode festive annonc\u00e9e en musique, lumi\u00e8re et couleurs d\u00e8s les premiers jours. Op\u00e9ration Lacaz Out \u00e0 niveau national ayant fait bouger 600,000 personnes \u00e0 travers l&#8217;\u00eele pour se rincer l&#8217;\u0153il d&#8217;un spectacle visuel projet\u00e9 sur les b\u00e2tisses en pierre ; exception cette ann\u00e9e, les b\u00e2timents modernes ont trouv\u00e9 gr\u00e2ce aux yeux des organisateurs et ont \u00e9t\u00e9 invit\u00e9s \u00e0 partager des habits de f\u00eate de leurs voisins de l&#8217;\u00e9poque coloniale qui ont inspir\u00e9 la f\u00eate au d\u00e9part. <\/span><\/p>\n<p class=\"MsoNormal\"><span style=\"font-family: 'Verdana','sans-serif';\">L&#8217;autre magie de la f\u00eate a \u00e9t\u00e9 l&#8217;exploit de la grande sortie parmi le peuple : de la population des r\u00e9gions c\u00f4ti\u00e8res, de la Pointe d&#8217;Esny \u00e0 la Pointe aux Canonniers, et des hauts plateaux o\u00f9 il fait bon de vivre, ce qui est inhabituel. De dire l&#8217;engouement que l&#8217;on a pour l&#8217;histoire des anc\u00eatres b\u00e2tisseurs\u2026 Pour l&#8217;occasion, avec l&#8217;accord des autorit\u00e9s, la capitale s&#8217;est fait d\u00e9pouiller de son royal patronyme ou plut\u00f4t, a fait semblant, pour faire plus morisien, de s&#8217;appeler Lwi.<br \/>\n<\/span><\/p>\n<p class=\"MsoNormal\"><span style=\"font-family: 'Verdana','sans-serif';\">Le bon peuple a cette f\u00e2cheuse manie de faire deux pas en arri\u00e8re devant des orchestres qui offrent g\u00e9n\u00e9reusement une musique qui leur para\u00eet un peu \u00e9trang\u00e8re \u00e0 leur go\u00fbt. Il faut du temps pour cultiver des go\u00fbts diff\u00e9rents. Et cela se voit \u00e0 l&#8217;allure de la foule, lors des diverses manifestations musicales qui laissent indiff\u00e9rents des segments de la population, y compris ceux des r\u00e9gions c\u00f4ti\u00e8res et des hauts plateaux. Quant au peuple attel\u00e9 en permanence \u00e0 diverses t\u00e2ches pour assurer sa survie et joindre les deux bouts, il a peu de temps \u00e0 consacrer \u00e0 une ouverture aux diff\u00e9rents horizons culturels. Ceux qui en ont manifestent peu d&#8217;engouement \u00e0 ouvrir les fen\u00eatres de leur esprit \u00e0 d&#8217;autres influences.<br \/>\n<\/span><\/p>\n<p class=\"MsoNormal\"><span style=\"font-family: 'Verdana','sans-serif';\">De nombreux pays se dotent d&#8217;une deuxi\u00e8me ville importante d\u00e8s lors que la capitale croule sous les fardeaux qu&#8217;on lui fait porter, cr\u00e9ant ainsi une capitale administrative \u00e9paulant la capitale \u00e9conomique. Johannesburg-Pretoria, Washington-New-York, Mumbai-Delhi. Depuis quelque temps, Port-Louis est devenue fr\u00e9quentable : les autorit\u00e9s ont r\u00e9gl\u00e9 avec fermet\u00e9 l&#8217;envahissement des principales art\u00e8res et ont permis une circulation ais\u00e9e des pi\u00e9tons.<br \/>\n<\/span><\/p>\n<p class=\"MsoNormal\"><span style=\"font-family: 'Verdana','sans-serif';\">Mais avec une population qui d\u00e9passe un million, et vu l&#8217;\u00e9tat de certains quartiers et l&#8217;absence d&#8217;arbres dans la capitale, la n\u00e9cessit\u00e9 d&#8217;une ville administrative moderne con\u00e7ue selon un plan r\u00e9pondant \u00e0 d&#8217;autres besoins para\u00eet de plus en plus \u00e9vidente. Ceux qui sont enclins \u00e0 traiter les autres de pass\u00e9istes se cramponnent au pass\u00e9 au gr\u00e9 de leurs int\u00e9r\u00eats financiers et d&#8217;un orgueil mal plac\u00e9.<br \/>\n<\/span><\/p>\n<p class=\"MsoNormal\"><span style=\"font-family: 'Verdana','sans-serif';\">Il faut \u00e9clairer nos antennes sur les sommes faramineuses qui ont \u00e9t\u00e9 vers\u00e9es \u00e0 l&#8217;architecte de Duba\u00ef pour la City encercl\u00e9e de deux croissants de lune, d\u00e9tail qui n&#8217;a pas \u00e9chapp\u00e9 au regard de quiconque s&#8217;y int\u00e9ressant de pr\u00e8s. Il faut que le ministre nous explique sa d\u00e9finition de la bonne gouvernance : un minist\u00e8re cr\u00e9\u00e9 sur mesure pour la forme ? Est-ce que ce serait une blague et aurait-il les mains li\u00e9es par un pacte tacite avec plus puissant que lui ? <\/span><\/p>\n<p class=\"MsoNormal\"><span style=\"font-family: 'Verdana','sans-serif';\">Il est urgent de fournir des d\u00e9tails au peuple sur les d\u00e9penses pr\u00e9vues en ce qui concerne les infrastructures publiques. Ce secteur a toujours fait froncer les sourcils et suscit\u00e9 des doutes quant aux v\u00e9ritables b\u00e9n\u00e9ficiaires de ces sommes tir\u00e9es des fonds publics. Toutes ces constructions et r\u00e9am\u00e9nagements se font dans l&#8217;opacit\u00e9 la plus totale. Il ne suffit pas de balancer une somme dans la presse pour le grand public.<span style=\"mso-spacerun: yes;\"><br \/>\n<\/span><\/span><\/p>\n<p class=\"MsoNormal\"><span style=\"font-family: 'Verdana','sans-serif';\">* * *<br \/>\n<\/span><\/p>\n<p class=\"MsoNormal\"><span style=\"font-family: 'Verdana','sans-serif';\">Quant aux people VVIP au concert de AR Rahman, connaissant leur sensibilit\u00e9 \u00e0 tout ce qui rel\u00e8ve de l&#8217;art et qu&#8217;en g\u00e9n\u00e9ral, assurant une pr\u00e9sence minimum lors d&#8217;une quelconque inauguration d&#8217;une exposition pour la forme et les gadjaks, ils font plus figure de consommateurs de musique que de m\u00e9lomanes. Que ce soit pour rigoler un bon coup avec Gad Elmaheh ou assister \u00e0 un concert de haute facture, ils ne font pas trop la diff\u00e9rence. Ce qui compte pour eux, c&#8217;est d&#8217;y \u00eatre tout simplement.<br \/>\n<\/span><\/p>\n<p class=\"MsoNormal\"><span style=\"font-family: 'Verdana','sans-serif';\">Hormis Vacoas et Pailles, animation culturelle quasi inexistante dans diverses r\u00e9gions de l&#8217;\u00eele.<br \/>\n<\/span><\/p>\n<p class=\"MsoNormal\"><span style=\"font-family: 'Verdana','sans-serif';\">Nord de l&#8217;\u00eele, d\u00e9sert culturel. A part la Caze Out \u00e0 Beau-Plan, la r\u00e9gion souffre cruellement de manque de manifestations culturelles, artistiques ou musicales. Les centres commerciaux sont devenus des lieux de rendez-vous pour des mini expositions horticulturales et artistiques alors qu&#8217;on n&#8217;a pas forc\u00e9ment envie de nous rendre \u00e0 un centre commercial pour visiter une exposition de peinture. Il faudrait de nouvelles structures, salles d&#8217;exposition, th\u00e9\u00e2tre et espaces ouverts qui pourront accueillir les amateurs d&#8217;activit\u00e9s culturelles, sans compter un nombre croissant de touristes en visite et des \u00e9trangers qui s&#8217;y installent pour de longs s\u00e9jours.<br \/>\n<\/span><\/p>\n<p class=\"MsoNormal\"><span style=\"font-family: 'Verdana','sans-serif';\">Enferm\u00e9s dans leur bulle, peu de nos d\u00e9cideurs mesurent l&#8217;importance de la place de la culture dans l&#8217;\u00e9panouissement d&#8217;un peuple. C&#8217;est exasp\u00e9rant. A leur langage et comportement individuel, cela ne devrait gu\u00e8re nous \u00e9tonner. Ce n&#8217;est pas tant par manque de volont\u00e9 que par l&#8217;incapacit\u00e9 de nourrir d&#8217;autres ambitions pour le peuple. Leur r\u00f4le de technocrate des besoins pr\u00e9sents et pressants l&#8217;emporte sur toute autre vision \u00e0 long terme. Un aveugle qui fait \u00e9loge de la lumi\u00e8re ? A part celle du Soleil qui \u00e9claire le seuil de leur porte et de leur plate-bande bien arros\u00e9e\u2026, il faudrait patienter encore.<br \/>\n<\/span><\/p>\n<p class=\"MsoNormal\"><span style=\"font-family: 'Verdana','sans-serif';\">* * *<br \/>\n<\/span><\/p>\n<p class=\"MsoNormal\"><span style=\"font-family: 'Verdana','sans-serif';\">Un chapeau enfonc\u00e9 sur la t\u00eate, ce monsieur v\u00eatu d&#8217;une veste &#8211; qui para\u00eet un peu long pour sa petite taille &#8211; se faufile dans une d\u00e9marche h\u00e2tive dans le grand hall de l&#8217;a\u00e9roport jusqu&#8217;au guichet. \u00ab Enregistrement Termin\u00e9 \u00bb, affich\u00e9 sur l&#8217;\u00e9cran des annonces. <\/span><\/p>\n<p class=\"MsoNormal\"><span style=\"font-family: 'Verdana','sans-serif';\">&#8211; Du n&#8217;importe quoi, l\u00e2che-t-il \u00e0 l&#8217;employ\u00e9e qui rassure que c&#8217;est encore ouvert. Une erreur, dit-elle. <\/span><\/p>\n<p class=\"MsoNormal\"><span style=\"font-family: 'Verdana','sans-serif';\">&#8211; Ah ! Vous venez d&#8217;arriver aussi ! C&#8217;est bon, \u00e7a ira.<\/span><\/p>\n<p class=\"MsoNormal\"><span style=\"font-family: 'Verdana','sans-serif';\">&#8211; Tant mieux !<\/span><\/p>\n<p class=\"MsoNormal\"><span style=\"font-family: 'Verdana','sans-serif';\"> Entre les cordons, v\u00e9ritable labyrinthe jusqu&#8217;au contr\u00f4le de douane, son regard vif observe tout.<\/span><\/p>\n<p class=\"MsoNormal\"><span style=\"font-family: 'Verdana','sans-serif';\">Dans la salle d&#8217;attente, sa petite silhouette surgit et dispara\u00eet \u00e7a et l\u00e0. Un type qui fait penser au d\u00e9tective Marlowe dans le roman policier de Raymond Chandler. Le voil\u00e0 qui saute dans le bus, se fait une place dans un coin, une mallette serr\u00e9e contre lui, et prom\u00e8ne son regard sur les passagers de l\u2019autobus.<\/span><\/p>\n<p class=\"MsoNormal\"><span style=\"font-family: 'Verdana','sans-serif';\">Dans l&#8217;avion.<\/span><\/p>\n<p class=\"MsoNormal\"><span style=\"font-family: 'Verdana','sans-serif';\">&#8211; Ah voil\u00e0, on est voisins !<\/span><\/p>\n<p class=\"MsoNormal\"><span style=\"font-family: 'Verdana','sans-serif';\">&#8211; Effectivement.<\/span><\/p>\n<p class=\"MsoNormal\"><span style=\"font-family: 'Verdana','sans-serif';\">D&#8217;origine mauricienne, il saute dans l&#8217;avion souvent le week-end. Notre Marlowe se l\u00e8ve m\u00eame pour v\u00e9rifier que les passagers d&#8217;\u00e0 c\u00f4t\u00e9 respectent les consignes sur ce vol d&#8217;Air Austral. Fran\u00e7ais d&#8217;origine franco-mauricienne, il est haut grad\u00e9 de l&#8217;aviation civile. La s\u00e9curit\u00e9, c&#8217;est son truc.<\/span><\/p>\n<p class=\"MsoNormal\"><span style=\"font-family: 'Verdana','sans-serif';\">&#8211; Ca m&#8217;\u00e9nerve, les gens qui pianotent sur leur t\u00e9l\u00e9phone portable dans l&#8217;avion. Et croyez-moi, je n&#8217;h\u00e9site pas \u00e0 intervenir si quelqu&#8217;un refuse de suivre les consignes.<\/span><\/p>\n<p class=\"MsoNormal\"><span style=\"font-family: 'Verdana','sans-serif';\">&#8211; Ah ! Port-Louis ! Le dernier plan d&#8217;urbanisme remonte \u00e0 Labourdonnais. Il n&#8217;y a rien eu depuis. <\/span><\/p>\n<p class=\"MsoNormal\"><span style=\"font-family: 'Verdana','sans-serif';\">&#8211; Oui, semble-t-il. Curepipe, c&#8217;\u00e9tait bien avant. <\/span><\/p>\n<p class=\"MsoNormal\"><span style=\"font-family: 'Verdana','sans-serif';\">&#8211; Quand ? <\/span><\/p>\n<p class=\"MsoNormal\"><span style=\"font-family: 'Verdana','sans-serif';\">&#8211; Au dix-huiti\u00e8me si\u00e8cle.<\/span><\/p>\n<p class=\"MsoNormal\"><span style=\"font-family: 'Verdana','sans-serif';\">&#8211; Bon, on n&#8217;\u00e9tait pas l\u00e0.<\/span><\/p>\n<p class=\"MsoNormal\"><span style=\"font-family: 'Verdana','sans-serif';\">Tout \u00e9tait bien avant manifestement. De la famille \u00e0 Maurice ? Oui, d&#8217;o\u00f9 ses visites fr\u00e9quentes. <\/span><\/p>\n<p class=\"MsoNormal\"><span style=\"font-family: 'Verdana','sans-serif';\">C&#8217;est un bavard. L&#8217;art d&#8217;\u00e9viter les questions d&#8217;ordre personnel, on est assez rod\u00e9e.<\/span><\/p>\n<p class=\"MsoNormal\"><span style=\"font-family: 'Verdana','sans-serif';\">&#8211; Malcolm de Chazal, vous connaissez ? <\/span><\/p>\n<p class=\"MsoNormal\"><span style=\"font-family: 'Verdana','sans-serif';\">&#8211; De nom, oui. <\/span><\/p>\n<p class=\"MsoNormal\"><span style=\"font-family: 'Verdana','sans-serif';\">&#8211; De grands amis de mes parents. Il conna\u00eet toutes ses \u0153uvres. <\/span><\/p>\n<p class=\"MsoNormal\"><span style=\"font-family: 'Verdana','sans-serif';\">&#8211; Vous avez lu ses \u0153uvres ? <\/span><\/p>\n<p class=\"MsoNormal\"><span style=\"font-family: 'Verdana','sans-serif';\">&#8211; J&#8217;ai essay\u00e9 de lire un de ses ouvrages qui m&#8217;a \u00e9t\u00e9 offert par le fils Gallimard rencontr\u00e9 \u00e0 Maurice. A dix-neuf ans, je n&#8217;y ai rien compris. Mais je compte bien m&#8217;y remettre.<\/span><\/p>\n<p class=\"MsoNormal\"><span style=\"font-family: 'Verdana','sans-serif';\">Les Souchon, des amis aussi. Soit.<\/span><\/p>\n<p class=\"MsoNormal\"><span style=\"font-family: 'Verdana','sans-serif';\">Lecl\u00e9zio, on est parent\u00e9. Il a lu toutes ses \u0153uvres. <\/span><\/p>\n<p class=\"MsoNormal\"><span style=\"font-family: 'Verdana','sans-serif';\">&#8211; Et vous ?<\/span><\/p>\n<p class=\"MsoNormal\"><span style=\"font-family: 'Verdana','sans-serif';\">&#8211; Presque. La Quarantaine, je l&#8217;ai abandonn\u00e9 au bout de quelques chapitres ; une \u00e9criture tournoyante, et des personnages qui tournent en rond sur une \u00eele plate, je m&#8217;en suis lass\u00e9e&#8230; <\/span><\/p>\n<p class=\"MsoNormal\"><span style=\"font-family: 'Verdana','sans-serif';\">&#8211; Est-ce que les \u0153uvres de Lecl\u00e9zio et Malcolm de Chazal sont \u00e9tudi\u00e9es dans les \u00e9coles mauriciennes ? <\/span><\/p>\n<p class=\"MsoNormal\"><span style=\"font-family: 'Verdana','sans-serif';\">&#8211; \u00c7a, je n&#8217;en sais rien. <\/span><\/p>\n<p class=\"MsoNormal\"><span style=\"font-family: 'Verdana','sans-serif';\">&#8211; Maurice a de l&#8217;avenir. Mais il faut cr\u00e9er une synergie avec les \u00eeles de la r\u00e9gion ; il y a un potentiel \u00e9norme \u00e0 exploiter entre les \u00eeles. Et ces kilom\u00e8tres de territoire oc\u00e9anique, vous vous rendez compte !<\/span><\/p>\n<p class=\"MsoNormal\"><span style=\"font-family: 'Verdana','sans-serif';\">A b\u00e2tons rompus, l&#8217;Am\u00e9rique de Trump. <\/span><\/p>\n<p class=\"MsoNormal\"><span style=\"font-family: 'Verdana','sans-serif';\">&#8211; Des gens incultes qui connaissent \u00e0 peine la capitale de pays d&#8217;Europe, et ne parlons pas du Moyen Orient ou de l&#8217;Asie. C&#8217;est bien parti\u2026<\/span><\/p>\n<p class=\"MsoNormal\"><span style=\"font-family: 'Verdana','sans-serif';\">J&#8217;\u00e9voque l&#8217;article de l&#8217;\u00e9crivain alg\u00e9rien, Kamel Daoud, \u00ab La Solution par les Clowns \u00bb. <\/span><\/p>\n<p class=\"MsoNormal\"><span style=\"font-family: 'Verdana','sans-serif';\">&#8211; Vous savez, r\u00e9pond-il, clown, c\u2019est un m\u00e9tier difficile de nos jours.<\/span><\/p>\n<p class=\"MsoNormal\"><span style=\"font-family: 'Verdana','sans-serif';\">Effectivement, difficile de faire rire le peuple ces jours-ci. A Maurice, on a aussi des clowns qui ne nous font pas rire.<br \/>\n<\/span><\/p>\n<p class=\"MsoNormal\"><span style=\"font-family: 'Verdana','sans-serif';\"><strong>Nita Chicooree-Mercier <\/strong><\/span><\/p>\n","protected":false},"excerpt":{"rendered":"<p>D\u00e9cembre. Une p\u00e9riode festive annonc\u00e9e en musique, lumi\u00e8re et couleurs d\u00e8s les premiers jours. Op\u00e9ration Lacaz Out \u00e0 niveau national ayant fait bouger 600,000 personnes \u00e0 travers l&#8217;\u00eele pour se rincer l&#8217;\u0153il d&#8217;un spectacle visuel projet\u00e9 sur les b\u00e2tisses en pierre ; exception cette ann\u00e9e, les b\u00e2timents modernes ont trouv\u00e9 gr\u00e2ce aux yeux des organisateurs [&hellip;]<\/p>\n","protected":false},"author":23,"featured_media":0,"comment_status":"open","ping_status":"open","sticky":false,"template":"","format":"standard","meta":{"jetpack_post_was_ever_published":false,"_jetpack_newsletter_access":"","_jetpack_dont_email_post_to_subs":false,"_jetpack_newsletter_tier_id":0,"_jetpack_memberships_contains_paywalled_content":false,"_jetpack_memberships_contains_paid_content":false,"footnotes":"","jetpack_publicize_message":"","jetpack_publicize_feature_enabled":true,"jetpack_social_post_already_shared":false,"jetpack_social_options":{"image_generator_settings":{"template":"highway","default_image_id":0,"font":"","enabled":false},"version":2}},"categories":[20],"tags":[1646,1647,170,1645,1644],"class_list":["post-4703","post","type-post","status-publish","format-standard","hentry","category-culture","tag-concert-ar-rahman","tag-gad-elmaheh","tag-nita-chicooree-mercier","tag-out-pointe-desny","tag-porlwi-operation-lacaz"],"jetpack_publicize_connections":[],"jetpack_featured_media_url":"","jetpack_sharing_enabled":true,"jetpack_shortlink":"https:\/\/wp.me\/p8QzSF-1dR","_links":{"self":[{"href":"https:\/\/www.mauritiustimes.com\/mt\/wp-json\/wp\/v2\/posts\/4703","targetHints":{"allow":["GET"]}}],"collection":[{"href":"https:\/\/www.mauritiustimes.com\/mt\/wp-json\/wp\/v2\/posts"}],"about":[{"href":"https:\/\/www.mauritiustimes.com\/mt\/wp-json\/wp\/v2\/types\/post"}],"author":[{"embeddable":true,"href":"https:\/\/www.mauritiustimes.com\/mt\/wp-json\/wp\/v2\/users\/23"}],"replies":[{"embeddable":true,"href":"https:\/\/www.mauritiustimes.com\/mt\/wp-json\/wp\/v2\/comments?post=4703"}],"version-history":[{"count":0,"href":"https:\/\/www.mauritiustimes.com\/mt\/wp-json\/wp\/v2\/posts\/4703\/revisions"}],"wp:attachment":[{"href":"https:\/\/www.mauritiustimes.com\/mt\/wp-json\/wp\/v2\/media?parent=4703"}],"wp:term":[{"taxonomy":"category","embeddable":true,"href":"https:\/\/www.mauritiustimes.com\/mt\/wp-json\/wp\/v2\/categories?post=4703"},{"taxonomy":"post_tag","embeddable":true,"href":"https:\/\/www.mauritiustimes.com\/mt\/wp-json\/wp\/v2\/tags?post=4703"}],"curies":[{"name":"wp","href":"https:\/\/api.w.org\/{rel}","templated":true}]}}