{"id":46710,"date":"2026-08-31T21:14:16","date_gmt":"2026-08-31T17:14:16","guid":{"rendered":"https:\/\/www.mauritiustimes.com\/mt\/?p=46710"},"modified":"2026-08-31T21:14:16","modified_gmt":"2026-08-31T17:14:16","slug":"reseaux-sociaux-et-adolescents-le-monde-commence-enfin-a-sattaquer-a-laddiction-numerique","status":"publish","type":"post","link":"https:\/\/www.mauritiustimes.com\/mt\/reseaux-sociaux-et-adolescents-le-monde-commence-enfin-a-sattaquer-a-laddiction-numerique\/","title":{"rendered":"R\u00e9seaux sociaux et adolescents : le monde commence enfin \u00e0 s\u2019attaquer \u00e0 l\u2019addiction num\u00e9rique"},"content":{"rendered":"<p style=\"text-align: center;\"><span style=\"color: #ff0000;\"><u>Eclairages<\/u><\/span><!--more--><\/p>\n<p><span style=\"color: #0000ff;\"><strong>Par A.Bartleby<\/strong><\/span><\/p>\n<p><span style=\"color: #000000;\">Le r\u00e8glement annonc\u00e9 aux \u00c9tats-Unis entre Meta et les autorit\u00e9s de 48 \u00c9tats am\u00e9ricains marque un tournant dans la mani\u00e8re dont les pouvoirs publics consid\u00e8rent les r\u00e9seaux sociaux. Meta, propri\u00e9taire de Facebook et Instagram, a accept\u00e9 de verser jusqu\u2019\u00e0 18 milliards de dollars et de renforcer consid\u00e9rablement les mesures de protection des enfants et des adolescents. L\u2019accord met fin \u00e0 une proc\u00e9dure judiciaire historique qui accusait l\u2019entreprise d\u2019avoir con\u00e7u certaines fonctionnalit\u00e9s de ses plateformes de mani\u00e8re \u00e0 retenir les jeunes utilisateurs le plus longtemps possible.<\/span><\/p>\n<p style=\"text-align: center;\"><span style=\"color: #000000;\"><img data-recalc-dims=\"1\" loading=\"lazy\" decoding=\"async\" data-attachment-id=\"46711\" data-permalink=\"https:\/\/www.mauritiustimes.com\/mt\/reseaux-sociaux-et-adolescents-le-monde-commence-enfin-a-sattaquer-a-laddiction-numerique\/e-reseaux-sociaux-3\/\" data-orig-file=\"https:\/\/i0.wp.com\/www.mauritiustimes.com\/mt\/wp-content\/uploads\/2026\/08\/E-Reseaux-sociaux-3.jpg?fit=1200%2C805&amp;ssl=1\" data-orig-size=\"1200,805\" data-comments-opened=\"1\" data-image-meta=\"{&quot;aperture&quot;:&quot;0&quot;,&quot;credit&quot;:&quot;&quot;,&quot;camera&quot;:&quot;&quot;,&quot;caption&quot;:&quot;&quot;,&quot;created_timestamp&quot;:&quot;0&quot;,&quot;copyright&quot;:&quot;&quot;,&quot;focal_length&quot;:&quot;0&quot;,&quot;iso&quot;:&quot;0&quot;,&quot;shutter_speed&quot;:&quot;0&quot;,&quot;title&quot;:&quot;&quot;,&quot;orientation&quot;:&quot;0&quot;,&quot;alt&quot;:&quot;&quot;}\" data-image-title=\"E &amp;#8211; R\u00e9seaux sociaux 3\" data-image-description=\"\" data-image-caption=\"\" data-large-file=\"https:\/\/i0.wp.com\/www.mauritiustimes.com\/mt\/wp-content\/uploads\/2026\/08\/E-Reseaux-sociaux-3.jpg?fit=640%2C429&amp;ssl=1\" class=\"aligncenter size-full wp-image-46711\" src=\"https:\/\/i0.wp.com\/www.mauritiustimes.com\/mt\/wp-content\/uploads\/2026\/08\/E-Reseaux-sociaux-3.jpg?resize=640%2C429&#038;ssl=1\" alt=\"\" width=\"640\" height=\"429\" srcset=\"https:\/\/i0.wp.com\/www.mauritiustimes.com\/mt\/wp-content\/uploads\/2026\/08\/E-Reseaux-sociaux-3.jpg?w=1200&amp;ssl=1 1200w, https:\/\/i0.wp.com\/www.mauritiustimes.com\/mt\/wp-content\/uploads\/2026\/08\/E-Reseaux-sociaux-3.jpg?resize=300%2C200&amp;ssl=1 300w, https:\/\/i0.wp.com\/www.mauritiustimes.com\/mt\/wp-content\/uploads\/2026\/08\/E-Reseaux-sociaux-3.jpg?resize=1024%2C687&amp;ssl=1 1024w, https:\/\/i0.wp.com\/www.mauritiustimes.com\/mt\/wp-content\/uploads\/2026\/08\/E-Reseaux-sociaux-3.jpg?resize=768%2C515&amp;ssl=1 768w\" sizes=\"auto, (max-width: 640px) 100vw, 640px\" \/><\/span><span style=\"color: #ff6600;\"><strong>L\u2019addiction aux r\u00e9seaux sociaux rel\u00e8ve-t-elle uniquement de la responsabilit\u00e9 individuelle, ou faut-il aussi responsabiliser les entreprises qui con\u00e7oivent ces plateformes ? <\/strong><\/span><\/p>\n<p><span style=\"color: #000000;\">L\u2019affaire est importante non seulement en raison de son montant, mais surtout parce qu\u2019elle pose une question qui d\u00e9passe largement les \u00c9tats-Unis : peut-on continuer \u00e0 consid\u00e9rer l\u2019addiction aux r\u00e9seaux sociaux comme un simple probl\u00e8me de responsabilit\u00e9 individuelle ou doit-on \u00e9galement responsabiliser les entreprises qui con\u00e7oivent ces plateformes ?<\/span><\/p>\n<p><span style=\"color: #000000;\">Selon les \u00e9l\u00e9ments de l\u2019accord, Meta devra notamment<\/span><\/p>\n<p style=\"padding-left: 40px;\"><span style=\"color: #000000;\">&#8211; instaurer une limite quotidienne de deux heures pour les adolescents, sauf autorisation parentale,<\/span><\/p>\n<p style=\"padding-left: 40px;\"><span style=\"color: #000000;\">&#8211; interrompre certaines notifications pendant les heures scolaires, et<\/span><\/p>\n<p style=\"padding-left: 40px;\"><span style=\"color: #000000;\">&#8211; \u00a0renforcer les syst\u00e8mes de v\u00e9rification de l\u2019\u00e2ge.<\/span><\/p>\n<p><span style=\"color: #000000;\">De plus, des restrictions suppl\u00e9mentaires concerneront les contenus li\u00e9s au harc\u00e8lement, aux troubles alimentaires et \u00e0 l\u2019automutilation. Les fonctions favorisant la comparaison sociale, notamment l\u2019affichage du nombre de \u00ab likes \u00bb, seront \u00e9galement limit\u00e9es.<\/span><\/p>\n<p><span style=\"color: #000000;\">En outre, un auditeur ind\u00e9pendant devra \u00a0contr\u00f4ler la mise en \u0153uvre et l\u2019efficacit\u00e9 de ces mesures.<\/span><\/p>\n<p><span style=\"color: #000000;\">L\u2019accord est particuli\u00e8rement r\u00e9v\u00e9lateur parce qu\u2019il ne s\u2019agit plus simplement de demander aux parents de surveiller leurs enfants. Il s\u2019attaque au fonctionnement m\u00eame des plateformes. C\u2019est une \u00e9volution essentielle.<\/span><\/p>\n<p><span style=\"color: #000000;\">Pendant des ann\u00e9es, la responsabilit\u00e9 a largement \u00e9t\u00e9 renvoy\u00e9e aux familles : limiter le temps d\u2019\u00e9cran, confisquer le t\u00e9l\u00e9phone, contr\u00f4ler les applications. Mais comment demander \u00e0 des parents de rivaliser avec des algorithmes con\u00e7us par des \u00e9quipes d\u2019ing\u00e9nieurs et de psychologues pour capter continuellement l\u2019attention des utilisateurs ?<\/span><\/p>\n<p><span style=\"color: #000000;\">Le montant de 18 milliards de dollars est spectaculaire, mais il faut n\u00e9anmoins garder le sens des proportions. Il repr\u00e9sente une fraction du chiffre d\u2019affaires annuel de Meta. La v\u00e9ritable question sera donc celle de l\u2019impact durable des mesures impos\u00e9es. Comme le souligne l\u2019ancien responsable de Meta Arturo B\u00e9jar, cit\u00e9 dans l\u2019article de l\u2019AP, limiter la dur\u00e9e d\u2019utilisation ne suffit pas n\u00e9cessairement si le contenu auquel les jeunes sont expos\u00e9s demeure nocif.<\/span><\/p>\n<p style=\"text-align: center;\"><span style=\"color: #000000;\"><strong>Une r\u00e9action qui d\u00e9passe les \u00c9tats-Unis<\/strong><\/span><\/p>\n<p><span style=\"color: #000000;\">D\u2019autres pays ont compris que le probl\u00e8me exige une r\u00e9ponse r\u00e9glementaire.<\/span><\/p>\n<p><span style=\"color: #000000;\"><strong>L\u2019Australie<\/strong>\u00a0a choisi l\u2019une des approches les plus radicales. Depuis d\u00e9cembre 2025, les principales plateformes de r\u00e9seaux sociaux doivent prendre des mesures raisonnables pour emp\u00eacher les moins de 16 ans d\u2019avoir un compte. Facebook, Instagram, TikTok, YouTube, Snapchat, X et Reddit figurent notamment parmi les plateformes concern\u00e9es. Les entreprises qui ne respectent pas leurs obligations peuvent encourir des amendes pouvant atteindre 49,5 millions de dollars australiens.<\/span><\/p>\n<p><span style=\"color: #000000;\"><strong>Le Royaume-Uni<\/strong>\u00a0va \u00e9galement beaucoup plus loin. En juin 2026, le Gouvernement a annonc\u00e9 son intention d\u2019interdire aux plateformes de fournir leurs services aux jeunes de moins de 16 ans, tout en pr\u00e9voyant des restrictions suppl\u00e9mentaires pour certaines fonctionnalit\u00e9s dangereuses et des protections renforc\u00e9es pour ceux ayant 16-17 ans. Ces derni\u00e8res comprennent notamment des restrictions nocturnes, la d\u00e9sactivation par d\u00e9faut de certaines notifications et la limitation des fils personnalis\u00e9s et de la lecture automatique.<\/span><\/p>\n<p><span style=\"color: #000000;\"><strong>L\u2019Union europ\u00e9enne<\/strong>\u00a0adopte une approche diff\u00e9rente, davantage fond\u00e9e sur la r\u00e9glementation des plateformes et la v\u00e9rification de l\u2019\u00e2ge. La Commission europ\u00e9enne a publi\u00e9 des lignes directrices visant notamment \u00e0 r\u00e9duire l\u2019exposition des mineurs aux pratiques favorisant les comportements addictifs, au cyberharc\u00e8lement et aux contenus dangereux. Elle d\u00e9veloppe \u00e9galement un syst\u00e8me de v\u00e9rification de l\u2019\u00e2ge con\u00e7u pour pr\u00e9server la vie priv\u00e9e.<\/span><\/p>\n<p><span style=\"color: #000000;\"><strong>La France<\/strong>, de son c\u00f4t\u00e9, vient encore de renforcer son arsenal l\u00e9gislatif avec une loi visant \u00e0 prot\u00e9ger les mineurs contre les risques li\u00e9s aux r\u00e9seaux sociaux, promulgu\u00e9e le 24 ao\u00fbt 2026, m\u00eame si certaines dispositions initialement pr\u00e9vues ont \u00e9t\u00e9 censur\u00e9es par le Conseil constitutionnel.<\/span><\/p>\n<p style=\"text-align: center;\"><span style=\"color: #000000;\"><strong>Quelles le\u00e7ons pour la R\u00e9publique de Maurice ?<\/strong><\/span><\/p>\n<p><span style=\"color: #000000;\">Cette \u00e9volution internationale m\u00e9rite d\u2019\u00eatre suivie attentivement \u00e0 Maurice. Le probl\u00e8me n\u2019est pas de diaboliser Facebook, Instagram, TikTok ou YouTube. Les r\u00e9seaux sociaux ont aussi une valeur \u00e9ducative, professionnelle et sociale consid\u00e9rable. Mais il serait na\u00eff de consid\u00e9rer toutes les plateformes comme de simples outils neutres.<\/span><\/p>\n<p><span style=\"color: #000000;\">Lorsqu&#8217;un mod\u00e8le \u00e9conomique repose en partie sur la captation de l\u2019attention, la protection des enfants ne peut \u00eatre laiss\u00e9e \u00e0 la seule bonne volont\u00e9 des entreprises.<\/span><\/p>\n<p><span style=\"color: #000000;\">Maurice devrait donc r\u00e9fl\u00e9chir \u00e0 une politique combinant plusieurs \u00e9l\u00e9ments : une v\u00e9rification efficace de l\u2019\u00e2ge, des param\u00e8tres de s\u00e9curit\u00e9 renforc\u00e9s par d\u00e9faut pour les mineurs, des limites nocturnes et scolaires, une meilleure information des parents et surtout une v\u00e9ritable \u00e9ducation au num\u00e9rique dans les \u00e9coles.<\/span><\/p>\n<p><span style=\"color: #000000;\">Il faudrait \u00e9galement \u00e9viter une approche purement punitive. Interdire ne suffit pas. Un adolescent priv\u00e9 de TikTok ou d\u2019Instagram &#8212; mais laiss\u00e9 sans accompagnement &#8212; peut simplement se tourner vers une autre plateforme ou contourner les restrictions.<\/span><\/p>\n<p><span style=\"color: #000000;\">La priorit\u00e9 devrait \u00eatre de cr\u00e9er un environnement dans lequel la technologie sert l\u2019adolescent au lieu de laisser le mod\u00e8le \u00e9conomique de la technologie se servir de lui.<\/span><\/p>\n<p><span style=\"color: #000000;\">L\u2019accord am\u00e9ricain avec Meta constitue donc davantage qu\u2019un r\u00e8glement financier. Il pourrait annoncer un changement de philosophie : les entreprises technologiques ne peuvent plus demander \u00e0 la soci\u00e9t\u00e9 de supporter seule les cons\u00e9quences de produits con\u00e7us pour retenir l\u2019attention. La question n\u2019est d\u00e9sormais plus de savoir si les r\u00e9seaux sociaux doivent \u00eatre r\u00e9glement\u00e9s, mais jusqu\u2019o\u00f9 les \u00c9tats sont pr\u00eats \u00e0 aller pour prot\u00e9ger toute une g\u00e9n\u00e9ration qui grandit avec un smartphone dans la main.<\/span><\/p>\n<p style=\"text-align: center;\"><span style=\"color: #000000;\"><strong>\u00a0<\/strong><strong>* \u00a0* \u00a0*<\/strong><\/span><\/p>\n<h4 style=\"text-align: center;\"><span style=\"color: #800000;\"><strong>Justice mauricienne : 70 269 affaires en attente, l\u2019urgence d\u2019une r\u00e9forme syst\u00e9mique<\/strong><\/span><\/h4>\n<p><span style=\"color: #000000;\">Le rapport annuel du judiciaire pour 2025 dresse un constat \u00e0 la fois pr\u00e9occupant et r\u00e9v\u00e9lateur : la justice mauricienne traite un volume consid\u00e9rable d\u2019affaires, mais peine \u00e0 r\u00e9duire son stock de dossiers en attente. Au 31 d\u00e9cembre 2025, pas moins de 70 269 affaires demeuraient en attente de jugement devant les tribunaux, contre 66 919 un an plus t\u00f4t, soit une progression de 5 %. \u00c0 lui seul, ce chiffre traduit l\u2019ampleur du d\u00e9fi auquel fait face l\u2019appareil judiciaire.<\/span><\/p>\n<p style=\"text-align: center;\"><span style=\"color: #000000;\"><img data-recalc-dims=\"1\" loading=\"lazy\" decoding=\"async\" data-attachment-id=\"46712\" data-permalink=\"https:\/\/www.mauritiustimes.com\/mt\/reseaux-sociaux-et-adolescents-le-monde-commence-enfin-a-sattaquer-a-laddiction-numerique\/e-justice-mauricienne\/\" data-orig-file=\"https:\/\/i0.wp.com\/www.mauritiustimes.com\/mt\/wp-content\/uploads\/2026\/08\/E-Justice-mauricienne.jpg?fit=1200%2C655&amp;ssl=1\" data-orig-size=\"1200,655\" data-comments-opened=\"1\" data-image-meta=\"{&quot;aperture&quot;:&quot;0&quot;,&quot;credit&quot;:&quot;&quot;,&quot;camera&quot;:&quot;&quot;,&quot;caption&quot;:&quot;&quot;,&quot;created_timestamp&quot;:&quot;0&quot;,&quot;copyright&quot;:&quot;&quot;,&quot;focal_length&quot;:&quot;0&quot;,&quot;iso&quot;:&quot;0&quot;,&quot;shutter_speed&quot;:&quot;0&quot;,&quot;title&quot;:&quot;&quot;,&quot;orientation&quot;:&quot;0&quot;,&quot;alt&quot;:&quot;&quot;}\" data-image-title=\"E &amp;#8212; Justice mauricienne\" data-image-description=\"\" data-image-caption=\"\" data-large-file=\"https:\/\/i0.wp.com\/www.mauritiustimes.com\/mt\/wp-content\/uploads\/2026\/08\/E-Justice-mauricienne.jpg?fit=640%2C349&amp;ssl=1\" class=\"aligncenter size-full wp-image-46712\" src=\"https:\/\/i0.wp.com\/www.mauritiustimes.com\/mt\/wp-content\/uploads\/2026\/08\/E-Justice-mauricienne.jpg?resize=640%2C349&#038;ssl=1\" alt=\"\" width=\"640\" height=\"349\" srcset=\"https:\/\/i0.wp.com\/www.mauritiustimes.com\/mt\/wp-content\/uploads\/2026\/08\/E-Justice-mauricienne.jpg?w=1200&amp;ssl=1 1200w, https:\/\/i0.wp.com\/www.mauritiustimes.com\/mt\/wp-content\/uploads\/2026\/08\/E-Justice-mauricienne.jpg?resize=300%2C164&amp;ssl=1 300w, https:\/\/i0.wp.com\/www.mauritiustimes.com\/mt\/wp-content\/uploads\/2026\/08\/E-Justice-mauricienne.jpg?resize=1024%2C559&amp;ssl=1 1024w, https:\/\/i0.wp.com\/www.mauritiustimes.com\/mt\/wp-content\/uploads\/2026\/08\/E-Justice-mauricienne.jpg?resize=768%2C419&amp;ssl=1 768w\" sizes=\"auto, (max-width: 640px) 100vw, 640px\" \/><\/span><span style=\"color: #ff6600;\"><strong>Une justice efficace repose autant sur la discipline proc\u00e9durale et la pr\u00e9paration des dossiers que sur les ressources judiciaires et le respect des d\u00e9lais par tous les acteurs<\/strong><\/span><\/p>\n<p><span style=\"color: #000000;\">La situation est particuli\u00e8rement pr\u00e9occupante au p\u00e9nal. Sur l\u2019ensemble des affaires en attente, 57 212 sont criminelles, contre 13 057 civiles. Dans le m\u00eame temps, le nombre de nouvelles affaires continue d\u2019augmenter. En 2025, 92 649 dossiers ont \u00e9t\u00e9 introduits devant les juridictions mauriciennes, contre 88 586 en 2024, soit une hausse de 4,6 %. Les nouvelles affaires criminelles ont notamment atteint 78 189, contre 74 384 l\u2019ann\u00e9e pr\u00e9c\u00e9dente.<\/span><\/p>\n<p><span style=\"color: #000000;\">Le probl\u00e8me n\u2019est donc pas simplement celui d\u2019une justice qui fonctionnerait lentement. Il s\u2019agit d\u2019un d\u00e9s\u00e9quilibre entre le nombre de dossiers qui entrent dans le syst\u00e8me et la capacit\u00e9 de celui-ci \u00e0 les traiter rapidement. En 2025, 88 470 affaires ont \u00e9t\u00e9 dispos\u00e9es, contre 93 521 en 2024. Autrement dit, davantage de dossiers sont entr\u00e9s alors que le nombre de dossiers trait\u00e9s a diminu\u00e9. D\u00e8s lors, le stock ne pouvait que s\u2019accro\u00eetre.<\/span><\/p>\n<p><span style=\"color: #000000;\">Paradoxalement, le rapport fait \u00e9galement \u00e9tat d\u2019une progression importante des condamnations. Quelque 48 231 infractions p\u00e9nales ont abouti \u00e0 une condamnation en 2025, contre 43 554 en 2024, soit une augmentation de 10,7 %. Les hausses sont particuli\u00e8rement fortes pour les agressions (+79,1 %), les vols qualifi\u00e9s (+44,1 %) et les affaires de fraude, faux et contrefa\u00e7on (+79,7 %). Les condamnations pour homicide ont \u00e9galement progress\u00e9 de 23,5 %.<\/span><\/p>\n<p><span style=\"color: #000000;\">Toutefois, il convient de ne pas confondre condamnation et emprisonnement. Sur les 48 231 condamnations prononc\u00e9es, seulement 5 966, soit 12,4 %, ont entra\u00een\u00e9 une peine privative de libert\u00e9. Les autres sanctions ont notamment pris la forme d\u2019amendes, de travaux communautaires ou de mesures de probation.<\/span><\/p>\n<p><span style=\"color: #000000;\">Les chiffres des Assises sont, eux aussi, significatifs. Les condamnations sont pass\u00e9es de 54 en 2024 \u00e0 104 en 2025. Les condamnations pour infractions li\u00e9es aux drogues ont plus que doubl\u00e9, passant de 30 \u00e0 63, tandis que celles pour meurtre sont rest\u00e9es stables, \u00e0 sept.<\/span><\/p>\n<p><span style=\"color: #000000;\">La criminalit\u00e9 financi\u00e8re constitue un autre foyer de pression. \u00c0 la <em>Financial Crimes Division<\/em>\u00a0de la cour interm\u00e9diaire, 74 affaires ont \u00e9t\u00e9 enregistr\u00e9es en 2025, contre 60 en 2024. Mais seulement 46 dossiers ont \u00e9t\u00e9 dispos\u00e9s, contre 58 l\u2019ann\u00e9e pr\u00e9c\u00e9dente. Le stock est ainsi pass\u00e9 de 148 \u00e0 176 affaires. \u00c0 la cour interm\u00e9diaire, les nouvelles affaires criminelles ont bondi de 282 \u00e0 430, soit 52,5 % de plus.<\/span><\/p>\n<p><span style=\"color: #000000;\">Derri\u00e8re ces statistiques se trouve \u00e9galement un probl\u00e8me r\u00e9current : les audiences qui n\u2019aboutissent pas comme pr\u00e9vu. L\u2019absence de t\u00e9moins repr\u00e9sentait 40,3 % des raisons de report le jour m\u00eame du proc\u00e8s. Dans les cours de district, cette proportion atteignait 44,4 %. \u00c0 la <em>Financial Crimes Division<\/em>, les motions pr\u00e9sent\u00e9es par les avocats repr\u00e9sentaient 55,4 % des reports.<\/span><\/p>\n<p><span style=\"color: #000000;\">Cette r\u00e9alit\u00e9 soul\u00e8ve une question essentielle : combien de temps et de ressources sont perdus lorsque les audiences sont fix\u00e9es sans que toutes les conditions n\u00e9cessaires \u00e0 leur tenue soient r\u00e9unies ? Une justice efficace ne d\u00e9pend pas uniquement du nombre de juges, de magistrats ou de salles d\u2019audience. Elle d\u00e9pend aussi de la discipline proc\u00e9durale, de la disponibilit\u00e9 des t\u00e9moins, de la pr\u00e9paration des dossiers et de la capacit\u00e9 de tous les acteurs \u00e0 respecter les \u00e9ch\u00e9ances.<\/span><\/p>\n<p><span style=\"color: #000000;\">Les cours de district restent au c\u0153ur de cette activit\u00e9. Elles ont enregistr\u00e9 81 932 affaires civiles et criminelles en 2025, contre 78 489 en 2024. Pourtant, les affaires cl\u00f4tur\u00e9es sont pass\u00e9es de 82 619 \u00e0 77 698. La cour de district de Pamplemousses, \u00e0 elle seule, a enregistr\u00e9 11 686 nouvelles affaires dans les juridictions rurales.<\/span><\/p>\n<p><span style=\"color: #000000;\">Le rapport r\u00e9v\u00e8le aussi une r\u00e9alit\u00e9 sociale pr\u00e9occupante : les demandes relevant de la \u201cProtection from Domestic Violence Act\u201d sont pass\u00e9es de 1 507 \u00e0 1 709. Sur les 1 690 demandes re\u00e7ues en 2025, 1 667 concernaient des \u201cProtection Orders\u201d et 93 % des demandes introduites par des conjoints ou partenaires provenaient de femmes.<\/span><\/p>\n<p style=\"text-align: center;\"><span style=\"color: #000000;\"><strong>* \u00a0* \u00a0*<\/strong><\/span><\/p>\n<h4 style=\"text-align: center;\"><span style=\"color: #800000;\"><strong>Canada\u2013\u00c9tats-Unis : quand le commerce devient un rapport de forces<\/strong><\/span><\/h4>\n<p><span style=\"color: #000000;\">La confrontation commerciale entre le Canada et les \u00c9tats-Unis prend une tournure qui d\u00e9passe largement la question des droits de douane. Elle pose une question fondamentale : jusqu\u2019o\u00f9 un pays doit-il accepter les exigences d\u2019un voisin beaucoup plus puissant pour pr\u00e9server une relation \u00e9conomique privil\u00e9gi\u00e9e ?<\/span><\/p>\n<p style=\"text-align: center;\"><span style=\"color: #000000;\"><img data-recalc-dims=\"1\" loading=\"lazy\" decoding=\"async\" data-attachment-id=\"46713\" data-permalink=\"https:\/\/www.mauritiustimes.com\/mt\/reseaux-sociaux-et-adolescents-le-monde-commence-enfin-a-sattaquer-a-laddiction-numerique\/e-mark-carney-donald-trump-p-adrian-wyld-ap\/\" data-orig-file=\"https:\/\/i0.wp.com\/www.mauritiustimes.com\/mt\/wp-content\/uploads\/2026\/08\/E-Mark-Carney-Donald-Trump-P-Adrian-Wyld-AP.jpg?fit=1200%2C603&amp;ssl=1\" data-orig-size=\"1200,603\" data-comments-opened=\"1\" data-image-meta=\"{&quot;aperture&quot;:&quot;0&quot;,&quot;credit&quot;:&quot;&quot;,&quot;camera&quot;:&quot;&quot;,&quot;caption&quot;:&quot;&quot;,&quot;created_timestamp&quot;:&quot;0&quot;,&quot;copyright&quot;:&quot;&quot;,&quot;focal_length&quot;:&quot;0&quot;,&quot;iso&quot;:&quot;0&quot;,&quot;shutter_speed&quot;:&quot;0&quot;,&quot;title&quot;:&quot;&quot;,&quot;orientation&quot;:&quot;0&quot;,&quot;alt&quot;:&quot;&quot;}\" data-image-title=\"E &amp;#8211; Mark Carney &amp;#038; Donald Trump &amp;#8211; P &amp;#8211; Adrian Wyld-AP\" data-image-description=\"\" data-image-caption=\"\" data-large-file=\"https:\/\/i0.wp.com\/www.mauritiustimes.com\/mt\/wp-content\/uploads\/2026\/08\/E-Mark-Carney-Donald-Trump-P-Adrian-Wyld-AP.jpg?fit=640%2C322&amp;ssl=1\" class=\"aligncenter size-full wp-image-46713\" src=\"https:\/\/i0.wp.com\/www.mauritiustimes.com\/mt\/wp-content\/uploads\/2026\/08\/E-Mark-Carney-Donald-Trump-P-Adrian-Wyld-AP.jpg?resize=640%2C322&#038;ssl=1\" alt=\"\" width=\"640\" height=\"322\" srcset=\"https:\/\/i0.wp.com\/www.mauritiustimes.com\/mt\/wp-content\/uploads\/2026\/08\/E-Mark-Carney-Donald-Trump-P-Adrian-Wyld-AP.jpg?w=1200&amp;ssl=1 1200w, https:\/\/i0.wp.com\/www.mauritiustimes.com\/mt\/wp-content\/uploads\/2026\/08\/E-Mark-Carney-Donald-Trump-P-Adrian-Wyld-AP.jpg?resize=300%2C151&amp;ssl=1 300w, https:\/\/i0.wp.com\/www.mauritiustimes.com\/mt\/wp-content\/uploads\/2026\/08\/E-Mark-Carney-Donald-Trump-P-Adrian-Wyld-AP.jpg?resize=1024%2C515&amp;ssl=1 1024w, https:\/\/i0.wp.com\/www.mauritiustimes.com\/mt\/wp-content\/uploads\/2026\/08\/E-Mark-Carney-Donald-Trump-P-Adrian-Wyld-AP.jpg?resize=768%2C386&amp;ssl=1 768w\" sizes=\"auto, (max-width: 640px) 100vw, 640px\" \/><\/span><span style=\"color: #ff6600;\"><strong>Pour Mark Carney, le Canada ne peut \u00ab battre \u00bb les \u00c9tats-Unis, mais peut leur montrer que la pression permanente a un co\u00fbt et qu\u2019un partenaire \u00e9conomique n\u2019est pas un pays vassal. <\/strong><strong>P &#8211;<\/strong><strong>\u00a0<\/strong><strong>Adrian Wyld-AP<\/strong><\/span><\/p>\n<p><span style=\"color: #000000;\">Dans une analyse publi\u00e9e le 26 ao\u00fbt 2026, Eric Van Rythoven, charg\u00e9 de cours en sciences politiques \u00e0 Carleton University, examine le changement spectaculaire de posture du Premier ministre canadien Mark Carney face \u00e0 Donald Trump. Apr\u00e8s avoir privil\u00e9gi\u00e9 la conciliation, Ottawa a d\u00e9cid\u00e9 de suspendre les n\u00e9gociations commerciales avec Washington, estimant que les derni\u00e8res propositions am\u00e9ricaines \u00e9taient \u00ab injustes, non \u00e9conomiques \u00bb et remettaient en cause la fiabilit\u00e9 d\u2019un \u00e9ventuel accord.<\/span><\/p>\n<p><span style=\"color: #000000;\">Cette rupture intervient alors que les nouveaux tarifs douaniers am\u00e9ricains de 50 % frappant certains produits canadiens viennent d\u2019entrer en vigueur. Selon les premi\u00e8res estimations cit\u00e9es par Van Rythoven, quelque 90 000 emplois canadiens pourraient \u00eatre menac\u00e9s.<\/span><\/p>\n<p><span style=\"color: #000000;\">Le changement est d\u2019autant plus significatif que Carney avait jusqu\u2019ici adopt\u00e9 une approche prudente. En mai, il plaidait encore pour une plus grande int\u00e9gration \u00e9conomique entre les deux pays. Mais Washington aurait finalement demand\u00e9 beaucoup plus qu\u2019il n\u2019\u00e9tait dispos\u00e9 \u00e0 offrir. Le Canada devait notamment accepter des droits de douane \u00e9lev\u00e9s sur l\u2019automobile, l\u2019acier, l\u2019aluminium et le bois, tout en faisant face \u00e0 des demandes touchant directement certains aspects de sa souverainet\u00e9.<\/span><\/p>\n<p><span style=\"color: #000000;\">Parmi les exigences les plus sensibles figureraient celles concernant la protection de la langue fran\u00e7aise et la capacit\u00e9 du Canada \u00e0 choisir librement ses partenaires commerciaux. Carney a r\u00e9sum\u00e9 sa position en des termes particuli\u00e8rement fermes : le Canada ne peut accepter ce qui lui est propos\u00e9 ni donner ce qui lui est demand\u00e9.<\/span><\/p>\n<p><span style=\"color: #000000;\">C\u2019est l\u00e0 que se situe, \u00e0 mon sens, l\u2019enjeu essentiel de cette crise. Un accord commercial ne peut \u00eatre durable lorsqu\u2019il devient un instrument de pression politique et qu\u2019une partie cherche \u00e0 imposer \u00e0 l\u2019autre des concessions qui d\u00e9passent le strict cadre \u00e9conomique. Le libre-\u00e9change suppose normalement des avantages r\u00e9ciproques et des r\u00e8gles relativement pr\u00e9visibles. Lorsque les tarifs douaniers deviennent un moyen de contraindre un partenaire \u00e0 modifier ses politiques int\u00e9rieures, la logique commerciale c\u00e8de la place au rapport de forces.<\/span><\/p>\n<p><span style=\"color: #000000;\">La riposte canadienne marque donc un tournant. Alors qu\u2019une majorit\u00e9 de Canadiens se d\u00e9clarait d\u00e9j\u00e0 favorable \u00e0 des mesures de repr\u00e9sailles, Carney s\u2019est d\u00e9sormais engag\u00e9 \u00e0 r\u00e9pondre dollar pour dollar. Certains responsables politiques vont m\u00eame plus loin, envisageant des mesures touchant la coop\u00e9ration militaire et les achats d\u2019\u00e9quipements am\u00e9ricains.<\/span><\/p>\n<p><span style=\"color: #000000;\">Mais le Canada doit \u00e9galement \u00e9viter de tomber dans le pi\u00e8ge d\u2019une escalade incontr\u00f4l\u00e9e. Les \u00c9tats-Unis demeurent de loin l\u2019\u00e9conomie la plus puissante et disposent d\u2019une capacit\u00e9 de nuisance consid\u00e9rable. Une guerre commerciale prolong\u00e9e pourrait co\u00fbter cher aux deux pays, notamment aux consommateurs et aux entreprises.<\/span><\/p>\n<p><span style=\"color: #000000;\">Van Rythoven souligne toutefois une faiblesse souvent sous-estim\u00e9e de Washington : sa d\u00e9pendance \u00e0 certains produits canadiens essentiels, notamment le p\u00e9trole, l\u2019\u00e9lectricit\u00e9, l\u2019aluminium et le bois. Les repr\u00e9sailles canadiennes peuvent donc \u00e9galement provoquer une hausse des co\u00fbts pour les entreprises et les consommateurs am\u00e9ricains. Le rapport de forces n\u2019est pas aussi simple qu\u2019il y para\u00eet.<\/span><\/p>\n<p><span style=\"color: #000000;\">Plus profond\u00e9ment, cette crise oblige le Canada \u00e0 revoir sa conception de ses relations avec son voisin. Pendant longtemps, Ottawa a consid\u00e9r\u00e9 les tensions avec une administration Trump comme temporaires, en esp\u00e9rant un retour \u00e0 la normalit\u00e9 apr\u00e8s son d\u00e9part. Une autre vision s\u2019impose d\u00e9sormais : si les exigences am\u00e9ricaines restent sans r\u00e9ponse, elles pourraient cr\u00e9er un pr\u00e9c\u00e9dent dont de futures administrations seraient tent\u00e9es de s\u2019inspirer.<\/span><\/p>\n<p><span style=\"color: #000000;\">La le\u00e7on d\u00e9passe d\u2019ailleurs le Canada. Face \u00e0 une grande puissance, la meilleure r\u00e9ponse n\u2019est pas n\u00e9cessairement la confrontation, mais la capacit\u00e9 \u00e0 d\u00e9finir clairement ses lignes rouges et \u00e0 d\u00e9fendre ses int\u00e9r\u00eats avec sang-froid. La fermet\u00e9 n\u2019exclut pas le dialogue ; elle peut &#8211; au contraire &#8211; lui donner un cadre plus \u00e9quilibr\u00e9.<\/span><\/p>\n<p><span style=\"color: #000000;\">Pour Mark Carney, le v\u00e9ritable d\u00e9fi sera donc de transformer cette nouvelle fermet\u00e9 en strat\u00e9gie durable. Il ne s\u2019agit pas de \u00ab battre \u00bb les \u00c9tats-Unis &#8211; le Canada ne le peut pas &#8211; mais de d\u00e9montrer qu\u2019une relation fond\u00e9e sur la pression permanente a \u00e9galement un co\u00fbt pour Washington. Dans ce bras de fer, le Canada ne cherche peut-\u00eatre pas la victoire. Il cherche surtout \u00e0 rappeler qu\u2019un partenaire \u00e9conomique n\u2019est pas un pays vassal.<\/span><\/p>\n<p style=\"text-align: center;\"><span style=\"color: #000000;\"><strong>\u00a0<\/strong><strong>* \u00a0* \u00a0*<\/strong><\/span><\/p>\n<h4 style=\"text-align: center;\"><span style=\"color: #800000;\"><strong>Investissements directs \u00e9trangers : Maurice confirme son attractivit\u00e9, mais fait face au d\u00e9fi de la diversification<\/strong><\/span><\/h4>\n<p><span style=\"color: #000000;\">Les chiffres r\u00e9cents de la Banque de Maurice confirment la vitalit\u00e9 des investissements directs \u00e9trangers (IDE). Apr\u00e8s une ann\u00e9e 2025 particuli\u00e8rement dynamique marqu\u00e9e par des flux bruts hors Global Business atteignant 48 milliards de roupies &#8212; soit une progression de pr\u00e8s de 46 % sur un an \u2014, la tendance se maintient en ce d\u00e9but d\u2019ann\u00e9e 2026, avec pr\u00e8s de 6 milliards enregistr\u00e9s d\u00e8s le premier trimestre.<\/span><\/p>\n<p><span style=\"color: #000000;\">Ce rebond spectaculaire, loin des creux de la p\u00e9riode pand\u00e9mique, t\u00e9moigne de la confiance renouvel\u00e9e des investisseurs internationaux, men\u00e9s par le Royaume-Uni, la France et l\u2019Afrique du Sud.<\/span><\/p>\n<p><span style=\"color: #000000;\">Cependant, cette embellie financi\u00e8re met en lumi\u00e8re une vuln\u00e9rabilit\u00e9 structurelle bien connue : l\u2019hyper-concentration des capitaux. En 2025, l\u2019immobilier et la finance ont capt\u00e9 \u00e0 eux seuls plus de 83 % des IDE (environ 45 % pour la pierre \u00e0 travers les r\u00e9gimes d\u00e9di\u00e9s tels que l\u2019IRS, le PDS ou les Smart Cities, et pr\u00e8s de 40 % pour les services financiers et d\u2019assurance). \u00c0 l\u2019inverse, les secteurs productifs et manufacturiers continuent de marquer le pas.<\/span><\/p>\n<p style=\"text-align: center;\"><span style=\"color: #000000;\"><strong>Les pi\u00e8ges d\u2019une d\u00e9pendance excessive \u00e0 l\u2019immobilier <\/strong><\/span><\/p>\n<p><span style=\"color: #000000;\"><strong>\u00a0<\/strong>L\u2019orientation massive des IDE vers l\u2019immobilier de prestige et les programmes r\u00e9sidentiels g\u00e9n\u00e8re des rendements \u00e0 court terme, mais comporte des risques macro\u00e9conomiques et sociaux consid\u00e9rables qui ont \u00e9t\u00e9 amplement document\u00e9s \u00e0 travers le monde.<\/span><\/p>\n<p><span style=\"color: #000000;\">L\u2019inflation fonci\u00e8re et l\u2019exclusion des r\u00e9sidents locaux : Lorsque les flux \u00e9trangers se d\u00e9versent massivement dans la pierre, les prix des terrains et de l\u2019immobilier r\u00e9sidentiel se d\u00e9connectent rapidement du pouvoir d\u2019achat de la population locale. Ce ph\u00e9nom\u00e8ne cr\u00e9e une crise du logement end\u00e9mique, rendant l&#8217;acc\u00e8s \u00e0 la propri\u00e9t\u00e9 quasi impossible pour les jeunes m\u00e9nages et les classes moyennes.<\/span><\/p>\n<p><span style=\"color: #000000;\"><strong><b>La vuln\u00e9rabilit\u00e9 macro\u00e9conomique : <\/b><\/strong>Une \u00e9conomie trop d\u00e9pendante de la construction et de la promotion immobili\u00e8re devient extr\u00eamement sensible aux fluctuations des march\u00e9s internationaux, aux taux d\u2019int\u00e9r\u00eat mondiaux et \u00e0 la confiance des investisseurs fortun\u00e9s. En cas de retournement conjoncturel, c&#8217;est toute la cha\u00eene de valeur (b\u00e2timent, emplois induits, services) qui subit un choc brutal.<\/span><\/p>\n<p><span style=\"color: #000000;\"><strong><b>Le mythe de la diversification productive : <\/b><\/strong>Contrairement aux investissements dans l\u2019industrie manufacturi\u00e8re de pointe, les technologies ou les services \u00e0 forte valeur ajout\u00e9e, l\u2019immobilier ne g\u00e9n\u00e8re qu\u2019un nombre limit\u00e9 d\u2019emplois durables et qualifi\u00e9s \u00e0 long terme, tout en exer\u00e7ant une pression accrue sur les infrastructures publiques (routes, eau, \u00e9lectricit\u00e9, gestion des d\u00e9chets).<\/span><\/p>\n<p style=\"text-align: center;\"><span style=\"color: #000000;\"><strong>Surchauffe immobili\u00e8re li\u00e9e aux IDE : quelles solutions \u00e0 l\u2019\u00e9tranger ?<\/strong><\/span><\/p>\n<p><span style=\"color: #000000;\"><strong>\u00a0<\/strong>Face \u00e0 la flamb\u00e9e des prix et aux pressions sp\u00e9culatives, plusieurs nations ont mis en place des mesures \u00e9nergiques pour r\u00e9guler l\u2019investissement \u00e9tranger dans l\u2019immobilier.<\/span><\/p>\n<p><span style=\"color: #000000;\"><strong>La Nouvelle-Z\u00e9lande :<\/strong>\u00a0Le pays a adopt\u00e9 d\u00e8s 2018 la loi sur l&#8217;interdiction des achats de biens immobiliers r\u00e9sidentiels par des non-r\u00e9sidents (&#8216;Overseas Investment Amendment Act&#8217;), visant sp\u00e9cifiquement \u00e0 freiner la sp\u00e9culation internationale et \u00e0 prot\u00e9ger son march\u00e9 local du logement.<\/span><\/p>\n<p><span style=\"color: #000000;\"><strong>Le Canada :<\/strong>\u00a0Ottawa a introduit des interdictions temporaires sur l\u2019achat de logements r\u00e9sidentiels par des non-Canadiens, tout en instaurant des taxes f\u00e9d\u00e9rales et provinciales alourdies sur les biens vacants ou d\u00e9tenus par des non-r\u00e9sidents pour d\u00e9courager les acquisitions purement sp\u00e9culatives.<\/span><\/p>\n<p><span style=\"color: #000000;\"><strong>Singapour :<\/strong>\u00a0C\u00e9l\u00e8bre pour sa ma\u00eetrise du march\u00e9 foncier, la cit\u00e9-\u00c9tat impose des droits de mutation additionnels tr\u00e8s \u00e9lev\u00e9s (&#8216;Additional Buyer&#8217;s Stamp Duty&#8217; ou ABSD) pour les acheteurs \u00e9trangers &#8212; pouvant atteindre des taux dissuasifs &#8211;, prot\u00e9geant ainsi l&#8217;accessibilit\u00e9 au logement pour ses citoyens tout en canalisant les IDE vers des secteurs technologiques et industriels de pointe.<\/span><\/p>\n<p style=\"text-align: center;\"><span style=\"color: #000000;\"><strong>Le d\u00e9fi mauricien<\/strong><\/span><\/p>\n<p><span style=\"color: #000000;\">Pour Maurice, le d\u00e9fi des prochaines ann\u00e9es ne consiste plus seulement \u00e0 attirer des volumes de capitaux, mais \u00e0 en orienter la trajectoire. Transformer cette attractivit\u00e9 financi\u00e8re et immobili\u00e8re en un v\u00e9ritable levier de transformation structurelle exigera des incitations audacieuses en faveur de l&#8217;innovation, de la transition \u00e9nerg\u00e9tique et des industries d&#8217;exportation.<\/span><\/p>\n<p><span style=\"color: #000000;\">Faute d&#8217;une telle r\u00e9orientation, le pays risque de b\u00e2tir sa croissance sur des sables mouvants, o\u00f9 la prosp\u00e9rit\u00e9 affich\u00e9e par la pierre se paiera par une fracture sociale et un co\u00fbt de la vie intenable pour les Mauriciens.<\/span><\/p>\n<hr \/>\n<p><span style=\"color: #003300;\">Mauritius Times ePaper Friday 28 August 2026<\/span><\/p>\n","protected":false},"excerpt":{"rendered":"<p>Eclairages<\/p>\n","protected":false},"author":424,"featured_media":46711,"comment_status":"open","ping_status":"open","sticky":false,"template":"","format":"standard","meta":{"_jetpack_newsletter_access":"","_jetpack_dont_email_post_to_subs":false,"_jetpack_newsletter_tier_id":0,"_jetpack_memberships_contains_paywalled_content":false,"_jetpack_feature_clip_id":0,"_jetpack_memberships_contains_paid_content":false,"footnotes":"","jetpack_publicize_message":"","jetpack_publicize_feature_enabled":true,"jetpack_social_post_already_shared":true,"jetpack_social_options":{"image_generator_settings":{"template":"highway","default_image_id":0,"font":"","enabled":false},"version":2},"jetpack_post_was_ever_published":false},"categories":[6,19379],"tags":[36546,62294,62293,62723,62722,62720,6795,31373,52165,46969,33343,4492,62729,6905,34280,56432,42256,6162,62726,52713,62287,62731,95,55139,62728,22166,1193,26454,36569,3835,5601,52162,61364,43319,62734,61658,45623,26633,62730,7009,62733,59965,36762,5109,4787,62719,36,43573,11148,23413,41819,62732,62296,62721,62724,47017,7015,821,62735,2514,44084,45975,52161,40602,62725,62717,61314,21944,62718,62727],"class_list":["post-46710","post","type-post","status-publish","format-standard","has-post-thumbnail","hentry","category-latest-news","category-opinion","tag-a-bartleby","tag-addiction-numerique","tag-adolescents","tag-affaires-civiles","tag-affaires-criminelles","tag-affaires-en-attente","tag-afrique-du-sud","tag-algorithmes","tag-aluminium","tag-assises","tag-australie","tag-banque-de-maurice","tag-bois-investissements-directs-etrangers","tag-classes-moyennes","tag-commerce","tag-condamnations","tag-construction","tag-cour-intermediaire","tag-cours-de-district","tag-criminalite-financiere","tag-cyberharcelement","tag-diversification-immobilier","tag-donald-trump","tag-droits-de-douane","tag-economie-canadienne","tag-etats-unis","tag-facebook","tag-finance","tag-financial-crimes-division","tag-france","tag-global-business","tag-guerre-commerciale","tag-ide","tag-immobilier","tag-industrie-manufacturiere","tag-inflation-fonciere","tag-infrastructures-publiques","tag-instagram","tag-investisseurs-internationaux","tag-irs","tag-jeunes-menages","tag-libre-echange","tag-logement","tag-mark-carney","tag-maurice","tag-maurice-justice-mauricienne","tag-mauritius-times","tag-meta","tag-pds","tag-petrole","tag-pouvoir-dachat","tag-prix-des-terrains","tag-protection-des-enfants","tag-reforme-judiciaire","tag-reports-daudience","tag-represailles","tag-reseaux-sociaux","tag-royaume-uni","tag-services-a-forte-valeur-ajoutee","tag-smart-cities","tag-souverainete","tag-speculation","tag-tarifs-douaniers","tag-technologies","tag-temoins","tag-temps-decran","tag-tribunaux","tag-union-europeenne","tag-verification-de-lage","tag-violence-domestique-canada"],"jetpack_publicize_connections":[],"jetpack_sharing_enabled":true,"jetpack_shortlink":"https:\/\/wp.me\/p8QzSF-c9o","jetpack_featured_media_url":"https:\/\/i0.wp.com\/www.mauritiustimes.com\/mt\/wp-content\/uploads\/2026\/08\/E-Reseaux-sociaux-3.jpg?fit=1200%2C805&ssl=1","_links":{"self":[{"href":"https:\/\/www.mauritiustimes.com\/mt\/wp-json\/wp\/v2\/posts\/46710","targetHints":{"allow":["GET"]}}],"collection":[{"href":"https:\/\/www.mauritiustimes.com\/mt\/wp-json\/wp\/v2\/posts"}],"about":[{"href":"https:\/\/www.mauritiustimes.com\/mt\/wp-json\/wp\/v2\/types\/post"}],"author":[{"embeddable":true,"href":"https:\/\/www.mauritiustimes.com\/mt\/wp-json\/wp\/v2\/users\/424"}],"replies":[{"embeddable":true,"href":"https:\/\/www.mauritiustimes.com\/mt\/wp-json\/wp\/v2\/comments?post=46710"}],"version-history":[{"count":1,"href":"https:\/\/www.mauritiustimes.com\/mt\/wp-json\/wp\/v2\/posts\/46710\/revisions"}],"predecessor-version":[{"id":46714,"href":"https:\/\/www.mauritiustimes.com\/mt\/wp-json\/wp\/v2\/posts\/46710\/revisions\/46714"}],"wp:featuredmedia":[{"embeddable":true,"href":"https:\/\/www.mauritiustimes.com\/mt\/wp-json\/wp\/v2\/media\/46711"}],"wp:attachment":[{"href":"https:\/\/www.mauritiustimes.com\/mt\/wp-json\/wp\/v2\/media?parent=46710"}],"wp:term":[{"taxonomy":"category","embeddable":true,"href":"https:\/\/www.mauritiustimes.com\/mt\/wp-json\/wp\/v2\/categories?post=46710"},{"taxonomy":"post_tag","embeddable":true,"href":"https:\/\/www.mauritiustimes.com\/mt\/wp-json\/wp\/v2\/tags?post=46710"}],"curies":[{"name":"wp","href":"https:\/\/api.w.org\/{rel}","templated":true}]}}