{"id":4671,"date":"2016-12-05T03:58:11","date_gmt":"2016-12-05T03:58:11","guid":{"rendered":"http:\/\/mauritiustimes.com\/mt\/2016\/12\/05\/interview-cassam-uteem\/"},"modified":"2017-07-24T13:11:09","modified_gmt":"2017-07-24T09:11:09","slug":"interview-cassam-uteem","status":"publish","type":"post","link":"https:\/\/www.mauritiustimes.com\/mt\/interview-cassam-uteem\/","title":{"rendered":"\u2018Maurice souffre d\u2019un manque de leadership chronique. Certains s\u2019interrogent m\u00eame s\u2019il y aurait un pilote \u00e0 bord !\u2019"},"content":{"rendered":"<p><!-- [if gte mso 9]><xml> <w:WordDocument> <w:View>Normal<\/w:View> <w:Zoom>0<\/w:Zoom> <w:TrackMoves \/> <w:TrackFormatting \/> <w:PunctuationKerning \/> <w:ValidateAgainstSchemas \/> <w:SaveIfXMLInvalid>false<\/w:SaveIfXMLInvalid> <w:IgnoreMixedContent>false<\/w:IgnoreMixedContent> <w:AlwaysShowPlaceholderText>false<\/w:AlwaysShowPlaceholderText> <w:DoNotPromoteQF \/> <w:LidThemeOther>EN-GB<\/w:LidThemeOther> <w:LidThemeAsian>X-NONE<\/w:LidThemeAsian> <w:LidThemeComplexScript>X-NONE<\/w:LidThemeComplexScript> <w:Compatibility> <w:BreakWrappedTables \/> <w:SnapToGridInCell \/> <w:WrapTextWithPunct \/> <w:UseAsianBreakRules \/> <w:DontGrowAutofit \/> <w:SplitPgBreakAndParaMark \/> <w:DontVertAlignCellWithSp \/> <w:DontBreakConstrainedForcedTables \/> <w:DontVertAlignInTxbx \/> <w:Word11KerningPairs \/> <w:CachedColBalance \/> <\/w:Compatibility> <w:BrowserLevel>MicrosoftInternetExplorer4<\/w:BrowserLevel> <m:mathPr> <m:mathFont m:val=\"Cambria Math\" \/> <m:brkBin m:val=\"before\" \/> <m:brkBinSub m:val=\" \" \/> <m:smallFrac m:val=\"off\" \/> <m:dispDef \/> <m:lMargin m:val=\"0\" \/> <m:rMargin m:val=\"0\" \/> <m:defJc m:val=\"centerGroup\" \/> <m:wrapIndent m:val=\"1440\" \/> <m:intLim m:val=\"subSup\" \/> <m:naryLim m:val=\"undOvr\" \/> <\/m:mathPr><\/w:WordDocument> <\/xml><![endif]--><\/p>\n<p style=\"text-align: center;\"><!-- [if gte mso 9]><xml> <w:LatentStyles DefLockedState=\"false\" DefUnhideWhenUsed=\"true\"   DefSemiHidden=\"true\" DefQFormat=\"false\" DefPriority=\"99\"   LatentStyleCount=\"267\"> <w:LsdException Locked=\"false\" Priority=\"0\" SemiHidden=\"false\"    UnhideWhenUsed=\"false\" QFormat=\"true\" Name=\"Normal\" \/> <w:LsdException Locked=\"false\" Priority=\"9\" SemiHidden=\"false\"    UnhideWhenUsed=\"false\" QFormat=\"true\" Name=\"heading 1\" \/> <w:LsdException Locked=\"false\" Priority=\"9\" QFormat=\"true\" Name=\"heading 2\" \/> <w:LsdException Locked=\"false\" Priority=\"9\" QFormat=\"true\" Name=\"heading 3\" \/> <w:LsdException Locked=\"false\" Priority=\"9\" QFormat=\"true\" Name=\"heading 4\" \/> <w:LsdException Locked=\"false\" Priority=\"9\" QFormat=\"true\" Name=\"heading 5\" \/> <w:LsdException Locked=\"false\" Priority=\"9\" QFormat=\"true\" Name=\"heading 6\" \/> <w:LsdException Locked=\"false\" Priority=\"9\" QFormat=\"true\" Name=\"heading 7\" \/> <w:LsdException Locked=\"false\" Priority=\"9\" QFormat=\"true\" Name=\"heading 8\" \/> <w:LsdException Locked=\"false\" Priority=\"9\" QFormat=\"true\" Name=\"heading 9\" \/> <w:LsdException Locked=\"false\" Priority=\"39\" Name=\"toc 1\" \/> <w:LsdException Locked=\"false\" Priority=\"39\" Name=\"toc 2\" \/> <w:LsdException Locked=\"false\" Priority=\"39\" Name=\"toc 3\" \/> <w:LsdException Locked=\"false\" Priority=\"39\" Name=\"toc 4\" \/> <w:LsdException Locked=\"false\" Priority=\"39\" Name=\"toc 5\" \/> <w:LsdException Locked=\"false\" Priority=\"39\" Name=\"toc 6\" \/> <w:LsdException Locked=\"false\" Priority=\"39\" Name=\"toc 7\" \/> <w:LsdException Locked=\"false\" Priority=\"39\" Name=\"toc 8\" \/> <w:LsdException Locked=\"false\" Priority=\"39\" Name=\"toc 9\" \/> <w:LsdException Locked=\"false\" Priority=\"35\" QFormat=\"true\" Name=\"caption\" \/> <w:LsdException Locked=\"false\" Priority=\"10\" SemiHidden=\"false\"    UnhideWhenUsed=\"false\" QFormat=\"true\" Name=\"Title\" \/> <w:LsdException Locked=\"false\" Priority=\"1\" Name=\"Default Paragraph Font\" \/> <w:LsdException Locked=\"false\" Priority=\"11\" SemiHidden=\"false\"    UnhideWhenUsed=\"false\" QFormat=\"true\" Name=\"Subtitle\" \/> <w:LsdException Locked=\"false\" Priority=\"22\" SemiHidden=\"false\"    UnhideWhenUsed=\"false\" QFormat=\"true\" Name=\"Strong\" \/> <w:LsdException Locked=\"false\" Priority=\"20\" SemiHidden=\"false\"    UnhideWhenUsed=\"false\" QFormat=\"true\" Name=\"Emphasis\" \/> <w:LsdException Locked=\"false\" Priority=\"59\" SemiHidden=\"false\"    UnhideWhenUsed=\"false\" Name=\"Table Grid\" \/> <w:LsdException Locked=\"false\" UnhideWhenUsed=\"false\" Name=\"Placeholder Text\" \/> <w:LsdException Locked=\"false\" Priority=\"1\" SemiHidden=\"false\"    UnhideWhenUsed=\"false\" QFormat=\"true\" Name=\"No Spacing\" \/> <w:LsdException Locked=\"false\" Priority=\"60\" SemiHidden=\"false\"    UnhideWhenUsed=\"false\" Name=\"Light Shading\" \/> <w:LsdException Locked=\"false\" Priority=\"61\" SemiHidden=\"false\"    UnhideWhenUsed=\"false\" Name=\"Light List\" \/> <w:LsdException Locked=\"false\" Priority=\"62\" SemiHidden=\"false\"    UnhideWhenUsed=\"false\" Name=\"Light Grid\" \/> <w:LsdException Locked=\"false\" Priority=\"63\" SemiHidden=\"false\"    UnhideWhenUsed=\"false\" Name=\"Medium Shading 1\" \/> <w:LsdException Locked=\"false\" Priority=\"64\" SemiHidden=\"false\"    UnhideWhenUsed=\"false\" Name=\"Medium Shading 2\" \/> <w:LsdException Locked=\"false\" Priority=\"65\" SemiHidden=\"false\"    UnhideWhenUsed=\"false\" Name=\"Medium List 1\" \/> <w:LsdException Locked=\"false\" Priority=\"66\" SemiHidden=\"false\"    UnhideWhenUsed=\"false\" Name=\"Medium List 2\" \/> <w:LsdException Locked=\"false\" Priority=\"67\" SemiHidden=\"false\"    UnhideWhenUsed=\"false\" Name=\"Medium Grid 1\" \/> <w:LsdException Locked=\"false\" Priority=\"68\" SemiHidden=\"false\"    UnhideWhenUsed=\"false\" Name=\"Medium Grid 2\" \/> <w:LsdException Locked=\"false\" Priority=\"69\" SemiHidden=\"false\"    UnhideWhenUsed=\"false\" Name=\"Medium Grid 3\" \/> <w:LsdException Locked=\"false\" Priority=\"70\" SemiHidden=\"false\"    UnhideWhenUsed=\"false\" Name=\"Dark List\" \/> <w:LsdException Locked=\"false\" Priority=\"71\" SemiHidden=\"false\"    UnhideWhenUsed=\"false\" Name=\"Colorful Shading\" \/> <w:LsdException Locked=\"false\" Priority=\"72\" SemiHidden=\"false\"    UnhideWhenUsed=\"false\" Name=\"Colorful List\" \/> <w:LsdException Locked=\"false\" Priority=\"73\" SemiHidden=\"false\"    UnhideWhenUsed=\"false\" Name=\"Colorful Grid\" \/> <w:LsdException Locked=\"false\" Priority=\"60\" SemiHidden=\"false\"    UnhideWhenUsed=\"false\" Name=\"Light Shading Accent 1\" \/> <w:LsdException Locked=\"false\" Priority=\"61\" SemiHidden=\"false\"    UnhideWhenUsed=\"false\" Name=\"Light List Accent 1\" \/> <w:LsdException Locked=\"false\" Priority=\"62\" SemiHidden=\"false\"    UnhideWhenUsed=\"false\" Name=\"Light Grid Accent 1\" \/> <w:LsdException Locked=\"false\" Priority=\"63\" SemiHidden=\"false\"    UnhideWhenUsed=\"false\" Name=\"Medium Shading 1 Accent 1\" \/> <w:LsdException Locked=\"false\" Priority=\"64\" SemiHidden=\"false\"    UnhideWhenUsed=\"false\" Name=\"Medium Shading 2 Accent 1\" \/> <w:LsdException Locked=\"false\" Priority=\"65\" SemiHidden=\"false\"    UnhideWhenUsed=\"false\" Name=\"Medium List 1 Accent 1\" \/> <w:LsdException Locked=\"false\" UnhideWhenUsed=\"false\" Name=\"Revision\" \/> <w:LsdException Locked=\"false\" SemiHidden=\"false\" UnhideWhenUsed=\"false\"    QFormat=\"true\" Name=\"List Paragraph\" \/> <w:LsdException Locked=\"false\" Priority=\"29\" SemiHidden=\"false\"    UnhideWhenUsed=\"false\" QFormat=\"true\" Name=\"Quote\" \/> <w:LsdException Locked=\"false\" Priority=\"30\" SemiHidden=\"false\"    UnhideWhenUsed=\"false\" QFormat=\"true\" Name=\"Intense Quote\" \/> <w:LsdException Locked=\"false\" Priority=\"66\" SemiHidden=\"false\"    UnhideWhenUsed=\"false\" Name=\"Medium List 2 Accent 1\" \/> <w:LsdException Locked=\"false\" Priority=\"67\" SemiHidden=\"false\"    UnhideWhenUsed=\"false\" Name=\"Medium Grid 1 Accent 1\" \/> <w:LsdException Locked=\"false\" Priority=\"68\" SemiHidden=\"false\"    UnhideWhenUsed=\"false\" Name=\"Medium Grid 2 Accent 1\" \/> <w:LsdException Locked=\"false\" Priority=\"69\" SemiHidden=\"false\"    UnhideWhenUsed=\"false\" Name=\"Medium Grid 3 Accent 1\" \/> <w:LsdException Locked=\"false\" Priority=\"70\" SemiHidden=\"false\"    UnhideWhenUsed=\"false\" Name=\"Dark List Accent 1\" \/> <w:LsdException Locked=\"false\" Priority=\"71\" SemiHidden=\"false\"    UnhideWhenUsed=\"false\" Name=\"Colorful Shading Accent 1\" \/> <w:LsdException Locked=\"false\" Priority=\"72\" SemiHidden=\"false\"    UnhideWhenUsed=\"false\" Name=\"Colorful List Accent 1\" \/> <w:LsdException Locked=\"false\" Priority=\"73\" SemiHidden=\"false\"    UnhideWhenUsed=\"false\" Name=\"Colorful Grid Accent 1\" \/> <w:LsdException Locked=\"false\" Priority=\"60\" SemiHidden=\"false\"    UnhideWhenUsed=\"false\" Name=\"Light Shading Accent 2\" \/> <w:LsdException Locked=\"false\" Priority=\"61\" SemiHidden=\"false\"    UnhideWhenUsed=\"false\" Name=\"Light List Accent 2\" \/> <w:LsdException Locked=\"false\" Priority=\"62\" SemiHidden=\"false\"    UnhideWhenUsed=\"false\" Name=\"Light Grid Accent 2\" \/> <w:LsdException Locked=\"false\" Priority=\"63\" SemiHidden=\"false\"    UnhideWhenUsed=\"false\" Name=\"Medium Shading 1 Accent 2\" \/> <w:LsdException Locked=\"false\" Priority=\"64\" SemiHidden=\"false\"    UnhideWhenUsed=\"false\" Name=\"Medium Shading 2 Accent 2\" \/> <w:LsdException Locked=\"false\" Priority=\"65\" SemiHidden=\"false\"    UnhideWhenUsed=\"false\" Name=\"Medium List 1 Accent 2\" \/> <w:LsdException Locked=\"false\" Priority=\"66\" SemiHidden=\"false\"    UnhideWhenUsed=\"false\" Name=\"Medium List 2 Accent 2\" \/> <w:LsdException Locked=\"false\" Priority=\"67\" SemiHidden=\"false\"    UnhideWhenUsed=\"false\" Name=\"Medium Grid 1 Accent 2\" \/> <w:LsdException Locked=\"false\" Priority=\"68\" SemiHidden=\"false\"    UnhideWhenUsed=\"false\" Name=\"Medium Grid 2 Accent 2\" \/> <w:LsdException Locked=\"false\" Priority=\"69\" SemiHidden=\"false\"    UnhideWhenUsed=\"false\" Name=\"Medium Grid 3 Accent 2\" \/> <w:LsdException Locked=\"false\" Priority=\"70\" SemiHidden=\"false\"    UnhideWhenUsed=\"false\" Name=\"Dark List Accent 2\" \/> <w:LsdException Locked=\"false\" Priority=\"71\" SemiHidden=\"false\"    UnhideWhenUsed=\"false\" Name=\"Colorful Shading Accent 2\" \/> <w:LsdException Locked=\"false\" Priority=\"72\" SemiHidden=\"false\"    UnhideWhenUsed=\"false\" Name=\"Colorful List Accent 2\" \/> <w:LsdException Locked=\"false\" Priority=\"73\" SemiHidden=\"false\"    UnhideWhenUsed=\"false\" Name=\"Colorful Grid Accent 2\" \/> <w:LsdException Locked=\"false\" Priority=\"60\" SemiHidden=\"false\"    UnhideWhenUsed=\"false\" Name=\"Light Shading Accent 3\" \/> <w:LsdException Locked=\"false\" Priority=\"61\" SemiHidden=\"false\"    UnhideWhenUsed=\"false\" Name=\"Light List Accent 3\" \/> <w:LsdException Locked=\"false\" Priority=\"62\" SemiHidden=\"false\"    UnhideWhenUsed=\"false\" Name=\"Light Grid Accent 3\" \/> <w:LsdException Locked=\"false\" Priority=\"63\" SemiHidden=\"false\"    UnhideWhenUsed=\"false\" Name=\"Medium Shading 1 Accent 3\" \/> <w:LsdException Locked=\"false\" Priority=\"64\" SemiHidden=\"false\"    UnhideWhenUsed=\"false\" Name=\"Medium Shading 2 Accent 3\" \/> <w:LsdException Locked=\"false\" Priority=\"65\" SemiHidden=\"false\"    UnhideWhenUsed=\"false\" Name=\"Medium List 1 Accent 3\" \/> <w:LsdException Locked=\"false\" Priority=\"66\" SemiHidden=\"false\"    UnhideWhenUsed=\"false\" Name=\"Medium List 2 Accent 3\" \/> <w:LsdException Locked=\"false\" Priority=\"67\" SemiHidden=\"false\"    UnhideWhenUsed=\"false\" Name=\"Medium Grid 1 Accent 3\" \/> <w:LsdException Locked=\"false\" Priority=\"68\" SemiHidden=\"false\"    UnhideWhenUsed=\"false\" Name=\"Medium Grid 2 Accent 3\" \/> <w:LsdException Locked=\"false\" Priority=\"69\" SemiHidden=\"false\"    UnhideWhenUsed=\"false\" Name=\"Medium Grid 3 Accent 3\" \/> <w:LsdException Locked=\"false\" Priority=\"70\" SemiHidden=\"false\"    UnhideWhenUsed=\"false\" Name=\"Dark List Accent 3\" \/> <w:LsdException Locked=\"false\" Priority=\"71\" SemiHidden=\"false\"    UnhideWhenUsed=\"false\" Name=\"Colorful Shading Accent 3\" \/> <w:LsdException Locked=\"false\" Priority=\"72\" SemiHidden=\"false\"    UnhideWhenUsed=\"false\" Name=\"Colorful List Accent 3\" \/> <w:LsdException Locked=\"false\" Priority=\"73\" SemiHidden=\"false\"    UnhideWhenUsed=\"false\" Name=\"Colorful Grid Accent 3\" \/> <w:LsdException Locked=\"false\" Priority=\"60\" SemiHidden=\"false\"    UnhideWhenUsed=\"false\" Name=\"Light Shading Accent 4\" \/> <w:LsdException Locked=\"false\" Priority=\"61\" SemiHidden=\"false\"    UnhideWhenUsed=\"false\" Name=\"Light List Accent 4\" \/> <w:LsdException Locked=\"false\" Priority=\"62\" SemiHidden=\"false\"    UnhideWhenUsed=\"false\" Name=\"Light Grid Accent 4\" \/> <w:LsdException Locked=\"false\" Priority=\"63\" SemiHidden=\"false\"    UnhideWhenUsed=\"false\" Name=\"Medium Shading 1 Accent 4\" \/> <w:LsdException Locked=\"false\" Priority=\"64\" SemiHidden=\"false\"    UnhideWhenUsed=\"false\" Name=\"Medium Shading 2 Accent 4\" \/> <w:LsdException Locked=\"false\" Priority=\"65\" SemiHidden=\"false\"    UnhideWhenUsed=\"false\" Name=\"Medium List 1 Accent 4\" \/> <w:LsdException Locked=\"false\" Priority=\"66\" SemiHidden=\"false\"    UnhideWhenUsed=\"false\" Name=\"Medium List 2 Accent 4\" \/> <w:LsdException Locked=\"false\" Priority=\"67\" SemiHidden=\"false\"    UnhideWhenUsed=\"false\" Name=\"Medium Grid 1 Accent 4\" \/> <w:LsdException Locked=\"false\" Priority=\"68\" SemiHidden=\"false\"    UnhideWhenUsed=\"false\" Name=\"Medium Grid 2 Accent 4\" \/> <w:LsdException Locked=\"false\" Priority=\"69\" SemiHidden=\"false\"    UnhideWhenUsed=\"false\" Name=\"Medium Grid 3 Accent 4\" \/> <w:LsdException Locked=\"false\" Priority=\"70\" SemiHidden=\"false\"    UnhideWhenUsed=\"false\" Name=\"Dark List Accent 4\" \/> <w:LsdException Locked=\"false\" Priority=\"71\" SemiHidden=\"false\"    UnhideWhenUsed=\"false\" Name=\"Colorful Shading Accent 4\" \/> <w:LsdException Locked=\"false\" Priority=\"72\" SemiHidden=\"false\"    UnhideWhenUsed=\"false\" Name=\"Colorful List Accent 4\" \/> <w:LsdException Locked=\"false\" Priority=\"73\" SemiHidden=\"false\"    UnhideWhenUsed=\"false\" Name=\"Colorful Grid Accent 4\" \/> <w:LsdException Locked=\"false\" Priority=\"60\" SemiHidden=\"false\"    UnhideWhenUsed=\"false\" Name=\"Light Shading Accent 5\" \/> <w:LsdException Locked=\"false\" Priority=\"61\" SemiHidden=\"false\"    UnhideWhenUsed=\"false\" Name=\"Light List Accent 5\" \/> <w:LsdException Locked=\"false\" Priority=\"62\" SemiHidden=\"false\"    UnhideWhenUsed=\"false\" Name=\"Light Grid Accent 5\" \/> <w:LsdException Locked=\"false\" Priority=\"63\" SemiHidden=\"false\"    UnhideWhenUsed=\"false\" Name=\"Medium Shading 1 Accent 5\" \/> <w:LsdException Locked=\"false\" Priority=\"64\" SemiHidden=\"false\"    UnhideWhenUsed=\"false\" Name=\"Medium Shading 2 Accent 5\" \/> <w:LsdException Locked=\"false\" Priority=\"65\" SemiHidden=\"false\"    UnhideWhenUsed=\"false\" Name=\"Medium List 1 Accent 5\" \/> <w:LsdException Locked=\"false\" Priority=\"66\" SemiHidden=\"false\"    UnhideWhenUsed=\"false\" Name=\"Medium List 2 Accent 5\" \/> <w:LsdException Locked=\"false\" Priority=\"67\" SemiHidden=\"false\"    UnhideWhenUsed=\"false\" Name=\"Medium Grid 1 Accent 5\" \/> <w:LsdException Locked=\"false\" Priority=\"68\" SemiHidden=\"false\"    UnhideWhenUsed=\"false\" Name=\"Medium Grid 2 Accent 5\" \/> <w:LsdException Locked=\"false\" Priority=\"69\" SemiHidden=\"false\"    UnhideWhenUsed=\"false\" Name=\"Medium Grid 3 Accent 5\" \/> <w:LsdException Locked=\"false\" Priority=\"70\" SemiHidden=\"false\"    UnhideWhenUsed=\"false\" Name=\"Dark List Accent 5\" \/> <w:LsdException Locked=\"false\" Priority=\"71\" SemiHidden=\"false\"    UnhideWhenUsed=\"false\" Name=\"Colorful Shading Accent 5\" \/> <w:LsdException Locked=\"false\" Priority=\"72\" SemiHidden=\"false\"    UnhideWhenUsed=\"false\" Name=\"Colorful List Accent 5\" \/> <w:LsdException Locked=\"false\" Priority=\"73\" SemiHidden=\"false\"    UnhideWhenUsed=\"false\" Name=\"Colorful Grid Accent 5\" \/> <w:LsdException Locked=\"false\" Priority=\"60\" SemiHidden=\"false\"    UnhideWhenUsed=\"false\" Name=\"Light Shading Accent 6\" \/> <w:LsdException Locked=\"false\" Priority=\"61\" SemiHidden=\"false\"    UnhideWhenUsed=\"false\" Name=\"Light List Accent 6\" \/> <w:LsdException Locked=\"false\" Priority=\"62\" SemiHidden=\"false\"    UnhideWhenUsed=\"false\" Name=\"Light Grid Accent 6\" \/> <w:LsdException Locked=\"false\" Priority=\"63\" SemiHidden=\"false\"    UnhideWhenUsed=\"false\" Name=\"Medium Shading 1 Accent 6\" \/> <w:LsdException Locked=\"false\" Priority=\"64\" SemiHidden=\"false\"    UnhideWhenUsed=\"false\" Name=\"Medium Shading 2 Accent 6\" \/> <w:LsdException Locked=\"false\" Priority=\"65\" SemiHidden=\"false\"    UnhideWhenUsed=\"false\" Name=\"Medium List 1 Accent 6\" \/> <w:LsdException Locked=\"false\" Priority=\"66\" SemiHidden=\"false\"    UnhideWhenUsed=\"false\" Name=\"Medium List 2 Accent 6\" \/> <w:LsdException Locked=\"false\" Priority=\"67\" SemiHidden=\"false\"    UnhideWhenUsed=\"false\" Name=\"Medium Grid 1 Accent 6\" \/> <w:LsdException Locked=\"false\" Priority=\"68\" SemiHidden=\"false\"    UnhideWhenUsed=\"false\" Name=\"Medium Grid 2 Accent 6\" \/> <w:LsdException Locked=\"false\" Priority=\"69\" SemiHidden=\"false\"    UnhideWhenUsed=\"false\" Name=\"Medium Grid 3 Accent 6\" \/> <w:LsdException Locked=\"false\" Priority=\"70\" SemiHidden=\"false\"    UnhideWhenUsed=\"false\" Name=\"Dark List Accent 6\" \/> <w:LsdException Locked=\"false\" Priority=\"71\" SemiHidden=\"false\"    UnhideWhenUsed=\"false\" Name=\"Colorful Shading Accent 6\" \/> <w:LsdException Locked=\"false\" Priority=\"72\" SemiHidden=\"false\"    UnhideWhenUsed=\"false\" Name=\"Colorful List Accent 6\" \/> <w:LsdException Locked=\"false\" Priority=\"73\" SemiHidden=\"false\"    UnhideWhenUsed=\"false\" Name=\"Colorful Grid Accent 6\" \/> <w:LsdException Locked=\"false\" Priority=\"19\" SemiHidden=\"false\"    UnhideWhenUsed=\"false\" QFormat=\"true\" Name=\"Subtle Emphasis\" \/> <w:LsdException Locked=\"false\" Priority=\"21\" SemiHidden=\"false\"    UnhideWhenUsed=\"false\" QFormat=\"true\" Name=\"Intense Emphasis\" \/> <w:LsdException Locked=\"false\" Priority=\"31\" SemiHidden=\"false\"    UnhideWhenUsed=\"false\" QFormat=\"true\" Name=\"Subtle Reference\" \/> <w:LsdException Locked=\"false\" Priority=\"32\" SemiHidden=\"false\"    UnhideWhenUsed=\"false\" QFormat=\"true\" Name=\"Intense Reference\" \/> <w:LsdException Locked=\"false\" Priority=\"33\" SemiHidden=\"false\"    UnhideWhenUsed=\"false\" QFormat=\"true\" Name=\"Book Title\" \/> <w:LsdException Locked=\"false\" Priority=\"37\" Name=\"Bibliography\" \/> <w:LsdException Locked=\"false\" Priority=\"39\" QFormat=\"true\" Name=\"TOC Heading\" \/> <\/w:LatentStyles> <\/xml><![endif]--><!-- [if gte mso 10]> \n\n<style>  \/* Style Definitions *\/  table.MsoNormalTable \t{mso-style-name:\"Table Normal\"; \tmso-tstyle-rowband-size:0; \tmso-tstyle-colband-size:0; \tmso-style-noshow:yes; \tmso-style-priority:99; \tmso-style-qformat:yes; \tmso-style-parent:\"\"; \tmso-padding-alt:0cm 5.4pt 0cm 5.4pt; \tmso-para-margin:0cm; \tmso-para-margin-bottom:.0001pt; \tmso-pagination:widow-orphan; \tfont-size:11.0pt; \tfont-family:\"Times New Roman\",\"serif\";} <\/style>\n\n <![endif]--><span style=\"text-decoration: underline;\"><span lang=\"FR\" style=\"font-family: 'Verdana','sans-serif'; mso-ansi-language: FR;\">Interview : Cassam Uteem, Ancien Pr\u00e9sident de la R\u00e9publique &#8212;<\/span><\/span><\/p>\n<h6 style=\"text-align: center;\">\u2018La proposition de la \u2018Deuxi\u00e8me R\u00e9publique\u2019 \u00e9tait la recette toute indiqu\u00e9e pour une instabilit\u00e9 politique permanente\u2019<\/h6>\n<p><!--more--><\/p>\n<h6 class=\"MsoNormal\" style=\"text-align: center;\"><span lang=\"FR\" style=\"font-family: 'Verdana','sans-serif'; mso-ansi-language: FR;\">\u2018La col\u00e8re gronde dans la rue. Mais quel visage de l\u2019alternance les diff\u00e9rentes composantes de l\u2019Opposition parlementaire et extra-parlementaire nous<br \/>\npr\u00e9sentent-elles ?\u2019<\/span><\/h6>\n<p class=\"MsoNormal\" style=\"text-align: center;\"><em><strong><span lang=\"FR\" style=\"font-family: 'Verdana','sans-serif'; mso-ansi-language: FR;\">Le terrorisme est un ph\u00e9nom\u00e8ne qui frappe l\u2019opinion publique dans le monde entier. Diff\u00e9rentes formes de violence (assassinats, attentats, enl\u00e8vements, prise d\u2019otages, sabotages) alimentent les d\u00e9bats. Divers pays se regroupent pour se donner les moyens de combattre ceux qui sont entrain\u00e9s par la spirale de la violence. Faut-il distinguer entre utilisation licite et illicite de la violence ? A partir de quel moment un acte de violence devient-il un crime ? Cassam Uteem nous en parle de cela et d\u2019autres sujets qui dominent l\u2019actualit\u00e9, dont la Presidente de la Republique, la passation du pouvoir\u2026<\/span><\/strong><\/em><\/p>\n<p class=\"MsoNormal\"><span lang=\"FR\" style=\"font-family: 'Verdana','sans-serif'; mso-ansi-language: FR;\"><strong> Mauritius Times<\/strong> : Le gouvernement a propos\u00e9 des amendements \u00e0 la \u2018Prevention of Terrorism Act\u2019 (POTA), cette semaine-ci, en vue de renforcer la lutte contre le terrorisme, tout en prenant en ligne de compte les dispositifs au plan international. Pensez-vous que ces amendements soient \u00ab far-reaching \u00bb ?<\/span><\/p>\n<p class=\"MsoNormal\"><span lang=\"FR\" style=\"font-family: 'Verdana','sans-serif'; mso-ansi-language: FR;\">Nous ne pouvons nier le fait que le terrorisme \u2013 m\u00eame si, je pr\u00e9f\u00e8re, personnellement, utiliser le terme extr\u00e9misme violent &#8212; ait pris encore plus d\u2019ampleur depuis cette derni\u00e8re d\u00e9cennie, en particulier suite \u00e0 l\u2019intervention am\u00e9ricaine et de ses alli\u00e9s en Irak et au bombardement aveugle de la population civile causant des milliers de morts d\u2019hommes, de femmes et d\u2019enfants innocents.<br \/>\n<\/span><\/p>\n<p class=\"MsoNormal\"><span lang=\"FR\" style=\"font-family: 'Verdana','sans-serif'; mso-ansi-language: FR;\">Ensuite, il y a eu le r\u00e9gime sanguinaire de la Syrie qui ne finit pas de massacrer son propre peuple. Cette r\u00e9gion du monde a \u00e9t\u00e9 ainsi transform\u00e9e en terreau de la violence et de l\u2019extr\u00e9misme violent allant jusqu\u2019\u00e0 donner naissance \u00e0 une organisation qui se r\u00e9clame de l\u2019Islam (IS) mais dont les actes de barbarie et de cruaut\u00e9 rel\u00e8veraient plut\u00f4t de la d\u00e9mence et sont \u00e0 l\u2019oppos\u00e9 de l\u2019enseignement et des valeurs universelles port\u00e9es par cette religion.<br \/>\n<\/span><\/p>\n<p class=\"MsoNormal\"><span lang=\"FR\" style=\"font-family: 'Verdana','sans-serif'; mso-ansi-language: FR;\">L\u2019IS s\u2019est m\u00eame transform\u00e9e en une organisation transnationale ayant ses tentacules ailleurs au Moyen Orient mais \u00e9galement, avec l\u2019aide des alli\u00e9s, en Europe et en Afrique avec notamment le Boko Haram, qui n\u2019h\u00e9site pas \u00e0 enlever les filles, \u00e0 piller et \u00e0 tuer semant la terreur \u00e0 travers les fronti\u00e8res de plusieurs pays d\u2019Afrique centrale et occidentale. En 2015, IS et ses alli\u00e9s ont lanc\u00e9 des attaques dans pas moins de 28 pays, y compris la France, la Belgique, la Turquie et la Tunisie. D\u2019autres groupes terroristes agissent en Afghanistan, au Pakistan, en R\u00e9publique Centre Africaine, au Soudan, en Somalie et au Burundi.<br \/>\n<\/span><\/p>\n<p class=\"MsoNormal\"><span lang=\"FR\" style=\"font-family: 'Verdana','sans-serif'; mso-ansi-language: FR;\">Il a \u00e9t\u00e9 clairement \u00e9tabli, selon des analyses statistiques fiables, que les principaux facteurs li\u00e9s au terrorisme, dans les pays en d\u00e9veloppement, sont la violence politique utilis\u00e9e par un Etat (state sponsored terror) sous forme d\u2019ex\u00e9cutions extra judiciaires, d\u2019emprisonnement sans aucune forme de proc\u00e8s, de la pratique de la torture et de l\u2019implication de l\u2019Etat concern\u00e9 dans un conflit local ou international.<br \/>\n<\/span><\/p>\n<p class=\"MsoNormal\"><span lang=\"FR\" style=\"font-family: 'Verdana','sans-serif'; mso-ansi-language: FR;\">En ce qu\u2019il s\u2019agit des pays d\u00e9velopp\u00e9s, notamment europ\u00e9ens, les facteurs socio-\u00e9conomiques jouent un r\u00f4le important en mati\u00e8re de terrorisme, par exemple, le ch\u00f4mage parmi les jeunes, le taux de criminalit\u00e9, l\u2019acc\u00e8s facile aux armes, la perte de confiance dans le processus \u00e9lectoral, le sentiment d\u2019exclusion. Les combattants \u00e9trangers d\u2019IS en Syrie sont des jeunes \u00e9duqu\u00e9s mais au ch\u00f4mage, ou ayant des faibles revenus, et qui ont le sentiment d\u2019\u00eatre exclus dans leur pays d\u2019origine.<\/span><\/p>\n<p class=\"MsoNormal\"><span lang=\"FR\" style=\"font-family: 'Verdana','sans-serif'; mso-ansi-language: FR;\">Autant que je sache, Maurice n\u2019appartient ni \u00e0 l\u2019un ni \u00e0 l\u2019autre cat\u00e9gorie de pays que je viens de mentionner. Je ne vois donc pas la raison d\u2019\u00eatre de tels \u2018sweeping\u2019 amendements \u00e0 une l\u00e9gislation, la POTA, qui demeure pour moi une loi anti-d\u00e9mocratique, mais qui est toujours en vigueur.<br \/>\n<\/span><\/p>\n<p class=\"MsoNormal\"><span lang=\"FR\" style=\"font-family: 'Verdana','sans-serif'; mso-ansi-language: FR;\">Il faut agir avec circonspection, prudence et sagesse dans cette affaire qui pourrait avoir une connotation autre que celle que l\u2019on souhaite, donnant ainsi l\u2019impression qu\u2019on agit sur des directives venant d\u2019ailleurs, de je ne sais o\u00f9, ou les probl\u00e8mes auxquels ces pays font face sont autrement diff\u00e9rents et ne ressemblent nullement \u00e0 notre situation locale.<br \/>\n<\/span><\/p>\n<p class=\"MsoNormal\"><span lang=\"FR\" style=\"font-family: 'Verdana','sans-serif'; mso-ansi-language: FR;\">Il nous faut absolument \u00e9viter de faire comme ces pays qui prennent pour cible une section de leur population apr\u00e8s les avoir trait\u00e9s comme des citoyens de 2e ou 3e zone. Nous n\u2019avons pas de tels probl\u00e8mes ici. N\u2019en cr\u00e9ons pas.<br \/>\n<\/span><\/p>\n<p class=\"MsoNormal\"><strong><span lang=\"FR\" style=\"font-family: 'Verdana','sans-serif'; mso-ansi-language: FR;\">* On se souvient que c\u2019est principalement ce projet de loi pr\u00e9sent\u00e9 en 2002 qui avait occasionn\u00e9 de s\u00e9rieuses diff\u00e9rences d\u2019appr\u00e9ciation entre le gouvernement d\u2019alors et vous-m\u00eame, et qui devait d\u00e9boucher sur votre d\u00e9part de la State House. Avec recul, pensez-vous que vos craintes \u00e9taient justifi\u00e9es ? Ou, peut-on dire que la POTA aura quand m\u00eame aid\u00e9 \u00e0 \u00e9pargner notre pays de ce que d\u2019autres juridictions ont malheureusement connu ? Puisque \u00e7a n\u2019arrive pas qu\u2019aux autres, non ?<\/span><\/strong><\/p>\n<p class=\"MsoNormal\"><span lang=\"FR\" style=\"font-family: 'Verdana','sans-serif'; mso-ansi-language: FR;\">Je ne suis absolument pas contre une l\u00e9gislation anti-terroriste car je suis fonci\u00e8rement contre toute forme d\u2019extr\u00e9misme, particuli\u00e8rement l\u2019extr\u00e9misme violent ou le terrorisme. <\/span><\/p>\n<p class=\"MsoNormal\"><span lang=\"FR\" style=\"font-family: 'Verdana','sans-serif'; mso-ansi-language: FR;\">Toutefois, je suis contre les lois anti-d\u00e9mocratiques et donc anti-constitutionnelles. C\u2019est la raison principale pour laquelle, en tant que Pr\u00e9sident de la R\u00e9publique, j\u2019avais refus\u00e9 d\u2019avaliser la POTA, pr\u00e9f\u00e9rant pr\u00e9senter ma d\u00e9mission plut\u00f4t que de donner mon accord \u00e0 une loi que je consid\u00e9rais anti-constitutionnelle et anti-d\u00e9mocratique. Autant que je sache, depuis son entr\u00e9e en vigueur, la POTA n\u2019a \u00e9t\u00e9 utilis\u00e9e que deux fois. Dans le premier cas, l\u2019accus\u00e9 a \u00e9t\u00e9 trouv\u00e9 non-coupable et, malheureusement, j\u2019ignore l\u2019issue du deuxi\u00e8me cas. Nous disposons d\u2019un corpus de lois criminelles suffisamment \u00e9toff\u00e9 pour mater toute vell\u00e9it\u00e9 de semer la terreur ou de jouer au terroriste-amateur.<\/span><\/p>\n<p class=\"MsoNormal\"><span lang=\"FR\" style=\"font-family: 'Verdana','sans-serif'; mso-ansi-language: FR;\">Il n\u2019y a pas, que je sache, d\u2019organisation terroriste \u00e0 Maurice. Il peut y avoir de rares cas d\u2019individus qui se laissent embobiner par des propagandes faussement religieuses qui, jouant sur les \u00e9motions, les attirent dans un guet-apens. Ces individus endoctrin\u00e9s prennent alors la d\u00e9cision, de leur propre chef, d\u2019aller se joindre aux organisations de terrorisme internationales. On ne se sert pas d\u2019un marteau pour tuer une fourmi !<\/span><\/p>\n<p class=\"MsoNormal\"><span lang=\"FR\" style=\"font-family: 'Verdana','sans-serif'; mso-ansi-language: FR;\">Notre pays aurait plut\u00f4t int\u00e9r\u00eat \u00e0 consid\u00e9rer si nous devons continuer \u00e0 nous identifier aux grandes puissances, notamment les Etats-Unis, et encourager ces derniers \u00e0 maintenir une base militaire, voire nucl\u00e9aire, sur Di\u00e9go Garcia qui est une partie de notre territoire, en \u00e9change d\u2019un loyer. Les attaques a\u00e9riennes et les bombardiers qui ont fait des centaines de milliers de victimes innocents en Irak et en Afghanistan sont partis de cette base-l\u00e0. Pour prot\u00e9ger notre pays d\u2019attaques terroristes \u00e9ventuelles, il nous faut absolument d\u00e9noncer la pr\u00e9sence de la base militaire sur notre territoire et r\u00e9clamer son retour \u00e0 notre patrimoine. <\/span><\/p>\n<p class=\"MsoNormal\"><strong><span lang=\"FR\" style=\"font-family: 'Verdana','sans-serif'; mso-ansi-language: FR;\">* Il semble que la pr\u00e9sidence de Mme Ameenah Gurib-Fakim ne fait plus l\u2019objet de contestation de la part de certains dirigeants de l\u2019actuel gouvernement puisque l\u2019on n\u2019en parle plus depuis quelques jours. Mais pensez-vous qu\u2019il est temps de \u00ab revisit \u00bb le r\u00f4le et les fonctions du Pr\u00e9sident de la R\u00e9publique ? <\/span><\/strong><\/p>\n<p class=\"MsoNormal\"><span lang=\"FR\" style=\"font-family: 'Verdana','sans-serif'; mso-ansi-language: FR;\">Je le constate moi aussi et c\u2019est tant mieux. La Pr\u00e9sidente n\u2019est certes pas au-dessus des critiques mais critiques et contestations, s\u2019il y en a, doivent d\u2019abord faire l\u2019objet de discussions et d\u2019\u00e9changes entre la Pr\u00e9sidente et le Premier ministre. Ceux-ci, en principe, ont des rencontres hebdomadaires, ou au sein du cabinet minist\u00e9riel et non sur la place publique. <\/span><\/p>\n<p class=\"MsoNormal\"><span lang=\"FR\" style=\"font-family: 'Verdana','sans-serif'; mso-ansi-language: FR;\">Il n\u2019appartient surtout pas \u00e0 un ministre d\u2019exprimer publiquement des critiques \u00e0 l\u2019encontre de la Pr\u00e9sidente. Les m\u00e9dias, par contre, peuvent et doivent faire des critiques mesur\u00e9es, dans les limites du respect et de la d\u00e9cence, lorsqu\u2019ils consid\u00e8rent que c\u2019est absolument n\u00e9cessaire, dans l\u2019int\u00e9r\u00eat public, de le faire. La presse n\u2019h\u00e9sitait pas \u00e0 me sermonner lorsque j\u2019occupais le fauteuil pr\u00e9sidentiel !<\/span><\/p>\n<p class=\"MsoNormal\"><strong><span lang=\"FR\" style=\"font-family: 'Verdana','sans-serif'; mso-ansi-language: FR;\">* Nous faut-il, par exemple, d\u2019un \u00ab ceremonial President \u00bb ou d\u2019un \u00ab Executive President \u00bb &#8211; ce qui n\u00e9cessitera un changement dans le mode d&#8217;\u00e9lection du Pr\u00e9sident, ou d\u2019un syst\u00e8me semi-pr\u00e9sidentiel comme celui propos\u00e9 dans le cadre de la \u00abDeuxi\u00e8me R\u00e9publique \u00bb de l\u2019alliance PTr-MMM en 2014 ?<\/span><\/strong><\/p>\n<p class=\"MsoNormal\"><span lang=\"FR\" style=\"font-family: 'Verdana','sans-serif'; mso-ansi-language: FR;\">Je ne suis pas en faveur d\u2019un changement de notre syst\u00e8me actuel avec un Pr\u00e9sident, \u00e9lu par l\u2019Assembl\u00e9e nationale, agissant comme garant de la Constitution et la pr\u00e9sidence trait\u00e9e comme un lieu de rassemblement et de ralliement au-dessus de la m\u00eal\u00e9e et au-del\u00e0 de la politique partisane et avec un Premier ministre et son cabinet minist\u00e9riel d\u00e9tenant le pouvoir ex\u00e9cutif. <\/span><\/p>\n<p class=\"MsoNormal\"><span lang=\"FR\" style=\"font-family: 'Verdana','sans-serif'; mso-ansi-language: FR;\">La proposition de la \u2018Deuxi\u00e8me R\u00e9publique\u2019, dont vous faites mention, \u00e9tait la recette toute indiqu\u00e9e pour une instabilit\u00e9 politique permanente et \u00e9tait tout \u00e0 fait inappropri\u00e9e pour un pays comme le n\u00f4tre. Le peuple a eu donc raison de la rejeter. Toutefois, \u00e0 l\u2019int\u00e9rieur du syst\u00e8me, il serait souhaitable d\u2019avoir un partage de responsabilit\u00e9s, si ce n\u2019est de pouvoirs, dans le but d\u2019optimiser la fonction pr\u00e9sidentielle. Je pense notamment aux domaines de politique \u00e9trang\u00e8re et de la culture\u2026<\/span><\/p>\n<p class=\"MsoNormal\"><strong><span lang=\"FR\" style=\"font-family: 'Verdana','sans-serif'; mso-ansi-language: FR;\">* Qu\u2019il soit un \u00ab ceremonial President \u00bb ou non, pr\u00e9sider sur la transition \u00e0 venir \u00e0 la t\u00eate de l\u2019Ex\u00e9cutif vous para\u00eet-il moins compliqu\u00e9 pour un Pr\u00e9sident de la R\u00e9publique que d\u2019autres questions relatives aux affaires de l\u2019Etat ? \u2018You\u2019ll go by the book\u2019, les consid\u00e9rations de moralit\u00e9 n\u2019interviennent pas dans cette affaire, n\u2019est-ce pas ? <\/span><\/strong><\/p>\n<p class=\"MsoNormal\"><span lang=\"FR\" style=\"font-family: 'Verdana','sans-serif'; mso-ansi-language: FR;\">La Constitution doit \u00e9videmment, et en toute circonstance, \u00eatre respect\u00e9e. Dans le cas que vous \u00e9voquez, il n\u2019y a aucune \u00e9quivoque. Si le poste de Premier ministre devient vacant, pour n\u2019importe quelle raison, m\u00eame au cas o\u00f9 le gouvernement est mis en minorit\u00e9 entrainant sa d\u00e9mission et que le Premier ministre ne recommande pas la dissolution de l\u2019Assembl\u00e9e nationale, en vertu des provisions de la Constitution, le Pr\u00e9sident en exercice doit imp\u00e9rativement nommer Premier ministre celui, qui, de son point de vue, commande une majorit\u00e9 \u00e0 l\u2019Assembl\u00e9e Nationale et une fois nomm\u00e9, celui-ci constitue juste apr\u00e8s son cabinet minist\u00e9riel. <\/span><\/p>\n<p class=\"MsoNormal\"><span lang=\"FR\" style=\"font-family: 'Verdana','sans-serif'; mso-ansi-language: FR;\">Dans le cas pr\u00e9sent, si le Premier ministre SAJ devait d\u00e9missionner, c\u2019est incidemment son fils Pravind qui lui succ\u00e9derait. La situation in\u00e9dite de passation de pouvoir de p\u00e8re en fils, pour cause d\u2019incapacit\u00e9 physique ou pour toute autre raison, donnerait l\u2019impression que nous sommes en r\u00e9gime dynastique et ce serait tr\u00e8s dommageable pour notre pays. <\/span><\/p>\n<p class=\"MsoNormal\"><span lang=\"FR\" style=\"font-family: 'Verdana','sans-serif'; mso-ansi-language: FR;\">Ne pourrait-on envisager un sc\u00e9nario o\u00f9 le nouveau Premier ministre d\u00e8s qu\u2019il assume ses fonctions annoncerait la date des \u00e9lections g\u00e9n\u00e9rales dans un d\u00e9lai raisonnable ? Est-ce utopique ? Je pense que l\u2019\u00e9thique et la moralit\u00e9 auraient alors prim\u00e9. <\/span><\/p>\n<p class=\"MsoNormal\"><strong><span lang=\"FR\" style=\"font-family: 'Verdana','sans-serif'; mso-ansi-language: FR;\">* Mais ce qui devient une habitude \u00e0 Maurice depuis un certain temps, c\u2019est l\u2019usage abusif du justificatif l\u00e9gal par nos \u00e9lites politiques pour des d\u00e9cisions politiques ou administratives. La passation du pouvoir \u00e0 la t\u00eate du gouvernement, la mise \u00e0 pied de l\u2019ex-CEO d\u2019Air Mauritius, tout ce qui se passe autour de l\u2019affaire Boskalis, etc., ram\u00e8nent au plus bas le niveau de gouvernance publique dans le pays. Comment r\u00e9agissez-vous devant cet \u00e9tat des choses? <\/span><\/strong><\/p>\n<p class=\"MsoNormal\"><span lang=\"FR\" style=\"font-family: 'Verdana','sans-serif'; mso-ansi-language: FR;\">Pour la passation de pouvoir \u00e0 la t\u00eate du gouvernement, je crois vous avoir propos\u00e9 la voie honorable \u00e0 suivre. Quant \u00e0 Air Mauritius, n\u2019importe quel Mauricien sens\u00e9 ne peut qu\u2019\u00eatre outr\u00e9 de la mani\u00e8re dont son CEO, Megh Pillay, a \u00e9t\u00e9 limog\u00e9. Le Conseil d\u2019Administration de la Compagnie d\u2019aviation nationale, une Compagnie cot\u00e9e en bourse, doit des explications aux actionnaires et au pays pour cette d\u00e9cision qui a d\u00e9j\u00e0 fait beaucoup de tort \u00e0 l\u2019image de marque du pays. L\u2019affaire Boskalis faisant l\u2019objet de poursuites judiciaires, je ne la commenterai pas. On ne peut toutefois dire que le Premier ministre donne le bon exemple ou fait montre de bonne gouvernance lorsqu\u2019il maintient \u00e0 son poste, au nom de la pr\u00e9somption d\u2019innocence, son conseiller impliqu\u00e9 dans cette affaire. <\/span><\/p>\n<p class=\"MsoNormal\"><strong><span lang=\"FR\" style=\"font-family: 'Verdana','sans-serif'; mso-ansi-language: FR;\">* En attendant, que faites-vous de l\u2019approche de nos \u00e9lites politiques \u00e0 l\u2019h\u00f4tel du gouvernement et de leurs propositions en vue de solutionner les probl\u00e8mes et autres tracasseries que rencontrent les Mauriciens dans diff\u00e9rents domaines et \u00e0 diff\u00e9rents niveaux ? Au niveau du combat contre la drogue, la criminalit\u00e9 en g\u00e9n\u00e9ral, la relance de l\u2019\u00e9conomie\u2026 ?<\/span><\/strong><\/p>\n<p class=\"MsoNormal\"><span lang=\"FR\" style=\"font-family: 'Verdana','sans-serif'; mso-ansi-language: FR;\">C\u2019est un constat quasi-unanime que malgr\u00e9 la pr\u00e9sence de quatre leaders politiques au sein du gouvernement, le pays souffre d\u2019un manque de leadership chronique. Certains s\u2019interrogent m\u00eame s\u2019il y aurait un pilote \u00e0 bord ! <\/span><\/p>\n<p class=\"MsoNormal\"><span lang=\"FR\" style=\"font-family: 'Verdana','sans-serif'; mso-ansi-language: FR;\">L\u2019impression g\u00e9n\u00e9rale qui se d\u00e9gage de cette situation o\u00f9 notre Premier ministre, pour des raisons \u00e9videntes, n\u2019est pas en mesure d\u2019assumer pleinement, comme il le faisait auparavant, ses devoirs et ses responsabilit\u00e9s \u2013 et il le d\u00e9montre bien par ses r\u00e9ponses \u00e0 l\u2019Assembl\u00e9e nationale, par exemple &#8211; c\u2019est qu\u2019il y a un laisser-aller g\u00e9n\u00e9ral avec non pas l\u2019absence de d\u00e9cisions mais \u00e9galement de plusieurs centres de d\u00e9cisions qui envoient souvent des signaux contradictoires. <\/span><\/p>\n<p class=\"MsoNormal\"><span lang=\"FR\" style=\"font-family: 'Verdana','sans-serif'; mso-ansi-language: FR;\">Le Commissaire de Police re\u00e7oit des \u2018instructions\u2019 des ministres et on trouve que c\u2019est dans le cours normal des choses. Les fonctionnaires et les chefs de service, souvent d\u00e9sempar\u00e9s, s\u2019ils ne font pas \u00e0 leur guise, essaient de suivre les instructions de ceux qu\u2019ils per\u00e7oivent comme \u00e9tant les chefs du moment. Entretemps l\u2019\u00e9conomie pi\u00e9tine, la situation sociale se d\u00e9grade et la drogue synth\u00e9tique\u2026tue.<\/span><\/p>\n<p class=\"MsoNormal\"><strong><span lang=\"FR\" style=\"font-family: 'Verdana','sans-serif'; mso-ansi-language: FR;\">* Alors qu\u2019on fait \u00e9tat d\u2019une grande d\u00e9sillusion \u00e0 l\u2019\u00e9gard du pouvoir pour diff\u00e9rentes raisons et que les r\u00e9sultats tardent \u00e0 arriver, ce qui devrait cr\u00e9er les conditions d\u00e9favorables pour le pouvoir en place, cette situation ne semble pas \u00e9mouvoir le gouvernement. Il semblerait que l\u2019opposition ne soit pas capable d\u2019inqui\u00e9ter le gouvernement non plus. Qu\u2019est-ce qui expliquerait cela, selon vous ?<\/span><\/strong><\/p>\n<p class=\"MsoNormal\"><span lang=\"FR\" style=\"font-family: 'Verdana','sans-serif'; mso-ansi-language: FR;\">Je crois vous avoir donn\u00e9 les raisons qui, de mon point de vue, ont amen\u00e9 \u00e0 cette d\u00e9sillusion, ce d\u00e9senchantement d\u2019une population qui avait plac\u00e9 tant d\u2019espoir dans une \u00e9quipe qui avait promis monts et merveilles mais qui n\u2019arrive pas \u00e0 respecter les engagements pris. <\/span><\/p>\n<p class=\"MsoNormal\"><span lang=\"FR\" style=\"font-family: 'Verdana','sans-serif'; mso-ansi-language: FR;\">Cependant, en face d\u2019un gouvernement, aujourd\u2019hui d\u00e9cr\u00e9dibilis\u00e9 pour ne pas dire impopulaire, mais qui jouit quand m\u00eame d\u2019une majorit\u00e9 plus que confortable \u00e0 l\u2019Assembl\u00e9e nationale, nous avons une opposition non seulement clairsem\u00e9e mais divis\u00e9e et sans strat\u00e9gie commune. La col\u00e8re gronde dans la rue.<\/span><\/p>\n<p class=\"MsoNormal\"><span lang=\"FR\" style=\"font-family: 'Verdana','sans-serif'; mso-ansi-language: FR;\">Mais quel visage de l\u2019alternance les diff\u00e9rentes composantes de l\u2019Opposition parlementaire et extra-parlementaire nous pr\u00e9sentent-elles ? Est-ce un visage diff\u00e9rent de celui des tenants actuels du pouvoir ? Sans alternative, il n\u2019y aura pas d\u2019alternance ! <\/span><\/p>\n<p class=\"MsoNormal\"><strong><span lang=\"FR\" style=\"font-family: 'Verdana','sans-serif'; mso-ansi-language: FR;\">* Si la majorit\u00e9 ne se manifeste pas pour exprimer son d\u00e9saccord avec la mani\u00e8re de faire de l\u2019establishment politique, la remise en question de nos pratiques et de nos m\u0153urs politiques ne se fera pas, n\u2019est-ce pas ? Est-ce en raison du d\u00e9senchantement des Mauriciens avec la chose politique ou deviennent-ils de plus en plus \u2018pouvoiristes\u2019, s\u2019accommodant comme bon leur semble avec le pouvoir en place ? <\/span><\/strong><\/p>\n<p class=\"MsoNormal\"><span lang=\"FR\" style=\"font-family: 'Verdana','sans-serif'; mso-ansi-language: FR;\">L\u2019establishment politique entend souvent la voix du peuple, la voix de la raison, lorsqu\u2019il est hors du pouvoir, quand c\u2019est d\u00e9j\u00e0 trop tard pour lui. On voit et on entend bien chaque jour l\u2019expression du d\u00e9senchantement de la majorit\u00e9 des Mauriciens \u00e0 travers les manifestations de col\u00e8re de plus en plus nombreuses dans les m\u00e9dia et sur les r\u00e9seaux sociaux dont Facebook, mais cet establishment-l\u00e0 n\u2019en fait pas grand cas, fait la sourde oreille ou l\u2019ignore superbement. <\/span><\/p>\n<p class=\"MsoNormal\"><span lang=\"FR\" style=\"font-family: 'Verdana','sans-serif'; mso-ansi-language: FR;\">Il y \u00e9galement une mentalit\u00e9 de \u2018rod\u00e8re boutes\u2019, encourag\u00e9e par les politiciens, qui s\u2019est d\u00e9velopp\u00e9e parmi la population au d\u00e9triment des principes de justice, d\u2019\u00e9quit\u00e9, de moralit\u00e9 et de m\u00e9ritocratie, qui n\u2019ont h\u00e9las, plus cours. \u2018Let us make hay while the sun shines\u2019 semble \u00eatre la devise d\u2019un grand nombre de nos concitoyens ! Et cela ne peut qu\u2019encourager les tenants du pouvoir de continuer \u00e0 agir \u00e0 leur guise.<\/span><\/p>\n<p class=\"MsoNormal\"><strong><span lang=\"FR\" style=\"font-family: 'Verdana','sans-serif'; mso-ansi-language: FR;\">* La remise en question de l\u2019opposition et de son fonctionnement ne s\u2019est pas fait malgr\u00e9 la d\u00e9faite de d\u00e9cembre 2014. Le PTr parvient \u00e0 mobiliser une bonne foule lors de ses congr\u00e8s, mais reste toujours bloqu\u00e9 en raison des tracasseries que conna\u00eet son leader. Le MMM s\u2019est donn\u00e9 une nouvelle constitution, mais qui, de toute \u00e9vidence, n\u2019est pas faite pour inqui\u00e9ter l\u2019actuel leadership. Votre opinion ?<\/span><\/strong><\/p>\n<p class=\"MsoNormal\"><span lang=\"FR\" style=\"font-family: 'Verdana','sans-serif'; mso-ansi-language: FR;\">Les partis politiques, ceux de l\u2019opposition comme ceux du gouvernement d\u2019ailleurs, sont des organisations qui op\u00e8rent selon une formule \u2018d\u00e9mocratique\u2019 particuli\u00e8re : m\u00eame lorsqu\u2019il y a des \u00e9lections internes, le leader est toujours reconduit et on retrouve toujours soit les m\u00eames personnes aux diff\u00e9rents postes de commande soit une \u00e9quipe dirigeante qui n\u2019est qu\u2019une variante des pr\u00e9c\u00e9dentes. <\/span><\/p>\n<p class=\"MsoNormal\"><span lang=\"FR\" style=\"font-family: 'Verdana','sans-serif'; mso-ansi-language: FR;\">Ceux qui, avec raison, r\u00e9clament de nouvelles t\u00eates doivent donc attendre, pour longtemps encore peut-\u00eatre, et s\u2019accommoder de la situation actuelle. Cela \u00e9tant, pour assurer l\u2019alternance, si elle \u00e9tait souhaitable, les forces de l\u2019opposition ne pourraient se pr\u00e9senter aux prochaines \u00e9lections en ordre dispers\u00e9 et s\u2019attendre \u00e0 les remporter. Elles doivent trouver une formule d\u2019entente, qui reposerait sur un programme gouvernemental audacieux mais r\u00e9aliste, et une liste de candidats qui r\u00e9pond aux attentes d\u2019une population d\u00e9senchant\u00e9e depuis les \u00e9lections de d\u00e9cembre 2014. <\/span><\/p>\n<p class=\"MsoNormal\"><span lang=\"FR\" style=\"font-family: 'Verdana','sans-serif'; mso-ansi-language: FR;\">Tout le monde sait mais pr\u00e9f\u00e8re ne pas le dire \u00e0 haute voix : le choix du candidat au poste de Premier ministre est primordial pour remporter les \u00e9lections g\u00e9n\u00e9rales. Pour les prochaines, la majorit\u00e9 actuelle, avec ses diff\u00e9rentes composantes, connait d\u00e9j\u00e0 le nom de son candidat \u00e0 la primature. Qu\u2019en est-il de l\u2019opposition unie ou d\u00e9sunie ?<\/span><\/p>\n<p class=\"MsoNormal\"><strong><span lang=\"FR\" style=\"font-family: 'Verdana','sans-serif'; mso-ansi-language: FR;\">* La derni\u00e8re que nous avons apprise de Sir Anerood Jugnauth par rapport \u00e0 l\u2019affaire Chagos, c\u2019est que des officiels am\u00e9ricains et britanniques lui ont parl\u00e9 \u00ab comme \u00e0 un esclave \u00bb, lors d\u2019une r\u00e9union dans son bureau en juin dernier et au cours de laquelle des menaces de sanctions ont \u00e9t\u00e9 prof\u00e9r\u00e9es contre le gouvernement mauricien pour avoir sollicit\u00e9 l\u2019aide des Nations Unies. Comment r\u00e9agissez-vous \u00e0 cela ? Pensez-vous qu\u2019il faut malgr\u00e9 tout aller de l\u2019avant en vue de chercher l\u2019opinion de la Cour internationale de Justice ?<\/span><\/strong><\/p>\n<p class=\"MsoNormal\"><span lang=\"FR\" style=\"font-family: 'Verdana','sans-serif'; mso-ansi-language: FR;\">Le comportement insultant et r\u00e9voltant des officiels am\u00e9ricains et britanniques vis-\u00e0-vis du Premier ministre mauricien, tel qu\u2019il l\u2019a lui-m\u00eame d\u00e9crit, est inacceptable et m\u00eame intol\u00e9rable. Des excuses doivent \u00eatre exig\u00e9es. Comme Sir Anerood Jugnauth, je suis en faveur de la d\u00e9marche de chercher l\u2019opinion de la Cour internationale de Justice sur l\u2019affaire Chagos. <\/span><\/p>\n<p class=\"MsoNormal\"><span lang=\"FR\" style=\"font-family: 'Verdana','sans-serif'; mso-ansi-language: FR;\">Je n\u2019arrive d\u2019ailleurs pas \u00e0 comprendre comment, en marge de la derni\u00e8re Assembl\u00e9e g\u00e9n\u00e9rale des Nations Unies \u00e0 New York, il ait pu accepter de rencontrer Boris Johnson, le Secr\u00e9taire d\u2019Etat aux Affaires \u00e9trang\u00e8res britannique au lieu d\u2019une rencontre avec son homologue britannique en Angleterre ou ailleurs, et se laisser berner une nouvelle fois par les Anglais. Il n\u2019aurait jamais d\u00fb accepter de reporter le recours \u00e0 la Cour internationale de Justice \u00e0 juin de l\u2019ann\u00e9e prochaine. Cela a \u00e9t\u00e9 une erreur de sa part. <\/span><\/p>\n","protected":false},"excerpt":{"rendered":"<p>Interview : Cassam Uteem, Ancien Pr\u00e9sident de la R\u00e9publique &#8212; \u2018La proposition de la \u2018Deuxi\u00e8me R\u00e9publique\u2019 \u00e9tait la recette toute indiqu\u00e9e pour une instabilit\u00e9 politique permanente\u2019<\/p>\n","protected":false},"author":1,"featured_media":4670,"comment_status":"open","ping_status":"open","sticky":false,"template":"","format":"standard","meta":{"jetpack_post_was_ever_published":false,"_jetpack_newsletter_access":"","_jetpack_dont_email_post_to_subs":false,"_jetpack_newsletter_tier_id":0,"_jetpack_memberships_contains_paywalled_content":false,"_jetpack_memberships_contains_paid_content":false,"footnotes":"","jetpack_publicize_message":"","jetpack_publicize_feature_enabled":true,"jetpack_social_post_already_shared":false,"jetpack_social_options":{"image_generator_settings":{"template":"highway","default_image_id":0,"font":"","enabled":false},"version":2}},"categories":[32],"tags":[1947,573,1949,1945,147,1948,1946,1944],"class_list":["post-4671","post","type-post","status-publish","format-standard","has-post-thumbnail","hentry","category-interviews","tag-air-mauritius-affaire-boskalis","tag-cassam-uteem","tag-chagos-boris-johnson","tag-combattants-is-maurice","tag-deuxieme-republique","tag-facebook-sir-anerood-jugnauth","tag-prevention-of-terrorism-act-pota","tag-terrorisme-syrie-boko-haram"],"jetpack_publicize_connections":[],"jetpack_featured_media_url":"https:\/\/i0.wp.com\/www.mauritiustimes.com\/mt\/wp-content\/uploads\/2016\/12\/cassam%20uteem.gif?fit=356%2C260&ssl=1","jetpack_sharing_enabled":true,"jetpack_shortlink":"https:\/\/wp.me\/p8QzSF-1dl","_links":{"self":[{"href":"https:\/\/www.mauritiustimes.com\/mt\/wp-json\/wp\/v2\/posts\/4671","targetHints":{"allow":["GET"]}}],"collection":[{"href":"https:\/\/www.mauritiustimes.com\/mt\/wp-json\/wp\/v2\/posts"}],"about":[{"href":"https:\/\/www.mauritiustimes.com\/mt\/wp-json\/wp\/v2\/types\/post"}],"author":[{"embeddable":true,"href":"https:\/\/www.mauritiustimes.com\/mt\/wp-json\/wp\/v2\/users\/1"}],"replies":[{"embeddable":true,"href":"https:\/\/www.mauritiustimes.com\/mt\/wp-json\/wp\/v2\/comments?post=4671"}],"version-history":[{"count":0,"href":"https:\/\/www.mauritiustimes.com\/mt\/wp-json\/wp\/v2\/posts\/4671\/revisions"}],"wp:featuredmedia":[{"embeddable":true,"href":"https:\/\/www.mauritiustimes.com\/mt\/wp-json\/wp\/v2\/media\/4670"}],"wp:attachment":[{"href":"https:\/\/www.mauritiustimes.com\/mt\/wp-json\/wp\/v2\/media?parent=4671"}],"wp:term":[{"taxonomy":"category","embeddable":true,"href":"https:\/\/www.mauritiustimes.com\/mt\/wp-json\/wp\/v2\/categories?post=4671"},{"taxonomy":"post_tag","embeddable":true,"href":"https:\/\/www.mauritiustimes.com\/mt\/wp-json\/wp\/v2\/tags?post=4671"}],"curies":[{"name":"wp","href":"https:\/\/api.w.org\/{rel}","templated":true}]}}