{"id":46675,"date":"2026-08-31T21:09:00","date_gmt":"2026-08-31T17:09:00","guid":{"rendered":"https:\/\/www.mauritiustimes.com\/mt\/?p=46675"},"modified":"2026-08-31T21:09:00","modified_gmt":"2026-08-31T17:09:00","slug":"entite-mauricienne","status":"publish","type":"post","link":"https:\/\/www.mauritiustimes.com\/mt\/entite-mauricienne\/","title":{"rendered":"Entit\u00e9 Mauricienne"},"content":{"rendered":"<p style=\"text-align: center;\"><span style=\"color: #800000;\"><u>From Our Archives &#8211; <\/u><strong><u>A Glimpse into 1961<\/u><\/strong><\/span><!--more--><\/p>\n<p><span style=\"color: #0000ff;\"><strong>Par Philippe Forget<\/strong><\/span><\/p>\n<p><span style=\"color: #000000;\">Malgr\u00e9 les br\u00fblants probl\u00e8mes de surpeuplement et la n\u00e9cessit\u00e9 imp\u00e9rieuse d\u2019une\u00a0production accrue et diversifi\u00e9e qui nous confrontent, l\u2019Entit\u00e9 Mauricienne\u00a0continue d\u2019inspirer\u00a0\u00e0 de nombreux Mauriciens\u00a0r\u00e9flexions et espoir. Cet int\u00e9r\u00eat est justifi\u00e9, puisque les obstacles qui nous s\u00e9parent d\u2019une\u00a0entit\u00e9 nationale sont, pour la plupart, ceux-l\u00e0 m\u00eames qui emp\u00eachent un accord rapide et une action vigoureuse dans le domaine des probl\u00e8mes pressants qui engagent l\u2019avenir\u00a0de notre pays. Richard Titmuss n\u2019\u00e9crivait-il\u00a0pas,\u00a0dans un contexte diff\u00e9rent de celui du brillant ouvrage qu\u2019il\u00a0vient de consacrer \u00e0 l\u2019\u00eele\u00a0Maurice\u00a0: \u00ab Social ideas may well be more important in the next half century than technological innovation \u00bb ?<\/span><\/p>\n<p><span style=\"color: #000000;\">Il faut cependant convenir que l\u2019Entit\u00e9\u00a0Mauricienne ne constitue nullement une id\u00e9e neuve,\u00a0ni m\u00eame une action nouvelle dans le cadre mauricien et, encore moins, dans la perspective mondiale. Acquise, elle ne serait pas une innovation ; elle ne serait que le d\u00e9nouement ultime d\u2019une\u00a0tendance naturelle et d\u2019un\u00a0des attributs les plus sp\u00e9cifiques de l\u2019homme.\u00a0Voici en quels termes l\u2019\u00e9minent\u00a0biologiste Julian Huxley d\u00e9crit cette caract\u00e9ristique de la phase humaine de l\u2019\u00e9volution :<\/span><\/p>\n<p><span style=\"color: #000000;\">\u00abLa\u00a0phase humaine de l\u2019\u00e9volution de la vie qui a commenc\u00e9 il y a peut-\u00eatre un quart de million d\u2019ann\u00e9es,\u00a0apr\u00e8s avoir subsist\u00e9 comme un petit groupe d\u2019hommes\u00a0pendant la plus grande partie de ce temps, se mit \u00e0 se d\u00e9ployer \u00e0 travers le monde apr\u00e8s la derni\u00e8re p\u00e9riode glaciale, transformant\u00a0ce petit groupe d\u2019hommes\u00a0en le nouveau groupe dominant. L\u2019expansion du nouveau groupe s\u2019effectua d\u2019abord\u00a0suivant le mode orthodoxe illustr\u00e9 par toutes les autres phases semblables d\u2019expansion : c\u2019est-\u00e0-dire\u00a0par une distribution en \u00e9ventail \u00e0 travers les continents, distribution qui devait entra\u00eener\u00a0bient\u00f4t les divergences physiques illustr\u00e9es par les principaux types d\u2019hommes : les Noirs,\u00a0les Jaunes\u00a0et les Blancs.\u00a0Mais, pour la premi\u00e8re fois au cours de l\u2019\u00e9volution\u00a0de la vie, ces divergences n\u2019atteignirent\u00a0pas le stade d\u2019une\u00a0solution compl\u00e8te de continuit\u00e9 : les types d\u2019hommes\u00a0ne devinrent jamais des esp\u00e8ces diff\u00e9rentes. Puis, l\u2019instinct\u00a0migrateur de l\u2019homme\u00a0et son adaptabilit\u00e9 psychologique entr\u00e8rent en jeu et firent que les divergences c\u00e9d\u00e8rent bient\u00f4t le pas \u00e0 une convergence marqu\u00e9e. Certains facteurs h\u00e9r\u00e9ditaires qui avaient \u00e9t\u00e9 s\u00e9par\u00e9s furent r\u00e9unis de nouveau gr\u00e2ce\u00a0aux mariages entre hommes et femmes des diff\u00e9rents types, et la tendance jusqu\u2019alors\u00a0rigoureuse de toutes les formes vivantes \u00e0 se diversifier compl\u00e8tement en esp\u00e8ces fut renvers\u00e9e. Cet aspect du d\u00e9veloppement humain est unique \u00e0 offrir ainsi un exemple d\u2019int\u00e9gration convergente.\u00bb<\/span><\/p>\n<p><span style=\"color: #000000;\">Apr\u00e8s avoir signal\u00e9 que le m\u00eame processus, c\u2019est-\u00e0-dire divergence partielle suivie d\u2019int\u00e9gration\u00a0grandissante, s\u2019est\u00a0v\u00e9rifi\u00e9 par rapport aux cultures,\u00a0Huxley exprime sa conviction que le r\u00e9sultat qui est d\u00e9j\u00e0 en vue ne peut \u00eatre autre que l\u2019\u00e9mergence d\u2019une\u00a0seule communaut\u00e9 mondiale.<\/span><\/p>\n<p><span style=\"color: #000000;\">Il est ind\u00e9niable que l\u2019int\u00e9gration\u00a0des diff\u00e9rentes communaut\u00e9s mauriciennes, \u00e0 l\u2019origine\u00a0ethniquement distinctes, commen\u00e7a il y a plus d\u2019un\u00a0si\u00e8cle. Elle commen\u00e7a probablement d\u00e8s le moment m\u00eame o\u00f9 ces diff\u00e9rentes communaut\u00e9s furent mises en pr\u00e9sence l\u2019une\u00a0de l\u2019autre.\u00a0Le m\u00e9tissage,\u00a0flagrant s\u2019il\u00a0en fut,\u00a0son expression la plus \u00e9vidente,\u00a0ne donna jamais qu\u2019une\u00a0mesure incompl\u00e8te de son importance. Cette int\u00e9gration ethnique et culturelle n\u2019a\u00a0\u00e9t\u00e9, nous l\u2019avons\u00a0vu plus haut, que l\u2019illustration\u00a0r\u00e9gionale d\u2019une\u00a0tendance plus ou moins rapide, plus ou moins r\u00e9pandue, dans le monde habit\u00e9 des hommes, selon une caract\u00e9ristique qui est pour eux \u00e0 la fois une unique distinction et l\u2019une de leurs plus marquantes sup\u00e9riorit\u00e9s.<\/span><\/p>\n<p><span style=\"color: #000000;\">\u00c0 l\u2019\u00eele\u00a0Maurice, comme ailleurs, cet ajustement instinctif d\u2019une\u00a0population multiraciale est la cons\u00e9quence de la camaraderie, des relations de bon voisinage, de l\u2019entraide\u00a0spontan\u00e9e, de la coop\u00e9ration journali\u00e8re et des sentiments d\u2019estime, d\u2019amiti\u00e9\u00a0ou d\u2019amour\u00a0qui ne craignent ni ne respectent les barri\u00e8res,\u00a0pour la plupart fr\u00eales, artificielles et nuisibles,\u00a0qui voudraient compartimenter pour toujours le contenu h\u00e9r\u00e9ditaire et culturel de groupes\u00a0faits pour s\u2019entendre et se compl\u00e9ter.<\/span><\/p>\n<p><span style=\"color: #000000;\">Face \u00e0 leur destin\u00e9e, et faisant partie d\u2019un\u00a0vaste mouvement int\u00e9grateur mondial, subissant en hommes l\u2019attraction d\u2019un\u00a0champ magn\u00e9tique fait de forces sp\u00e9cifiquement humaines, les habitants de l\u2019\u00eele Maurice convergent vers une entit\u00e9 plus riche et plus belle que l\u2019ensemble\u00a0de leurs biens respectifs.<\/span><\/p>\n<p><span style=\"color: #000000;\">Tout en convenant que le concept de l\u2019Entit\u00e9\u00a0Mauricienne n\u2019a\u00a0rien ajout\u00e9 de nouveau \u00e0 la tendance convergente qui existe d\u00e9j\u00e0 parmi nous, il faut reconna\u00eetre\u00a0le m\u00e9rite de venir \u00e0 son heure concr\u00e9tiser l\u2019id\u00e9al\u00a0obscur\u00e9ment servi par la majorit\u00e9 de la population. L\u2019Entit\u00e9\u00a0Mauricienne est un concept intellectuel que nous souffle la raison,\u00a0tandis que le mariage entre diff\u00e9rents groupes ethniques est la solution offerte par la vie.<\/span><\/p>\n<p><span style=\"color: #000000;\">Elle vient \u00e0 son heure combattre un autre concept nuisible, celui du multiracialisme. Avec Tom Mboya,\u00a0je crois que le multiracialisme est une diversion que certains sugg\u00e8rent et o\u00f9 ils ne sont pr\u00eats \u00e0 s\u2019engager qu\u2019afin\u00a0de d\u00e9tourner l\u2019attention\u00a0de la voie d\u2019une\u00a0v\u00e9ritable entit\u00e9 nationale.\u00a0Mboya s\u2019\u00e9criait\u00a0\u00e0 ce sujet :<\/span><\/p>\n<p><span style=\"color: #000000;\">\u00abWe don\u2019t want multiracialism. We object and protest against partnership in a multiracial plan. We want people to be nationals of Kenya, not members of a certain race.\u00bb<\/span><\/p>\n<p><span style=\"color: #000000;\">Il est \u00e9vident que le multiracialisme a \u00e9t\u00e9 con\u00e7u par des racistes\u00a0suffisamment intelligents pour vouloir donner le change sans sacrifier leur complexe de sup\u00e9riorit\u00e9. Il encourage le vernis d\u2019hypocrisie n\u00e9cessaire \u00e0 ces visites rituelles que l\u2019on\u00a0pourrait faire une fois la semaine \u00e0 un club multiracial parce qu\u2019en l\u2019an\u00a0de gr\u00e2ce 1961,\u00a0cela se fait.<\/span><\/p>\n<p><span style=\"color: #000000;\">L\u2019Entit\u00e9\u00a0Mauricienne est tout autre chose que la soci\u00e9t\u00e9 multiraciale\u00a0\u00e9quilibr\u00e9e que certains nous proposent,\u00a0parce qu\u2019elle\u00a0perp\u00e9tue, avec quelque \u00e9talage de charit\u00e9 et de condescendance,\u00a0leurs avantages, leurs pr\u00e9rogatives et les complexes dont ils abreuvent leurs egos.<\/span><\/p>\n<p><span style=\"color: #000000;\">Sans doute l\u2019Entit\u00e9\u00a0reconna\u00eet-elle la garantie de richesse que constitue,\u00a0pour l\u2019h\u00e9ritage\u00a0mauricien,\u00a0la vari\u00e9t\u00e9 de sources culturelles, religieuses et psychosociales\u00a0qui irriguent notre terre. Et cela n\u2019est pas paradoxal. Il en est de m\u00eame de l\u2019\u00e9galit\u00e9\u00a0des hommes :\u00a0chacun sait que tout homme est diff\u00e9rent des autres\u00a0; mais l\u2019id\u00e9al d\u2019\u00e9galit\u00e9\u00a0a n\u00e9anmoins, en quelque 150 ans, transform\u00e9 le monde et banni de terribles injustices.<\/span><\/p>\n<p><span style=\"color: #000000;\">Les diff\u00e9rences physiques dites raciales ne sont pas plus fondamentales que les diff\u00e9rences de taille, de force et d\u2019endurance.\u00a0Les diff\u00e9rences culturelles nous s\u00e9parent\u00a0moins que les vari\u00e9t\u00e9s de personnalit\u00e9 et de temp\u00e9rament.<\/span><\/p>\n<p style=\"text-align: center;\"><span style=\"color: #000000;\"><strong>La diversit\u00e9 est notre richesse, <\/strong><strong><b>l\u2019Entit\u00e9<\/b><\/strong><strong>\u00a0notre force et la garantie du progr\u00e8s.<\/strong><\/span><\/p>\n<p><span style=\"color: #000000;\">Le multiracialisme, qui repose sur la base erron\u00e9e du concept racial, se gr\u00e8ve,\u00a0de plus, de lourdes responsabilit\u00e9s, en encourageant les faux r\u00e9veils culturels et les\u00a0exploitations politiques \u00e0 des\u00a0fins pr\u00e9cises.<\/span><\/p>\n<p><span style=\"color: #000000;\">Ceux pour qui le Mauricianisme int\u00e9gral, s\u2019irradiant\u00a0dans les cercles\u00a0commerciaux, industriels, culturels, sportifs et sociaux, comporte la certitude d\u2019un \u00e9tablissement des pr\u00e9rogatives s\u00e9culaires le combattent\u00a0syst\u00e9matiquement par un racialisme forc\u00e9ment multiple, heureux de s\u2019abriter ensuite derri\u00e8re la fa\u00e7ade d\u2019un multiracialisme\u00a0tol\u00e9rant jusqu\u2019aux\u00a0cocktails et d\u00eeners en commun.<\/span><\/p>\n<p><span style=\"color: #000000;\">Il y a aussi ceux pour qui l\u2019organisation\u00a0\u00e9tanche de groupes \u00ab\u00a0raciaux\u00a0\u00bb comporte la certitude de l\u2019exercice\u00a0de ce \u00ab\u00a0balance of power\u00a0\u00bb qui est seconde nature et \u00e0 laquelle ils doivent les splendeurs d\u2019un\u00a0pass\u00e9 encore r\u00e9cent.<\/span><\/p>\n<p><span style=\"color: #000000;\">\u00c0\u00a0la suite de ces deux groupes h\u00e9r\u00e9ditairement connivents se h\u00e2te la cour h\u00e9t\u00e9roclite des agents v\u00e9naux de scandales et de scissions, les petits esprits et les\u00a0grandes ambitions, les princes du d\u00e9pit et de l\u2019envie \u2014\u00a0toute l\u2019orchestration\u00a0des r\u00e9actionnaires.<\/span><\/p>\n<p><span style=\"color: #000000;\">L\u2019Entit\u00e9\u00a0Mauricienne demeure jusqu\u2019ici\u00a0une vierge lointaine et st\u00e9rile. Est-elle un mythe ? N\u2019est-elle\u00a0qu\u2019un\u00a0r\u00eave de l\u2019intellect ? Elle attend peut-\u00eatre un signe.<\/span><\/p>\n<p><span style=\"color: #000000;\">Sans vouloir minimiser les difficult\u00e9s, ni m\u00e9conna\u00eetre\u00a0les r\u00e9els \u00e9cueils, il nous faut admettre qu\u2019aucun\u00a0effort n\u2019a\u00a0\u00e9t\u00e9 fait pour nous rapprocher de l\u2019Entit\u00e9 Mauricienne,\u00a0pour traduire l\u2019id\u00e9al\u00a0en actes de courage et de foi.<\/span><\/p>\n<p><span style=\"color: #000000;\">La crainte de d\u00e9sastres sans pr\u00e9c\u00e9dent nous fera peut-\u00eatre nous rapprocher dans le m\u00eame frisson de d\u00e9sespoir ou dans la m\u00eame d\u00e9termination d\u2019\u00e9viter l\u2019ab\u00eeme.\u00a0Mais ne devons-nous rien attendre de nos amours-propres et de nos intelligences ?<\/span><\/p>\n<p><span style=\"color: #000000;\">L\u2019Entit\u00e9\u00a0Mauricienne a besoin d\u2019institutions\u00a0mauriciennes pour s\u2019\u00e9panouir.\u00a0Un coll\u00e8ge universitaire, une association culturelle nationale pour \u00e9clipser \u00e0 la fois le British Council, l\u2019Union\u00a0Culturelle Fran\u00e7aise,\u00a0etc., et, en plus petit, pas de moindre importance, des clubs sportifs, des cercles litt\u00e9raires, des associations artistiques mauriciennes qui,\u00a0pour recruter leurs membres,\u00a0ne rechercheraient ni les garanties g\u00e9n\u00e9alogiques des communalistes, ni la\u00a0repr\u00e9sentation proportionnelle des multiracialit\u00e9s, mais plut\u00f4t l\u2019adresse, l\u2019esprit d\u2019\u00e9quipe\u00a0et la loyaut\u00e9 pour le sport, le temp\u00e9rament, les dons artistiques et les connaissances des\u00a0lettres pour les cercles litt\u00e9raires.<\/span><\/p>\n<p><span style=\"color: #000000;\">N\u2019est-il\u00a0pas temps d\u2019ouvrir\u00a0toutes grandes les portes des institutions qui existent d\u00e9j\u00e0 dans ces domaines et de\u00a0les lib\u00e9rer de l\u2019esprit\u00a0sectaire\u00a0?<\/span><\/p>\n<p><span style=\"color: #000000;\">Sous les v\u0153ux\u00a0r\u00eaveurs de la lointaine Entit\u00e9 Mauricienne,\u00a0ne pouvons-nous \u00eatre ni virils, ni intelligents, ni civilis\u00e9s ?<\/span><\/p>\n<p style=\"text-align: center;\"><strong>* * *<\/strong><\/p>\n<h3 style=\"text-align: center;\"><span style=\"color: #800000;\"><strong>L\u2019entit\u00e9 mauricienne<\/strong><\/span><\/h3>\n<p><span style=\"color: #0000ff;\"><strong>Par Patriote<\/strong><\/span><\/p>\n<p>Ceux qui ne se soucient gu\u00e8re de l\u2019importance qu\u2019occupe l\u2019entit\u00e9 mauricienne actuellement n\u2019ont s\u00fbrement jamais envisag\u00e9 les fruits qu\u2019elle peut nous apporter \u00e0 l\u2019avenir. Il n\u2019y a pas de doute : la moisson sera immense, mais \u00e0 condition que nous cultivions la plante. Jamais dans notre histoire l\u2019entit\u00e9 mauricienne n\u2019a \u00e9t\u00e9 aussi importante qu\u2019elle l\u2019est aujourd\u2019hui. Ce n\u2019est plus une cueillette de coquillages. Il s\u2019agit maintenant d\u2019une question de vie ou de mort pour toute une nation.<\/p>\n<p>Si nos parents ont quitt\u00e9 l\u2019Inde, le Pakistan ou la France pour converger ici, c\u2019est qu\u2019ils nous ont donn\u00e9 une patrie diff\u00e9rente de la leur. Nous devons mettre Maurice au premier plan, l\u2019adorer et regarder les terres de nos parents non pas avec d\u00e9dain, mais comme quelque chose de secondaire et de moins important.<\/p>\n<p>Nous avons vu le jour ici ; nous devons mourir ici, sur cette terre qui est la n\u00f4tre. Si nous semons le vent aujourd\u2019hui, nos enfants en r\u00e9colteront la temp\u00eate \u00e0 l\u2019avenir. Il faut emp\u00eacher notre \u00eele d\u2019aller \u00e0 la d\u00e9rive, car ce sont les jeunes et les g\u00e9n\u00e9rations futures qui souffriront.<\/p>\n<p>Une chose remarquable \u00e0 Maurice, c\u2019est que lorsqu\u2019on est jeune, on est d\u00e9pourvu de ces tendances communales ; mais en grandissant, on finit par se laisser mener par certaines traditions et certaines cultures qui ne nous appartiennent pas. Je le r\u00e9p\u00e8te : ni l\u2019Inde, ni le Pakistan, ni la France ne sont \u00e0 nous. Beaucoup de jeunes se lancent parfois aveugl\u00e9ment dans la carri\u00e8re trac\u00e9e par leurs pairs. On doit oublier la voie suivie par ses parents s\u2019ils ne se souciaient que du bien-\u00eatre de leur communaut\u00e9 et non de celui de l\u2019\u00eele enti\u00e8re.<\/p>\n<p>Si l\u2019on me demande pourquoi j\u2019insiste pour dire que l\u2019entit\u00e9 mauricienne nous est indispensable, je dirai que toutes les communaut\u00e9s qui existent ici sont aussi puissantes et importantes les unes que les autres, quelle que soit leur force num\u00e9rique ou p\u00e9cuniaire. Nous sommes tous d\u2019une importance \u00e9quivalente pour notre pays. Chaque communaut\u00e9 a besoin des autres pour des raisons respectives.<\/p>\n<p><em>\u00ab L\u2019entit\u00e9 mauricienne \u00bb, par Patriote, fut publi\u00e9e dans l\u2019\u00e9dition du <\/em>Mauritius Times<em>\u00a0du 17 mars 1961.<\/em><\/p>\n<p style=\"text-align: right;\"><span style=\"color: #993300;\"><strong>8th Year &#8211; No 343<br \/>\n<\/strong><strong>Friday 31st March, 1961<\/strong><\/span><\/p>\n<hr \/>\n<p><span style=\"color: #003300;\">Mauritius Times ePaper Friday 28 August 2026<\/span><\/p>\n","protected":false},"excerpt":{"rendered":"<p>From Our Archives &#8211; A Glimpse into 1961<\/p>\n","protected":false},"author":474,"featured_media":46681,"comment_status":"open","ping_status":"open","sticky":false,"template":"","format":"standard","meta":{"_jetpack_newsletter_access":"","_jetpack_dont_email_post_to_subs":false,"_jetpack_newsletter_tier_id":0,"_jetpack_memberships_contains_paywalled_content":false,"_jetpack_feature_clip_id":0,"_jetpack_memberships_contains_paid_content":false,"footnotes":"","jetpack_publicize_message":"","jetpack_publicize_feature_enabled":true,"jetpack_social_post_already_shared":true,"jetpack_social_options":{"image_generator_settings":{"template":"highway","default_image_id":0,"font":"","enabled":false},"version":2},"jetpack_post_was_ever_published":false},"categories":[23],"tags":[62643,62646,46759,62645,62644,62642,52373,62634,18261,1953,47204,62637,44660,8598,34207,62633,62647,62639,62649,35397,62636,23303,62641,47653,62651,4017,4787,4555,36,26724,62635,9880,62648,34344,62638,62640,51628,23304,62632,49198,43471,62650],"class_list":["post-46675","post","type-post","status-publish","format-standard","has-post-thumbnail","hentry","category-history","tag-association-culturelle-nationale","tag-associations-artistiques","tag-avenir","tag-cercles-litteraires","tag-clubs-sportifs","tag-college-universitaire","tag-communaute","tag-communautes-mauriciennes","tag-convergence","tag-cultures","tag-developpement","tag-differences-culturelles","tag-diversite","tag-egalite","tag-entite-mauricienne","tag-entite-nationale","tag-esprit-sectaire","tag-exploitation-politique","tag-generations-futures","tag-heritage","tag-heritage-mauricien","tag-identite","tag-institutions-mauriciennes","tag-integration","tag-interdependance","tag-jeunes","tag-maurice","tag-mauricianisme","tag-mauritius-times","tag-metissage","tag-multiracialisme","tag-nation","tag-patrie","tag-patriote","tag-personnalite","tag-prerogatives","tag-production","tag-racisme","tag-surpeuplement","tag-temperament","tag-traditions","tag-unite"],"jetpack_publicize_connections":[],"jetpack_sharing_enabled":true,"jetpack_shortlink":"https:\/\/wp.me\/p8QzSF-c8P","jetpack_featured_media_url":"https:\/\/i0.wp.com\/www.mauritiustimes.com\/mt\/wp-content\/uploads\/2026\/08\/Port-Louis-%E2%80%93-The-Municipal-Theatre-%E2%80%93-1960s.jpg?fit=1200%2C740&ssl=1","_links":{"self":[{"href":"https:\/\/www.mauritiustimes.com\/mt\/wp-json\/wp\/v2\/posts\/46675","targetHints":{"allow":["GET"]}}],"collection":[{"href":"https:\/\/www.mauritiustimes.com\/mt\/wp-json\/wp\/v2\/posts"}],"about":[{"href":"https:\/\/www.mauritiustimes.com\/mt\/wp-json\/wp\/v2\/types\/post"}],"author":[{"embeddable":true,"href":"https:\/\/www.mauritiustimes.com\/mt\/wp-json\/wp\/v2\/users\/474"}],"replies":[{"embeddable":true,"href":"https:\/\/www.mauritiustimes.com\/mt\/wp-json\/wp\/v2\/comments?post=46675"}],"version-history":[{"count":1,"href":"https:\/\/www.mauritiustimes.com\/mt\/wp-json\/wp\/v2\/posts\/46675\/revisions"}],"predecessor-version":[{"id":46682,"href":"https:\/\/www.mauritiustimes.com\/mt\/wp-json\/wp\/v2\/posts\/46675\/revisions\/46682"}],"wp:featuredmedia":[{"embeddable":true,"href":"https:\/\/www.mauritiustimes.com\/mt\/wp-json\/wp\/v2\/media\/46681"}],"wp:attachment":[{"href":"https:\/\/www.mauritiustimes.com\/mt\/wp-json\/wp\/v2\/media?parent=46675"}],"wp:term":[{"taxonomy":"category","embeddable":true,"href":"https:\/\/www.mauritiustimes.com\/mt\/wp-json\/wp\/v2\/categories?post=46675"},{"taxonomy":"post_tag","embeddable":true,"href":"https:\/\/www.mauritiustimes.com\/mt\/wp-json\/wp\/v2\/tags?post=46675"}],"curies":[{"name":"wp","href":"https:\/\/api.w.org\/{rel}","templated":true}]}}