{"id":460,"date":"2010-08-12T17:47:52","date_gmt":"2010-08-12T17:47:52","guid":{"rendered":"http:\/\/mauritiustimes.com\/mt\/2010\/08\/12\/krj-yash-10\/"},"modified":"2020-05-19T22:02:44","modified_gmt":"2020-05-19T18:02:44","slug":"krj-yash-10","status":"publish","type":"post","link":"https:\/\/www.mauritiustimes.com\/mt\/krj-yash-10\/","title":{"rendered":"Cinq ans moins 100 jours\u2026"},"content":{"rendered":"<p style=\"text-align: center;\"><span style=\"color: #000000;\"><em><u>Ce qui compte<\/u><\/em> <em><u>vraiment\u2026<\/u><\/em><\/span><!--more--><\/p>\n<h3 style=\"text-align: center;\"><span style=\"color: #000000;\"><em>Premi\u00e8rement<\/em><\/span><\/h3>\n<p><span style=\"color: #000080;\"><strong>Par\u00a0 KRJ Yash<\/strong><\/span><\/p>\n<p><span style=\"color: #000000;\">Des squatters sont d\u00e9log\u00e9s puis sont install\u00e9s dans une usine d\u00e9saffect\u00e9e, mais retap\u00e9e et aliment\u00e9e en eau courante et en \u00e9lectricit\u00e9, un casino obtient un permis d\u2019op\u00e9ration dans une petite ville hautement r\u00e9sidentielle et bien apr\u00e8s des voix discordantes se font entendre, des industriels priv\u00e9s obtiennent un contrat pour que l\u2019Etat leur ach\u00e8te leurs productions d\u2019\u00e9lectricit\u00e9 \u00e0 un prix avantageux, quitte \u00e0 ce que le CEB arr\u00eate sa production. Ces faits semblent a priori \u00eatre ind\u00e9pendants, mais ce n\u2019est pas le cas. Ils ont tous aliment\u00e9 \u00e0 un moment ou un autre des d\u00e9bats parlementaires. S\u2019il y a, semble-t-il, une volont\u00e9 politique de faire bouger les choses, elle s\u2019arr\u00eate ici: aux portes du Parlement! La transformation des id\u00e9es en actions ne se fait pas. Vous me direz qu\u2019il n\u2019y a pas d\u2019urgence et que le gouvernement s\u2019installe tout juste, et c\u2019est vrai que vous avez raison\u00a0!<\/span><\/p>\n<p><span style=\"color: #000000;\">Mais comment ne pas \u00eatre d\u00e9\u00e7u par les 100 derniers jours que nous venons de vivre par rapport aux premiers 100 jours du pr\u00e9c\u00e9dent mandat du Premier ministre\u00a0! Qu\u2019est-ce qui a chang\u00e9\u00a0? Est-ce qu\u2019il n\u2019y a plus personne pour d\u00e9battre des id\u00e9es et proposer des mesures, y a-t-il quelqu\u2019un pour nous emp\u00eacher de tourner en rond\u00a0? Ou bien est-ce la peur de mal faire qui t\u00e9tanise certains membres de ce gouvernement, cela pourrait se comprendre apr\u00e8s que les ardeurs du ministre de l\u2019Industrie et du commerce aient \u00e9t\u00e9 refroidis, et la communication gripp\u00e9e de la ministre de la Sant\u00e9. Qu\u2019un Attorney General brasse plus la communication qu\u2019un ministre du Tourisme est une grande premi\u00e8re. Mais Chuut! Ce gouvernement et ce pays s\u2019endorment\u2026<\/span><\/p>\n<p><span style=\"color: #000000;\">En 2005, la stimulante op\u00e9ration de \u00ab\u00a0<em>lev pak\u00e9 all\u00e9<\/em>\u00a0\u00bb avait donn\u00e9 un signal d\u2019une nouvelle attitude chez le Premier ministre. Est-ce qu\u2019il a de nouveau chang\u00e9 en 2010 pour redevenir celui de l\u2019an 2000, les mandarins et petits caporaux semblent plus que jamais boulonn\u00e9s \u00e0 leurs si\u00e8ges et cela augure que des abus vont \u00eatre bient\u00f4t commis, embarrassant une fois de plus le Premier des ministres. La d\u00e9cision de ne pas attribuer les m\u00eames portefeuilles minist\u00e9riels aux ministres sortants de son pr\u00e9c\u00e9dent cabinet aurait d\u00fb donner un coup de jeune et relancer la machine. Le Premier ministre aurait donc fait le n\u00e9cessaire, mais pourquoi tout cela reste-il aussi fade\u00a0?<\/span><\/p>\n<p><span style=\"color: #000000;\">Un Premier ministre peut dire son m\u00e9contentement, se donner une image d\u2019une personne qui prend des d\u00e9cisions et avec qui on ne \u00ab<em>badine<\/em>\u00bb pas, mais \u00e0 force de faire des d\u00e9clarations d\u2019intention qui ne changent rien, nous pouvons nous poser des questions.<\/span><\/p>\n<p><span style=\"color: #000000;\">Le plus puissant de tous les Premiers ministres ne peut mesurer sa force que par rapport \u00e0 l\u2019opposition du jour. Si aujourd\u2019hui nous avons une opposition paillasson, cela ne veut pas dire que cette opposition va toujours rester au niveau z\u00e9ro. Si l\u2019opposition parlementaire n\u2019a plus le souffle n\u00e9cessaire pour \u00eatre sur les fronts contre le gouvernement, il y a de fortes chances qu\u2019une opposition extra-parlementaire prenne le relais pour devenir une alternance au pouvoir.<\/span><\/p>\n<p><span style=\"color: #000000;\">Je ne suis pas en train de parler de la pr\u00e9tendue troisi\u00e8me force politique, soi-disant en gestation depuis des lustres, et qui fait r\u00eaver ces confortables petits bourgeois dans leur discours de salon, non je ne parle pas de cela. Je fais allusion \u00e0 cette partie de la population qui a su profiter de l\u2019\u00e9ducation gratuite du Parti travailliste pour sortir des champs de canne et venir travailler dans les usines et les bureaux, cette population qui veut \u00e9lever ses enfants dans ce pays, qui veulent acheter un bout de terrain, une maison, investir dans l\u2019avenir et pour l\u2019avenir.<\/span><\/p>\n<p><span style=\"color: #000000;\">Cette population s\u2019accro\u00eet de jour en jour. Par exemple, les Mauriciens qui auraient \u00e9migr\u00e9 facilement si la crise \u00e9conomique n\u2019avait pas bris\u00e9 les reins du capitalisme, commencent \u00e0 vouloir faire bouger leur pays et r\u00e9fl\u00e9chissent \u00e0 l\u2019avenir de l\u2019\u00eele Maurice. Notre mod\u00e8le de d\u00e9veloppement ne doit pas seulement \u00eatre repens\u00e9, mais stimulant pour que nous devenions le tigre de l\u2019oc\u00e9an Indien qui nous fait tant fantasmer.<\/span><\/p>\n<p><span style=\"color: #000000;\">Le Parti travailliste est au gouvernement, apr\u00e8s un premier mandat de cinq ans, voil\u00e0 plus de 100 jours que le MSM l\u2019a rejoint au pouvoir dans ce nouveau mandat, \u00eates-vous satisfait\u00a0? Respirez-vous la joie de vivre dans les rues du pays\u00a0? \u00ab\u00a0<em>Patience donne mwa enn ti l\u00e9tan mo pou guette \u00e7a la\u00a0!<\/em>\u00a0\u00bb Avons-nous le choix\u00a0? Pas pour l\u2019instant\u2026\u00a0<\/span><\/p>\n<p style=\"text-align: center;\"><span style=\"color: #000000;\"><em>Deuxi\u00e8mement<\/em><\/span><\/p>\n<p><span style=\"color: #000000;\"><em>\u00a0<\/em><\/span><span style=\"color: #000000;\"><strong>\u00a0<em>\u201cNearly all men can stand adversity, but if you want to test a man&#8217;s character, give him power.\u201d<\/em><\/strong><strong><em><br \/>\n<\/em><\/strong><em>&#8212; Abraham Lincoln\u00a0\u00a0<\/em><\/span><\/p>\n<hr \/>\n<p><span style=\"color: #008080;\"><em>* Published in print edition on <\/em><em>12 August 2010<\/em><\/span><\/p>\n","protected":false},"excerpt":{"rendered":"<p>Ce qui compte vraiment\u2026<\/p>\n","protected":false},"author":300,"featured_media":6560,"comment_status":"open","ping_status":"open","sticky":false,"template":"","format":"standard","meta":{"jetpack_post_was_ever_published":false,"_jetpack_newsletter_access":"","_jetpack_dont_email_post_to_subs":false,"_jetpack_newsletter_tier_id":0,"_jetpack_memberships_contains_paywalled_content":false,"_jetpack_memberships_contains_paid_content":false,"footnotes":"","jetpack_publicize_message":"","jetpack_publicize_feature_enabled":true,"jetpack_social_post_already_shared":false,"jetpack_social_options":{"image_generator_settings":{"template":"highway","default_image_id":0,"font":"","enabled":false},"version":2}},"categories":[25],"tags":[1103,3112,22174,25125,280,314],"class_list":["post-460","post","type-post","status-publish","format-standard","has-post-thumbnail","hentry","category-politics","tag-attorney-general","tag-ceb","tag-krj-yash","tag-lev-pake-alle","tag-msm","tag-parti-travailliste"],"jetpack_publicize_connections":[],"jetpack_featured_media_url":"https:\/\/i0.wp.com\/www.mauritiustimes.com\/mt\/wp-content\/uploads\/2016\/12\/MT-Logokk.jpg?fit=1200%2C880&ssl=1","jetpack_sharing_enabled":true,"jetpack_shortlink":"https:\/\/wp.me\/p8QzSF-7q","_links":{"self":[{"href":"https:\/\/www.mauritiustimes.com\/mt\/wp-json\/wp\/v2\/posts\/460","targetHints":{"allow":["GET"]}}],"collection":[{"href":"https:\/\/www.mauritiustimes.com\/mt\/wp-json\/wp\/v2\/posts"}],"about":[{"href":"https:\/\/www.mauritiustimes.com\/mt\/wp-json\/wp\/v2\/types\/post"}],"author":[{"embeddable":true,"href":"https:\/\/www.mauritiustimes.com\/mt\/wp-json\/wp\/v2\/users\/300"}],"replies":[{"embeddable":true,"href":"https:\/\/www.mauritiustimes.com\/mt\/wp-json\/wp\/v2\/comments?post=460"}],"version-history":[{"count":0,"href":"https:\/\/www.mauritiustimes.com\/mt\/wp-json\/wp\/v2\/posts\/460\/revisions"}],"wp:featuredmedia":[{"embeddable":true,"href":"https:\/\/www.mauritiustimes.com\/mt\/wp-json\/wp\/v2\/media\/6560"}],"wp:attachment":[{"href":"https:\/\/www.mauritiustimes.com\/mt\/wp-json\/wp\/v2\/media?parent=460"}],"wp:term":[{"taxonomy":"category","embeddable":true,"href":"https:\/\/www.mauritiustimes.com\/mt\/wp-json\/wp\/v2\/categories?post=460"},{"taxonomy":"post_tag","embeddable":true,"href":"https:\/\/www.mauritiustimes.com\/mt\/wp-json\/wp\/v2\/tags?post=460"}],"curies":[{"name":"wp","href":"https:\/\/api.w.org\/{rel}","templated":true}]}}