{"id":4589,"date":"2016-10-24T02:37:07","date_gmt":"2016-10-24T02:37:07","guid":{"rendered":"http:\/\/mauritiustimes.com\/mt\/2016\/10\/24\/interview-sydney-selvon-15\/"},"modified":"2017-08-08T12:44:43","modified_gmt":"2017-08-08T08:44:43","slug":"interview-sydney-selvon-15","status":"publish","type":"post","link":"https:\/\/www.mauritiustimes.com\/mt\/interview-sydney-selvon-15\/","title":{"rendered":"\u2018Rien n&#8217;emp\u00eachera au peuple mauricien de se choisir le gouvernement qu&#8217;il veut en 2019\u2019"},"content":{"rendered":"<p><!-- [if gte mso 9]><xml> <w:WordDocument> <w:View>Normal<\/w:View> <w:Zoom>0<\/w:Zoom> <w:TrackMoves \/> <w:TrackFormatting \/> <w:PunctuationKerning \/> <w:ValidateAgainstSchemas \/> <w:SaveIfXMLInvalid>false<\/w:SaveIfXMLInvalid> <w:IgnoreMixedContent>false<\/w:IgnoreMixedContent> <w:AlwaysShowPlaceholderText>false<\/w:AlwaysShowPlaceholderText> <w:DoNotPromoteQF \/> <w:LidThemeOther>EN-GB<\/w:LidThemeOther> <w:LidThemeAsian>X-NONE<\/w:LidThemeAsian> <w:LidThemeComplexScript>X-NONE<\/w:LidThemeComplexScript> <w:Compatibility> <w:BreakWrappedTables \/> <w:SnapToGridInCell \/> <w:WrapTextWithPunct \/> <w:UseAsianBreakRules \/> <w:DontGrowAutofit \/> <w:SplitPgBreakAndParaMark \/> <w:DontVertAlignCellWithSp \/> <w:DontBreakConstrainedForcedTables \/> <w:DontVertAlignInTxbx \/> <w:Word11KerningPairs \/> <w:CachedColBalance \/> <\/w:Compatibility> <w:BrowserLevel>MicrosoftInternetExplorer4<\/w:BrowserLevel> <m:mathPr> <m:mathFont m:val=\"Cambria Math\" \/> <m:brkBin m:val=\"before\" \/> <m:brkBinSub m:val=\" \" \/> <m:smallFrac m:val=\"off\" \/> <m:dispDef \/> <m:lMargin m:val=\"0\" \/> <m:rMargin m:val=\"0\" \/> <m:defJc m:val=\"centerGroup\" \/> <m:wrapIndent m:val=\"1440\" \/> <m:intLim m:val=\"subSup\" \/> <m:naryLim m:val=\"undOvr\" \/> <\/m:mathPr><\/w:WordDocument> <\/xml><![endif]--><\/p>\n<p style=\"text-align: center;\"><!-- [if gte mso 9]><xml> <w:LatentStyles DefLockedState=\"false\" DefUnhideWhenUsed=\"true\" DefSemiHidden=\"true\" DefQFormat=\"false\" DefPriority=\"99\" LatentStyleCount=\"267\"> <w:LsdException Locked=\"false\" Priority=\"0\" SemiHidden=\"false\" UnhideWhenUsed=\"false\" QFormat=\"true\" Name=\"Normal\" \/> <w:LsdException Locked=\"false\" Priority=\"9\" SemiHidden=\"false\" UnhideWhenUsed=\"false\" QFormat=\"true\" Name=\"heading 1\" \/> <w:LsdException Locked=\"false\" Priority=\"9\" QFormat=\"true\" Name=\"heading 2\" \/> <w:LsdException Locked=\"false\" Priority=\"9\" QFormat=\"true\" Name=\"heading 3\" \/> <w:LsdException Locked=\"false\" Priority=\"9\" QFormat=\"true\" Name=\"heading 4\" \/> <w:LsdException Locked=\"false\" Priority=\"9\" QFormat=\"true\" Name=\"heading 5\" \/> <w:LsdException Locked=\"false\" Priority=\"9\" QFormat=\"true\" Name=\"heading 6\" \/> <w:LsdException Locked=\"false\" Priority=\"9\" QFormat=\"true\" Name=\"heading 7\" \/> <w:LsdException Locked=\"false\" Priority=\"9\" QFormat=\"true\" Name=\"heading 8\" \/> <w:LsdException Locked=\"false\" Priority=\"9\" QFormat=\"true\" Name=\"heading 9\" \/> <w:LsdException Locked=\"false\" Priority=\"39\" Name=\"toc 1\" \/> <w:LsdException Locked=\"false\" Priority=\"39\" Name=\"toc 2\" \/> <w:LsdException Locked=\"false\" Priority=\"39\" Name=\"toc 3\" \/> <w:LsdException Locked=\"false\" Priority=\"39\" Name=\"toc 4\" \/> <w:LsdException Locked=\"false\" Priority=\"39\" Name=\"toc 5\" \/> <w:LsdException Locked=\"false\" Priority=\"39\" Name=\"toc 6\" \/> <w:LsdException Locked=\"false\" Priority=\"39\" Name=\"toc 7\" \/> <w:LsdException Locked=\"false\" Priority=\"39\" Name=\"toc 8\" \/> <w:LsdException Locked=\"false\" Priority=\"39\" Name=\"toc 9\" \/> <w:LsdException Locked=\"false\" Priority=\"35\" QFormat=\"true\" Name=\"caption\" \/> <w:LsdException Locked=\"false\" Priority=\"10\" SemiHidden=\"false\" UnhideWhenUsed=\"false\" QFormat=\"true\" Name=\"Title\" \/> <w:LsdException Locked=\"false\" Priority=\"1\" Name=\"Default Paragraph Font\" \/> <w:LsdException Locked=\"false\" Priority=\"11\" SemiHidden=\"false\" UnhideWhenUsed=\"false\" QFormat=\"true\" Name=\"Subtitle\" \/> <w:LsdException Locked=\"false\" Priority=\"22\" SemiHidden=\"false\" UnhideWhenUsed=\"false\" QFormat=\"true\" Name=\"Strong\" \/> <w:LsdException Locked=\"false\" Priority=\"20\" SemiHidden=\"false\" UnhideWhenUsed=\"false\" QFormat=\"true\" Name=\"Emphasis\" \/> <w:LsdException Locked=\"false\" Priority=\"59\" SemiHidden=\"false\" UnhideWhenUsed=\"false\" Name=\"Table Grid\" \/> <w:LsdException Locked=\"false\" UnhideWhenUsed=\"false\" Name=\"Placeholder Text\" \/> <w:LsdException Locked=\"false\" Priority=\"1\" SemiHidden=\"false\" UnhideWhenUsed=\"false\" QFormat=\"true\" Name=\"No Spacing\" \/> <w:LsdException Locked=\"false\" Priority=\"60\" SemiHidden=\"false\" UnhideWhenUsed=\"false\" Name=\"Light Shading\" \/> <w:LsdException Locked=\"false\" Priority=\"61\" SemiHidden=\"false\" UnhideWhenUsed=\"false\" Name=\"Light List\" \/> <w:LsdException Locked=\"false\" Priority=\"62\" SemiHidden=\"false\" UnhideWhenUsed=\"false\" Name=\"Light Grid\" \/> <w:LsdException Locked=\"false\" Priority=\"63\" SemiHidden=\"false\" UnhideWhenUsed=\"false\" Name=\"Medium Shading 1\" \/> <w:LsdException Locked=\"false\" Priority=\"64\" SemiHidden=\"false\" UnhideWhenUsed=\"false\" Name=\"Medium Shading 2\" \/> <w:LsdException Locked=\"false\" Priority=\"65\" SemiHidden=\"false\" UnhideWhenUsed=\"false\" Name=\"Medium List 1\" \/> <w:LsdException Locked=\"false\" Priority=\"66\" SemiHidden=\"false\" UnhideWhenUsed=\"false\" Name=\"Medium List 2\" \/> <w:LsdException Locked=\"false\" Priority=\"67\" SemiHidden=\"false\" UnhideWhenUsed=\"false\" Name=\"Medium Grid 1\" \/> <w:LsdException Locked=\"false\" Priority=\"68\" SemiHidden=\"false\" UnhideWhenUsed=\"false\" Name=\"Medium Grid 2\" \/> <w:LsdException Locked=\"false\" Priority=\"69\" SemiHidden=\"false\" UnhideWhenUsed=\"false\" Name=\"Medium Grid 3\" \/> <w:LsdException Locked=\"false\" Priority=\"70\" SemiHidden=\"false\" UnhideWhenUsed=\"false\" Name=\"Dark List\" \/> <w:LsdException Locked=\"false\" Priority=\"71\" SemiHidden=\"false\" UnhideWhenUsed=\"false\" Name=\"Colorful Shading\" \/> <w:LsdException Locked=\"false\" Priority=\"72\" SemiHidden=\"false\" UnhideWhenUsed=\"false\" Name=\"Colorful List\" \/> <w:LsdException Locked=\"false\" Priority=\"73\" SemiHidden=\"false\" UnhideWhenUsed=\"false\" Name=\"Colorful Grid\" \/> <w:LsdException Locked=\"false\" Priority=\"60\" SemiHidden=\"false\" UnhideWhenUsed=\"false\" Name=\"Light Shading Accent 1\" \/> <w:LsdException Locked=\"false\" Priority=\"61\" SemiHidden=\"false\" UnhideWhenUsed=\"false\" Name=\"Light List Accent 1\" \/> <w:LsdException Locked=\"false\" Priority=\"62\" SemiHidden=\"false\" UnhideWhenUsed=\"false\" Name=\"Light Grid Accent 1\" \/> <w:LsdException Locked=\"false\" Priority=\"63\" SemiHidden=\"false\" UnhideWhenUsed=\"false\" Name=\"Medium Shading 1 Accent 1\" \/> <w:LsdException Locked=\"false\" Priority=\"64\" SemiHidden=\"false\" UnhideWhenUsed=\"false\" Name=\"Medium Shading 2 Accent 1\" \/> <w:LsdException Locked=\"false\" Priority=\"65\" SemiHidden=\"false\" UnhideWhenUsed=\"false\" Name=\"Medium List 1 Accent 1\" \/> <w:LsdException Locked=\"false\" UnhideWhenUsed=\"false\" Name=\"Revision\" \/> <w:LsdException Locked=\"false\" Priority=\"34\" SemiHidden=\"false\" UnhideWhenUsed=\"false\" QFormat=\"true\" Name=\"List Paragraph\" \/> <w:LsdException Locked=\"false\" Priority=\"29\" SemiHidden=\"false\" UnhideWhenUsed=\"false\" QFormat=\"true\" Name=\"Quote\" \/> <w:LsdException Locked=\"false\" Priority=\"30\" SemiHidden=\"false\" UnhideWhenUsed=\"false\" QFormat=\"true\" Name=\"Intense Quote\" \/> <w:LsdException Locked=\"false\" Priority=\"66\" SemiHidden=\"false\" UnhideWhenUsed=\"false\" Name=\"Medium List 2 Accent 1\" \/> <w:LsdException Locked=\"false\" Priority=\"67\" SemiHidden=\"false\" UnhideWhenUsed=\"false\" Name=\"Medium Grid 1 Accent 1\" \/> <w:LsdException Locked=\"false\" Priority=\"68\" SemiHidden=\"false\" UnhideWhenUsed=\"false\" Name=\"Medium Grid 2 Accent 1\" \/> <w:LsdException Locked=\"false\" Priority=\"69\" SemiHidden=\"false\" UnhideWhenUsed=\"false\" Name=\"Medium Grid 3 Accent 1\" \/> <w:LsdException Locked=\"false\" Priority=\"70\" SemiHidden=\"false\" UnhideWhenUsed=\"false\" Name=\"Dark List Accent 1\" \/> <w:LsdException Locked=\"false\" Priority=\"71\" SemiHidden=\"false\" UnhideWhenUsed=\"false\" Name=\"Colorful Shading Accent 1\" \/> <w:LsdException Locked=\"false\" Priority=\"72\" SemiHidden=\"false\" UnhideWhenUsed=\"false\" Name=\"Colorful List Accent 1\" \/> <w:LsdException Locked=\"false\" Priority=\"73\" SemiHidden=\"false\" UnhideWhenUsed=\"false\" Name=\"Colorful Grid Accent 1\" \/> <w:LsdException Locked=\"false\" Priority=\"60\" SemiHidden=\"false\" UnhideWhenUsed=\"false\" Name=\"Light Shading Accent 2\" \/> <w:LsdException Locked=\"false\" Priority=\"61\" SemiHidden=\"false\" UnhideWhenUsed=\"false\" Name=\"Light List Accent 2\" \/> <w:LsdException Locked=\"false\" Priority=\"62\" SemiHidden=\"false\" UnhideWhenUsed=\"false\" Name=\"Light Grid Accent 2\" \/> <w:LsdException Locked=\"false\" Priority=\"63\" SemiHidden=\"false\" UnhideWhenUsed=\"false\" Name=\"Medium Shading 1 Accent 2\" \/> <w:LsdException Locked=\"false\" Priority=\"64\" SemiHidden=\"false\" UnhideWhenUsed=\"false\" Name=\"Medium Shading 2 Accent 2\" \/> <w:LsdException Locked=\"false\" Priority=\"65\" SemiHidden=\"false\" UnhideWhenUsed=\"false\" Name=\"Medium List 1 Accent 2\" \/> <w:LsdException Locked=\"false\" Priority=\"66\" SemiHidden=\"false\" UnhideWhenUsed=\"false\" Name=\"Medium List 2 Accent 2\" \/> <w:LsdException Locked=\"false\" Priority=\"67\" SemiHidden=\"false\" UnhideWhenUsed=\"false\" Name=\"Medium Grid 1 Accent 2\" \/> <w:LsdException Locked=\"false\" Priority=\"68\" SemiHidden=\"false\" UnhideWhenUsed=\"false\" Name=\"Medium Grid 2 Accent 2\" \/> <w:LsdException Locked=\"false\" Priority=\"69\" SemiHidden=\"false\" UnhideWhenUsed=\"false\" Name=\"Medium Grid 3 Accent 2\" \/> <w:LsdException Locked=\"false\" Priority=\"70\" SemiHidden=\"false\" UnhideWhenUsed=\"false\" Name=\"Dark List Accent 2\" \/> <w:LsdException Locked=\"false\" Priority=\"71\" SemiHidden=\"false\" UnhideWhenUsed=\"false\" Name=\"Colorful Shading Accent 2\" \/> <w:LsdException Locked=\"false\" Priority=\"72\" SemiHidden=\"false\" UnhideWhenUsed=\"false\" Name=\"Colorful List Accent 2\" \/> <w:LsdException Locked=\"false\" Priority=\"73\" SemiHidden=\"false\" UnhideWhenUsed=\"false\" Name=\"Colorful Grid Accent 2\" \/> <w:LsdException Locked=\"false\" Priority=\"60\" SemiHidden=\"false\" UnhideWhenUsed=\"false\" Name=\"Light Shading Accent 3\" \/> <w:LsdException Locked=\"false\" Priority=\"61\" SemiHidden=\"false\" UnhideWhenUsed=\"false\" Name=\"Light List Accent 3\" \/> <w:LsdException Locked=\"false\" Priority=\"62\" SemiHidden=\"false\" UnhideWhenUsed=\"false\" Name=\"Light Grid Accent 3\" \/> <w:LsdException Locked=\"false\" Priority=\"63\" SemiHidden=\"false\" UnhideWhenUsed=\"false\" Name=\"Medium Shading 1 Accent 3\" \/> <w:LsdException Locked=\"false\" Priority=\"64\" SemiHidden=\"false\" UnhideWhenUsed=\"false\" Name=\"Medium Shading 2 Accent 3\" \/> <w:LsdException Locked=\"false\" Priority=\"65\" SemiHidden=\"false\" UnhideWhenUsed=\"false\" Name=\"Medium List 1 Accent 3\" \/> <w:LsdException Locked=\"false\" Priority=\"66\" SemiHidden=\"false\" UnhideWhenUsed=\"false\" Name=\"Medium List 2 Accent 3\" \/> <w:LsdException Locked=\"false\" Priority=\"67\" SemiHidden=\"false\" UnhideWhenUsed=\"false\" Name=\"Medium Grid 1 Accent 3\" \/> <w:LsdException Locked=\"false\" Priority=\"68\" SemiHidden=\"false\" UnhideWhenUsed=\"false\" Name=\"Medium Grid 2 Accent 3\" \/> <w:LsdException Locked=\"false\" Priority=\"69\" SemiHidden=\"false\" UnhideWhenUsed=\"false\" Name=\"Medium Grid 3 Accent 3\" \/> <w:LsdException Locked=\"false\" Priority=\"70\" SemiHidden=\"false\" UnhideWhenUsed=\"false\" Name=\"Dark List Accent 3\" \/> <w:LsdException Locked=\"false\" Priority=\"71\" SemiHidden=\"false\" UnhideWhenUsed=\"false\" Name=\"Colorful Shading Accent 3\" \/> <w:LsdException Locked=\"false\" Priority=\"72\" SemiHidden=\"false\" UnhideWhenUsed=\"false\" Name=\"Colorful List Accent 3\" \/> <w:LsdException Locked=\"false\" Priority=\"73\" SemiHidden=\"false\" UnhideWhenUsed=\"false\" Name=\"Colorful Grid Accent 3\" \/> <w:LsdException Locked=\"false\" Priority=\"60\" SemiHidden=\"false\" UnhideWhenUsed=\"false\" Name=\"Light Shading Accent 4\" \/> <w:LsdException Locked=\"false\" Priority=\"61\" SemiHidden=\"false\" UnhideWhenUsed=\"false\" Name=\"Light List Accent 4\" \/> <w:LsdException Locked=\"false\" Priority=\"62\" SemiHidden=\"false\" UnhideWhenUsed=\"false\" Name=\"Light Grid Accent 4\" \/> <w:LsdException Locked=\"false\" Priority=\"63\" SemiHidden=\"false\" UnhideWhenUsed=\"false\" Name=\"Medium Shading 1 Accent 4\" \/> <w:LsdException Locked=\"false\" Priority=\"64\" SemiHidden=\"false\" UnhideWhenUsed=\"false\" Name=\"Medium Shading 2 Accent 4\" \/> <w:LsdException Locked=\"false\" Priority=\"65\" SemiHidden=\"false\" UnhideWhenUsed=\"false\" Name=\"Medium List 1 Accent 4\" \/> <w:LsdException Locked=\"false\" Priority=\"66\" SemiHidden=\"false\" UnhideWhenUsed=\"false\" Name=\"Medium List 2 Accent 4\" \/> <w:LsdException Locked=\"false\" Priority=\"67\" SemiHidden=\"false\" UnhideWhenUsed=\"false\" Name=\"Medium Grid 1 Accent 4\" \/> <w:LsdException Locked=\"false\" Priority=\"68\" SemiHidden=\"false\" UnhideWhenUsed=\"false\" Name=\"Medium Grid 2 Accent 4\" \/> <w:LsdException Locked=\"false\" Priority=\"69\" SemiHidden=\"false\" UnhideWhenUsed=\"false\" Name=\"Medium Grid 3 Accent 4\" \/> <w:LsdException Locked=\"false\" Priority=\"70\" SemiHidden=\"false\" UnhideWhenUsed=\"false\" Name=\"Dark List Accent 4\" \/> <w:LsdException Locked=\"false\" Priority=\"71\" SemiHidden=\"false\" UnhideWhenUsed=\"false\" Name=\"Colorful Shading Accent 4\" \/> <w:LsdException Locked=\"false\" Priority=\"72\" SemiHidden=\"false\" UnhideWhenUsed=\"false\" Name=\"Colorful List Accent 4\" \/> <w:LsdException Locked=\"false\" Priority=\"73\" SemiHidden=\"false\" UnhideWhenUsed=\"false\" Name=\"Colorful Grid Accent 4\" \/> <w:LsdException Locked=\"false\" Priority=\"60\" SemiHidden=\"false\" UnhideWhenUsed=\"false\" Name=\"Light Shading Accent 5\" \/> <w:LsdException Locked=\"false\" Priority=\"61\" SemiHidden=\"false\" UnhideWhenUsed=\"false\" Name=\"Light List Accent 5\" \/> <w:LsdException Locked=\"false\" Priority=\"62\" SemiHidden=\"false\" UnhideWhenUsed=\"false\" Name=\"Light Grid Accent 5\" \/> <w:LsdException Locked=\"false\" Priority=\"63\" SemiHidden=\"false\" UnhideWhenUsed=\"false\" Name=\"Medium Shading 1 Accent 5\" \/> <w:LsdException Locked=\"false\" Priority=\"64\" SemiHidden=\"false\" UnhideWhenUsed=\"false\" Name=\"Medium Shading 2 Accent 5\" \/> <w:LsdException Locked=\"false\" Priority=\"65\" SemiHidden=\"false\" UnhideWhenUsed=\"false\" Name=\"Medium List 1 Accent 5\" \/> <w:LsdException Locked=\"false\" Priority=\"66\" SemiHidden=\"false\" UnhideWhenUsed=\"false\" Name=\"Medium List 2 Accent 5\" \/> <w:LsdException Locked=\"false\" Priority=\"67\" SemiHidden=\"false\" UnhideWhenUsed=\"false\" Name=\"Medium Grid 1 Accent 5\" \/> <w:LsdException Locked=\"false\" Priority=\"68\" SemiHidden=\"false\" UnhideWhenUsed=\"false\" Name=\"Medium Grid 2 Accent 5\" \/> <w:LsdException Locked=\"false\" Priority=\"69\" SemiHidden=\"false\" UnhideWhenUsed=\"false\" Name=\"Medium Grid 3 Accent 5\" \/> <w:LsdException Locked=\"false\" Priority=\"70\" SemiHidden=\"false\" UnhideWhenUsed=\"false\" Name=\"Dark List Accent 5\" \/> <w:LsdException Locked=\"false\" Priority=\"71\" SemiHidden=\"false\" UnhideWhenUsed=\"false\" Name=\"Colorful Shading Accent 5\" \/> <w:LsdException Locked=\"false\" Priority=\"72\" SemiHidden=\"false\" UnhideWhenUsed=\"false\" Name=\"Colorful List Accent 5\" \/> <w:LsdException Locked=\"false\" Priority=\"73\" SemiHidden=\"false\" UnhideWhenUsed=\"false\" Name=\"Colorful Grid Accent 5\" \/> <w:LsdException Locked=\"false\" Priority=\"60\" SemiHidden=\"false\" UnhideWhenUsed=\"false\" Name=\"Light Shading Accent 6\" \/> <w:LsdException Locked=\"false\" Priority=\"61\" SemiHidden=\"false\" UnhideWhenUsed=\"false\" Name=\"Light List Accent 6\" \/> <w:LsdException Locked=\"false\" Priority=\"62\" SemiHidden=\"false\" UnhideWhenUsed=\"false\" Name=\"Light Grid Accent 6\" \/> <w:LsdException Locked=\"false\" Priority=\"63\" SemiHidden=\"false\" UnhideWhenUsed=\"false\" Name=\"Medium Shading 1 Accent 6\" \/> <w:LsdException Locked=\"false\" Priority=\"64\" SemiHidden=\"false\" UnhideWhenUsed=\"false\" Name=\"Medium Shading 2 Accent 6\" \/> <w:LsdException Locked=\"false\" Priority=\"65\" SemiHidden=\"false\" UnhideWhenUsed=\"false\" Name=\"Medium List 1 Accent 6\" \/> <w:LsdException Locked=\"false\" Priority=\"66\" SemiHidden=\"false\" UnhideWhenUsed=\"false\" Name=\"Medium List 2 Accent 6\" \/> <w:LsdException Locked=\"false\" Priority=\"67\" SemiHidden=\"false\" UnhideWhenUsed=\"false\" Name=\"Medium Grid 1 Accent 6\" \/> <w:LsdException Locked=\"false\" Priority=\"68\" SemiHidden=\"false\" UnhideWhenUsed=\"false\" Name=\"Medium Grid 2 Accent 6\" \/> <w:LsdException Locked=\"false\" Priority=\"69\" SemiHidden=\"false\" UnhideWhenUsed=\"false\" Name=\"Medium Grid 3 Accent 6\" \/> <w:LsdException Locked=\"false\" Priority=\"70\" SemiHidden=\"false\" UnhideWhenUsed=\"false\" Name=\"Dark List Accent 6\" \/> <w:LsdException Locked=\"false\" Priority=\"71\" SemiHidden=\"false\" UnhideWhenUsed=\"false\" Name=\"Colorful Shading Accent 6\" \/> <w:LsdException Locked=\"false\" Priority=\"72\" SemiHidden=\"false\" UnhideWhenUsed=\"false\" Name=\"Colorful List Accent 6\" \/> <w:LsdException Locked=\"false\" Priority=\"73\" SemiHidden=\"false\" UnhideWhenUsed=\"false\" Name=\"Colorful Grid Accent 6\" \/> <w:LsdException Locked=\"false\" Priority=\"19\" SemiHidden=\"false\" UnhideWhenUsed=\"false\" QFormat=\"true\" Name=\"Subtle Emphasis\" \/> <w:LsdException Locked=\"false\" Priority=\"21\" SemiHidden=\"false\" UnhideWhenUsed=\"false\" QFormat=\"true\" Name=\"Intense Emphasis\" \/> <w:LsdException Locked=\"false\" Priority=\"31\" SemiHidden=\"false\" UnhideWhenUsed=\"false\" QFormat=\"true\" Name=\"Subtle Reference\" \/> <w:LsdException Locked=\"false\" Priority=\"32\" SemiHidden=\"false\" UnhideWhenUsed=\"false\" QFormat=\"true\" Name=\"Intense Reference\" \/> <w:LsdException Locked=\"false\" Priority=\"33\" SemiHidden=\"false\" UnhideWhenUsed=\"false\" QFormat=\"true\" Name=\"Book Title\" \/> <w:LsdException Locked=\"false\" Priority=\"37\" Name=\"Bibliography\" \/> <w:LsdException Locked=\"false\" Priority=\"39\" QFormat=\"true\" Name=\"TOC Heading\" \/> <\/w:LatentStyles> <\/xml><![endif]--><!-- [if gte mso 10]> <mce:style><! \/* Style Definitions *\/ table.MsoNormalTable {mso-style-name:\"Table Normal\"; mso-tstyle-rowband-size:0; mso-tstyle-colband-size:0; mso-style-noshow:yes; mso-style-priority:99; mso-style-qformat:yes; mso-style-parent:\"\"; mso-padding-alt:0cm 5.4pt 0cm 5.4pt; mso-para-margin:0cm; mso-para-margin-bottom:.0001pt; mso-pagination:widow-orphan; font-size:11.0pt; font-family:\"Calibri\",\"sans-serif\"; mso-ascii-font-family:Calibri; mso-ascii-theme-font:minor-latin; mso-fareast-font-family:\"Times New Roman\"; mso-fareast-theme-font:minor-fareast; mso-hansi-font-family:Calibri; mso-hansi-theme-font:minor-latin; mso-bidi-font-family:\"Times New Roman\"; mso-bidi-theme-font:minor-bidi;} --><span style=\"text-decoration: underline;\"> <span lang=\"FR\" style=\"font-family: 'Verdana','sans-serif'; mso-ansi-language: FR;\">Interview : Sydney Selvon \u2013 Journaliste &amp; Historien &#8212;<\/span><\/span><\/p>\n<p style=\"text-align: center;\"><span style=\"text-decoration: underline;\"><span lang=\"FR\" style=\"font-family: 'Verdana','sans-serif'; mso-ansi-language: FR;\"><img data-recalc-dims=\"1\" loading=\"lazy\" decoding=\"async\" data-attachment-id=\"330\" data-permalink=\"https:\/\/www.mauritiustimes.com\/mt\/interview-sydney-selvon-15\/attachment-sydney-selvon\/\" data-orig-file=\"https:\/\/i0.wp.com\/www.mauritiustimes.com\/mt\/wp-content\/uploads\/2010\/06\/sydney%20selvon.gif?fit=192%2C250&amp;ssl=1\" data-orig-size=\"192,250\" data-comments-opened=\"1\" data-image-meta=\"{&quot;aperture&quot;:&quot;0&quot;,&quot;credit&quot;:&quot;&quot;,&quot;camera&quot;:&quot;&quot;,&quot;caption&quot;:&quot;&quot;,&quot;created_timestamp&quot;:&quot;0&quot;,&quot;copyright&quot;:&quot;&quot;,&quot;focal_length&quot;:&quot;0&quot;,&quot;iso&quot;:&quot;0&quot;,&quot;shutter_speed&quot;:&quot;0&quot;,&quot;title&quot;:&quot;&quot;,&quot;orientation&quot;:&quot;0&quot;}\" data-image-title=\"sydney selvon\" data-image-description=\"\" data-image-caption=\"\" data-large-file=\"https:\/\/i0.wp.com\/www.mauritiustimes.com\/mt\/wp-content\/uploads\/2010\/06\/sydney%20selvon.gif?fit=192%2C250&amp;ssl=1\" class=\" size-full wp-image-330 aligncenter\" src=\"https:\/\/i0.wp.com\/mauritiustimes.com\/wp-content\/uploads\/2010\/06\/sydney%20selvon.gif?resize=192%2C250\" width=\"192\" height=\"250\" border=\"0\" \/><\/span><\/span><strong><span lang=\"FR\" style=\"font-family: 'Verdana','sans-serif'; mso-ansi-language: FR;\">Un rajeunissement du Premier ministre en la personne de Pravind Jugnauth bien que souhaitable dans la conjoncture, sera-t-il efficace en termes<br \/>\nde r\u00e9sultats ?\u2019 <\/span><\/strong><\/p>\n<p><!--more--><\/p>\n<p class=\"MsoNormal\"><strong><span lang=\"FR\" style=\"font-family: 'Verdana','sans-serif'; mso-ansi-language: FR;\"><em>Sydney Selvon, journaliste et auteur de livres d\u2019histoire et de politique, donne une id\u00e9e de la tournure des \u00e9v\u00e8nements avec les crises qui s\u2019amorcent et se d\u00e9samorcent. Politique de bascule, loin de l\u00e0 ! Ce n\u2019est, selon l\u2019observateur de terrain, qu\u2019une impression. Mieux vaut parler de politique attentiste m\u00eame si on parle de virus de changement. L\u2019esprit frondeur, critique n\u2019est-il pas une seconde nature ?<\/em><br \/>\n<\/span><\/strong><\/p>\n<p class=\"MsoNormal\"><strong><span lang=\"FR\" style=\"font-family: 'Verdana','sans-serif'; mso-ansi-language: FR;\">Mauritius Times : Ce n\u2019est pas nouveau, mais tellement inopportun dans le contexte politique actuel: le d\u00e9membrement et la dispersion d\u2019une section de l\u2019opposition parlementaire alors qu\u2019on fait \u00e9tat d\u2019une grande d\u00e9sillusion \u2018across the board\u2019, \u00e0 l\u2019\u00e9gard du pouvoir et qui ne fait que grandir le r\u00e9servoir d\u2019ind\u00e9cis au niveau de l\u2019\u00e9lectorat. Que faites-vous de cela ? Crise de leadership ? <\/span><\/strong><\/p>\n<p class=\"MsoNormal\"><span lang=\"FR\" style=\"font-family: 'Verdana','sans-serif'; mso-ansi-language: FR;\"><strong>Sydney Selvon<\/strong>: Je vois les choses avec beaucoup de recul et dans la perspective historique, surtout que je remets \u00e0 jour \u00e0 2016 mes deux volumes d&#8217;histoire en mille pages, publi\u00e9s en 2012 et aujourd\u2019hui \u00e9puis\u00e9s. <\/span><\/p>\n<p class=\"MsoNormal\"><span lang=\"FR\" style=\"font-family: 'Verdana','sans-serif'; mso-ansi-language: FR;\">Je r\u00e9ponds d&#8217;abord sur la question de crise de leadership. La classe politique se rajeunit, l&#8217;\u00e9conomie tarde \u00e0 red\u00e9marrer. Cela aura bien s\u00fbr des incidences d&#8217;ici les prochaines \u00e9lections g\u00e9n\u00e9rales en 2019. Les Travaillistes donnent l&#8217;impression \u2013 mais cela reste encore \u00e0 \u00eatre prouv\u00e9 \u2013 d&#8217;un regain de popularit\u00e9 en certains milieux qui basculent entre le MSM et le PTr depuis toujours, les m\u00eames milieux ayant auparavant bascul\u00e9 entre le PTr et l&#8217;IFB depuis le d\u00e9but des ann\u00e9es 50. <\/span><\/p>\n<p class=\"MsoNormal\"><span lang=\"FR\" style=\"font-family: 'Verdana','sans-serif'; mso-ansi-language: FR;\">Du c\u00f4t\u00e9 du MMM, la col\u00e8re contre l&#8217;alliance avec les Travaillistes reste encore forte, mais donne l&#8217;impression de s&#8217;att\u00e9nuer \u2013 encore une impression \u00e0 prouver. <\/span><\/p>\n<p class=\"MsoNormal\"><span lang=\"FR\" style=\"font-family: 'Verdana','sans-serif'; mso-ansi-language: FR;\">Il y a une mont\u00e9e en puissance de la contestation de ce rideau de fer que repr\u00e9sente l&#8217;interdiction \u00e0 la libert\u00e9 de penser dans les politburos mauriciens, surtout par des parlementaires plus jeunes, bard\u00e9s de dipl\u00f4mes et d&#8217;exp\u00e9riences professionnelles tr\u00e8s riches, dans le gouvernement et l&#8217;opposition, et qui ont des id\u00e9es difficiles \u00e0 accepter par les vieilles g\u00e9n\u00e9rations, mais qui pourraient faire bouger le pays dans le bon sens. <\/span><\/p>\n<p class=\"MsoNormal\"><span lang=\"FR\" style=\"font-family: 'Verdana','sans-serif'; mso-ansi-language: FR;\">Les Mauriciens, \u00e2g\u00e9s entre la vingtaine et la cinquantaine, s&#8217;impatientent contre une mentalit\u00e9 moyen\u00e2geuse de certains leaders qui cautionnent encore les obsessions et les intol\u00e9rances de vieux bonhommes et de vieilles bonnes femmes des ann\u00e9es 40 \u00e0 60, intol\u00e9rances encore tr\u00e8s pr\u00e9sentes \u00e9galement chez les chefs des religions. <\/span><\/p>\n<p class=\"MsoNormal\"><span lang=\"FR\" style=\"font-family: 'Verdana','sans-serif'; mso-ansi-language: FR;\">Que les drogues dures et les drogues \u00e0 quatre sous, dites drogues synth\u00e9tiques, tuent, ces bonhommes et ces bonnes femmes s&#8217;en fichent, car il leur faut une politique des drogues encore fig\u00e9e dans le Moyen \u00c2ge pour envoyer de petits fumeurs de gandia faire leur apprentissage au grand banditisme dans nos prisons. <\/span><\/p>\n<p class=\"MsoNormal\"><span lang=\"FR\" style=\"font-family: 'Verdana','sans-serif'; mso-ansi-language: FR;\">Ces gens-l\u00e0 en sont encore au temps d&#8217;un capitalisme des ann\u00e9es 50 et ne se rendent pas compte que le d\u00e9veloppement \u00e9conomique aujourd&#8217;hui s&#8217;appuie de plus en plus sur les secteurs informels, celui des self-employed et des PME. En Grande Bretagne ce secteur est en forte croissance et compte d\u00e9j\u00e0 4,2 millions de personnes, allant du professionnel au marchand de rue travaillant \u00e0 son propre compte et devenus \u00e0 la mode \u00e0 New York et autres grandes villes avec leurs food trucks. <\/span><\/p>\n<p class=\"MsoNormal\"><span lang=\"FR\" style=\"font-family: 'Verdana','sans-serif'; mso-ansi-language: FR;\">Les barons de l&#8217;\u00e9conomie, savent par eux-m\u00eames ce qu&#8217;il faut faire pour r\u00e9ussir, ils n&#8217;ont besoin que d&#8217;\u00eatre accept\u00e9s dans le cadre d&#8217;une coop\u00e9ration rigoureusement professionnelle avec les autorit\u00e9s \u2013 et pas plus que cela, surtout pas un jeu de copinages corrupteurs.<\/span><\/p>\n<p class=\"MsoNormal\"><span lang=\"FR\" style=\"font-family: 'Verdana','sans-serif'; mso-ansi-language: FR;\">Ajoutez \u00e0 cela la question lancinante chez la grande masse des gens sur le s\u00e9rieux des promesses politiciennes lors des campagnes \u00e9lectorales et qui accro\u00eet le soup\u00e7on que tous les politiciens sont les m\u00eames, soit tous des voleurs et des menteurs \u2013 ce qui n&#8217;est pas vrai quand m\u00eame. Aux USA, Donald Trump a cr\u00e9\u00e9 une vague ph\u00e9nom\u00e9nale de col\u00e8re quand il a promis de faire arr\u00eater son principal adversaire, Hilary Clinton s&#8217;il gagne les \u00e9lections ! C&#8217;est un ph\u00e9nom\u00e8ne qui, \u00e0 Maurice, peut faire grossir la foule des ind\u00e9cis et m\u00eame d&#8217;\u00e9lecteurs qui voteront comme des \u00e9lectrons libres&#8230;<\/span><\/p>\n<p class=\"MsoNormal\"><strong><span lang=\"FR\" style=\"font-family: 'Verdana','sans-serif'; mso-ansi-language: FR;\">* Au fait, il serait probablement utile de se rappeler que les dissidences \u00e0 Maurice ont \u00e9t\u00e9 tous des \u00e9checs, sauf le MSM, lui-m\u00eame cr\u00e9\u00e9 \u00e0 partir d\u2019une dissidence du MMM, et qui a pu maintenir la t\u00eate hors de l&#8217;eau du fait qu\u2019il contr\u00f4lait l\u2019appareil du pouvoir et disposait du soutien du PTr et du PMSD d\u2019alors dans le sillage de la cassure de 1983, non ?<\/span><\/strong><\/p>\n<p class=\"MsoNormal\"><span lang=\"FR\" style=\"font-family: 'Verdana','sans-serif'; mso-ansi-language: FR;\">Vous avez raison de mentionner le MSM. La r\u00e9ussite des dissidences ob\u00e9it \u00e0 des r\u00e8gles en politique et \u00e0 des conditions historiques pr\u00e9cises, y compris certaines opportunit\u00e9s \u00e0 tel ou tel tournant de l&#8217;\u00e9volution d&#8217;un pays. Celles-ci doivent \u00eatre pr\u00e9sentes pour faire d&#8217;une dissidence une nouvelle force qui compte. <\/span><\/p>\n<p class=\"MsoNormal\"><span lang=\"FR\" style=\"font-family: 'Verdana','sans-serif'; mso-ansi-language: FR;\">L&#8217;IFB, d&#8217;abord, suivant une dissidence au PTr, en 1958, puis le PSM suivant une dissidence au PTr qui dura de 1978 \u00e0 1979, et le MSM form\u00e9 en 1983, obtinrent de gros succ\u00e8s \u00e9lectoraux grav\u00e9s dans l&#8217;histoire nationale, et n&#8217;ont pas \u00e9t\u00e9 de vulgaires exceptions \u00e0 quelque r\u00e8gle fig\u00e9e et immuable. Le MMM lui-m\u00eame eut des conditions exceptionnelles pour se former et amener un changement de g\u00e9n\u00e9rations \u00e0 la direction du pays, alors que son Premier ministre d&#8217;alors, Anerood Jugnauth, n&#8217;avait que 52 ans. <\/span><\/p>\n<p class=\"MsoNormal\"><span lang=\"FR\" style=\"font-family: 'Verdana','sans-serif'; mso-ansi-language: FR;\">Le fait est qu&#8217;aujourd&#8217;hui, faute d&#8217;un id\u00e9al \u00e9lev\u00e9, les Mauriciens se rabattent sur le pouvoirisme avec l&#8217;encouragement d&#8217;un Establishment lui-m\u00eame pouvoiriste. C&#8217;est \u2013\u00e0- dire le pouvoir pour en jouir \u00e0 sati\u00e9t\u00e9 et tout se permettre (ou presque). On s&#8217;aper\u00e7oit seulement qu&#8217;\u00e0 travers le monde, les establishments politiques se rajeunissent et se modernisent. <\/span><\/p>\n<p class=\"MsoNormal\"><span lang=\"FR\" style=\"font-family: 'Verdana','sans-serif'; mso-ansi-language: FR;\">Justin Trudeau, Premier ministre du Canada, le premier exemple mondial de la tol\u00e9rance des minorit\u00e9s, n&#8217;a que 45 ans et vient d&#8217;une minorit\u00e9 et son ex-chef d&#8217;Etat \u00e9tait une Cr\u00e9ole ha\u00eftienne. Maurice ne va pas se d\u00e9faire de l&#8217;impatience grandissante des Mauriciens. L&#8217;id\u00e9alisme reviendra en force t\u00f4t ou tard&#8230; Le pouvoirisme, une esp\u00e8ce de drogue qui cr\u00e9e une accoutumance vicieuse, conna\u00eet t\u00f4t ou tard une d\u00e9faite cuisante. Posez la question \u00e0 ceux qui ont connu ce genre de retour subit et brutal de la manivelle.<\/span><\/p>\n<p class=\"MsoNormal\"><strong><span lang=\"FR\" style=\"font-family: 'Verdana','sans-serif'; mso-ansi-language: FR;\">* Donc, eu \u00e9gard \u00e0 la dispersion de l\u2019opposition, l\u2019Alliance Lepep, forte de sa majorit\u00e9 parlementaire, n\u2019a aucune raison de s\u2019alarmer. D\u2019autant plus que ni le MMM ni le PTr, m\u00eame si ce dernier conna\u00eet une remont\u00e9e ces derniers mois, ne peuvent v\u00e9ritablement, \u00e0 ce stade, inqui\u00e9ter le<br \/>\ngouvernement ?<\/span><\/strong><\/p>\n<p class=\"MsoNormal\"><span lang=\"FR\" style=\"font-family: 'Verdana','sans-serif'; mso-ansi-language: FR;\">L&#8217;Alliance Lepep a une forte majorit\u00e9 qui va durer jusqu&#8217;aux prochaines \u00e9lections. Une remont\u00e9e de l&#8217;opposition est une r\u00e9action populaire quasi-instinctive \u00e0 chaque fois que le peuple a jug\u00e9 un gouvernement trop fort et que ce gouvernement se soit senti trop fort au point de se permettre de croire qu&#8217;un pouvoir octroy\u00e9 pour seulement cinq ans veut dire pour l&#8217;\u00e9ternit\u00e9. Et d&#8217;adopter alors certaines attitudes et actions, dont un laxisme \u00e0 la place d&#8217;une bonne performance minist\u00e9rielle, alors qu&#8217;il aurait mieux en faire l&#8217;\u00e9conomie pour se concentrer sur l&#8217;avancement du pays dans tous les domaines. Et ce, allant de la culture \u00e0 l&#8217;\u00e9conomie, de la lib\u00e9ration des femmes d&#8217;un machisme tol\u00e9r\u00e9 par les politiques et les religieux qui nous emp\u00eache d&#8217;avoir un quota acceptable et fort de femmes au Parlement et au Cabinet en plein 21\u00e8me si\u00e8cle, d&#8217;une lutte efficace contre la corruption qui nous ronge jusqu&#8217;\u00e0 la moelle des os, et j&#8217;en passe. <\/span><\/p>\n<p class=\"MsoNormal\"><span lang=\"FR\" style=\"font-family: 'Verdana','sans-serif'; mso-ansi-language: FR;\">Je vois en fait un gouvernement Lepep qui a une chance de mieux faire durant les trois prochaines ann\u00e9es avec un Premier ministre plus jeune, \u00e0 certaines conditions en termes d&#8217;efficience et de rigueur, ainsi que d&#8217;absence de complaisance face aux maillons faibles les plus notoires de son \u00e9quipe.<\/span><\/p>\n<p class=\"MsoNormal\"><strong><span lang=\"FR\" style=\"font-family: 'Verdana','sans-serif'; mso-ansi-language: FR;\">* Par ailleurs les leaders du MMM et du PTr ne souffrent d\u2019aucune contestation. Malgr\u00e9 le d\u00e9b\u00e2cle de d\u00e9cembre 2014 et son alliance avec Navin Ramgoolam, Paul B\u00e9renger a dit sa ferme intention de \u2018stay put\u2019 mais il donnera bien au MMM une nouvelle Constitution qui ne devrait pas l\u2019inqui\u00e9ter. Navin Ramgoolam aussi reste en poste et s\u2019attend \u00e0 ce que les proc\u00e8s log\u00e9s contre lui soient ray\u00e9s\u2026 Tous deux attendent leur heure. Qu\u2019en pensez-vous ?<\/span><\/strong><\/p>\n<p class=\"MsoNormal\"><span lang=\"FR\" style=\"font-family: 'Verdana','sans-serif'; mso-ansi-language: FR;\">Je vais dire ma part de v\u00e9rit\u00e9 sur Paul B\u00e9renger. Il a amen\u00e9 au pouvoir lui-m\u00eame deux des trois autres Premiers ministres qui, \u00e0 part lui-m\u00eame, ont dirig\u00e9 le pays depuis 1982: SAJ en 1982, 1991 et 2000, et Navin Ramgoolam en 1995. Il a apport\u00e9, aux c\u00f4t\u00e9s de ses alli\u00e9s politiques, une forte dose d&#8217;id\u00e9alisme en politique, pr\u00f4nant plus d&#8217;\u00e9galit\u00e9 entre les classes sociales, l&#8217;anti-communalisme et une r\u00e9forme \u00e9lectorale. Il a aussi \u00e9t\u00e9 le leader de l&#8217;opposition le plus efficace et redoutable, encore respect\u00e9 par ses adversaires, y compris les Jugnauth et Navin Ramgoolam. Il est surtout le digne successeur, en la mati\u00e8re, de Sookdeo Bissoondoyal et de Ga\u00ebtan Duval et on peut remonter aux Drs Beaugeard, Eug\u00e8ne Laurent, Maurice Cur\u00e9 et, plus loin, R\u00e9my Ollier en mati\u00e8re d&#8217;opposition aux pouvoirs et forces qu&#8217;ils combattaient. <\/span><\/p>\n<p class=\"MsoNormal\"><span lang=\"FR\" style=\"font-family: 'Verdana','sans-serif'; mso-ansi-language: FR;\">Mais tout bilan comprend forc\u00e9ment un passif, toute comptabilit\u00e9 a des &#8216;liabilities&#8217;. Paul B\u00e9renger a eu des strat\u00e9gies de prise du pouvoir et des prises de position qui l&#8217;ont men\u00e9 au d\u00e9sastre, surtout dans les ann\u00e9es 80 et, avec d&#8217;autres partis \u00e0 ses c\u00f4t\u00e9s, aux d\u00e9sastres \u00e9lectoraux qu&#8217;il a subis de 2005 \u00e0 2014. Le passif de B\u00e9renger, c&#8217;est un certain manque d&#8217;anticipation dont doit obligatoirement faire preuve un joueur d&#8217;\u00e9checs. Il devrait se montrer capable d&#8217;anticiper au moins les dix prochains mouvements des Jugnauth et de Ramgoolam&#8230; Sinon il court d&#8217;autres risques.<\/span><\/p>\n<p class=\"MsoNormal\"><span lang=\"FR\" style=\"font-family: 'Verdana','sans-serif'; mso-ansi-language: FR;\">Voyons Navin Ramgoolam. Il n&#8217;\u00e9gale en aucune mani\u00e8re Paul B\u00e9renger dans l&#8217;opposition mais il peut quand m\u00eame \u00eatre redoutable et charismatique \u00e0 la t\u00eate de ses partisans. Les deux ont \u00e0 peu pr\u00e8s le m\u00eame \u00e2ge. Mais les deux, tout comme Xavier Duval, n&#8217;ont pas trouv\u00e9 l&#8217;id\u00e9alisme \u00e9lev\u00e9 et porteur qui a permis \u00e0 un Justin Trudeau de triompher dans son pays et de rester tr\u00e8s populaire apr\u00e8s la prise du pouvoir. <\/span><\/p>\n<p class=\"MsoNormal\"><span lang=\"FR\" style=\"font-family: 'Verdana','sans-serif'; mso-ansi-language: FR;\">Depuis pas longtemps, B\u00e9renger cherchait une nouvelle formule de socialisme et de r\u00e9forme \u00e9lectorale r\u00e9pondant aux aspirations du monde moderne. Mais il faut ajouter au passif de son bilan, un pouvoirisme qui semble n&#8217;\u00e9pargner personne. Voil\u00e0 pourquoi je disais qu&#8217;ils sont encore loin de prouver qu&#8217;ils remontent vraiment la pente. <\/span><\/p>\n<p class=\"MsoNormal\"><span lang=\"FR\" style=\"font-family: 'Verdana','sans-serif'; mso-ansi-language: FR;\">Par ailleurs, leur sort est \u00e9troitement li\u00e9 \u00e0 la performance de Pravind Jugnauth en tant que Premier ministre d&#8217;ici les prochaines \u00e9lections g\u00e9n\u00e9rales. Ce dernier \u00e9coute beaucoup plus qu&#8217;il ne parle \u2013 d&#8217;ailleurs, il est bien moins bon communicateur que Ramgoolam et B\u00e9renger. Mais la fonction fait l&#8217;homme et Pravind a d\u00e9j\u00e0 obtenu un grand succ\u00e8s avec son budget 2016-2017, accueilli favorablement m\u00eame par le leader de l&#8217;Opposition qui l&#8217;a trouv\u00e9 &#8216;int\u00e9ressant&#8217;. <\/span><\/p>\n<p class=\"MsoNormal\"><span lang=\"FR\" style=\"font-family: 'Verdana','sans-serif'; mso-ansi-language: FR;\">Pravind Jugnauth est timide et cachottier, mais en m\u00eame temps, une force tranquille. Son avenir d&#8217;ici 2019 d\u00e9cidera, en quelque sorte, du sort du MMM et des Travaillistes aux prochaines \u00e9lections g\u00e9n\u00e9rales. Pour l&#8217;instant, il garde toutes ses chances, pourvu qu&#8217;il sache jouer ses cartes. <\/span><\/p>\n<p class=\"MsoNormal\"><span lang=\"FR\" style=\"font-family: 'Verdana','sans-serif'; mso-ansi-language: FR;\">S&#8217;il cr\u00e9e les emplois dont les Mauriciens ont besoin, s&#8217;il d\u00e9veloppe les secteurs qu&#8217;il faut, s&#8217;il introduit de nouvelles activit\u00e9s comme l&#8217;agri-\u00e9nergie et autres p\u00f4les d&#8217;activit\u00e9s \u00e9conomiques et professionnelles, le secteur bio comme il se doit, etc., il aura trois ann\u00e9es pleines de r\u00e9alisations. Il pourra m\u00eame dire alors : \u00ab Je n&#8217;ai eu que trois ann\u00e9es pour faire tout cela, je peux faire encore plus dans les prochaines cinq ann\u00e9es. \u00bb Et il serait difficile de lui donner tort !<\/span><\/p>\n<p class=\"MsoNormal\"><strong><span lang=\"FR\" style=\"font-family: 'Verdana','sans-serif'; mso-ansi-language: FR;\">* Pour revenir aux leaders du MMM et du PTr, si on vous disait qu\u2019au final, ce sont les militants et les Travaillistes \u2013 la \u00ab base \u00bb &#8212; qui d\u00e9cident en dernier lieu, m\u00eame s\u2019ils ne contr\u00f4lent pas directement l\u2019appareil du MMM ou du PTr, celui le plus apte \u00e0 diriger ces deux grands partis, on pourrait croire que Paul B\u00e9renger et Navin Ramgoolam ont toujours de beaux jours devant eux\u2026 <\/span><\/strong><\/p>\n<p class=\"MsoNormal\"><span lang=\"FR\" style=\"font-family: 'Verdana','sans-serif'; mso-ansi-language: FR;\">Oui. Berenger et Ramgoolam ont le charisme et un &#8216;hard core&#8217; relativement important dans l&#8217;\u00e9lectorat. Mais les bases ne sont plus ce qu&#8217;elles \u00e9taient jadis. L&#8217;enthousiasme du &#8216;hard core&#8217; et des bases n&#8217;entra\u00eene pas forc\u00e9ment un mouvement identique au niveau national. M\u00eame si le gouvernement est aussi impopulaire que certains le croient, je pense qu&#8217;il y a une majorit\u00e9 silencieuse qui ne va pas aux meetings mais qui suit tout ce qui se passe. Et qui votera pour ou contre le gouvernement ou l&#8217;opposition actuelle ou pour d&#8217;autres formations ? Rien n&#8217;est garanti aujourd&#8217;hui sur l&#8217;\u00e9chiquier politique.<\/span><\/p>\n<p class=\"MsoNormal\"><strong><span lang=\"FR\" style=\"font-family: 'Verdana','sans-serif'; mso-ansi-language: FR;\">* Le pari de Alan Ganoo ne s\u2019est pas av\u00e9r\u00e9 comme il l\u2019aurait sans doute souhait\u00e9, son Mouvement Patriotique a \u00e9t\u00e9 un \u00e9chec, du moins c\u2019est l\u2019impression qui s\u2019en d\u00e9gage. Qu\u2019en sera-t-il du Mouvement Lib\u00e9rateur d\u2019Ivan Collendavelloo ? <\/span><\/strong><\/p>\n<p class=\"MsoNormal\"><span lang=\"FR\" style=\"font-family: 'Verdana','sans-serif'; mso-ansi-language: FR;\">Le MP ne semble pas \u00eatre all\u00e9 loin. Le Mouvement Lib\u00e9rateur (ML) a l&#8217;avantage d&#8217;avoir l&#8217;appareil d&#8217;Etat \u00e0 sa disposition et peut profiter de cette partie de l&#8217;\u00e9lectorat qui penche vers le pouvoirisme, mais c&#8217;est peu de chose, car en cela, les &#8216;grands partis&#8217; sont en meilleure position. <\/span><\/p>\n<p class=\"MsoNormal\"><span lang=\"FR\" style=\"font-family: 'Verdana','sans-serif'; mso-ansi-language: FR;\">La diff\u00e9rence se jouera \u00e0 long terme cependant. Si dans les trois ann\u00e9es qui viennent, le nouveau ton insuffl\u00e9 par Pravind Jugnauth \u00e0 l&#8217;action gouvernementale, tout au moins en tant que ministre des Finances et au moyen de son action comme projet\u00e9e dans son budget, arrive \u00e0 pr\u00e9valoir avec au moins 50,000 nouveaux emplois et une croissance des secteurs des PME et des self-employed, le ML en b\u00e9n\u00e9ficierait du moins collectivement avec le gouvernement, aux prochaines \u00e9lections. <\/span><\/p>\n<p class=\"MsoNormal\"><span lang=\"FR\" style=\"font-family: 'Verdana','sans-serif'; mso-ansi-language: FR;\">C&#8217;est ce qui s&#8217;est pass\u00e9 en 1987, par exemple.<\/span><\/p>\n<p class=\"MsoNormal\"><strong><span lang=\"FR\" style=\"font-family: 'Verdana','sans-serif'; mso-ansi-language: FR;\">* Par ailleurs, le \u2018Bolom\u2019, nous apprend Pravind Jugnauth, ne va pas d\u00e9missionner pour le moment. \u00ab Il va se battre afin que le pays puisse r\u00e9cup\u00e9rer les Chagos, \u00bb devait-il expliquer lors d\u2019un congr\u00e8s du MSM, lundi dernier. La suspense va durer, et SAJ choisira le moment de son d\u00e9part \u2013 n\u2019en d\u00e9plaise aux politologues, investisseurs et les caciques du MSM ?<\/span><\/strong><\/p>\n<p class=\"MsoNormal\"><span lang=\"FR\" style=\"font-family: 'Verdana','sans-serif'; mso-ansi-language: FR;\">L&#8217;incertitude continue de pr\u00e9valoir \u00e0 ce sujet et m\u00eame les investisseurs r\u00e9clament plus de pr\u00e9cisions et de clart\u00e9. Les gens soup\u00e7onnent toujours la langue de bois du politicien. Ce que je peux dire, c&#8217;est que l\u00e9galement et constitutionnellement, le leader du MSM a le droit de succ\u00e9der au Premier ministre puisqu&#8217;il contr\u00f4le une majorit\u00e9 parlementaire. La Constitution exige d&#8217;un Premier ministre une majorit\u00e9 \u00e0 trois niveaux. Au Parlement, dans son Groupe Parlementaire, et au Cabinet.<\/span><\/p>\n<p class=\"MsoNormal\"><span lang=\"FR\" style=\"font-family: 'Verdana','sans-serif'; mso-ansi-language: FR;\">Au Parlement, Pravind Jugnauth a le soutien du MSM, du ML, du PMSD et aussi de l&#8217;OPR et, \u00e0 coup s\u00fbr, au sein du groupe des d\u00e9put\u00e9s ind\u00e9pendants. Il peut mettre le poste de Premier ministre dans la balance et obtenir confortablement un vote de confiance, ce qui, peut-\u00eatre, serait un excellent moyen pour lui d&#8217;affronter l&#8217;opinion publique. Il devrait \u00eatre bien conseill\u00e9 dans ce sens car qui pourrait alors lui reprocher d&#8217;avoir simplement succ\u00e9d\u00e9 \u00e0 son p\u00e8re, alors qu&#8217;il aurait recherch\u00e9 proactivement un vote du Parlement avec d\u00e9compte des voix pour montrer au pays qu&#8217;il entre par la grande porte ?<\/span><\/p>\n<p class=\"MsoNormal\"><span lang=\"FR\" style=\"font-family: 'Verdana','sans-serif'; mso-ansi-language: FR;\">Un Premier ministre, membre ou pas d&#8217;un parti, n&#8217;a besoin que d&#8217;une majorit\u00e9 pour \u00eatre nomm\u00e9. Pas plus que \u00e7a. Je ne sais pas quand Pravind Jugnauth acc\u00e8dera au poste de PM. Et je comprends aussi que SAJ se bat courageusement pour les Chagos avec le soutien surtout, au niveau de l&#8217;opposition, du MMM repr\u00e9sent\u00e9 par Paul B\u00e9renger. Il a r\u00e9alis\u00e9 un exploit en associant Olivier Bancoult \u00e0 son action au niveau international. Je leur souhaite de tout c\u0153ur le succ\u00e8s total. Oui, alors, ce renvoi pourrait alors se justifier. Mais il faut une clarification officielle \u2013 et Sans Peur&#8230;<\/span><\/p>\n<p class=\"MsoNormal\"><strong><span lang=\"FR\" style=\"font-family: 'Verdana','sans-serif'; mso-ansi-language: FR;\">* Autant la cause est juste, autant faut-il se rappeler que le jeu politique sera d\u00e9termin\u00e9 par les \u00ab bread and butter issues \u00bb, pas par les Chagos et Tromelin. Le ministre des Finances \u2013 et Prime Minister-in-waiting &#8211; s\u2019en souviendra, sans doute, en raison principalement de ce jeu politique qu\u2019on conna\u00eet \u00e0 Maurice? <\/span><\/strong><\/p>\n<p class=\"MsoNormal\"><span lang=\"FR\" style=\"font-family: 'Verdana','sans-serif'; mso-ansi-language: FR;\">Non. Un retour des Chagos provoquerait non seulement une joie immense \u00e0 travers le pays, mais donnerait le signal d&#8217;un d\u00e9veloppement \u00e9conomique, aussi bien qu&#8217;\u00e9cologique, d&#8217;une ampleur extraordinaire. Il est question de plusieurs \u00eeles, de terres et de lagons riches. <\/span><\/p>\n<p class=\"MsoNormal\"><span lang=\"FR\" style=\"font-family: 'Verdana','sans-serif'; mso-ansi-language: FR;\">La production de coprah peut reprendre pour la production d&#8217;essences et d&#8217;huiles v\u00e9g\u00e9tales, des petites industries artisanales produisant des articles d&#8217;artisanat pour les yachts et paquebots de passage pourraient aider les habitants \u00e0 obtenir des revenus en devises de la base et des touristes dans un cadre environnemental bien contr\u00f4l\u00e9, on pourrait ouvrir des \u00e9co-h\u00f4tels comme la France le fait dans certaines \u00eeles du Pacifique pour de riches touristes et certaines formes d&#8217;agro-industries. <\/span><\/p>\n<p class=\"MsoNormal\"><span lang=\"FR\" style=\"font-family: 'Verdana','sans-serif'; mso-ansi-language: FR;\">Il y a d\u00e9j\u00e0 des yachts de passage qui s&#8217;arr\u00eatent souvent au Chagos. La s\u00e9curit\u00e9 restera une pr\u00e9occupation majeure, mais les bases am\u00e9ricaines sont ailleurs proches des zones habit\u00e9es comme \u00e0 Guantanamo. Mais les perspectives \u00e9conomiques seront importantes. Evidemment, rien n&#8217;emp\u00eachera au peuple mauricien de se choisir le gouvernement qu&#8217;il veut en 2019, soit l&#8217;alliance actuellement au pouvoir, soit un parti de l&#8217;opposition qui pourrait fort bien \u00eatre le MMM au cas o\u00f9 il y aurait une lutte \u00e0 trois et si le MMM remonte vraiment la pente d&#8217;ici l\u00e0&#8230; <\/span><\/p>\n<p class=\"MsoNormal\"><span lang=\"FR\" style=\"font-family: 'Verdana','sans-serif'; mso-ansi-language: FR;\">Tout n&#8217;est que sp\u00e9culation et conjectures pour le moment&#8230; mais les Mauriciens aiment \u00e7a !<\/span><\/p>\n<p class=\"MsoNormal\"><strong><span lang=\"FR\" style=\"font-family: 'Verdana','sans-serif'; mso-ansi-language: FR;\">* Aux Etats-Unis, actuellement, on parle de la \u00ab presidentialisation \u00bb de Hillary Clinton eu \u00e9gard aux efforts de son \u2018Campaign Team\u2019 de la pr\u00e9senter comme candidat le plus apte \u00e0 diriger \u00e0 partir de l\u2019Oval Office. Il nous semble assister \u00e0 la \u00ab prime ministerialisation \u00bb de Pravind Jugnauth ces temps-ci. Qu\u2019en pense l\u2019homme des m\u00e9dias \u00e0 ce propos?<\/span><\/strong><\/p>\n<p class=\"MsoNormal\"><span lang=\"FR\" style=\"font-family: 'Verdana','sans-serif'; mso-ansi-language: FR;\">Je comprends parfaitement que le MSM veuille vendre &#8216;la marchandise&#8217; \u2013 cette expression ne se veut pas offensive, mais dans le langage de la communication et des m\u00e9dias, elle est courante m\u00eame pour Hillary Clinton. En politique, on vend \u00e0 l&#8217;\u00e9lectorat un produit avec une campagne d&#8217;explication, en fait de publicit\u00e9. C&#8217;est un art qu&#8217;il faut ma\u00eetriser dans le monde moderne. Il faut employer des moyens modernes. Je l&#8217;ai fait pour mon \u00e9pouse, d&#8217;ailleurs lorsqu&#8217;elle s&#8217;est pr\u00e9sent\u00e9e comme candidate. <\/span><\/p>\n<p class=\"MsoNormal\"><span lang=\"FR\" style=\"font-family: 'Verdana','sans-serif'; mso-ansi-language: FR;\">Il y a toute une panoplie de moyens. J&#8217;ai d&#8217;ailleurs assist\u00e9 \u00e0 des \u00e9lections aux USA et dans les pays o\u00f9 j&#8217;ai v\u00e9cu et travaill\u00e9 pendant des ann\u00e9es, le Canada, l&#8217;Australie et l&#8217;Angleterre plus r\u00e9cemment. Oui, il faut vendre Pravind Jugnauth comme un produit premier minist\u00e9riel \u2013 et c&#8217;est ce que son parti fait en ce moment.<\/span><\/p>\n<p class=\"MsoNormal\"><strong><span lang=\"FR\" style=\"font-family: 'Verdana','sans-serif'; mso-ansi-language: FR;\">* L\u2019enjeu crucial des \u00e9lections g\u00e9n\u00e9rales depuis 1983 a \u00e9t\u00e9 la question de \u2018prime ministership\u2019. Il ne semble pas que les choses puissent \u00eatre diff\u00e9rentes en 2019. Qu\u2019en pensez-vous ? Dans le monde hippique, il arrive des fois que des \u00ab outsiders \u00bb remportent les courses, dit-on\u2026<\/span><\/strong><\/p>\n<p class=\"MsoNormal\"><span lang=\"FR\" style=\"font-family: 'Verdana','sans-serif'; mso-ansi-language: FR;\">Oui. En 2019, les jeunes qui sont n\u00e9s en 2000, soit au 21\u00e8me si\u00e8cle iront voter pour la premi\u00e8re fois, sans compter des dizaines de milliers d&#8217;autres qui ont vot\u00e9 pour la premi\u00e8re fois en 2014, qui voient des r\u00e9volutions \u00e9lectorales ou m\u00eame virulentes, ou carr\u00e9ment violentes, se produire \u00e0 travers le monde au nom de la d\u00e9mocratie. <\/span><\/p>\n<p class=\"MsoNormal\"><span lang=\"FR\" style=\"font-family: 'Verdana','sans-serif'; mso-ansi-language: FR;\">Nos villes et nos campagnes regorgent maintenant de &#8216;r\u00e9volutionnaires&#8217; en puissance. Surtout beaucoup de m\u00e9decins ch\u00f4meurs ou travaillant dans le public, des professionnels et autres gradu\u00e9s ch\u00f4meurs ou pas, des personnes ayant perdu leur emploi, des jeunes qui n&#8217;ont jamais eu l&#8217;occasion de travailler, sont tr\u00e8s, vraiment tr\u00e8s en col\u00e8re. Tous ces gens-l\u00e0 ont l&#8217;impression qu&#8217;on se fout de leur gueule au niveau de tous les establishments politiques. <\/span><\/p>\n<p class=\"MsoNormal\"><span lang=\"FR\" style=\"font-family: 'Verdana','sans-serif'; mso-ansi-language: FR;\">J&#8217;ai presque toujours habit\u00e9 les r\u00e9gions rurales et je n&#8217;en connais pas moins bien les villes et je parle aux gens de la rue tous les jours et participe \u00e0 des r\u00e9unions politiques. Je vois et j&#8217;entends, je parle aux passants, aux gens dans les supermarch\u00e9s et les boutiques. <\/span><span style=\"font-family: 'Verdana','sans-serif';\">Vous avez raison \u2013 on peut s&#8217;attendre \u00e0 tout en 2019. <\/span><\/p>\n<p class=\"MsoNormal\"><span lang=\"FR\" style=\"font-family: 'Verdana','sans-serif'; mso-ansi-language: FR;\">De quelle fa\u00e7on cette col\u00e8re peut-elle \u00eatre apais\u00e9e ? Dans quelle mesure le gouvernement arr\u00eatera une s\u00e9rie de bavures et d&#8217;incroyablement mauvais exercices de communication ? Comment finira une certaine guerre de clans au sein du pouvoir ? <\/span><\/p>\n<p class=\"MsoNormal\"><span lang=\"FR\" style=\"font-family: 'Verdana','sans-serif'; mso-ansi-language: FR;\">Et du c\u00f4t\u00e9 de l&#8217;opposition, quand le peuple, d\u00e9j\u00e0 remont\u00e9 contre tout l&#8217;establishment politique, verra-t-il la lumi\u00e8re au bout du tunnel ? L&#8217;opposition est de plus en plus \u00e9clat\u00e9e et personne ne sait plus quoi faire. Si l&#8217;opposition au Parlement s&#8217;affaiblit, elle s\u2019enfle dans la rue. Un rajeunissement du Premier ministre en la personne de Pravind Jugnauth bien que souhaitable dans la conjoncture, sera-t-il efficace en termes de r\u00e9sultats ? Qu&#8217;est-ce qui se passera et quand ces questions trouveront-elles r\u00e9ponse ? <\/span><span style=\"font-family: 'Verdana','sans-serif';\">L&#8217;Histoire seule nous le dira.<\/span><\/p>\n","protected":false},"excerpt":{"rendered":"<p>Interview : Sydney Selvon \u2013 Journaliste &amp; Historien &#8212; Un rajeunissement du Premier ministre en la personne de Pravind Jugnauth bien que souhaitable dans la conjoncture, sera-t-il efficace en termes de r\u00e9sultats ?\u2019<\/p>\n","protected":false},"author":1,"featured_media":7061,"comment_status":"open","ping_status":"open","sticky":false,"template":"","format":"standard","meta":{"jetpack_post_was_ever_published":false,"_jetpack_newsletter_access":"","_jetpack_dont_email_post_to_subs":false,"_jetpack_newsletter_tier_id":0,"_jetpack_memberships_contains_paywalled_content":false,"_jetpack_memberships_contains_paid_content":false,"footnotes":"","jetpack_publicize_message":"","jetpack_publicize_feature_enabled":true,"jetpack_social_post_already_shared":false,"jetpack_social_options":{"image_generator_settings":{"template":"highway","default_image_id":0,"font":"","enabled":false},"version":2}},"categories":[32],"tags":[54,136,284,164,2718,95,2717,817,2720,2715,665,286,2716,2714,50,2719,49,48,2721,2722,2465,57,2463,1246,40],"class_list":["post-4589","post","type-post","status-publish","format-standard","has-post-thumbnail","hentry","category-interviews","tag-alan-ganoo","tag-alliance-lepep","tag-anerood-jugnauth","tag-chagos","tag-cure-remy-ollier","tag-donald-trump","tag-eugene-laurent-maurice","tag-gaetan-duval","tag-guantanamo","tag-hilary-clinton","tag-interview","tag-ivan-collendavelloo","tag-justin-trudeau","tag-msm-ptr-mmm","tag-navin-ramgoolam","tag-olivier-bancoult","tag-paul-berenger","tag-pravind-jugnauth","tag-presidentialisation-de-hillary-clinton","tag-prime-ministerialisation-de-pravind-jugnauth","tag-selvon","tag-sookdeo-bissoondoyal","tag-sydney","tag-sydney-selvon","tag-xavier-duval"],"jetpack_publicize_connections":[],"jetpack_featured_media_url":"https:\/\/i0.wp.com\/www.mauritiustimes.com\/mt\/wp-content\/uploads\/2016\/10\/Sydney.selvon-k.jpg?fit=500%2C500&ssl=1","jetpack_sharing_enabled":true,"jetpack_shortlink":"https:\/\/wp.me\/p8QzSF-1c1","_links":{"self":[{"href":"https:\/\/www.mauritiustimes.com\/mt\/wp-json\/wp\/v2\/posts\/4589","targetHints":{"allow":["GET"]}}],"collection":[{"href":"https:\/\/www.mauritiustimes.com\/mt\/wp-json\/wp\/v2\/posts"}],"about":[{"href":"https:\/\/www.mauritiustimes.com\/mt\/wp-json\/wp\/v2\/types\/post"}],"author":[{"embeddable":true,"href":"https:\/\/www.mauritiustimes.com\/mt\/wp-json\/wp\/v2\/users\/1"}],"replies":[{"embeddable":true,"href":"https:\/\/www.mauritiustimes.com\/mt\/wp-json\/wp\/v2\/comments?post=4589"}],"version-history":[{"count":0,"href":"https:\/\/www.mauritiustimes.com\/mt\/wp-json\/wp\/v2\/posts\/4589\/revisions"}],"wp:featuredmedia":[{"embeddable":true,"href":"https:\/\/www.mauritiustimes.com\/mt\/wp-json\/wp\/v2\/media\/7061"}],"wp:attachment":[{"href":"https:\/\/www.mauritiustimes.com\/mt\/wp-json\/wp\/v2\/media?parent=4589"}],"wp:term":[{"taxonomy":"category","embeddable":true,"href":"https:\/\/www.mauritiustimes.com\/mt\/wp-json\/wp\/v2\/categories?post=4589"},{"taxonomy":"post_tag","embeddable":true,"href":"https:\/\/www.mauritiustimes.com\/mt\/wp-json\/wp\/v2\/tags?post=4589"}],"curies":[{"name":"wp","href":"https:\/\/api.w.org\/{rel}","templated":true}]}}