{"id":45685,"date":"2026-03-30T13:44:02","date_gmt":"2026-03-30T09:44:02","guid":{"rendered":"https:\/\/www.mauritiustimes.com\/mt\/?p=45685"},"modified":"2026-03-30T13:44:02","modified_gmt":"2026-03-30T09:44:02","slug":"laffaire-du-gang-des-cinq-entre-demission-corruption-et-devoir-de-denoncer","status":"publish","type":"post","link":"https:\/\/www.mauritiustimes.com\/mt\/laffaire-du-gang-des-cinq-entre-demission-corruption-et-devoir-de-denoncer\/","title":{"rendered":"L\u2019affaire du \u00ab Gang des Cinq \u00bb : Entre d\u00e9mission, corruption et devoir de d\u00e9noncer"},"content":{"rendered":"<p><span style=\"color: #0000ff;\"><strong>Par A. Bartleby<\/strong><\/span><\/p>\n<p><span style=\"color: #000000;\">L\u2019actualit\u00e9 politique de la semaine introduit une phase d\u2019incertitude qui pourrait durablement influencer les \u00e9quilibres en place. Mercredi dernier, lors d\u2019une conf\u00e9rence de presse tr\u00e8s attendue &#8211; faisant suite \u00e0 sa d\u00e9mission fracassante de vendredi dernier -, Paul B\u00e9renger a jet\u00e9 un pav\u00e9 dans la mare : l\u2019existence pr\u00e9sum\u00e9e d\u2019un \u00ab Gang des Cinq \u00bb op\u00e9rant au c\u0153ur m\u00eame du Bureau du Premier ministre (PMO).<\/span><\/p>\n<p><span style=\"color: #000000;\"><img data-recalc-dims=\"1\" loading=\"lazy\" decoding=\"async\" data-attachment-id=\"45686\" data-permalink=\"https:\/\/www.mauritiustimes.com\/mt\/laffaire-du-gang-des-cinq-entre-demission-corruption-et-devoir-de-denoncer\/e-paul-berenger-lors-de-sa-conference-de-presse_-mercredi-dernier-p-defi\/\" data-orig-file=\"https:\/\/i0.wp.com\/www.mauritiustimes.com\/mt\/wp-content\/uploads\/2026\/03\/E-Paul-Berenger-lors-de-sa-conference-de-presse_-mercredi-dernier.-P-Defi.jpg?fit=1200%2C675&amp;ssl=1\" data-orig-size=\"1200,675\" data-comments-opened=\"1\" data-image-meta=\"{&quot;aperture&quot;:&quot;0&quot;,&quot;credit&quot;:&quot;&quot;,&quot;camera&quot;:&quot;&quot;,&quot;caption&quot;:&quot;&quot;,&quot;created_timestamp&quot;:&quot;0&quot;,&quot;copyright&quot;:&quot;&quot;,&quot;focal_length&quot;:&quot;0&quot;,&quot;iso&quot;:&quot;0&quot;,&quot;shutter_speed&quot;:&quot;0&quot;,&quot;title&quot;:&quot;&quot;,&quot;orientation&quot;:&quot;0&quot;}\" data-image-title=\"E &amp;#8212; Paul B\u00e9renger lors de sa conf\u00e9rence de presse_ mercredi dernier. P &amp;#8211; D\u00e9fi\" data-image-description=\"\" data-image-caption=\"\" data-large-file=\"https:\/\/i0.wp.com\/www.mauritiustimes.com\/mt\/wp-content\/uploads\/2026\/03\/E-Paul-Berenger-lors-de-sa-conference-de-presse_-mercredi-dernier.-P-Defi.jpg?fit=640%2C360&amp;ssl=1\" class=\"aligncenter size-full wp-image-45686\" src=\"https:\/\/i0.wp.com\/www.mauritiustimes.com\/mt\/wp-content\/uploads\/2026\/03\/E-Paul-Berenger-lors-de-sa-conference-de-presse_-mercredi-dernier.-P-Defi.jpg?resize=640%2C360&#038;ssl=1\" alt=\"\" width=\"640\" height=\"360\" srcset=\"https:\/\/i0.wp.com\/www.mauritiustimes.com\/mt\/wp-content\/uploads\/2026\/03\/E-Paul-Berenger-lors-de-sa-conference-de-presse_-mercredi-dernier.-P-Defi.jpg?w=1200&amp;ssl=1 1200w, https:\/\/i0.wp.com\/www.mauritiustimes.com\/mt\/wp-content\/uploads\/2026\/03\/E-Paul-Berenger-lors-de-sa-conference-de-presse_-mercredi-dernier.-P-Defi.jpg?resize=300%2C169&amp;ssl=1 300w, https:\/\/i0.wp.com\/www.mauritiustimes.com\/mt\/wp-content\/uploads\/2026\/03\/E-Paul-Berenger-lors-de-sa-conference-de-presse_-mercredi-dernier.-P-Defi.jpg?resize=1024%2C576&amp;ssl=1 1024w, https:\/\/i0.wp.com\/www.mauritiustimes.com\/mt\/wp-content\/uploads\/2026\/03\/E-Paul-Berenger-lors-de-sa-conference-de-presse_-mercredi-dernier.-P-Defi.jpg?resize=768%2C432&amp;ssl=1 768w\" sizes=\"auto, (max-width: 640px) 100vw, 640px\" \/><\/span><\/p>\n<p style=\"text-align: center;\"><span style=\"color: #ff6600;\"><strong>En vertu de la <em>Financial Crimes Commission Act 2023<\/em>, tout officier d&#8217;un organisme public \u2014 une d\u00e9finition qui inclut sans \u00e9quivoque le Deputy Prime Minister \u2014 a l&#8217;obligation l\u00e9gale de signaler par \u00e9crit \u00e0 la Commission tout soup\u00e7on de corruption ou de crime financier. P &#8211; D\u00e9fi Media<\/strong><\/span><\/p>\n<p><span style=\"color: #000000;\">Au centre de ces all\u00e9gations de corruption syst\u00e9mique se trouve l\u2019affaire Mamy Ravatomanga. Selon l\u2019ancien Premier ministre adjoint, des millions de roupies auraient \u00e9t\u00e9 distribu\u00e9s pour parait-il faciliter l\u2019atterrissage d\u2019un jet priv\u00e9 appartenant \u00e0 l\u2019homme d\u2019affaires malgache, alors que celui-ci fuyait les troubles civils et les contestations populaires dans la Grande \u00cele. B\u00e9renger affirme avoir, \u00e0 plusieurs reprises, alert\u00e9 le Premier ministre sur ces \u00ab pratiques douteuses \u00bb, mais ses avertissements seraient rest\u00e9s lettre morte.<\/span><\/p>\n<p style=\"text-align: center;\"><span style=\"color: #000000;\"><strong>Le dilemme du \u00ab whistleblower \u00bb de haut rang<\/strong><\/span><\/p>\n<p><span style=\"color: #000000;\">Cette d\u00e9mission soul\u00e8ve des questions juridiques et \u00e9thiques fondamentales. Dans un \u00c9tat de droit, que pr\u00e9voit la loi lorsqu&#8217;un haut dignitaire de l&#8217;\u00c9tat d\u00e9couvre des malversations au sommet de la pyramide ?<\/span><\/p>\n<p><span style=\"color: #000000;\">En vertu de la <em>Financial Crimes Commission (FCC) Act 2023<\/em>, tout officier d&#8217;un organisme public \u2014 une d\u00e9finition qui inclut sans \u00e9quivoque le Deputy Prime Minister \u2014 a l&#8217;obligation l\u00e9gale de signaler par \u00e9crit \u00e0 la Commission tout soup\u00e7on de corruption ou de crime financier. Ici, le droit entre en collision avec la pratique politique. B\u00e9renger a choisi d&#8217;informer son sup\u00e9rieur direct, le Premier ministre. Or, la loi, elle, privil\u00e9gie la d\u00e9nonciation ind\u00e9pendante aupr\u00e8s des autorit\u00e9s comp\u00e9tentes comme la Police ou la FCC.<\/span><\/p>\n<p><span style=\"color: #000000;\">Certains critiques pourraient ainsi s\u2019interroger : en ne saisissant pas officiellement les institutions de contr\u00f4le plus t\u00f4t, Paul B\u00e9renger a-t-il manqu\u00e9 \u00e0 son obligation statutaire ? Ou a-t-il simplement \u00e9puis\u00e9 les recours internes avant de prendre l&#8217;ultime d\u00e9cision de d\u00e9missionner?<\/span><\/p>\n<p style=\"text-align: center;\"><span style=\"color: #000000;\"><strong>La preuve contre l&#8217;autorit\u00e9 : Un bras de fer<\/strong><\/span><\/p>\n<p><span style=\"color: #000000;\">L&#8217;autre point de friction r\u00e9side dans la r\u00e9ponse du chef du gouvernement. Confront\u00e9 aux r\u00e9v\u00e9lations de son adjoint, le Premier ministre aurait exig\u00e9 des \u00ab preuves \u00bb avant d&#8217;agir. Sur le plan administratif, cette posture est d\u00e9fendable : un Premier ministre ne peut d\u00e9stabiliser son administration sur la base de simples rumeurs.<\/span><\/p>\n<p><span style=\"color: #000000;\">Cependant, sur le plan de l&#8217;int\u00e9grit\u00e9 publique, lorsqu&#8217;une information d&#8217;une telle gravit\u00e9 \u00e9mane de son num\u00e9ro deux, le Premier ministre ne dispose-t-il pas de l&#8217;autorit\u00e9 n\u00e9cessaire pour ordonner une enqu\u00eate interne imm\u00e9diate par le biais du Secr\u00e9taire au Cabinet ou de la police ? Exiger des preuves irr\u00e9futables d\u00e8s le signalement peut freiner la d\u00e9marche du lanceur d&#8217;alerte et retarder l&#8217;\u00e9tablissement des faits.<\/span><\/p>\n<p style=\"text-align: center;\"><span style=\"color: #000000;\"><strong>Les risques juridiques : Diffamation ou devoir moral ?<\/strong><\/span><\/p>\n<p><span style=\"color: #000000;\">Si Paul B\u00e9renger ne parvient pas \u00e0 \u00e9tayer ses all\u00e9gations concernant ce fameux \u00ab Gang des Cinq \u00bb, il s&#8217;expose \u00e0 des poursuites pour diffamation ou pour avoir jet\u00e9 l&#8217;opprobre sur le gouvernement dont il faisait partie il y a encore quelques jours. Mais l\u2019argument inverse est tout aussi puissant : on ne peut attendre d&#8217;un Premier ministre adjoint qu&#8217;il se rende dans un poste de police comme un simple citoyen pour porter plainte contre ses propres coll\u00e8gues ou des fonctionnaires du PMO. D&#8217;aucuns avanceront que sa d\u00e9mission constitue, en elle-m\u00eame, son t\u00e9moignage le plus \u00e9loquent.<\/span><\/p>\n<p><span style=\"color: #000000;\">L&#8217;affaire Ravatomanga, et l&#8217;atterrissage de ce jet Cessna en 2025, est d\u00e9sormais le symbole d&#8217;une crise de confiance profonde. La question n&#8217;est plus seulement de savoir si des millions ont chang\u00e9 de mains, mais de savoir si nos institutions sont capables d&#8217;enqu\u00eater sur elles-m\u00eames.<\/span><\/p>\n<p style=\"text-align: center;\"><span style=\"color: #000000;\"><strong>Une \u00e9preuve pour la FCC<\/strong><\/span><\/p>\n<p><span style=\"color: #000000;\">Cette affaire sera le premier v\u00e9ritable test pour la nouvelle <em>Financial Crimes Commission <\/em>(FCC). La population attend de savoir si cette institution aura l&#8217;ind\u00e9pendance n\u00e9cessaire pour convoquer les acteurs de ce pr\u00e9tendu \u00ab Gang des Cinq \u00bb et faire la lumi\u00e8re sur les proc\u00e9dures d&#8217;atterrissage du jet malgache.<\/span><\/p>\n<p><span style=\"color: #000000;\">Paul B\u00e9renger a choisi de partir en d\u00e9non\u00e7ant. Le Premier ministre a choisi de rester en exigeant des preuves. Entre les deux, c\u2019est l\u2019int\u00e9grit\u00e9 de l\u2019administration publique mauricienne qui est aujourd&#8217;hui sur le banc des accus\u00e9s. Le pays m\u00e9rite des r\u00e9ponses, et non des joutes verbales sur \u00ab\u00a0qui aurait d\u00fb informer qui\u00a0\u00bb.<\/span><\/p>\n<p style=\"text-align: center;\"><span style=\"color: #000000;\"><strong>* * *<\/strong><\/span><\/p>\n<h3 style=\"text-align: center;\"><span style=\"color: #000000;\"><strong>Quels sont les pouvoirs r\u00e9els de la FCC face au PMO ?<\/strong><\/span><\/h3>\n<p><span style=\"color: #000000;\">Depuis sa proclamation en mars 2024, la <em>Financial Crimes Commission<\/em> (FCC) agit comme l&#8217;agence \u00ab apex \u00bb (sommitale) de lutte contre la criminalit\u00e9 financi\u00e8re \u00e0 Maurice. Son mandat, d\u00e9fini par <em>la FCC Act 2023<\/em>, lui conf\u00e8re des pr\u00e9rogatives qui touchent directement au fonctionnement des institutions publiques.<\/span><\/p>\n<p style=\"padding-left: 40px;\"><strong style=\"color: #000000;\">1. L\u2019ind\u00e9pendance statutaire (Section 7)<\/strong><\/p>\n<p><span style=\"color: #000000;\">L&#8217;article 7 de la loi stipule que, dans l&#8217;exercice de ses fonctions, la Commission n&#8217;est pas soumise \u00e0 la direction ou au contr\u00f4le de \u00ab toute autre personne ou autorit\u00e9 \u00bb.<\/span><\/p>\n<p><span style=\"color: #000000;\">Th\u00e9oriquement, cela signifie que ni le Premier ministre, ni aucun membre du Cabinet ne peut stopper une enqu\u00eate initi\u00e9e par la FCC, y compris si elle concerne le Bureau du Premier ministre (PMO).<\/span><\/p>\n<p style=\"padding-left: 40px;\"><strong style=\"color: #000000;\">2. La r\u00e9vision des syst\u00e8mes (Section 6-2-j)<\/strong><\/p>\n<p><span style=\"color: #000000;\">L&#8217;un des pouvoirs les plus redoutables de la FCC est celui de mener une \u00ab SystemsReview \u00bb. La Commission est mandat\u00e9e pour examiner les pratiques et proc\u00e9dures de n&#8217;importe quel organisme public afin de d\u00e9celer les failles favorisant la corruption.<\/span><\/p>\n<p style=\"padding-left: 40px;\"><span style=\"color: #000000;\">* Application : Si la FCC soup\u00e7onne que les protocoles d&#8217;atterrissage des jets priv\u00e9s sont opaques ou manipulables, elle peut exiger un audit complet de ces proc\u00e9dures.<\/span><\/p>\n<p style=\"padding-left: 40px;\"><span style=\"color: #000000;\">* Caract\u00e8re Obligatoire : Selon l&#8217;article 141(5), le refus de mettre en \u0153uvre les recommandations de la FCC apr\u00e8s une telle r\u00e9vision est passible de sanctions p\u00e9nales.<br \/>\n<\/span><\/p>\n<p style=\"padding-left: 40px; text-align: left;\"><strong style=\"color: #000000;\">3. Pouvoirs de perquisition et de saisie<\/strong><\/p>\n<p><span style=\"color: #000000;\">Pour mener \u00e0 bien ses enqu\u00eates sur des d\u00e9lits tels que le trafic d&#8217;influence ou la corruption (Section 144), la FCC dispose de pouvoirs \u00e9tendus :<\/span><\/p>\n<p style=\"padding-left: 40px;\"><span style=\"color: #000000;\">* Acc\u00e8s aux donn\u00e9es : Elle peut saisir des documents, des ordinateurs et des serveurs, m\u00eame au sein d&#8217;un minist\u00e8re ou d&#8217;un d\u00e9partement gouvernemental.<\/span><\/p>\n<p style=\"padding-left: 40px;\"><span style=\"color: #000000;\">* Mandats sp\u00e9ciaux : Avec une autorisation judiciaire, elle peut proc\u00e9der \u00e0 des interceptions de communications ou \u00e0 des perquisitions pour obtenir des preuves mat\u00e9rielles.<br \/>\n<\/span><strong style=\"color: #000000;\">4. Le devoir de rapporter (Section 55)<\/strong><\/p>\n<p><span style=\"color: #000000;\">La loi impose une obligation stricte : tout officier d&#8217;un organisme public qui soup\u00e7onne un d\u00e9lit financier doit le signaler \u00e0 la Commission. Ce point est crucial dans l&#8217;affaire actuelle : la loi place la responsabilit\u00e9 de d\u00e9noncer au-dessus de la loyaut\u00e9 hi\u00e9rarchique.<\/span><\/p>\n<p style=\"padding-left: 40px;\"><span style=\"color: #000000;\"><strong>5.<\/strong> <\/span><strong style=\"color: #000000;\">Le cas particulier de Mamy Ravatomanga<\/strong><\/p>\n<p><span style=\"color: #000000;\">Il est important de noter que la FCC a d\u00e9j\u00e0 communiqu\u00e9 publiquement (notamment en octobre 2025) sur la complexit\u00e9 de l&#8217;enqu\u00eate concernant l&#8217;homme d&#8217;affaires malgache, \u00e9voquant des ramifications internationales. Cela prouve que le dossier est d\u00e9j\u00e0 \u00ab sous la loupe \u00bb de la Commission, ce qui rend les r\u00e9v\u00e9lations de Paul B\u00e9renger d&#8217;autant plus explosives pour la suite des proc\u00e9dures.<\/span><\/p>\n<p style=\"text-align: center;\"><span style=\"color: #000000;\"><strong>* * *<\/strong><\/span><\/p>\n<h3 style=\"text-align: center;\"><span style=\"color: #000000;\"><strong>G\u00e9opolitique 2026 : Un monde \u00e0 la crois\u00e9e des chemins entre souverainet\u00e9 et chocs syst\u00e9miques<\/strong><\/span><\/h3>\n<p><span style=\"color: #000000;\">Le paysage mondial actuel ressemble \u00e0 une toile complexe o\u00f9 s&#8217;entrem\u00ealent des crises de souverainet\u00e9 traditionnelles et des ruptures syst\u00e9miques sans pr\u00e9c\u00e9dent. Pour l&#8217;observateur politique, l&#8217;ann\u00e9e 2026 ne se contente pas de prolonger les tensions du pass\u00e9 ; elle red\u00e9finit les r\u00e8gles du jeu international. Entre la remise en question du droit international, l&#8217;escalade \u00e9nerg\u00e9tique au Moyen-Orient et la mont\u00e9e d&#8217;un nationalisme \u00e9conomique muscl\u00e9, les enjeux pour les acteurs mondiaux sont d\u00e9sormais existentiels.<\/span><\/p>\n<p style=\"text-align: center;\"><span style=\"color: #000000;\"><img data-recalc-dims=\"1\" loading=\"lazy\" decoding=\"async\" data-attachment-id=\"45687\" data-permalink=\"https:\/\/www.mauritiustimes.com\/mt\/laffaire-du-gang-des-cinq-entre-demission-corruption-et-devoir-de-denoncer\/e-geopolitique-2026-p-goodtech\/\" data-orig-file=\"https:\/\/i0.wp.com\/www.mauritiustimes.com\/mt\/wp-content\/uploads\/2026\/03\/E-Geopolitique-2026.-P-GoodTech.jpg?fit=1200%2C757&amp;ssl=1\" data-orig-size=\"1200,757\" data-comments-opened=\"1\" data-image-meta=\"{&quot;aperture&quot;:&quot;0&quot;,&quot;credit&quot;:&quot;&quot;,&quot;camera&quot;:&quot;&quot;,&quot;caption&quot;:&quot;&quot;,&quot;created_timestamp&quot;:&quot;0&quot;,&quot;copyright&quot;:&quot;&quot;,&quot;focal_length&quot;:&quot;0&quot;,&quot;iso&quot;:&quot;0&quot;,&quot;shutter_speed&quot;:&quot;0&quot;,&quot;title&quot;:&quot;&quot;,&quot;orientation&quot;:&quot;0&quot;}\" data-image-title=\"E &amp;#8212; G\u00e9opolitique 2026. P &amp;#8211; GoodTech\" data-image-description=\"\" data-image-caption=\"\" data-large-file=\"https:\/\/i0.wp.com\/www.mauritiustimes.com\/mt\/wp-content\/uploads\/2026\/03\/E-Geopolitique-2026.-P-GoodTech.jpg?fit=640%2C404&amp;ssl=1\" class=\"aligncenter size-full wp-image-45687\" src=\"https:\/\/i0.wp.com\/www.mauritiustimes.com\/mt\/wp-content\/uploads\/2026\/03\/E-Geopolitique-2026.-P-GoodTech.jpg?resize=640%2C404&#038;ssl=1\" alt=\"\" width=\"640\" height=\"404\" srcset=\"https:\/\/i0.wp.com\/www.mauritiustimes.com\/mt\/wp-content\/uploads\/2026\/03\/E-Geopolitique-2026.-P-GoodTech.jpg?w=1200&amp;ssl=1 1200w, https:\/\/i0.wp.com\/www.mauritiustimes.com\/mt\/wp-content\/uploads\/2026\/03\/E-Geopolitique-2026.-P-GoodTech.jpg?resize=300%2C189&amp;ssl=1 300w, https:\/\/i0.wp.com\/www.mauritiustimes.com\/mt\/wp-content\/uploads\/2026\/03\/E-Geopolitique-2026.-P-GoodTech.jpg?resize=1024%2C646&amp;ssl=1 1024w, https:\/\/i0.wp.com\/www.mauritiustimes.com\/mt\/wp-content\/uploads\/2026\/03\/E-Geopolitique-2026.-P-GoodTech.jpg?resize=768%2C484&amp;ssl=1 768w\" sizes=\"auto, (max-width: 640px) 100vw, 640px\" \/><\/span><span style=\"color: #ff6600;\"><strong>L\u2019ordre mondial de 2026 se fragmente : la s\u00e9curit\u00e9 souveraine prime d\u00e9sormais sur la coop\u00e9ration internationale. P &#8211; GoodTech<\/strong><\/span><\/p>\n<p style=\"text-align: center;\"><span style=\"color: #000000;\"><strong>La crise du droit international et de la souverainet\u00e9<\/strong><\/span><\/p>\n<p><span style=\"color: #000000;\">L&#8217;ordre mondial &#8220;fond\u00e9 sur des r\u00e8gles&#8221;, pilier de l&#8217;apr\u00e8s-guerre, traverse une \u00e9preuve de v\u00e9rit\u00e9. Le cas le plus embl\u00e9matique reste le dossier de l&#8217;archipel des Chagos. Alors que le Royaume-Uni s&#8217;appr\u00eate \u00e0 ratifier le trait\u00e9 de mai 2025 avec Maurice, le d\u00e9bat fait rage. Le bail de 99 ans conc\u00e9d\u00e9 sur Diego Garcia est-il un v\u00e9ritable acte de d\u00e9colonisation ou un compromis strat\u00e9gique d\u00e9guis\u00e9 ?<\/span><\/p>\n<p><span style=\"color: #000000;\">Pour Maurice et les pays du Sud Global, l&#8217;enjeu est la reconnaissance pleine et enti\u00e8re de l&#8217;int\u00e9grit\u00e9 territoriale. Pour Londres et Washington, il s&#8217;agit de s\u00e9curiser un avant-poste militaire crucial tout en \u00e9vitant de cr\u00e9er un pr\u00e9c\u00e9dent juridique qui affaiblirait d&#8217;autres possessions territoriales. Cette &#8220;souverainet\u00e9 partag\u00e9e&#8221; interroge : le droit international est-il en train de devenir un outil de &#8220;g\u00e9om\u00e9trie variable&#8221; o\u00f9 les puissances d\u00e9finissent les normes selon leurs besoins s\u00e9curitaires, laissant les institutions comme le Conseil de S\u00e9curit\u00e9 de l&#8217;ONU dans une paralysie quasi permanente ?<\/span><\/p>\n<p style=\"text-align: center;\"><span style=\"color: #000000;\"><strong>Escalade g\u00e9opolitique et s\u00e9curit\u00e9 \u00e9nerg\u00e9tique<\/strong><\/span><\/p>\n<p><span style=\"color: #000000;\">Le conflit impliquant Isra\u00ebl, les \u00c9tats-Unis et l&#8217;Iran a cess\u00e9 d&#8217;\u00eatre une pr\u00e9occupation r\u00e9gionale pour devenir un choc syst\u00e9mique mondial. Le &#8220;verrou de Hormuz&#8221; a saut\u00e9. En mars 2026, la fermeture de ce d\u00e9troit vital a provoqu\u00e9 la plus grande perturbation de l&#8217;approvisionnement p\u00e9trolier de l&#8217;histoire moderne. Avec un baril de Brent d\u00e9passant les 120 dollars, l&#8217;\u00e9nergie est devenue une arme de guerre.<\/span><\/p>\n<p><span style=\"color: #000000;\">Pour les nations d&#8217;Asie et d&#8217;Europe, l&#8217;enjeu est une r\u00e9\u00e9valuation brutale de leurs strat\u00e9gies de g\u00e9n\u00e9ration d&#8217;\u00e9nergie \u00e0 long terme. Nous assistons \u00e0 l&#8217;\u00e9mergence d&#8217;une stagflation mondiale qui menace de plonger les \u00e9conomies d\u00e9pendantes de l&#8217;\u00e9nergie dans des r\u00e9cessions techniques. Au-del\u00e0 des chiffres, c&#8217;est la stabilit\u00e9 sociale qui est en jeu : la hausse des co\u00fbts de la vie devient un catalyseur de troubles domestiques, for\u00e7ant les gouvernements \u00e0 des arbitrages budg\u00e9taires douloureux entre d\u00e9fense et protection sociale.<\/span><\/p>\n<p style=\"text-align: center;\"><span style=\"color: #000000;\"><strong>Le nouvel entre-soi : Le nationalisme \u00e9conomique<\/strong><\/span><\/p>\n<p><span style=\"color: #000000;\">L&#8217;\u00e8re de la mondialisation laissez-faire semble r\u00e9volue, c\u00e9dant la place \u00e0 un &#8220;interventionnisme \u00e9conomique muscl\u00e9&#8221; dirig\u00e9 par les \u00c9tats. La fragmentation du commerce mondial s&#8217;acc\u00e9l\u00e8re. Les mesures protectionnistes ne sont plus des exceptions, mais les composantes d&#8217;une fusion entre strat\u00e9gie industrielle et diplomatie transactionnelle.<\/span><\/p>\n<p><span style=\"color: #000000;\">Un champ de bataille majeur est celui des min\u00e9raux critiques n\u00e9cessaires \u00e0 la transition \u00e9cologique. Dans cette course, les gouvernements forment des alliances pour s\u00e9curiser des cha\u00eenes d&#8217;approvisionnement &#8220;tra\u00e7ables&#8221; afin de r\u00e9duire la d\u00e9pendance envers les acteurs dominants, au premier rang desquels la Chine. L&#8217;enjeu, ici, est la souverainet\u00e9 technologique. Celui qui contr\u00f4le les ressources contr\u00f4le la vitesse et la direction de la transition \u00e9nerg\u00e9tique mondiale.<\/span><\/p>\n<p style=\"text-align: center;\"><span style=\"color: #000000;\"><strong>Les conflits &#8220;invisibles&#8221; et la stabilit\u00e9 r\u00e9gionale<\/strong><\/span><\/p>\n<p><span style=\"color: #000000;\">Pendant que les grands titres se focalisent sur le Moyen-Orient, d&#8217;autres crises couvent, souvent ignor\u00e9es. Dans la Corne de l&#8217;Afrique, les tensions entre l&#8217;\u00c9thiopie et l&#8217;\u00c9rythr\u00e9e concernant l&#8217;acc\u00e8s aux ports menacent d&#8217;embraser toute la r\u00e9gion. Un tel conflit pourrait d\u00e9stabiliser davantage les routes maritimes de la Mer Rouge, d\u00e9j\u00e0 sous pression.<\/span><\/p>\n<p><span style=\"color: #000000;\">Parall\u00e8lement, l&#8217;Am\u00e9rique latine conna\u00eet un basculement id\u00e9ologique majeur. Le calendrier \u00e9lectoral charg\u00e9 de 2026 r\u00e9v\u00e8le un virage vers des candidats de droite, favorables au march\u00e9. Ce mouvement est une r\u00e9ponse directe aux d\u00e9ceptions \u00e9conomiques subies sous les gouvernements de gauche sortants. Pour ces nations, l&#8217;enjeu est de trouver un \u00e9quilibre entre croissance \u00e9conomique et r\u00e9duction des in\u00e9galit\u00e9s sociales persistantes, dans un contexte de volatilit\u00e9 mondiale.<\/span><\/p>\n<p style=\"text-align: center;\"><span style=\"color: #000000;\"><strong>Des questions sans r\u00e9ponse<\/strong><\/span><\/p>\n<p><span style=\"color: #000000;\">Au terme de cette analyse, deux interrogations majeures subsistent pour l&#8217;avenir proche :<\/span><\/p>\n<p style=\"padding-left: 40px;\"><strong style=\"color: #000000;\">1. L&#8217;impact du d\u00e9troit de Hormuz :<\/strong><span style=\"color: #000000;\"> Quelles seront les cons\u00e9quences \u00e0 long terme de sa fermeture sur le narratif des pays du Golfe comme &#8220;destinations s\u00fbres&#8221; pour les investissements \u00e9trangers et les expatri\u00e9s ?<\/span><\/p>\n<p style=\"padding-left: 40px;\"><strong style=\"color: #000000;\">2. L&#8217;\u00e9mergence d&#8217;un droit alternatif :<\/strong><span style=\"color: #000000;\"> Le mouvement du &#8220;droit international par le bas&#8221;, port\u00e9 par les nations \u00e9mergentes, r\u00e9ussira-t-il \u00e0 briser l&#8217;h\u00e9g\u00e9monie traditionnelle des principes juridiques occidentaux ?<\/span><\/p>\n<p><span style=\"color: #000000;\">L&#8217;ordre mondial de 2026 ne se contente pas de craquer ; il se reconstruit selon des lignes de fracture nouvelles o\u00f9 la s\u00e9curit\u00e9, qu&#8217;elle soit territoriale, \u00e9nerg\u00e9tique ou \u00e9conomique, l&#8217;emporte d\u00e9sormais sur la coop\u00e9ration globale.<\/span><\/p>\n<p style=\"text-align: center;\"><span style=\"color: #000000;\"><strong>* * *<\/strong><\/span><\/p>\n<h3 style=\"text-align: center;\"><span style=\"color: #000000;\"><strong>L&#8217;\u00e9nigme du baril : Le conflit Iran-Isra\u00ebl et l\u2019insoutenable fragilit\u00e9 de Maurice<\/strong><\/span><\/h3>\n<p><span style=\"color: #000000;\">En ce mois de mars 2026, le monde ne se contente plus de retenir son souffle ; il vacille sous l&#8217;onde de choc d&#8217;un conflit que l&#8217;on craignait depuis des d\u00e9cennies. L&#8217;escalade militaire sans pr\u00e9c\u00e9dent entre Isra\u00ebl, les \u00c9tats-Unis et l&#8217;Iran a transform\u00e9 le Moyen-Orient en une poudri\u00e8re \u00e0 ciel ouvert. Alors que les frappes de l&#8217;op\u00e9ration &#8220;Epic Fury&#8221; visent les infrastructures balistiques de T\u00e9h\u00e9ran et que les repr\u00e9sailles iraniennes frappent les bases alli\u00e9es et les p\u00e9troliers, une question br\u00fblante s&#8217;impose \u00e0 nous : pourquoi, malgr\u00e9 cinquante ans de &#8220;le\u00e7ons&#8221; historiques, sommes-nous encore les otages \u00e9nerg\u00e9tiques d&#8217;une r\u00e9gion en feu ?<\/span><\/p>\n<p style=\"text-align: center;\"><span style=\"color: #000000;\"><strong>L&#8217;ombre de la &#8220;Seconde Guerre d&#8217;Iran&#8221;<\/strong><\/span><\/p>\n<p><span style=\"color: #000000;\">Le contexte actuel est radicalement plus grave que les crises pr\u00e9c\u00e9dentes. Le d\u00e9troit d&#8217;Ormuz, v\u00e9ritable carrefour de survie pour 20 % du p\u00e9trole et du gaz naturel liqu\u00e9fi\u00e9 (GNL) mondial, est devenu le centre de gravit\u00e9 d&#8217;une guerre d&#8217;usure. L&#8217;Iran, accul\u00e9, d\u00e9ploie ce que les experts appellent ses &#8220;options non-nucl\u00e9aires&#8221; : une capacit\u00e9 de nuisance asym\u00e9trique capable de paralyser l&#8217;\u00e9conomie mondiale.<\/span><\/p>\n<p><span style=\"color: #000000;\">Pour un pays comme Maurice, situ\u00e9 au carrefour de l&#8217;oc\u00e9an Indien, ce conflit n&#8217;est pas une simple nouvelle internationale ; c&#8217;est une menace directe sur notre panier de la m\u00e9nag\u00e8re. Le Premier ministre, le Dr Navin Ramgoolam, a d&#8217;ailleurs r\u00e9cemment averti que cette &#8220;tourmente mondiale&#8221; pourrait amputer notre croissance et propulser l&#8217;inflation vers les 6 %.<\/span><\/p>\n<p style=\"text-align: center;\"><span style=\"color: #000000;\"><strong>Pourquoi cette addiction persiste-t-elle ?<\/strong><\/span><\/p>\n<p><span style=\"color: #000000;\">Il est l\u00e9gitime de se demander pourquoi la diversification promise apr\u00e8s le choc de 1973 est rest\u00e9e lettre morte.<\/span><\/p>\n<p><span style=\"color: #000000;\">1.L&#8217;h\u00e9g\u00e9monie du co\u00fbt : M\u00eame avec l&#8217;arriv\u00e9e de nouveaux joueurs comme les \u00c9tats-Unis ou la Russie, le Golfe reste imbattable. Extraire un baril en Arabie Saoudite co\u00fbte moins de 10 $, contre 50 $ ailleurs. C&#8217;est cette marge qui permet au Golfe de rester le &#8220;r\u00e9gulateur&#8221; ultime des prix.<\/span><\/p>\n<p><span style=\"color: #000000;\">2.Le verrouillage des infrastructures : Notre monde a \u00e9t\u00e9 construit pour le p\u00e9trole. Des engrais agricoles aux composants m\u00e9dicaux, la p\u00e9trochimie est partout. On ne remplace pas une civilisation b\u00e2tie sur le carbone en quelques ann\u00e9es.<\/span><\/p>\n<p><span style=\"color: #000000;\">3.L&#8217;illusion du &#8220;<em>off-ramp<\/em>&#8221; : Le pr\u00e9sident Trump semble aujourd&#8217;hui chercher une &#8220;porte de sortie&#8221; (un <em>off-ramp<\/em>) diplomatique, surpris par la f\u00e9rocit\u00e9 de la r\u00e9ponse iranienne. Mais tant que le monde n&#8217;aura pas chang\u00e9 de moteur, cette porte de sortie ne sera qu&#8217;une tr\u00eave fragile.<\/span><\/p>\n<p style=\"text-align: center;\"><span style=\"color: #000000;\"><strong>Maurice : Le d\u00e9fi du 60 % en 2030<\/strong><\/span><\/p>\n<p><span style=\"color: #000000;\">Pour Maurice, l&#8217;urgence est devenue une question de s\u00e9curit\u00e9 nationale. Le pays s&#8217;est engag\u00e9 dans une transition audacieuse, mais le chemin est sem\u00e9 d&#8217;emb\u00fbches.<\/span><\/p>\n<p><span style=\"color: #000000;\">L&#8217;acc\u00e9l\u00e9ration n\u00e9cessaire : Le gouvernement a r\u00e9affirm\u00e9 son objectif de 60 % d&#8217;\u00e9nergies renouvelables d&#8217;ici 2030 et l&#8217;\u00e9limination progressive du charbon. Pour y parvenir, plusieurs chantiers sont cruciaux :<\/span><\/p>\n<p style=\"padding-left: 80px;\"><span style=\"color: #000000;\">* La biomasse et le solaire : Avec un investissement annonc\u00e9 de 30 milliards de roupies, l&#8217;accent est mis sur l&#8217;\u00e9nergie solaire agrivolta\u00efque et la valorisation des d\u00e9chets.<\/span><\/p>\n<p style=\"padding-left: 80px;\"><span style=\"color: #000000;\">* Le stockage : Le grand d\u00e9fi reste l&#8217;intermittence. L&#8217;installation de 500 MW de syst\u00e8mes de stockage par batterie (BESS) est imp\u00e9rative pour stabiliser un r\u00e9seau qui ne pourra plus compter sur les centrales thermiques classiques \u00e0 plein temps.<\/span><\/p>\n<p style=\"padding-left: 80px;\"><span style=\"color: #000000;\">* Le transport, ce maillon faible : C&#8217;est ici que le b\u00e2t blesse. Si nous pouvons d\u00e9carboner notre \u00e9lectricit\u00e9, nos v\u00e9hicules et nos navires de fret d\u00e9pendent toujours du p\u00e9trole. Le passage massif aux v\u00e9hicules \u00e9lectriques et l&#8217;exploration de l&#8217;hydrog\u00e8ne vert pour le transport lourd sont les prochaines fronti\u00e8res.<\/span><\/p>\n<p style=\"text-align: center;\"><span style=\"color: #000000;\"><strong>Le prix de l&#8217;ind\u00e9pendance<\/strong><\/span><\/p>\n<p><span style=\"color: #000000;\">Passer du p\u00e9trole aux renouvelables n&#8217;est pas qu&#8217;un choix \u00e9cologique ; c&#8217;est une strat\u00e9gie de d\u00e9fense. Chaque panneau solaire install\u00e9 \u00e0 Maurice est une petite victoire contre la volatilit\u00e9 du d\u00e9troit d&#8217;Ormuz. Cependant, le co\u00fbt initial est colossal. Pour une petite \u00e9conomie insulaire, le dilemme est cruel : investir massivement aujourd&#8217;hui dans une infrastructure verte, ou continuer \u00e0 subir les taxes invisibles de la g\u00e9opolitique mondiale \u00e0 chaque plein d&#8217;essence.<\/span><\/p>\n<p><span style=\"color: #000000;\">Combien de temps cela prendra-t-il ? Si la d\u00e9carbonation \u00e9lectrique \u2014 le passage des \u00e9nergies fossiles vers des sources \u00e0 faible \u00e9mission comme le renouvelable \u2014 est en marche pour 2030, la souverainet\u00e9 \u00e9nerg\u00e9tique totale, incluant les transports, ne deviendra sans doute une r\u00e9alit\u00e9 qu&#8217;aux alentours de 2050.<\/span><\/p>\n<p><span style=\"color: #000000;\">D&#8217;ici l\u00e0, nous restons li\u00e9s au sort de T\u00e9h\u00e9ran, de Tel-Aviv et de Washington. La le\u00e7on de mars 2026 est brutale : dans un monde interd\u00e9pendant, la seule v\u00e9ritable libert\u00e9 est celle que l&#8217;on produit sur son propre sol, \u00e0 l&#8217;abri des vents de guerre du Moyen-Orient.<\/span><\/p>\n<hr \/>\n<p><span style=\"color: #808000;\">Mauritius Times ePaper Friday 27 March 2026<\/span><\/p>\n","protected":false},"excerpt":{"rendered":"<p>Par A. Bartleby L\u2019actualit\u00e9 politique de la semaine introduit une phase d\u2019incertitude qui pourrait durablement influencer les \u00e9quilibres en place. Mercredi dernier, lors d\u2019une conf\u00e9rence de presse tr\u00e8s attendue &#8211; faisant suite \u00e0 sa d\u00e9mission fracassante de vendredi dernier -, Paul B\u00e9renger a jet\u00e9 un pav\u00e9 dans la mare : l\u2019existence pr\u00e9sum\u00e9e d\u2019un \u00ab Gang [&hellip;]<\/p>\n","protected":false},"author":424,"featured_media":45686,"comment_status":"open","ping_status":"open","sticky":false,"template":"","format":"standard","meta":{"jetpack_post_was_ever_published":false,"_jetpack_newsletter_access":"","_jetpack_dont_email_post_to_subs":false,"_jetpack_newsletter_tier_id":0,"_jetpack_memberships_contains_paywalled_content":false,"_jetpack_memberships_contains_paid_content":false,"footnotes":"","jetpack_publicize_message":"","jetpack_publicize_feature_enabled":true,"jetpack_social_post_already_shared":true,"jetpack_social_options":{"image_generator_settings":{"template":"highway","default_image_id":0,"font":"","enabled":false},"version":2}},"categories":[6,19379],"tags":[36546,35827,55145,60640,164,45167,3814,54291,60642,43817,60088,845,47410,4776,44641,18178,60635,33522,27113,17566,45678,1988,9923,49153,56962,4787,36,4676,60637,60644,60636,49,23413,11830,46045,60638,56250,60643,20293,23496,43907,44084,35450,60641,1232,60639],"class_list":["post-45685","post","type-post","status-publish","format-standard","has-post-thumbnail","hentry","category-latest-news","category-opinion","tag-a-bartleby","tag-allegations","tag-autonomie-strategique","tag-brent","tag-chagos","tag-chaines-dapprovisionnement","tag-corruption","tag-crise","tag-decarbonation","tag-demission","tag-detroit-dormuz","tag-diego-garcia","tag-droit-international","tag-energies-renouvelables","tag-ethique","tag-financial-crimes-commission","tag-gang-des-cinq","tag-geopolitique","tag-gouvernance","tag-inflation","tag-integrite","tag-iran","tag-israel","tag-lanceur-dalerte","tag-mamy-ravatomanga","tag-maurice","tag-mauritius-times","tag-moyen-orient","tag-nationalisme-economique","tag-objectifs-2030","tag-obligation-legale","tag-paul-berenger","tag-petrole","tag-pmo","tag-preuves","tag-rapports-de-force","tag-redevabilite","tag-risque-geopolitique","tag-securite","tag-securite-energetique","tag-solaire","tag-souverainete","tag-souverainete-energetique","tag-stockage-par-batterie","tag-transition","tag-transition-energetique"],"jetpack_publicize_connections":[],"jetpack_featured_media_url":"https:\/\/i0.wp.com\/www.mauritiustimes.com\/mt\/wp-content\/uploads\/2026\/03\/E-Paul-Berenger-lors-de-sa-conference-de-presse_-mercredi-dernier.-P-Defi.jpg?fit=1200%2C675&ssl=1","jetpack_sharing_enabled":true,"jetpack_shortlink":"https:\/\/wp.me\/p8QzSF-bSR","_links":{"self":[{"href":"https:\/\/www.mauritiustimes.com\/mt\/wp-json\/wp\/v2\/posts\/45685","targetHints":{"allow":["GET"]}}],"collection":[{"href":"https:\/\/www.mauritiustimes.com\/mt\/wp-json\/wp\/v2\/posts"}],"about":[{"href":"https:\/\/www.mauritiustimes.com\/mt\/wp-json\/wp\/v2\/types\/post"}],"author":[{"embeddable":true,"href":"https:\/\/www.mauritiustimes.com\/mt\/wp-json\/wp\/v2\/users\/424"}],"replies":[{"embeddable":true,"href":"https:\/\/www.mauritiustimes.com\/mt\/wp-json\/wp\/v2\/comments?post=45685"}],"version-history":[{"count":1,"href":"https:\/\/www.mauritiustimes.com\/mt\/wp-json\/wp\/v2\/posts\/45685\/revisions"}],"predecessor-version":[{"id":45688,"href":"https:\/\/www.mauritiustimes.com\/mt\/wp-json\/wp\/v2\/posts\/45685\/revisions\/45688"}],"wp:featuredmedia":[{"embeddable":true,"href":"https:\/\/www.mauritiustimes.com\/mt\/wp-json\/wp\/v2\/media\/45686"}],"wp:attachment":[{"href":"https:\/\/www.mauritiustimes.com\/mt\/wp-json\/wp\/v2\/media?parent=45685"}],"wp:term":[{"taxonomy":"category","embeddable":true,"href":"https:\/\/www.mauritiustimes.com\/mt\/wp-json\/wp\/v2\/categories?post=45685"},{"taxonomy":"post_tag","embeddable":true,"href":"https:\/\/www.mauritiustimes.com\/mt\/wp-json\/wp\/v2\/tags?post=45685"}],"curies":[{"name":"wp","href":"https:\/\/api.w.org\/{rel}","templated":true}]}}