{"id":4542,"date":"2016-09-25T18:19:07","date_gmt":"2016-09-25T18:19:07","guid":{"rendered":"http:\/\/mauritiustimes.com\/mt\/2016\/09\/25\/shakuntala-boolell-44\/"},"modified":"2017-07-23T22:24:42","modified_gmt":"2017-07-23T18:24:42","slug":"shakuntala-boolell-44","status":"publish","type":"post","link":"https:\/\/www.mauritiustimes.com\/mt\/shakuntala-boolell-44\/","title":{"rendered":"Education dans un goulot d\u2019\u00e9tranglement"},"content":{"rendered":"<p><!-- [if gte mso 9]><xml> <w:WordDocument> <w:View>Normal<\/w:View> <w:Zoom>0<\/w:Zoom> <w:TrackMoves \/> <w:TrackFormatting \/> <w:PunctuationKerning \/> <w:ValidateAgainstSchemas \/> <w:SaveIfXMLInvalid>false<\/w:SaveIfXMLInvalid> <w:IgnoreMixedContent>false<\/w:IgnoreMixedContent> <w:AlwaysShowPlaceholderText>false<\/w:AlwaysShowPlaceholderText> <w:DoNotPromoteQF \/> <w:LidThemeOther>EN-GB<\/w:LidThemeOther> <w:LidThemeAsian>X-NONE<\/w:LidThemeAsian> <w:LidThemeComplexScript>X-NONE<\/w:LidThemeComplexScript> <w:Compatibility> <w:BreakWrappedTables \/> <w:SnapToGridInCell \/> <w:WrapTextWithPunct \/> <w:UseAsianBreakRules \/> <w:DontGrowAutofit \/> <w:SplitPgBreakAndParaMark \/> <w:DontVertAlignCellWithSp \/> <w:DontBreakConstrainedForcedTables \/> <w:DontVertAlignInTxbx \/> <w:Word11KerningPairs \/> <w:CachedColBalance \/> <\/w:Compatibility> <w:BrowserLevel>MicrosoftInternetExplorer4<\/w:BrowserLevel> <m:mathPr> <m:mathFont m:val=\"Cambria Math\" \/> <m:brkBin m:val=\"before\" \/> <m:brkBinSub m:val=\" \" \/> <m:smallFrac m:val=\"off\" \/> <m:dispDef \/> <m:lMargin m:val=\"0\" \/> <m:rMargin m:val=\"0\" \/> <m:defJc m:val=\"centerGroup\" \/> <m:wrapIndent m:val=\"1440\" \/> <m:intLim m:val=\"subSup\" \/> <m:naryLim m:val=\"undOvr\" \/> <\/m:mathPr><\/w:WordDocument> <\/xml><![endif]--><\/p>\n<p class=\"MsoNormal\"><span lang=\"FR\" style=\"font-family: 'Verdana','sans-serif'; mso-ansi-language: FR;\">A la veille des examens, tout est chamboul\u00e9. Les \u00e9l\u00e8ves protestent, les m\u00e9dias et les r\u00e9seaux sociaux en profitent pour souligner les torts des uns et des autres. <\/span><\/p>\n<p><!--more--><\/p>\n<p class=\"MsoNormal\"><span lang=\"FR\" style=\"font-family: 'Verdana','sans-serif'; mso-ansi-language: FR;\">Le minist\u00e8re de l\u2019Education dit son dernier mot : chapitre clos. Plus rien \u00e0 dire et plus rien \u00e0 changer ! <\/span><\/p>\n<p class=\"MsoNormal\"><span lang=\"FR\" style=\"font-family: 'Verdana','sans-serif'; mso-ansi-language: FR;\">Le sc\u00e9nario n\u2019est pas nouveau. Dans les ann\u00e9es 1970, les protestations des jeunes avaient fait des ravages. Qui pourrait oublier les incendies, les descentes dans la rue et les revendications pour am\u00e9liorer les conditions de vie ? Aujourd\u2019hui, parmi les parlementaires, il y en a qui ont soutenu les causes bafou\u00e9es durant les ann\u00e9es de braise. Comme ils sont pass\u00e9s de l\u2019autre c\u00f4t\u00e9 de la barri\u00e8re, ils ferment les yeux sur les probl\u00e8mes du petit peuple, la mis\u00e8re qui court les rues et surtout sur les mesures qui p\u00e9nalisent des \u00e9l\u00e8ves. <!--more--> <\/span><\/p>\n<p class=\"MsoNormal\"><span lang=\"FR\" style=\"font-family: 'Verdana','sans-serif'; mso-ansi-language: FR;\">Les m\u00eames qui ont condamn\u00e9 le capitalisme et le conservatisme seraient-ils devenus des pros du totalitarisme ? Les n\u00e9gociations pi\u00e9tinent et finissent par laisser place \u00e0 un silence lourd de grogne. Sommes-nous arriv\u00e9s au point o\u00f9 la tricherie sauvera des \u00e9l\u00e8ves ? Apparemment des rumeurs circulent et les m\u00e9dias en parlent (voir l\u2019express du 12 septembre 2016). Il parait que dans certains coll\u00e8ges, les recteurs et managers, hommes et femmes, ne souhaitent pas porter un coup \u00e0 la r\u00e9putation du coll\u00e8ge en faisant baisser le taux de r\u00e9ussite et en excluant les bons \u00e9l\u00e8ves qui peuvent top the list lors de la proclamation des r\u00e9sultats. <\/span><\/p>\n<p class=\"MsoNormal\"><span lang=\"FR\" style=\"font-family: 'Verdana','sans-serif'; mso-ansi-language: FR;\">Comment v\u00e9rifier toutes les preuves concr\u00e8tes sur le taux de pr\u00e9sence obligatoire ? Entre eux-m\u00eames, les \u00e9l\u00e8ves trouvent les moyens de contourner les proc\u00e9dures pour sauver leur peau. Steve Obeegadoo, en sa capacit\u00e9 d\u2019ancien ministre de l\u2019Education, avance avec raison le flou qui planait par rapport aux proc\u00e9dures. Son interrogation sur l\u2019absent\u00e9isme, \u00e0 savoir, \u00ab Les coll\u00e8ges sont-ils dot\u00e9s d\u2019un syst\u00e8me infaillible contre l\u2019absent\u00e9isme ? \u00bb d\u00e9montre que jusqu\u2019ici aucun coll\u00e8ge ne peut pr\u00e9tendre avoir contr\u00f4l\u00e9 efficacement les absences et les pr\u00e9sences en classe. <\/span><\/p>\n<p class=\"MsoNormal\"><span lang=\"FR\" style=\"font-family: 'Verdana','sans-serif'; mso-ansi-language: FR;\">Les registres fonctionnent un peu comme le syst\u00e8me \u00e9tabli de clock-in et de clock-out. Ce n\u2019est pas compliqu\u00e9 de faire croire que nous sommes dans les parages et que nous arrivons &#8211; mais quand ? Une minorit\u00e9 sera en classe pour ne pas d\u00e9roger aux r\u00e8glements. La majorit\u00e9 profite pour s\u2019\u00e9clipser en douce et pour faire ses devoirs et r\u00e9visions ailleurs. Les \u00e9l\u00e8ves l\u2019admettent sans vergogne : \u00ab Au dernier trimestre, si le syllabus est boucl\u00e9, on ne fait plus grand-chose. Pas la peine de marquer sa pr\u00e9sence et de jouer aux cartes alors que certains enseignants ne viennent m\u00eame pas en classe \u00bb. <\/span><\/p>\n<p class=\"MsoNormal\"><span lang=\"FR\" style=\"font-family: 'Verdana','sans-serif'; mso-ansi-language: FR;\">Et les r\u00e9visions ? Celles-ci ont lieu soit dans les cours priv\u00e9s \u00e0 titre individuel ou collectif, soit chez soi en toute tranquillit\u00e9 ! C\u2019est le syst\u00e8me qui le veut. On ne change pas ce syst\u00e8me du jour au lendemain. Il fallait d\u00e8s le mois de janvier \u00e9tablir un calendrier bien clair et expliquer toutes les suites f\u00e2cheuses de l\u2019\u00e9cole buissonni\u00e8re, de pr\u00e9f\u00e9rence pour les le\u00e7ons ou cours particuliers \u00e0 une classe normale, etc. Et encore, qu\u2019est-ce qu\u2019une classe normale quand les \u00e9l\u00e8ves se plaignent du manque de professeurs et du manque de classes ? <\/span><\/p>\n<p class=\"MsoNormal\"><span lang=\"FR\" style=\"font-family: 'Verdana','sans-serif'; mso-ansi-language: FR;\">Pourquoi cacher que l\u2019\u00e9cole a beaucoup perdu de sa vitalit\u00e9 ? Depuis un bon bout de temps, ne nous sommes-nous pas dirig\u00e9s \u00e0 contre-courant des objectifs de l\u2019\u00e9ducation : donner une chance \u00e0 tous ? Le vent de pessimisme qui souffle ces derniers temps ne doit pas faire oublier que les jeunes, pour beaucoup, sont des t\u00eates br\u00fbl\u00e9es. Un contre-pouvoir est dans les airs. Apr\u00e8s le monde de l\u2019Education fragilis\u00e9, ce sera le monde du Travail et ainsi de suite. Presque toutes les institutions subissent dans la foul\u00e9e des critiques. <\/span><\/p>\n<p class=\"MsoNormal\"><span lang=\"FR\" style=\"font-family: 'Verdana','sans-serif'; mso-ansi-language: FR;\">Les jeunes friment-ils en protestant contre les autorit\u00e9s ou ne veulent-ils pas d\u00e9bourser dans le vide ? C\u2019est que les parents doivent payer pour un time-table, pour un certificat ne se contentant pas de r\u00e9gulariser la situation de leur enfant. Une fois les examens termin\u00e9s, les protestations seront d\u2019une autre nature. Quelles places r\u00e9serv\u00e9es ? Quelles \u00e9tudes possibles ? Et dans quelle universit\u00e9 ? <\/span><\/p>\n<p class=\"MsoNormal\"><span lang=\"FR\" style=\"font-family: 'Verdana','sans-serif'; mso-ansi-language: FR;\">Il est bien r\u00e9volu ce temps o\u00f9 les jeunes pouvaient croire que leur avenir est garanti. Le salon de l\u2019\u00e9tudiant est-il le m\u00eame que le salon des m\u00e9tiers ? On veut bien choisir de suivre des cours, obliger les parents \u00e0 prendre des loans mais \u00e0 la fin de ces 3 ou 4 ans, que se passe-t-il ? On d\u00e9valorise tellement de m\u00e9tiers pour en glorifier d\u2019autres que l\u2019Education projette l\u2019image de produire des ch\u00f4meurs. On est venu au point d\u2019exporter nos dipl\u00f4m\u00e9s. <\/span><\/p>\n<p class=\"MsoNormal\"><span lang=\"FR\" style=\"font-family: 'Verdana','sans-serif'; mso-ansi-language: FR;\">Et pour cause ? R\u00e9duction du personnel dans tous les secteurs. M\u00eame dans les supermarch\u00e9s c\u2019est \u00e9vident : pas de manager \u00e0 plein temps, comptable \u00e0 mi-temps et 2 ou 3 caissi\u00e8res seulement pour les 10. Dans les banques, les bureaux de poste parmi tant d\u2019autres, la patience est \u00e0 bout. Quelques jeunes recrues se d\u00e9brouillent tant bien que mal ! Les autres sont sur des listes d\u2019attente et pour combien de temps ? Leur certificat ne sert \u00e0 rien pour l\u2019heure.<\/span><\/p>\n<p class=\"MsoNormal\"><span lang=\"FR\" style=\"font-family: 'Verdana','sans-serif'; mso-ansi-language: FR;\">Le monde de l\u2019\u00e9ducation, comme le monde de la justice et celui de la politique n\u2019inspire plus confiance. Le jeune est d\u00e9sabus\u00e9. Il attend mais ne tardera pas \u00e0 sortir de son \u00e9tat d\u2019hibernation.<\/span><\/p>\n","protected":false},"excerpt":{"rendered":"<p>A la veille des examens, tout est chamboul\u00e9. Les \u00e9l\u00e8ves protestent, les m\u00e9dias et les r\u00e9seaux sociaux en profitent pour souligner les torts des uns et des autres.<\/p>\n","protected":false},"author":10,"featured_media":0,"comment_status":"open","ping_status":"open","sticky":false,"template":"","format":"standard","meta":{"jetpack_post_was_ever_published":false,"_jetpack_newsletter_access":"","_jetpack_dont_email_post_to_subs":false,"_jetpack_newsletter_tier_id":0,"_jetpack_memberships_contains_paywalled_content":false,"_jetpack_memberships_contains_paid_content":false,"footnotes":"","jetpack_publicize_message":"","jetpack_publicize_feature_enabled":true,"jetpack_social_post_already_shared":false,"jetpack_social_options":{"image_generator_settings":{"template":"highway","default_image_id":0,"font":"","enabled":false},"version":2}},"categories":[21],"tags":[946,88,1836],"class_list":["post-4542","post","type-post","status-publish","format-standard","hentry","category-education","tag-education","tag-shakuntala-boolell","tag-steve-obeegadoo"],"jetpack_publicize_connections":[],"jetpack_featured_media_url":"","jetpack_sharing_enabled":true,"jetpack_shortlink":"https:\/\/wp.me\/p8QzSF-1bg","_links":{"self":[{"href":"https:\/\/www.mauritiustimes.com\/mt\/wp-json\/wp\/v2\/posts\/4542","targetHints":{"allow":["GET"]}}],"collection":[{"href":"https:\/\/www.mauritiustimes.com\/mt\/wp-json\/wp\/v2\/posts"}],"about":[{"href":"https:\/\/www.mauritiustimes.com\/mt\/wp-json\/wp\/v2\/types\/post"}],"author":[{"embeddable":true,"href":"https:\/\/www.mauritiustimes.com\/mt\/wp-json\/wp\/v2\/users\/10"}],"replies":[{"embeddable":true,"href":"https:\/\/www.mauritiustimes.com\/mt\/wp-json\/wp\/v2\/comments?post=4542"}],"version-history":[{"count":0,"href":"https:\/\/www.mauritiustimes.com\/mt\/wp-json\/wp\/v2\/posts\/4542\/revisions"}],"wp:attachment":[{"href":"https:\/\/www.mauritiustimes.com\/mt\/wp-json\/wp\/v2\/media?parent=4542"}],"wp:term":[{"taxonomy":"category","embeddable":true,"href":"https:\/\/www.mauritiustimes.com\/mt\/wp-json\/wp\/v2\/categories?post=4542"},{"taxonomy":"post_tag","embeddable":true,"href":"https:\/\/www.mauritiustimes.com\/mt\/wp-json\/wp\/v2\/tags?post=4542"}],"curies":[{"name":"wp","href":"https:\/\/api.w.org\/{rel}","templated":true}]}}