{"id":44837,"date":"2025-11-15T09:35:02","date_gmt":"2025-11-15T05:35:02","guid":{"rendered":"https:\/\/www.mauritiustimes.com\/mt\/?p=44837"},"modified":"2025-11-15T09:35:02","modified_gmt":"2025-11-15T05:35:02","slug":"rien-ne-va-se-passer-avec-le-depart-probable-du-mmm-du-gouvernement","status":"publish","type":"post","link":"https:\/\/www.mauritiustimes.com\/mt\/rien-ne-va-se-passer-avec-le-depart-probable-du-mmm-du-gouvernement\/","title":{"rendered":"&#8220;Rien ne va se passer avec le d\u00e9part probable du MMM du gouvernement&#8221;"},"content":{"rendered":"<h2><span style=\"color: #800000;\"><u>Rupture et R\u00e9formes : Jack Bizlall Face \u00e0 la Crise de l&#8217;Alliance du Changement<\/u><\/span><!--more--><\/h2>\n<p style=\"text-align: center;\"><span style=\"color: #ff0000;\"><strong><u>Interview\u00a0: <\/u><u>Jack Bizlall<\/u><\/strong><\/span><\/p>\n<p style=\"text-align: center;\"><span style=\"color: #ff0000;\"><strong><u><img data-recalc-dims=\"1\" loading=\"lazy\" decoding=\"async\" data-attachment-id=\"44839\" data-permalink=\"https:\/\/www.mauritiustimes.com\/mt\/rien-ne-va-se-passer-avec-le-depart-probable-du-mmm-du-gouvernement\/jack-bizlall-4-3\/\" data-orig-file=\"https:\/\/i0.wp.com\/www.mauritiustimes.com\/mt\/wp-content\/uploads\/2025\/11\/Jack-Bizlall-4.jpg?fit=1200%2C749&amp;ssl=1\" data-orig-size=\"1200,749\" data-comments-opened=\"1\" data-image-meta=\"{&quot;aperture&quot;:&quot;0&quot;,&quot;credit&quot;:&quot;&quot;,&quot;camera&quot;:&quot;&quot;,&quot;caption&quot;:&quot;&quot;,&quot;created_timestamp&quot;:&quot;0&quot;,&quot;copyright&quot;:&quot;&quot;,&quot;focal_length&quot;:&quot;0&quot;,&quot;iso&quot;:&quot;0&quot;,&quot;shutter_speed&quot;:&quot;0&quot;,&quot;title&quot;:&quot;&quot;,&quot;orientation&quot;:&quot;0&quot;}\" data-image-title=\"Jack Bizlall 4\" data-image-description=\"\" data-image-caption=\"\" data-large-file=\"https:\/\/i0.wp.com\/www.mauritiustimes.com\/mt\/wp-content\/uploads\/2025\/11\/Jack-Bizlall-4.jpg?fit=640%2C399&amp;ssl=1\" class=\"aligncenter size-full wp-image-44839\" src=\"https:\/\/i0.wp.com\/www.mauritiustimes.com\/mt\/wp-content\/uploads\/2025\/11\/Jack-Bizlall-4.jpg?resize=640%2C399&#038;ssl=1\" alt=\"\" width=\"640\" height=\"399\" srcset=\"https:\/\/i0.wp.com\/www.mauritiustimes.com\/mt\/wp-content\/uploads\/2025\/11\/Jack-Bizlall-4.jpg?w=1200&amp;ssl=1 1200w, https:\/\/i0.wp.com\/www.mauritiustimes.com\/mt\/wp-content\/uploads\/2025\/11\/Jack-Bizlall-4.jpg?resize=300%2C187&amp;ssl=1 300w, https:\/\/i0.wp.com\/www.mauritiustimes.com\/mt\/wp-content\/uploads\/2025\/11\/Jack-Bizlall-4.jpg?resize=1024%2C639&amp;ssl=1 1024w, https:\/\/i0.wp.com\/www.mauritiustimes.com\/mt\/wp-content\/uploads\/2025\/11\/Jack-Bizlall-4.jpg?resize=768%2C479&amp;ssl=1 768w\" sizes=\"auto, (max-width: 640px) 100vw, 640px\" \/><\/u><\/strong><\/span><\/p>\n<h3><span style=\"color: #800000;\">&#8216;Rien de pire ne va se passer sauf une r\u00e9surgence du MSM&#8217;<\/span><\/h3>\n<h3><span style=\"color: #800000;\">* &#8216;<strong>Si je dois d\u00e9crire notre soci\u00e9t\u00e9 sous le r\u00e9gime actuel, je dirai que c\u2019est comme une maison pas encore lib\u00e9r\u00e9e des rats&#8217;<\/strong><\/span><\/h3>\n<h3><span style=\"color: #800000;\"><strong>* &#8216;B\u00e9renger<\/strong><strong> n\u2019a jamais voulu \u00eatre le Premier ministre de la R\u00e9publique de Maurice. Il a toujours eu peur d\u2019\u00eatre rejet\u00e9&#8217;<\/strong><\/span><\/h3>\n<p><span style=\"color: #000000;\"><strong>La sc\u00e8ne politique mauricienne est secou\u00e9e par une crise majeure : le d\u00e9part imminent de Paul B\u00e9renger, leader du Mouvement Militant Mauricien (MMM), de l&#8217;Alliance du Changement. Cette rupture anticip\u00e9e de la cohabitation avec le Parti Travailliste (PTr) soul\u00e8ve des questions fondamentales sur l&#8217;avenir de l&#8217;agenda de r\u00e9formes du pays et sur les cons\u00e9quences politiques qui en d\u00e9coulent.<\/strong><\/span><\/p>\n<p><span style=\"color: #000000;\"><strong>Dans cet entretien sans concession (r\u00e9alis\u00e9 mercredi 12 novembre), le militant et observateur politique Jack Bizlall d\u00e9crypte la situation, allant au-del\u00e0 du simple th\u00e9\u00e2tre politique. Il minimise l&#8217;impact imm\u00e9diat du d\u00e9part du MMM, affirmant que \u00ab rien ne va se passer \u00bb, mais se montre alarmiste quant aux cons\u00e9quences plus larges. Pour Jack Bizlall, le c\u0153ur du probl\u00e8me n&#8217;est pas la tactique politicienne de Paul B\u00e9renger, mais le manquement du gouvernement \u00e0 ses devoirs fondamentaux, notamment sur l&#8217;\u00e2ge de la pension universelle et la n\u00e9cessit\u00e9 d&#8217;une v\u00e9ritable Deuxi\u00e8me R\u00e9publique.<\/strong><\/span><\/p>\n<p><span style=\"color: #000000;\"><strong>Il d\u00e9nonce le &#8220;tacticien&#8221; B\u00e9renger, qui agit &#8220;pour et par sa personne&#8221;, et critique la paralysie structurelle du gouvernement face aux enjeux vitaux tels que la s\u00e9curit\u00e9 sociale et la r\u00e9forme constitutionnelle. Jack Bizlall lance un vibrant appel \u00e0 l&#8217;action, insistant sur le devoir de faire progresser la civilisation mauricienne au-del\u00e0 des querelles partisanes.<\/strong><\/span><\/p>\n<p><span style=\"color: #000000;\"><strong><span style=\"color: #0000ff;\">Mauritius Times\u00a0:<\/span> \u00a0La tournure des \u00e9v\u00e8nements de ces derniers jours semble,<\/strong> <strong>\u00e0 l&#8217;heure o\u00f9 l&#8217;on parle, vers une rupture de la cohabitation entre le PTr et le MMM au sein de l\u2019Alliance du Changement \u2013 en raison du d\u00e9part probable de Paul B\u00e9renger, le leader du MMM, ainsi que certains fid\u00e8les qui devraient le suivre dans l\u2019opposition. Jusqu\u2019\u00e0 preuve du contraire, cette rupture apparait comme une conclusion in\u00e9luctable. Voyez-vous la situation autrement ?<\/strong><\/span><\/p>\n<p><span style=\"color: #000000;\"><span style=\"color: #800000;\"><strong>Jack Bizlall:<\/strong><\/span> Je peux affirmer, si cela est n\u00e9cessaire, que rien ne va se passer avec le d\u00e9part probable du MMM du gouvernement.<\/span><\/p>\n<p><span style=\"color: #000000;\">Personnellement je ne souhaite rien d\u2019autre que le PTr et le MMM, comme ce fut le cas dans le pass\u00e9, ne s\u2019associent plus apr\u00e8s avec le MSM. Ils sont les responsables de la gestion du pays par le MSM.<\/span><\/p>\n<p><span style=\"color: #000000;\">Notre fond commun de civilisation a prim\u00e9 lors des derni\u00e8res \u00e9lections par la d\u00e9faite du MSM. C\u2019est cela le plus important quand on analyse la situation actuelle. Tout mais pas le retour du MSM que j\u2019ai qualifi\u00e9 de parti politique propri\u00e9t\u00e9 de la famille Jugnauth et ainsi antir\u00e9publicain.<\/span><\/p>\n<p><span style=\"color: #000000;\">Quant \u00e0 B\u00e9renger, il va se retrouver, comme dans le pass\u00e9 &#8212; s\u2019il d\u00e9cide de s\u2019imposer sur les questions secondaires pour \u00e9touffer les questions touchant Di\u00e9go et l\u2019\u00e2ge de la retraite \u2013 Leader de l\u2019Opposition \u00e0 moins que cette fonction ne soit assum\u00e9e par sa fille.<\/span><\/p>\n<p><span style=\"color: #000000;\">En tout cas, ce dont nous avons \u00e9t\u00e9 amen\u00e9s \u00e0 \u00eatre t\u00e9moins ces derniers jours, tout cela n&#8217;est que du th\u00e9\u00e2tre. Comme l\u2019affirmait Shakespeare &#8216;<strong>le monde entier est un th\u00e9\u00e2tre et tous, hommes et femmes, n\u2019en sont que des acteurs.&#8217;<\/strong><\/span><\/p>\n<p><span style=\"color: #000000;\"><strong>* Quoi qu&#8217;il en soit, il y a bien eu des contentieux : les nominations, la lenteur des r\u00e9formes et l\u2019affaire Ravatomanga ont soulev\u00e9 des d\u00e9saccords. Mais il para\u00eet que la cause principale de la d\u00e9marche de Paul B\u00e9renger serait la r\u00e9forme du syst\u00e8me \u00e9lectoral. Ce serait le point de rupture qui aurait acc\u00e9l\u00e9r\u00e9 sa d\u00e9cision. Faites-vous une analyse diff\u00e9rente?<\/strong><\/span><\/p>\n<p><span style=\"color: #000000;\">Effectivement. Permettez-moi de poser la question autrement : Que retient le plus la population ? L\u2019\u00e2ge de la retraite ou la baisse du prix de l\u2019essence ?<\/span><\/p>\n<p><span style=\"color: #000000;\">Le gouvernement doit absolument comprendre une chose : que l\u2019on retourne vers l\u2019\u00e2ge de la pension universelle \u00e0 60 ans. Cela affecte toute la population. L\u2019essence n&#8217;est la pr\u00e9occupation que des propri\u00e9taires de voitures. Ces derniers suivent le cours du p\u00e9trole \u2013 de 125 dollars en 2008 le baril \u00e0 79 dollars en janvier 2025.<\/span><\/p>\n<p><span style=\"color: #000000;\">L\u2019affaire de Madagascar. Il n\u2019y avait qu\u2019une d\u00e9cision \u00e0 prendre, celle d\u2019arr\u00eater toute personne ayant commis un crime p\u00e9nal \u00e0 Madagascar, saisir tout argent non d\u00e9clar\u00e9 ou qui aurait \u00e9t\u00e9 obtenu ill\u00e9galement ; geler tout avoir que le gouvernement malgache peut r\u00e9clamer et r\u00e9cup\u00e9rer\u2026<\/span><\/p>\n<p><span style=\"color: #000000;\">Quant \u00e0 la protection du Pr\u00e9sident malgache, je tiens \u00e0 faire rappeler l\u2019assassinat du Pr\u00e9sident Richard Ratsimandrava en 1975. La population mauricienne n\u2019a pas de pulsions collectives mortif\u00e8res. Le dernier Pr\u00e9sident a fui Madagascar pour prot\u00e9ger sa vie. Sous les gouvernements militaires, Madagascar a \u00e9norm\u00e9ment souffert.<\/span><\/p>\n<p><span style=\"color: #000000;\"><strong>* Je dois reprendre la question de la r\u00e9forme \u00e9lectorale :<\/strong><strong> Si c\u2019est effectivement cette r\u00e9forme \u2014 enjeu sensible touchant \u00e0 la structure du pouvoir \u2014 qui constitue le point de d\u00e9saccord majeur entre les deux leaders, la question centrale est de savoir si Paul B\u00e9renger cherche ainsi \u00e0 obtenir l&#8217;introduction d&#8217;une part de repr\u00e9sentation proportionnelle garantissant au MMM une position incontournable sur l\u2019\u00e9chiquier politique. Qu\u2019en pensez-vous ?<\/strong><\/span><\/p>\n<p><span style=\"color: #000000;\">Cette approche ram\u00e8ne la &#8220;r\u00e9forme constitutionnelle&#8221; \u00e0 la seule question \u00e9lectorale (principalement), au d\u00e9triment de l&#8217;essence d&#8217;une Deuxi\u00e8me R\u00e9publique et d&#8217;un projet de soci\u00e9t\u00e9 plus vaste.<\/span><\/p>\n<p><span style=\"color: #000000;\">L&#8217;analyse de l&#8217;approche de B\u00e9renger r\u00e9v\u00e8le une dimension purement tactique : il agit dans le cadre de conjonctures politiques qui lui sont d\u00e9favorables. Il n&#8217;est qu&#8217;un tacticien (certes tr\u00e8s talentueux) qui cherche avant tout \u00e0 r\u00e9soudre des probl\u00e8mes li\u00e9s \u00e0 sa personne et \u00e0 son parti, fonctionnant selon une logique du \u00ab pour et par sa personne \u00bb. Sa d\u00e9marche ne vise pas prioritairement l&#8217;int\u00e9r\u00eat g\u00e9n\u00e9ral ni l&#8217;ensemble du pays.<\/span><\/p>\n<p><span style=\"color: #000000;\">Je lui sugg\u00e9rerais, en tant qu\u2019ami, de retourner \u00e0 son individualit\u00e9 (le pour-soi) et de rejeter l\u2019individualisme (le &#8220;que pour soi&#8221;), qui l\u2019anime depuis l&#8217;enfance &#8212; j\u2019en ai parl\u00e9 souvent avec Frappier, qui le conna\u00eet depuis son enfance &#8212; il devrait savoir qu\u2019il y a de plus grandes choses \u00e0 accomplir.<\/span><\/p>\n<p><span style=\"color: #000000;\">Nous avons le devoir et l&#8217;obligation de changer de constitution pour faire progresser notre civilisation. Le simple terme de \u00ab r\u00e9forme \u00bb (dans le sens d&#8217;ajustement partiel) risque de faire exploser ce pays par le populisme de tous les bords. Seul un changement constitutionnel profond, \u00e9cartant l&#8217;id\u00e9e de simples ajustements \u00e9lectoraux au profit d&#8217;une nouvelle architecture institutionnelle, permettra d&#8217;atteindre cet objectif.<\/span><\/p>\n<p><span style=\"color: #000000;\"><strong>* Mais, si la rupture se concr\u00e9tise<\/strong><strong> \u2014 \u00e0 br\u00e8ve \u00e9ch\u00e9ance ou ult\u00e9rieurement \u2014, envisagez-vous que Paul B\u00e9renger assume la fonction de Leader de l\u2019Opposition ?<\/strong><\/span><\/p>\n<p><span style=\"color: #000000;\">Comme je vous l&#8217;ai dit, rien de pire ne va se passer <strong>si ce n&#8217;est<\/strong> une r\u00e9surgence du MSM en cas de cassure de l&#8217;alliance PTr-MMM. Si B\u00e9renger reste au Gouvernement, qu\u2019il assume son r\u00f4le \u00e0 faire passer des d\u00e9cisions en faveur de la population mauricienne, rodriguaise, agal\u00e9enne et chagossienne.<\/span><\/p>\n<p><span style=\"color: #000000;\">Je parle ici de multiples s\u00e9curit\u00e9s sociales. De la Pension \u00e0 Diego Garcia ; de l\u2019\u00e9ducation d\u2019assertion de la personne humaine au lieu de l\u2019insertion dans le syst\u00e8me capitaliste ; de la Deuxi\u00e8me R\u00e9publique. La liste est longue.<\/span><\/p>\n<p><span style=\"color: #000000;\">Je parle ici de multiples s\u00e9curit\u00e9s sociales. De la Pension \u00e0 Diego Garcia, de l\u2019\u00e9ducation d\u2019assertion de la personne humaine au lieu de l\u2019insertion dans le syst\u00e8me capitaliste, de la Deuxi\u00e8me R\u00e9publique&#8230; La liste est longue.<\/span><\/p>\n<p><span style=\"color: #000000;\">S\u2019il retourne \u00e0 sa position de pr\u00e9dilection, qui est la fonction de Leader de l\u2019Opposition, il se sentirait heureux. Il n\u2019a jamais voulu \u00eatre le Premier ministre de la R\u00e9publique de Maurice. Il a toujours eu peur d\u2019\u00eatre rejet\u00e9. Il y a beaucoup de peurs inconscientes en lui. Question de savoir-\u00eatre. Il aurait fallu qu\u2019il d\u00e9veloppe un certain nombre de qualit\u00e9s personnelles. Ce n\u2019est pas une question de comp\u00e9tences seulement, mais c\u2019est surtout des questions comportementales et relationnelles ici.<\/span><\/p>\n<p><span style=\"color: #000000;\">Comme Leader de l\u2019Opposition, il pourra faire valoir son savoir essentiellement \u00e9conomique et r\u00e9duire son savoir-\u00eatre \u00e0 \u00e9muler Raymond Poulidor.<\/span><\/p>\n<p><span style=\"color: #000000;\"><strong>* Au-del\u00e0 du leadership de l\u2019opposition, comme dans le cas du Parti Travailliste, la question de la rel\u00e8ve ou de la succession de leadership pourrait se poser avant la fin du second mandat \u2013 un sujet \u00e0 propos duquel les leaders concern\u00e9s vont probablement discuter en priv\u00e9, puis \u00e9ventuellement, ils en d\u00e9battront au sein de leur parti respectif. Voyez-vous Johanna B\u00e9renger jouer un r\u00f4le dans cette \u00e9quation pour le MMM ?<\/strong><\/span><\/p>\n<p><span style=\"color: #000000;\">Il faut vous demander pourquoi certains de nos dirigeants ne veulent pas passer \u00e0 la Deuxi\u00e8me R\u00e9publique. Dans les faits il y a <strong>trois<\/strong> \u00e9l\u00e9ments qu\u2019ils ne veulent pas changer.<\/span><\/p>\n<p><span style=\"color: #000000;\">(1) Notre Constitution ne parle pas de partis politiques. Une modification de la Constitution permettra \u00e0 la d\u00e9mocratie r\u00e9publicaine de pr\u00e9valoir au sein de tous les partis politiques.<\/span><\/p>\n<p><span style=\"color: #000000;\">(2) La fonction de Leader est telle que la personne qui l&#8217;assume est susceptible de recevoir des dons en son nom. On parle des fonds malgaches dans nos banques. Pourquoi ne pas parler des fonds mauriciens \u00e0 Madagascar, aux Seychelles, \u00e0 Singapour et ailleurs ?<\/span><\/p>\n<p><span style=\"color: #000000;\">(3) Le Premier ministre contr\u00f4le <strong>toutes<\/strong> les personnes qu\u2019il nomme \u00e0 la Pr\u00e9sidence du pays, \u00e0 la Banque de Maurice, comme \u00e0 la FCC, \u00e0 la Police, etc.<\/span><\/p>\n<p><span style=\"color: #000000;\">D\u00e9j\u00e0 au sein du MMM, les membres de la famille de B\u00e9renger se mettent de l\u2019avant, comme para\u00eet-il ce serait le cas de son gendre. Les autres partis politiques suivent la m\u00eame logique, y compris pour Ramgoolam. Il y a sans doute un devoir paternel de leur part. Seul Ramgoolam p\u00e8re n&#8217;aurait pas exprim\u00e9 le d\u00e9sir de voir son fils devenir Premier ministre.<\/span><\/p>\n<p><span style=\"color: #000000;\"><strong>* La m\u00eame question de la succession \u00e0 la t\u00eate du Parti Travailliste se posera in\u00e9luctablement. Le choix de successeurs possibles semble assez restreint : le vivier de nouveaux leaders est-il vraiment si limit\u00e9 ?<\/strong><\/span><\/p>\n<p><span style=\"color: #000000;\">Au sein du Parti Travailliste on a compl\u00e8tement oubli\u00e9 le Travaillisme, concept politique import\u00e9 de la Grand Bretagne et appliqu\u00e9 par les partis politiques progressistes dans toutes les colonies de l\u2019Angleterre.<\/span><\/p>\n<p><span style=\"color: #000000;\">Or le Parti Travailliste \u00e0 Maurice s\u2019est compl\u00e8tement \u00e9cart\u00e9 des acquis du Travaillisme en s\u2019attaquant \u00e0 l\u2019\u00e2ge de la retraite et la pension universelle.<\/span><\/p>\n<p><span style=\"color: #000000;\">Pour l\u2019instant, il n\u2019y a personne qui se place comme h\u00e9ritier.<\/span><\/p>\n<p><span style=\"color: #000000;\">Le seul souhait est que ceux qui tournent autour de Ramgoolam sortent du Macronisme qui affecte doublement le gouvernement fran\u00e7ais. Les suiveurs de Ramgoolam sont dangereux pour la population.<\/span><\/p>\n<p><span style=\"color: #000000;\">Pour que l\u2019on puisse se rapporter au travaillisme et au militantisme on \u00e9rigera bient\u00f4t une st\u00e8le aux salines pour des rassemblements chaque 12 mars. Il faut parler des travaillistes jusqu\u2019\u00e0 1958 pour \u00e9voquer un \u00ab Travaillisme revival \u00bb.<\/span><\/p>\n<p><span style=\"color: #000000;\"><strong>* En attendant, si la rupture se concr\u00e9tise, estimez-vous que le programme de r\u00e9forme \u2013 d\u00e9j\u00e0 tr\u00e8s ambitieux \u2013 sera compromis dans une large mesure ou le blocage et la lenteur dans la mise en \u0153uvre de certaines r\u00e9formes \u00e9taient-ils d\u00e9j\u00e0 d\u00fbs \u00e0 cette alliance de deux partis aux id\u00e9ologies et aux int\u00e9r\u00eats distincts dans certains secteurs sp\u00e9cifiques ? <\/strong>Parlons justement des r\u00e9formes pr\u00e9sentes comme une finalit\u00e9 par les tenants du pouvoir.<\/span><\/p>\n<p><span style=\"color: #000000;\">Comment porter notre attention aux r\u00e9formes budg\u00e9taires quand:<\/span><\/p>\n<p><span style=\"color: #000000;\">(1) Sur le plan mondial il n\u2019y a <strong>aucune<\/strong> politique d\u00e9gag\u00e9e face aux inepties de Trump, \u00e0 l\u2019alternative du Brexit, la d\u00e9militarisation de l\u2019oc\u00e9an Indien, notre silence face \u00e0 la guerre entre Isra\u00ebl et des organisations palestiniennes irresponsables, notre silence face \u00e0 la guerre entre la Russie et l\u2019Ukraine\u2026 Le silence du r\u00e9gime peut-il \u00eatre interpr\u00e9t\u00e9 comme un signe positif?<\/span><\/p>\n<p><span style=\"color: #000000;\">\u00a0(2) Sur le plan du pays dans son ensemble, comment allons-nous satisfaire les populations mauriciennes, rodriguaises, chagossiennes et agal\u00e9enes sans une politique coh\u00e9rente de la s\u00e9curit\u00e9 sociale qui concerne <strong>chaque<\/strong> minist\u00e8re, et ainsi <strong>tous<\/strong> les ministres.<\/span><\/p>\n<p><span style=\"color: #000000;\">(3) Sur le plan des classes sociales et des cat\u00e9gories sociales de notre R\u00e9publique et de son ensemble, jusqu\u2019\u00e0 quand maintiendrons-nous la Constitution actuelle qui est au service des pouvoiristes de toutes sortes\u00a0?<\/span><\/p>\n<p><span style=\"color: #000000;\">(4) Sur le plan individuel, c\u2019est l\u2019<strong>abandon<\/strong> g\u00e9n\u00e9ralis\u00e9. Il y a des centaines de personnes licenci\u00e9es. Qui s\u2019en occupe ? Il y a des milliers de sans-logis. Qui s\u2019en occupe ? Il y a des milliers de personnes d\u00e9pendantes de drogues de synth\u00e8se. Qui s\u2019en occupe ?<\/span><\/p>\n<p><span style=\"color: #000000;\">Si je dois d\u00e9crire notre soci\u00e9t\u00e9 sous le r\u00e9gime actuel, je dirai que c\u2019est comme une maison pas encore lib\u00e9r\u00e9e des rats, des toiles d\u2019araign\u00e9es, de la poussi\u00e8re accumul\u00e9e, de l\u2019odeur de moisi et surtout des souvenirs du pass\u00e9, pas tr\u00e8s heureux.<\/span><\/p>\n<p><span style=\"color: #000000;\"><strong>* <\/strong><strong>Il y a sans doute une am\u00e9lioration du climat d\u00e9mocratique depuis l&#8217;arriv\u00e9e au pouvoir du gouvernement de l\u2019Alliance pour le Changement, mais quelles seraient les r\u00e9percussions directes d\u2019une cassure de cette alliance sur la soci\u00e9t\u00e9 mauricienne ?<\/strong><\/span><\/p>\n<p><span style=\"color: #000000;\">Il ne fait aucun doute que nous tous attendions un changement sur le plan de la d\u00e9mocratie.<\/span><\/p>\n<p><span style=\"color: #000000;\">Je dois vous dire que <strong>rien<\/strong> au fond n\u2019a chang\u00e9 jusqu\u2019\u00e0 l\u2019heure. Avec des nominations incestueuses. Certains ont \u00e9t\u00e9 les vecteurs de la d\u00e9ch\u00e9ance de MK par exemple, ils ont \u00e9t\u00e9 retourn\u00e9s sans discernement.<\/span><\/p>\n<p><span style=\"color: #000000;\">Parlons-en des pratiques au sein de la police, de l\u2019exploitation des banques touchant principalement les salaires, des accaparements qui continuent, etc.<\/span><\/p>\n<p><span style=\"color: #000000;\">La d\u00e9mocratie, qu\u2019est-ce que c\u2019est, sinon le pouvoir au peuple\u00a0? Ce pouvoir a \u00e9t\u00e9 transmis aux d\u00e9put\u00e9s de l\u2019Assembl\u00e9e nationale et \u00e0 des membres de tr\u00e8s importantes institutions constitutionnelles.<\/span><\/p>\n<p><span style=\"color: #000000;\">Suite \u00e0 un constat de la situation, croyez- vous que si des \u00e9lections se tiennent demain, ceux aux pouvoir seront en mesure d\u2019obtenir une majorit\u00e9 ? La r\u00e9ponse est d\u00e9finitivement non.<\/span><\/p>\n<p><span style=\"color: #000000;\">Il existe certes des partis politiques hors de l\u2019assembl\u00e9e nationale. Il faudra sans tarder les prendre en consid\u00e9ration. Trop de technocrates, d\u2019\u00e9tatistes et de populistes, dans leurs rangs. Certains vont retourner au bercail du pouvoir. Plusieurs ont \u00e9t\u00e9 des ministres du MSM.<\/span><\/p>\n<p><span style=\"color: #000000;\"><strong>* Avec une grande partie de la population d\u00e9j\u00e0 sensibilis\u00e9e par la r\u00e9forme de la pension de vieillesse, la question des affaires de l\u2019\u00c9tat ne risque-t-elle pas de devenir encore plus probl\u00e9matique en cas de rupture de l&#8217;alliance gouvernementale, notamment en termes de soutien populaire aux futures r\u00e9formes ?<\/strong><\/span><\/p>\n<p><span style=\"color: #000000;\">Je partage totalement ce point de vue. Le risque ici, comme cela existe en Angleterre et en France surtout, c\u2019est une polarisation des extr\u00eames motiv\u00e9s par les consid\u00e9rations populistes.<\/span><\/p>\n<p><span style=\"color: #000000;\">Quand j\u2019\u00e9coute Marine Le Pen et Jean-Luc M\u00e9lenchon, je me dis que la France est dans la merde. C\u2019est dans ce contexte que j\u2019ai \u00e9crit d\u2019ailleurs au Pr\u00e9sident de la R\u00e9publique fran\u00e7aise, pour lui proposer de passer \u00e0 la Sixi\u00e8me R\u00e9publique et surtout qu\u2019il se d\u00e9barrasse de ses pouvoirs r\u00e9galiens.<\/span><\/p>\n<p><span style=\"color: #000000;\">Mon action se poursuivra sans rel\u00e2che. Je m&#8217;adresserai aux d\u00e9tenteurs du pouvoir dans leurs fonctions respectives, comme je l&#8217;ai fait par le pass\u00e9. Mon objectif est de construire plusieurs proto-alternatives dans tous les champs o\u00f9 je milite.<\/span><\/p>\n<hr \/>\n<p><span style=\"color: #ff6600;\">Mauritius Times ePaper Friday 14 November 2025<\/span><\/p>\n","protected":false},"excerpt":{"rendered":"<p>Rupture et R\u00e9formes : Jack Bizlall Face \u00e0 la Crise de l&#8217;Alliance du Changement<\/p>\n","protected":false},"author":1,"featured_media":44838,"comment_status":"open","ping_status":"open","sticky":false,"template":"","format":"standard","meta":{"jetpack_post_was_ever_published":false,"_jetpack_newsletter_access":"","_jetpack_dont_email_post_to_subs":false,"_jetpack_newsletter_tier_id":0,"_jetpack_memberships_contains_paywalled_content":false,"_jetpack_memberships_contains_paid_content":false,"footnotes":"","jetpack_publicize_message":"","jetpack_publicize_feature_enabled":true,"jetpack_social_post_already_shared":true,"jetpack_social_options":{"image_generator_settings":{"template":"highway","default_image_id":0,"font":"","enabled":false},"version":2}},"categories":[32,6],"tags":[57465,48529,57463,57464,54669,57461,57459,147,55229,381,214,11375,213,36,814,280,57462,314,49,44058,22749,57467,57468,1814,47331,4116,19430,57466,44871,57460,45505],"class_list":["post-44837","post","type-post","status-publish","format-standard","has-post-thumbnail","hentry","category-interviews","category-latest-news","tag-abandon-generalise","tag-alliance-du-changement","tag-antirepublicain","tag-changement-constitutionnel","tag-classes-sociales","tag-constitutionnelle","tag-crise-majeure","tag-deuxieme-republique","tag-drogues-de-synthese","tag-interview-jack-bizlall","tag-jean-luc-melenchon","tag-leader-de-lopposition","tag-marine-le-pen","tag-mauritius-times","tag-mmm","tag-msm","tag-msm-jugnauth","tag-parti-travailliste","tag-paul-berenger","tag-populisme","tag-pouvoir","tag-pouvoirs-regaliens","tag-proto-alternatives","tag-reforme-electorale","tag-reformes","tag-representation-proportionnelle","tag-rupture","tag-sans-logis","tag-securite-sociale","tag-tactique-politicienne","tag-theatre"],"jetpack_publicize_connections":[],"jetpack_featured_media_url":"https:\/\/i0.wp.com\/www.mauritiustimes.com\/mt\/wp-content\/uploads\/2025\/11\/Jack-Bizlall-1.jpg?fit=1200%2C790&ssl=1","jetpack_sharing_enabled":true,"jetpack_shortlink":"https:\/\/wp.me\/p8QzSF-bFb","_links":{"self":[{"href":"https:\/\/www.mauritiustimes.com\/mt\/wp-json\/wp\/v2\/posts\/44837","targetHints":{"allow":["GET"]}}],"collection":[{"href":"https:\/\/www.mauritiustimes.com\/mt\/wp-json\/wp\/v2\/posts"}],"about":[{"href":"https:\/\/www.mauritiustimes.com\/mt\/wp-json\/wp\/v2\/types\/post"}],"author":[{"embeddable":true,"href":"https:\/\/www.mauritiustimes.com\/mt\/wp-json\/wp\/v2\/users\/1"}],"replies":[{"embeddable":true,"href":"https:\/\/www.mauritiustimes.com\/mt\/wp-json\/wp\/v2\/comments?post=44837"}],"version-history":[{"count":1,"href":"https:\/\/www.mauritiustimes.com\/mt\/wp-json\/wp\/v2\/posts\/44837\/revisions"}],"predecessor-version":[{"id":44840,"href":"https:\/\/www.mauritiustimes.com\/mt\/wp-json\/wp\/v2\/posts\/44837\/revisions\/44840"}],"wp:featuredmedia":[{"embeddable":true,"href":"https:\/\/www.mauritiustimes.com\/mt\/wp-json\/wp\/v2\/media\/44838"}],"wp:attachment":[{"href":"https:\/\/www.mauritiustimes.com\/mt\/wp-json\/wp\/v2\/media?parent=44837"}],"wp:term":[{"taxonomy":"category","embeddable":true,"href":"https:\/\/www.mauritiustimes.com\/mt\/wp-json\/wp\/v2\/categories?post=44837"},{"taxonomy":"post_tag","embeddable":true,"href":"https:\/\/www.mauritiustimes.com\/mt\/wp-json\/wp\/v2\/tags?post=44837"}],"curies":[{"name":"wp","href":"https:\/\/api.w.org\/{rel}","templated":true}]}}