{"id":44655,"date":"2025-10-17T22:24:19","date_gmt":"2025-10-17T18:24:19","guid":{"rendered":"https:\/\/www.mauritiustimes.com\/mt\/?p=44655"},"modified":"2025-10-17T22:24:19","modified_gmt":"2025-10-17T18:24:19","slug":"gen-z-il-nexiste-pas-reellement-de-tradition-revolutionnaire-a-maurice","status":"publish","type":"post","link":"https:\/\/www.mauritiustimes.com\/mt\/gen-z-il-nexiste-pas-reellement-de-tradition-revolutionnaire-a-maurice\/","title":{"rendered":"Gen Z: &#8220;Il n\u2019existe pas r\u00e9ellement de tradition r\u00e9volutionnaire \u00e0 Maurice&#8230;"},"content":{"rendered":"<h2><span style=\"color: #800000;\"><strong>&#8230; m\u00eame nos pseudos r\u00e9volutionnaires ont tr\u00e8s vite \u00e9t\u00e9 absorb\u00e9s par le syst\u00e8me&#8221;<\/strong><\/span><!--more--><\/h2>\n<h5 style=\"text-align: center;\"><span style=\"color: #800000;\"><u>Interview\u00a0: Jocelyn Chan Low<\/u><\/span><\/h5>\n<h5 style=\"text-align: center;\"><span style=\"color: #800000;\"><u><img data-recalc-dims=\"1\" loading=\"lazy\" decoding=\"async\" data-attachment-id=\"44007\" data-permalink=\"https:\/\/www.mauritiustimes.com\/mt\/ramgoolam-et-berenger-termineront-sans-doute-ensemble-leur-mandat-de-5-ans\/jocelyn-chan-low-3-3\/\" data-orig-file=\"https:\/\/i0.wp.com\/www.mauritiustimes.com\/mt\/wp-content\/uploads\/2025\/08\/Jocelyn-Chan-Low-3.jpg?fit=1200%2C841&amp;ssl=1\" data-orig-size=\"1200,841\" data-comments-opened=\"1\" data-image-meta=\"{&quot;aperture&quot;:&quot;0&quot;,&quot;credit&quot;:&quot;&quot;,&quot;camera&quot;:&quot;&quot;,&quot;caption&quot;:&quot;&quot;,&quot;created_timestamp&quot;:&quot;0&quot;,&quot;copyright&quot;:&quot;&quot;,&quot;focal_length&quot;:&quot;0&quot;,&quot;iso&quot;:&quot;0&quot;,&quot;shutter_speed&quot;:&quot;0&quot;,&quot;title&quot;:&quot;&quot;,&quot;orientation&quot;:&quot;0&quot;}\" data-image-title=\"Jocelyn Chan Low 3\" data-image-description=\"\" data-image-caption=\"\" data-large-file=\"https:\/\/i0.wp.com\/www.mauritiustimes.com\/mt\/wp-content\/uploads\/2025\/08\/Jocelyn-Chan-Low-3.jpg?fit=640%2C449&amp;ssl=1\" class=\"aligncenter size-full wp-image-44007\" src=\"https:\/\/i0.wp.com\/www.mauritiustimes.com\/mt\/wp-content\/uploads\/2025\/08\/Jocelyn-Chan-Low-3.jpg?resize=640%2C449&#038;ssl=1\" alt=\"\" width=\"640\" height=\"449\" srcset=\"https:\/\/i0.wp.com\/www.mauritiustimes.com\/mt\/wp-content\/uploads\/2025\/08\/Jocelyn-Chan-Low-3.jpg?w=1200&amp;ssl=1 1200w, https:\/\/i0.wp.com\/www.mauritiustimes.com\/mt\/wp-content\/uploads\/2025\/08\/Jocelyn-Chan-Low-3.jpg?resize=300%2C210&amp;ssl=1 300w, https:\/\/i0.wp.com\/www.mauritiustimes.com\/mt\/wp-content\/uploads\/2025\/08\/Jocelyn-Chan-Low-3.jpg?resize=1024%2C718&amp;ssl=1 1024w, https:\/\/i0.wp.com\/www.mauritiustimes.com\/mt\/wp-content\/uploads\/2025\/08\/Jocelyn-Chan-Low-3.jpg?resize=768%2C538&amp;ssl=1 768w\" sizes=\"auto, (max-width: 640px) 100vw, 640px\" \/><\/u><\/span><\/h5>\n<h3><span style=\"color: #800000;\"><strong>\u00a0* &#8216;En cas de Rupture de l&#8217;Alliance : Paul B\u00e9renger sera-t-il suivi par ses ministres et d\u00e9put\u00e9s du MMM ?&#8217;<\/strong><\/span><\/h3>\n<h3><span style=\"color: #800000;\"><strong>* &#8216;Il se pourrait que la r\u00e9volte des Gen Z de 2025 ne soit qu\u2019un \u00ab trailer \u00bb de choses \u00e0 venir&#8217;<\/strong><\/span><\/h3>\n<p><span style=\"color: #000000;\"><strong>Dans un monde travers\u00e9 par les in\u00e9galit\u00e9s, la corruption et les crises \u00e9cologiques, une nouvelle g\u00e9n\u00e9ration se l\u00e8ve: la G\u00e9n\u00e9ration Z. De l&#8217;Asie \u00e0 l&#8217;Am\u00e9rique latine, en passant par l&#8217;Afrique, ces jeunes n\u00e9s \u00e0 l&#8217;ombre du lib\u00e9ralisme triomphant des ann\u00e9es 1990 refusent aujourd&#8217;hui l&#8217;h\u00e9ritage d&#8217;un syst\u00e8me \u00e9puis\u00e9 et moralement discr\u00e9dit\u00e9. Ils se r\u00e9voltent non seulement contre la mis\u00e8re, la corruption ou le n\u00e9potisme, mais contre une forme d&#8217;injustice syst\u00e9mique qui leur vole l&#8217;avenir. \u00c0 travers les r\u00e9seaux sociaux, leurs cris de col\u00e8re deviennent viraux, leurs luttes locales prennent une dimension plan\u00e9taire. Dans cet entretien avec <em>Mauritius Times<\/em>, Jocelyn Chan Low d\u00e9crypte les raisons profondes de cette insurrection g\u00e9n\u00e9rationnelle et s&#8217;interroge sur son possible impact \u00e0 Maurice.<\/strong><\/span><\/p>\n<p><span style=\"color: #000000;\"><strong>Mauritius Times: Qu&#8217;est-ce qui, selon vous, pousse la G\u00e9n\u00e9ration Z \u00e0 se soulever aux quatre coins du monde ? Le constat g\u00e9n\u00e9ral est que les probl\u00e8mes sp\u00e9cifiques (comme les coupures d&#8217;eau et d&#8217;\u00e9lectricit\u00e9 \u00e0 Madagascar) ne sont souvent que l&#8217;\u00e9tincelle qui met le feu aux poudres car le m\u00e9contentement syst\u00e9mique bien plus profond. N&#8217;est-ce pas la corruption qui en est la racine <\/strong><strong>principale ?<\/strong><\/span><\/p>\n<p><span style=\"color: #000000;\"><strong>Jocelyn Chan Low<\/strong>: Si l\u2019on se r\u00e9f\u00e8re aux slogans des divers mouvements qui agitent le drapeau pirate du manga &#8220;One Piece&#8221; d\u2019Eiichiro Oda devenu aujourd\u2019hui le symbole de la r\u00e9volte des Gen Z, c\u2019est effectivement contre la corruption g\u00e9n\u00e9ralis\u00e9e des dirigeants de leurs pays respectifs qu\u2019ils se dressent. Des Philippines \u00e0 l\u2019Indon\u00e9sie, du N\u00e9pal \u00e0 Madagascar, du P\u00e9rou \u00e0 l\u2019Equateur, du Maroc \u00e0 Timor Leste, c\u2019est surtout contre les abus d\u2019une caste de politiciens trop soucieux de leurs poches et de leurs proches que du bien-\u00eatre de leur population.<\/span><\/p>\n<p><span style=\"color: #000000;\">Par exemple au P\u00e9rou, en juillet 2025, en pleine crise \u00e9conomique, la pr\u00e9sidente Dina Boluarte avait doubl\u00e9 son salaire alors que le peuple plongeait dans la mis\u00e8re. On voit le m\u00eame sch\u00e9ma en Indon\u00e9sie o\u00f9 les d\u00e9put\u00e9s, d\u00e9j\u00e0 grassement r\u00e9mun\u00e9r\u00e9s, avaient vot\u00e9 une loi s\u2019octroyant des augmentations de salaires en pleine crise \u00e9conomique.<\/span><\/p>\n<p><span style=\"color: #000000;\">\u00c0 Timor Leste, c\u2019est l\u2019achat de SUVs \u00e0 remettre aux d\u00e9put\u00e9s qui avait provoqu\u00e9 de violentes manifestations, contraignant le parlement \u00e0 mettre fin \u00e0 la pension \u00e0 vie pour d\u00e9put\u00e9s et ministres.<\/span><\/p>\n<p><span style=\"color: #000000;\">Au Maroc, la protestation est li\u00e9e \u00e0 la d\u00e9cision de privil\u00e9gier des d\u00e9penses li\u00e9es \u00e0 la coupe du monde alors que la situation dans les h\u00f4pitaux se d\u00e9grade provoquant le d\u00e9c\u00e8s des femmes enceintes.<\/span><\/p>\n<p><span style=\"color: #000000;\">Aux Philippines, c\u2019est le d\u00e9tournement de millions de dollars par des politiciens, contracteurs et officiels, souvent proches des dynasties politiques au pouvoir, incluant un proche du pr\u00e9sident actuel. Ces sommes devraient \u00eatre allou\u00e9es \u00e0 des projets pour pr\u00e9venir les inondations souvent meurtri\u00e8res dans le pays, cequi a suscit\u00e9 l\u2019outrage g\u00e9n\u00e9ral, y compris celui du clerg\u00e9 de l\u2019\u00e9glise catholique. Mais ce sont les jeunes qui ont \u00e9t\u00e9 \u00e0 l\u2019avant-plan du mouvement.<\/span><\/p>\n<p><span style=\"color: #000000;\">Mais il y a quand m\u00eame une dimension de classe dans la campagne d\u00e9non\u00e7ant la corruption sur les r\u00e9seaux sociaux, \u00e0 travers une vigoureuse campagne contre les &#8220;Nepo Kids&#8221;, les enfants des dignitaires. Ces derniers exhibent d\u2019une mani\u00e8re scandaleuse sur les r\u00e9seaux sociaux leur train de vie fastueux au moment o\u00f9 la majorit\u00e9 de la population sombre dans la mis\u00e8re en raison de la crise \u00e9conomique et des effets n\u00e9fastes du changement climatique.<\/span><\/p>\n<p><span style=\"color: #000000;\">\u00c0 noter que parmi les dirigeants mis en cause, on retrouve des personnes qui \u00e9taient cens\u00e9es incarner l\u2019espoir du renouveau \u00e0 l\u2019instar d\u2019Andry Rajoelina, \u00a0\u00a0Sharma Olidu N\u00e9pal (ce dernier avait \u00e9t\u00e9 associ\u00e9 \u00e0 l\u2019insurrection mao\u00efste) ou m\u00eame de Ina Boluarte qui se proclamait marxiste-l\u00e9niniste au d\u00e9but de sa carri\u00e8re pour finir associ\u00e9e aux partis de droite du pays\u2026La trahison de leur engagement pour une refonte du syst\u00e8me dans des pays marqu\u00e9s par une grande pauvret\u00e9 et un grand \u00e9cart de richesses fait aussi partie de l\u2019\u00e9quation.<\/span><\/p>\n<p><span style=\"color: #000000;\"><strong>* L&#8217;Histoire montre que la jeunesse est traditionnellement le moteur des changements sociaux, mais <\/strong><strong>la Gen Z (ceux n\u00e9s entre la fin des ann\u00e9es 1990 et 2010) poss\u00e8de des caract\u00e9ristiques uniques qui la placent en premi\u00e8re ligne de ces mouvements mondiaux. Quelle analyse faites-vous de cette nouvelle donne?<\/strong><\/span><\/p>\n<p><span style=\"color: #000000;\">Effectivement, \u00e0 chaque moment de bascule de l\u2019Histoire les jeunes ont \u00e9t\u00e9 \u00e0 l\u2019avant-poste. La jeunesse repr\u00e9sente la fougue, l\u2019id\u00e9alisme, et les yeux tourn\u00e9s vers l\u2019avenir; la jeunesse contestataire ne recule pas devant les obstacles et la r\u00e9pression. On n\u2019a qu&#8217;\u00e0 voir le bilan tr\u00e8s lourd des manifestations de la Gen Z : \u00e0 Madagascar, plus de 22 manifestants abattus par les forces de l\u2019ordre ; au N\u00e9pal, on d\u00e9compte pr\u00e8s de 71 morts, incluant des jeunes de 13-14 ans portant leur uniforme d\u2019\u00e9coliers. Et les \u00e9v\u00e9nements de Mai 68 et de mai 75 \u00e0 Maurice ont \u00e9t\u00e9 l\u2019affaire de la jeunesse.<\/span><\/p>\n<p><span style=\"color: #000000;\">D\u2019ailleurs, c\u2019est \u00e0 travers la mobilisation de la jeunesse que Mao Tse Tung lan\u00e7a la R\u00e9volution Culturelle \u00e0 travers laquelle il voulait redynamiser la r\u00e9volution chinoise.<\/span><\/p>\n<p><span style=\"color: #000000;\">Si l\u2019on s\u2019\u00e9tonne de l\u2019\u00e9ruption de la Gen Z au-devant de la sc\u00e8ne aujourd\u2019hui, c\u2019est surtout parce qu\u2019il y a eu un moment o\u00f9 la jeunesse s\u2019est effectivement endormie, notamment \u00e0 partir des ann\u00e9es 80-90.<\/span><\/p>\n<p><span style=\"color: #000000;\">Ralf Dahrendorf, \u00e9minent sociologue et vice-chancelier de la <em>London School of Economics and Political Science<\/em>, avait bien per\u00e7u cela \u00e0 l\u2019\u00e9poque. Je me souviens d\u2019une de ses conf\u00e9rences o\u00f9 il exprimait son appr\u00e9hension face \u00e0 cet \u00e9tat de choses. Selon lui, les jeunes de l\u2019\u00e9poque ne contestaient plus le syst\u00e8me mais s\u2019\u00e9vertuaient \u00e0 trouver leur place au soleil \u00e0 l\u2019int\u00e9rieur du syst\u00e8me. Or, la contestation est essentielle par rapport au progr\u00e8s d\u2019une soci\u00e9t\u00e9.<\/span><\/p>\n<p><span style=\"color: #000000;\"><strong>* Pouvez-vous \u00e9laborer \u00e0 propos de l\u2019endormissement des jeunes \u00e0 partir des ann\u00e9es 80-90\u00a0? <\/strong><\/span><\/p>\n<p><span style=\"color: #000000;\">Effectivement, \u00e0 partir des ann\u00e9es 1980, avec ce qu\u2019on a d\u00e9crit comme \u00ab la fin des id\u00e9ologies \u00bb ou la \u00ab fin de l\u2019Histoire \u00bb et le triomphe du lib\u00e9ralisme, il y a eu un optimisme b\u00e9at. On pensait qu\u2019avec le mod\u00e8le lib\u00e9ral et la mondialisation, on entrait d\u00e9finitivement dans le meilleur des mondes o\u00f9 chaque jeune finalement trouverait sa place au soleil. A Maurice, on a vu le d\u00e9sengagement de la jeunesse, la mont\u00e9e de l\u2019individualisme h\u00e9doniste, et le fait de devenir un yuppie \u00e9tant le but recherch\u00e9 de la grande majorit\u00e9. Mais les choses ont bien chang\u00e9.<\/span><\/p>\n<p><span style=\"color: #000000;\">L\u2019historien, en analysant les mouvements profonds, se tourne d\u2019une mani\u00e8re g\u00e9n\u00e9rale d\u2019abord vers la d\u00e9mographie historique. Effectivement, les pays o\u00f9 la Gen Z se fait entendre bruyamment ont une structure d\u00e9mographique o\u00f9 les jeunes sont largement majoritaires. \u00c0 Maurice, c\u2019\u00e9tait le cas dans une certaine mesure dans les ann\u00e9es 70. Et c\u2019est le cas dans la majeure partie du sud global, en Asie du Sud et du Sud Est, en Afrique et en Am\u00e9rique Latine.<\/span><\/p>\n<p><span style=\"color: #000000;\">D\u2019ailleurs la contestation Gen Z ne date pas de 2025. D\u00e9j\u00e0, en 2024, il y a eu le soul\u00e8vement de la Gen Z au Kenya contre le budget du Pr\u00e9sident Ruto et des manifestations monstres de la Gen Z contre la vie ch\u00e8re dans le Nigeria du Pr\u00e9sident Tinubu.<\/span><\/p>\n<p><span style=\"color: #000000;\"><strong>* Mais au-del\u00e0 de l\u2019aspect d\u00e9mographique, n&#8217;y a-t-il pas aussi la faillite, \u00e0 la fois morale, \u00e9conomique et politique, du syst\u00e8me en place ?<\/strong><\/span><\/p>\n<p><span style=\"color: #000000;\">Effectivement. Le g\u00e9nocide \u00e0 Gaza illustre parfaitement cela. Et c\u2019est ainsi que la Gen Z s\u2019est mobilis\u00e9e massivement sur les campus de Harvard, de Columbia et d\u2019autres universit\u00e9s am\u00e9ricaines et europ\u00e9ennes, o\u00f9 d\u00e9j\u00e0 les <em>Critical Studies<\/em> avaient un impact consid\u00e9rable. Pour la Gen Z du 21<sup>e<\/sup> si\u00e8cle, la question palestinienne \u00e9tait ce que le Vietnam avait \u00e9t\u00e9 pour les jeunes contestataires des ann\u00e9es 60.<\/span><\/p>\n<p><span style=\"color: #000000;\">Mais il y a des diff\u00e9rences entre les jeunes des ann\u00e9es 1960, des ann\u00e9es de croissance des \u00ab Trente Glorieuses \u00bb, et la Gen Z. D\u2019abord la Gen Z vit dans une situation o\u00f9 leur avenir est incertain. Les structures \u00e9conomiques domin\u00e9es par la mondialisation &#8211; que ce soit en Occident ou dans le Sud Global &#8211; ne peuvent plus garantir leur r\u00e9ussite personnelle.<\/span><\/p>\n<p><span style=\"color: #000000;\"><strong>* Qu&#8217;en est-il de l&#8217;impact de l\u2019internet et des r\u00e9seaux sociaux ?<\/strong><\/span><\/p>\n<p><span style=\"color: #000000;\">L\u2019internet et les r\u00e9seaux sociaux sont des espaces publics o\u00f9 circulent des informations lib\u00e9r\u00e9es des contraintes et surtout de la propagande insidieuse pro-syst\u00e8me des m\u00e9dias <em>mainstream<\/em> qui, quoi qu\u2019on en dise, font partie d\u2019un syst\u00e8me et s\u2019\u00e9vertue \u00e0 cr\u00e9er un large consensus pour son maintien.<\/span><\/p>\n<p><span style=\"color: #000000;\">Comme l\u2019\u00e9crit Noam Chomsky, l\u2019internet peut devenir un outil d\u2019<em>empowerment<\/em> et de lib\u00e9ration du citoyen. Et les r\u00e9seaux sociaux peuvent se r\u00e9v\u00e9ler \u00eatre des outils formidables de partage des id\u00e9es, d\u2019organisation et de mobilisation. C\u2019est aussi l\u2019espace public privil\u00e9gi\u00e9 des jeunes mais difficile \u00e0 contr\u00f4ler.<\/span><\/p>\n<p><span style=\"color: #000000;\">On a vu les r\u00e9sultats des tentatives de b\u00e2illonner les r\u00e9seaux sociaux au N\u00e9pal\u2026 Le gouvernement est tomb\u00e9 en 48 heures! De ce fait, il se pourrait que la r\u00e9volte des Gen Z de 2025 ne soit qu\u2019un \u00ab trailer \u00bb des choses \u00e0 venir.<\/span><\/p>\n<p><span style=\"color: #000000;\">Par ailleurs, il faut aussi se rappeler que Trotsky disait que la guerre est la \u00ab v\u00e9ritable locomotive de l\u2019Histoire \u00bb, car elle met \u00e0 mal les syst\u00e8mes d\u00e9faillants&#8230; Or, au 21<sup>e<\/sup> si\u00e8cle, le changement climatique et ses cons\u00e9quences pourraient se r\u00e9v\u00e9ler \u00eatre la vraie locomotive de l\u2019Histoire.<\/span><\/p>\n<p><span style=\"color: #000000;\">Dans les pays qui font face d\u00e9j\u00e0 \u00e0 des conditions climatiques difficiles et avec une jeunesse impatiente, comment vont naviguer ces vieux dictateurs, des pseudos d\u00e9mocrates qui survivent en noyautant le judiciaire et en se maintenant au pouvoir \u00e0 travers des \u00e9lections truqu\u00e9es, et gr\u00e2ce au soutien de puissances \u00e9trang\u00e8res d\u00e9sireuses demain tenir le pays dans une situation de d\u00e9pendance n\u00e9ocoloniale ?<\/span><\/p>\n<p><span style=\"color: #000000;\"><strong>* Donc, si la jeunesse a toujours \u00e9t\u00e9 l&#8217;avant-garde des changements, la Gen Z, elle se distingue par sa capacit\u00e9 \u00e0 transformer l&#8217;injustice \u00e9conomique et la corruption en un mouvement politique mondialis\u00e9 gr\u00e2ce \u00e0 la technologie. C&#8217;est \u00e7a?<\/strong><\/span><\/p>\n<p><span style=\"color: #000000;\">Effectivement, plus que jamais, on peut suivre les actions de la Gen Z et leur r\u00e9volte en \u00ab\u00a0live and direct\u00a0\u00bb sans se fier aux agences de presse internationales avec leur filtre et leur miroir d\u00e9formant selon leurs agendas, et cela, gr\u00e2ce \u00e0 des milliers de participants disposant d\u2019un simple Smartphone.<\/span><\/p>\n<p><span style=\"color: #000000;\">L\u2019int\u00e9r\u00eat que de telles vid\u00e9os de courte dur\u00e9e suscitent chez les populations concern\u00e9es fait qu\u2019elles deviennent virales et la nature des algorithmes notamment sur Tik Tok fait qu\u2019elles le deviennent aussi au niveau mondial avec la possibilit\u00e9 de contagion.<\/span><\/p>\n<p><span style=\"color: #000000;\"><strong>* En ce qui concerne le r\u00f4le de la jeunesse en tant que force de contestation, il y a des parall\u00e8les frappants avec d&#8217;autres p\u00e9riodes historiques, m\u00eame si l&#8217;outil de mobilisation diff\u00e8re : Mai 68 en France, le Printemps de Prague (1968), les r\u00e9volutions de 1989 en Europe de l&#8217;Est et les Printemps Arabes (2010-2012). Le changement recherch\u00e9 par ces g\u00e9n\u00e9rations de jeunes a-t-il eu des effets b\u00e9n\u00e9fiques pour leurs soci\u00e9t\u00e9s respectives ?<\/strong><\/span><\/p>\n<p><span style=\"color: #000000;\">Ce qui caract\u00e9rise le mouvement Gen Z, c\u2019est le manque d\u2019organisation structur\u00e9e, de leaders reconnus et d\u2019objectifs bien \u00e9labor\u00e9s si ce n\u2019est le d\u00e9gagisme face \u00e0 un r\u00e9gime corrompu et discr\u00e9dit\u00e9. Le peuple dans la rue peut \u00eatre per\u00e7u comme un exemple de d\u00e9mocratie directe et l\u2019absence de leaders reconnus \u00e0 la t\u00eate d\u2019une organisation solide fait que la r\u00e9volte est difficile \u00e0 mater pour le pouvoir en place.<\/span><\/p>\n<p><span style=\"color: #000000;\">C\u2019est pour cela d\u2019ailleurs que des r\u00e9gimes (Madagascar, N\u00e9pal) ou des Pr\u00e9sidents (P\u00e9rou) sont tomb\u00e9s en quelques jours. Mais r\u00e9volte ne veut pas dire r\u00e9volution avec des r\u00e9formes en profondeur d\u2019un syst\u00e8me qui est en fait responsable de la crise. L\u00e9nine avait bien pr\u00e9dit cela il y a plus d\u2019un si\u00e8cle dans son ouvrage \u2018Que faire\u00a0?\u2019, un classique de la litt\u00e9rature r\u00e9volutionnaire.<\/span><\/p>\n<p><span style=\"color: #000000;\">Seul un parti structur\u00e9 avec des objectifs clairs et bien d\u00e9finis et un programme \u00e9labor\u00e9 peut transformer une r\u00e9volte en r\u00e9volution. En l\u2019absence d\u2019un tel parti, la r\u00e9volte peut se transformer en contre-r\u00e9volution o\u00f9 les tenants de l\u2019ordre ancien reprennent le pouvoir mais d\u00e9guis\u00e9s en r\u00e9novateurs. Au N\u00e9pal, certains s\u2019interrogent sur le r\u00f4le de l\u2019arm\u00e9e dont certains g\u00e9n\u00e9raux sont li\u00e9s aux monarchistes. \u00c0 Madagascar, l\u2019arm\u00e9e reste une \u00e9nigme.<\/span><\/p>\n<p><span style=\"color: #000000;\">Au sujet du Printemps arabe, les r\u00e9sultats n\u2019ont gu\u00e8re \u00e9t\u00e9 probants, alors que dans certains pays de l\u2019Europe de l\u2019Est, la nostalgie de l\u2019\u00e8re sovi\u00e9tique\/communiste revient avec force, \u00e0 l\u2019instar de la partie orientale de l\u2019Allemagne, de la Roumanie, de la Pologne, de la Hongrie, et de la Slovaquie, en raison du d\u00e9senchantement post-r\u00e9volutionnaire, comme l\u2019indiquent les sondages.<\/span><\/p>\n<p><span style=\"color: #000000;\">Paradoxalement, c\u2019est sur ce terreau que prosp\u00e8rent des partis populistes d\u2019extr\u00eame droite anti-Bruxelles, alors que ces r\u00e9volutions anticommunistes avaient \u00e9t\u00e9 faites au nom des \u00ab valeurs occidentales \u00bb et pour rejoindre l\u2019Europe\u2026<\/span><\/p>\n<p><span style=\"color: #000000;\"><strong>* La toute derni\u00e8re r\u00e9volte des jeunes s&#8217;est produite plus pr\u00e8s de nous, \u00e0 Madagascar, et on ne sait pas si le d\u00e9nouement sera b\u00e9n\u00e9fique sur le long terme, puisqu&#8217;en fin de compte, c&#8217;est l&#8217;arm\u00e9e qui s&#8217;est empar\u00e9e du pouvoir. Cette situation soul\u00e8ve des interrogations quant aux motivations r\u00e9elles des colonels des forces arm\u00e9es. Quelle analyse faites-vous de cette transition de la contestation civile au coup de force militaire?<\/strong><\/span><\/p>\n<p><span style=\"color: #000000;\">\u00c0 Madagascar, nous sommes en pr\u00e9sence d\u2019une crise de tr\u00e8s longue dur\u00e9e qui ne date pas d\u2019hier et qui se manifeste p\u00e9riodiquement par des \u00e9ruptions politiques. En effet, Madagascar est l\u2019unique pays au monde o\u00f9 le revenu national a chut\u00e9 par deux au cours de ces 60 derni\u00e8res ann\u00e9es. Dans les ann\u00e9es 1960, en terme \u00e9conomique, Madagascar \u00e9tait au m\u00eame niveau que Maurice ou la Cor\u00e9e du Sud. Aujourd\u2019hui, il suffit de se balader \u00e0 Antananarivo ou \u00e0 Toamasina pour constater la situation catastrophique de ce pays o\u00f9 plus de 75 % de la population vit en-dessous du seuil de pauvret\u00e9.<\/span><\/p>\n<p><span style=\"color: #000000;\">Des chercheurs qui ont tent\u00e9 d&#8217;analyser le ph\u00e9nom\u00e8ne en profondeur notamment ceux associ\u00e9s \u00e0 l\u2019Institut pour la Recherche et le D\u00e9veloppement (\u00e0 travers l\u2019excellent ouvrage collectif \u2018L\u2019Enigme et le Paradoxe: Economie politique de Madagascar\u2019 qu\u2019on peut consulter sur le site de l\u2019IRD) sont arriv\u00e9s \u00e0 la m\u00eame conclusion implacable que nous disaient tout bas nos coll\u00e8gues universitaires malgaches depuis des ann\u00e9es.<\/span><\/p>\n<p><span style=\"color: #000000;\">Cette situation est le r\u00e9sultat d\u2019une petite \u00e9lite dirigeante qui contr\u00f4le \u00e0 la fois l\u2019\u00e9conomie et l\u2019administration du pays. Souvent binationaux, cette \u00e9lite dirigeante pr\u00e9datrice vampirise les ressources du pays \u00e0 son profit sans se soucier du d\u00e9veloppement du pays et du bien-\u00eatre de la population. Ils pr\u00e9f\u00e8rent garder le monopole des divers secteurs qu\u2019ils contr\u00f4lent plut\u00f4t que de s\u2019ouvrir \u00e0 la concurrence, quitte \u00e0 laisser le pays en stagnation.<\/span><\/p>\n<p><span style=\"color: #000000;\">Cette \u00e9lite traverse tous les r\u00e9gimes qu\u2019elle manipule d\u2019ailleurs. Ainsi les divers changements de r\u00e9gime sont en fait du <em>\u2018political froth\u2019<\/em>. Beaucoup d\u2019agitation \u00e0 la surface comme l\u2019\u00e9cume sur un verre de bi\u00e8re, mais dans le fond rien ne change. C\u2019est ainsi qu\u2019il y a eu plusieurs crises \u00e0 Madagascar, mais l\u2019Histoire tourne en boucle, les vrais probl\u00e8mes du pays ne sont gu\u00e8re r\u00e9solus.<\/span><\/p>\n<p><span style=\"color: #000000;\">La solution r\u00e9side dans une transformation radicale des structures sociales et \u00e9conomiques du pays, \u00e0 l\u2019instar de ce qui se fait au Burkina Faso par le capitaine Ibrahim Traore. Sinon la r\u00e9volte des Gen Z n\u2019aura servi \u00e0 rien et quand la d\u00e9sillusion s\u2019installera, nous serons repartis pour une nouvelle crise alors que Madagascar continuera de s\u2019effondrer dans la pauvret\u00e9 absolue.<\/span><\/p>\n<p><span style=\"color: #000000;\">Quant \u00e0 la prise du pouvoir par le Capsat et l&#8217;arm\u00e9e, il est trop t\u00f4t pour se prononcer sur leurs intentions r\u00e9elles. Comme le disait le Capitaine Jerry Rawlings, ic\u00f4ne r\u00e9volutionnaire du Ghana face \u00e0 un r\u00e9gime corrompu qui massacre son peuple, l\u2019arm\u00e9e est souvent le dernier recours. En outre, en d\u00e9pit de la d\u00e9cision de l\u2019Union Africaine de suspendre Madagascar, le fait demeure que, si l\u2019on se fie au fil des \u00e9v\u00e9nements, l\u2019arm\u00e9e a pris le pouvoir apr\u00e8s la destitution de Rajoelina par le Parlement, par une \u00e9crasante majorit\u00e9, et cette prise de pouvoir a \u00e9t\u00e9 avalis\u00e9e par le Haut Conseil Constitutionnel en raison du vide au sommet de l\u2019\u00c9tat.<\/span><\/p>\n<p><span style=\"color: #000000;\">Certes, des institutions cl\u00e9s ont \u00e9t\u00e9 renvoy\u00e9es, mais les militaires se sont donn\u00e9 deux ans pour une v\u00e9ritable remise en ordre. \u00c9videmment, \u00e0 ce stade, il est difficile de dire si c\u2019est une remise en ordre \u00e0 la fois r\u00e9volutionnaire et anti-imp\u00e9rialiste ou une mascarade pour sauver les \u00e9lites et leurs soutiens \u00e9trangers. Seul le temps nous le dira.<\/span><\/p>\n<p><span style=\"color: #000000;\"><strong>* Au-del\u00e0 des facteurs classiquement li\u00e9s aux r\u00e9voltes ou aux mouvements de contestation \u2013 comme la corruption de la classe dirigeante ou de la bourgeoisie \u00e9conomique \u2013 ya-t-il de nouveaux \u00e9l\u00e9ments qui sont intervenus pour pousser les jeunes dans la rue?<\/strong><\/span><\/p>\n<p><span style=\"color: #000000;\">C\u2019est sans doute un effet de contagion, notamment l\u2019influence de ce qui s\u2019est pass\u00e9 au N\u00e9pal, aux Philippines et surtout en Indon\u00e9sie. On a tendance \u00e0 oublier que les Malgaches constituent un peuple afro-asiatique dont une grande partie a des anc\u00eatres originaires de l\u2019Asie du Sud-Est.<\/span><\/p>\n<p><span style=\"color: #000000;\">Bien s\u00fbr, il y a des th\u00e9ories complotistes qui circulent in\u00e9vitablement dans de telles situations, surtout que ces r\u00e9voltes ressemblent dans certains aspects aux \u00ab colour revolutions \u00bb (r\u00e9volutions de couleur) sponsoris\u00e9es par les services secrets am\u00e9ricains et le magnat am\u00e9ricain Georges Soros. Au N\u00e9pal, certains y voient la main des forces \u00e9trang\u00e8res. En ce moment m\u00eame au N\u00e9pal, des membres de la Gen Z se posent des questions sur le r\u00f4le des \u00ab bikers \u00bb proches du mouvement Free Tibet dans les \u00e9v\u00e9nements violents qui se sont d\u00e9roul\u00e9s \u00e0 Katmandou.<\/span><\/p>\n<p><span style=\"color: #000000;\">On ne peut ignorer l\u2019importance g\u00e9ostrat\u00e9gique de ces pays o\u00f9 la r\u00e9volte des Gen Z s\u2019est d\u00e9roul\u00e9e. Pourtant, des preuves concr\u00e8tes n\u2019ont pas \u00e9t\u00e9 pr\u00e9sent\u00e9es pour \u00e9tayer ces th\u00e9ories de manipulations de la Gen Z par des forces externes. Il est vrai, cependant, que des situations de chaos et d\u2019instabilit\u00e9 ouvrent la voie \u00e0 des tentatives de manipulation par des forces \u00e9trang\u00e8res.<\/span><\/p>\n<p><span style=\"color: #000000;\"><strong>* Les \u00e9v\u00e9nements chez notre voisin nous poussent \u00e0 nous poser la question du potentiel de contestation \u00e0 Maurice: les conditions socio-\u00e9conomiques et politiques sont-elles r\u00e9unies pour pousser les jeunes dans la rue ?<\/strong><\/span><\/p>\n<p><span style=\"color: #000000;\">Absolument pas. Certes, il y a des concordances avec la situation pr\u00e9valant dans certains pays affect\u00e9s par la contestation Gen z, notamment la persistance du contr\u00f4le de l\u2019\u00e9conomie par quelques grandes familles, le sentiment que la vie politique est en train de tourner en boucle avec les m\u00eames anciens leaders, les m\u00eames dynasties politiques qui jouent au <em>&#8220;musical chair&#8221;<\/em> ind\u00e9finiment.<\/span><\/p>\n<p><span style=\"color: #000000;\">Il y a aussi les all\u00e9gations de corruption qui traversent tous les r\u00e9gimes, le scandale du &#8220;Reward Money&#8221; qui \u00e9clabousse l\u2019institution polici\u00e8re et aussi le n\u00e9potisme et le client\u00e9lisme qui fait qu\u2019un grand nombre de jeunes Mauriciens ont le sentiment de suffoquer sur une \u00eele d\u00e9j\u00e0 exig\u00fce et o\u00f9 le transnational gentrification s\u2019acc\u00e9l\u00e8re et o\u00f9 les meilleurs places sont r\u00e9serv\u00e9es aux expatri\u00e9s tandis qu\u2019au bas de l\u2019\u00e9chelle, il y a l\u2019influx des travailleurs \u00e9trangers.<\/span><\/p>\n<p><span style=\"color: #000000;\">Mais si le jeune Mauricien se dit \u00ab I can\u2019t breathe \u00bb \u00e0 l\u2019\u00eele Maurice et envisage surtout d\u2019\u00e9migrer et de r\u00e9ussir ailleurs, il ne remet pas en cause le syst\u00e8me comme le faisait la g\u00e9n\u00e9ration de Mai 75. En outre, pour bon nombre d\u2019entre eux, les drogues synth\u00e9tiques sont devenues le v\u00e9ritable \u00ab opium du peuple \u00bb pour parodier Karl Marx.<\/span><\/p>\n<p><span style=\"color: #000000;\">Il ne faut pas perdre de vue qu\u2019\u00e0 Maurice &#8212; \u00e0 la diff\u00e9rence du N\u00e9pal, de Timor Leste des Philippines, de l\u2019Indon\u00e9sie ou du P\u00e9rou &#8212; il n\u2019existe pas r\u00e9ellement de tradition r\u00e9volutionnaire. M\u00eame nos pseudos r\u00e9volutionnaires ont tr\u00e8s vite \u00e9t\u00e9 absorb\u00e9s par le syst\u00e8me. Il faut dire qu\u2019\u00e0 Maurice le constitutionnalisme a toujours domin\u00e9 la vie politique du pays. Si changement de r\u00e9gime il y a, c\u2019est toujours par le biais des urnes.<\/span><\/p>\n<p><span style=\"color: #000000;\">Et finalement Maurice n\u2019est pas qu\u2019une d\u00e9mocratie mais c\u2019est surtout un <em>&#8220;social democratic state&#8221;<\/em> avec un <em>&#8220;Welfare State<\/em>&#8221; des plus \u00e9labor\u00e9s de l\u2019h\u00e9misph\u00e8re sud. Con\u00e7u comme un m\u00e9canisme pour corriger les <em>&#8220;historically inherited gross inequalities in wealth&#8221;,<\/em> il donne aussi un filet de protection sociale qui emp\u00eache les personnes vuln\u00e9rables de tomber dans la d\u00e9sesp\u00e9rance et la violence. C\u2019est pour cela d\u2019ailleurs qu\u2019on ne saurait transiger sur le maintien de l\u2019\u00c9tat-providence, le socle du mod\u00e8le mauricien de d\u00e9veloppement dans la stabilit\u00e9 sociale et politique.<\/span><\/p>\n<p><span style=\"color: #000000;\"><strong>* L&#8217;atterrissage d&#8217;un jet priv\u00e9 \u00e0 Maurice dans la nuit du samedi 11 octobre, \u00e0 bord duquel se trouvaient l&#8217;ancien Premier ministre malgache et un homme d&#8217;affaires, proche conseiller du pr\u00e9sident Andry Rajoelina, a provoqu\u00e9 la col\u00e8re de Paul B\u00e9renger. C&#8217;est probablement la troisi\u00e8me fois que le DPM expose publiquement ses d\u00e9saccords lors de conf\u00e9rences de presse en solo. Quel est son v\u00e9ritable agenda, selon vous ?<\/strong><\/span><\/p>\n<p><span style=\"color: #000000;\">Je ne crois pas qu\u2019il faut y faire une lecture de politique partisane de la r\u00e9action de Paul B\u00e9renger. Il a parfaitement raison car l\u2019atterrissage du jet priv\u00e9 et le d\u00e9barquement de personnes controvers\u00e9es \u00e0 Maurice a une tr\u00e8s haute port\u00e9e diplomatique mettant \u00e0 mal la position mauricienne dans un cas de crise politique dans un pays membre de diverses organisations dont nous faisons partie et o\u00f9 Maurice a de gros int\u00e9r\u00eats financiers et \u00e9conomiques.<\/span><\/p>\n<p><span style=\"color: #000000;\">Effectivement si l\u2019on se fie \u00e0 ses propos au cours de la conf\u00e9rence de presse, ce pourrait \u00eatre une \u00e9norme b\u00e9vue commise par certains officiels et cela dans un m\u00e9pris total des proc\u00e9dures pr\u00e9vues dans de telles circonstances. Cet incident pourrait avoir de f\u00e2cheuses cons\u00e9quences quant \u00e0 nos relations avec le nouveau pouvoir \u00e0 Madagascar.<\/span><\/p>\n<p><span style=\"color: #000000;\">D\u00e9j\u00e0 la GenZ \u00e0 Madagascar demande \u00e0 ce que ces personnes soient extrad\u00e9es vers Madagascar pour \u00eatre jug\u00e9es alors que l\u2019Union Africaine ne reconna\u00eet pas le nouveau pouvoir\u2026 On aurait pu se passer d\u2019un tel imbroglio diplomatique si seulement ces passagers n\u2019avaient pas \u00e9t\u00e9 autoris\u00e9s \u00e0 d\u00e9barquer.<\/span><\/p>\n<p><span style=\"color: #000000;\">La prise de position publique de B\u00e9renger, non seulement par une d\u00e9claration mais par une conf\u00e9rence de presse, est importante pour att\u00e9nuer les appr\u00e9hensions de certains \u00e0 Madagascar quant \u00e0 la position de neutralit\u00e9 de Maurice dans la crise en cours \u00e0 Madagascar. Elles tendent de faire ressortir que l\u2019atterrissage et le d\u00e9barquement de ces personnes est le r\u00e9sultat d\u2019une grosse b\u00e9vue administrative et non la volont\u00e9 de l\u2019\u00e9tat mauricien.<\/span><\/p>\n<p><span style=\"color: #000000;\"><strong>* Donc, vous ne pensez pas que ces interventions publiques de Paul B\u00e9renger s&#8217;inscrivent dans une strat\u00e9gie de rupture programm\u00e9e, au cas o\u00f9 les choses n&#8217;\u00e9volueraient pas comme il l&#8217;aurait souhait\u00e9 ou ne s&#8217;aligneraient pas avec ses objectifs politiques ?<\/strong><\/span><\/p>\n<p><span style=\"color: #000000;\">Est-ce que B\u00e9renger a une strat\u00e9gie de rupture &#8211; comme le croient certains observateurs ? Il est vrai que le MMM doit se consolider pour survivre dans un futur pas si lointain apr\u00e8s le retrait de son leader historique, alors que le \u00ab hard core \u00bb du parti s\u2019est grandement effondr\u00e9 au cours de ces 20 ans que le parti a pass\u00e9s dans l\u2019opposition.<\/span><\/p>\n<p><span style=\"color: #000000;\">Mais l\u2019exercice du pouvoir dans un gouvernement pratiquant une politique d\u2019aust\u00e9rit\u00e9 n\u2019est gu\u00e8re propice \u00e0 cette consolidation. Au contraire, la situation actuelle peut favoriser ces groupies extra parlementaires tels que <em>En avant Moris<\/em> de Patrick Belcourt ou du <em>Reform Party<\/em> de Roshi Bhadain qui grignotent dans l\u2019\u00e9lectorat du MMM, notamment \u00e0 Rose Hill et \u00e0 Beau Bassin.<\/span><\/p>\n<p><span style=\"color: #000000;\">Une rupture de l&#8217;alliance du changement verra sans doute le leader du MMM ou son potentiel successeur prendre le poste de leader de l\u2019opposition, mais combien de ministres et de d\u00e9put\u00e9s du parti suivront le leader dans cette d\u00e9marche? En outre, quelle sera la r\u00e9action des militants qui sont fatigu\u00e9s de la longue travers\u00e9e du d\u00e9sert car le score de 60-0 fait que le PTr contr\u00f4le \u00e0 lui seul une majorit\u00e9 au Parlement?<\/span><\/p>\n<p><span style=\"color: #000000;\">Finalement, le MSM \u00e9tant hors-jeu en raison des all\u00e9gations de scandales visant ces dirigeants cl\u00e9s, quelle alternative d\u2019alliance existe-t-il pour le MMM pour affronter des \u00e9lections notamment dans les r\u00e9gions rurales ?<\/span><\/p>\n<p><span style=\"color: #000000;\">Dans un tel contexte, une strat\u00e9gie de rupture est un non-sens. Par contre, le MMM veut rappeler son existence et que le parti ne rentrera jamais dans une relation de vassalit\u00e9 avec le leader du PTr, \u00e0 la diff\u00e9rence du ML et d\u2019autres ex militants vis-\u00e0-vis de Pravind Jugnauth.<\/span><\/p>\n<p><span style=\"color: #000000;\"><strong>* Il est \u00e0 parier toutefois que Paul B\u00e9renger restera en place tant qu&#8217;il n&#8217;aura pas obtenu la mise en \u0153uvre d&#8217;une r\u00e9forme \u00e9lectorale qui sert ses objectifs politiques et \u00e9lectoraux. Que pensez-vous de cette hypoth\u00e8se?<\/strong><\/span><\/p>\n<p><span style=\"color: #000000;\">A vrai dire, c\u2019est le MMM qui a toujours milit\u00e9 pour une r\u00e9forme \u00e9lectorale afin de r\u00e9duire le trop grand d\u00e9s\u00e9quilibre entre le nombre de votes et le nombre de si\u00e8ges obtenus entre les vainqueurs et les perdants \u00e0 travers l\u2019introduction d\u2019une bonne dose de proportionnelle.<\/span><\/p>\n<p><span style=\"color: #000000;\">Dans les circonstances actuelles, pour un MMM qui s\u2019est mu\u00e9 en un parti d\u2019appoint, et qui aura \u00e0 faire face t\u00f4t ou tard au probl\u00e8me de succession de son leader historique, la proportionnelle pourrait \u00eatre un atout pour la survie m\u00eame du parti dans un futur proche.<\/span><\/p>\n<p><span style=\"color: #000000;\">Par contre, l\u2019histoire contemporaine r\u00e9v\u00e8le que le PTr s\u2019est oppos\u00e9 farouchement \u00e0 la proportionnelle en 1956 et ensuite pendant les d\u00e9bats sur le rapport Banwell. Il est quand m\u00eame assez significatif que Navin Ramgoolam est revenu sur l\u2019\u00e9pisode Banwell r\u00e9cemment en pr\u00e9cisant que, si le rapport avait \u00e9t\u00e9 accept\u00e9, Maurice n\u2019aurait pas obtenu l\u2019ind\u00e9pendance\u2026 C\u2019est une d\u00e9claration lourde de sens dans un contexte o\u00f9 l&#8217;\u00e9lectorat \u00e0 la fois du MSM et du PTr au fond ne voit pas la n\u00e9cessit\u00e9 d&#8217;une r\u00e9forme \u00e9lectorale.<\/span><\/p>\n<p><span style=\"color: #000000;\"><strong>* Envisagez-vous le sc\u00e9nario de Navin Ramgoolam, qui se dit pr\u00eat pour une r\u00e9forme du syst\u00e8me \u00e9lectoral, laquelle devrait sans doute aussi servir les objectifs de son parti \u2013suivant Paul B\u00e9renger sur ce plan-l\u00e0 ?<\/strong><\/span><\/p>\n<p><span style=\"color: #000000;\">La r\u00e9forme \u00e9lectorale fait partie de l\u2019accord entre les partis de l\u2019alliance du changement et a \u00e9t\u00e9 d\u00e9terminant dans la d\u00e9cision de ReA de se joindre \u00e0 l\u2018alliance En outre, elle figure \u00e0 la fois dans le manifeste \u00e9lectoral et le discours programme d\u2019un gouvernement qui d\u00e9tient plus de trois quarts de si\u00e8ges requises pour modifier la Constitution.<\/span><\/p>\n<p><span style=\"color: #000000;\">En politique, la roue tourne tr\u00e8s vite. Si une bonne r\u00e9forme avait \u00e9t\u00e9 adopt\u00e9e, le MSM avec pr\u00e8s de 27 % des votes obtenus ne se retrouverait pas avec un unique repr\u00e9sentant au parlement. Navin Ramgoolam a connu presque la m\u00eame situation en 1991\u2026 Mais tout d\u00e9pendra du maintien et de la sant\u00e9 de l\u2019alliance au pouvoir.<\/span><\/p>\n<hr \/>\n<p><span style=\"color: #993300;\">Mauritius Times ePaper Friday 17 October 2025<\/span><\/p>\n","protected":false},"excerpt":{"rendered":"<p>&#8230; m\u00eame nos pseudos r\u00e9volutionnaires ont tr\u00e8s vite \u00e9t\u00e9 absorb\u00e9s par le syst\u00e8me&#8221;<\/p>\n","protected":false},"author":1,"featured_media":44008,"comment_status":"open","ping_status":"open","sticky":false,"template":"","format":"standard","meta":{"jetpack_post_was_ever_published":false,"_jetpack_newsletter_access":"","_jetpack_dont_email_post_to_subs":false,"_jetpack_newsletter_tier_id":0,"_jetpack_memberships_contains_paywalled_content":false,"_jetpack_memberships_contains_paid_content":false,"footnotes":"","jetpack_publicize_message":"","jetpack_publicize_feature_enabled":true,"jetpack_social_post_already_shared":true,"jetpack_social_options":{"image_generator_settings":{"template":"highway","default_image_id":0,"font":"","enabled":false},"version":2}},"categories":[32,6],"tags":[49739,5053,48529,40000,43790,56846,46759,56863,56848,14450,56836,41116,3744,6612,56839,3814,56818,17473,56849,44732,56844,56843,54746,56852,45352,28079,56829,16862,56834,56823,56854,56819,25821,39694,44359,53758,56842,56837,24269,56847,56826,38952,36417,56838,56850,46466,40415,56856,56832,11251,56816,56862,44650,26900,28151,25527,4526,47649,56840,44060,9812,42224,56833,36,56820,814,56859,15241,56835,56857,56822,50,27387,56830,425,9974,56860,8346,4511,56851,56858,46970,49,5254,56828,4675,14800,2432,56861,56821,26574,56817,16152,49029,56853,813,56855,16375,1814,30712,7015,56825,53803,56841,32875,32781,56864,56845,44890,56824,40938,28756,56827,56831,4423],"class_list":["post-44655","post","type-post","status-publish","format-standard","has-post-thumbnail","hentry","category-interviews","category-latest-news","tag-abus","tag-afrique","tag-alliance-du-changement","tag-amerique-latine","tag-armee","tag-asie-du-sud","tag-avenir","tag-bevue-administrative","tag-campus","tag-changement-climatique","tag-changements-sociaux","tag-columbia","tag-constitution","tag-contagion","tag-contestataire","tag-corruption","tag-coupures-eau","tag-crise-economique","tag-critical-studies","tag-democratie-directe","tag-demographie-historique","tag-desengagement","tag-detournement","tag-dictateurs","tag-diplomatie","tag-dirigeants","tag-dollars","tag-dynasties-politiques","tag-ecart-de-richesses","tag-eiichiro-oda","tag-elections-truquees","tag-electricite","tag-empowerment","tag-equateur","tag-extreme-droite","tag-faillite-systeme","tag-fin-ideologies","tag-fougue","tag-generation-z","tag-genocide-gaza","tag-genz","tag-harvard","tag-hopitaux","tag-idealisme","tag-incertitude","tag-individualisme","tag-indonesie","tag-injustice-economique","tag-insurrection-maoiste","tag-internet","tag-interview-jocelyn-chanlow","tag-jet-prive","tag-jeunesse","tag-kenya","tag-lenine","tag-liberalisme","tag-madagascar","tag-mai-68","tag-mai-75","tag-manifestations","tag-manifeste-electoral","tag-maroc","tag-marxiste-leniniste","tag-mauritius-times","tag-mecontentement-systemique","tag-mmm","tag-monarchistes","tag-mondialisation","tag-moteur","tag-mouvement-politique","tag-mouvements","tag-navin-ramgoolam","tag-nepal","tag-nepokids","tag-nigeria","tag-noam-chomsky","tag-nostalgie-sovietique","tag-opposition","tag-palestine","tag-partage-idees","tag-parti-structure","tag-partis-de-droite","tag-paul-berenger","tag-pauvrete","tag-pension-a-vie","tag-perou","tag-philippines","tag-politiciens","tag-populistes","tag-principale","tag-printemps-arabes","tag-problemes-specifiques","tag-propagande","tag-proportionnelle","tag-pseudo-democrates","tag-ptr","tag-puissances-etrangeres","tag-racine","tag-reforme-electorale","tag-repression","tag-reseaux-sociaux","tag-revolte","tag-revolution","tag-revolution-culturelle","tag-salaire","tag-slogans","tag-strategie-rupture","tag-sud-global","tag-suvs","tag-symbole","tag-technologie","tag-tiktok","tag-timor-leste","tag-train-de-vie-fastueux","tag-vietnam"],"jetpack_publicize_connections":[],"jetpack_featured_media_url":"https:\/\/i0.wp.com\/www.mauritiustimes.com\/mt\/wp-content\/uploads\/2025\/08\/Jocelyn-Chan-Low-2.jpg?fit=1200%2C766&ssl=1","jetpack_sharing_enabled":true,"jetpack_shortlink":"https:\/\/wp.me\/p8QzSF-bCf","_links":{"self":[{"href":"https:\/\/www.mauritiustimes.com\/mt\/wp-json\/wp\/v2\/posts\/44655","targetHints":{"allow":["GET"]}}],"collection":[{"href":"https:\/\/www.mauritiustimes.com\/mt\/wp-json\/wp\/v2\/posts"}],"about":[{"href":"https:\/\/www.mauritiustimes.com\/mt\/wp-json\/wp\/v2\/types\/post"}],"author":[{"embeddable":true,"href":"https:\/\/www.mauritiustimes.com\/mt\/wp-json\/wp\/v2\/users\/1"}],"replies":[{"embeddable":true,"href":"https:\/\/www.mauritiustimes.com\/mt\/wp-json\/wp\/v2\/comments?post=44655"}],"version-history":[{"count":1,"href":"https:\/\/www.mauritiustimes.com\/mt\/wp-json\/wp\/v2\/posts\/44655\/revisions"}],"predecessor-version":[{"id":44656,"href":"https:\/\/www.mauritiustimes.com\/mt\/wp-json\/wp\/v2\/posts\/44655\/revisions\/44656"}],"wp:featuredmedia":[{"embeddable":true,"href":"https:\/\/www.mauritiustimes.com\/mt\/wp-json\/wp\/v2\/media\/44008"}],"wp:attachment":[{"href":"https:\/\/www.mauritiustimes.com\/mt\/wp-json\/wp\/v2\/media?parent=44655"}],"wp:term":[{"taxonomy":"category","embeddable":true,"href":"https:\/\/www.mauritiustimes.com\/mt\/wp-json\/wp\/v2\/categories?post=44655"},{"taxonomy":"post_tag","embeddable":true,"href":"https:\/\/www.mauritiustimes.com\/mt\/wp-json\/wp\/v2\/tags?post=44655"}],"curies":[{"name":"wp","href":"https:\/\/api.w.org\/{rel}","templated":true}]}}