{"id":44088,"date":"2025-08-09T08:00:13","date_gmt":"2025-08-09T04:00:13","guid":{"rendered":"https:\/\/www.mauritiustimes.com\/mt\/?p=44088"},"modified":"2025-08-09T08:00:13","modified_gmt":"2025-08-09T04:00:13","slug":"la-pire-des-choses-qui-pourrait-arriver-au-pays-en-la-conjoncture-cest-une-crise-politique","status":"publish","type":"post","link":"https:\/\/www.mauritiustimes.com\/mt\/la-pire-des-choses-qui-pourrait-arriver-au-pays-en-la-conjoncture-cest-une-crise-politique\/","title":{"rendered":"&#8221; La pire des choses qui pourrait arriver au pays, en la conjoncture, c\u2019est une crise politique&#8221;"},"content":{"rendered":"<h5 style=\"text-align: center;\"><strong><span style=\"color: #800000;\"><u>Interview\u00a0: Jean Claude de l&#8217;Estrac<\/u><\/span><\/strong><\/h5>\n<hr \/>\n<h5 style=\"text-align: center;\"><strong><span style=\"color: #800000;\"><u><img data-recalc-dims=\"1\" loading=\"lazy\" decoding=\"async\" data-attachment-id=\"11232\" data-permalink=\"https:\/\/www.mauritiustimes.com\/mt\/quatre-bornes-annonce-le-mood-electoral-du-pays-tout-entier\/extrac-7\/\" data-orig-file=\"https:\/\/i0.wp.com\/www.mauritiustimes.com\/mt\/wp-content\/uploads\/2017\/12\/Jean-Claude-De-lextrac-7.jpg?fit=995%2C480&amp;ssl=1\" data-orig-size=\"995,480\" data-comments-opened=\"1\" data-image-meta=\"{&quot;aperture&quot;:&quot;0&quot;,&quot;credit&quot;:&quot;&quot;,&quot;camera&quot;:&quot;&quot;,&quot;caption&quot;:&quot;&quot;,&quot;created_timestamp&quot;:&quot;0&quot;,&quot;copyright&quot;:&quot;&quot;,&quot;focal_length&quot;:&quot;0&quot;,&quot;iso&quot;:&quot;0&quot;,&quot;shutter_speed&quot;:&quot;0&quot;,&quot;title&quot;:&quot;&quot;,&quot;orientation&quot;:&quot;0&quot;}\" data-image-title=\"&amp;#8216;extrac 7\" data-image-description=\"\" data-image-caption=\"\" data-large-file=\"https:\/\/i0.wp.com\/www.mauritiustimes.com\/mt\/wp-content\/uploads\/2017\/12\/Jean-Claude-De-lextrac-7.jpg?fit=640%2C309&amp;ssl=1\" class=\"aligncenter size-full wp-image-11232\" src=\"https:\/\/i0.wp.com\/www.mauritiustimes.com\/mt\/wp-content\/uploads\/2017\/12\/Jean-Claude-De-lextrac-7.jpg?resize=640%2C309&#038;ssl=1\" alt=\"\" width=\"640\" height=\"309\" srcset=\"https:\/\/i0.wp.com\/www.mauritiustimes.com\/mt\/wp-content\/uploads\/2017\/12\/Jean-Claude-De-lextrac-7.jpg?w=995&amp;ssl=1 995w, https:\/\/i0.wp.com\/www.mauritiustimes.com\/mt\/wp-content\/uploads\/2017\/12\/Jean-Claude-De-lextrac-7.jpg?resize=300%2C145&amp;ssl=1 300w, https:\/\/i0.wp.com\/www.mauritiustimes.com\/mt\/wp-content\/uploads\/2017\/12\/Jean-Claude-De-lextrac-7.jpg?resize=768%2C370&amp;ssl=1 768w\" sizes=\"auto, (max-width: 640px) 100vw, 640px\" \/><\/u><\/span><\/strong><!--more--><\/h5>\n<h3><span style=\"color: #000000;\"><strong>&#8216;Il faut prendre au s\u00e9rieux les bisbilles, car elles peuvent devenir la derni\u00e8re goutte d\u2019eau qui fait d\u00e9border le vase&#8217;<\/strong><\/span><\/h3>\n<h3><span style=\"color: #000000;\"><strong>* &#8216;La population n\u2019attend pas que des poursuites judiciaires, elle veut voir les malfrats en prison&#8217;<\/strong><\/span><\/h3>\n<h3><span style=\"color: #000000;\">* &#8216;Il nous faut un ministre des Finances pour ex\u00e9cuter les mesures annonc\u00e9es, sans quoi Moody&#8217;s se pr\u00e9sentera de nouveau&#8217;<\/span><\/h3>\n<hr \/>\n<p><span style=\"color: #800000;\"><strong>Tout incident impliquant des acteurs de la classe politique suscite imm\u00e9diatement des r\u00e9actions. Il en est ainsi depuis que le conflit entre une Ministre de Tutelle et une Junior Minister est devenu public. Alors que pour certains, il ne s\u2019agit que d\u2019une bagarre entre deux personnalit\u00e9s fortes, d\u2019autres y voient une m\u00e9sentente s\u00e9rieuse au sein de l&#8217;Alliance du Changement. Quant \u00e0 Jean Claude de l\u2019Estrac, il propose d\u2019axer la r\u00e9flexion sur les facteurs institutionnels, personnels et politiques en jeu, mais aussi d\u2019\u00e9tendre l\u2019analyse sur la sant\u00e9 du gouvernement, les d\u00e9fis des r\u00e9formes \u00e9conomiques et le d\u00e9senchantement croissant de la population, r\u00e9v\u00e9lateur d\u2019un d\u00e9ficit de communication entre les \u00e9lus et le peuple.<\/strong><\/span><\/p>\n<hr \/>\n<p><span style=\"color: #000000;\"><strong><span style=\"color: #ff0000;\">Mauritius Times\u00a0:<\/span> L&#8217;affaire du conflit opposant la <em>Junior Minister<\/em> Anishta Babooram \u00e0 la ministre de l&#8217;\u00c9galit\u00e9 des genres, Arianne Navarre-Marie, est-elle, selon vous, le sympt\u00f4me d&#8217;une m\u00e9sentente assez s\u00e9rieuse au sein de l&#8217;Alliance du Changement ? Ou n&#8217;est-ce qu&#8217;un simple feu de paille occasionn\u00e9 par les egos de deux femmes issues de cultures politiques diff\u00e9rentes ?<\/strong><\/span><\/p>\n<p><span style=\"color: #000000;\"><span style=\"color: #ff0000;\"><strong>Jean Claude de l&#8217;Estrac\u00a0: <\/strong><\/span>Je vois trois explications \u00e0 ce mini drame : l\u2019institutionnel, le personnel, la politique.<\/span><\/p>\n<p><span style=\"color: #000000;\">La premi\u00e8re raison de ce conflit tient \u00e0 l\u2019ambigu\u00eft\u00e9 de la fonction d\u2019un <em>Junior minister<\/em> dont le r\u00f4le n\u2019a \u00e9t\u00e9 d\u00e9fini nulle part. Chaque <em>Junior minister<\/em> s\u2019est donc donn\u00e9 sa propre d\u00e9finition de son r\u00f4le et de ses pouvoirs. Le conseil des ministres devrait urgemment profiter de l\u2019occasion de ce conflit pour apporter une n\u00e9cessaire clarification.<\/span><\/p>\n<p><span style=\"color: #000000;\">Peut-\u00eatre aussi sur le r\u00f4le et les pouvoirs d\u2019un Premier ministre adjoint. L\u00e0 aussi, il y a des raisons de penser que des pr\u00e9cisions sont devenues essentielles. M\u00eame si Paul B\u00e9renger a r\u00e9ussi, hier, au cours d\u2019une conf\u00e9rence de presse bienvenue, concr\u00e8te et p\u00e9dagogique, \u00e0 donner une vraie consistance \u00e0 son r\u00f4le et sa contribution au gouvernement. Ils sont r\u00e9els.<\/span><\/p>\n<p><span style=\"color: #000000;\">La deuxi\u00e8me raison est une affaire de personnalit\u00e9s. Il y des ministres qui ont horreur que quiconque leur fasse de l\u2019ombre. Cela peut aller tr\u00e8s loin. Il y a des <em>Juniors<\/em> qui r\u00eavent d\u2019\u00eatre <em>Seniors<\/em>. C\u2019est la recette de la crise.<\/span><\/p>\n<p><span style=\"color: #000000;\">Enfin, il y a le rapport de forces politique. Dans une situation parfois conflictuelle entre partenaires, la cohabitation entre deux sensibilit\u00e9s diff\u00e9rentes, peut devenir probl\u00e9matique surtout si les deux premi\u00e8res conditions sont r\u00e9unies. Mais ce n\u2019est pas une fatalit\u00e9. Il y a aussi des exemples de rapports confiants.<\/span><\/p>\n<p><span style=\"color: #000000;\"><strong>* Cette affaire, et probablement d&#8217;autres sujets de d\u00e9saccord entre les deux principaux partenaires de l&#8217;Alliance qui ne sont pas \u00e9tal\u00e9s sur la place publique, ne sont pas susceptibles de mettre en p\u00e9ril cette entente. On pourrait croire que Navin Ramgoolam et Paul B\u00e9renger ont un int\u00e9r\u00eat mutuel \u00e0 pr\u00e9server leur alliance, ou qu&#8217;ils se sont grandement investis pour assurer sa p\u00e9rennit\u00e9 \u00e0 long terme. Quelle est votre analyse de leur agenda personnel et de celui de leur parti respectif ?<\/strong><\/span><\/p>\n<p><span style=\"color: #000000;\">Je n\u2019ai pas connaissance de l\u2019agenda personnel \u00e0 long terme et parfaitement ma\u00eetris\u00e9 de chacun des protagonistes. Mais je suis instruit par l\u2019histoire. Je sais qu\u2019il peut advenir un moment o\u00f9 une dynamique qui d\u00e9passe les volont\u00e9s, s\u2019installe. J\u2019ai d\u00e9j\u00e0 vu se d\u00e9rouler ce psychodrame national. C\u2019est pourquoi il faut prendre au s\u00e9rieux ce qui peut para\u00eetre, au d\u00e9part, comme des bisbilles que l\u2019on a tendance \u00e0 minimiser. Il faut toujours garder en t\u00eate le ph\u00e9nom\u00e8ne de la derni\u00e8re goutte d\u2019eau qui fait d\u00e9border le vase&#8230; Il faut esp\u00e9rer que nous n\u2019en sommes pas l\u00e0.<\/span><\/p>\n<p><span style=\"color: #000000;\">Je suis certain que les int\u00e9ress\u00e9s en sont conscients. Mais il y a des signaux inqui\u00e9tants, et ils sont de plus en plus du domaine public. Hier, le Premier ministre adjoint a fait une sortie publique dont on peut penser que l\u2019objectif principal \u00e9tait de rassurer la population sur le bon fonctionnement politique de l\u2019Alliance au gouvernement. B\u00e9renger a pris grand soin de prendre tout le monde \u00ab on board \u00bb -comme il le dit souvent.<\/span><\/p>\n<p><span style=\"color: #000000;\">Plus inqui\u00e9tante encore est la question de la p\u00e9rennisation des partis politiques. Dans le cas des deux principaux partis au gouvernement, leurs leaders sont en fin de carri\u00e8re. L\u00e0 encore, les leaders-propri\u00e9taires des partis n\u2019ont jamais voulu pr\u00e9parer un plan de succession. On dirait qu\u2019ils se croient immortels.<\/span><\/p>\n<p><span style=\"color: #000000;\"><strong>* Dans de nombreux milieux, on soutient toutefois qu&#8217;il y a un sentiment de frustration sur le terrain. Ce sentiment serait li\u00e9 aux promesses \u00e9lectorales non tenues, aux r\u00e9formes, comme celle du syst\u00e8me de retraite, qui n&#8217;auraient pas \u00e9t\u00e9 suffisamment expliqu\u00e9es, aux nominations controvers\u00e9es ou laiss\u00e9es en suspens, ainsi qu&#8217;aux r\u00e9sultats qui tardent \u00e0 venir. Cependant, il n&#8217;est pas \u00e9vident que le gouvernement actuel puisse satisfaire tout le monde et obtenir des r\u00e9sultats probants en si peu de temps, n&#8217;est-ce pas ?<\/strong><\/span><\/p>\n<p><span style=\"color: #000000;\">Bien s\u00fbr. Mais le gouvernement s\u2019est largement pi\u00e9g\u00e9 par la course aux promesses d\u00e9magogiques. Une minorit\u00e9 d\u2019\u00e9lecteurs savaient parfaitement que nombre de ces promesses financi\u00e8res \u00e9taient intenables. Mais beaucoup y ont cru, d\u2019o\u00f9 le d\u00e9senchantement.<\/span><\/p>\n<p><span style=\"color: #000000;\">Mais bien au-del\u00e0 de ces frustrations, se d\u00e9veloppe le sentiment que le gouvernement t\u00e2tonne, qu\u2019il est lent, qu\u2019il est contradictoire, qu\u2019il est ind\u00fbment centralisateur, que les vieux d\u00e9mons ressuscitent, qu\u2019il ne sait pas parler \u00e0 la population m\u00eame pour promouvoir ses r\u00e9alisations, il y en a.<\/span><\/p>\n<p><span style=\"color: #000000;\">La pire des choses qui pourrait arriver au pays, en la conjoncture, c\u2019est une crise politique. J\u2019esp\u00e8re que les leaders mesurent leurs responsabilit\u00e9s. Que des divergences existent entre les deux t\u00eates de l\u2019ex\u00e9cutif n\u2019est pas une r\u00e9v\u00e9lation. Pour les avoir d\u00e9j\u00e0 vu \u00e0 l\u2019\u0153uvre, ensemble ou s\u00e9par\u00e9ment, nous savons qu\u2019il y a l\u00e0 deux conceptions diff\u00e9rentes sinon antagonistes de l\u2019exercice du pouvoir. C\u2019est cela qui se manifeste dans leurs relations m\u00eame s\u2019il nous joue, l\u2019un et l\u2019autre, la com\u00e9die de l\u2019entente parfaite. Mais tout compte fait, il vaut mieux la com\u00e9die que le drame\u2026<\/span><\/p>\n<p><span style=\"color: #000000;\"><strong>* Le gouvernement a maintenu sa position sur la r\u00e9forme du syst\u00e8me de retraite malgr\u00e9 le m\u00e9contentement d&#8217;une grande partie de la population. Cette r\u00e9forme \u00e9tait sans doute n\u00e9cessaire, au fait &#8220;long due&#8221;. Le gouvernement esp\u00e8re probablement que les Mauriciens finiront par comprendre l&#8217;enjeu de cette r\u00e9forme, afin qu&#8217;elle ne compromette pas leur capital \u00e9lectoral le moment venu. Mais est-ce un pari risqu\u00e9 ?<\/strong><\/span><\/p>\n<p><span style=\"color: #000000;\">Je pense que le gouvernement a fait ce qu\u2019il fallait faire. Mais il l\u2019a fait de la plus mauvaise mani\u00e8re qui soit. Je ne sais \u00e0 quoi sert son arm\u00e9e de communicants. Il y avait plusieurs options : je pense que la perception publique aurait \u00e9t\u00e9 autre si, par exemple, la r\u00e9forme sur la pension avait \u00e9t\u00e9 d\u00e9coupl\u00e9e des propositions financi\u00e8res du budget. Elle est vue aujourd\u2019hui comme une mani\u00e8re cynique du gouvernement de faire des \u00e9conomies sur le dos des pensionn\u00e9s. A la v\u00e9rit\u00e9, le pays vit une transition d\u00e9mographique, catastrophique et existentielle, qui n\u2019a pas \u00e9t\u00e9 suffisamment expliqu\u00e9e \u00e0 la population. Le probl\u00e8me n\u2019est pas seulement \u00e9conomique, il n\u2019est passeulement mauricien non plus.<\/span><\/p>\n<p><span style=\"color: #000000;\">Quel sera l\u2019\u00e9tat de l\u2019opinion dans cinq ans, personne ne peut le dire \u00e0 ce stade. Beaucoup d\u00e9pendra alors de ce qui aura \u00e9t\u00e9 l\u2019\u00e9volution de l\u2019\u00e9conomie, la croissance, la qualit\u00e9 de la gouvernance, l\u2019\u00e9mergence de nouveaux leaders\u2026<\/span><\/p>\n<p><span style=\"color: #000000;\"><strong>* Le sentiment de frustration concernant les r\u00e9sultats qui tardent \u00e0 venir est-il justifi\u00e9, selon vous ? C&#8217;est probablement faire preuve de m\u00e9connaissance du fonctionnement du gouvernement, avec ses proc\u00e9dures lourdes et chronophages, mais dans la majorit\u00e9 des cas obligatoires de par la loi, que de penser que les grands chantiers vont prendre forme assez rapidement, d\u00e8s la premi\u00e8re ann\u00e9e du mandat du gouvernement. Votre opinion ?<\/strong><\/span><\/p>\n<p><span style=\"color: #000000;\">Bien s\u00fbr que Rome n\u2019a pas \u00e9t\u00e9 construit en un jour. Mais au bout de 300 jours, on commence \u00e0 se poser des questions tout de m\u00eame\u2026 Certains retards sont inexpliqu\u00e9s et intol\u00e9rables. Il y a des probl\u00e8mes qui ne pourront \u00eatre r\u00e9solus que dans le temps. Mais il n\u2019en demeure pas moins vrai qu\u2019une part du probl\u00e8me vient d\u2019une hypercentralisation, elle m\u00eame n\u00e9e d\u2019un manque de confiance entre partenaires politiques.<\/span><\/p>\n<p><span style=\"color: #000000;\">Une des cl\u00e9s du succ\u00e8s d\u2019Anerood Jugnauth, Premier ministre, c\u2019est qu\u2019il faisait une confiance absolue \u00e0 ses ministres et les laissait travailler.<\/span><\/p>\n<p><span style=\"color: #000000;\">Tout s\u2019est compliqu\u00e9 depuis : un appareil politique centralisateur, une fonction publique plus peureuse que jamais, une horde de conseillers qui se croient d\u00e9cideurs, un gouvernement \u00e0 quatre t\u00eates. Deux demi-t\u00eates peut-\u00eatre\u2026<\/span><\/p>\n<p><span style=\"color: #000000;\"><strong>* Par ailleurs, le revirement du gouvernement concernant l&#8217;imp\u00f4t sur les soci\u00e9t\u00e9s (<em>Corporate Income Tax<\/em>) et le moratoire sur les nouvelles taxes pour les projets immobiliers, tels qu&#8217;annonc\u00e9s r\u00e9cemment \u2013 qui sont per\u00e7us comme des concessions fiscales accord\u00e9es au &#8220;big business&#8221; et aux personnes \u00e0 hauts revenus, tout en imposant l&#8217;aust\u00e9rit\u00e9 aux personnes \u00e0 faibles revenus qui d\u00e9pendent des pensions de vieillesse \u2013 ne passe pas bien aupr\u00e8s de tout le monde. Voyez-vous ces mesures fiscales compatibles avec les promesses d&#8217;un d\u00e9veloppement \u00e9conomique \u00e9quitable et inclusif pour l&#8217;ensemble de la population mauricienne ?<\/strong><\/span><\/p>\n<p><span style=\"color: #000000;\">La croissance \u00ab\u00a0stupid\u00a0\u00bb, comme aurait dit l\u2019autre. L\u2019exercice est effectivement d\u00e9licat. Il est bien s\u00fbr indispensable dans la situation difficile dans laquelle on se trouve, et que l\u2019on ne peut pas nier, que les sacrifices \u00e0 faire soient \u00e9quitablement r\u00e9partis.<\/span><\/p>\n<p><span style=\"color: #000000;\">En filigrane dans le discours du budget, il y avait une parade pour \u00e9viter un d\u00e9classement de Moody\u2019s. Beaucoup d\u2019\u00e9lecteurs ne semblent pas attacher une grande importance \u00e0 la question. Toutefois, ils ont tort. Une mauvaise notation de cette agence aurait eu des graves cons\u00e9quences pour l\u2019\u00e9conomie du pays : un ralentissement des investissements \u00e9trangers dont nous avons tant besoin, un acc\u00e8s rench\u00e9ri \u00e0 l\u2019emprunt international qui aurait alourdi davantage le service de la dette, d\u00e9j\u00e0 exorbitant.<\/span><\/p>\n<p><span style=\"color: #000000;\">Il fallait montrer la volont\u00e9 d\u2019assainissement mais sans envoyer des mauvais signaux susceptibles de freiner l\u2019\u00e9lan des investisseurs, locaux et \u00e9trangers. Le Premier ministre vient de la redire, \u00e0 juste raison, seule une collaboration intelligente et confiante, secteur priv\u00e9-Etat peut produire la croissance escompt\u00e9e.<\/span><\/p>\n<p><span style=\"color: #000000;\"><strong>* Une forte attente p\u00e8se sur les enqu\u00eates de la Financial Crimes Commission (FCC), largement relay\u00e9es par les m\u00e9dias depuis un certain temps. Apr\u00e8s des ann\u00e9es de pillage des caisses de l&#8217;\u00c9tat dans de multiples institutions, comme rapport\u00e9 par le Directeur de l&#8217;Audit ann\u00e9e apr\u00e8s ann\u00e9e, la population mauricienne est en droit d&#8217;attendre des r\u00e9sultats tangibles. Pensez-vous que ces enqu\u00eates aboutiront \u00e0 des poursuites judiciaires concr\u00e8tes ou s&#8217;inscriront-elles dans un cycle de rapports sans suite, comme on a pu le voir par le pass\u00e9 ?<\/strong><\/span><\/p>\n<p><span style=\"color: #000000;\">Rien n\u2019aura chang\u00e9 alors. La population n\u2019attend pas que des \u00ab poursuites judiciaires concr\u00e8tes \u00bb, elle veut voir l\u2019aboutissement de ces poursuites : la prison pour les malfrats. Cela tarde, mais c\u2019est compr\u00e9hensible, l\u2019administration de la justice est naturellement longue. Ce qui serait d\u00e9sastreux pour les institutions, la police, le judiciaire, c\u2019est qu\u2019en fin de compte, jamais personne ne paie pour ses crimes.<\/span><\/p>\n<p><span style=\"color: #000000;\">Notons qu\u2019il y a eu ces jours derniers, des indications d\u2019une meilleure coordination entre les agences concern\u00e9es.<\/span><\/p>\n<p><span style=\"color: #000000;\"><strong>* Selon vous, quelle est l&#8217;\u00e9tendue r\u00e9elle de cette corruption syst\u00e9mique ? Et, au-del\u00e0 des intentions affich\u00e9es, existe-t-il une v\u00e9ritable volont\u00e9 politique et un soutien institutionnel suffisant pour que ces enqu\u00eates aboutissent enfin et r\u00e9pondent \u00e0 cette attente populaire ?<\/strong><\/span><\/p>\n<p><span style=\"color: #000000;\">La corruption est partout, la petite comme la grande. Les enqu\u00eates polici\u00e8res et l\u2019administration de la justice ne d\u00e9pendent pas de la politique, en principe en tout cas.<\/span><\/p>\n<p><span style=\"color: #000000;\">Moi, ce qui m\u2019inqui\u00e8te au plus haut point, c\u2019est l\u2019\u00e9tat de d\u00e9p\u00e9rissement d\u2019une partie de la force polici\u00e8re. J\u2019en suis \u00e0 penser qu\u2019une grande partie de nos probl\u00e8mes d\u2019ordre public &#8211; la drogue, l\u2019ins\u00e9curit\u00e9, les violences &#8211; sont dus \u00e0 la d\u00e9liquescence de l\u2019autorit\u00e9 polici\u00e8re, de haut en bas. On frisonne \u00e0 l\u2019id\u00e9e de ce qui aurait pu se passer, si le fonctionnement mafieux de certaines instances polici\u00e8res n\u2019avait pas \u00e9t\u00e9 d\u00e9masqu\u00e9.<\/span><\/p>\n<p><span style=\"color: #000000;\">Il faut esp\u00e9rer maintenant des punitions exemplaires.<\/span><\/p>\n<p><span style=\"color: #000000;\"><strong>* Au bout du compte, ce qui primera aux yeux de l&#8217;\u00e9lectorat, au-del\u00e0 de l&#8217;\u00e9quit\u00e9 et de la bonne gouvernance, c&#8217;est l&#8217;\u00e9tat de son porte-monnaie. Cela d\u00e9pendra d&#8217;une v\u00e9ritable reprise \u00e9conomique. Au vu du contexte \u00e9conomique local et international, et avec un ministre des Finances \u00e0 temps partiel, une telle reprise est-elle cr\u00e9dible ?<\/strong><\/span><\/p>\n<p><span style=\"color: #000000;\">Elle ne pointe pas encore du nez.<\/span><\/p>\n<p><span style=\"color: #000000;\">Vous avez raison, il nous faudrait maintenant un ministre des Finances, charg\u00e9 plus sp\u00e9cialement de l\u2019ex\u00e9cution des mesures annonc\u00e9es. Faute de quoi, Moody&#8217;s se pr\u00e9sentera de nouveau \u00e0 nos portes dans quelques mois.<\/span><\/p>\n<hr \/>\n<p><span style=\"color: #800000;\">Mauritius Times ePaper Friday 8 August 2025<\/span><\/p>\n","protected":false},"excerpt":{"rendered":"<p>Interview\u00a0: Jean Claude de l&#8217;Estrac<\/p>\n","protected":false},"author":1,"featured_media":11232,"comment_status":"open","ping_status":"open","sticky":false,"template":"","format":"standard","meta":{"jetpack_post_was_ever_published":false,"_jetpack_newsletter_access":"","_jetpack_dont_email_post_to_subs":false,"_jetpack_newsletter_tier_id":0,"_jetpack_memberships_contains_paywalled_content":false,"_jetpack_memberships_contains_paid_content":false,"footnotes":"","jetpack_publicize_message":"","jetpack_publicize_feature_enabled":true,"jetpack_social_post_already_shared":true,"jetpack_social_options":{"image_generator_settings":{"template":"highway","default_image_id":0,"font":"","enabled":false},"version":2}},"categories":[32,6],"tags":[48529,284,55112,55129,18409,55133,51307,17154,2395,55123,42900,4853,55121,36367,50613,55119,53075,37718,55114,49445,22633,9877,55127,55132,18178,27113,55128,55130,19518,665,45310,812,55086,5718,36,55113,22280,55131,55124,49,5147,42382,55116,3639,55137,55115,55126,55117,55136,55120,9197,55138,54467,36960,55134,55122,55118,10804,55125,55135,53040],"class_list":["post-44088","post","type-post","status-publish","format-standard","has-post-thumbnail","hentry","category-interviews","category-latest-news","tag-alliance-du-changement","tag-anerood-jugnauth","tag-anishta-babooram","tag-appareil-politique","tag-arianne-navarre-marie","tag-assainissement","tag-austerite","tag-big-business","tag-budget","tag-capital-electoral","tag-collaboration","tag-communication","tag-conceptions-du-pouvoir","tag-conseil-des-ministres","tag-contexte","tag-contradiction","tag-corruption-systemique","tag-crise-politique","tag-cultures-politiques-differentes","tag-dette","tag-directeur-de-laudit","tag-electorat","tag-evolution-economique","tag-faibles-revenus","tag-financial-crimes-commission","tag-gouvernance","tag-hypercentralisation","tag-impot-societes","tag-insecurite","tag-interview","tag-investisseurs","tag-jean-claude-de-lestrac","tag-junior-minister","tag-mafia","tag-mauritius-times","tag-ministre-de-legalite-des-genres","tag-ministre-des-finances","tag-moratoire","tag-pari-risque","tag-paul-berenger","tag-pension","tag-pensionnes","tag-plan-de-succession","tag-police","tag-porte-monnaie","tag-premier-ministre-adjoint","tag-probleme-economique","tag-promesses-demagogiques","tag-punitions","tag-realisations","tag-reforme","tag-reprise-economique","tag-retraite","tag-secteur-prive","tag-soutien-institutionnel","tag-systeme-de-retraite","tag-tatonnement","tag-taxes","tag-transition-demographique","tag-violences","tag-volonte-politique"],"jetpack_publicize_connections":[],"jetpack_featured_media_url":"https:\/\/i0.wp.com\/www.mauritiustimes.com\/mt\/wp-content\/uploads\/2017\/12\/Jean-Claude-De-lextrac-7.jpg?fit=995%2C480&ssl=1","jetpack_sharing_enabled":true,"jetpack_shortlink":"https:\/\/wp.me\/p8QzSF-bt6","_links":{"self":[{"href":"https:\/\/www.mauritiustimes.com\/mt\/wp-json\/wp\/v2\/posts\/44088","targetHints":{"allow":["GET"]}}],"collection":[{"href":"https:\/\/www.mauritiustimes.com\/mt\/wp-json\/wp\/v2\/posts"}],"about":[{"href":"https:\/\/www.mauritiustimes.com\/mt\/wp-json\/wp\/v2\/types\/post"}],"author":[{"embeddable":true,"href":"https:\/\/www.mauritiustimes.com\/mt\/wp-json\/wp\/v2\/users\/1"}],"replies":[{"embeddable":true,"href":"https:\/\/www.mauritiustimes.com\/mt\/wp-json\/wp\/v2\/comments?post=44088"}],"version-history":[{"count":2,"href":"https:\/\/www.mauritiustimes.com\/mt\/wp-json\/wp\/v2\/posts\/44088\/revisions"}],"predecessor-version":[{"id":44090,"href":"https:\/\/www.mauritiustimes.com\/mt\/wp-json\/wp\/v2\/posts\/44088\/revisions\/44090"}],"wp:featuredmedia":[{"embeddable":true,"href":"https:\/\/www.mauritiustimes.com\/mt\/wp-json\/wp\/v2\/media\/11232"}],"wp:attachment":[{"href":"https:\/\/www.mauritiustimes.com\/mt\/wp-json\/wp\/v2\/media?parent=44088"}],"wp:term":[{"taxonomy":"category","embeddable":true,"href":"https:\/\/www.mauritiustimes.com\/mt\/wp-json\/wp\/v2\/categories?post=44088"},{"taxonomy":"post_tag","embeddable":true,"href":"https:\/\/www.mauritiustimes.com\/mt\/wp-json\/wp\/v2\/tags?post=44088"}],"curies":[{"name":"wp","href":"https:\/\/api.w.org\/{rel}","templated":true}]}}