{"id":43951,"date":"2025-07-25T22:44:40","date_gmt":"2025-07-25T18:44:40","guid":{"rendered":"https:\/\/www.mauritiustimes.com\/mt\/?p=43951"},"modified":"2025-07-26T07:56:31","modified_gmt":"2025-07-26T03:56:31","slug":"lintelligence-artificielle-sinvite-en-politique","status":"publish","type":"post","link":"https:\/\/www.mauritiustimes.com\/mt\/lintelligence-artificielle-sinvite-en-politique\/","title":{"rendered":"L&#8217;intelligence artificielle s&#8217;invite en politique"},"content":{"rendered":"<h3 style=\"text-align: center;\"><span style=\"color: #800000;\"><em>Sommes-nous \u00e0 l&#8217;aube de l&#8217;\u00e8re des dirigeants robots<\/em><em> ? <\/em><\/span><!--more--><\/h3>\n<p><span style=\"color: #0000ff;\"><strong>Par A. Bartleby<\/strong><\/span><\/p>\n<p><span style=\"color: #000000;\">\u00c0 une \u00e9poque de m\u00e9fiance croissante envers le leadership politique, une question fascinante, quoique troublante, a \u00e9merg\u00e9 des profondeurs du progr\u00e8s technologique : l&#8217;intelligence artificielle pourrait-elle un jour gouverner nos soci\u00e9t\u00e9s ? Ce n&#8217;est pas seulement de la science-fiction dystopique ou un d\u00e9bat acad\u00e9mique abstrait ; une enqu\u00eate mondiale de 2021, par exemple, a r\u00e9v\u00e9l\u00e9 un niveau \u00e9tonnamment \u00e9lev\u00e9 de soutien public pour remplacer au moins certains politiciens par l&#8217;IA. Notamment, la Chine a men\u00e9 la charge avec un remarquable 75 % des r\u00e9pondants exprimant leur faveur pour une &#8220;algocratie&#8221; \u2013 un syst\u00e8me de gouvernance par algorithme. Alors que le spectre de dirigeants robots froids et calculateurs se retournant contre l&#8217;humanit\u00e9 domine souvent ces discussions, la journaliste bas\u00e9e \u00e0 P\u00e9kin, Pallavi Aiyar, dans son \u00e9clairante newsletter <em>The Global Jigsaw<\/em>, soutient de mani\u00e8re convaincante que ces craintes pourraient en fait \u00eatre &#8220;exag\u00e9r\u00e9es&#8221;.<\/span><\/p>\n<p style=\"text-align: center;\"><span style=\"color: #000000;\"><img data-recalc-dims=\"1\" loading=\"lazy\" decoding=\"async\" data-attachment-id=\"43952\" data-permalink=\"https:\/\/www.mauritiustimes.com\/mt\/lintelligence-artificielle-sinvite-en-politique\/e-le-robot-artiste-ai-da-sest-recemment-adresse-a-la-chambre-des-lords-au-royaume-uni-p-afp\/\" data-orig-file=\"https:\/\/i0.wp.com\/www.mauritiustimes.com\/mt\/wp-content\/uploads\/2025\/07\/E-Le-robot-artiste-Ai-Da-sest-recemment-adresse-a-la-Chambre-des-Lords-au-Royaume-Uni.-P-AFP.jpg?fit=1200%2C677&amp;ssl=1\" data-orig-size=\"1200,677\" data-comments-opened=\"1\" data-image-meta=\"{&quot;aperture&quot;:&quot;0&quot;,&quot;credit&quot;:&quot;&quot;,&quot;camera&quot;:&quot;&quot;,&quot;caption&quot;:&quot;&quot;,&quot;created_timestamp&quot;:&quot;0&quot;,&quot;copyright&quot;:&quot;&quot;,&quot;focal_length&quot;:&quot;0&quot;,&quot;iso&quot;:&quot;0&quot;,&quot;shutter_speed&quot;:&quot;0&quot;,&quot;title&quot;:&quot;&quot;,&quot;orientation&quot;:&quot;0&quot;}\" data-image-title=\"E &amp;#8212; Le robot-artiste Ai-Da s&amp;#8217;est r\u00e9cemment adress\u00e9 \u00e0 la Chambre des Lords au Royaume-Uni. P &amp;#8211; AFP\" data-image-description=\"\" data-image-caption=\"\" data-large-file=\"https:\/\/i0.wp.com\/www.mauritiustimes.com\/mt\/wp-content\/uploads\/2025\/07\/E-Le-robot-artiste-Ai-Da-sest-recemment-adresse-a-la-Chambre-des-Lords-au-Royaume-Uni.-P-AFP.jpg?fit=640%2C361&amp;ssl=1\" class=\"aligncenter wp-image-43952\" src=\"https:\/\/i0.wp.com\/www.mauritiustimes.com\/mt\/wp-content\/uploads\/2025\/07\/E-Le-robot-artiste-Ai-Da-sest-recemment-adresse-a-la-Chambre-des-Lords-au-Royaume-Uni.-P-AFP.jpg?resize=640%2C361&#038;ssl=1\" alt=\"\" width=\"640\" height=\"361\" srcset=\"https:\/\/i0.wp.com\/www.mauritiustimes.com\/mt\/wp-content\/uploads\/2025\/07\/E-Le-robot-artiste-Ai-Da-sest-recemment-adresse-a-la-Chambre-des-Lords-au-Royaume-Uni.-P-AFP.jpg?w=1200&amp;ssl=1 1200w, https:\/\/i0.wp.com\/www.mauritiustimes.com\/mt\/wp-content\/uploads\/2025\/07\/E-Le-robot-artiste-Ai-Da-sest-recemment-adresse-a-la-Chambre-des-Lords-au-Royaume-Uni.-P-AFP.jpg?resize=300%2C169&amp;ssl=1 300w, https:\/\/i0.wp.com\/www.mauritiustimes.com\/mt\/wp-content\/uploads\/2025\/07\/E-Le-robot-artiste-Ai-Da-sest-recemment-adresse-a-la-Chambre-des-Lords-au-Royaume-Uni.-P-AFP.jpg?resize=1024%2C578&amp;ssl=1 1024w, https:\/\/i0.wp.com\/www.mauritiustimes.com\/mt\/wp-content\/uploads\/2025\/07\/E-Le-robot-artiste-Ai-Da-sest-recemment-adresse-a-la-Chambre-des-Lords-au-Royaume-Uni.-P-AFP.jpg?resize=768%2C433&amp;ssl=1 768w\" sizes=\"auto, (max-width: 640px) 100vw, 640px\" \/><\/span><span style=\"color: #ff6600;\"><strong>Le robot-artiste Ai-Da s\u2019est r\u00e9cemment adress\u00e9 \u00e0 la Chambre des Lords au Royaume-Uni. P &#8211; AFP<\/strong><\/span><\/p>\n<p><span style=\"color: #000000;\">Aiyar, explorant les possibilit\u00e9s nuanc\u00e9es d&#8217;un tel avenir, postule un cadre potentiel o\u00f9 les humains conserveraient le contr\u00f4le ultime de la direction et des objectifs g\u00e9n\u00e9raux de la soci\u00e9t\u00e9. Dans cette relation symbiotique, l&#8217;intelligence artificielle serait alors charg\u00e9e de la responsabilit\u00e9 monumentale d&#8217;atteindre efficacement et de mani\u00e8re optimale ces objectifs d\u00e9finis par l&#8217;homme. Ce mod\u00e8le, sugg\u00e8re-t-elle, pourrait fonctionner d&#8217;une mani\u00e8re \u00e9tonnamment similaire \u00e0 une technocratie, o\u00f9 la l\u00e9gitimit\u00e9 politique d\u00e9coule non pas du processus politique traditionnel, souvent lourd et opaque, mais directement de r\u00e9sultats tangibles et mesurables. Dans un tel syst\u00e8me, l&#8217;IA ne dicterait pas les valeurs ou les aspirations \u00e0 ses utilisateurs humains, mais servirait plut\u00f4t de solutionneur de probl\u00e8mes ultime, optimisant m\u00e9ticuleusement les chemins pour r\u00e9aliser les objectifs humains collectifs.De mani\u00e8re intrigante, le concept de gouvernance pilot\u00e9e par l&#8217;IA n&#8217;est pas enti\u00e8rement confin\u00e9 aux discussions th\u00e9oriques ou aux essais sp\u00e9culatifs. Nous avons d\u00e9j\u00e0 commenc\u00e9 \u00e0 assister \u00e0 des fusions pr\u00e9coces, bien qu&#8217;exp\u00e9rimentales, de l&#8217;intelligence artificielle et de la politique prenant forme dans le monde r\u00e9el.<\/span><\/p>\n<p><span style=\"color: #000000;\">Un exemple notable et particuli\u00e8rement stimulant est l&#8217;\u00e9mergence en 2022 du &#8220;Parti Synth\u00e9tique Danois&#8221; par un collectif d&#8217;artistes danois. Cette entit\u00e9 politique avant-gardiste s&#8217;est distingu\u00e9e en ayant l&#8217;int\u00e9gralit\u00e9 de sa plateforme m\u00e9ticuleusement programm\u00e9e par un chatbot sophistiqu\u00e9, qui a puis\u00e9 ses principes id\u00e9ologiques et ses propositions politiques dans un vaste \u00e9ventail de groupes marginaux.<\/span><\/p>\n<p><span style=\"color: #000000;\">Bien que le chatbot lui-m\u00eame, en tant qu&#8217;entit\u00e9 non humaine, n&#8217;ait jamais \u00e9t\u00e9 \u00e9ligible pour figurer sur un bulletin de vote, ses partisans humains se sont engag\u00e9s sans \u00e9quivoque \u00e0 mettre en \u0153uvre le programme m\u00e9ticuleusement con\u00e7u par l&#8217;IA, offrant un aper\u00e7u convaincant d&#8217;un avenir o\u00f9 l&#8217;intelligence artificielle pourrait influencer directement non seulement les plateformes politiques, mais, par extension, le tissu m\u00eame de la gouvernance.<\/span><\/p>\n<p><span style=\"color: #000000;\">Ces d\u00e9veloppements continus, allant des changements intrigants de l&#8217;opinion publique, comme en t\u00e9moignent les enqu\u00eates mondiales, \u00e0 la manifestation tangible d&#8217;exp\u00e9riences politiques naissantes, nous obligent collectivement \u00e0 consid\u00e9rer s\u00e9rieusement le paysage en \u00e9volution rapide du leadership. Alors que la confiance dans les syst\u00e8mes politiques traditionnels continue son d\u00e9clin perceptible dans de nombreuses r\u00e9gions du globe, l&#8217;attrait d&#8217;un &#8220;dirigeant robot&#8221;, objectif et purement ax\u00e9 sur les donn\u00e9es, pourrait en effet cro\u00eetre, offrant une alternative apparemment non corrompue.<\/span><\/p>\n<p><span style=\"color: #000000;\">Cependant, le chemin vers une algocratie est sem\u00e9 de questions complexes et cruciales qui exigent un examen attentif : comment fonctionnerait r\u00e9ellement la responsabilit\u00e9 dans un syst\u00e8me o\u00f9 les d\u00e9cisions sont prises par des algorithmes ? Quelles garanties robustes devraient \u00eatre m\u00e9ticuleusement mises en place pour emp\u00eacher les biais algorithmiques inh\u00e9rents de s&#8217;ancrer involontairement dans la politique ? Et, plus profond\u00e9ment, une soci\u00e9t\u00e9 humaine, avec toutes ses complexit\u00e9s inh\u00e9rentes, ses nuances \u00e9motionnelles et sa cr\u00e9ativit\u00e9 impr\u00e9visible, peut-elle r\u00e9ellement s&#8217;\u00e9panouir et prosp\u00e9rer sous la direction froide, rationnelle et enti\u00e8rement logique d&#8217;une machine ? La conversation ne fait que commencer.<\/span><\/p>\n<p><span style=\"color: #000000;\">Il est fascinant de voir comment des id\u00e9es qui semblaient autrefois relever de la science-fiction commencent \u00e0 prendre forme dans des exp\u00e9riences concr\u00e8tes, comme le Parti Synth\u00e9tique Danois. Cependant, les d\u00e9fis \u00e9thiques et pratiques sont immenses. La transparence, l&#8217;impartialit\u00e9 des donn\u00e9es d&#8217;entra\u00eenement, et la capacit\u00e9 \u00e0 g\u00e9rer la complexit\u00e9 des \u00e9motions et des valeurs humaines restent des obstacles majeurs. \u00c0 Maurice, une nation qui se tourne de plus en plus vers la technologie et l&#8217;innovation, ces discussions sont particuli\u00e8rement pertinentes. L&#8217;\u00e9quilibre entre l&#8217;efficacit\u00e9 potentielle de l&#8217;IA et la pr\u00e9servation de la dimension humaine et d\u00e9mocratique de la gouvernance sera crucial pour l&#8217;avenir de nos soci\u00e9t\u00e9s.<\/span><\/p>\n<p style=\"text-align: center;\"><span style=\"color: #000000;\"><strong>* * *<\/strong><\/span><\/p>\n<p style=\"text-align: center;\"><span style=\"color: #000000;\"><strong>Maurice et sa Diaspora<u><br \/>\n<\/u><\/strong><em>Un potentiel \u00e9conomique \u00e0 lib\u00e9rer, inspir\u00e9 par l&#8217;exp\u00e9rience internationale<\/em><\/span><\/p>\n<p><span style=\"color: #000000;\">La diaspora mauricienne repr\u00e9sente une richesse inestimable, non seulement en termes de liens culturels et familiaux, mais aussi comme un moteur potentiel de d\u00e9veloppement \u00e9conomique pour le pays. Le programme de la diaspora mauricienne, mis en place en 2015 et g\u00e9r\u00e9 par l&#8217;<em>Economic Development Board<\/em> (EDB), vise pr\u00e9cis\u00e9ment \u00e0 attirer les membres qualifi\u00e9s de cette diaspora pour qu&#8217;ils contribuent \u00e0 la croissance de l&#8217;\u00eele. Cependant, une question parlementaire r\u00e9cente a mis en lumi\u00e8re un obstacle r\u00e9glementaire per\u00e7u par certains : la section 132 de la <em>Companies Act<\/em>, qui exige la pr\u00e9sence d&#8217;au moins un administrateur r\u00e9sidant habituellement \u00e0 Maurice pour toute entreprise.<\/span><\/p>\n<p style=\"text-align: center;\"><span style=\"color: #000000;\"><img data-recalc-dims=\"1\" loading=\"lazy\" decoding=\"async\" data-attachment-id=\"43954\" data-permalink=\"https:\/\/www.mauritiustimes.com\/mt\/lintelligence-artificielle-sinvite-en-politique\/mauritian-diaspora-p-edb\/\" data-orig-file=\"https:\/\/i0.wp.com\/www.mauritiustimes.com\/mt\/wp-content\/uploads\/2025\/07\/Mauritian-Diaspora.-P-EDB.jpg?fit=1200%2C685&amp;ssl=1\" data-orig-size=\"1200,685\" data-comments-opened=\"1\" data-image-meta=\"{&quot;aperture&quot;:&quot;0&quot;,&quot;credit&quot;:&quot;&quot;,&quot;camera&quot;:&quot;&quot;,&quot;caption&quot;:&quot;&quot;,&quot;created_timestamp&quot;:&quot;0&quot;,&quot;copyright&quot;:&quot;&quot;,&quot;focal_length&quot;:&quot;0&quot;,&quot;iso&quot;:&quot;0&quot;,&quot;shutter_speed&quot;:&quot;0&quot;,&quot;title&quot;:&quot;&quot;,&quot;orientation&quot;:&quot;0&quot;}\" data-image-title=\"Mauritian Diaspora. P &amp;#8211; EDB\" data-image-description=\"\" data-image-caption=\"\" data-large-file=\"https:\/\/i0.wp.com\/www.mauritiustimes.com\/mt\/wp-content\/uploads\/2025\/07\/Mauritian-Diaspora.-P-EDB.jpg?fit=640%2C366&amp;ssl=1\" class=\"aligncenter size-full wp-image-43954\" src=\"https:\/\/i0.wp.com\/www.mauritiustimes.com\/mt\/wp-content\/uploads\/2025\/07\/Mauritian-Diaspora.-P-EDB.jpg?resize=640%2C365&#038;ssl=1\" alt=\"\" width=\"640\" height=\"365\" srcset=\"https:\/\/i0.wp.com\/www.mauritiustimes.com\/mt\/wp-content\/uploads\/2025\/07\/Mauritian-Diaspora.-P-EDB.jpg?w=1200&amp;ssl=1 1200w, https:\/\/i0.wp.com\/www.mauritiustimes.com\/mt\/wp-content\/uploads\/2025\/07\/Mauritian-Diaspora.-P-EDB.jpg?resize=300%2C171&amp;ssl=1 300w, https:\/\/i0.wp.com\/www.mauritiustimes.com\/mt\/wp-content\/uploads\/2025\/07\/Mauritian-Diaspora.-P-EDB.jpg?resize=1024%2C585&amp;ssl=1 1024w, https:\/\/i0.wp.com\/www.mauritiustimes.com\/mt\/wp-content\/uploads\/2025\/07\/Mauritian-Diaspora.-P-EDB.jpg?resize=768%2C438&amp;ssl=1 768w\" sizes=\"auto, (max-width: 640px) 100vw, 640px\" \/><\/span><span style=\"color: #ff6600;\"><strong>Au-del\u00e0 des simples transferts de fonds, l&#8217;engagement de la diaspora constitue un levier essentiel de d\u00e9veloppement \u00e9conomique, de plus en plus reconnu \u00e0 l&#8217;\u00e9chelle mondiale. P &#8211; EDB<\/strong><\/span><\/p>\n<p><span style=\"color: #000000;\">En r\u00e9ponse au parlementaire, le Dr Saumtally, qui a sugg\u00e9r\u00e9 d&#8217;amender la section 132 de la <em>Companies Act<\/em> pour les &#8220;one-person companies&#8221; de la diaspora (actuellement peu utilis\u00e9es malgr\u00e9 un investissement de Rs 250 000 requis), le Premier ministre a refus\u00e9, arguant que l&#8217;exigence d&#8217;un administrateur r\u00e9sident est un principe international pour toutes les entreprises mauriciennes, essentiel pour la r\u00e9glementation et la responsabilit\u00e9. Il a cependant promis une nouvelle strat\u00e9gie globale avec l&#8217;EDB pour rendre le <em>Mauritius Diaspora Scheme<\/em> moins restrictif et encourager le retour et la contribution de la diaspora.<\/span><\/p>\n<p style=\"text-align: center;\"><span style=\"color: #000000;\"><strong>Force de la diaspora\u00a0et b\u00e9n\u00e9fices<\/strong><\/span><\/p>\n<p><span style=\"color: #000000;\">L&#8217;engagement de la diaspora est un levier de d\u00e9veloppement \u00e9conomique de plus en plus reconnu \u00e0 l&#8217;\u00e9chelle mondiale. De nombreux pays ont mis en place des strat\u00e9gies innovantes pour exploiter pleinement le potentiel de leurs citoyens vivant \u00e0 l&#8217;\u00e9tranger, allant au-del\u00e0 des simples transferts de fonds.<\/span><\/p>\n<p><span style=\"color: #000000;\"><strong>1. Transferts de fonds et investissements cibl\u00e9s :<\/strong> Les remises de fonds de la diaspora repr\u00e9sentent souvent une source de devises \u00e9trang\u00e8res plus importante que l&#8217;aide au d\u00e9veloppement ou les investissements directs \u00e9trangers. Des pays comme l&#8217;Inde et les Philippines ont mis en place des m\u00e9canismes pour canaliser ces fonds vers des projets productifs, offrant parfois des obligations de la diaspora (<em>Diaspora Bonds<\/em>) avec des rendements attractifs, souvent d\u00e9di\u00e9es \u00e0 des infrastructures ou des secteurs cl\u00e9s. Le Nigeria, par exemple, a tripl\u00e9 ses offres d&#8217;obligations de la diaspora en raison de l&#8217;int\u00e9r\u00eat de ses membres.<\/span><\/p>\n<p><span style=\"color: #000000;\"><strong>2. Transfert de connaissances et de comp\u00e9tences (&#8220;Brain Gain&#8221;) :<\/strong> Plut\u00f4t que de subir une &#8220;fuite des cerveaux&#8221;, certains pays transforment ce d\u00e9fi en opportunit\u00e9 de &#8220;gain de cerveaux&#8221;. La Chine, par exemple, a attir\u00e9 des milliers de ses scientifiques, ing\u00e9nieurs et entrepreneurs de la Silicon Valley pour stimuler son secteur technologique, souvent sans exiger leur retour permanent. Des programmes de mentorat en ligne, des ateliers sp\u00e9cialis\u00e9s et des partenariats universitaires facilitent l&#8217;\u00e9change de savoir-faire. L&#8217;Irlande a \u00e9galement r\u00e9ussi \u00e0 engager sa diaspora pour le d\u00e9veloppement de son secteur des technologies de l&#8217;information.<\/span><\/p>\n<p><span style=\"color: #000000;\"><strong>3. Promotion du commerce et de l&#8217;investissement direct \u00e9tranger (IDE) :<\/strong> La diaspora peut servir de passerelle pr\u00e9cieuse pour le commerce international et l&#8217;attraction d&#8217;IDE. Les entrepreneurs de la diaspora, gr\u00e2ce \u00e0 leurs r\u00e9seaux et leur connaissance des march\u00e9s \u00e9trangers et locaux, peuvent faciliter les \u00e9changes commerciaux et les investissements transfrontaliers. Des chambres de commerce de la diaspora ou des plateformes d\u00e9di\u00e9es sont souvent cr\u00e9\u00e9es pour maximiser ces opportunit\u00e9s. Le succ\u00e8s de l&#8217;Inde dans le secteur informatique est en partie attribu\u00e9 \u00e0 la diaspora indienne aux \u00c9tats-Unis, ce qui a facilit\u00e9 les partenariats et les investissements.<\/span><\/p>\n<p><span style=\"color: #000000;\"><strong>4. Implication dans la politique et la diplomatie publique :<\/strong> Certaines diasporas s&#8217;engagent activement dans la politique de leur pays d&#8217;origine, influen\u00e7ant les politiques gouvernementales et servant d&#8217;ambassadeurs informels. Elles peuvent d\u00e9fendre les int\u00e9r\u00eats nationaux, promouvoir le tourisme et l&#8217;image du pays \u00e0 l&#8217;\u00e9tranger, et m\u00eame participer \u00e0 des initiatives de d\u00e9veloppement communautaire.<\/span><\/p>\n<p><span style=\"color: #000000;\"><strong>5. Facilitation du retour et de l&#8217;int\u00e9gration :<\/strong> Pour les membres de la diaspora souhaitant retourner au pays, des mesures incitatives telles que des all\u00e9gements fiscaux, des proc\u00e9dures d&#8217;immigration simplifi\u00e9es, et un soutien \u00e0 l&#8217;\u00e9tablissement d&#8217;entreprises sont cruciales. Des pays offrent des guichets uniques pour les services aux rapatri\u00e9s, facilitant leur r\u00e9int\u00e9gration sociale et \u00e9conomique. Certains ont m\u00eame mis en place des programmes de retour temporaire pour des missions sp\u00e9cifiques.<\/span><\/p>\n<p><span style=\"color: #000000;\"><strong>6. Programmes cibl\u00e9s pour les jeunes et les professionnels :<\/strong> Reconnaissant la diversit\u00e9 au sein de la diaspora, certains pays d\u00e9veloppent des programmes adapt\u00e9s aux jeunes professionnels, aux entrepreneurs et aux retrait\u00e9s, chacun ayant des besoins et des potentiels de contribution diff\u00e9rents.<\/span><\/p>\n<p><span style=\"color: #000000;\">La d\u00e9cision du Premier ministre mauricien de ne pas amender imm\u00e9diatement la section 132 de la <em>Companies Act<\/em>, tout en s&#8217;engageant \u00e0 rendre le <em>Mauritius Diaspora Scheme<\/em> moins restrictif, t\u00e9moigne d&#8217;une volont\u00e9 d&#8217;\u00e9quilibrer la flexibilit\u00e9 pour la diaspora avec la n\u00e9cessit\u00e9 de maintenir un cadre r\u00e9glementaire robuste.<\/span><\/p>\n<p><span style=\"color: #000000;\">Alors que Maurice cherche \u00e0 attirer davantage de talents et d&#8217;investissements de sa diaspora, l&#8217;\u00e9tude des strat\u00e9gies r\u00e9ussies d&#8217;autres nations offre des pistes pr\u00e9cieuses pour une approche plus compl\u00e8te et dynamique, permettant \u00e0 cette ressource humaine d&#8217;\u00eatre pleinement mobilis\u00e9e pour le b\u00e9n\u00e9fice de tous. La future strat\u00e9gie, annonc\u00e9e par le Premier ministre, sera d\u00e9terminante pour lib\u00e9rer ce potentiel \u00e9conomique latent.<\/span><\/p>\n<p style=\"text-align: center;\"><span style=\"color: #000000;\"><strong>* * *<\/strong><\/span><\/p>\n<p style=\"text-align: center;\"><span style=\"color: #000000;\"><strong>La justice climatique \u00e0 la Cour mondiale : Un tournant pour les petites \u00eeles comme Maurice<\/strong><\/span><\/p>\n<p><span style=\"color: #000000;\">La Cour Internationale de Justice (CIJ), plus haute instance judiciaire des Nations Unies, a <strong>rendu<\/strong> ce mercredi 23 juillet 2025 un avis consultatif tr\u00e8s attendu et historique qui pourrait red\u00e9finir les obligations des nations en mati\u00e8re de lutte contre le changement climatique. En d\u00e9clarant que l&#8217;inaction face \u00e0 cette &#8220;menace urgente et existentielle&#8221; pourrait violer le droit international et ouvrir la voie \u00e0 des r\u00e9parations pour les nations l\u00e9s\u00e9es, la CIJ envoie un message retentissant au monde. Cette opinion, bien que non contraignante, est salu\u00e9e comme un tournant majeur dans le droit international du climat, avec des implications particuli\u00e8rement profondes pour les petits \u00c9tats insulaires en d\u00e9veloppement (PEID) comme Maurice.<\/span><\/p>\n<p><span style=\"color: #000000;\">Pr\u00e9sentant l&#8217;avis, le pr\u00e9sident de la Cour, Yuji Iwasawa, a soulign\u00e9 que &#8220;l&#8217;\u00e9chec d&#8217;un \u00c9tat \u00e0 prendre les mesures appropri\u00e9es pour prot\u00e9ger le syst\u00e8me climatique&#8230; peut constituer un acte internationalement illicite.&#8221; Il a qualifi\u00e9 la crise climatique de &#8220;probl\u00e8me existentiel aux proportions plan\u00e9taires qui met en p\u00e9ril toutes les formes de vie et la sant\u00e9 m\u00eame de notre plan\u00e8te.&#8221; Cette d\u00e9claration est d&#8217;autant plus significative que la Cour a \u00e9galement affirm\u00e9 qu&#8217;un &#8220;environnement propre, sain et durable&#8221; est un droit humain fondamental, ouvrant la voie \u00e0 de nouvelles actions en justice, tant au niveau international que national.<\/span><\/p>\n<p><span style=\"color: #000000;\">Ce dossier a \u00e9t\u00e9 men\u00e9 par la nation insulaire du Pacifique, le Vanuatu, et soutenu par plus de 130 pays, dont Maurice. Ce soutien massif t\u00e9moigne de la solidarit\u00e9 et de la vuln\u00e9rabilit\u00e9 partag\u00e9e par les PEID face \u00e0 une crise dont ils sont le moins responsables, mais dont ils subissent les cons\u00e9quences les plus d\u00e9vastatrices. Les activistes et les repr\u00e9sentants des nations insulaires ont accueilli la d\u00e9cision avec enthousiasme, y voyant un &#8220;nouvel outil puissant pour prot\u00e9ger les populations des impacts d\u00e9vastateurs de la crise climatique et pour rendre justice pour les dommages d\u00e9j\u00e0 caus\u00e9s par leurs \u00e9missions.&#8221;<\/span><\/p>\n<p style=\"text-align: center;\"><span style=\"color: #000000;\"><strong>L&#8217;Impact sur les petites \u00e9conomies insulaires : Le cas de Maurice<\/strong><\/span><\/p>\n<p><span style=\"color: #000000;\">Pour Maurice, petit \u00c9tat insulaire au c\u0153ur de l\u2019oc\u00e9an Indien, l\u2019avis consultatif de la CIJ ne repr\u00e9sente pas seulement un \u00e9nonc\u00e9 juridique, mais un espoir tangible face \u00e0 la crise climatique. En premi\u00e8re ligne des effets du changement climatique, Maurice subit des menaces existentielles qui touchent son d\u00e9veloppement, sa culture, et sa survie.<\/span><\/p>\n<p><span style=\"color: #000000;\">L\u2019\u00e9l\u00e9vation du niveau de la mer, estim\u00e9e \u00e0 plus de 4 cm en moyenne mondiale sur la derni\u00e8re d\u00e9cennie, menace directement ses 330 km de c\u00f4tes. Infrastructures, plages touristiques, villages de p\u00eacheurs : tout est expos\u00e9 \u00e0 l\u2019\u00e9rosion et aux inondations accrues.<\/span><\/p>\n<p><span style=\"color: #000000;\">Le tourisme et l\u2019\u00e9conomie bleue, piliers \u00e9conomiques du pays, sont aussi en danger. Le blanchiment des r\u00e9cifs coralliens nuit \u00e0 la biodiversit\u00e9, \u00e0 la p\u00eache, et \u00e0 l\u2019attrait touristique. Cela renforce l\u2019importance d\u2019un cadre juridique permettant de r\u00e9clamer des r\u00e9parations pour les dommages environnementaux.<\/span><\/p>\n<p><span style=\"color: #000000;\">Sur le plan alimentaire et hydrique, Maurice est fragilis\u00e9 par la variabilit\u00e9 des pluies, les s\u00e9cheresses prolong\u00e9es et la d\u00e9pendance aux importations. Ces perturbations climatiques accentuent les risques de p\u00e9nurie d\u2019eau douce et de baisse de production agricole.<\/span><\/p>\n<p><span style=\"color: #000000;\">Les effets sur la sant\u00e9 publique sont tout aussi pr\u00e9occupants : cyclones, vagues de chaleur et pluies extr\u00eames mettent \u00e0 rude \u00e9preuve les infrastructures et favorisent la propagation de maladies, tout en g\u00e9n\u00e9rant des co\u00fbts croissants pour la reconstruction.<\/span><\/p>\n<p><span style=\"color: #000000;\">La reconnaissance par la CIJ du droit \u00e0 un environnement sain comme droit humain fondamental est une avanc\u00e9e majeure. Elle offre \u00e0 Maurice une base l\u00e9gale pour exiger non seulement des r\u00e9ductions d\u2019\u00e9missions, mais aussi des compensations financi\u00e8res, via des fonds pour \u00ab pertes et dommages \u00bb.<\/span><\/p>\n<p><span style=\"color: #000000;\">Enfin, cet avis renforce la position des petits \u00c9tats insulaires dans les n\u00e9gociations climatiques, en leur donnant un levier juridique lors des prochaines COP, notamment la COP30 au Br\u00e9sil. Maurice pourrait ainsi contribuer \u00e0 obtenir des engagements plus concrets de la part des grands pollueurs.<\/span><\/p>\n<p><span style=\"color: #000000;\">Cependant, malgr\u00e9 l&#8217;enthousiasme, il est crucial de noter que l&#8217;opinion de la CIJ est consultative et non contraignante. Les \u00c9tats-Unis et la Russie, deux grands producteurs de p\u00e9trole, s&#8217;opposent fermement \u00e0 ce que la cour mandate des r\u00e9ductions d&#8217;\u00e9missions. N\u00e9anmoins, l&#8217;histoire a d\u00e9montr\u00e9 que les avis consultatifs de la CIJ, bien que non directement ex\u00e9cutoires, ont un poids moral et juridique consid\u00e9rable et peuvent influencer le d\u00e9veloppement du droit international et les politiques nationales.<\/span><\/p>\n<p><span style=\"color: #000000;\">Le verdict de la CIJ s&#8217;inscrit dans une s\u00e9rie de victoires juridiques r\u00e9centes pour les petites nations insulaires. Plus t\u00f4t ce mois-ci, la Cour interam\u00e9ricaine des droits de l&#8217;homme a jug\u00e9 que les pays ont un devoir l\u00e9gal non seulement d&#8217;\u00e9viter les dommages environnementaux, mais aussi de prot\u00e9ger et de restaurer les \u00e9cosyst\u00e8mes. L&#8217;ann\u00e9e derni\u00e8re, la Cour europ\u00e9enne des droits de l&#8217;homme a statu\u00e9 que les pays devaient mieux prot\u00e9ger leurs populations des cons\u00e9quences du changement climatique. Ces d\u00e9cisions cr\u00e9ent un corpus de droit international qui renforce la position des nations vuln\u00e9rables.<\/span><\/p>\n<p><span style=\"color: #000000;\">En fin de compte, la survie de nations comme Maurice d\u00e9pend de la capacit\u00e9 de la communaut\u00e9 internationale \u00e0 agir de mani\u00e8re d\u00e9cisive. L&#8217;avis consultatif de la CIJ, en posant les bases d&#8217;une responsabilit\u00e9 juridique pour l&#8217;inaction climatique, offre un nouvel espoir et un outil puissant pour les petites \u00eeles qui se battent pour leur existence. La solution durable, comme l&#8217;a reconnu le juge pr\u00e9sident, n\u00e9cessitera la contribution de tous les domaines du savoir humain pour &#8220;assurer un avenir pour nous-m\u00eames et ceux qui sont encore \u00e0 venir.&#8221; Pour Maurice, ce futur d\u00e9pendra en grande partie de la mani\u00e8re dont cette d\u00e9cision historique sera exploit\u00e9e et appliqu\u00e9e sur la sc\u00e8ne internationale.<\/span><\/p>\n<p style=\"text-align: center;\"><span style=\"color: #000000;\"><strong>* * *<\/strong><\/span><span style=\"color: #000000;\"><strong>\u00a0<\/strong><\/span><\/p>\n<p style=\"text-align: center;\"><span style=\"color: #000000;\"><strong>R\u00e9mun\u00e9rations publiques : Un d\u00e9bat mauricien aux multiples facettes<\/strong><\/span><\/p>\n<p><span style=\"color: #000000;\">Le principe de transparence est une pierre angulaire de la bonne gouvernance. Il garantit la redevabilit\u00e9 des institutions publiques envers les citoyens et renforce la confiance. Cependant, un r\u00e9cent \u00e9change parlementaire sur la r\u00e9mun\u00e9ration des hauts dirigeants de la Banque de Maurice (BoM) et la divulgation de celle de la PDG de la SICOM (State Insurance Company of Mauritius Ltd) soul\u00e8ve des questions sur l&#8217;application s\u00e9lective de ce principe, et met en lumi\u00e8re un d\u00e9bat plus large sur les salaires des dirigeants d&#8217;entreprises publiques.<\/span><\/p>\n<p><span style=\"color: #000000;\">La question parlementaire B\/712, pos\u00e9e par l&#8217;Hon Adrien Duval, demandait au Premier ministre de r\u00e9v\u00e9ler la r\u00e9mun\u00e9ration et les avantages per\u00e7us par le Gouverneur et les deux &#8216;Deputy Governors&#8217; de la Banque de Maurice (BoM). La r\u00e9ponse du PM a \u00e9t\u00e9 cat\u00e9gorique : la Banque de Maurice est une institution autonome et ind\u00e9pendante, r\u00e9gie par la <em>Bank of Mauritius Act 2004<\/em>. Les sections 3(3) et 12(3) de cette loi stipulent que la BoM exerce ses fonctions &#8220;ind\u00e9pendamment&#8221; et que son conseil d&#8217;administration &#8220;ne doit \u00eatre soumis \u00e0 la direction ou au contr\u00f4le d&#8217;aucune autre personne ou autorit\u00e9 dans l&#8217;exercice de ses fonctions&#8221;. Le PM a n\u00e9anmoins pr\u00e9cis\u00e9 que les r\u00e9mun\u00e9rations en question sont divulgu\u00e9es dans les \u00e9tats financiers de la BoM, publiquement disponibles sur son site web.<\/span><\/p>\n<p><span style=\"color: #000000;\">Parall\u00e8lement, un quotidien a r\u00e9v\u00e9l\u00e9 le montant de la r\u00e9mun\u00e9ration de la Group CEO de la SICOM, Nandita Ramdewar. Cette divulgation fait suite \u00e0 une question parlementaire du d\u00e9put\u00e9 Nitish Beejan.<\/span><\/p>\n<p><span style=\"color: #000000;\">Cette divergence dans la divulgation des r\u00e9mun\u00e9rations dans les deux cas soul\u00e8ve in\u00e9vitablement l&#8217;impression d&#8217;une &#8220;politique de deux poids deux mesures&#8221;. D&#8217;un c\u00f4t\u00e9, l&#8217;on refuse de r\u00e9v\u00e9ler en s\u00e9ance parlementaire les d\u00e9tails des salaires des hauts dirigeants de la BoM au nom de son autonomie, renvoyant le public aux \u00e9tats financiers (souvent complexes pour le citoyen moyen). De l&#8217;autre c\u00f4t\u00e9, les r\u00e9mun\u00e9rations d&#8217;une dirigeante d&#8217;une entreprise d&#8217;\u00c9tat sont d\u00e9taill\u00e9es publiquement. Le Gouvernement peut avoir de bonnes raisons pour choisir cette approche, li\u00e9es \u00e0 la nature sp\u00e9cifique de la Banque Centrale et \u00e0 sa n\u00e9cessaire ind\u00e9pendance pour la stabilit\u00e9 mon\u00e9taire. Cependant, cette distinction, si elle n&#8217;est pas clairement justifi\u00e9e et comprise, peut alimenter des perceptions de manque de transparence. La r\u00e8gle de transparence devrait, id\u00e9alement, \u00eatre appliqu\u00e9e de mani\u00e8re coh\u00e9rente \u00e0 toutes les institutions publiques, ou du moins, les raisons de toute exception devraient \u00eatre explicitement et largement communiqu\u00e9es.<\/span><\/p>\n<p><span style=\"color: #000000;\">Le d\u00e9bat sur les salaires \u00e9lev\u00e9s des PDG des entreprises publiques est un sujet r\u00e9current \u00e0 Maurice comme ailleurs. Au-del\u00e0 des affiliations politiques des dirigeants de ces entreprises, ce qui importe est leur performance. Si la performance d&#8217;une entreprise commerciale d&#8217;\u00c9tat (comme la SICOM, dont le bilan financier est un indicateur clair) est mesurable, celle des institutions para-\u00e9tatiques \u00e0 vocation de service public est souvent plus difficile \u00e0 quantifier. La question se pose alors : comment justifier ces \u00ab\u00a0packages\u00a0\u00bb de r\u00e9mun\u00e9rations \u00e9lev\u00e9es ?<\/span><\/p>\n<p><span style=\"color: #000000;\">Une consid\u00e9ration souvent n\u00e9glig\u00e9e dans ce d\u00e9bat est la comparaison avec les salaires des PDG du secteur priv\u00e9 ayant des responsabilit\u00e9s similaires, ainsi qu&#8217;avec ceux des &#8216;Senior Chief Executives&#8217; et des &#8216;Permanent Secretaries&#8217; du gouvernement. Une telle analyse comparative permettrait de remettre les choses en perspective. Si le secteur public veut attirer et retenir les meilleurs talents pour des postes de haute responsabilit\u00e9, il doit \u00eatre comp\u00e9titif par rapport au march\u00e9 priv\u00e9. Toutefois, cette comp\u00e9titivit\u00e9 doit \u00eatre \u00e9quilibr\u00e9e par un sens de la redevabilit\u00e9 publique et une justification claire de la valeur ajout\u00e9e apport\u00e9e par ces dirigeants.<\/span><\/p>\n<p style=\"text-align: center;\"><span style=\"color: #000000;\"><strong>La transparence des r\u00e9mun\u00e9rations des banquiers centraux dans le monde<\/strong><\/span><\/p>\n<p><span style=\"color: #000000;\">Par ailleurs, la question de la r\u00e9mun\u00e9ration des dirigeants des banques centrales est souvent complexe en raison de leur autonomie. Cependant, une tendance croissante \u00e0 la transparence est observ\u00e9e dans de nombreuses juridictions :<\/span><\/p>\n<p><span style=\"color: #000000;\"><strong>* Zone Euro (BCE) et autres banques centrales europ\u00e9ennes :<\/strong> La Banque Centrale Europ\u00e9enne (BCE) et les banques centrales nationales de la zone euro publient g\u00e9n\u00e9ralement les salaires de leurs dirigeants dans leurs rapports annuels. Si les d\u00e9tails peuvent varier, le principe de divulgation est respect\u00e9. Par exemple, la r\u00e9mun\u00e9ration de la Pr\u00e9sidente de la BCE est publiquement connue, ainsi que des indications pour d&#8217;autres banques centrales comme la Banque d&#8217;Angleterre ou la Banque Nationale Suisse, souvent bien r\u00e9mun\u00e9r\u00e9es au nom de la comp\u00e9titivit\u00e9 et de la n\u00e9cessit\u00e9 d&#8217;attirer des experts de haut niveau.<\/span><\/p>\n<p><span style=\"color: #000000;\"><strong>* \u00c9tats-Unis (Fed) :<\/strong> Le pr\u00e9sident de la R\u00e9serve F\u00e9d\u00e9rale des \u00c9tats-Unis a un salaire public, d\u00e9termin\u00e9 par la grille f\u00e9d\u00e9rale &#8220;Executive Schedule&#8221;. Bien que la Fed soit ind\u00e9pendante, il y a une forte attente de transparence pour les salaires de ses dirigeants.<\/span><\/p>\n<p><span style=\"color: #000000;\"><strong>* Canada (Banque du Canada) :<\/strong> La Banque du Canada publie \u00e9galement les fourchettes de r\u00e9mun\u00e9ration de ses hauts dirigeants, contribuant \u00e0 la transparence.<\/span><\/p>\n<p><span style=\"color: #000000;\"><strong>* Exigences r\u00e9glementaires accrues :<\/strong> Les autorit\u00e9s de r\u00e9gulation financi\u00e8re, comme l&#8217;ESMA (Autorit\u00e9 europ\u00e9enne des march\u00e9s financiers) et la BCE, exigent une publication d\u00e9taill\u00e9e des r\u00e9mun\u00e9rations variables des dirigeants d&#8217;autorit\u00e9s de r\u00e9gulation. Bien que cela ne s&#8217;applique pas encore universellement aux banques centrales elles-m\u00eames, la pression pour une transparence accrue est palpable.<\/span><\/p>\n<p><span style=\"color: #000000;\">La comparaison avec d&#8217;autres pays montre que l&#8217;\u00e9quilibre entre l&#8217;ind\u00e9pendance d&#8217;une institution comme la Banque de Maurice et la transparence sur les r\u00e9mun\u00e9rations de ses dirigeants est un exercice d\u00e9licat, mais r\u00e9alisable. Si les \u00e9tats financiers contiennent l&#8217;information, sa pr\u00e9sentation en r\u00e9ponse \u00e0 une question parlementaire aurait pu renforcer la perception de transparence.<\/span><\/p>\n<p><span style=\"color: #000000;\">Pour le public mauricien, il est crucial que la lumi\u00e8re soit faite sur les \u00ab\u00a0packages\u00a0\u00bb de r\u00e9mun\u00e9ration des hauts dirigeants des institutions publiques, qu&#8217;il s&#8217;agisse d&#8217;entit\u00e9s commerciales ou de services, et que ces chiffres soient contextualis\u00e9s par des comparaisons pertinentes avec le secteur priv\u00e9 et d&#8217;autres hauts fonctionnaires. Une transparence totale, accompagn\u00e9e de justifications claires sur la performance et la comp\u00e9titivit\u00e9 salariale, est essentielle pour maintenir la confiance du public et assurer une gouvernance irr\u00e9prochable.<\/span><\/p>\n<hr \/>\n<p><span style=\"color: #993300;\">Mauritius Times ePaper Friday 25 July 2025<\/span><\/p>\n","protected":false},"excerpt":{"rendered":"<p>Sommes-nous \u00e0 l&#8217;aube de l&#8217;\u00e8re des dirigeants robots ?<\/p>\n","protected":false},"author":424,"featured_media":43952,"comment_status":"open","ping_status":"open","sticky":false,"template":"","format":"standard","meta":{"jetpack_post_was_ever_published":false,"_jetpack_newsletter_access":"","_jetpack_dont_email_post_to_subs":false,"_jetpack_newsletter_tier_id":0,"_jetpack_memberships_contains_paywalled_content":false,"_jetpack_memberships_contains_paid_content":false,"footnotes":"","jetpack_publicize_message":"","jetpack_publicize_feature_enabled":true,"jetpack_social_post_already_shared":true,"jetpack_social_options":{"image_generator_settings":{"template":"highway","default_image_id":0,"font":"","enabled":false},"version":2}},"categories":[6,19379],"tags":[],"class_list":["post-43951","post","type-post","status-publish","format-standard","has-post-thumbnail","hentry","category-latest-news","category-opinion"],"jetpack_publicize_connections":[],"jetpack_featured_media_url":"https:\/\/i0.wp.com\/www.mauritiustimes.com\/mt\/wp-content\/uploads\/2025\/07\/E-Le-robot-artiste-Ai-Da-sest-recemment-adresse-a-la-Chambre-des-Lords-au-Royaume-Uni.-P-AFP.jpg?fit=1200%2C677&ssl=1","jetpack_sharing_enabled":true,"jetpack_shortlink":"https:\/\/wp.me\/p8QzSF-bqT","_links":{"self":[{"href":"https:\/\/www.mauritiustimes.com\/mt\/wp-json\/wp\/v2\/posts\/43951","targetHints":{"allow":["GET"]}}],"collection":[{"href":"https:\/\/www.mauritiustimes.com\/mt\/wp-json\/wp\/v2\/posts"}],"about":[{"href":"https:\/\/www.mauritiustimes.com\/mt\/wp-json\/wp\/v2\/types\/post"}],"author":[{"embeddable":true,"href":"https:\/\/www.mauritiustimes.com\/mt\/wp-json\/wp\/v2\/users\/424"}],"replies":[{"embeddable":true,"href":"https:\/\/www.mauritiustimes.com\/mt\/wp-json\/wp\/v2\/comments?post=43951"}],"version-history":[{"count":5,"href":"https:\/\/www.mauritiustimes.com\/mt\/wp-json\/wp\/v2\/posts\/43951\/revisions"}],"predecessor-version":[{"id":43965,"href":"https:\/\/www.mauritiustimes.com\/mt\/wp-json\/wp\/v2\/posts\/43951\/revisions\/43965"}],"wp:featuredmedia":[{"embeddable":true,"href":"https:\/\/www.mauritiustimes.com\/mt\/wp-json\/wp\/v2\/media\/43952"}],"wp:attachment":[{"href":"https:\/\/www.mauritiustimes.com\/mt\/wp-json\/wp\/v2\/media?parent=43951"}],"wp:term":[{"taxonomy":"category","embeddable":true,"href":"https:\/\/www.mauritiustimes.com\/mt\/wp-json\/wp\/v2\/categories?post=43951"},{"taxonomy":"post_tag","embeddable":true,"href":"https:\/\/www.mauritiustimes.com\/mt\/wp-json\/wp\/v2\/tags?post=43951"}],"curies":[{"name":"wp","href":"https:\/\/api.w.org\/{rel}","templated":true}]}}