{"id":4352,"date":"2016-06-20T16:01:51","date_gmt":"2016-06-20T16:01:51","guid":{"rendered":"http:\/\/mauritiustimes.com\/mt\/2016\/06\/20\/rajiv-servansingh-122\/"},"modified":"2017-09-22T20:13:32","modified_gmt":"2017-09-22T16:13:32","slug":"rajiv-servansingh-122","status":"publish","type":"post","link":"https:\/\/www.mauritiustimes.com\/mt\/rajiv-servansingh-122\/","title":{"rendered":"Budget 2016-17 : Finalit\u00e9s Sociale et Politique"},"content":{"rendered":"<p><!-- [if gte mso 9]><xml> <w:WordDocument> <w:View>Normal<\/w:View> <w:Zoom>0<\/w:Zoom> <w:TrackMoves \/> <w:TrackFormatting \/> <w:PunctuationKerning \/> <w:ValidateAgainstSchemas \/> <w:SaveIfXMLInvalid>false<\/w:SaveIfXMLInvalid> <w:IgnoreMixedContent>false<\/w:IgnoreMixedContent> <w:AlwaysShowPlaceholderText>false<\/w:AlwaysShowPlaceholderText> <w:DoNotPromoteQF \/> <w:LidThemeOther>EN-GB<\/w:LidThemeOther> <w:LidThemeAsian>X-NONE<\/w:LidThemeAsian> <w:LidThemeComplexScript>X-NONE<\/w:LidThemeComplexScript> <w:Compatibility> <w:BreakWrappedTables \/> <w:SnapToGridInCell \/> <w:WrapTextWithPunct \/> <w:UseAsianBreakRules \/> <w:DontGrowAutofit \/> <w:SplitPgBreakAndParaMark \/> <w:DontVertAlignCellWithSp \/> <w:DontBreakConstrainedForcedTables \/> <w:DontVertAlignInTxbx \/> <w:Word11KerningPairs \/> <w:CachedColBalance \/> <\/w:Compatibility> <w:BrowserLevel>MicrosoftInternetExplorer4<\/w:BrowserLevel> <m:mathPr> <m:mathFont m:val=\"Cambria Math\" \/> <m:brkBin m:val=\"before\" \/> <m:brkBinSub m:val=\" \" \/> <m:smallFrac m:val=\"off\" \/> <m:dispDef \/> <m:lMargin m:val=\"0\" \/> <m:rMargin m:val=\"0\" \/> <m:defJc m:val=\"centerGroup\" \/> <m:wrapIndent m:val=\"1440\" \/> <m:intLim m:val=\"subSup\" \/> <m:naryLim m:val=\"undOvr\" \/> <\/m:mathPr><\/w:WordDocument> <\/xml><![endif]--><\/p>\n<p class=\"MsoNormal\"><span lang=\"FR\" style=\"font-family: 'Verdana','sans-serif'; mso-ansi-language: FR;\"><em>Dans la conjoncture actuelle cet exercice est particuli\u00e8rement p\u00e9rilleux et pourrait \u00eatre d\u00e9terminant dans l\u2019\u00e9volution de la situation non seu<\/em><\/span><span lang=\"FR\" style=\"font-family: 'Verdana','sans-serif'; mso-ansi-language: FR;\"><em>lement \u00e9conomique aussi bien que politique du pays <\/em><br \/>\n<\/span><\/p>\n<p><!--more--><\/p>\n<p class=\"MsoNormal\"><span style=\"font-family: Verdana, sans-serif;\">Personne ne conteste aujourd\u2019hui la grosse tendance vers une d\u00e9t\u00e9rioration constante de l\u2019environnement social \u00e0 Maurice. Nous y sommes confront\u00e9s de mani\u00e8re quasi quotidienne dans les reportages des m\u00e9dias rapportant les trop nombreux cas de d\u00e9liquescence du tissu social &#8211; allant des vols \u00e0 la tire, aux crimes les plus crapuleux en passant par les cambriolages de plus en plus audacieux et en bandes organis\u00e9es, sans pour autant oublier la violence dans les m\u00e9nages ainsi qu\u2019\u00e0 l\u2019\u00e9cole.<\/span><\/p>\n<p class=\"MsoNormal\"><span style=\"font-family: Verdana, sans-serif;\">Ajoutez \u00e0 cela le trafic de la drogue qui gangr\u00e8ne la jeunesse et la trag\u00e9die des accidents fatals sur nos routes et nous ne sommes pas loin d\u2019un scenario quasi catastrophique. Les m\u00e9dias jouent leur r\u00f4le lorsqu\u2019ils font \u00e9tat de ces nombreux \u00e9v\u00e9nements malheureux et rien ne sert de leur jeter l\u2019opprobre en pr\u00e9tendant que ce sentiment de profond malaise qui en r\u00e9sulte leur serait attribuable.<\/span><\/p>\n<p class=\"MsoNormal\"><span lang=\"FR\" style=\"font-family: 'Verdana','sans-serif'; mso-ansi-language: FR;\">Rien ne sert non plus \u00e0 pratiquer le jeu favori des politiques qui consiste \u00e0 pointer du doigt les adversaires et pr\u00e9tendre qu\u2019un simple changement de gouvernement serait \u00ab la \u00bb solution \u00e0 cette situation tragique. Brosser un tel tableau peut para\u00eetre alarmant voire d\u00e9sesp\u00e9rant mais il n\u2019en demeure pas moins n\u00e9cessaire d\u2019en faire \u00e9tat et ne pas s\u2019enfoncer encore plus, la t\u00eate dans le sable, en pr\u00e9tendant que ce ne sont l\u00e0 que des \u00e9piph\u00e9nom\u00e8nes qui sont dus au manque d\u2019efficacit\u00e9 des forces de l\u2019ordre ou de l\u2019arsenal r\u00e9pressif. D\u2019o\u00f9, par exemple, l\u2019appel \u00e0 la barbarie de la politique d\u2019\u00ab un \u0153il pour un \u0153il \u00bb que constitue la r\u00e9introduction de la peine de mort dans notre syst\u00e8me de justice.<\/span><\/p>\n<p class=\"MsoNormal\"><span lang=\"FR\" style=\"font-family: 'Verdana','sans-serif'; mso-ansi-language: FR;\">Face \u00e0 un constat si accablant et \u00e0 l\u2019\u00e9normit\u00e9 du probl\u00e8me auquel nous sommes confront\u00e9s, il est tentant de se tourner vers un \u00ab individualisme forcen\u00e9 \u00bb qui consiste \u00e0 continuellement se plaindre de tout ce qui ne va pas tout en se r\u00e9fugiant dans une d\u00e9marche qui consiste \u00e0 rechercher des solutions pour soi et pour ses proches imm\u00e9diats. Ce genre de comportement qui est, par ailleurs, soutenu par une id\u00e9ologie ambiante ultralib\u00e9rale du chacun pour soi d\u00e9coule souvent d\u2019un constat d\u2019impuissance \u00e0 changer les choses et se justifie par le \u00ab pragmatisme et le r\u00e9alisme \u00bb.<\/span><\/p>\n<p class=\"MsoNormal\"><span lang=\"FR\" style=\"font-family: 'Verdana','sans-serif'; mso-ansi-language: FR;\">C\u2019est ainsi qu\u2019un ancien dirigeant de Nestl\u00e9 devait d\u00e9clarer lors d\u2019une r\u00e9union du Forum \u00e9conomique mondial \u00e0 Davos, \u00ab qu\u2019on soit un individu, une entreprise ou un pays, l\u2019important pour survivre dans ce monde, c\u2019est d\u2019\u00eatre plus comp\u00e9titif que son voisin. \u00bb Ceci aurait \u00e9t\u00e9 parfaitement justifiable si, selon la th\u00e9orie originale d\u2019Adam Smith, cette recherche individuelle de croissance du bien-\u00eatre de chacun mise en comp\u00e9tition avec son voisin avait pour finalit\u00e9 la croissance de la somme de bien-\u00eatre au niveau national. <\/span><\/p>\n<p class=\"MsoNormal\"><span lang=\"FR\" style=\"font-family: 'Verdana','sans-serif'; mso-ansi-language: FR;\">Or, ce qui \u00e9tait vrai dans un contexte historique et surtout religieux (le Puritanisme qui a fa\u00e7onn\u00e9 l\u2019\u00e9mergence du capitalisme anglo-saxon privil\u00e9giait l\u2019\u00e9pargne et la discipline de vie rigoureuse) donn\u00e9 est loin d\u2019\u00eatre appropri\u00e9 pour une \u00e9poque o\u00f9 le gaspillage et la satisfaction imm\u00e9diate &#8211; non pas de ses besoins mais de ses envies &#8211; sont devenus le moteur d\u2019une soci\u00e9t\u00e9 de consommation effr\u00e9n\u00e9e, faisant fi du sort de tous ceux qui par faute de pouvoir d\u2019achat sont incapables de participer \u00e0 cette grande mouvance et se retrouvent ainsi marginalis\u00e9s.<\/span><\/p>\n<p class=\"MsoNormal\"><span lang=\"FR\" style=\"font-family: 'Verdana','sans-serif'; mso-ansi-language: FR;\">Tout ceci pour d\u00e9montrer que cette crise soci\u00e9tale (car c\u2019est bien de cela qu\u2019il s\u2019agit) est complexe et profonde et appelle par la m\u00eame occasion des solutions correspondant \u00e0 cette complexit\u00e9 et \u00e0 sa multi-dimensionnalit\u00e9. Le recours \u00e0 des experts demeure certes un des \u00e9l\u00e9ments de r\u00e9ponse mais une approche bureaucratique voire technocratique s\u2019est souvent prouv\u00e9e inefficace tant que ne sont pas r\u00e9unies les autres conditions n\u00e9cessaires \u00e0 un d\u00e9nouement positif. <\/span><\/p>\n<p class=\"MsoNormal\"><span lang=\"FR\" style=\"font-family: 'Verdana','sans-serif'; mso-ansi-language: FR;\">Il s\u2019av\u00e8re que de plus en plus dans une \u00e9conomie mondialis\u00e9e et suite \u00e0 la r\u00e9volution dans le domaine de la technologie de l\u2019information, que ni le capital, ni le travail, ni le fait de d\u00e9tenir les mati\u00e8res premi\u00e8res, ne constituent en soi le facteur \u00e9conomique d\u00e9terminant. Le plus important, c\u2019est la d\u00e9finition d\u2019une relation optimale entre ces trois facteurs. Or, dans la d\u00e9termination de ce rapport optimal, nous p\u00e9n\u00e9trons dans le domaine des rapports de force entre le patronat, les travailleurs et l\u2019Etat et donc de plain-pied dans le champ de l\u2019id\u00e9ologie et de la politique. <\/span><\/p>\n<p class=\"MsoNormal\"><span lang=\"FR\" style=\"font-family: 'Verdana','sans-serif'; mso-ansi-language: FR;\">L\u2019analyste Ignacio Ramonet cerne de mani\u00e8re succincte la lourde t\u00e2che de ceux qui veulent s\u2019attaquer \u00e0 ce nouveau capitalisme, qu\u2019il d\u00e9crit comme \u00ab la marchandisation g\u00e9n\u00e9ralis\u00e9e des mots et des choses, des corps et des esprits, de la nature et de la culture, ce qui provoque une aggravation des in\u00e9galit\u00e9s \u00bb.<\/span><\/p>\n<p class=\"MsoNormal\"><span lang=\"FR\" style=\"font-family: 'Verdana','sans-serif'; mso-ansi-language: FR;\">Pour revenir \u00e0 des questions plus prosa\u00efques, le prochain budget du gouvernement devrait nous donner une indication claire de la voie qu\u2019il compte suivre du moins dans l\u2019amorce d\u2019une r\u00e9solution de la crise socio-\u00e9conomique d\u00e9crite plus haut. Tout en reconnaissant que le ministre ne d\u00e9tient pas de baguette magique, les mesures budg\u00e9taires devraient au minimum poser les jalons de la voie qu\u2019il compte suivre durant son mandat. <\/span><\/p>\n<p class=\"MsoNormal\"><span lang=\"FR\" style=\"font-family: 'Verdana','sans-serif'; mso-ansi-language: FR;\">Pour les progressistes, la centralit\u00e9 de la question de la r\u00e9duction des in\u00e9galit\u00e9s et le combat contre la marginalisation d\u2019une frange de plus en plus importante de la soci\u00e9t\u00e9 sera l\u2019aune auquel se mesurera la volont\u00e9 du gouvernement \u00e0 trouver des solutions \u00e9quitables et durables sous peine de voir une d\u00e9sarticulation accentu\u00e9e de la nation mauricienne. La mise en \u0153uvre de la question du salaire minimal fond\u00e9e sur le pr\u00e9cepte d\u2019une nouvelle politique de faire de la R\u00e9publique de Maurice \u00ab a high income economy \u00bb serait souhaitable. <\/span><\/p>\n<p class=\"MsoNormal\"><span lang=\"FR\" style=\"font-family: 'Verdana','sans-serif'; mso-ansi-language: FR;\">De m\u00eame que l\u2019on pourrait s\u2019attendre \u00e0 des mesures visant \u00e0 r\u00e9duire la fracture grandissante entre, d\u2019une part, les grands poss\u00e9dants et une \u00e9lite bureaucratique parfaitement int\u00e9gr\u00e9e dans la mondialisation et, d\u2019autre part, une classe moyenne qui ne cesse de se r\u00e9duire comme une peau de chagrin. La non- convergence des int\u00e9r\u00eats \u00e9conomiques entre la classe moyenne et une petite \u00e9lite \u00e9conomique privil\u00e9gi\u00e9e rend tr\u00e8s compliqu\u00e9e la d\u00e9finition de l\u2019int\u00e9r\u00eat national et fragilise la mobilisation des forces vives n\u00e9cessaires pour une relance \u00e9conomique tous azimuts. Dans ce contexte, la r\u00e9vision du syst\u00e8me d\u2019imposition en faveur d\u2019un r\u00e9gime plus \u00e9quitable envers la classe moyenne demeure d\u2019actualit\u00e9.<\/span><\/p>\n<p class=\"MsoNormal\"><span lang=\"FR\" style=\"font-family: 'Verdana','sans-serif'; mso-ansi-language: FR;\">Un budget est un instrument de politique \u00e9conomique qui devrait s\u2019ins\u00e9rer dans une vision \u00e0 moyen terme de l\u2019action gouvernementale. La pr\u00e9sentation du prochain budget prend un caract\u00e8re particulier de par le fait que c\u2019est un nouveau ministre qui en aura la responsabilit\u00e9 et qui devrait donc le marquer de son empreinte. Dans la conjoncture actuelle cet exercice est particuli\u00e8rement p\u00e9rilleux et pourrait \u00eatre d\u00e9terminant dans l\u2019\u00e9volution de la situation non seulement \u00e9conomique aussi bien que politique du pays.<br \/>\n<\/span><\/p>\n<p><em>* Published in print edition on 17 June 2016<\/em><\/p>\n","protected":false},"excerpt":{"rendered":"<p>Dans la conjoncture actuelle cet exercice est particuli\u00e8rement p\u00e9rilleux et pourrait \u00eatre d\u00e9terminant dans l\u2019\u00e9volution de la situation non seulement \u00e9conomique aussi bien que politique du pays<\/p>\n","protected":false},"author":18,"featured_media":6560,"comment_status":"open","ping_status":"open","sticky":false,"template":"","format":"standard","meta":{"jetpack_post_was_ever_published":false,"_jetpack_newsletter_access":"","_jetpack_dont_email_post_to_subs":false,"_jetpack_newsletter_tier_id":0,"_jetpack_memberships_contains_paywalled_content":false,"_jetpack_memberships_contains_paid_content":false,"footnotes":"","jetpack_publicize_message":"","jetpack_publicize_feature_enabled":true,"jetpack_social_post_already_shared":false,"jetpack_social_options":{"image_generator_settings":{"template":"highway","default_image_id":0,"font":"","enabled":false},"version":2}},"categories":[22],"tags":[2204,5321,5320,91,5322],"class_list":["post-4352","post","type-post","status-publish","format-standard","has-post-thumbnail","hentry","category-economy","tag-budget-2016-17","tag-crise-socio-economique","tag-ignacio-ramonet","tag-rajiv-servansingh","tag-reduction-des-inegalites"],"jetpack_publicize_connections":[],"jetpack_featured_media_url":"https:\/\/i0.wp.com\/www.mauritiustimes.com\/mt\/wp-content\/uploads\/2016\/12\/MT-Logokk.jpg?fit=1200%2C880&ssl=1","jetpack_sharing_enabled":true,"jetpack_shortlink":"https:\/\/wp.me\/p8QzSF-18c","_links":{"self":[{"href":"https:\/\/www.mauritiustimes.com\/mt\/wp-json\/wp\/v2\/posts\/4352","targetHints":{"allow":["GET"]}}],"collection":[{"href":"https:\/\/www.mauritiustimes.com\/mt\/wp-json\/wp\/v2\/posts"}],"about":[{"href":"https:\/\/www.mauritiustimes.com\/mt\/wp-json\/wp\/v2\/types\/post"}],"author":[{"embeddable":true,"href":"https:\/\/www.mauritiustimes.com\/mt\/wp-json\/wp\/v2\/users\/18"}],"replies":[{"embeddable":true,"href":"https:\/\/www.mauritiustimes.com\/mt\/wp-json\/wp\/v2\/comments?post=4352"}],"version-history":[{"count":0,"href":"https:\/\/www.mauritiustimes.com\/mt\/wp-json\/wp\/v2\/posts\/4352\/revisions"}],"wp:featuredmedia":[{"embeddable":true,"href":"https:\/\/www.mauritiustimes.com\/mt\/wp-json\/wp\/v2\/media\/6560"}],"wp:attachment":[{"href":"https:\/\/www.mauritiustimes.com\/mt\/wp-json\/wp\/v2\/media?parent=4352"}],"wp:term":[{"taxonomy":"category","embeddable":true,"href":"https:\/\/www.mauritiustimes.com\/mt\/wp-json\/wp\/v2\/categories?post=4352"},{"taxonomy":"post_tag","embeddable":true,"href":"https:\/\/www.mauritiustimes.com\/mt\/wp-json\/wp\/v2\/tags?post=4352"}],"curies":[{"name":"wp","href":"https:\/\/api.w.org\/{rel}","templated":true}]}}