{"id":40943,"date":"2024-08-02T21:24:05","date_gmt":"2024-08-02T17:24:05","guid":{"rendered":"http:\/\/www.mauritiustimes.com\/mt\/?p=40943"},"modified":"2025-03-31T17:56:10","modified_gmt":"2025-03-31T13:56:10","slug":"les-mauriciens-classent-labus-de-drogues-comme-le-deuxieme-probleme-le-plus-important","status":"publish","type":"post","link":"https:\/\/www.mauritiustimes.com\/mt\/les-mauriciens-classent-labus-de-drogues-comme-le-deuxieme-probleme-le-plus-important\/","title":{"rendered":"Les Mauriciens classent l&#8217;abus de drogues comme le deuxi\u00e8me probl\u00e8me le plus important"},"content":{"rendered":"<p style=\"text-align: center;\"><span style=\"color: #800000;\"><u>Eclairages<\/u><\/span><!--more--><\/p>\n<p><span style=\"color: #0000ff;\"><strong>Par A. Bartleby<\/strong><\/span><\/p>\n<p><span style=\"color: #000000;\">Une r\u00e9cente enqu\u00eate Afrobarometer r\u00e9v\u00e8le que les Mauriciens consid\u00e8rent l\u2019abus et la d\u00e9pendance aux drogues comme le deuxi\u00e8me probl\u00e8me le plus important auquel le pays est confront\u00e9. Seul le co\u00fbt de la vie devance ce probl\u00e8me parmi les priorit\u00e9s des citoyens pour les actions gouvernementales.<\/span><\/p>\n<p><span style=\"color: #000000;\">Les r\u00e9pondants \u00e0 l\u2019enqu\u00eate indiquent que si le gouvernement d\u00e9cidait d&#8217;augmenter ses d\u00e9penses pour aider les jeunes, les services sociaux visant \u00e0 am\u00e9liorer la sant\u00e9 et \u00e0 pr\u00e9venir l&#8217;abus de drogues devraient \u00eatre la deuxi\u00e8me priorit\u00e9 pour un investissement suppl\u00e9mentaire.<\/span><\/p>\n<p><span style=\"color: #000000;\"><img data-recalc-dims=\"1\" loading=\"lazy\" decoding=\"async\" data-attachment-id=\"40944\" data-permalink=\"https:\/\/www.mauritiustimes.com\/mt\/les-mauriciens-classent-labus-de-drogues-comme-le-deuxieme-probleme-le-plus-important\/e-drogues-p-unodc\/\" data-orig-file=\"https:\/\/i0.wp.com\/www.mauritiustimes.com\/mt\/wp-content\/uploads\/2024\/08\/E-Drogues.-P-UNODC.jpg?fit=1200%2C800&amp;ssl=1\" data-orig-size=\"1200,800\" data-comments-opened=\"1\" data-image-meta=\"{&quot;aperture&quot;:&quot;0&quot;,&quot;credit&quot;:&quot;&quot;,&quot;camera&quot;:&quot;&quot;,&quot;caption&quot;:&quot;&quot;,&quot;created_timestamp&quot;:&quot;0&quot;,&quot;copyright&quot;:&quot;&quot;,&quot;focal_length&quot;:&quot;0&quot;,&quot;iso&quot;:&quot;0&quot;,&quot;shutter_speed&quot;:&quot;0&quot;,&quot;title&quot;:&quot;&quot;,&quot;orientation&quot;:&quot;0&quot;}\" data-image-title=\"E&amp;#8212;-Drogues.-P&amp;#8212;UNODC\" data-image-description=\"\" data-image-caption=\"\" data-large-file=\"https:\/\/i0.wp.com\/www.mauritiustimes.com\/mt\/wp-content\/uploads\/2024\/08\/E-Drogues.-P-UNODC.jpg?fit=640%2C427&amp;ssl=1\" class=\"aligncenter size-full wp-image-40944\" src=\"https:\/\/i0.wp.com\/www.mauritiustimes.com\/mt\/wp-content\/uploads\/2024\/08\/E-Drogues.-P-UNODC.jpg?resize=640%2C427&#038;ssl=1\" alt=\"\" width=\"640\" height=\"427\" srcset=\"https:\/\/i0.wp.com\/www.mauritiustimes.com\/mt\/wp-content\/uploads\/2024\/08\/E-Drogues.-P-UNODC.jpg?w=1200&amp;ssl=1 1200w, https:\/\/i0.wp.com\/www.mauritiustimes.com\/mt\/wp-content\/uploads\/2024\/08\/E-Drogues.-P-UNODC.jpg?resize=300%2C200&amp;ssl=1 300w, https:\/\/i0.wp.com\/www.mauritiustimes.com\/mt\/wp-content\/uploads\/2024\/08\/E-Drogues.-P-UNODC.jpg?resize=1024%2C683&amp;ssl=1 1024w, https:\/\/i0.wp.com\/www.mauritiustimes.com\/mt\/wp-content\/uploads\/2024\/08\/E-Drogues.-P-UNODC.jpg?resize=768%2C512&amp;ssl=1 768w\" sizes=\"auto, (max-width: 640px) 100vw, 640px\" \/><\/span><\/p>\n<p><span style=\"color: #000000;\">La majorit\u00e9 des personnes interrog\u00e9es jugent les programmes de r\u00e9habilitation du gouvernement et les autres efforts pour aborder la crise des drogues comme \u00e9tant inefficaces. Beaucoup estiment que la lutte contre l\u2019abus de drogues incombe principalement au gouvernement, et dans une moindre mesure, aux parents et aux familles.<\/span><\/p>\n<p><span style=\"color: #000000;\">Dans une enqu\u00eate pr\u00e9c\u00e9dente d\u2019Afrobarometer men\u00e9e \u00e0 Maurice en 2022, les citoyens avaient indiqu\u00e9 que les strat\u00e9gies les plus efficaces pour r\u00e9duire le probl\u00e8me de l\u2019abus de substances seraient l&#8217;\u00e9ducation des jeunes sur les dangers des drogues, l&#8217;intensification des efforts pour r\u00e9duire le trafic de drogue et l&#8217;imposition de sanctions s\u00e9v\u00e8res pour les utilisateurs de drogues.<\/span><\/p>\n<p><span style=\"color: #000000;\">Selon l\u2019enqu\u00eate nationale de 2021 sur les consommateurs de drogues, le Secr\u00e9tariat national des drogues a d\u00e9couvert que 7,4 % de la population \u00e2g\u00e9e de 18 \u00e0 59 ans avait utilis\u00e9 des drogues illicites au cours du mois pr\u00e9c\u00e9dent. L\u2019Indice de Criminalit\u00e9 Organis\u00e9e ENACT pour l&#8217;Afrique classe Maurice au premier rang du commerce des drogues synth\u00e9tiques dans la r\u00e9gion de la Communaut\u00e9 de D\u00e9veloppement de l&#8217;Afrique Australe et parmi les 10 premiers sur le continent.<\/span><\/p>\n<p style=\"text-align: center;\"><strong><span style=\"color: #000000;\">Principaux R\u00e9sultats<\/span><\/strong><\/p>\n<ol>\n<li><span style=\"color: #000000;\">Les drogues se classent au deuxi\u00e8me rang, apr\u00e8s le co\u00fbt de la vie, parmi les probl\u00e8mes les plus importants que les Mauriciens souhaitent que leur gouvernement traite, cit\u00e9 par 37 % des r\u00e9pondants comme l&#8217;une de leurs trois principales priorit\u00e9s.<\/span><\/li>\n<li><span style=\"color: #000000;\">Si le gouvernement pouvait augmenter ses d\u00e9penses pour les programmes destin\u00e9s aux jeunes, la deuxi\u00e8me priorit\u00e9 des citoyens pour un investissement suppl\u00e9mentaire serait les services sociaux pour la jeunesse, par exemple pour am\u00e9liorer la sant\u00e9 et pr\u00e9venir l&#8217;abus de drogues.<\/span><\/li>\n<li><span style=\"color: #000000;\">Plus de sept Mauriciens sur dix (71 %) affirment que les efforts du gouvernement pour traiter la crise des drogues \u00e0 Maurice ont \u00e9t\u00e9 \u00ab quelque peu \u00bb ou \u00ab tr\u00e8s \u00bb inefficaces. Deux tiers (66 %) font la m\u00eame \u00e9valuation des programmes de r\u00e9habilitation du gouvernement, con\u00e7us pour aider les individus \u00e0 se remettre de la d\u00e9pendance aux drogues.<\/span><\/li>\n<li><span style=\"color: #000000;\">Pr\u00e8s de deux tiers (64 %) des Mauriciens estiment que la responsabilit\u00e9 principale de la lutte contre la crise de l\u2019abus de drogues incombe au gouvernement, tandis que 29 % disent que les parents ou les familles doivent prendre les devants.<\/span><\/li>\n<li><span style=\"color: #000000;\">Lors de l\u2019enqu\u00eate pr\u00e9c\u00e9dente d\u2019Afrobarometer en 2022, les Mauriciens \u00e9taient divis\u00e9s sur la strat\u00e9gie la plus efficace pour r\u00e9duire le probl\u00e8me de l\u2019abus de drogues dans la soci\u00e9t\u00e9 mauricienne : 30 % privil\u00e9gieraient l&#8217;\u00e9ducation des jeunes sur les dangers de l&#8217;abus de drogues, 29 % intensifieraient les efforts pour r\u00e9duire le trafic de drogues, et 28 % imposeraient des sanctions s\u00e9v\u00e8res pour les utilisateurs de drogues.<\/span><\/li>\n<\/ol>\n<p style=\"text-align: center;\"><strong><span style=\"color: #000000;\">Une menace persistante<\/span><\/strong><\/p>\n<p><span style=\"color: #000000;\">Dans le pass\u00e9, nous avons soulign\u00e9 que l&#8217;ampleur r\u00e9elle du fl\u00e9au des drogues pourrait rester cach\u00e9e en raison de la nature discr\u00e8te de cette activit\u00e9. Les chiffres fournis par les agences et les ONGs sp\u00e9cialis\u00e9es pourraient en r\u00e9alit\u00e9 \u00eatre sous-estim\u00e9s. Les rapports des commissions d\u2019enqu\u00eate dirig\u00e9es par les juges Rault et Lam Shang Leen ont r\u00e9v\u00e9l\u00e9 l&#8217;implication de certains politiques et fonctionnaires dans la corruption et l\u2019entrave aux efforts de lutte contre les drogues.<\/span><\/p>\n<p><span style=\"color: #000000;\">Il y a des ann\u00e9es, quatre d\u00e9put\u00e9s ont \u00e9t\u00e9 arr\u00eat\u00e9s \u00e0 Amsterdam dans un scandale de trafic de drogues, illustrant la corruption qui a infest\u00e9 les institutions cens\u00e9es lutter contre ce fl\u00e9au. Sir Anerood Jugnauth a d\u00fb prendre des mesures s\u00e9v\u00e8res apr\u00e8s la publication du Rapport Rault pour \u00e9viter que le probl\u00e8me des drogues, pendant son mandat, n&#8217;entra\u00eene la chute de son gouvernement.<\/span><\/p>\n<p><span style=\"color: #000000;\">Cependant, les r\u00e9centes d\u00e9clarations du Premier ministre sur les milliards de dollars de saisies de drogues et les milliers d&#8217;arrestations polici\u00e8res n\u2019indiquent pas clairement ce qui \u00e9chappe \u00e0 la d\u00e9tection. Les revenus de l\u2019industrie illicite pourraient repr\u00e9senter plusieurs pourcents du PIB, ce qui soul\u00e8ve des questions sur la capacit\u00e9 \u00e0 ma\u00eetriser un probl\u00e8me aussi profond\u00e9ment enracin\u00e9. Si les partis politiques b\u00e9n\u00e9ficient de dons issus de cette source, pourront-ils r\u00e9ellement contribuer \u00e0 r\u00e9soudre le probl\u00e8me ?<\/span><\/p>\n<p><span style=\"color: #000000;\">Le bon sens indique que, sans actions fortes, la situation pourrait se d\u00e9t\u00e9riorer et devenir ing\u00e9rable. Il est aussi pr\u00e9occupant que les r\u00e9v\u00e9lations sur la pr\u00e9sence \u00e9tendue des drogues n\u2019\u00e9mergent que maintenant. Existe-t-il des int\u00e9r\u00eats puissants qui ont tol\u00e9r\u00e9 ce ph\u00e9nom\u00e8ne pour des gains personnels ? Les services de renseignement ont-ils une liste d\u2019individus dont le style de vie d\u00e9passe largement leurs moyens officiels ? Plus important encore, des gangs de drogues semblables \u00e0 des mafias menacent-ils la paix du pays ?<\/span><\/p>\n<p style=\"text-align: center;\"><strong>* * *<\/strong><\/p>\n<p style=\"text-align: center;\"><strong><u>Le baiser entre Emmanuel Macron et Am\u00e9lie Oud\u00e9a-Cast\u00e9ra suscite une vague de r\u00e9actions<\/u><\/strong><\/p>\n<p>Les photos d&#8217;Emmanuel Macron, pr\u00e9sident de la R\u00e9publique fran\u00e7aise, \u00e9treignant fortement la ministre des Sports, Am\u00e9lie Oud\u00e9a-Cast\u00e9ra, lors de la c\u00e9r\u00e9monie d&#8217;ouverture des Jeux Olympiques de Paris, ont fait le tour des r\u00e9seaux sociaux. Mme Oud\u00e9a-Cast\u00e9ra, \u00e2g\u00e9e de 46 ans, a \u00e9galement d\u00e9pos\u00e9 un baiser pr\u00e8s du cou de M. Macron, \u00e9galement \u00e2g\u00e9 de 46 ans, selon le rapport du \u00ab\u00a0Telegraph\u00a0\u00bb. Gabriel Attal, le Premier ministre fran\u00e7ais, lui, a d\u00e9tourn\u00e9 le regard pendant que Mme Oud\u00e9a-Cast\u00e9ra \u00e9treignait le pr\u00e9sident fran\u00e7ais.<\/p>\n<p>Le baiser a m\u00eame provoqu\u00e9 des r\u00e9actions en France, o\u00f9 c\u2019est souvent une forme courante de salutation. Certains utilisateurs ont compar\u00e9 cette d\u00e9monstration affectueuse \u00e0 une \u00e9treinte amoureuse. De nombreux utilisateurs de r\u00e9seaux sociaux ont exprim\u00e9 leur opinion, consid\u00e9rant que le geste d\u00e9passait les limites des baisers polis et s&#8217;approchait du domaine de l&#8217;\u00ab ind\u00e9cence \u00bb.<\/p>\n<p>\u00ab C&#8217;est mon amant que j&#8217;embrasse ainsi. C&#8217;est embarrassant \u00bb, a \u00e9crit une personne, selon le New York Post.<br \/>\n\u00ab Je trouve cette photo ind\u00e9cente, elle n&#8217;est pas digne d&#8217;un pr\u00e9sident et d&#8217;une ministre \u00bb, a comment\u00e9 un autre utilisateur.<br \/>\n\u00ab Am\u00e9lie Oud\u00e9a-Cast\u00e9ra embrasse avidement Macron. Au moins, on voit qu&#8217;elle aime son patron, c&#8217;est agr\u00e9able \u00e0 voir \u00bb, a plaisant\u00e9 un utilisateur des r\u00e9seaux sociaux.<br \/>\n\u00ab Gabriel Attal, il fait semblant de regarder ailleurs ! Il ne sait pas o\u00f9 se mettre \u00bb, a comment\u00e9 un autre.<\/p>\n<p>Certains ont m\u00eame cr\u00e9\u00e9 des m\u00e8mes, imaginant la mani\u00e8re dont la femme de Macron, Brigitte Macron, r\u00e9agirait au baiser.<\/p>\n<p>L&#8217;image a \u00e9t\u00e9 d&#8217;abord mise en lumi\u00e8re par le magazine fran\u00e7ais \u00ab\u00a0Madame Figaro\u00a0\u00bb, qui a qualifi\u00e9 le baiser d\u2019\u00ab \u00e9trange \u00bb et a affirm\u00e9 qu\u2019Oud\u00e9a-Cast\u00e9ra \u00ab sait certainement comment faire parler d\u2019elle \u00bb.<\/p>\n<p style=\"text-align: center;\"><strong>Un baiser de six secondes peut-il renforcer une relation plus intime\u00a0?<\/strong><\/p>\n<p>Le baiser intime d&#8217;Emmanuel Macron \u00e0 la ministre des Sports n&#8217;a pas seulement suscit\u00e9 des r\u00e9actions, mais a \u00e9galement raviv\u00e9 l&#8217;int\u00e9r\u00eat pour l&#8217;art du baiser et de ses bienfaits. Albert Stumm, \u00e9crivant pour l&#8217;AP, mentionne que l&#8217;exercice d&#8217;intimit\u00e9 quotidienne &#8211; initi\u00e9 par les th\u00e9rapeutes de couple et psychologues cliniciens, John et Julie Gottman- , \u00e0 savoir, le baiser de six secondes, est exactement ce qu&#8217;il semble avoir comme fonction &#8212; prendre quelques instants chaque jour pour se connecter physiquement avec son partenaire.<\/p>\n<p>Pourquoi six secondes sont-elles importantes ? Les six secondes ne sont pas un nombre arbitraire, explique John Gottman lors d&#8217;une interview vid\u00e9o conjointe avec sa femme et collaboratrice. Le couple mari\u00e9 depuis 1987 a cofond\u00e9 l&#8217;Institut Gottman, qui forme des th\u00e9rapeutes de couple. Apr\u00e8s avoir \u00e9tudi\u00e9 plus de 3 000 couples pendant 30 ans, les Gottman ont d\u00e9couvert que six secondes d&#8217;intimit\u00e9 intentionnelle sont suffisantes pour d\u00e9clencher la lib\u00e9ration d&#8217;ocytocine. C&#8217;est la m\u00eame hormone qui est largement consid\u00e9r\u00e9e comme responsable du lien entre un b\u00e9b\u00e9 et sa m\u00e8re ; les Gottman affirment qu&#8217;elle renforce la confiance dans une relation en calmant le centre de peur du cerveau.<\/p>\n<p>Gottman cite des recherches men\u00e9es par le neuro\u00e9conomiste Paul Zak, qui sugg\u00e8re qu&#8217;un c\u00e2lin de 20 secondes produit le m\u00eame effet.<\/p>\n<p>\u00ab Cela se produit chaque fois que les mammif\u00e8res se c\u00e2linent \u00bb, explique Gottman, auteur de l\u2019ouvrage \u00ab Les Sept Principes pour Faire Fonctionner le Mariage \u00bb, entre autres ouvrages. \u00ab Que ce soit pour un c\u00e2lin de 20 secondes ou un baiser de six secondes, cela se ressent vraiment diff\u00e9remment. On a l&#8217;impression d&#8217;\u00eatre chez soi. \u00bb<\/p>\n<p>Avec quel type de couple cela fonctionne-t-il ? Julie Gottman pr\u00e9cise qu&#8217;un baiser prolong\u00e9 fonctionne mieux pour les couples qui sont engag\u00e9s l&#8217;un envers l&#8217;autre et ont construit un niveau de confiance. Les couples en d\u00e9tresse et qui travaillent sur leurs probl\u00e8mes en th\u00e9rapie pourraient ne pas \u00eatre pr\u00eats pour cela.<\/p>\n<p>\u00ab Nous ne donnerons certainement pas cette information \u00e0 un couple tr\u00e8s en d\u00e9tresse avant que des changements significatifs ne se soient produits \u00bb, dit-elle. \u00ab Parce que cela ne sera pas senti comme \u00e9tant authentique s&#8217;il y a encore beaucoup de m\u00e9fiance. \u00bb<\/p>\n<p>Comment commencer : Les couples doivent d\u00e9cider de prendre du temps chaque jour pour donner la priorit\u00e9 \u00e0 leur relation. Un partenaire pourrait ouvrir la discussion en disant qu&#8217;il croit que l&#8217;exercice pourrait approfondir leur lien, et donc pourquoi ne pas l\u2019essayer ?<\/p>\n<p>Il est ensuite pr\u00e9f\u00e9rable de cr\u00e9er un rituel. R\u00e9servez le m\u00eame moment chaque jour, par exemple, lorsque tout le monde s&#8217;appr\u00eate \u00e0 partir pour le travail et \u00e0 l&#8217;\u00e9cole ou juste avant de se coucher.<\/p>\n<p>Cr\u00e9er un rituel de connexion pendant ces moments de transition prot\u00e8ge contre \u00ab la relation gestionnaire, o\u00f9 la seule chose que le couple fait ensemble est de l&#8217;ajouter \u00e0 leur longue liste de t\u00e2ches \u00bb, explique John Gottman. \u00ab Nous voulons vraiment nourrir la romance. \u00bb<\/p>\n<p>Les rituels favorisent \u00e9galement un sentiment partag\u00e9 d&#8217;objectif, dit Julie Gottman. Assurez-vous de le savourer, plut\u00f4t que de le consid\u00e9rer comme une obligation.<\/p>\n<p>Et pour les couples qui disent ne pas trouver le temps ? Elle n&#8217;y va pas par quatre chemins.<\/p>\n<p>\u00ab Vous n&#8217;avez vraiment pas six secondes ? \u00bb dit-elle en riant. \u00ab Vous savez, nous ne parlons pas de six heures ici. Nous parlons de six secondes. Alors, parlez-moi de ce blocage. Y a-t-il quelque chose d&#8217;autre qui se passe ? \u00bb<\/p>\n<p style=\"text-align: center;\"><strong>* * *<\/strong><\/p>\n<p style=\"text-align: center;\"><strong><u>Panne technologique mondiale : Les services publics et entreprises plong\u00e9s dans un &#8220;digital darkage&#8221;<\/u><\/strong><\/p>\n<p>Le 19 juillet dernier, une des plus grandes pannes simultan\u00e9es jamais rapport\u00e9es a frapp\u00e9 les syst\u00e8mes informatiques des entreprises utilisant les logiciels Microsoft. Microsoft avait attribu\u00e9 la panne \u00e0 une mise \u00e0 jour d\u00e9fectueuse du programme de cybers\u00e9curit\u00e9 CrowdStrike.<\/p>\n<p>Le PDG de CrowdStrike avait d\u00e9clar\u00e9 qu&#8217;un correctif avait \u00e9t\u00e9 d\u00e9ploy\u00e9 et que le probl\u00e8me n&#8217;\u00e9tait pas d\u00fb \u00e0 une cyberattaque. La panne avait perturb\u00e9 des entreprises et des services publics dans le monde entier, y compris les banques, les syst\u00e8mes de sant\u00e9 et les compagnies a\u00e9riennes, soulignant la nature interconnect\u00e9e de l&#8217;\u00e9conomie mondiale et sa vuln\u00e9rabilit\u00e9 aux perturbations.<\/p>\n<p style=\"text-align: center;\"><strong>La d\u00e9pendance technologique de l&#8217;\u00e9conomie<\/strong><\/p>\n<p>\u00ab Le fait qu&#8217;une seule mise \u00e0 jour d&#8217;une entreprise ait pu plonger tant d&#8217;entreprises \u2013 des comptoirs d&#8217;enregistrement des compagnies a\u00e9riennes aux salles de conf\u00e9rence des consultants \u2013 dans un \u00e2ge sombre num\u00e9rique a \u00e9t\u00e9 un avertissement s\u00e9v\u00e8re sur la d\u00e9pendance technologique de l&#8217;\u00e9conomie et les dangers d&#8217;une consolidation excessive autour des m\u00eames outils \u00bb, \u00e9crivaient Gareth Vipers et Sam Schechner du \u00ab\u00a0Wall Street Journal\u00a0\u00bb.<\/p>\n<p>Les entreprises australiennes avaient \u00e9t\u00e9 les premi\u00e8res \u00e0 signaler des probl\u00e8mes, les op\u00e9rations des d\u00e9taillants tels que Woolworths et 7-Eleven \u00e9tant touch\u00e9es. L&#8217;a\u00e9roport de Sydney avait d\u00e9clar\u00e9 qu&#8217;une \u00ab panne technique mondiale \u00bb avait affect\u00e9 ses op\u00e9rations.<\/p>\n<p>En Europe, les compagnies a\u00e9riennes et les a\u00e9roports avaient averti des perturbations le jour qui devait \u00eatre le plus charg\u00e9 pour les d\u00e9parts du Royaume-Uni depuis octobre 2019.<\/p>\n<p>L&#8217;administration f\u00e9d\u00e9rale de l&#8217;aviation des \u00c9tats-Unis (FAA) avait annonc\u00e9 que \u00ab\u00a0Delta\u00a0\u00bb, \u00ab\u00a0United et American Airlines\u00a0\u00bb avaient clou\u00e9 au sol des vols qui devaient d\u00e9coller. Les trois plus grandes compagnies a\u00e9riennes am\u00e9ricaines avaient ensuite repris leurs vols, mais pr\u00e8s de 8 000 vols aux \u00c9tats-Unis avaient \u00e9t\u00e9 retard\u00e9s ou annul\u00e9s, selon le fournisseur de donn\u00e9es a\u00e9ronautiques \u00ab\u00a0FlightAware\u00a0\u00bb.<\/p>\n<p>La perturbation \u00e9tait survenue \u00e0 l&#8217;une des p\u00e9riodes de voyage les plus charg\u00e9es de l&#8217;ann\u00e9e, laissant aux compagnies a\u00e9riennes peu de marge de man\u0153uvre pour r\u00e9tablir rapidement les op\u00e9rations, avec des avions et des \u00e9quipages hors de position.<\/p>\n<p>Des a\u00e9roports des \u00c9tats-Unis au Royaume-Uni, en Inde et en Australie avaient signal\u00e9 des probl\u00e8mes vendredi, la compagnie n\u00e9erlandaise \u00ab\u00a0KLM\u00a0\u00bb ayant suspendu temporairement ses op\u00e9rations apr\u00e8s avoir trouv\u00e9 \u00ab impossible de g\u00e9rer les vols \u00bb.<\/p>\n<p>D&#8217;autres compagnies, dont \u00ab\u00a0British Airways\u00a0\u00bb et \u00ab\u00a0Ryanair\u00a0\u00bb, avaient continu\u00e9 \u00e0 fonctionner mais avaient averti les clients des retards.<\/p>\n<p>Les banques mondiales, les courtiers et les entreprises de technologie financi\u00e8re, dont \u00ab\u00a0JPMorgan Chase\u00a0\u00bb, \u00ab\u00a0UBS\u00a0\u00bb et \u00ab\u00a0Bloomberg\u00a0\u00bb, avaient \u00e9t\u00e9 touch\u00e9s, laissant certains traders incapables d&#8217;acc\u00e9der \u00e0 leurs syst\u00e8mes pour traiter les transactions.<\/p>\n<p>La majorit\u00e9 des cabinets de m\u00e9decins g\u00e9n\u00e9ralistes au Royaume-Uni avaient \u00e9t\u00e9 affect\u00e9s par un probl\u00e8me avec EMIS, un syst\u00e8me de rendez-vous et de dossiers de patients, obligeant les cabinets \u00e0 utiliser des m\u00e9thodes non num\u00e9riques pour communiquer avec les patients et fournir des services. La capacit\u00e9 des pharmacies britanniques \u00e0 d\u00e9livrer des m\u00e9dicaments vitaux avait \u00e9t\u00e9 affect\u00e9e.<\/p>\n<p>En Allemagne, l&#8217;h\u00f4pital universitaire du Schleswig-Holstein, l&#8217;un des plus grands d&#8217;Europe, avait \u00e9t\u00e9 contraint d&#8217;annuler toutes les op\u00e9rations non urgentes et de fermer ses cliniques sans rendez-vous.<\/p>\n<p style=\"text-align: center;\"><strong>Des perturbations mondiales<\/strong><\/p>\n<p>Les compagnies a\u00e9riennes, les banques, les h\u00f4pitaux et d&#8217;autres organisations averses au risque dans le monde entier avaient choisi l&#8217;entreprise de cybers\u00e9curit\u00e9 \u00ab\u00a0CrowdStrike\u00a0\u00bb pour prot\u00e9ger leurs syst\u00e8mes informatiques contre les pirates et les violations de donn\u00e9es. Mais il avait suffi d&#8217;une seule mise \u00e0 jour d\u00e9fectueuse du logiciel de \u00ab\u00a0CrowdStrike\u00a0\u00bb pour provoquer des perturbations mondiales qui avaient clou\u00e9 au sol des vols, mis hors ligne des banques et des m\u00e9dias, et perturb\u00e9 les h\u00f4pitaux, les d\u00e9taillants et d&#8217;autres services.<\/p>\n<p>\u00ab C&#8217;est une cons\u00e9quence de la technologie tr\u00e8s homog\u00e8ne qui constitue l&#8217;\u00e9pine dorsale de toute notre infrastructure informatique \u00bb, avait d\u00e9clar\u00e9 Gregory Falco, professeur assistant en ing\u00e9nierie \u00e0 l&#8217;universit\u00e9 de Cornell. \u00ab Ce qui cause vraiment ce d\u00e9sordre, c&#8217;est que nous comptons sur tr\u00e8s peu d&#8217;entreprises, et tout le monde utilise les m\u00eames fournisseurs, donc tout le monde tombe en panne en m\u00eame temps. \u00bb<\/p>\n<p><strong>La fragilit\u00e9 d&#8217;un \u00e9cosyst\u00e8me technologique mondialement connect\u00e9<\/strong><\/p>\n<p>La pr\u00e9occupation concernant la fragilit\u00e9 d&#8217;un \u00e9cosyst\u00e8me technologique mondialement connect\u00e9 n&#8217;\u00e9tait pas nouvelle. C&#8217;est ce qui avait aliment\u00e9 les craintes dans les ann\u00e9es 1990 car un probl\u00e8me technique pouvait provoquer le chaos au tournant du mill\u00e9naire.<\/p>\n<p>\u00ab C&#8217;est essentiellement ce que nous craignions tous avec le bogue de l&#8217;an 2000, sauf que cette fois, c&#8217;est r\u00e9ellement arriv\u00e9 \u00bb, avait \u00e9crit le consultant en cybers\u00e9curit\u00e9 australien Troy Hunt sur la plateforme sociale X.<\/p>\n<p>Fond\u00e9e en 2011 et cot\u00e9e en bourse depuis 2019, \u00ab\u00a0CrowdStrike\u00a0\u00bb se d\u00e9crivait dans son rapport annuel aux r\u00e9gulateurs financiers comme ayant \u00ab r\u00e9invent\u00e9 la cybers\u00e9curit\u00e9 pour l&#8217;\u00e8re du cloud et transform\u00e9 la mani\u00e8re dont la cybers\u00e9curit\u00e9 \u00e9tait fournie et v\u00e9cue par les clients \u00bb. Elle mettait en avant l&#8217;utilisation de l&#8217;intelligence artificielle pour aider \u00e0 suivre le rythme des adversaires. Elle avait d\u00e9clar\u00e9 avoir 29 000 clients abonn\u00e9s au d\u00e9but de l&#8217;ann\u00e9e.<\/p>\n<p>L&#8217;entreprise bas\u00e9e \u00e0 Austin, au Texas, \u00e9tait l&#8217;une des entreprises de cybers\u00e9curit\u00e9 les plus visibles au monde et d\u00e9pensait \u00e9norm\u00e9ment en marketing, y compris des publicit\u00e9s pour le \u00ab\u00a0Super Bowl\u00a0\u00bb. Le PDG de \u00ab\u00a0CrowdStrike\u00a0\u00bb, George Kurtz, \u00e9tait parmi les personnes les plus r\u00e9mun\u00e9r\u00e9es au monde, enregistrant plus de 230 millions de dollars de compensation totale au cours des trois derni\u00e8res ann\u00e9es. Kurtz \u00e9tait \u00e9galement pilote pour une \u00e9quipe de course automobile sponsoris\u00e9e par \u00ab\u00a0CrowdStrike\u00a0\u00bb.<\/p>\n<hr \/>\n<p><span style=\"color: #800000;\"><strong>Mauritius Times ePaper Friday 2 August 2024<\/strong><\/span><\/p>\n","protected":false},"excerpt":{"rendered":"<p>Eclairages<\/p>\n","protected":false},"author":424,"featured_media":40944,"comment_status":"open","ping_status":"open","sticky":false,"template":"","format":"standard","meta":{"jetpack_post_was_ever_published":false,"_jetpack_newsletter_access":"","_jetpack_dont_email_post_to_subs":false,"_jetpack_newsletter_tier_id":0,"_jetpack_memberships_contains_paywalled_content":false,"_jetpack_memberships_contains_paid_content":false,"footnotes":"","jetpack_publicize_message":"","jetpack_publicize_feature_enabled":true,"jetpack_social_post_already_shared":true,"jetpack_social_options":{"image_generator_settings":{"template":"highway","default_image_id":0,"font":"","enabled":false},"version":2}},"categories":[19379],"tags":[],"class_list":["post-40943","post","type-post","status-publish","format-standard","has-post-thumbnail","hentry","category-opinion"],"jetpack_publicize_connections":[],"jetpack_featured_media_url":"https:\/\/i0.wp.com\/www.mauritiustimes.com\/mt\/wp-content\/uploads\/2024\/08\/E-Drogues.-P-UNODC.jpg?fit=1200%2C800&ssl=1","jetpack_sharing_enabled":true,"jetpack_shortlink":"https:\/\/wp.me\/p8QzSF-aEn","_links":{"self":[{"href":"https:\/\/www.mauritiustimes.com\/mt\/wp-json\/wp\/v2\/posts\/40943","targetHints":{"allow":["GET"]}}],"collection":[{"href":"https:\/\/www.mauritiustimes.com\/mt\/wp-json\/wp\/v2\/posts"}],"about":[{"href":"https:\/\/www.mauritiustimes.com\/mt\/wp-json\/wp\/v2\/types\/post"}],"author":[{"embeddable":true,"href":"https:\/\/www.mauritiustimes.com\/mt\/wp-json\/wp\/v2\/users\/424"}],"replies":[{"embeddable":true,"href":"https:\/\/www.mauritiustimes.com\/mt\/wp-json\/wp\/v2\/comments?post=40943"}],"version-history":[{"count":2,"href":"https:\/\/www.mauritiustimes.com\/mt\/wp-json\/wp\/v2\/posts\/40943\/revisions"}],"predecessor-version":[{"id":42839,"href":"https:\/\/www.mauritiustimes.com\/mt\/wp-json\/wp\/v2\/posts\/40943\/revisions\/42839"}],"wp:featuredmedia":[{"embeddable":true,"href":"https:\/\/www.mauritiustimes.com\/mt\/wp-json\/wp\/v2\/media\/40944"}],"wp:attachment":[{"href":"https:\/\/www.mauritiustimes.com\/mt\/wp-json\/wp\/v2\/media?parent=40943"}],"wp:term":[{"taxonomy":"category","embeddable":true,"href":"https:\/\/www.mauritiustimes.com\/mt\/wp-json\/wp\/v2\/categories?post=40943"},{"taxonomy":"post_tag","embeddable":true,"href":"https:\/\/www.mauritiustimes.com\/mt\/wp-json\/wp\/v2\/tags?post=40943"}],"curies":[{"name":"wp","href":"https:\/\/api.w.org\/{rel}","templated":true}]}}