{"id":39934,"date":"2024-03-22T20:44:19","date_gmt":"2024-03-22T16:44:19","guid":{"rendered":"http:\/\/www.mauritiustimes.com\/mt\/?p=39934"},"modified":"2024-04-01T16:52:48","modified_gmt":"2024-04-01T12:52:48","slug":"elections-en-inde-2024-le-bjp-vise-un-troisieme-mandat","status":"publish","type":"post","link":"https:\/\/www.mauritiustimes.com\/mt\/elections-en-inde-2024-le-bjp-vise-un-troisieme-mandat\/","title":{"rendered":"\u00c9lections en Inde 2024 : le BJP vise un troisi\u00e8me mandat"},"content":{"rendered":"<p style=\"text-align: center;\"><span style=\"color: #ff0000;\"><u>Eclairages<\/u><\/span><\/p>\n<p><!--more--><\/p>\n<p><span style=\"color: #0000ff;\"><strong>Par A.<\/strong><strong>Bartleby<\/strong><\/span><\/p>\n<p><img data-recalc-dims=\"1\" loading=\"lazy\" decoding=\"async\" data-attachment-id=\"39935\" data-permalink=\"https:\/\/www.mauritiustimes.com\/mt\/elections-en-inde-2024-le-bjp-vise-un-troisieme-mandat\/eclairages\/\" data-orig-file=\"https:\/\/i0.wp.com\/www.mauritiustimes.com\/mt\/wp-content\/uploads\/2024\/03\/Eclairages.gif?fit=740%2C366&amp;ssl=1\" data-orig-size=\"740,366\" data-comments-opened=\"1\" data-image-meta=\"{&quot;aperture&quot;:&quot;0&quot;,&quot;credit&quot;:&quot;&quot;,&quot;camera&quot;:&quot;&quot;,&quot;caption&quot;:&quot;&quot;,&quot;created_timestamp&quot;:&quot;0&quot;,&quot;copyright&quot;:&quot;&quot;,&quot;focal_length&quot;:&quot;0&quot;,&quot;iso&quot;:&quot;0&quot;,&quot;shutter_speed&quot;:&quot;0&quot;,&quot;title&quot;:&quot;&quot;,&quot;orientation&quot;:&quot;0&quot;}\" data-image-title=\"Eclairages\" data-image-description=\"\" data-image-caption=\"\" data-large-file=\"https:\/\/i0.wp.com\/www.mauritiustimes.com\/mt\/wp-content\/uploads\/2024\/03\/Eclairages.gif?fit=640%2C317&amp;ssl=1\" class=\"aligncenter size-full wp-image-39935\" src=\"https:\/\/i0.wp.com\/www.mauritiustimes.com\/mt\/wp-content\/uploads\/2024\/03\/Eclairages.gif?resize=640%2C317&#038;ssl=1\" alt=\"\" width=\"640\" height=\"317\" \/><\/p>\n<p>Les \u00e9lections g\u00e9n\u00e9rales de l&#8217;Inde se d\u00e9rouleront en sept phases entre avril et mai 2024, a annonc\u00e9 la Commission \u00e9lectorale. Les r\u00e9sultats seront annonc\u00e9s le 4 juin, a d\u00e9clar\u00e9 le chef de la Commission \u00e9lectorale, Rajiv Kumar, lors d&#8217;une conf\u00e9rence de presse. Les sondages d&#8217;opinion pr\u00e9disent une victoire pour le Bharatiya Janata Party (BJP) de Narendra Modi et ses alli\u00e9s, qui vise un troisi\u00e8me mandat au pouvoir.<!--more--><\/p>\n<p>Plus de deux douzaines de partis d&#8217;opposition, dont le Congr\u00e8s, ont form\u00e9 une grande alliance politique &#8211; appel\u00e9e l&#8217;Alliance Nationale de D\u00e9veloppement Inclusif de l&#8217;Inde ou INDIA &#8211; pour affronter le BJP lors de ces \u00e9lections. Le Bharatiya Janata Party, dirig\u00e9 par M. Modi, avait remport\u00e9 un nombre \u00e9tonnant de 303 si\u00e8ges sur 543 aux \u00e9lections de 2019. Cette ann\u00e9e, le parti a pour objectif de remporter au moins 370 si\u00e8ges, sachant que la Chambre basse de l&#8217;Inde compte 543 si\u00e8ges \u00e9lus, et tout parti ou coalition a besoin d&#8217;au moins 272 d\u00e9put\u00e9s pour former un gouvernement.<\/p>\n<p>Les \u00e9lections d\u00e9mocratiques en Inde seront les plus grandes que le monde n\u2019ait jamais connues. Environ 968 millions de personnes &#8211; soit 150 millions de plus que lors des derni\u00e8res \u00e9lections en 2019 &#8211; sont \u00e9ligibles pour voter, et il y aura 26 millions de nouveaux \u00e9lecteurs. La Commission \u00e9lectorale a d\u00e9clar\u00e9 que plus de 26 millions de nouveaux \u00e9lecteurs ont \u00e9t\u00e9 inclus dans le registre \u00e9lectoral, dont environ 14 millions sont des femmes, d\u00e9passant les hommes nouvellement inscrits de plus de 15%.<\/p>\n<p>Le vote sera \u00e9chelonn\u00e9, commen\u00e7ant le 19 avril 2024 et se terminant le 1er juin 2024.<\/p>\n<p><strong>Le BJP cible le Sud de l&#8217;Inde <\/strong><\/p>\n<p>Apr\u00e8s avoir \u00e9tendu son influence du &#8220;Hindi heartland&#8221; jusqu&#8217;au Nord-Est, le BJP vise d\u00e9sormais le Sud de l&#8217;Inde avant les \u00e9lections au Lok Sabha. Avec des campagnes strat\u00e9giques men\u00e9es par le Premier ministre Modi, le BJP est en train de mettre au d\u00e9fi les alliances \u00e9tablies au Kerala et au Tamil Nadu, visant des gains importants en Andhra Pradesh et au Telangana.<\/p>\n<p>Dans un commentaire sur les prochaines \u00e9lections, \u00ab\u00a0The Economic Times\u00a0\u00bb souligne qu\u2019il y a seulement 10 ans, le Bharatiya Janata Party (BJP) \u00e9tait consid\u00e9r\u00e9 comme un parti du &#8220;Hindi heartland&#8221;, avec un attrait limit\u00e9 aux \u00c9tats du &#8220;Hindi heartland&#8221; et \u00e0 quelques autres comme le Gujarat et le Maharashtra.<\/p>\n<p>La pouss\u00e9e du BJP dans le Sud fait partie de son plan plus large pour \u00e9merger en tant que parti pan-indien. Mais il existe \u00e9galement des consid\u00e9rations \u00e0 court terme. L&#8217;objectif du parti de remporter 370 si\u00e8ges alors qu&#8217;il a atteint son maximum dans ses \u00c9tats traditionnels ne peut \u00eatre r\u00e9alis\u00e9 qu&#8217;en remportant plus de si\u00e8ges dans le Sud. De plus, il s&#8217;attend \u00e0 une forte r\u00e9sistance des partis d&#8217;opposition dans le Maharashtra et le Bihar ainsi que dans son bastion du Sud de l&#8217;Inde, le Karnataka, o\u00f9 sa coalition \u00ab\u00a0National Democratic Alliance\u00a0\u00bb (NDA) a remport\u00e9 26 des 28 si\u00e8ges aux \u00e9lections de 2019. Ses nouveaux chefs de gouvernement au Rajasthan et au Madhya Pradesh sont inexp\u00e9riment\u00e9s, ce qui pourrait constituer une vuln\u00e9rabilit\u00e9.<\/p>\n<p>Pour ces raisons, le BJP a \u00e9labor\u00e9 une importante campagne pour le Sud de l&#8217;Inde, dirig\u00e9e par le Premier ministre Narendra Modi, qui a visit\u00e9 la r\u00e9gion pr\u00e8s de deux douzaines de fois au cours des derniers mois. Modi a achev\u00e9 mardi dernier sa tourn\u00e9e \u00e9clair du Sud de l&#8217;Inde en organisant un d\u00e9fil\u00e9 de route au Kerala et un rassemblement public au Tamil Nadu.<\/p>\n<p>Au cours des six derniers jours, Modi a visit\u00e9 tout le Sud, et a organis\u00e9 des d\u00e9fil\u00e9s de route\u00a0; il a fait une offre agressive pour son parti et a affront\u00e9 les rivaux avec enthousiasme, notamment le \u00ab\u00a0Dravida Munnetra Kazhagam\u00a0\u00bb (DMK) au Tamil Nadu et le \u00ab\u00a0Bharat Rashtra Samithi\u00a0\u00bb (BRS) au Telangana (qui \u00e9tait au pouvoir pendant 10 ans). En Andhra Pradesh, il a partag\u00e9 la sc\u00e8ne avec l&#8217;ancien CM Chandrababu Naidu et Pawan Kalyan, les deux alli\u00e9s du BJP dans l&#8217;\u00c9tat qui auront des \u00e9lections simultan\u00e9es au LokSabha et \u00e0 l&#8217;Assembl\u00e9e.<\/p>\n<p>Pour la premi\u00e8re fois, le Kerala, le Tamil Nadu, l&#8217;Andhra Pradesh et le Telangana sont devenus des \u00c9tats prioritaires pour le BJP car ce sont dans ces \u00c9tats que le BJP voit la plus grande possibilit\u00e9 d&#8217;ajouter plus de si\u00e8ges, en plus de quelques autres \u00c9tats dans d&#8217;autres parties de l&#8217;Inde comme le Bengale occidental.<\/p>\n<p><strong>La Commission \u00e9lectorale indienne serre la vis<\/strong><\/p>\n<p>Dans le contexte des prochaines \u00e9lections, la Commission \u00e9lectorale indienne a demand\u00e9 le 20 mars aux gouvernements de l&#8217;Union et des \u00c9tats du pays de retirer toutes les publicit\u00e9s politiques non autoris\u00e9es, telles que les affiches, les \u00e9critures murales, les panneaux d&#8217;affichage et les banni\u00e8res, des espaces publics tels que les gares, les arr\u00eats de bus, les a\u00e9roports et les bus gouvernementaux.<\/p>\n<p>Avec l&#8217;annonce du calendrier des \u00e9lections au Lok Sabha, le code de conduite \u00e9lectoral est entr\u00e9 en vigueur. Dans une lettre adress\u00e9e \u00e0 tous les \u00c9tats et territoires de l&#8217;Union le m\u00eame jour, l&#8217;organe \u00e9lectoral leur a demand\u00e9 de veiller \u00e0 une stricte conformit\u00e9 \u00e0 ses instructions concernant le retrait des publicit\u00e9s politiques des biens gouvernementaux, publics et priv\u00e9s.<\/p>\n<p>Dans sa lettre, la commission a d\u00e9clar\u00e9\u00a0: &#8220;Toutes les publicit\u00e9s politiques non autoris\u00e9es, sous forme d&#8217;\u00e9critures murales, d&#8217;affiches, de papiers ou de d\u00e9figuration sous toute autre forme, de d\u00e9coupes, de panneaux d&#8217;affichage, de drapeaux, etc., ont \u00e9t\u00e9 ordonn\u00e9es \u00e0 \u00eatre retir\u00e9es de mani\u00e8re limit\u00e9e dans le temps des espaces publics tels que les gares, les arr\u00eats de bus, les a\u00e9roports, les ponts ferroviaires, les routes, les bus gouvernementaux, les poteaux \u00e9lectriques ou t\u00e9l\u00e9phoniques, les b\u00e2timents des municipalit\u00e9s ou des collectivit\u00e9s locales, etc., et une stricte conformit\u00e9 \u00e0 cet \u00e9gard devait \u00eatre assur\u00e9e.(\u2026)<\/p>\n<p>La commission prend acte du non-respect ou du respect partiel de ses instructions et ordonne par la pr\u00e9sente \u00e0 tous les gouvernements des \u00c9tats et des territoires de l&#8217;Union de retirer imm\u00e9diatement toutes les publicit\u00e9s politiques non autoris\u00e9es et de garantir le plein respect de ses instructions susmentionn\u00e9es&#8221;.<\/p>\n<p><strong>* * *<\/strong><\/p>\n<p><strong><u>&#8220;R\u00e9sister&#8221; : Une attitude pour se mettre au service de la d\u00e9mocratie<\/u><\/strong><\/p>\n<p>Lors du lancement du livre &#8220;R\u00e9sister&#8221; d&#8217;Alain Gordon-Gentil, qui retrace le mandat tumultueux et difficile de Satyajit Boolell en tant que Directeur des Poursuites Publiques (DPP), ce dernier a livr\u00e9 un discours percutant, mettant en exergue l&#8217;importance de remettre en question les r\u00e9alit\u00e9s difficiles et de faire le choix entre suivre le sens moral ou opter pour le chemin facile, une r\u00e9flexion \u00e0 laquelle nous sommes tous confront\u00e9s \u00e0 un moment donn\u00e9.<\/p>\n<p>En tant que juriste cherchant des r\u00e9ponses, Satyajit Boolell a rappel\u00e9 l&#8217;importance cruciale de la Constitution de Maurice. Celle-ci, fruit d&#8217;un compromis politique, vise \u00e0 \u00e9quilibrer les droits de tous les segments de la soci\u00e9t\u00e9 mauricienne. En 1964, des r\u00e9formes constitutionnelles ont transform\u00e9 le poste de Procureur G\u00e9n\u00e9ral en celui d&#8217;Attorney General, conf\u00e9rant ainsi au DPP un pouvoir de poursuite ind\u00e9pendant du pouvoir politique.<\/p>\n<p>Cependant, ces derni\u00e8res ann\u00e9es, des tentatives ont \u00e9t\u00e9 faites pour affaiblir le DPP en pla\u00e7ant son bureau sous la supervision de l&#8217;Attorney General ou en introduisant une Commission des poursuites. Satyajit Boolell a soulign\u00e9 que de telles mesures menacent l&#8217;\u00e9quilibre des pouvoirs dans le pays. Il a \u00e9galement \u00e9voqu\u00e9 les conflits entre le DPP et le Commissaire de Police, en particulier lorsque les dossiers en question ont des implications politiques.<\/p>\n<p>Poursuivant, il a d\u00e9clar\u00e9: &#8220;S\u2019il est vrai que dans une d\u00e9mocratie comme la n\u00f4tre, l\u2019ex\u00e9cutif r\u00e9pond \u00e0 l\u2019Assembl\u00e9e nationale pour ses d\u00e9cisions politiques, et au tribunal pour la l\u00e9galit\u00e9 de ses actes, il existe n\u00e9anmoins un danger inh\u00e9rent quand la majorit\u00e9 tente d&#8217;avoir un contr\u00f4le absolu sur tous les leviers du pouvoir. Quand on a le sentiment que le Parlement se soumet au diktat de la majorit\u00e9, on s\u2019\u00e9loigne alors des principes constitutionnels et du principe de la m\u00e9ritocratie. On se glisse vers l\u2019autocratie \u00e9lective. La loi, par contre, n\u2019a tout simplement aucune solution au probl\u00e8me de l\u2019autocratie \u00e9lective, m\u00eame dans un syst\u00e8me de droits constitutionnels parfaitement ancr\u00e9s comme le n\u00f4tre.<\/p>\n<p>&#8220;La loi peut par exemple offrir une protection contre certaines formes de discrimination \u00e0 caract\u00e9ristiques personnelles, telles que celles touchant le sexe, la race ou l\u2019orientation sexuelle. Mais les tribunaux ne peuvent parer \u00e0 la menace plus large et souvent moins tangible selon laquelle une autocratie majoritaire pourrait agir de mani\u00e8re partisane et oppressive, \u00e0 moins qu\u2019ils n\u2019assument eux-m\u00eames les pouvoirs l\u00e9gislatifs.&#8221;<\/p>\n<p>Satyajit Boolell a soulign\u00e9 que les garanties contre les abus de pouvoir d\u00e9mocratique doivent venir de la classe politique et de la citoyennet\u00e9 active. Il a appel\u00e9 \u00e0 une r\u00e9sistance collective contre les pressions et la peur, invoquant le courage de nos anc\u00eatres pour d\u00e9fendre les valeurs qui nous d\u00e9finissent.<\/p>\n<p>Le livre &#8220;R\u00e9sister&#8221; n&#8217;est pas seulement une r\u00e9f\u00e9rence importante, mais aussi un plaidoyer passionn\u00e9 pour la d\u00e9fense de la d\u00e9mocratie et de l&#8217;\u00c9tat de droit \u00e0 Maurice. Il rappelle \u00e0 tous les Mauriciens l&#8217;importance de rester vigilants et engag\u00e9s dans la lutte pour la justice et la libert\u00e9. Ce plaidoyer pour la d\u00e9mocratie et l&#8217;\u00c9tat de droit r\u00e9sonne au-del\u00e0 des fronti\u00e8res de Maurice et rappelle l&#8217;importance universelle de d\u00e9fendre les valeurs d\u00e9mocratiques.<\/p>\n<p><strong>* * *<\/strong><\/p>\n<p><strong>\u00a0<\/strong><strong><u>Trafic de drogue : Le\u00e7ons du Sri Lanka &#8211; 50 000 criminels arr\u00eat\u00e9s dans une op\u00e9ration massive<\/u><\/strong><\/p>\n<p><strong>\u00a0<\/strong>Le gouvernement sri-lankais a r\u00e9cemment annonc\u00e9 que dans le cadre de son &#8220;Op\u00e9ration Yukthiya&#8221; contre la drogue, 50 000 criminels ont arr\u00eat\u00e9s et des saisies des drogues d&#8217;une valeur de Rs7 733 millions sri-lankaises ont \u00e9t\u00e9 effectu\u00e9es. De plus, des biens d&#8217;une valeur de Rs726 millions sri-lankaises ont \u00e9t\u00e9 confisqu\u00e9s.<\/p>\n<p>Con\u00e7u par le ministre de la S\u00e9curit\u00e9 publique, Tiran Alles, et supervis\u00e9 par l&#8217;inspecteur g\u00e9n\u00e9ral de la police par int\u00e9rim Deshabandu Tennakoon, l&#8217;op\u00e9ration &#8220;Yukthiya&#8221; a \u00e9t\u00e9 lanc\u00e9e le 17 d\u00e9cembre et devrait \u00eatre achev\u00e9e d&#8217;ici le 30 juin. Un total de 56 541 criminels sur toute l&#8217;\u00eele ont \u00e9t\u00e9 arr\u00eat\u00e9s. Parmi eux, 49 558 ont \u00e9t\u00e9 arr\u00eat\u00e9s pour abus de drogue(s) tandis que 6 958 autres figuraient sur les listes des &#8220;suspects de crime&#8221;, indique un communiqu\u00e9 du minist\u00e8re de la S\u00e9curit\u00e9 publique.<\/p>\n<p>Cependant, malgr\u00e9 ses objectifs anti-narcotiques, l&#8217;op\u00e9ration a r\u00e9guli\u00e8rement \u00e9t\u00e9 critiqu\u00e9e de divers c\u00f4t\u00e9s. La police du Sri Lanka publie quotidiennement des d\u00e9clarations d\u00e9taill\u00e9es relatives \u00e0 l&#8217;op\u00e9ration. Elle a \u00e9galement mis en place une ligne directe pour le public afin de fournir des informations concernant l&#8217;op\u00e9ration anti-drogue en cours.<\/p>\n<p>Le minist\u00e8re a d\u00e9clar\u00e9 que des enqu\u00eates sur la propri\u00e9t\u00e9 de biens illicites ont \u00e9t\u00e9 initi\u00e9es pour 234 des suspects arr\u00eat\u00e9s, tandis que 3 083 individus r\u00e9pertori\u00e9s par le Bureau des stup\u00e9fiants de la police et le Bureau sp\u00e9cial de la police ont \u00e9galement \u00e9t\u00e9 arr\u00eat\u00e9s.<\/p>\n<p>L&#8217;op\u00e9ration s&#8217;est poursuivie malgr\u00e9 la condamnation de la commission locale des droits de l&#8217;homme, du Lawyers&#8217; Collective qui se d\u00e9crit comme une congr\u00e9gation de membres de la profession juridique transcendant la politique, et de nombreux autres groupes de d\u00e9fense des droits. M. Alles a rejet\u00e9 toutes ces condamnations.<\/p>\n<p>Plus t\u00f4t, le 12 janvier, une d\u00e9claration du Haut-Commissaire des Nations unies aux droits de l&#8217;homme, Volker Turk, indiquait : &#8220;Nous sommes tr\u00e8s pr\u00e9occup\u00e9s par le fait que les autorit\u00e9s au Sri Lanka adoptent une r\u00e9ponse fortement ax\u00e9e sur la s\u00e9curit\u00e9 au probl\u00e8me de la drogue du pays, au lieu de politiques de sant\u00e9 publique ancr\u00e9es dans les droits de l&#8217;homme. 29 000 personnes auraient \u00e9t\u00e9 arr\u00eat\u00e9es pour des affaires li\u00e9es \u00e0 la drogue depuis le 17 d\u00e9cembre, avec des all\u00e9gations selon lesquelles certaines auraient \u00e9t\u00e9 soumises \u00e0 des mauvais traitements et \u00e0 la torture.&#8221;<\/p>\n<p>Le chef des droits de l&#8217;homme de l&#8217;ONU a d\u00e9clar\u00e9 que les forces de s\u00e9curit\u00e9 auraient men\u00e9 des raids sans mandats de perquisition, arr\u00eatant des suspects de vente et d&#8217;utilisation de drogues, dont des centaines ont \u00e9t\u00e9 envoy\u00e9es dans des centres de r\u00e9\u00e9ducation dirig\u00e9s par l&#8217;arm\u00e9e.<\/p>\n<p>La semaine derni\u00e8re, le Lawyers&#8217; Collective, dans une lettre adress\u00e9e \u00e0 M. Alles, a insist\u00e9 pour que &#8220;la campagne soit conforme \u00e0 l&#8217;\u00c9tat de droit. Elle ne peut pas \u00eatre une initiative passionn\u00e9e et personnelle que vous (M. Alles) cherchez \u00e0 mettre en \u0153uvre en dehors de la loi.&#8221;<\/p>\n<p>Il est ind\u00e9niable que la m\u00e9thode sri-lankaise a montr\u00e9 des r\u00e9sultats apparents dans la lutte contre le trafic de drogue et l&#8217;abus de substances. Peut-\u00eatre est-il temps pour une op\u00e9ration \u00e0 grande \u00e9chelle \u00e0 la dimension du pays comme ce que le Sri Lanka a fait, mais avec des garanties ad\u00e9quates en place.<\/p>\n<p>Cependant, avant de prendre des mesures similaires \u00e0 Maurice, il est imp\u00e9ratif d&#8217;\u00e9valuer attentivement les implications, les garanties n\u00e9cessaires et les r\u00e9percussions potentielles sur les droits de l&#8217;homme et la soci\u00e9t\u00e9 dans son ensemble. L&#8217;application d&#8217;une telle op\u00e9ration \u00e0 grande \u00e9chelle doit \u00eatre soigneusement pes\u00e9e, en tenant compte des sp\u00e9cificit\u00e9s de notre soci\u00e9t\u00e9 et de notre syst\u00e8me juridique. Bien que la lutte contre le trafic de drogue soit une priorit\u00e9, il est \u00e9galement crucial de garantir que les droits fondamentaux des individus soient respect\u00e9s et que les mesures prises soient proportionn\u00e9es et efficaces.<\/p>\n<p>Parall\u00e8lement, il est imp\u00e9ratif de renforcer les initiatives de pr\u00e9vention, de sensibilisation et de traitement de la toxicomanie. S&#8217;attaquer aux racines du probl\u00e8me et offrir des alternatives positives aux jeunes et aux communaut\u00e9s les plus vuln\u00e9rables est essentiel pour combattre durablement le fl\u00e9au de la drogue \u00e0 Maurice.<\/p>\n<p><strong>\u00a0<\/strong><strong>* * *<\/strong><\/p>\n<p><strong>\u00a0<\/strong><strong><u>&#8220;Beware the Ides of March&#8221;<\/u><\/strong><\/p>\n<p>&#8220;M\u00e9fiez-vous des Ides de Mars&#8221; (&#8220;Beware the Ides of March&#8221;) est une phrase c\u00e9l\u00e8bre de la pi\u00e8ce de William Shakespeare &#8220;Jules C\u00e9sar&#8221;. Dans la pi\u00e8ce, un devin met en garde C\u00e9sar d&#8217;un danger imminent le jour des Ides de Mars (le 15 mars), mais C\u00e9sar ignore cet avertissement et rencontre finalement son destin ce jour-l\u00e0. Depuis, cette phrase est devenue un moyen populaire de mettre en garde quelqu&#8217;un contre un danger ou une malchance potentiels, notamment autour de la mi-mars.<\/p>\n<p><strong>Les Ides de Mars : Signification et origines<\/strong><\/p>\n<p>En 44 av. J.-C., la date \u00e9quivalente \u00e0 notre 15 mars a valu son surnom de &#8220;journ\u00e9e o\u00f9 l&#8217;on emporte son couteau au travail&#8221; lorsque le dictateur romain Gaius Julius C\u00e9sar a \u00e9t\u00e9 poignard\u00e9 23 fois par des membres du S\u00e9nat romain. La r\u00e9v\u00e9lation du &#8220;Et tu, Brutus&#8221; a mis fin \u00e0 la trahison dramatique un jour marqu\u00e9 comme &#8220;Ides&#8221; dans le calendrier romain. Les Ides tombaient le 15 de mars, mai, juillet et octobre, tandis que pour les autres mois, le 13 \u00e9tait le jour des Ides, tout comme les premiers jours \u00e9taient marqu\u00e9s comme les Calendes.<\/p>\n<p>Tout cela \u00e9tait bas\u00e9 sur les phases lunaires. D&#8217;origine latine, les Ides de Mars tiraient leur signification de &#8220;Idus Martias&#8221;, faisant r\u00e9f\u00e9rence \u00e0 la mi-mars et signalant la pleine lune dans le ciel. Par cons\u00e9quent, il n&#8217;y a aucune raison logique pour nous de &#8220;nous m\u00e9fier des Ides&#8221; (sauf pour Jules C\u00e9sar). Cette date ne faisait que signaler l&#8217;arriv\u00e9e de la premi\u00e8re pleine lune.<\/p>\n<p>Le calendrier romain avait trois intervalles mensuels fixes, contrairement aux dates que le calendrier moderne attribue \u00e0 chaque jour. Commen\u00e7ant par les Calendes comme premier jour du mois suivant, venaient ensuite les Nones, c&#8217;est-\u00e0-dire le cinqui\u00e8me ou le septi\u00e8me jour, et les Ides, c&#8217;est-\u00e0-dire le 13 ou le 15. L&#8217;un des premiers calendriers romains marquait m\u00eame les Ides de Mars comme la premi\u00e8re pleine lune de la nouvelle ann\u00e9e, en particulier avec le mois de mars reconnu comme le premier mois de l&#8217;ann\u00e9e romaine.<\/p>\n<p>Alors que les Nones et les Calendes conservaient leur statut de simples indicateurs de date dans le pass\u00e9, les \u00ab\u00a0Ides de Mars\u00a0\u00bb ont gagn\u00e9 en notori\u00e9t\u00e9 lorsque C\u00e9sar a \u00e9t\u00e9 assassin\u00e9, m\u00eame par certains de ses alli\u00e9s politiques. L&#8217;\u00e9v\u00e9nement choquant a \u00e9t\u00e9 identifi\u00e9 comme un tournant dans l&#8217;histoire romaine, immortalisant \u00e0 jamais la date. La pi\u00e8ce de Shakespeare recr\u00e9e simplement le coup de th\u00e9\u00e2tre historique dans ses pi\u00e8ces, attribuant une fois de plus \u00e0 la pr\u00e9tendue mise en garde du devin une c\u00e9l\u00e9brit\u00e9 immortelle.<\/p>\n<p>M\u00eame avant que Shakespeare ne nous mette en garde contre ce jour redout\u00e9, il \u00e9tait observ\u00e9 comme la date limite romaine pour r\u00e9gler les dettes et les loyers.<\/p>\n<p><strong>Le 15 mars : Un jour porteur de malchance ?<\/strong><\/p>\n<p>Les couleurs sinistres de cette journ\u00e9e ne s&#8217;arr\u00eatent pas l\u00e0. Apparemment, pour le quatri\u00e8me anniversaire de la mort de Jules C\u00e9sar, le premier souverain de l&#8217;Empire romain, Octave, alias Auguste, a provoqu\u00e9 un bain de sang massif en ex\u00e9cutant des politiciens et des soldats ayant pr\u00eat\u00e9 all\u00e9geance \u00e0 l&#8217;ennemi pendant la guerre civile.<\/p>\n<p>Des ann\u00e9es plus tard, au XIXe si\u00e8cle, un cyclone a ravag\u00e9 trois navires de guerre am\u00e9ricains et trois allemands, tuant plus de 200 marins. Quand, me demanderez-vous ? Le 15 mars 1889.<\/p>\n<p>Ensuite, \u00e0 la m\u00eame date en 1939, Adolf Hitler a ferm\u00e9 les yeux sur l&#8217;accord de Munich &#8211; un accord conjoint entre l&#8217;Allemagne, la Grande-Bretagne et la France &#8211; et a envahi des parties de la Tch\u00e9coslovaquie, attisant le feu pour la prochaine Seconde Guerre mondiale. En 2011, la guerre civile syrienne a \u00e9galement commenc\u00e9 le 15 mars.<\/p>\n<p>De plus, la connaissance horrifiante sur la mani\u00e8re dont l&#8217;humanit\u00e9 a commenc\u00e9 l&#8217;\u00e9puisement de la couche d&#8217;ozone a \u00e9galement \u00e9t\u00e9 r\u00e9v\u00e9l\u00e9e le 15 mars 1988.<\/p>\n<p>Il n&#8217;y a aucune corr\u00e9lation solide entre ces d\u00e9veloppements historiques. Pourtant, les co\u00efncidences fatales ont perp\u00e9tuellement terni la date pour le monde.<\/p>\n<p>Quelques autres dates de superstition malchanceuse comme les \u00ab\u00a0Ides de Mars\u00a0\u00bb en fonction des pays :<\/p>\n<p>&#8211; Le vendredi 13 (Europe)<br \/>\n&#8211; Le 8 ao\u00fbt (Inde)<br \/>\n&#8211; Le 14 avril (historiquement)<br \/>\n&#8211; Le 4 avril (Chine)<br \/>\n&#8211; Le 28 d\u00e9cembre (selon une ancienne tradition populaire)<\/p>\n<p>Bien que les origines des craintes associ\u00e9es aux \u00ab\u00a0Ides de Mars\u00a0\u00bb remontent \u00e0 l&#8217;assassinat de Jules C\u00e9sar, les \u00e9v\u00e9nements historiques ult\u00e9rieurs ont contribu\u00e9 \u00e0 renforcer cette superstition dans l&#8217;imaginaire collectif.<\/p>\n<p>Il est ind\u00e9niable que de nombreux \u00e9v\u00e9nements significatifs, qu&#8217;ils soient positifs ou n\u00e9gatifs, ont eu lieu au mois de mars \u00e0 travers le monde, affectant des pays, des gouvernements et des leaders politiques. Cette s\u00e9rie de co\u00efncidences peut parfois susciter des superstitions et des sp\u00e9culations sur la signification du mois de mars dans l&#8217;histoire et la politique.<\/p>\n<p>Par exemple, le d\u00e9but de la guerre civile syrienne en mars 2011 et l&#8217;invasion de la Tch\u00e9coslovaquie par Adolf Hitler en mars 1939 sont des \u00e9v\u00e9nements majeurs qui ont eu des cons\u00e9quences mondiales significatives. De m\u00eame, des \u00e9v\u00e8nements comme l&#8217;assassinat de l&#8217;archiduc Fran\u00e7ois-Ferdinand en mars 1914, qui a d\u00e9clench\u00e9 la Premi\u00e8re Guerre mondiale, ou la cr\u00e9ation de l&#8217;Union europ\u00e9enne en mars 1957, ont marqu\u00e9 l&#8217;histoire de mani\u00e8re notable.<\/p>\n<p>Cependant, il est important de noter que ces \u00e9v\u00e8nements sont le r\u00e9sultat de circonstances historiques complexes.<\/p>\n<p>En ce qui concerne l&#8217;\u00eele Maurice et son contexte politique actuel, il serait imprudent de tirer des conclusions h\u00e2tives sur la corr\u00e9lation entre les \u00ab\u00a0Ides de Mars\u00a0\u00bb et les \u00e9v\u00e9nements politiques locaux. L&#8217;ann\u00e9e \u00e9lectorale \u00e0 Maurice peut \u00eatre un moment de grande incertitude et de tumulte politique, mais la mani\u00e8re dont les \u00e9v\u00e8nements se d\u00e9rouleront pour Maurice et ses leaders politiques d\u00e9pendra de diverses variables telles que les politiques gouvernementales, les performances \u00e9conomiques et les dynamiques sociales, plut\u00f4t que d&#8217;une quelconque influence des \u00ab\u00a0Ides de Mars\u00a0\u00bb ou d&#8217;autres superstitions.<\/p>\n<p>Quoi qu&#8217;il en soit, la date du 15 mars continuera de susciter soit des inqui\u00e9tudes soit de la fascination, rappelant \u00e0 chacun la fragilit\u00e9 de la vie et l&#8217;incertitude du destin.<\/p>\n<hr \/>\n<p><strong><span style=\"color: #800080;\">Mauritius Times ePaper Friday 22 March 2024<\/span><\/strong><\/p>\n","protected":false},"excerpt":{"rendered":"<p>Eclairages<\/p>\n","protected":false},"author":424,"featured_media":0,"comment_status":"open","ping_status":"open","sticky":false,"template":"","format":"standard","meta":{"jetpack_post_was_ever_published":false,"_jetpack_newsletter_access":"","_jetpack_dont_email_post_to_subs":false,"_jetpack_newsletter_tier_id":0,"_jetpack_memberships_contains_paywalled_content":false,"_jetpack_memberships_contains_paid_content":false,"footnotes":"","jetpack_publicize_message":"","jetpack_publicize_feature_enabled":true,"jetpack_social_post_already_shared":true,"jetpack_social_options":{"image_generator_settings":{"template":"highway","default_image_id":0,"font":"","enabled":false},"version":2}},"categories":[6],"tags":[44819,35904,6552,39244,44846,11744,42216,44816,44825,44839,6475,493,701,44840,44841,19371,44836,44845,44834,44832,1013,44838,789,44837,44821,14696,16153,44824,37153,44814,32624,44827,44843,44817,44823,18608,165,44831,44815,44818,34365,17664,5095,44844,8957,4787,36,44829,72,6674,44822,44833,44835,44842,26578,34957,1852,19046,3946,841,13175,44820,41811,44830,44826,21944,44828,7567],"class_list":["post-39934","post","type-post","status-publish","format-standard","hentry","category-latest-news","tag-accord-de-munich","tag-adolf-hitler","tag-alain-gordon-gentil","tag-allemagne","tag-alliance-nationale-de-developpement-inclusif-de-linde","tag-andhra-pradesh","tag-annee-electorale","tag-assassinat-de-francois-ferdinand","tag-beware-the-ides-of-march","tag-bharat-rashtra-samithi","tag-bharatiya-janata-party","tag-bihar","tag-bjp","tag-brs","tag-chandrababu-naidu","tag-code-de-conduite-electoral","tag-commission-electorale-indienne","tag-congres","tag-defense-de-la-democratie","tag-deshabandu-tennakoon","tag-directeur-des-poursuites-publiques","tag-dmk","tag-dpp","tag-dravida-munnetra-kazhagam","tag-empire-romain","tag-etat-de-droit","tag-fleau-de-la-drogue","tag-gaius-julius-cesar","tag-grande-bretagne","tag-guerre-civile-syrienne-2011","tag-gujarat","tag-haut-commissaire-des-nations-unies-aux-droits-de-lhomme","tag-hindi-heartland","tag-ides-de-mars","tag-idus-martias","tag-ile-maurice","tag-india","tag-inspecteur-general-de-la-police","tag-invasion-de-la-tchecoslovaquie","tag-jules-cesar","tag-kerala","tag-la-france","tag-lok-sabha","tag-madhya-pradesh","tag-maharashtra","tag-maurice","tag-mauritius-times","tag-ministre-de-la-securite-publique","tag-narendra-modi","tag-national-democratic-alliance","tag-octave","tag-operation-yukthiya","tag-orientation-sexuelle","tag-pawan-kalyan","tag-premiere-guerre-mondiale","tag-rajasthan","tag-satyajit-boolell","tag-seconde-guerre-mondiale","tag-shakespeare","tag-sri-lanka","tag-tamil-nadu","tag-tchecoslovaquie","tag-telangana","tag-tiran-alles","tag-toxicomanie","tag-union-europeenne","tag-volker-turk","tag-william-shakespeare"],"jetpack_publicize_connections":[],"jetpack_featured_media_url":"","jetpack_sharing_enabled":true,"jetpack_shortlink":"https:\/\/wp.me\/p8QzSF-ao6","_links":{"self":[{"href":"https:\/\/www.mauritiustimes.com\/mt\/wp-json\/wp\/v2\/posts\/39934","targetHints":{"allow":["GET"]}}],"collection":[{"href":"https:\/\/www.mauritiustimes.com\/mt\/wp-json\/wp\/v2\/posts"}],"about":[{"href":"https:\/\/www.mauritiustimes.com\/mt\/wp-json\/wp\/v2\/types\/post"}],"author":[{"embeddable":true,"href":"https:\/\/www.mauritiustimes.com\/mt\/wp-json\/wp\/v2\/users\/424"}],"replies":[{"embeddable":true,"href":"https:\/\/www.mauritiustimes.com\/mt\/wp-json\/wp\/v2\/comments?post=39934"}],"version-history":[{"count":0,"href":"https:\/\/www.mauritiustimes.com\/mt\/wp-json\/wp\/v2\/posts\/39934\/revisions"}],"wp:attachment":[{"href":"https:\/\/www.mauritiustimes.com\/mt\/wp-json\/wp\/v2\/media?parent=39934"}],"wp:term":[{"taxonomy":"category","embeddable":true,"href":"https:\/\/www.mauritiustimes.com\/mt\/wp-json\/wp\/v2\/categories?post=39934"},{"taxonomy":"post_tag","embeddable":true,"href":"https:\/\/www.mauritiustimes.com\/mt\/wp-json\/wp\/v2\/tags?post=39934"}],"curies":[{"name":"wp","href":"https:\/\/api.w.org\/{rel}","templated":true}]}}