{"id":39814,"date":"2024-03-08T15:16:44","date_gmt":"2024-03-08T11:16:44","guid":{"rendered":"http:\/\/www.mauritiustimes.com\/mt\/?p=39814"},"modified":"2024-03-15T18:45:08","modified_gmt":"2024-03-15T14:45:08","slug":"la-france-fait-lhistoire-en-inscrivant-le-droit-a-lavortement-dans-sa-constitution","status":"publish","type":"post","link":"https:\/\/www.mauritiustimes.com\/mt\/la-france-fait-lhistoire-en-inscrivant-le-droit-a-lavortement-dans-sa-constitution\/","title":{"rendered":"La France fait l&#8217;histoire en inscrivant le droit \u00e0 l&#8217;avortement dans sa Constitution"},"content":{"rendered":"<p style=\"text-align: center;\"><span style=\"color: #800000;\"><u>Eclairages<\/u><\/span><!--more--><\/p>\n<p><span style=\"color: #0000ff;\"><strong>Par A. Bartleby<\/strong><\/span><\/p>\n<p><span style=\"color: #000000;\">Les l\u00e9gislateurs fran\u00e7ais ont approuv\u00e9 un projet de loi visant \u00e0 inscrire le droit \u00e0 l&#8217;avortement dans la Constitution du pays, une d\u00e9marche historique en r\u00e9ponse aux inqui\u00e9tudes suscit\u00e9es par le recul des lois sur l&#8217;avortement aux \u00c9tats-Unis.<\/span><\/p>\n<p><span style=\"color: #000000;\"><img data-recalc-dims=\"1\" loading=\"lazy\" decoding=\"async\" data-attachment-id=\"39815\" data-permalink=\"https:\/\/www.mauritiustimes.com\/mt\/la-france-fait-lhistoire-en-inscrivant-le-droit-a-lavortement-dans-sa-constitution\/e-avortement-la-france\/\" data-orig-file=\"https:\/\/i0.wp.com\/www.mauritiustimes.com\/mt\/wp-content\/uploads\/2024\/03\/E-Avortement-La-France.jpg?fit=1200%2C750&amp;ssl=1\" data-orig-size=\"1200,750\" data-comments-opened=\"1\" data-image-meta=\"{&quot;aperture&quot;:&quot;0&quot;,&quot;credit&quot;:&quot;&quot;,&quot;camera&quot;:&quot;&quot;,&quot;caption&quot;:&quot;&quot;,&quot;created_timestamp&quot;:&quot;0&quot;,&quot;copyright&quot;:&quot;&quot;,&quot;focal_length&quot;:&quot;0&quot;,&quot;iso&quot;:&quot;0&quot;,&quot;shutter_speed&quot;:&quot;0&quot;,&quot;title&quot;:&quot;&quot;,&quot;orientation&quot;:&quot;0&quot;}\" data-image-title=\"E&amp;#8212;Avortement-+-La-France\" data-image-description=\"\" data-image-caption=\"\" data-large-file=\"https:\/\/i0.wp.com\/www.mauritiustimes.com\/mt\/wp-content\/uploads\/2024\/03\/E-Avortement-La-France.jpg?fit=640%2C400&amp;ssl=1\" class=\"aligncenter size-full wp-image-39815\" src=\"https:\/\/i0.wp.com\/www.mauritiustimes.com\/mt\/wp-content\/uploads\/2024\/03\/E-Avortement-La-France.jpg?resize=640%2C400&#038;ssl=1\" alt=\"\" width=\"640\" height=\"400\" srcset=\"https:\/\/i0.wp.com\/www.mauritiustimes.com\/mt\/wp-content\/uploads\/2024\/03\/E-Avortement-La-France.jpg?w=1200&amp;ssl=1 1200w, https:\/\/i0.wp.com\/www.mauritiustimes.com\/mt\/wp-content\/uploads\/2024\/03\/E-Avortement-La-France.jpg?resize=300%2C188&amp;ssl=1 300w, https:\/\/i0.wp.com\/www.mauritiustimes.com\/mt\/wp-content\/uploads\/2024\/03\/E-Avortement-La-France.jpg?resize=1024%2C640&amp;ssl=1 1024w, https:\/\/i0.wp.com\/www.mauritiustimes.com\/mt\/wp-content\/uploads\/2024\/03\/E-Avortement-La-France.jpg?resize=768%2C480&amp;ssl=1 768w\" sizes=\"auto, (max-width: 640px) 100vw, 640px\" \/><\/span><strong><span style=\"color: #ff6600;\">La France devient le premier pays \u00e0 inscrire l&#8217;avortement dans sa Constitution. P &#8211; Charentre Libre<\/span> <\/strong><\/p>\n<p><span style=\"color: #000000;\">Les membres des deux Chambres du Parlement se sont r\u00e9unis lundi dernier lors d&#8217;une session conjointe au Palais de Versailles et ont approuv\u00e9 la mesure par 780 voix contre 72. Le r\u00e9sultat a suscit\u00e9 une &#8220;standing ovation&#8221; parmi de nombreux l\u00e9gislateurs.<\/span><\/p>\n<p><span style=\"color: #000000;\">\u00c0 la Place du Trocad\u00e9ro surplombant la Tour Eiffel \u00e0 Paris, des centaines de personnes se sont rassembl\u00e9es pour regarder les d\u00e9bats \u00e0 Versailles sur un \u00e9cran g\u00e9ant. La foule a applaudi lorsque le d\u00e9compte des votes a \u00e9t\u00e9 annonc\u00e9.<\/span><\/p>\n<p><span style=\"color: #000000;\">Margot Eude, 24 ans, qui souhaite se lancer en politique apr\u00e8s avoir termin\u00e9 ses \u00e9tudes, se dit f\u00e9ministe engag\u00e9e et fi\u00e8re d&#8217;\u00eatre fran\u00e7aise aujourd&#8217;hui.<\/span><\/p>\n<p><span style=\"color: #000000;\">&#8221; Il est important d&#8217;inscrire l&#8217;avortement dans la Constitution car nous ne sommes jamais \u00e0 l&#8217;abri du danger, &#8221; dit-elle. &#8221; Je suis triste pour les femmes am\u00e9ricaines et j&#8217;esp\u00e8re que la France pourra \u00eatre un mod\u00e8le pour le monde, surtout les \u00c9tats-Unis. &#8220;<\/span><\/p>\n<p><span style=\"color: #000000;\">Au moment du vote, Agn\u00e8s Simon, une ancienne sage-femme, pleurait.&#8221;C&#8217;est une \u00e9tape tr\u00e8s importante&#8221;, dit-elle. &#8220;Je suis une vieille dame, alors j&#8217;ai tout vu. J&#8217;ai m\u00eame travaill\u00e9 dans les h\u00f4pitaux avant que l&#8217;avortement ne soit l\u00e9gal. Vous aviez des femmes qui criaient qu&#8217;elles ne voulaient pas de ce b\u00e9b\u00e9, ou qui arrivaient \u00e0 moiti\u00e9 mortes \u00e0 cause d&#8217;infections apr\u00e8s avoir tent\u00e9 d&#8217;avorter \u00e0 la maison.&#8221;<\/span><\/p>\n<p><span style=\"color: #000000;\">La France a l\u00e9galis\u00e9 l&#8217;avortement depuis longtemps. Mais le gouvernement du pr\u00e9sident Emmanuel Macron s&#8217;est engag\u00e9 \u00e0 consolider la loi par un amendement constitutionnel en 2022, lorsque le pays a regard\u00e9 avec inqui\u00e9tude la Cour supr\u00eame am\u00e9ricaine annuler Roe v. Wade et que les \u00c9tats ont commenc\u00e9 \u00e0 s&#8217;attaquer aux droits \u00e0 l&#8217;avortement.<\/span><\/p>\n<p><span style=\"color: #000000;\">&#8220;Je me suis engag\u00e9 \u00e0 rendre la libert\u00e9 des femmes \u00e0 avorter irr\u00e9versible en l&#8217;inscrivant dans la Constitution&#8221;, a d\u00e9clar\u00e9 Macron sur X (anciennement Twitter) lorsque le S\u00e9nat a vot\u00e9 pour adopter le projet de loi mercredi dernier.<\/span><\/p>\n<p><span style=\"color: #000000;\">Le S\u00e9nat et l&#8217;Assembl\u00e9e nationale ont tous deux vot\u00e9 en faveur de la modification de l&#8217;article 34 de la Constitution fran\u00e7aise pour garantir la libert\u00e9 d&#8217;une femme \u00e0 avorter.<\/span><\/p>\n<p><span style=\"color: #000000;\">Aucun parti politique majeur au Parlement fran\u00e7ais ne remet en question la moralit\u00e9 de l&#8217;avortement, bien que certains politiciens conservateurs aient d\u00e9clar\u00e9 qu&#8217;il n&#8217;\u00e9tait pas n\u00e9cessaire de modifier la Constitution.<\/span><\/p>\n<p><span style=\"color: #000000;\">&#8220;Cela ne sert \u00e0 rien, car aucun mouvement politique ne remet en question l&#8217;avortement&#8221;, a d\u00e9clar\u00e9 la leader d&#8217;extr\u00eame droite Marine Le Pen, qui repr\u00e9sente le parti Rassemblement National au Parlement. Le Pen a finalement vot\u00e9 en faveur de la mesure.<\/span><\/p>\n<p><span style=\"color: #000000;\">Un r\u00e9cent sondage en France a r\u00e9v\u00e9l\u00e9 que 90% des personnes interrog\u00e9es soutiennent le droit \u00e0 l&#8217;avortement et 86% souhaitent le voir inscrit dans la Constitution.<\/span><\/p>\n<p><span style=\"color: #000000;\">La France a l\u00e9galis\u00e9 l&#8217;avortement en 1974 dans une loi d\u00e9fendue par la ministre de la Sant\u00e9 et ic\u00f4ne des droits des femmes, Simone Veil.<\/span><\/p>\n<p><span style=\"color: #000000;\">\u00c0 l&#8217;\u00e9poque, il y avait de grandes manifestations contre la mesure et Veil a \u00e9t\u00e9 personnellement attaqu\u00e9e, dans une France qui \u00e9tait encore largement conservatrice et catholique.<\/span><\/p>\n<p><span style=\"color: #000000;\">La derni\u00e8re constitution fran\u00e7aise date de 1958 et de la naissance de la Cinqui\u00e8me R\u00e9publique avec la pr\u00e9sidence de Charles De Gaulle.<\/span><\/p>\n<p><span style=\"color: #000000;\">La France limite la possibilit\u00e9 d&#8217;un avortement \u00e9lectif \u00e0 14 semaines, une p\u00e9riode plus courte que la proposition d&#8217;interdiction nationale de 15 semaines qui a provoqu\u00e9 une indignation aux \u00c9tats-Unis.<\/span><\/p>\n<p><span style=\"color: #000000;\">La d\u00e9cision des l\u00e9gislateurs fran\u00e7ais d&#8217;inscrire le droit \u00e0 l&#8217;avortement dans la Constitution du pays repr\u00e9sente une avanc\u00e9e significative et historique, r\u00e9pondant aux pr\u00e9occupations mondiales concernant l&#8217;\u00e9rosion des droits \u00e0 l&#8217;avortement, notamment soulign\u00e9e par les d\u00e9veloppements aux \u00c9tats-Unis. L&#8217;approbation \u00e9crasante des deux Chambres du Parlement, avec un vote de 780-72, t\u00e9moigne d&#8217;un engagement fort envers la protection des droits reproductifs des femmes en France.<\/span><\/p>\n<p><span style=\"color: #000000;\">L&#8217;atmosph\u00e8re de la session conjointe au Palais de Versailles, marqu\u00e9e par une ovation debout, signifie la gravit\u00e9 et l&#8217;importance attach\u00e9es \u00e0 cet amendement constitutionnel. Il est \u00e0 noter que des personnes se sont rassembl\u00e9es \u00e0 la Place du Trocad\u00e9ro pour assister aux d\u00e9bats, d\u00e9montrant l&#8217;engagement et l&#8217;int\u00e9r\u00eat public pour cette d\u00e9cision cruciale.<\/span><\/p>\n<p><span style=\"color: #000000;\">Les t\u00e9moignages personnels, tels que celui de Margot Eude et d&#8217;Agn\u00e8s Simon, ajoutent une touche poignante \u00e0 la narration. L&#8217;aspiration de Margot \u00e0 entrer en politique en tant que f\u00e9ministe engag\u00e9e et la r\u00e9action \u00e9motionnelle d&#8217;Agn\u00e8s Simon, tirant de ses exp\u00e9riences en tant qu&#8217;ancienne sage-femme, soulignent l&#8217;impact profond de cette l\u00e9gislation sur les individus ayant v\u00e9cu les luttes avant la l\u00e9galisation de l&#8217;avortement.<\/span><\/p>\n<p style=\"text-align: center;\"><span style=\"color: #000000;\">* * *<\/span><\/p>\n<p style=\"text-align: center;\"><span style=\"color: #000000;\"><strong>Droupadi Murmu, invit\u00e9e d&#8217;honneur pour les c\u00e9l\u00e9brations de l&#8217;ind\u00e9pendance <\/strong><\/span><\/p>\n<p><span style=\"color: #000000;\">La R\u00e9publique de Maurice s&#8217;appr\u00eate \u00e0 accueillir une invit\u00e9e d&#8217;honneur prestigieuse pour ses c\u00e9l\u00e9brations du 56\u1d49 anniversaire de l&#8217;ind\u00e9pendance et du 32\u1d49 anniversaire de la R\u00e9publique le 12 mars prochain. Le Conseil des Ministres a annonc\u00e9 vendredi dernier que la Pr\u00e9sidente de la R\u00e9publique de l&#8217;Inde, Droupadi Murmu, aura cet honneur particulier.<\/span><\/p>\n<p style=\"text-align: center;\"><span style=\"color: #000000;\"><img data-recalc-dims=\"1\" loading=\"lazy\" decoding=\"async\" data-attachment-id=\"39816\" data-permalink=\"https:\/\/www.mauritiustimes.com\/mt\/la-france-fait-lhistoire-en-inscrivant-le-droit-a-lavortement-dans-sa-constitution\/e-droupadi-murmu-p-bb\/\" data-orig-file=\"https:\/\/i0.wp.com\/www.mauritiustimes.com\/mt\/wp-content\/uploads\/2024\/03\/E-Droupadi-Murmu.-P-BB.jpg?fit=1200%2C685&amp;ssl=1\" data-orig-size=\"1200,685\" data-comments-opened=\"1\" data-image-meta=\"{&quot;aperture&quot;:&quot;0&quot;,&quot;credit&quot;:&quot;&quot;,&quot;camera&quot;:&quot;&quot;,&quot;caption&quot;:&quot;&quot;,&quot;created_timestamp&quot;:&quot;0&quot;,&quot;copyright&quot;:&quot;&quot;,&quot;focal_length&quot;:&quot;0&quot;,&quot;iso&quot;:&quot;0&quot;,&quot;shutter_speed&quot;:&quot;0&quot;,&quot;title&quot;:&quot;&quot;,&quot;orientation&quot;:&quot;0&quot;}\" data-image-title=\"E&amp;#8212;-Droupadi-Murmu.-P&amp;#8212;BB\" data-image-description=\"\" data-image-caption=\"\" data-large-file=\"https:\/\/i0.wp.com\/www.mauritiustimes.com\/mt\/wp-content\/uploads\/2024\/03\/E-Droupadi-Murmu.-P-BB.jpg?fit=640%2C366&amp;ssl=1\" class=\"aligncenter size-full wp-image-39816\" src=\"https:\/\/i0.wp.com\/www.mauritiustimes.com\/mt\/wp-content\/uploads\/2024\/03\/E-Droupadi-Murmu.-P-BB.jpg?resize=640%2C365&#038;ssl=1\" alt=\"\" width=\"640\" height=\"365\" srcset=\"https:\/\/i0.wp.com\/www.mauritiustimes.com\/mt\/wp-content\/uploads\/2024\/03\/E-Droupadi-Murmu.-P-BB.jpg?w=1200&amp;ssl=1 1200w, https:\/\/i0.wp.com\/www.mauritiustimes.com\/mt\/wp-content\/uploads\/2024\/03\/E-Droupadi-Murmu.-P-BB.jpg?resize=300%2C171&amp;ssl=1 300w, https:\/\/i0.wp.com\/www.mauritiustimes.com\/mt\/wp-content\/uploads\/2024\/03\/E-Droupadi-Murmu.-P-BB.jpg?resize=1024%2C585&amp;ssl=1 1024w, https:\/\/i0.wp.com\/www.mauritiustimes.com\/mt\/wp-content\/uploads\/2024\/03\/E-Droupadi-Murmu.-P-BB.jpg?resize=768%2C438&amp;ssl=1 768w\" sizes=\"auto, (max-width: 640px) 100vw, 640px\" \/><\/span><span style=\"color: #ff6600;\"><strong>DroupadiMurmu: Une femme d&#8217;\u00c9tat admir\u00e9e et respect\u00e9e. P &#8211; BBC<\/strong><\/span><\/p>\n<p><span style=\"color: #000000;\">La Pr\u00e9sidente Murmu a attir\u00e9 l&#8217;attention en 2017 lorsque le BJP a envisag\u00e9 son nom pour l&#8217;\u00e9lection pr\u00e9sidentielle, alors qu&#8217;elle \u00e9tait gouverneure de l&#8217;\u00c9tat de Jharkhand. N\u00e9e en 1958 dans le village de Baidaposi, district de Mayurbhanj, elle appartient \u00e0 la communaut\u00e9 Santhal, l&#8217;un des plus grands groupes tribaux de l&#8217;Inde.<\/span><\/p>\n<p><span style=\"color: #000000;\">Son parcours \u00e9ducatif a d\u00e9but\u00e9 dans le village, mais son ambition pr\u00e9coce l&#8217;a amen\u00e9e \u00e0 solliciter l&#8217;aide d&#8217;un ministre gouvernemental pour \u00e9tudier \u00e0 Bhubaneswar. Cette d\u00e9termination a marqu\u00e9 le d\u00e9but d&#8217;une trajectoire exceptionnelle.<\/span><\/p>\n<p><span style=\"color: #000000;\">Commenc\u00e9e comme employ\u00e9e pour le gouvernement d&#8217;Odisha, elle a travaill\u00e9 dans le d\u00e9partement de l&#8217;irrigation et de l&#8217;\u00e9nergie de 1979 \u00e0 1983. Malgr\u00e9 ses responsabilit\u00e9s familiales, elle a refus\u00e9 un salaire lorsqu&#8217;elle est devenue enseignante, consid\u00e9rant son travail comme un service public. Sa carri\u00e8re politique a d\u00e9but\u00e9 en 1997 lorsqu&#8217;elle a \u00e9t\u00e9 \u00e9lue conseill\u00e8re aux \u00e9lections locales \u00e0 Rairangpur.<\/span><\/p>\n<p><span style=\"color: #000000;\">Membre du BJP, elle a \u00e9t\u00e9 \u00e9lue \u00e0 l&#8217;Assembl\u00e9e d&#8217;\u00c9tat \u00e0 deux reprises, en 2000 et en 2009. Son engagement envers les tribus r\u00e9pertori\u00e9es a \u00e9t\u00e9 mis en lumi\u00e8re de 2006 \u00e0 2009 lorsqu&#8217;elle a pr\u00e9sid\u00e9 l&#8217;aile d&#8217;\u00c9tat du BJP pour ces communaut\u00e9s socialement et \u00e9conomiquement d\u00e9favoris\u00e9es.<\/span><\/p>\n<p><span style=\"color: #000000;\">La Pr\u00e9sidente Murmu a \u00e9t\u00e9 d\u00e9sign\u00e9e candidate \u00e0 la pr\u00e9sidence apr\u00e8s une discussion approfondie impliquant 20 noms consid\u00e9r\u00e9s par le BJP et ses alli\u00e9s. La nouvelle de sa nomination l&#8217;a surprise et enchant\u00e9e, comme elle l&#8217;a partag\u00e9e avec les m\u00e9dias. Elle a soulign\u00e9 son \u00e9tonnement en tant que femme tribale originaire du district \u00e9loign\u00e9 de Mayurbhanj, d\u00e9clarant qu&#8217;elle n&#8217;avait jamais envisag\u00e9 devenir candidate \u00e0 un poste aussi \u00e9minent.<\/span><\/p>\n<p><span style=\"color: #000000;\">Sa vie a \u00e9t\u00e9 marqu\u00e9e par des trag\u00e9dies personnelles, perdant ses deux fils et son mari. Malgr\u00e9 ces \u00e9preuves, elle a \u00e9t\u00e9 nomm\u00e9e premi\u00e8re femme gouverneure de l&#8217;\u00c9tat de Jharkhand en 2015, un r\u00f4le qu&#8217;elle a occup\u00e9 avec distinction jusqu&#8217;en juillet 2021.<\/span><\/p>\n<p style=\"text-align: center;\"><span style=\"color: #000000;\"><strong>Une femme d&#8217;\u00c9tat admir\u00e9e et respect\u00e9e<\/strong><\/span><\/p>\n<p><span style=\"color: #000000;\">Pendant son mandat, elle a gagn\u00e9 en appr\u00e9ciation en maintenant le bureau du gouverneur ouvert \u00e0 tous, et elle a fait preuve de d\u00e9termination en brisant parfois le protocole pour d\u00e9fendre les int\u00e9r\u00eats de son district natal, Mayurbhanj.<\/span><\/p>\n<p><span style=\"color: #000000;\">Son mentor politique, Rajkishore Das, souligne la remarquable \u00e9quanimit\u00e9 et le sto\u00efcisme de Madame Murmu face aux moments heureux et tragiques de sa vie. Son engagement continu envers le service public, m\u00eame apr\u00e8s des trag\u00e9dies personnelles, t\u00e9moigne de sa force de caract\u00e8re exceptionnelle.<\/span><\/p>\n<p><span style=\"color: #000000;\">La visite de la Pr\u00e9sidente Murmu \u00e0 Maurice pour les c\u00e9l\u00e9brations de l&#8217;ind\u00e9pendance promet d&#8217;ajouter une dimension significative \u00e0 l\u2019\u00e9v\u00e8nement.<\/span><\/p>\n<p style=\"text-align: center;\"><span style=\"color: #000000;\"><strong>Air Mauritius: Un d\u00e9sastre persistant<\/strong><\/span><\/p>\n<p><span style=\"color: #000000;\">Suite \u00e0 une r\u00e9union du Conseil d&#8217;administration le mercredi 6 mars, Charles Cartier a \u00e9t\u00e9 officiellement nomm\u00e9 Chief ExecutiveOfficer (CEO) d&#8217;Air Mauritius. Sa nomination intervient \u00e0 un moment critique o\u00f9 la compagnie nationale fait face \u00e0 divers d\u00e9fis, notamment des retards et des pannes, ayant entam\u00e9 la confiance des clients et des employ\u00e9s.<\/span><\/p>\n<p><span style=\"color: #000000;\">Cette annonce fait \u00e9cho \u00e0 la r\u00e9siliation anticip\u00e9e du contrat de l&#8217;ancien CEO, Kre\u0161imir Ku\u010dko, suite \u00e0 des all\u00e9gations de conflits d&#8217;int\u00e9r\u00eats potentiels. Charles Cartier devient ainsi le 11\u1d49 CEO \u00e0 occuper ce poste depuis l&#8217;an 2000. L&#8217;espoir initialement suscit\u00e9 par la nomination en d\u00e9cembre 2022 du Croate Kre\u0161imir Ku\u010dko, professionnel de l&#8217;aviation internationale avec plus de 30 ans d&#8217;exp\u00e9rience, s&#8217;est rapidement \u00e9teint avec la suspension imm\u00e9diate de Ku\u010dko et celle du directeur financier d&#8217;Air Mauritius, Jean Laval Ah-Chip, pour, parait-il, des raisons \u00e9thiques et de gestion, suivies de leur licenciement.<\/span><\/p>\n<p><span style=\"color: #000000;\">Les compagnies a\u00e9riennes nationales peuvent conna\u00eetre des \u00e9checs pour diverses raisons, et Air Mauritius a travers\u00e9 plusieurs temp\u00eates au fil des ans. La politique des ciels ouverts et la concurrence qui en d\u00e9coule ont impos\u00e9 \u00e0 la compagnie de ne rien consid\u00e9rer comme acquis. Toutefois, c&#8217;est la qualit\u00e9 du service qui a soutenu l&#8217;entreprise pendant la majeure partie de son existence. Elle a surmont\u00e9 des d\u00e9cisions de mauvaise gestion, telles que des contrats de couverture carburant d\u00e9sastreux, et a d\u00fb r\u00e9sister aux pressions politiques conduisant \u00e0 desservir des a\u00e9roports peu fr\u00e9quent\u00e9s ou \u00e0 changer son hub de Singapour \u00e0 Kuala Lumpur, entra\u00eenant des co\u00fbts \u00e9lev\u00e9s avec peu de b\u00e9n\u00e9fices.<\/span><\/p>\n<p>Malheureusement, la situation s&#8217;est d\u00e9t\u00e9rior\u00e9e avec une s\u00e9rie de scandales financiers et de gestion, co\u00fbtant \u00e0 de nombreux PDG pr\u00e9c\u00e9dents leur emploi et, dans certains cas, leur cr\u00e9dibilit\u00e9. La pand\u00e9mie de la Covid-19 a \u00e9t\u00e9 le coup final, mais les conditions de l&#8217;\u00e9chec \u00e9taient pr\u00e9sentes bien avant, notamment avec l&#8217;achat inopportun d&#8217;avions Airbus neufs \u00e0 un moment o\u00f9 la soci\u00e9t\u00e9 ne pouvait pas se permettre de les acqu\u00e9rir et, par la suite, la compagnie a d\u00fb en louer, et dans ce sillage, cumuler des pertes consid\u00e9rables. Ces d\u00e9cisions ont \u00e9t\u00e9 prises sous diff\u00e9rents gouvernements avec des repr\u00e9sentants au conseil d&#8217;administration d&#8217;Air Mauritius et \u00e0 des postes de direction, tout comme dans d&#8217;autres entreprises publiques.<\/p>\n<p>La sous-performance de ces entreprises d&#8217;\u00c9tat, autrefois rentables, sugg\u00e8re-t-elle que les entreprises publiques seraient vou\u00e9es \u00e0 l&#8217;\u00e9chec, remettant en question la d\u00e9cision strat\u00e9gique prise dans les d\u00e9cennies pr\u00e9c\u00e9dentes pour les lib\u00e9rer des entraves bureaucratiques ou briser l&#8217;emprise des monopoles en cr\u00e9ant des entreprises d&#8217;\u00c9tat dans des secteurs strat\u00e9giques? \u00c0 l&#8217;\u00e9poque de leur cr\u00e9ation, on pensait que les entreprises d&#8217;\u00c9tat serviraient l&#8217;int\u00e9r\u00eat public.<\/p>\n<p style=\"text-align: center;\">* * *<\/p>\n<p style=\"text-align: center;\"><strong><u>D\u00e9mocratie mauricienne\u00a0: Dans un \u00e9tat d\u00e9sastreux\u00a0?<\/u><\/strong><\/p>\n<p>L&#8217;interview du journaliste Lindsay Rivi\u00e8re, publi\u00e9e la semaine derni\u00e8re dans \u00ab\u00a0Mauritius Times\u00a0\u00bb, met en lumi\u00e8re la d\u00e9t\u00e9rioration continue et inqui\u00e9tante de notre d\u00e9mocratie, suscitant des pr\u00e9occupations profondes quant \u00e0 l&#8217;avenir de notre pays.<\/p>\n<p>Lindsay Rivi\u00e8re exprime avant tout son inqui\u00e9tude face au changement significatif dans la nature m\u00eame de notre d\u00e9mocratie et de notre culture politique. Il souligne un \u00e9loignement progressif du mod\u00e8le Westminster, qui a historiquement bien fonctionn\u00e9 \u00e0 Maurice pendant 60 ans, tout en s&#8217;\u00e9loignant, dit-il, de plus en plus des normes occidentales. Il affirme que la r\u00e9f\u00e9rence au cadre d\u00e9mocratique mauricien est d\u00e9sormais principalement utilis\u00e9e pour pr\u00e9server les apparences et rassurer les investisseurs et les visiteurs. La r\u00e9alit\u00e9, selon lui, est que, gouvernement apr\u00e8s gouvernement, nous glissons lentement vers une forme de \u00ab d\u00e9mocratie g\u00e9r\u00e9e \u00bb (&#8220;managed democracy&#8221;), plus courante en Asie ou en Am\u00e9rique du Sud qu&#8217;en Occident.<\/p>\n<p>Un point crucial soulev\u00e9 par Lindsay Rivi\u00e8re est la concentration excessive du pouvoir ex\u00e9cutif, qui contr\u00f4le tous les aspects du gouvernement, et le l\u00e9gislatif qui semble totalement assujetti aux ordres du gouvernement. Il pointe \u00e9galement du doigt la fragilisation des institutions et la quasi-disparition de l&#8217;efficacit\u00e9 du pouvoir r\u00e9gional, repr\u00e9sent\u00e9 par les municipalit\u00e9s et les conseils de district. En outre, il constate une presse affaiblie et des manifestations pratiquement interdites. Selon lui, l&#8217;ensemble du syst\u00e8me politique semble paralys\u00e9 ou en proie \u00e0 des attaques constantes.<\/p>\n<p>Fort de son exp\u00e9rience de 55 ans d&#8217;observation de la politique mauricienne, ayant connu tous les gouvernements successifs, de SSR \u00e0 Pravind Jugnauth, Rivi\u00e8re souligne une mont\u00e9e sans pr\u00e9c\u00e9dent de la haine, du ressentiment et du d\u00e9sir de vengeance politique. Il \u00e9met une sombre pr\u00e9diction en affirmant avec gravit\u00e9 que cette situation ne peut que mal se terminer.<\/p>\n<p>Ces observations de Lindsay Rivi\u00e8re devraient susciter une r\u00e9flexion profonde sur l&#8217;\u00e9tat actuel de notre d\u00e9mocratie. Il est imp\u00e9ratif de reconna\u00eetre les signes avant-coureurs et prendre des mesures pour sauvegarder les principes d\u00e9mocratiques fondamentaux qui ont \u00e9t\u00e9 \u00e0 la base de notre nation depuis des d\u00e9cennies.<\/p>\n<hr \/>\n<p><span style=\"color: #800000;\">Mauritius Times ePaper Friday 8 March 2024<\/span><\/p>\n","protected":false},"excerpt":{"rendered":"<p>Eclairages<\/p>\n","protected":false},"author":424,"featured_media":39815,"comment_status":"open","ping_status":"open","sticky":false,"template":"","format":"standard","meta":{"jetpack_post_was_ever_published":false,"_jetpack_newsletter_access":"","_jetpack_dont_email_post_to_subs":false,"_jetpack_newsletter_tier_id":0,"_jetpack_memberships_contains_paywalled_content":false,"_jetpack_memberships_contains_paid_content":false,"footnotes":"","jetpack_publicize_message":"","jetpack_publicize_feature_enabled":true,"jetpack_social_post_already_shared":true,"jetpack_social_options":{"image_generator_settings":{"template":"highway","default_image_id":0,"font":"","enabled":false},"version":2}},"categories":[6,19379],"tags":[44376,44375,36546,2181,39316,21705,44351,44363,44361,44352,10050,3744,19848,44355,22005,43468,44354,2417,44368,44349,44356,44365,44364,37146,22166,44359,9874,44371,27914,12491,44227,17664,44350,44370,44357,795,44060,213,36,44366,9880,44367,38099,5129,1215,44369,44071,48,44362,44378,27133,32480,44374,31712,44377,10789,44372,29930,44358,44360,3270,32727,44353,44373],"class_list":["post-39814","post","type-post","status-publish","format-standard","has-post-thumbnail","hentry","category-latest-news","category-opinion","tag-32-anniversaire-de-la-republique","tag-56-anniversaire-de-lindependance","tag-a-bartleby","tag-airbus","tag-amendement-constitutionnel","tag-assemblee-nationale","tag-avortement","tag-avortement-electif","tag-catholique","tag-chambres-du-parlement","tag-cinquieme-republique","tag-constitution","tag-constitution-francaise","tag-cour-supreme-americaine","tag-covid-19","tag-culture-politique","tag-debats","tag-democratie","tag-democratie-geree","tag-droit-a-lavortement","tag-droits-a-lavortement","tag-droits-democratiques","tag-droits-reproductifs","tag-eclairages","tag-etats-unis","tag-extreme-droite","tag-gouvernement","tag-haine","tag-histoire","tag-institutions","tag-kresimir-kucko","tag-la-france","tag-legislateurs-francais","tag-legislatif","tag-liberte-des-femmes","tag-lindsay-riviere","tag-manifestations","tag-marine-le-pen","tag-mauritius-times","tag-modele-westminster","tag-nation","tag-normes-occidentales","tag-palais-de-versailles","tag-paris","tag-politique-mauricienne","tag-pouvoir-executif","tag-pouvoir-regional","tag-pravind-jugnauth","tag-president-charles-de-gaulle","tag-president-droupadi-murmu","tag-president-emmanuel-macron","tag-presse","tag-principes-democratiques","tag-rassemblement-national","tag-republique-de-linde","tag-republique-de-maurice","tag-ressentiment","tag-roe-v-wade","tag-senat","tag-simone-veil","tag-ssr","tag-systeme-politique","tag-tour-eiffel","tag-vengeance-politique"],"jetpack_publicize_connections":[],"jetpack_featured_media_url":"https:\/\/i0.wp.com\/www.mauritiustimes.com\/mt\/wp-content\/uploads\/2024\/03\/E-Avortement-La-France.jpg?fit=1200%2C750&ssl=1","jetpack_sharing_enabled":true,"jetpack_shortlink":"https:\/\/wp.me\/p8QzSF-ama","_links":{"self":[{"href":"https:\/\/www.mauritiustimes.com\/mt\/wp-json\/wp\/v2\/posts\/39814","targetHints":{"allow":["GET"]}}],"collection":[{"href":"https:\/\/www.mauritiustimes.com\/mt\/wp-json\/wp\/v2\/posts"}],"about":[{"href":"https:\/\/www.mauritiustimes.com\/mt\/wp-json\/wp\/v2\/types\/post"}],"author":[{"embeddable":true,"href":"https:\/\/www.mauritiustimes.com\/mt\/wp-json\/wp\/v2\/users\/424"}],"replies":[{"embeddable":true,"href":"https:\/\/www.mauritiustimes.com\/mt\/wp-json\/wp\/v2\/comments?post=39814"}],"version-history":[{"count":0,"href":"https:\/\/www.mauritiustimes.com\/mt\/wp-json\/wp\/v2\/posts\/39814\/revisions"}],"wp:featuredmedia":[{"embeddable":true,"href":"https:\/\/www.mauritiustimes.com\/mt\/wp-json\/wp\/v2\/media\/39815"}],"wp:attachment":[{"href":"https:\/\/www.mauritiustimes.com\/mt\/wp-json\/wp\/v2\/media?parent=39814"}],"wp:term":[{"taxonomy":"category","embeddable":true,"href":"https:\/\/www.mauritiustimes.com\/mt\/wp-json\/wp\/v2\/categories?post=39814"},{"taxonomy":"post_tag","embeddable":true,"href":"https:\/\/www.mauritiustimes.com\/mt\/wp-json\/wp\/v2\/tags?post=39814"}],"curies":[{"name":"wp","href":"https:\/\/api.w.org\/{rel}","templated":true}]}}