{"id":39781,"date":"2024-03-08T15:15:29","date_gmt":"2024-03-08T11:15:29","guid":{"rendered":"http:\/\/www.mauritiustimes.com\/mt\/?p=39781"},"modified":"2024-04-01T15:53:01","modified_gmt":"2024-04-01T11:53:01","slug":"deux-nomination-cruciales-nouveaux-dirigeants-pour-la-fcc-et-air-mauritius","status":"publish","type":"post","link":"https:\/\/www.mauritiustimes.com\/mt\/deux-nomination-cruciales-nouveaux-dirigeants-pour-la-fcc-et-air-mauritius\/","title":{"rendered":"Deux nominations cruciales : Nouveaux dirigeants pour la FCC et Air Mauritius"},"content":{"rendered":"<h4 style=\"text-align: center;\"><u><span style=\"color: #ff0000;\">Gouvernance publique<\/span><br \/>\n<\/u><!--more--><\/h4>\n<p><span style=\"color: #0000ff;\"><strong>Par Aditya Narayan<\/strong><\/span><\/p>\n<p><span style=\"color: #000000;\">Le gouvernement a effectu\u00e9 deux nominations cruciales cette semaine en mati\u00e8re de gouvernance publique. La premi\u00e8re concerne la nomination de M. Navin Beekarry, jusqu\u2019ici directeur de l&#8217;ICAC, au poste de directeur g\u00e9n\u00e9ral de la Financial Crimes Commission (FCC), la nouvelle institution regroupant toutes les organisations charg\u00e9es de lutter contre la fraude, la corruption et les crimes financiers. La seconde nomination concerne M. Charles Cartier, l\u2019ex-directeur d&#8217;Accenture Maurice, comme CEO (Chief Executive Officer) de la compagnie nationale Air Mauritius.<\/span><\/p>\n<p><span style=\"color: #000000;\"><img data-recalc-dims=\"1\" loading=\"lazy\" decoding=\"async\" data-attachment-id=\"39783\" data-permalink=\"https:\/\/www.mauritiustimes.com\/mt\/deux-nomination-cruciales-nouveaux-dirigeants-pour-la-fcc-et-air-mauritius\/air-mauritius-p-radio-on\/\" data-orig-file=\"https:\/\/i0.wp.com\/www.mauritiustimes.com\/mt\/wp-content\/uploads\/2024\/03\/Air-Mauritius.-P-Radio-On.jpg?fit=1200%2C797&amp;ssl=1\" data-orig-size=\"1200,797\" data-comments-opened=\"1\" data-image-meta=\"{&quot;aperture&quot;:&quot;0&quot;,&quot;credit&quot;:&quot;&quot;,&quot;camera&quot;:&quot;&quot;,&quot;caption&quot;:&quot;&quot;,&quot;created_timestamp&quot;:&quot;0&quot;,&quot;copyright&quot;:&quot;&quot;,&quot;focal_length&quot;:&quot;0&quot;,&quot;iso&quot;:&quot;0&quot;,&quot;shutter_speed&quot;:&quot;0&quot;,&quot;title&quot;:&quot;&quot;,&quot;orientation&quot;:&quot;0&quot;}\" data-image-title=\"Air-Mauritius.-P&amp;#8212;Radio-On\" data-image-description=\"\" data-image-caption=\"\" data-large-file=\"https:\/\/i0.wp.com\/www.mauritiustimes.com\/mt\/wp-content\/uploads\/2024\/03\/Air-Mauritius.-P-Radio-On.jpg?fit=640%2C425&amp;ssl=1\" class=\"aligncenter size-full wp-image-39783\" src=\"https:\/\/i0.wp.com\/www.mauritiustimes.com\/mt\/wp-content\/uploads\/2024\/03\/Air-Mauritius.-P-Radio-On.jpg?resize=640%2C425&#038;ssl=1\" alt=\"\" width=\"640\" height=\"425\" srcset=\"https:\/\/i0.wp.com\/www.mauritiustimes.com\/mt\/wp-content\/uploads\/2024\/03\/Air-Mauritius.-P-Radio-On.jpg?w=1200&amp;ssl=1 1200w, https:\/\/i0.wp.com\/www.mauritiustimes.com\/mt\/wp-content\/uploads\/2024\/03\/Air-Mauritius.-P-Radio-On.jpg?resize=300%2C200&amp;ssl=1 300w, https:\/\/i0.wp.com\/www.mauritiustimes.com\/mt\/wp-content\/uploads\/2024\/03\/Air-Mauritius.-P-Radio-On.jpg?resize=1024%2C680&amp;ssl=1 1024w, https:\/\/i0.wp.com\/www.mauritiustimes.com\/mt\/wp-content\/uploads\/2024\/03\/Air-Mauritius.-P-Radio-On.jpg?resize=768%2C510&amp;ssl=1 768w\" sizes=\"auto, (max-width: 640px) 100vw, 640px\" \/><\/span><\/p>\n<p><span style=\"color: #000000;\">Ces nominations rev\u00eatent une importance primordiale pour le pays, car elles sont susceptibles d&#8217;exercer une influence consid\u00e9rable dans deux domaines o\u00f9 des controverses ont r\u00e9cemment \u00e9clat\u00e9 :<\/span><\/p>\n<p><span style=\"color: #000000;\">(a) la lutte contre les crimes \u00e0 col blanc (fraude, corruption et crimes financiers) dans un pays o\u00f9 l&#8217;affairisme domine les m\u0153urs\u00a0; <\/span><br \/>\n<span style=\"color: #000000;\">(b) l&#8217;aviation commerciale avec le porte-\u00e9tendard Air Mauritius.<\/span><\/p>\n<p style=\"text-align: center;\"><span style=\"color: #000000;\"><strong><u>Financial Crimes Commission<\/u><\/strong><\/span><\/p>\n<p><span style=\"color: #000000;\">Dans une lettre dat\u00e9e du 5 mars 2024, le Premier ministre a inform\u00e9 le leader de l&#8217;opposition, Xavier Duval, de la nomination de l&#8217;ancien responsable de l&#8217;ICAC \u00e0 la t\u00eate de la FCC, en vertu de l&#8217;article 10(1) de la Financial Crimes Commission Act. Cette lettre \u00e9tait davantage un acte de courtoisie qu&#8217;un exercice de consultation. Le leader de l&#8217;opposition peut exprimer son d\u00e9saccord avec cette nomination, mais il n&#8217;a aucun pouvoir de veto contre une nomination propos\u00e9e par le Premier ministre. Celui-ci ne fait que l\u2019informer de son choix plut\u00f4t que de le consulter. La consultation pr\u00e9vue par la loi est un non-sens, car elle exclut d&#8217;embl\u00e9e toute contre-proposition de l&#8217;opposition.<\/span><\/p>\n<p><span style=\"color: #000000;\">Personne n&#8217;est surpris par cette nomination. En effet, bien que de nombreuses personnes soucieuses des crit\u00e8res d&#8217;ind\u00e9pendance institutionnelle et de comp\u00e9tence gestionnaire ne le souhaitaient pas, tout le monde s&#8217;y attendait. Apr\u00e8s la cr\u00e9ation de la FCC en d\u00e9cembre 2023, le gouvernement avait habilement distill\u00e9 des informations dans la presse, laissant croire qu&#8217;il envisageait plusieurs candidats potentiels au poste de directeur g\u00e9n\u00e9ral, dont un ancien juge en chef.<\/span><\/p>\n<p><span style=\"color: #000000;\">En fin de compte, pensait-on, le gouvernement allait nommer quelqu&#8217;un offrant, sinon la garantie d&#8217;ind\u00e9pendance, du moins l&#8217;apparence d&#8217;ind\u00e9pendance. Cependant, d\u00e8s le d\u00e9part, le gouvernement avait d\u00e9j\u00e0 fait son choix. La nomination de M. Beekarry est conforme \u00e0 l&#8217;intention du gouvernement d&#8217;assurer la continuit\u00e9 entre l&#8217;ICAC et la FCC en ce qui concerne l&#8217;approche \u00e0 l&#8217;investigation des crimes financiers, le mode op\u00e9ratoire de l&#8217;institution et la suite \u00e0 donner aux dossiers en suspens.<\/span><\/p>\n<p><span style=\"color: #000000;\">Nous savons que tous les dossiers de l&#8217;ICAC seront transf\u00e9r\u00e9s \u00e0 la FCC, et les m\u00eames fonctionnaires qui s&#8217;en occupaient continueront \u00e0 travailler au service de la nouvelle institution. Il n&#8217;y aura donc rien de chang\u00e9 dans la m\u00e9thodologie de travail ainsi que dans les objectifs institutionnels. Les deux seuls changements significatifs sont :<\/span><\/p>\n<p><span style=\"color: #000000;\">(a) <strong>Une nouvelle structure organisationnelle<\/strong> permettant une meilleure coordination entre les diff\u00e9rentes organisations qui op\u00e9raient jusqu&#8217;ici en vase clos [ICAC, FIU, l&#8217;Asset Recovery Investigation Division (ARID) de la Financial Intelligence Unit et l&#8217;Integrity Reporting Services Agency (IRSA)].<\/span><\/p>\n<p><span style=\"color: #000000;\">(b) <strong>La concentration des pouvoirs d&#8217;enqu\u00eate et de poursuite entre les mains de la FCC<\/strong>. Le DPP a \u00e9t\u00e9 priv\u00e9 de ses pouvoirs de poursuite en mati\u00e8re de crimes financiers. On ne sait pas si le DPP contestera en Cour supr\u00eame la constitutionnalit\u00e9 de cette usurpation de pouvoirs de poursuite par une institution cr\u00e9\u00e9e par une loi ordinaire.<\/span><\/p>\n<p><span style=\"color: #000000;\">L&#8217;avenir nous dira si tous les dossiers en suspens \u00e0 l&#8217;ICAC (Saint-Louis Gate, contrats d&#8217;approvisionnement d&#8217;urgence attribu\u00e9s durant la pand\u00e9mie, pots-de-vin all\u00e9gu\u00e9s dans une affaire de terrain allou\u00e9 \u00e0 bail \u00e0 Grand Bassin, etc.) auront un d\u00e9nouement concluant. Bien des enqu\u00eates entam\u00e9es par l&#8217;ICAC se sont termin\u00e9es en queue de poisson. D&#8217;autres ont \u00e9t\u00e9 rejet\u00e9es par les Cours de justice.<\/span><\/p>\n<p style=\"text-align: center;\"><span style=\"color: #000000;\"><strong><u>Air Mauritius<\/u><\/strong><\/span><\/p>\n<p><span style=\"color: #000000;\">\u00c0 premi\u00e8re vue, la nomination de M. Charles Cartier en tant que PDG de la compagnie Air Mauritius est encourageante. Il remplace l&#8217;ancien PDG Kresimir Kucko, dont le contrat a \u00e9t\u00e9 r\u00e9sili\u00e9 la semaine derni\u00e8re apr\u00e8s sa suspension pour cause de conflit d&#8217;int\u00e9r\u00eats.<\/span><\/p>\n<p><span style=\"color: #000000;\">Charles Cartier est un professionnel du secteur priv\u00e9 qui poss\u00e8de une grande exp\u00e9rience \u00e0 Maurice comme \u00e0 l&#8217;\u00e9tranger. Aura-t-il les coud\u00e9es franches pour g\u00e9rer une compagnie qui a \u00e9t\u00e9 s\u00e9rieusement affect\u00e9e par la pand\u00e9mie de la Covid-19 ? Ces derniers jours, la compagnie a fait l&#8217;objet de critiques locales et internationales en raison des annulations de vols, des retards, de l&#8217;accueil insatisfaisant des passagers \u00e0 Plaisance et du service client d\u00e9plorable.<\/span><\/p>\n<p>Certaines d\u00e9cisions strat\u00e9giques de la compagnie, telles que la vente d&#8217;avions en p\u00e9riode difficile, la location d&#8217;avions au moment de la reprise du tourisme et la r\u00e9duction du personnel, ont suscit\u00e9 des controverses.<\/p>\n<p>Le probl\u00e8me le plus grave r\u00e9side dans l&#8217;ind\u00e9pendance de la compagnie en termes de planification strat\u00e9gique et de gestion. L&#8217;ing\u00e9rence politique dans ses affaires est un mal dont elle n&#8217;arrive pas \u00e0 se lib\u00e9rer. La compagnie est une filiale d&#8217;une soci\u00e9t\u00e9 m\u00e8re (Airport Holdings Ltd), dont le PDG si\u00e9geait jusqu&#8217;\u00e0 pr\u00e9sent sur son conseil d&#8217;administration, avec toute l&#8217;influence dont il disposait.<\/p>\n<p>La d\u00e9mission du PDG d\u2019Airport Holdings Ltd du conseil d&#8217;administration d&#8217;AM pr\u00e9sage-t-elle un changement significatif dans le mode de gestion de la compagnie a\u00e9rienne ? Si une filiale peut b\u00e9n\u00e9ficier d&#8217;une ind\u00e9pendance de gestion op\u00e9rationnelle, elle reste soumise au contr\u00f4le de la soci\u00e9t\u00e9 m\u00e8re qui dicte son orientation strat\u00e9gique. L&#8217;avenir dira si la nomination de M. Cartier marquera un changement positif pour la compagnie.<\/p>\n<p>Attendons de voir.<\/p>\n<hr \/>\n<p><span style=\"color: #800000;\">Mauritius Times ePaper Friday 8 March 2024<\/span><\/p>\n","protected":false},"excerpt":{"rendered":"<p>Gouvernance publique<\/p>\n","protected":false},"author":304,"featured_media":39782,"comment_status":"open","ping_status":"open","sticky":false,"template":"","format":"standard","meta":{"jetpack_post_was_ever_published":false,"_jetpack_newsletter_access":"","_jetpack_dont_email_post_to_subs":false,"_jetpack_newsletter_tier_id":0,"_jetpack_memberships_contains_paywalled_content":false,"_jetpack_memberships_contains_paid_content":false,"footnotes":"","jetpack_publicize_message":"","jetpack_publicize_feature_enabled":true,"jetpack_social_post_already_shared":true,"jetpack_social_options":{"image_generator_settings":{"template":"highway","default_image_id":0,"font":"","enabled":false},"version":2}},"categories":[25853],"tags":[1067,30049,41785,44226,44224,3814,41782,18178,42143,2377,40315,6875,1094,6760,44227,44225,15629,23680,25717,40],"class_list":["post-39781","post","type-post","status-publish","format-standard","has-post-thumbnail","hentry","category-analyse","tag-air-mauritius","tag-airport-holdings-ltd","tag-asset-recovery-investigation-division","tag-aviation-commerciale","tag-contrats-dapprovisionnement-durgence","tag-corruption","tag-crimes-financiers","tag-financial-crimes-commission","tag-financial-crimes-commission-act","tag-financial-intelligence-unit","tag-fraude","tag-grand-bassin","tag-icac","tag-integrity-reporting-services-agency","tag-kresimir-kucko","tag-lutte-contre-les-crimes-a-col-blanc","tag-navin-beekarry","tag-pandemie","tag-saint-louis-gate","tag-xavier-duval"],"jetpack_publicize_connections":[],"jetpack_featured_media_url":"https:\/\/i0.wp.com\/www.mauritiustimes.com\/mt\/wp-content\/uploads\/2024\/03\/Saint-Louis-Gate.jpg?fit=1200%2C884&ssl=1","jetpack_sharing_enabled":true,"jetpack_shortlink":"https:\/\/wp.me\/p8QzSF-alD","_links":{"self":[{"href":"https:\/\/www.mauritiustimes.com\/mt\/wp-json\/wp\/v2\/posts\/39781","targetHints":{"allow":["GET"]}}],"collection":[{"href":"https:\/\/www.mauritiustimes.com\/mt\/wp-json\/wp\/v2\/posts"}],"about":[{"href":"https:\/\/www.mauritiustimes.com\/mt\/wp-json\/wp\/v2\/types\/post"}],"author":[{"embeddable":true,"href":"https:\/\/www.mauritiustimes.com\/mt\/wp-json\/wp\/v2\/users\/304"}],"replies":[{"embeddable":true,"href":"https:\/\/www.mauritiustimes.com\/mt\/wp-json\/wp\/v2\/comments?post=39781"}],"version-history":[{"count":0,"href":"https:\/\/www.mauritiustimes.com\/mt\/wp-json\/wp\/v2\/posts\/39781\/revisions"}],"wp:featuredmedia":[{"embeddable":true,"href":"https:\/\/www.mauritiustimes.com\/mt\/wp-json\/wp\/v2\/media\/39782"}],"wp:attachment":[{"href":"https:\/\/www.mauritiustimes.com\/mt\/wp-json\/wp\/v2\/media?parent=39781"}],"wp:term":[{"taxonomy":"category","embeddable":true,"href":"https:\/\/www.mauritiustimes.com\/mt\/wp-json\/wp\/v2\/categories?post=39781"},{"taxonomy":"post_tag","embeddable":true,"href":"https:\/\/www.mauritiustimes.com\/mt\/wp-json\/wp\/v2\/tags?post=39781"}],"curies":[{"name":"wp","href":"https:\/\/api.w.org\/{rel}","templated":true}]}}