{"id":39257,"date":"2023-12-22T18:50:08","date_gmt":"2023-12-22T14:50:08","guid":{"rendered":"http:\/\/www.mauritiustimes.com\/mt\/?p=39257"},"modified":"2024-01-06T21:40:19","modified_gmt":"2024-01-06T17:40:19","slug":"republique-de-maurice-des-snaps-elections-au-debut-de-lannee-prochaine","status":"publish","type":"post","link":"https:\/\/www.mauritiustimes.com\/mt\/republique-de-maurice-des-snaps-elections-au-debut-de-lannee-prochaine\/","title":{"rendered":"R\u00e9publique de Maurice : Des &#8216;snaps \u00e9lections&#8217; au d\u00e9but de l\u2019ann\u00e9e prochaine ?"},"content":{"rendered":"<p style=\"text-align: center;\"><span style=\"color: #ff0000;\"><u>Eclairages<\/u><\/span><!--more--><\/p>\n<h4 style=\"text-align: center;\"><em>La fen\u00eatre de tir pour la majorit\u00e9 comme pour l\u2019opposition semble \u00eatre bien plus proche qu\u2019on ne le pense<\/em><\/h4>\n<p><span style=\"color: #0000ff;\"><strong>Par<\/strong><strong>\u00a0A. Bartleby<\/strong><\/span><\/p>\n<p>Il n\u2019aura \u00e9chapp\u00e9 \u00e0 personne qu\u2019un &#8220;mood&#8221; ou une disposition envers la campagne \u00e9lectorale plane d\u00e9j\u00e0 sur le pays. L\u2019alliance PTr-MMM-PMSD a effectu\u00e9 sa tourn\u00e9e du pays avec ses congr\u00e8s, malgr\u00e9 une annulation &#8211; celle du dernier congr\u00e8s d\u00e9but d\u00e9cembre. Parall\u00e8lement, les partis extra-parlementaires s\u2019activent \u00e9galement \u00e0 s\u2019organiser et \u00e0 d\u00e9ployer leurs candidats sur le terrain dans leur circonscription respective. Certains rapprochements se font alors que d\u2019autres se d\u00e9font, comme ce fut r\u00e9cemment le cas entre Roshi Badhain et Patrick Belcourt.<\/p>\n<p><img data-recalc-dims=\"1\" loading=\"lazy\" decoding=\"async\" data-attachment-id=\"39258\" data-permalink=\"https:\/\/www.mauritiustimes.com\/mt\/republique-de-maurice-des-snaps-elections-au-debut-de-lannee-prochaine\/msm-ptr-2\/\" data-orig-file=\"https:\/\/i0.wp.com\/www.mauritiustimes.com\/mt\/wp-content\/uploads\/2023\/12\/MSM-PTR.jpg?fit=1200%2C573&amp;ssl=1\" data-orig-size=\"1200,573\" data-comments-opened=\"1\" data-image-meta=\"{&quot;aperture&quot;:&quot;0&quot;,&quot;credit&quot;:&quot;&quot;,&quot;camera&quot;:&quot;&quot;,&quot;caption&quot;:&quot;&quot;,&quot;created_timestamp&quot;:&quot;0&quot;,&quot;copyright&quot;:&quot;&quot;,&quot;focal_length&quot;:&quot;0&quot;,&quot;iso&quot;:&quot;0&quot;,&quot;shutter_speed&quot;:&quot;0&quot;,&quot;title&quot;:&quot;&quot;,&quot;orientation&quot;:&quot;0&quot;}\" data-image-title=\"MSM-PTR\" data-image-description=\"\" data-image-caption=\"\" data-large-file=\"https:\/\/i0.wp.com\/www.mauritiustimes.com\/mt\/wp-content\/uploads\/2023\/12\/MSM-PTR.jpg?fit=640%2C306&amp;ssl=1\" class=\"aligncenter size-full wp-image-39258\" src=\"https:\/\/i0.wp.com\/www.mauritiustimes.com\/mt\/wp-content\/uploads\/2023\/12\/MSM-PTR.jpg?resize=640%2C306&#038;ssl=1\" alt=\"\" width=\"640\" height=\"306\" srcset=\"https:\/\/i0.wp.com\/www.mauritiustimes.com\/mt\/wp-content\/uploads\/2023\/12\/MSM-PTR.jpg?w=1200&amp;ssl=1 1200w, https:\/\/i0.wp.com\/www.mauritiustimes.com\/mt\/wp-content\/uploads\/2023\/12\/MSM-PTR.jpg?resize=300%2C143&amp;ssl=1 300w, https:\/\/i0.wp.com\/www.mauritiustimes.com\/mt\/wp-content\/uploads\/2023\/12\/MSM-PTR.jpg?resize=1024%2C489&amp;ssl=1 1024w, https:\/\/i0.wp.com\/www.mauritiustimes.com\/mt\/wp-content\/uploads\/2023\/12\/MSM-PTR.jpg?resize=768%2C367&amp;ssl=1 768w\" sizes=\"auto, (max-width: 640px) 100vw, 640px\" \/><\/p>\n<p>Le MSM est lui aussi \u00e0 la man\u0153uvre, avec Pravind Jugnauth qui a pris soin de faire la tourn\u00e9e des circonscriptions pour les c\u00e9l\u00e9brations de cette fin d\u2019ann\u00e9e. 2023 fut marqu\u00e9e par le 40\u00e8me anniversaire du MSM, et le parti du soleil avait planifi\u00e9 un calendrier s\u2019\u00e9chelonnant sur toute l\u2019ann\u00e9e afin de c\u00e9l\u00e9brer ses quatre d\u00e9cennies d\u2019existence comme il se devait.<\/p>\n<p>En mati\u00e8re de bataille des images, chaque camp affine ses armes avec des manifestations plus ou moins r\u00e9ussies et maitris\u00e9es. Dans tous les cas de figure, le sentiment plane que cette p\u00e9riode festive serait la derni\u00e8re de la mandature pr\u00e9sente et que la R\u00e9publique de Maurice aurait un autre gouvernement pour les f\u00eates \u00e0 la fin de l\u2019ann\u00e9e prochaine\u2026<\/p>\n<p style=\"text-align: center;\"><strong>Pravind Jugnauth : &#8220;Mo mem P\u00e8re No\u00ebl&#8221;<\/strong><\/p>\n<p>En mati\u00e8re de politique publique, l\u2019augmentation du salaire minimum est apparue comme une surprise en cette fin d\u2019ann\u00e9e. Et cette derni\u00e8re a ouvert la voie aux multiples sp\u00e9culations quant au calendrier politique de l\u2019ann\u00e9e prochaine. En effet, beaucoup s\u2019attendaient \u00e0 une s\u00e9rie de politiques du type \u00ab fer labous doux \u00bb, Pravind Jugnauth affirmant lui-m\u00eame lors d\u2019une sortie qu\u2019il va \u00eatre comme le P\u00e8re No\u00ebl et qu\u2019il va distribuer des cadeaux. Est-ce donc le d\u00e9but de la mise en place de la strat\u00e9gie du MSM en vue des prochaines \u00e9lections ?<\/p>\n<p>Le &#8220;timing&#8221; de cette augmentation a ainsi de quoi surprendre de par le fait que les finances publiques sont actuellement dans une situation complexe. Cela ne signifie pas que le gouvernement n\u2019a pas les moyens de se montrer g\u00e9n\u00e9reux, mais cette g\u00e9n\u00e9rosit\u00e9 devrait \u00eatre particuli\u00e8rement raisonnable, donc rationnelle et frugale.<\/p>\n<p>En d\u2019autres termes, le gouvernement n\u2019a pas les moyens d\u2019entrer dans la surench\u00e8re des politiques de la gratuit\u00e9 ou du &#8220;welfare&#8221;. Il a une marge de man\u0153uvre, mais il n\u2019a pas autant de munitions qu\u2019on peut le penser. Or, une munition vient d\u00e9j\u00e0 d\u2019\u00eatre tir\u00e9e avec l\u2019augmentation du salaire minimum, suivie de la revalorisation salariale.<\/p>\n<p>En r\u00e9alit\u00e9, ces augmentations \u00e9taient urgentes au regard des effets de l\u2019inflation sur le pouvoir d\u2019achat des m\u00e9nages, et sur celui des petits salaires en particulier. Mais cette augmentation reste n\u00e9anmoins une munition politique qui vient d\u2019\u00eatre tir\u00e9e. De ce point de vue, il ne reste pas grand-chose sur quoi le gouvernement peut jouer en termes d\u2019augmentation du revenu des m\u00e9nages. Nous savons que le ministre des Finances s\u2019est donn\u00e9 les moyens d\u2019augmenter la pension de vieillesse sans passer par un autre budget, ce qui laisse \u00e0 penser que la pension pourrait bient\u00f4t \u00e9galement augmenter.<\/p>\n<p>L\u2019autre clavier sur lequel pourra jouer le gouvernement sera la mise en place de subsides sur les denr\u00e9es, permettant une diminution du co\u00fbt de la vie. Ainsi, entre l\u2019augmentation des salaires et de la pension, et une diminution des co\u00fbts des denr\u00e9es de base et peut-\u00eatre des \u00e9nergies, il se pourrait bien que le gouvernement permette \u00e0 la majorit\u00e9 des m\u00e9nages mauriciens de retrouver le sourire en 2024.<\/p>\n<p>Mais cette embellie ne pourrait \u00eatre que momentan\u00e9e. L\u2019\u00e9conomie mauricienne reste extr\u00eamement expos\u00e9e aux risques des fluctuations de l\u2019\u00e9conomie mondiale et 2024 se pr\u00e9sente d\u00e9j\u00e0 comme une ann\u00e9e compliqu\u00e9e avec une &#8220;outlook&#8221; ou une perspective qui reste pessimiste globalement. M\u00eame si certains autres enjeux poussent vers un optimisme r\u00e9el, la prudence est de mise.<\/p>\n<p>Ainsi, il semble \u00e9vident que le gouvernement a bel et bien mis en place et a inaugur\u00e9 sa strat\u00e9gie \u00e9lectorale avec l\u2019augmentation du salaire minimum. Il y a une s\u00e9quence d\u2019\u00e9v\u00e8nements culturels et religieux qui vont s\u2019aligner \u00e0 partir du mois de janvier, et nous devinons que les \u00e9lus de la majorit\u00e9 afficheront une pr\u00e9sence effective sur ces diff\u00e9rents fronts. Ainsi, nous pouvons nous attendre \u00e0 un &#8220;build-up&#8221; de trois \u00e0 quatre mois avant que Pravind Jugnauth n\u2019use de sa pr\u00e9rogative de chef du gouvernement pour appeler la population aux urnes.<\/p>\n<p>Nous pouvons sp\u00e9culer que la dissolution du parlement et la date des \u00e9lections se tiendront avant la fin du mois d\u2019avril ou au milieu du mois de mai. La raison \u00e0 cela est simple : les \u00e9lections g\u00e9n\u00e9rales se tiendront \u00e0 la fin du mois d\u2019avril et au d\u00e9but du mois de mai en Inde, et nous devinons que Pravind Jugnauth ne voudra pas empi\u00e9ter sur le calendrier de son &#8220;grand fr\u00e8re&#8221; Narendra Modi, qui devrait \u00eatre facilement reconduit aux affaires de la Grande P\u00e9ninsule \u00e0 l\u2019issue de ces \u00e9lections.<\/p>\n<p style=\"text-align: center;\"><strong>Diego Garcia: d\u00e9nouement favorable par rapport \u00e0 la question du loyer?<\/strong><\/p>\n<p>Cette fen\u00eatre de tir semble r\u00e9aliste au regard des donn\u00e9es actuelles. Toutefois, il se pourrait que Pravind Jugnauth ait d\u2019autres plans et souhaiterait aller jusqu\u2019au bout de la mandature actuelle. Nous avons du mal \u00e0 voir comment il fera cela sans l\u2019apport d\u2019une entr\u00e9e importante d\u2019argent dans le budget national. Or, il se pourrait \u00e9galement que le gouvernement actuel mise sur cela. L\u2019augmentation du salaire minimum constituerait ainsi une fuite en avant en attendant des d\u00e9veloppements de grande envergure au niveau des finances publiques.<\/p>\n<p>Certains parlent d\u2019ailleurs d\u2019un d\u00e9nouement favorable par rapport \u00e0 la question du loyer de Diego Garcia. Les m\u00e9dias locaux se sont montr\u00e9s pessimistes quant \u00e0 cette conclusion, relayant un article publi\u00e9 en Angleterre mais dont le fondement reste \u00e0 \u00eatre d\u00e9montr\u00e9. Pravind Jugnauth, lui, n\u2019a pas r\u00e9agi \u00e0 ce propos, gardant le cap en esp\u00e9rant sans doute qu\u2019une r\u00e9solution favorable pour la R\u00e9publique de Maurice soit trouv\u00e9e au d\u00e9but de l\u2019ann\u00e9e prochaine. Il est aussi connu que Narendra Modi en a fait une condition de ses discussions avec le Premier ministre britannique, Rishi Sunak sur la question de l\u2019accord commercial que ce dernier esp\u00e8re tant conclure avec l\u2019Inde&#8230;<\/p>\n<p>Si c\u2019est le cas, alors le gouvernement jouera la carte du temps. Une entr\u00e9e d\u2019argent de cette envergure lui donnera d\u2019immenses moyens pour acc\u00e9l\u00e9rer ses projets d\u2019infrastructures et pour permettre aux Mauriciens de retrouver un niveau de vie auquel ils aspirent. Si tel est le cas, alors l\u2019opposition pourrait se retrouver en mauvaise posture avant m\u00eame l\u2019annonce des prochaines \u00e9lections g\u00e9n\u00e9rales. Mais nous n\u2019en sommes pas encore l\u00e0, et la fen\u00eatre de tir pour la majorit\u00e9 comme pour l\u2019opposition semble \u00eatre bien plus proche qu\u2019on ne le pense.<\/p>\n<p style=\"text-align: center;\"><strong>* * *<\/strong><\/p>\n<p style=\"text-align: center;\"><strong><u>Le monde est-il devenu plus dangereux en 2023 ?<\/u><\/strong><\/p>\n<p><strong>\u00a0<\/strong>Lorsque le chancelier allemand Olaf Scholz, dans un discours prononc\u00e9 devant le parlement le 27 f\u00e9vrier 2022, a qualifi\u00e9 l\u2019invasion de l\u2019Ukraine par la Russie de \u00ab tournant \u00bb, le risque d\u2019extension de la guerre \u00e9tait d\u00e9j\u00e0 perceptible. Mais avait-il pr\u00e9vu que nous assisterions \u00e0 un encha\u00eenement de guerres r\u00e9gionales, ou que les tensions entre grandes puissances s\u2019exacerberaient presque jour apr\u00e8s jour ? Sans doute non, mais force est de constater, malheureusement, que nous en sommes l\u00e0 aujourd\u2019hui. De plus, la spirale guerri\u00e8re qui a \u00e9t\u00e9 initi\u00e9e \u00e0 la sortie de la pand\u00e9mie de la Covid-19 ne semble pas ralentir.<\/p>\n<p>La guerre Ukraine-Russie n\u2019\u00e9tait que le premier domino de la lutte enclench\u00e9e entre pouvoirs. Par la suite, le Hamas a lanc\u00e9 une attaque terroriste brutale contre Isra\u00ebl depuis Gaza, en tuant 1,400 Isra\u00e9liens \u2013 pour la plupart des civils \u2013 et en enlevant plus de 200 autres. Comment un coup aussi meurtrier a-t-il pu \u00eatre port\u00e9 \u00e0 la plus grande puissance militaire et de renseignement du Moyen-Orient ? Une organisation terroriste comme le Hamas aurait-elle pu accomplir un tel exploit par ses propres moyens ?<\/p>\n<p>Prenez en compte la pr\u00e9cision de l\u2019attaque et toute la planification dont elle a fait l\u2019objet. De toute \u00e9vidence, l\u2019objectif n\u2019\u00e9tait pas simplement d\u2019organiser une d\u00e9monstration de brutalit\u00e9 impitoyable, dans un bain de sang, contre des civils isra\u00e9liens, y compris des grands-m\u00e8res et des enfants en bas \u00e2ge. Mais ne s\u2019agissait-il pas plut\u00f4t de r\u00e9activer le traumatisme juif en reproduisant une d\u00e9monstration de violence qui n\u2019est pas sans rappeler les atrocit\u00e9s de la Shoah, c\u2019est-\u00e0-dire la tentative des nazis d\u2019exterminer l\u2019ensemble du peuple juif\u00a0? Le message pour les Juifs n\u2019\u00e9tait-il pas\u00a0qu\u2019ils ne doivent jamais se sentir en s\u00e9curit\u00e9, m\u00eame avec la sup\u00e9riorit\u00e9 militaire d\u2019Isra\u00ebl\u00a0?<\/p>\n<p>Quoi qu\u2019il en soit, l\u2019attentat du 7 octobre a laiss\u00e9 l\u2019ensemble du Moyen-Orient au bord d\u2019une guerre majeure. La r\u00e9ponse isra\u00e9lienne a \u00e9t\u00e9 d\u2019une telle violence, avec plus de 14,000 morts du c\u00f4t\u00e9 palestinien, que toute tentative de d\u00e9sescalade semble aujourd\u2019hui compromise, et ce, pour un certain temps. L\u2019existence m\u00eame d\u2019Isra\u00ebl \u00e9tant en jeu, les Etats-Unis et l\u2019Europe ont in\u00e9vitablement \u00e9t\u00e9 impliqu\u00e9s. Mais d\u2019autres aussi, par exemple, la Chine (grand importateur d\u2019hydrocarbures iraniens) a d\u00e9ploy\u00e9 des navires de guerre dans la r\u00e9gion.<\/p>\n<p>De son c\u00f4t\u00e9, Isra\u00ebl qui soutient qu&#8217;il n\u2019avait d\u2019autre choix que de riposter militairement pour r\u00e9tablir la dissuasion, m\u00eame si cette guerre va encore co\u00fbter de nombreuses vies civiles et va aggraver la haine entre les deux camps. Ceux qui ont planifi\u00e9 l\u2019op\u00e9ration du 7 octobre ont sans doute mis\u00e9 sur ce r\u00e9sultat, ce qui sugg\u00e8re que le Hamas n&#8217;aurait pas agi seul et que des objectifs g\u00e9opolitiques de d\u00e9stabilisation d\u2019une r\u00e9gion d\u00e9j\u00e0 instable sont \u00e0 l\u2019\u0153uvre.<\/p>\n<p style=\"text-align: center;\"><strong>Vers l\u2019\u00e9mergence d\u2019un nouvel ordre mondial<\/strong><\/p>\n<p>Un parall\u00e8le frappant entre les guerres en Ukraine et \u00e0 Gaza, c\u2019est que toutes les deux impliquent une lutte pour la survie m\u00eame d\u2019un \u00c9tat-nation existant. Mais ce qui est tout aussi important, c\u2019est que ces deux guerres confirment que nous assistons vraiment \u00e0 l\u2019\u00e9mergence d\u2019un nouvel ordre mondial. Alors que l\u2019Occident se tient fermement aux c\u00f4t\u00e9s d\u2019Isra\u00ebl, des puissances autoritaires telles que la Russie et la Chine se rangent opportun\u00e9ment dans l\u2019autre camp, tout comme une grande partie du Sud global, en raison de ses propres souvenirs traumatisants de la colonisation.<\/p>\n<p>L\u2019Occident ne peut se contenter d\u2019accepter cette dynamique \u00ab nous contre le reste du monde \u00bb, ce qui est devenu \u00e9vident avec l\u2019attaque de la Russie contre l\u2019Ukraine. Dans le long terme, une telle polarisation g\u00e9opolitique ne fera qu\u2019aggraver la situation de tous.<\/p>\n<p>Mais, pour inverser la tendance, il faudra des efforts de diplomatie h\u00e9ro\u00efques. Et \u00e9tant donn\u00e9 cette nouvelle donne, il se pourrait que le Sud global ait ici un r\u00f4le essentiel \u00e0 jouer. En tant qu\u2019\u00e9l\u00e9ment essentiel du nouvel ordre mondial, le Sud global exige d\u2019ailleurs d\u2019\u00eatre reconnu et de s\u2019asseoir \u00e0 la table des n\u00e9gociations. Alors que la fonction m\u00eame des Nations-Unies, et de son Conseil de S\u00e9curit\u00e9, semble aujourd\u2019hui plus inutile que jamais, il y a peut-\u00eatre l\u00e0 une piste s\u00e9rieuse \u00e0 explorer.<\/p>\n<p>Outre les guerres en Ukraine et au Moyen-Orient, la menace d\u2019un conflit militaire en mer de Chine m\u00e9ridionale ou dans le d\u00e9troit de Ta\u00efwan \u2013 qui impliquerait directement deux superpuissances, les Etats-Unis et la Chine \u2013 se fait de plus en plus pressante. Dans ce contexte, d\u2019autres guerres &#8211; comme par exemple, celle qui a oppos\u00e9 l\u2019Arm\u00e9nie et l\u2019Azerba\u00efdjan au sujet du Haut-Karabakh &#8211; risquent d\u2019\u00eatre oubli\u00e9es.<\/p>\n<p>Ces \u00e9v\u00e8nements sont pass\u00e9s enti\u00e8rement sous silence actuellement \u00e0 Maurice, o\u00f9 les m\u00e9dias sont enti\u00e8rement concentr\u00e9s sur l\u2019actualit\u00e9 locale. Pourtant les d\u00e9veloppements mondiaux pourraient avoir un impact bien plus important sur notre vie quotidienne qu\u2019un texte de loi pass\u00e9 en l\u2019absence de l\u2019opposition.<\/p>\n<p>Historiquement, les efforts visant \u00e0 modifier l\u2019\u00e9quilibre mondial des pouvoirs, ou \u00e0 r\u00e9viser et imposer un nouvel ordre international, ne se sont jamais d\u00e9roul\u00e9s sans violence. C\u2019est d\u2019ailleurs une donn\u00e9e primordiale de l\u2019histoire de la g\u00e9opolitique. Tout nouveau monde qui est sur le point d\u2019\u00eatre enfant\u00e9 nait d\u2019un accouchement douloureux, sanglant m\u00eame. Le ton de plus en plus agressif des grandes puissances les unes envers les autres n\u2019en est que plus inqui\u00e9tant.<\/p>\n<p style=\"text-align: center;\"><strong>L&#8217;effondrement de la Pax Americana<\/strong><\/p>\n<p>Le monde de la Pax Americana d\u2019apr\u00e8s 1945 semble plus vuln\u00e9rable que jamais. Plut\u00f4t qu\u2019attendre de voir s\u2019il finira par s\u2019effondrer de lui-m\u00eame, ses principaux adversaires sont impatients d\u2019exploiter ses faiblesses apparentes. Dans la mesure o\u00f9 il existe encore une communaut\u00e9 internationale, sa volont\u00e9 de maintenir le statu quo semble avoir consid\u00e9rablement diminu\u00e9, pour ne pas dire que la capacit\u00e9 de maintenir ce statu quo est aujourd\u2019hui quasi-inexistante.<\/p>\n<p>Il est difficile, dans ce contexte, de ne pas penser \u00e0 1914, lorsque les \u00e9v\u00e8nements ont pris leur propre envol et ont pr\u00e9cipit\u00e9 la Premi\u00e8re Guerre mondiale. La bascule du monde dans le 20\u00e8me si\u00e8cle devint le plus meurtrier de l\u2019histoire humaine. L\u2019honneur et l\u2019ambition prirent le pas sur la raison, laquelle une fois de plus, redevint l\u2019esclave des passions religieuses et nationalistes.<\/p>\n<p>Dans la tourmente d\u2019aujourd\u2019hui, nous avons d\u00e9j\u00e0 un aper\u00e7u d\u2019un monde sans ordre. Ceux qui se moquent du pr\u00e9sident am\u00e9ricain Joe Biden en raison de son \u00e2ge devraient r\u00e9fl\u00e9chir \u00e0 ce qui se passerait si cette derni\u00e8re crise au Moyen-Orient devait se d\u00e9rouler sans une direction aussi prudente et exp\u00e9riment\u00e9e \u00e0 la Maison-Blanche. Le monde serait plus incertain et plus dangereux qu\u2019il ne l\u2019est d\u00e9j\u00e0.<\/p>\n<p>Alors que l\u2019ann\u00e9e 2023 arrive \u00e0 son terme, la question de savoir si elle a \u00e9t\u00e9 l\u2019ann\u00e9e d\u2019une augmentation du danger mondial est donc pos\u00e9e. Et il serait utopique et chim\u00e9rique de r\u00e9pondre par la n\u00e9gative \u00e0 cette question. Que nous r\u00e9servera 2024 de ce point de vue ? Disons que cette nouvelle ann\u00e9e ne se pr\u00e9pare pas sous les meilleurs auspices, et que nous avons une multiplicit\u00e9 de raisons d\u2019\u00eatre pessimistes. Nous consacrerons, la semaine prochaine, la derni\u00e8re page de l\u2019ann\u00e9e 2023 aux perspectives locales et internationales pour 2024.<\/p>\n<p style=\"text-align: center;\"><strong>* * *<\/strong><\/p>\n<p style=\"text-align: center;\"><strong><u>Japon, vers la fin d&#8217;une constitution pacifique<br \/>\n<\/u><\/strong><strong><em>La remilitarisation du Japon aura des cons\u00e9quences r\u00e9elles sur la g\u00e9opolitique mondiale<\/em><\/strong><\/p>\n<p>La constitution du Japon est unique au monde du fait d\u2019avoir \u00e9t\u00e9 r\u00e9dig\u00e9e par les Am\u00e9ricains, sous la supervision de Douglas MacArthur, alors commandant supr\u00eame des forces d\u2019occupation alli\u00e9es apr\u00e8s la d\u00e9faite du Japon et la fin de la guerre du Pacifique en 1945.<\/p>\n<p>La Constitution de 1947, ou la Nihonkoku Kenpo, a \u00e9t\u00e9 vot\u00e9e le 3 novembre 1946 et est entr\u00e9e en vigueur le 3 mai 1947. Elle fait suite \u00e0 la Constitution Meiji de 1889 qui avait \u00e9t\u00e9 capitale dans l\u2019ouverture de l\u2019\u00e8re de modernisation et d\u2019industrialisation qui allait faire de l\u2019Empire du Soleil Levant une puissance r\u00e9gionale majeure au 20\u00e8me si\u00e8cle.<\/p>\n<p>Bien que la Constitution de 1947 conserve des similitudes avec celle de 1889, elle comporte n\u00e9anmoins des diff\u00e9rences majeures. Et l\u2019une de ces diff\u00e9rences est l\u2019article 9 qui d\u00e9clare que le Japon renonce \u00e0 jamais \u00e0 la guerre. Cet article est la cons\u00e9quence directe des exactions japonaises avant et pendant la Seconde Guerre mondiale, mais surtout du traumatisme caus\u00e9 par les bombardements nucl\u00e9aires d\u2019Hiroshima et de Nagasaki les 6 et 9 ao\u00fbt 1945 respectivement.<\/p>\n<p>Ce fameux article 9 est absolument unique dans le monde, faisant du Japon le seul pays dont la Constitution est fond\u00e9e dans le rejet total de la pr\u00e9rogative bellig\u00e9rante de la souverainet\u00e9 politique et dans l\u2019affirmation d\u2019un pacifisme d\u2019\u00c9tat. Ce pacifisme se traduit par le refus du maintien d\u2019une arm\u00e9e d\u2019attaque, m\u00eame si le Japon poss\u00e8de des forces dites d\u2019autod\u00e9fense, profond\u00e9ment ancr\u00e9es dans la soci\u00e9t\u00e9 japonaise moderne.<\/p>\n<p>L\u2019article 9 fait \u00e9norm\u00e9ment d\u00e9bat. Depuis 1947 d\u00e9j\u00e0, en r\u00e9alit\u00e9, mais encore plus aujourd\u2019hui.<\/p>\n<p>Tout d\u2019abord, un pays qui refuse son droit souverain \u00e0 faire la guerre est un pays qui ne peut pas assurer sa propre d\u00e9fense, ce qui constitue le probl\u00e8me fondamental de toute souverainet\u00e9 politique dont l\u2019objectif primordial est la s\u00e9curisation d\u2019un territoire et d\u2019une population.<\/p>\n<p>Dans les faits, le Japon n\u2019a jamais fait une croix sur la s\u00e9curit\u00e9 de son territoire et de sa population. Bien qu\u2019elle rejette le maintien d\u2019une force militaire cons\u00e9quente, le Japon n\u2019a jamais trouv\u00e9 le moindre probl\u00e8me \u00e0 ce que les Etats-Unis installent des bases militaires sur ses territoires. Ces bases d\u00e9passeraient le nombre de 100 sur tout le territoire japonais et couvriraient toutes les branches de l\u2019arm\u00e9e am\u00e9ricaine avec un personnel de plus de 50,000 soldats d\u00e9ploy\u00e9s. D\u2019ailleurs, cette surpopulation de bases militaires au Japon porte le sobriquet de &#8216;porte-avion am\u00e9ricain&#8217;.<\/p>\n<p>La r\u00e9alit\u00e9, c\u2019est qu\u2019au lendemain de la Seconde Guerre mondiale, le territoire japonais relevait d\u2019une importance strat\u00e9gique primordiale pour l\u2019arm\u00e9e am\u00e9ricaine de par sa proximit\u00e9 avec l\u2019URSS, la Cor\u00e9e, le Vietnam, Taiwan, etc. C\u2019est ainsi un contrat s\u00e9curitaire en bonne et due forme qui fut pass\u00e9 entre le gouvernement japonais et les forces am\u00e9ricaines. D\u2019un c\u00f4t\u00e9, le Japon accepte de ne plus entretenir d\u2019arm\u00e9e mais de l\u2019autre elle accepte de devenir un point d\u2019ancrage extr\u00eamement important pour l\u2019arm\u00e9e am\u00e9ricaine dans la r\u00e9gion.<\/p>\n<p>Cette formule a tr\u00e8s bien fonctionn\u00e9 depuis 1947, et l\u2019essor \u00e9conomique du Japon et son effort de reconstruction industrielle a fait que le pays s\u2019est positionn\u00e9 comme un acteur majeur de l\u2019\u00e9conomie mondiale, pr\u00e9f\u00e9rant jouer le jeu de la guerre \u00e9conomique au lieu de celui de la guerre coloniale, comme ce fut le cas lors de son incursion en Mandchourie en 1931, par exemple.<\/p>\n<p>Mais les choses \u00e9voluent aujourd\u2019hui rapidement. Le Japon n\u2019est plus sur la pente ascendante \u00e9conomiquement, et les vieux ennemis de l\u2019empire sont aujourd\u2019hui dans une course effr\u00e9n\u00e9e \u00e0 l\u2019armement. C\u2019est le cas de la Chine, de la Russie et de la Cor\u00e9e du Nord, qui a tir\u00e9 cette semaine un missile balistique \u00e0 longue port\u00e9e vers le Japon (missile qui s\u2019est \u00e9cras\u00e9 en mer \u00e0 quelques kilom\u00e8tres seulement de la ZEE japonaise). Parall\u00e8lement, l\u2019essor de la Chine et le renforcement de son influence sur la r\u00e9gion produit le parall\u00e8le du d\u00e9clin de l\u2019influence am\u00e9ricaine sur cette m\u00eame r\u00e9gion.<\/p>\n<p>Cela donne naissance au Japon \u00e0 un questionnement profond quant \u00e0 la r\u00e9elle importance d\u2019entretenir une Constitution pacifiste aujourd\u2019hui. Il ne s\u2019agit pas pour le Japon d\u2019entrer dans la course \u00e0 l\u2019armement, mais il est clair que la mont\u00e9e de la Chine va produire des effets durables dans la r\u00e9gion et la vieille alliance s\u00e9curitaire avec les Etats-Unis pourrait vite devenir obsol\u00e8te. Ainsi, le gouvernement japonais se retrouve face \u00e0 l\u2019imp\u00e9ratif de revoir sa politique s\u00e9curitaire et son propre positionnement dans la r\u00e9gion.<\/p>\n<p>Une arm\u00e9e ne sert pas uniquement \u00e0 faire la guerre. Loin de l\u00e0 m\u00eame. Une arm\u00e9e sert avant tout \u00e0 avancer ses propres pions sur l\u2019\u00e9chiquier g\u00e9opolitique et permet aux politiques de provoquer des situations de n\u00e9gociations ou encore de faire pression sur les diff\u00e9rents acteurs engag\u00e9s dans une situation g\u00e9opolitique. Ainsi, sans arm\u00e9e propre, le Japon se trouve dans une situation tr\u00e8s d\u00e9licate en face de grands bouleversements qui ont lieu dans la r\u00e9gion, ce qui devient plus que jamais le haut lieu des tensions dans l\u2019Indo-Pacifique.<\/p>\n<p>C\u2019est la raison pour laquelle des voix de plus en plus influentes s\u2019\u00e9l\u00e8vent dans l\u2019empire pour revoir l\u2019article 9 de la Constitution et pour une augmentation cons\u00e9quente des d\u00e9penses s\u00e9curitaires et militaires. C\u2019est dans cet esprit que l\u2019actuel Premier ministre, Fumio Kishida, a r\u00e9cemment pr\u00e9sent\u00e9 un &#8220;master plan&#8221; visant \u00e0 la remilitarisation du Japon. Ce plan est loin de faire l\u2019unanimit\u00e9 dans un Japon o\u00f9 les anciennes g\u00e9n\u00e9rations vivent toujours le traumatisme de la guerre et o\u00f9 les jeunes g\u00e9n\u00e9rations ont grandi dans la culture du pacifisme et refusent la militarisation.<\/p>\n<p>Ce plan aboutira-t-il alors ? Nous avons envie de dire que le Japon n\u2019a pas le choix que de redessiner ses objectifs s\u00e9curitaires et de se doter des moyens ad\u00e9quats pour y arriver. Ce simple fait produira des cons\u00e9quences g\u00e9opolitiques importantes dans la r\u00e9gion, et m\u00eame si le Japon entretient de bonnes relations avec la Chine et voudra sans doute continuer \u00e0 approfondir la coop\u00e9ration avec le g\u00e9ant chinois, il est clair que cette relation est fond\u00e9e sur une d\u00e9fiance historique.<\/p>\n<p>Ce qui est s\u00fbr, c\u2019est que la remilitarisation du Japon aura des cons\u00e9quences r\u00e9elles sur la g\u00e9opolitique mondiale, et il est imp\u00e9ratif de suivre cette situation de pr\u00e8s.<\/p>\n<hr \/>\n<p><span style=\"color: #800000;\">Mauritius Times ePaper Friday 22 December 2023<\/span><\/p>\n","protected":false},"excerpt":{"rendered":"<p>Eclairages<\/p>\n","protected":false},"author":424,"featured_media":39258,"comment_status":"open","ping_status":"open","sticky":false,"template":"","format":"standard","meta":{"jetpack_post_was_ever_published":false,"_jetpack_newsletter_access":"","_jetpack_dont_email_post_to_subs":false,"_jetpack_newsletter_tier_id":0,"_jetpack_memberships_contains_paywalled_content":false,"_jetpack_memberships_contains_paid_content":false,"footnotes":"","jetpack_publicize_message":"","jetpack_publicize_feature_enabled":true,"jetpack_social_post_already_shared":true,"jetpack_social_options":{"image_generator_settings":{"template":"highway","default_image_id":0,"font":"","enabled":false},"version":2}},"categories":[6,19379],"tags":[42065,36546,42282,42072,40025,36426,37444,42277,42076,39839,42276,19426,5029,40880,42053,42054,42058,42060,23141,42071,37156,845,42055,37146,10468,36252,41515,22166,42285,28673,33522,42052,18906,42279,28828,42077,5221,42075,19044,32206,36779,9923,18069,42070,39582,42067,39909,15233,42059,4787,42275,36,42283,4676,280,42280,32402,72,4187,42057,37453,8346,42068,42056,42074,39604,126,15639,42066,42278,48,27237,42069,42062,42284,10789,24851,42064,28361,19046,42073,42063,37161,42281,22004,31567,32441,4423,32436,25693,42061],"class_list":["post-39257","post","type-post","status-publish","format-standard","has-post-thumbnail","hentry","category-latest-news","category-opinion","tag-40eme-anniversaire-du-msm","tag-a-bartleby","tag-accord-commercial","tag-allemand-olaf-scholz","tag-alliance-ptr-mmm-pmsd","tag-americains","tag-angleterre","tag-augmentation-du-salaire","tag-azerbaidjan","tag-budget-national","tag-calendrier-politique","tag-campagne-electorale","tag-chine","tag-conseil-de-securite","tag-constitution-de-1947","tag-constitution-du-japon","tag-constitution-meiji-de-1889","tag-coree-du-nord","tag-covid","tag-dangereux-en-2023","tag-detroit-de-taiwan","tag-diego-garcia","tag-douglas-macarthur","tag-eclairages","tag-economie-mondiale","tag-elections-generales","tag-etat","tag-etats-unis","tag-fumio-kishida","tag-gaza","tag-geopolitique","tag-gouvernement-japonais","tag-grande-peninsule","tag-gratuite","tag-hamas","tag-haut-karabakh","tag-hiroshima","tag-hydrocarbures-iraniens","tag-inde","tag-indo-pacifique","tag-invasion-de-lukraine","tag-israel","tag-joe-biden","tag-ko","tag-lalliance-ptr-mmm-pmsd","tag-laugmentation-du-salaire-minimum","tag-la-russie","tag-maison-blanche","tag-mandchourie-en-1931","tag-maurice","tag-mauritius-elections","tag-mauritius-times","tag-mer-de-chine-meridionale","tag-moyen-orient","tag-msm","tag-munitions-politiques","tag-nagasaki","tag-narendra-modi","tag-nations-unies","tag-nihon-koku-kenpo","tag-occident","tag-opposition","tag-outlook","tag-pacifique-en-1945","tag-palestinien","tag-patrick-belcourt","tag-pax-americana","tag-pension-de-vieillesse","tag-politique-publique","tag-politiques-du-type-fer-labous-doux","tag-pravind-jugnauth","tag-pravindjugnauth","tag-premier-ministre-britannique","tag-premier-ministre-fumiokishida","tag-remilitarisation-du-japon","tag-republique-de-maurice","tag-rishi-sunak","tag-roshibadhain","tag-russie","tag-seconde-guerre-mondiale","tag-shoah","tag-snaps-elections","tag-strategie-electorale","tag-subsides-sur-les-denrees","tag-taiwan","tag-ukraine","tag-urss","tag-vietnam","tag-vladimir-poutine","tag-welfare","tag-zee-japonaise"],"jetpack_publicize_connections":[],"jetpack_featured_media_url":"https:\/\/i0.wp.com\/www.mauritiustimes.com\/mt\/wp-content\/uploads\/2023\/12\/MSM-PTR.jpg?fit=1200%2C573&ssl=1","jetpack_sharing_enabled":true,"jetpack_shortlink":"https:\/\/wp.me\/p8QzSF-adb","_links":{"self":[{"href":"https:\/\/www.mauritiustimes.com\/mt\/wp-json\/wp\/v2\/posts\/39257","targetHints":{"allow":["GET"]}}],"collection":[{"href":"https:\/\/www.mauritiustimes.com\/mt\/wp-json\/wp\/v2\/posts"}],"about":[{"href":"https:\/\/www.mauritiustimes.com\/mt\/wp-json\/wp\/v2\/types\/post"}],"author":[{"embeddable":true,"href":"https:\/\/www.mauritiustimes.com\/mt\/wp-json\/wp\/v2\/users\/424"}],"replies":[{"embeddable":true,"href":"https:\/\/www.mauritiustimes.com\/mt\/wp-json\/wp\/v2\/comments?post=39257"}],"version-history":[{"count":0,"href":"https:\/\/www.mauritiustimes.com\/mt\/wp-json\/wp\/v2\/posts\/39257\/revisions"}],"wp:featuredmedia":[{"embeddable":true,"href":"https:\/\/www.mauritiustimes.com\/mt\/wp-json\/wp\/v2\/media\/39258"}],"wp:attachment":[{"href":"https:\/\/www.mauritiustimes.com\/mt\/wp-json\/wp\/v2\/media?parent=39257"}],"wp:term":[{"taxonomy":"category","embeddable":true,"href":"https:\/\/www.mauritiustimes.com\/mt\/wp-json\/wp\/v2\/categories?post=39257"},{"taxonomy":"post_tag","embeddable":true,"href":"https:\/\/www.mauritiustimes.com\/mt\/wp-json\/wp\/v2\/tags?post=39257"}],"curies":[{"name":"wp","href":"https:\/\/api.w.org\/{rel}","templated":true}]}}