{"id":38704,"date":"2023-10-20T18:19:47","date_gmt":"2023-10-20T14:19:47","guid":{"rendered":"http:\/\/www.mauritiustimes.com\/mt\/?p=38704"},"modified":"2023-10-27T17:58:51","modified_gmt":"2023-10-27T13:58:51","slug":"invasion-imminente-de-gaza","status":"publish","type":"post","link":"https:\/\/www.mauritiustimes.com\/mt\/invasion-imminente-de-gaza\/","title":{"rendered":"Invasion imminente de Gaza"},"content":{"rendered":"<p style=\"text-align: center;\"><span style=\"color: #ff0000;\"><u>Eclairages<\/u><\/span><!--more--><\/p>\n<h4 style=\"text-align: center;\"><span style=\"color: #993300;\"><strong>La poudri\u00e8re du Moyen-Orient n\u2019a jamais sembl\u00e9 aussi proche de l\u2019\u00e9tincelle qui d\u00e9clenche un conflit mondialis\u00e9<\/strong><\/span><\/h4>\n<p><span style=\"color: #0000ff;\"><strong>Par A. Bartleby<\/strong><\/span><\/p>\n<p><span style=\"color: #000000;\">Plus d\u2019une dizaine de jours se sont \u00e9coul\u00e9s depuis l\u2019attaque du Hamas sur Isra\u00ebl. \u00c0 l\u2019heure o\u00f9 nous \u00e9crivons ces lignes, l\u2019arm\u00e9e isra\u00e9lienne est mobilis\u00e9e et se pr\u00e9pare \u00e0 une invasion terrestre de Gaza.<\/span><\/p>\n<p><span style=\"color: #000000;\"><img data-recalc-dims=\"1\" loading=\"lazy\" decoding=\"async\" data-attachment-id=\"38705\" data-permalink=\"https:\/\/www.mauritiustimes.com\/mt\/invasion-imminente-de-gaza\/guerre-hamas-israel\/\" data-orig-file=\"https:\/\/i0.wp.com\/www.mauritiustimes.com\/mt\/wp-content\/uploads\/2023\/10\/Guerre-Hamas-Israel.jpg?fit=1200%2C671&amp;ssl=1\" data-orig-size=\"1200,671\" data-comments-opened=\"1\" data-image-meta=\"{&quot;aperture&quot;:&quot;0&quot;,&quot;credit&quot;:&quot;&quot;,&quot;camera&quot;:&quot;&quot;,&quot;caption&quot;:&quot;&quot;,&quot;created_timestamp&quot;:&quot;0&quot;,&quot;copyright&quot;:&quot;&quot;,&quot;focal_length&quot;:&quot;0&quot;,&quot;iso&quot;:&quot;0&quot;,&quot;shutter_speed&quot;:&quot;0&quot;,&quot;title&quot;:&quot;&quot;,&quot;orientation&quot;:&quot;0&quot;}\" data-image-title=\"Guerre-Hamas-Isra\u00ebl\" data-image-description=\"\" data-image-caption=\"\" data-large-file=\"https:\/\/i0.wp.com\/www.mauritiustimes.com\/mt\/wp-content\/uploads\/2023\/10\/Guerre-Hamas-Israel.jpg?fit=640%2C358&amp;ssl=1\" class=\"aligncenter size-full wp-image-38705\" src=\"https:\/\/i0.wp.com\/www.mauritiustimes.com\/mt\/wp-content\/uploads\/2023\/10\/Guerre-Hamas-Israel.jpg?resize=640%2C358&#038;ssl=1\" alt=\"\" width=\"640\" height=\"358\" srcset=\"https:\/\/i0.wp.com\/www.mauritiustimes.com\/mt\/wp-content\/uploads\/2023\/10\/Guerre-Hamas-Israel.jpg?w=1200&amp;ssl=1 1200w, https:\/\/i0.wp.com\/www.mauritiustimes.com\/mt\/wp-content\/uploads\/2023\/10\/Guerre-Hamas-Israel.jpg?resize=300%2C168&amp;ssl=1 300w, https:\/\/i0.wp.com\/www.mauritiustimes.com\/mt\/wp-content\/uploads\/2023\/10\/Guerre-Hamas-Israel.jpg?resize=1024%2C573&amp;ssl=1 1024w, https:\/\/i0.wp.com\/www.mauritiustimes.com\/mt\/wp-content\/uploads\/2023\/10\/Guerre-Hamas-Israel.jpg?resize=768%2C429&amp;ssl=1 768w\" sizes=\"auto, (max-width: 640px) 100vw, 640px\" \/><\/span><span style=\"color: #ff6600;\"><strong>Guerre Hamas-Isra\u00ebl : Des milliers de personnes tentent de quitter Gaza avant l&#8217;assaut de l&#8217;arm\u00e9e israelienne. P &#8211; 20 Minutes<\/strong><\/span><\/p>\n<p><span style=\"color: #000000;\">Cela fait plusieurs jours que l\u2019arm\u00e9e de l\u2019air isra\u00e9lienne bombarde ce qu\u2019elle appelle les positions de Hamas dans la bande de Gaza, faisant des centaines de morts parmi les civils. Le bilan humain est d\u00e9j\u00e0 d\u00e9sastreux avec plus de 1,200 morts parmi les civils du c\u00f4t\u00e9 isra\u00e9lien et une estimation d\u00e9passant les 2,500 morts du c\u00f4t\u00e9 des Palestiniens.<\/span><\/p>\n<p><span style=\"color: #000000;\">Tout ce qui avait \u00e9t\u00e9 atteint comme semblant de paix ces derni\u00e8res ann\u00e9es vient de partir en poussi\u00e8re, et la poudri\u00e8re du Moyen-Orient n\u2019a jamais sembl\u00e9 aussi proche de l\u2019\u00e9tincelle qui d\u00e9clenche un conflit vraiment mondialis\u00e9.<\/span><\/p>\n<p><span style=\"color: #000000;\">Ce terme, \u00ab mondialis\u00e9 \u00bb, est utilis\u00e9 en lieu et place de \u00ab mondial \u00bb pour mieux faire ressortir le fait que nous ne sommes pas dans la situation d\u2019une guerre qui va se g\u00e9n\u00e9raliser globalement, en mobilisant les appareils de production de la quasi-totalit\u00e9 des pays du monde comme cela avait \u00e9t\u00e9 le cas pour les guerres de 1914-1918 et de 1939-1945.<\/span><\/p>\n<p><span style=\"color: #000000;\">Nous semblons \u00eatre bien plut\u00f4t dans une situation o\u00f9 la guerre de Gaza sera un autre front de la guerre hautement strat\u00e9gique pour le contr\u00f4le des ressources \u00e9nerg\u00e9tiques, une sorte d\u2019autre front parall\u00e8le au front ukrainien, qui va mobiliser plus de ressources et impliquer plus d\u2019enjeux g\u00e9ostrat\u00e9giques.<\/span><\/p>\n<p><span style=\"color: #000000;\">Nous expliquions la semaine derni\u00e8re comment l\u2019Arabie saoudite et l\u2019Iran menaient une guerre par proxy dans le sud du Soudan depuis pr\u00e8s d\u2019une d\u00e9cennie. La guerre de Gaza sera exactement cela : une guerre par proxy entre plusieurs puissances qui utiliseront le terreau palestinien pour avancer leurs int\u00e9r\u00eats s\u00e9curitaires, \u00e9conomiques et g\u00e9opolitiques, avec le contr\u00f4le des ressources \u00e9nerg\u00e9tiques et la mainmise sur le commerce r\u00e9gional en ligne de mire.<\/span><\/p>\n<p><span style=\"color: #000000;\">C\u2019est exactement cela qui est en jeu. Les Palestiniens n\u2019ont eu de cesse d\u2019\u00eatre pris dans un \u00e9tau tragique entre Isra\u00ebl en proie \u00e0 la gourmandise de territoire, et des pays arabes qui n\u2019auraient en r\u00e9alit\u00e9 pas grand-chose \u00e0 faire de la cause palestinienne, sauf \u00e0 l\u2019utiliser pour leurs propres int\u00e9r\u00eats&#8230;<\/span><\/p>\n<p style=\"text-align: center;\"><span style=\"color: #000000;\"><strong>Les accords d\u2019Abraham&#8230; tout s\u2019est effondr\u00e9 le 4 novembre 1995<\/strong><\/span><\/p>\n<p><span style=\"color: #000000;\">L\u2019espoir cr\u00e9\u00e9 par les accords d\u2019Abraham laissaient enfin entrevoir une r\u00e9solution pragmatique \u00e0 ce conflit, une quasi premi\u00e8re depuis les accords d\u2019Oslo sign\u00e9s entre Yasser Arafat et Yitzhak Rabin en septembre 1993. La voie vers la paix \u00e9tait pos\u00e9e en 1993 mais cet accord historique s\u2019est effondr\u00e9 le 4 novembre 1995 lorsque Yigal Amir, un militant de l\u2019extr\u00eame-droite sioniste isra\u00e9lienne, avait assassin\u00e9 Rabin de trois coups de feu.<\/span><\/p>\n<p><span style=\"color: #000000;\">L\u2019ironie de l\u2019histoire voudrait que le gouvernement isra\u00e9lien actuel soit compos\u00e9 d\u2019individus issus des m\u00eames groupuscules d\u2019extr\u00eame-droite que Yigal Amir. Parall\u00e8lement \u00e0 cela, Gaza a bascul\u00e9 sous le contr\u00f4le du Hamas, qui se distingue du Fatah de Mahmoud Abbas qui gouverne la Cisjordanie.<\/span><\/p>\n<p><span style=\"color: #000000;\">Cette scission entre deux Palestine, celle de Gaza et du Hamas et celle de la Cisjordanie et du Fatah, produit une situation profond\u00e9ment complexe. Isra\u00ebl a tent\u00e9 de normaliser ses relations avec le Hamas et Gaza depuis quelques ann\u00e9es en d\u00e9livrant notamment des permis de travail \u00e0 des milliers de Gazaouis et en laissant le Qatar acheminer du financement vers Gaza en passant par Isra\u00ebl \u2013 les sp\u00e9cialistes parlent d\u2019une somme mensuelle de $35 millions qui transitent par Isra\u00ebl dans des valises destin\u00e9e aux dirigeants du Hamas.<\/span><\/p>\n<p><span style=\"color: #000000;\">Ce \u00ab commerce \u00bb permettait \u00e0 Isra\u00ebl de garder la main sur Gaza, en alimentant le territoire de monnaie, tout en laissant le Qatar se porter garant de cet argent, ce qui produit une situation de d\u00e9pendance entre ces trois entit\u00e9s. Le gouvernement du Hamas utilisait d\u2019ailleurs cet argent pour op\u00e9rer les services publics dans la bande de Gaza. Mais tout cela s\u2019est arr\u00eat\u00e9 le 7 octobre dernier, et nous sommes aujourd\u2019hui plong\u00e9s dans une situation dont la volatilit\u00e9 est profond\u00e9ment inqui\u00e9tante.<\/span><\/p>\n<p><span style=\"color: #000000;\">Plusieurs voix s\u00e9rieuses s\u2019\u00e9l\u00e8vent depuis plusieurs jours pour exhorter Isra\u00ebl \u00e0 la retenue. D\u2019ailleurs, nous avons constat\u00e9 un \u00ab\u00a0shift\u00a0\u00bb dans la teneur des discours des dirigeants isra\u00e9liens, qui ne laissaient aucune place \u00e0 la moindre n\u00e9gociation dans l\u2019imm\u00e9diat de l\u2019attaque du Hamas.<\/span><\/p>\n<p><span style=\"color: #000000;\">Ils sont aujourd\u2019hui l\u00e9g\u00e8rement plus mesur\u00e9s, acceptant m\u00eame de r\u00e9tablir la fourniture d\u2019eau momentan\u00e9ment dans certaines r\u00e9gions de Gaza et demandant aux civils de la partie nord de la bande d\u2019\u00e9vacuer vers le sud avant que l\u2019arm\u00e9e n\u2019entame son op\u00e9ration au sol. Cette \u00e9vacuation concerne pr\u00e8s de 1,2 millions de personnes, quasiment la population mauricienne, et il semblerait que plusieurs centaines de milliers de Gazaouis aient r\u00e9ussi \u00e0 se diriger vers le sud.<\/span><\/p>\n<p style=\"text-align: center;\"><span style=\"color: #000000;\"><strong>Des centaines de morts dans une frappe sur un h\u00f4pital \u00e0 Gaza<\/strong><\/span><\/p>\n<p><span style=\"color: #000000;\">Les choses ont pris un tournant dramatique dans la nuit de mardi lorsqu\u2019un h\u00f4pital a \u00e9t\u00e9 la cible des missiles. Les autorit\u00e9s isra\u00e9liennes et le Hamas n\u2019arr\u00eatent pas de se renvoyer la balle dans l\u2019attribution des responsabilit\u00e9s, Isra\u00ebl d\u00e9mentant le fait qu\u2019il s\u2019agit d\u2019un tir isra\u00e9lien et le Hamas accusant l\u2019arm\u00e9e isra\u00e9lienne de bavure.<\/span><\/p>\n<p><span style=\"color: #000000;\">La frayeur des analystes chevronn\u00e9s \u00e9tait qu\u2019Isra\u00ebl ne d\u00e9passe une ligne rouge, qui n\u2019a jamais \u00e9t\u00e9 d\u00e9finie, qui ferait que le conflit passerait dans une autre dimension. Le bombardement de l\u2019h\u00f4pital \u00e0 Gaza, faisant plusieurs centaines de morts, pourrait bien appara\u00eetre comme une telle ligne rouge aux yeux d\u2019une grande partie du monde.<\/span><\/p>\n<p><span style=\"color: #000000;\">Si la preuve est apport\u00e9e qu\u2019il s\u2019agissait d\u2019une frappe isra\u00e9lienne, l\u2019argument sera d\u00e9montr\u00e9 que l\u2019arm\u00e9e isra\u00e9lienne ne distingue pas entre civils palestiniens et Hamas, tout comme les terroristes du Hamas ne distinguent pas entre civils isra\u00e9liens et \u00c9tat isra\u00e9lien. Cela laisse pr\u00e9sager le pire \u00e0 la veille d\u2019une intervention au sol de l\u2019arm\u00e9e isra\u00e9lienne.<\/span><\/p>\n<p><span style=\"color: #000000;\">Nous ne nous avancerons pas sur ce qui suivra l\u2019intervention au sol, mais nous pourrions deviner que l\u2019arm\u00e9e isra\u00e9lienne entrerait dans une guerre \u00e2pre faisant face \u00e0 des tactiques de \u00ab urban warfare \u00bb et de gu\u00e9rillas venant d\u2019un Hamas pr\u00eat \u00e0 en d\u00e9coudre.<\/span><\/p>\n<p><span style=\"color: #000000;\">L\u2019histoire militaire r\u00e9cente d\u00e9montre que ce genre de situation produit un seul cas de figure : un bourbier dont aucune arm\u00e9e ne peut s\u2019en sortir rapidement. Cela avait \u00e9t\u00e9 le cas pour l\u2019arm\u00e9e am\u00e9ricaine en Irak et en Afghanistan, par exemple.<\/span><\/p>\n<p><span style=\"color: #000000;\">L\u2019autre tendance serait celle \u00e9voqu\u00e9e plus haut\u00a0: une mondialisation du conflit. Le Pr\u00e9sident am\u00e9ricain Joe Biden a d\u00e9j\u00e0 mis l\u2019Iran en garde, ce qui n\u2019a pas emp\u00each\u00e9 le gouvernement iranien de positionner des missiles en Syrie et de tenter d\u2019ouvrir un front dans le nord d\u2019Isra\u00ebl en utilisant le Hezbollah. La r\u00e9ponse am\u00e9ricaine a \u00e9t\u00e9 de d\u00e9ployer un autre porte-avions, avec tout son contingent militaire en M\u00e9diterran\u00e9e, ce qui ne laisse pr\u00e9sager rien de bon.<\/span><\/p>\n<p><span style=\"color: #000000;\">Une issue existe-t-elle actuellement ? Il est difficile de l\u2019affirmer, mais il faudra observer comment l\u2019Arabie saoudite, la Chine, l\u2019Inde, la Russie et l\u2019Union africaine, eux, se positionnent. Ils ont \u00e9t\u00e9 plut\u00f4t discrets depuis le d\u00e9but de la guerre, ne faisant que condamner les attaques sur Isra\u00ebl et appeler Isra\u00ebl \u00e0 la retenue. Il se pourrait bien que leur intervention soit d\u00e9cisive dans le sc\u00e9nario actuel, donnant de facto au BRICS+ une capacit\u00e9 diplomatique qui pourrait \u00eatre bien plus efficace que toute action de l\u2019ONU.<\/span><\/p>\n<p><span style=\"color: #000000;\">Mais nous ne sommes pas encore l\u00e0.<\/span><\/p>\n<p style=\"text-align: center;\"><span style=\"color: #000000;\"><strong>* * *<\/strong><\/span><\/p>\n<p style=\"text-align: center;\"><span style=\"color: #000000;\"><strong>Privy Council <\/strong><strong>: cons\u00e9quences du jugement sur nos pratiques \u00e9lectorales<\/strong><\/span><\/p>\n<p><span style=\"color: #000000;\">Le jugement du Privy Council dans le cas opposant Suren Dayal \u00e0 Pravind Jugnauth et ses colistiers de la circonscription num\u00e9ro 8 est enfin tomb\u00e9. Les sp\u00e9culations allaient bon train sur l\u2019issue du jugement, apr\u00e8s un &#8220;hearing&#8221; qui ne semblait pas \u00eatre en faveur de la partie plaignante compte tenu des questions et de la posture des Law Lords pendant la s\u00e9ance. Les avis n\u2019h\u00e9sitaient pas \u00e0 avancer une issue favorable pour l\u2019actuel Premier ministre.<\/span><\/p>\n<p><span style=\"color: #000000;\">Donc, c\u2019est sans surprise r\u00e9elle que nous avons appris le contenu de la d\u00e9lib\u00e9ration des Law Lords lundi apr\u00e8s-midi. Le MSM avait d\u00e9j\u00e0 anticip\u00e9 une telle issue et avait d\u00e9ploy\u00e9 ses partisans \u00e0 son quartier g\u00e9n\u00e9ral au Sun Trust. Cette d\u00e9monstration de force se voulait \u00eatre une r\u00e9ponse forte aux congr\u00e8s de l\u2019alliance de l\u2019opposition. Et la teneur des discours (et notamment celui de Pravind Jugnauth) n\u2019a pas manqu\u00e9 d\u2019attaquer l\u2019opposition et sa d\u00e9marche.<\/span><\/p>\n<p><span style=\"color: #000000;\">Navin Ramgoolam a \u00e9galement r\u00e9agi en affirmant qu\u2019il respectait bien \u00e9videmment le jugement mais que ce dernier ne signifiait aucunement que les \u00e9lections de 2019 \u00e9taient \u00ab free and fair \u00bb.<\/span><\/p>\n<p><span style=\"color: #000000;\">Comme nous le disions la semaine derni\u00e8re, le d\u00e9fi pour les leaders de l\u2019alliance de l\u2019opposition parlementaire est de pouvoir exister dans une temporalit\u00e9 qui sera d\u00e9sormais dict\u00e9e par Pravind Jugnauth, et ce, en faisant \u00e9voluer leur rh\u00e9torique. D\u00e9sormais, il faudra changer de cap et proposer des politiques apportant des solutions aux probl\u00e8mes actuels des Mauriciens, dans une situation globale extr\u00eamement complexe. Cela pourrait repr\u00e9senter un d\u00e9fi certain pour ces trois partis dont les id\u00e9ologies et les ambitions politiques divergent parfois radicalement. Ces trois partis devraient donc se mettre au travail.<\/span><\/p>\n<p><span style=\"color: #000000;\">L\u2019importance du jugement rendu par le Privy Council d\u00e9passe de loin les ambitions politiques partisanes et s\u2019inscrit dans une culture nationale qui en sera influenc\u00e9e. En effet, en rejetant tous les points avanc\u00e9s par les avocats de Suren Dayal, le Privy Council a officiellement d\u00e9clar\u00e9 que la culture \u00e9lectorale mauricienne fonctionnait parfaitement bien pour les conditions politiques et sociales du pays. Et le rejet de tous les points avanc\u00e9s par les Law lords implique \u00e9galement qu\u2019aucune recommandation ne devrait s\u2019appliquer pour des r\u00e9formes \u00e9lectorales.<\/span><\/p>\n<p><span style=\"color: #000000;\">Relevons uniquement le fait que nous avons cette tendance et cette culture de la surench\u00e8re \u00e9lectorale. Cela fait partie int\u00e9grante du lib\u00e9ralisme mauricien o\u00f9 la libert\u00e9 de l\u2019expression politique prime sur la rationalit\u00e9 des propositions politiques. C\u2019est d\u2019ailleurs pour cela que nous voyons, tous azimuts, la multiplicit\u00e9 des partis politiques s\u2019engager dans la surench\u00e8re politique.<\/span><\/p>\n<p><span style=\"color: #000000;\">Est-ce qu\u2019il appartenait au Privy Council, une instance \u00ab hors sol \u00bb, de statuer sur cette culture ? Ou bien appartient-il plut\u00f4t \u00e0 la responsabilit\u00e9 des politiciens et au discernement de l\u2019\u00e9lectorat de proposer des politiques justes et r\u00e9alisables, d\u2019un c\u00f4t\u00e9, et de voter pour les propositions qui participent \u00e0 la construction du bien commun, de l\u2019autre ?<\/span><\/p>\n<p><span style=\"color: #000000;\">En rendant son verdict, le Privy Council a \u00e9galement t\u00e9moign\u00e9 de sa volont\u00e9 de ne pas s\u2019ing\u00e9rer dans cette culture \u00e9lectorale et dans l\u2019esprit lib\u00e9ral qui constitue son fondement. Apr\u00e8s tout, si nous n\u2019avons pas cette concurrence des promesses et des propositions pendant une campagne \u00e9lectorale, que resterait-il ? Ainsi, par-del\u00e0 le contexte politique actuel du jugement, nous devons poser une question bien plus profonde.<\/span><\/p>\n<ul>\n<li><span style=\"color: #000000;\">Si les partis politiques ne peuvent pas faire campagne sur des propositions de politique publique, alors sur quoi feront-ils campagne ?<\/span><\/li>\n<li><span style=\"color: #000000;\">Dans un pays o\u00f9 la donn\u00e9e identitaire est une cl\u00e9 de vo\u00fbte de la construction de l\u2019espace politique, sans proposition de politique publique, que reste-t-il donc \u00e0 d\u00e9battre dans cet espace, si ce n\u2019est que la question de la r\u00e9partition identitaire de ce m\u00eame espace\u00a0?<\/span><\/li>\n<\/ul>\n<p><span style=\"color: #000000;\">En d\u2019autres termes, des propositions de politique publique permettent aux partis politiques de proposer des choses universelles, qui concernent tous les Mauriciens. Sans cela, notre syst\u00e8me politique et \u00e9lectoral pourrait \u00eatre condamn\u00e9 \u00e0 ne devenir qu\u2019une lutte identitaire qui nous m\u00e8nerait dans un gouffre dont nous ne pourrions gu\u00e8re nous en extraire.<\/span><\/p>\n<p><span style=\"color: #000000;\">Peut-\u00eatre donc que le Privy Council, tout comme la Cour supr\u00eame de la R\u00e9publique de Maurice, ont eu raison de rejeter un cas qui aurait produit un pr\u00e9c\u00e9dent bien plus dangereux que le simple soup\u00e7on de corruption formul\u00e9 par les avocats de la partie plaignante.<\/span><\/p>\n<p style=\"text-align: center;\"><span style=\"color: #000000;\"><strong>* * *<\/strong><\/span><\/p>\n<p style=\"text-align: center;\"><span style=\"color: #000000;\"><strong>Un sommet pour marquer l\u2019anniversaire des 10 ans de la &#8216;Belt and Road Initiative&#8217;<br \/>\n<\/strong><\/span><\/p>\n<p style=\"text-align: left;\"><span style=\"color: #000000;\">Un sommet pour marquer les 10 ans de la &#8216;Belt and Road Initiative&#8217; (BRI) a \u00e9t\u00e9 organis\u00e9 cette semaine en Chine. Pr\u00e8s de 130 pays \u00e9taient repr\u00e9sent\u00e9s par diverses d\u00e9l\u00e9gations, mais l\u2019\u00e9v\u00e9nement majeur de ce sommet, c\u2019\u00e9tait la pr\u00e9sence de Vladimir Poutine \u00e0 P\u00e9kin.<\/span><\/p>\n<p><span style=\"color: #000000;\">Le pr\u00e9sident russe ne se d\u00e9place plus depuis le d\u00e9but de la guerre en Ukraine \u00e0 cause d\u2019un mandat d\u2019arr\u00eat de la Cour p\u00e9nale internationale (CPI) pour crimes de guerre contre lui. N\u00e9anmoins, une visite \u00e0 P\u00e9kin n\u2019implique pas un tel sc\u00e9nario \u00e9tant donn\u00e9 que la Chine n\u2019est pas signataire des accords permettant \u00e0 la CPI de sommer une arrestation.<\/span><\/p>\n<p><span style=\"color: #000000;\">C\u2019est ainsi qu&#8217;un Vladimir Poutine tout sourire est arriv\u00e9 en Chine pour rencontrer son \u00ab dear friend \u00bb Xi Jinping. Les deux hommes s\u2019\u00e9taient rencontr\u00e9s en personne en mars dernier lors d\u2019une visite officielle du pr\u00e9sident chinois en Russie. Cette derni\u00e8re rencontre avait \u00e9t\u00e9 extr\u00eamement cordiale. Une cam\u00e9ra a m\u00eame \u00e9t\u00e9 t\u00e9moin d\u2019un \u00e9change important entre Poutine et Xi, o\u00f9 ce dernier avait d\u00e9clar\u00e9 \u00e0 son homologue russe qu\u2019apr\u00e8s pr\u00e8s d\u2019un si\u00e8cle leurs deux pays \u00e9taient revenus sur le devant de la sc\u00e8ne internationale et qu\u2019ils allaient d\u00e9sormais pr\u00e9sider au destin de l\u2019avenir du monde.<\/span><\/p>\n<p><span style=\"color: #000000;\">Cet \u00e9change n\u2019avait pas manqu\u00e9 de faire le buzz \u00e0 l\u2019\u00e9poque.<\/span><\/p>\n<p><span style=\"color: #000000;\">De mani\u00e8re pragmatique, le pr\u00e9sident russe est \u00e0 P\u00e9kin pour discuter de projets d\u2019investissement avec son homologue chinois. La priorit\u00e9 actuelle de la Russie est la finalisation du projet Power of Siberia 2, un pipeline de 2,800 kms de long, qui acheminera du gaz russe vers le nord-est de la Chine. Les n\u00e9gociations sont \u00e0 un stade tr\u00e8s avanc\u00e9 et il ne reste plus que quelques d\u00e9tails \u00e0 r\u00e9gler entre les deux pays avant de trouver un accord final, qui pourrait bien \u00eatre annonc\u00e9 \u00e0 l&#8217;issue du sommet.<\/span><\/p>\n<p><span style=\"color: #000000;\">Ce pipeline s\u2019inscrit dans la strat\u00e9gie russe de diversifier encore plus les b\u00e9n\u00e9ficiaires de son gaz naturel. Pour rappel, la compagnie russe Gazprom est le plus grand distributeur de gaz naturel au monde, avec des revenus d\u00e9passant les $120 milliards annuellement.<\/span><\/p>\n<p style=\"text-align: left;\"><span style=\"color: #000000;\">La finalisation de ce pipeline rel\u00e8ve d\u2019une importance hautement strat\u00e9gique pour la Russie car elle ouvrira une deuxi\u00e8me voie d\u2019acheminement vers la Chine, donnant au gouvernement russe encore plus d\u2019ind\u00e9pendance par rapport aux exportations vers l\u2019Europe via les pipelines Nord Stream.<\/span><\/p>\n<p style=\"text-align: center;\"><span style=\"color: #000000;\"><strong>BRICS, ou l&#8217;alternative au monde occidental<\/strong><\/span><\/p>\n<p><span style=\"color: #000000;\">De mani\u00e8re plus profonde, un tel projet s\u2019inscrit dans la droite lign\u00e9e de cette attitude d\u00e9montr\u00e9e par le fameux \u00e9change entre Xi et Poutine en mars dernier. Depuis plusieurs ann\u00e9es, la Chine ne cache plus ses ambitions g\u00e9opolitiques sur le plan mondial. Au contraire, elle se positionne de plus en plus fermement comme une alternative au monde occidental, et la BRI s\u2019inscrit directement dans cette ambition.<\/span><\/p>\n<p><span style=\"color: #000000;\">De ce fait, la relation sino-russe rel\u00e8ve d\u2019une importance capitale pour les ambitions des deux pays. La Chine a besoin de la Russie pour consolider ses approvisionnements en \u00e9nergie et aussi pour peser sur les institutions du multilat\u00e9ralisme. Et la Russie, elle, a besoin de la Chine pour se lib\u00e9rer des sanctions occidentales et avoir une plus grande marge de man\u0153uvre sur l\u2019\u00e9chiquier mondial.<\/span><\/p>\n<p><span style=\"color: #000000;\">Xi Jinping n\u2019a d\u2019ailleurs jamais vraiment condamn\u00e9 ce que les Russes ont nomm\u00e9 &#8220;l\u2019intervention sp\u00e9ciale&#8221; en Ukraine, reconnaissant m\u00eame \u00e0 Poutine le droit l\u00e9gitime de prot\u00e9ger les Ukrainiens russophones et de consolider la s\u00e9curit\u00e9 de la Russie en face d\u2019un OTAN qui n\u2019a eu de cesse de gratter du terrain vers l\u2019est. Parall\u00e8lement, Vladimir Poutine affiche constamment son soutien \u00e0 l\u2019\u00e9mergence d\u2019un nouvel ordre mondial avec la Russie, la Chine et l\u2019Inde en t\u00eate de gondole. C\u2019est d\u2019ailleurs l\u00e0 tout l\u2019esprit de la cr\u00e9ation des BRICS et le sens premier du projet de d\u00e9dollarisation du p\u00e9trole et du gaz.<\/span><\/p>\n<p><span style=\"color: #000000;\">Ainsi, le sommet de la BRI semble plus se transformer en une op\u00e9ration de PR pour mettre \u00e0 l\u2019avant l\u2019entente extr\u00eamement cordiale entre Vladimir Poutine et Xi Jinping. Avec les troubles qui se d\u00e9roulent au Moyen-Orient, cette relation extr\u00eamement amicale rel\u00e8ve \u00e9galement d\u2019un enjeu s\u00e9curitaire pour le monde, surtout lorsque l\u2019on sait que la Russie entretient des liens forts avec l\u2019Iran.<\/span><\/p>\n<p><span style=\"color: #000000;\">Tout cela ne peut pas manquer de nous renvoyer \u00e0 ce fameux \u00e9change de mars dernier entre les deux hommes, \u00e9change qu\u2019ils ont pris soin de mettre en sc\u00e8ne afin que les cam\u00e9ras capturent l\u2019image. Oui, les ambitions chinoises et russes sont align\u00e9es. Et elles ne sont pas uniquement align\u00e9es dans une cause commune contre le bloc occidental. Elles sont \u00e9galement align\u00e9es dans leur volont\u00e9 de former un bloc qui aura les moyens de s\u00e9rieusement contester l\u2019h\u00e9g\u00e9monie s\u00e9curitaire, \u00e9conomique et institutionnelle du bloc occidental.<\/span><\/p>\n<hr \/>\n<p><span style=\"color: #800000;\">Mauritius Times ePaper Friday 20 October 2023<\/span><\/p>\n","protected":false},"excerpt":{"rendered":"<p>Eclairages<\/p>\n","protected":false},"author":424,"featured_media":38705,"comment_status":"open","ping_status":"open","sticky":false,"template":"","format":"standard","meta":{"jetpack_post_was_ever_published":false,"_jetpack_newsletter_access":"","_jetpack_dont_email_post_to_subs":false,"_jetpack_newsletter_tier_id":0,"_jetpack_memberships_contains_paywalled_content":false,"_jetpack_memberships_contains_paid_content":false,"footnotes":"","jetpack_publicize_message":"","jetpack_publicize_feature_enabled":true,"jetpack_social_post_already_shared":true,"jetpack_social_options":{"image_generator_settings":{"template":"highway","default_image_id":0,"font":"","enabled":false},"version":2}},"categories":[6,19379],"tags":[36546,40979,4484,6689,40976,16886,40988,915,5029,40985,40989,5517,40991,37146,37814,40987,4137,40984,37926,40986,28819,33522,36882,28828,11949,19044,40978,40975,36876,1988,9923,18069,8515,36,39549,4676,280,50,34720,40992,11298,40980,32394,40977,314,37846,40990,48,788,5287,10789,28361,40993,24653,2015,11739,33520,21950,32436,2197,40981,40983,40982],"class_list":["post-38704","post","type-post","status-publish","format-standard","has-post-thumbnail","hentry","category-latest-news","category-opinion","tag-a-bartleby","tag-accords-abraham","tag-afghanistan","tag-arabie-saoudite","tag-armee-israelienne","tag-belt-and-road-initiative","tag-bri","tag-brics","tag-chine","tag-cisjordanie","tag-cour-penale-internationale","tag-cour-supreme","tag-distributeur-de-gaz-naturel","tag-eclairages","tag-economiques","tag-etat-israelien","tag-europe","tag-fatah-de-mahmoud-abbas","tag-free-and-fair","tag-gazaouis","tag-gazprom","tag-geopolitique","tag-guerre-en-ukraine","tag-hamas","tag-hezbollah","tag-inde","tag-interets-securitaires","tag-invasion-imminente-de-gaza","tag-irak","tag-iran","tag-israel","tag-joe-biden","tag-mauriciens","tag-mauritius-times","tag-mediterranee","tag-moyen-orient","tag-msm","tag-navin-ramgoolam","tag-nord-stream","tag-occidental","tag-onu","tag-oslo","tag-otan","tag-palestiniens","tag-parti-travailliste","tag-pekin","tag-power-of-siberia-2","tag-pravind-jugnauth","tag-privy-council","tag-qatar","tag-republique-de-maurice","tag-russie","tag-sino-russe","tag-soudan","tag-sun-trust","tag-suren-dayal","tag-syrie","tag-union-africaine","tag-vladimir-poutine","tag-xi-jinping","tag-yasser-arafat","tag-yigal-amir","tag-yitzhak-rabin"],"jetpack_publicize_connections":[],"jetpack_featured_media_url":"https:\/\/i0.wp.com\/www.mauritiustimes.com\/mt\/wp-content\/uploads\/2023\/10\/Guerre-Hamas-Israel.jpg?fit=1200%2C671&ssl=1","jetpack_sharing_enabled":true,"jetpack_shortlink":"https:\/\/wp.me\/p8QzSF-a4g","_links":{"self":[{"href":"https:\/\/www.mauritiustimes.com\/mt\/wp-json\/wp\/v2\/posts\/38704","targetHints":{"allow":["GET"]}}],"collection":[{"href":"https:\/\/www.mauritiustimes.com\/mt\/wp-json\/wp\/v2\/posts"}],"about":[{"href":"https:\/\/www.mauritiustimes.com\/mt\/wp-json\/wp\/v2\/types\/post"}],"author":[{"embeddable":true,"href":"https:\/\/www.mauritiustimes.com\/mt\/wp-json\/wp\/v2\/users\/424"}],"replies":[{"embeddable":true,"href":"https:\/\/www.mauritiustimes.com\/mt\/wp-json\/wp\/v2\/comments?post=38704"}],"version-history":[{"count":0,"href":"https:\/\/www.mauritiustimes.com\/mt\/wp-json\/wp\/v2\/posts\/38704\/revisions"}],"wp:featuredmedia":[{"embeddable":true,"href":"https:\/\/www.mauritiustimes.com\/mt\/wp-json\/wp\/v2\/media\/38705"}],"wp:attachment":[{"href":"https:\/\/www.mauritiustimes.com\/mt\/wp-json\/wp\/v2\/media?parent=38704"}],"wp:term":[{"taxonomy":"category","embeddable":true,"href":"https:\/\/www.mauritiustimes.com\/mt\/wp-json\/wp\/v2\/categories?post=38704"},{"taxonomy":"post_tag","embeddable":true,"href":"https:\/\/www.mauritiustimes.com\/mt\/wp-json\/wp\/v2\/tags?post=38704"}],"curies":[{"name":"wp","href":"https:\/\/api.w.org\/{rel}","templated":true}]}}