{"id":38232,"date":"2023-09-01T18:41:38","date_gmt":"2023-09-01T14:41:38","guid":{"rendered":"http:\/\/www.mauritiustimes.com\/mt\/?p=38232"},"modified":"2023-12-09T17:49:39","modified_gmt":"2023-12-09T13:49:39","slug":"situation-politique-la-marmite-chauffe","status":"publish","type":"post","link":"https:\/\/www.mauritiustimes.com\/mt\/situation-politique-la-marmite-chauffe\/","title":{"rendered":"Situation politique : la marmite chauffe !"},"content":{"rendered":"<h4 style=\"text-align: center;\"><span style=\"color: #800000;\"><u>Eclairages<\/u><\/span><!--more--><\/h4>\n<p><span style=\"color: #000080;\"><strong>Par A. Bartleby<\/strong><\/span><\/p>\n<p><span style=\"color: #000000;\">L&#8217;ar\u00e8ne politique est particuli\u00e8rement mouvement\u00e9e depuis quelques temps, et ce, depuis la concr\u00e9tisation de l&#8217;alliance PTr-MMM-PMSD pour \u00eatre plus pr\u00e9cis. Il y a comme un parfum d&#8217;\u00e9lections dans l&#8217;air et, m\u00eame si la temporalit\u00e9 des prochaines \u00e9ch\u00e9ances \u00e9lectorales sont encore incertaines, il est clair que le <em>&#8220;build-up&#8221; <\/em>(la mise en place) a commenc\u00e9 et que la marmite commence \u00e0 chauffer.<\/span><\/p>\n<p><span style=\"color: #000000;\"><img data-recalc-dims=\"1\" loading=\"lazy\" decoding=\"async\" data-attachment-id=\"38233\" data-permalink=\"https:\/\/www.mauritiustimes.com\/mt\/situation-politique-la-marmite-chauffe\/e-opposition-2\/\" data-orig-file=\"https:\/\/i0.wp.com\/www.mauritiustimes.com\/mt\/wp-content\/uploads\/2023\/09\/E-Opposition-2.jpg?fit=1200%2C735&amp;ssl=1\" data-orig-size=\"1200,735\" data-comments-opened=\"1\" data-image-meta=\"{&quot;aperture&quot;:&quot;0&quot;,&quot;credit&quot;:&quot;&quot;,&quot;camera&quot;:&quot;&quot;,&quot;caption&quot;:&quot;&quot;,&quot;created_timestamp&quot;:&quot;0&quot;,&quot;copyright&quot;:&quot;&quot;,&quot;focal_length&quot;:&quot;0&quot;,&quot;iso&quot;:&quot;0&quot;,&quot;shutter_speed&quot;:&quot;0&quot;,&quot;title&quot;:&quot;&quot;,&quot;orientation&quot;:&quot;0&quot;}\" data-image-title=\"E-Opposition-2\" data-image-description=\"\" data-image-caption=\"\" data-large-file=\"https:\/\/i0.wp.com\/www.mauritiustimes.com\/mt\/wp-content\/uploads\/2023\/09\/E-Opposition-2.jpg?fit=640%2C392&amp;ssl=1\" class=\"aligncenter size-full wp-image-38233\" src=\"https:\/\/i0.wp.com\/www.mauritiustimes.com\/mt\/wp-content\/uploads\/2023\/09\/E-Opposition-2.jpg?resize=640%2C392&#038;ssl=1\" alt=\"\" width=\"640\" height=\"392\" srcset=\"https:\/\/i0.wp.com\/www.mauritiustimes.com\/mt\/wp-content\/uploads\/2023\/09\/E-Opposition-2.jpg?w=1200&amp;ssl=1 1200w, https:\/\/i0.wp.com\/www.mauritiustimes.com\/mt\/wp-content\/uploads\/2023\/09\/E-Opposition-2.jpg?resize=300%2C184&amp;ssl=1 300w, https:\/\/i0.wp.com\/www.mauritiustimes.com\/mt\/wp-content\/uploads\/2023\/09\/E-Opposition-2.jpg?resize=1024%2C627&amp;ssl=1 1024w, https:\/\/i0.wp.com\/www.mauritiustimes.com\/mt\/wp-content\/uploads\/2023\/09\/E-Opposition-2.jpg?resize=768%2C470&amp;ssl=1 768w\" sizes=\"auto, (max-width: 640px) 100vw, 640px\" \/><\/span><\/p>\n<p style=\"text-align: center;\"><span style=\"color: #000000;\"><strong>Bourde informatique de la commission \u00e9lectorale<\/strong><\/span><\/p>\n<p><span style=\"color: #000000;\">En t\u00e9moigne la bourde r\u00e9cente de la commission \u00e9lectorale concernant la liste des \u00e9lecteurs de la circonscription num\u00e9ro 5 (Pamplemousses\/Triolet). En effet, la commission \u00e9lectorale a publi\u00e9 les statistiques des listes \u00e9lectorales la semaine derni\u00e8re, ce qui a tout de suite pouss\u00e9 le PTr \u00e0 monter au cr\u00e9neau pour crier au scandale.<\/span><\/p>\n<p><span style=\"color: #000000;\">Les Travaillistes ont remarqu\u00e9 une anomalie importante sur cette liste o\u00f9 le nombre d&#8217;\u00e9lecteurs a augment\u00e9 de pr\u00e8s de 3000 entre le recensement de 2022 et celui de 2023. Il y a m\u00eame plus\u00a0: les noms de certains \u00e9lecteurs auraient \u00e9t\u00e9 aussi chang\u00e9s.<\/span><\/p>\n<p><span style=\"color: #000000;\">La commission \u00e9lectorale n&#8217;a pas r\u00e9agi imm\u00e9diatement mais a rapidement d\u00fb avouer qu&#8217;il y avait effectivement eu une erreur dans le logiciel informatique qui g\u00e8re les listes \u00e9lectorales. Ainsi, le fameux logiciel serait responsable des noms \u00e9dit\u00e9s et de l&#8217;anomalie li\u00e9e aux chiffres.<\/span><\/p>\n<p><span style=\"color: #000000;\">Est-ce que c&#8217;est vraiment le cas ? Tant que la commission \u00e9lectorale ne d\u00e9montre pas, avec des preuves \u00e0 l&#8217;appui, qu&#8217;il s&#8217;agissait effectivement d&#8217;une erreur de logiciel, le doute sur l&#8217;int\u00e9grit\u00e9 de cette m\u00eame commission risque de s&#8217;accro\u00eetre.<\/span><\/p>\n<p><span style=\"color: #000000;\">Il est ind\u00e9niable que la commission \u00e9lectorale se trouve en premi\u00e8re ligne de certaines critiques depuis les \u00e9lections de 2019. Entre certaines pratiques dites novatrices, mises en place en 2019, des bulletins retrouv\u00e9s dans la nature ou encore le fameux cas du T-Square, l&#8217;institution pr\u00e9sid\u00e9e par Irfan Raman n&#8217;a pas \u00e9t\u00e9 \u00e9pargn\u00e9e des soup\u00e7ons des politiques et des citoyens.<\/span><\/p>\n<p><span style=\"color: #000000;\">D&#8217;ailleurs, Navin Ramgoolam n&#8217;a jamais cess\u00e9 de se r\u00e9f\u00e9rer \u00e0 la Commission \u00e9lectorale dans ses all\u00e9gations de trucage des derni\u00e8res \u00e9lections. Nous verrons bien ce que le Privy Council rendra comme jugement, mais tout l&#8217;argumentaire de Ramgoolam s&#8217;est jusqu&#8217;\u00e0 pr\u00e9sent heurt\u00e9 \u00e0 la r\u00e9alit\u00e9 du droit, et rien ne laisse pr\u00e9sager que cela pourrait changer.<\/span><\/p>\n<p><span style=\"color: #000000;\">En tout cas, il est certain que l&#8217;image de la commission \u00e9lectorale doit \u00eatre refaite et que Irfan Raman doit \u00eatre p\u00e9dagogique en expliquant et en rassurant les \u00e9lecteurs \u00e0 propos des proc\u00e9dures et des dispositions qui seront mises en place pour les prochaines \u00e9lections g\u00e9n\u00e9rales.<\/span><\/p>\n<p style=\"text-align: center;\"><span style=\"color: #000000;\"><strong>Bhadhain d\u00e9fie Ramgoolam<\/strong><\/span><\/p>\n<p><span style=\"color: #000000;\">On aurait pu penser que la concr\u00e9tisation de l&#8217;alliance PTr-MMM-PMSD aurait provoqu\u00e9 une certaine inqui\u00e9tude du c\u00f4t\u00e9 du gouvernement, d&#8217;o\u00f9 la surprise que ce soit Roshi Bhadain qui ne cesse de gesticuler dans tous les sens depuis l&#8217;annonce de cette alliance. Roshi Bhadain semble ainsi \u00eatre devenu un \u00e9lectron libre en faisant feu de tout bois et en tirant dans tous les sens.<\/span><\/p>\n<p><span style=\"color: #000000;\">Comme \u00e9voqu\u00e9 il y a quelques semaines, le positionnement politique de Roshi Bhadain est extr\u00eamement complexe dans la configuration actuelle. Bien que voulant repr\u00e9senter l&#8217;option &#8220;Ni Navin, ni Pravind&#8221;, il est clair qu&#8217;il n&#8217;a pas encore la base politique qui lui permettrait de camper sur cette posture de mani\u00e8re s\u00e9rieuse. Du coup, il fait ce qu&#8217;il a toujours fait\u00a0: du bruit.<\/span><\/p>\n<p><span style=\"color: #000000;\">Sa derni\u00e8re trouvaille est d&#8217;avoir lanc\u00e9 un d\u00e9fi \u00e0 Navin Ramgoolam pour un face-\u00e0-face \u00e0 la radio. Ramgoolam a r\u00e9torqu\u00e9 que son adversaire \u00e9tait Pravind Jugnauth et non Roshi Bhadain, impliquant qu&#8217;il ne r\u00e9pondrait pas favorablement au d\u00e9fi lanc\u00e9 par Bhadain. Il serait d&#8217;ailleurs sage pour lui de ne pas entrer dans ce jeu.<\/span><\/p>\n<p><span style=\"color: #000000;\">Il semble de plus en plus clair que Roshi Bhadain va concentrer ses attaques sur l&#8217;opposition parlementaire. Certains y voient le fait qu&#8217;il aurait peut-\u00eatre fait un deal avec le MSM, mais la r\u00e9alit\u00e9 est beaucoup plus simple que cela. En r\u00e9alit\u00e9, Bhadain n&#8217;a aucun autre choix que de taper sur le PTr, et sur l&#8217;alliance de l&#8217;opposition, puisqu&#8217;il doit pouvoir conserver l&#8217;option d&#8217;un rapprochement de derni\u00e8re minute avec le MSM.<\/span><\/p>\n<p><span style=\"color: #000000;\">Il est absolument clair que le PTr rejettera tout rapprochement avec le Reform Party (RP) car il est, selon eux, le principal responsable de l&#8217;effondrement de la BAI. Nous nous souvenons tous des liens d&#8217;amiti\u00e9 \u00e9troits que Navin Ramgoolam entretenait avec Dawood Rawat, certaines personnes attribuant m\u00eame la mont\u00e9e en puissance de la BAI \u00e0 cette &#8220;relation privil\u00e9gi\u00e9e&#8221;.<\/span><\/p>\n<p><span style=\"color: #000000;\">Ainsi, un rapprochement avec le PTr rel\u00e8ve de l&#8217;impossible pour Bhadain, d&#8217;o\u00f9 le fait que Ramgoolam soit sa cible privil\u00e9gi\u00e9e. Est-ce que cela signifie qu&#8217;il peut envisager un rapprochement avec le MSM ? Rien n&#8217;est impossible en politique, mais Pravind Jugnauth n&#8217;a \u00e9galement pas int\u00e9r\u00eat \u00e0 se rapprocher du RP. Bien au contraire, en laissant Roshi Bhadain dans la situation actuelle o\u00f9 il doit se d\u00e9battre dans tous les sens pour exister, Pravind Jugnauth a peut-\u00eatre trouv\u00e9 son meilleur agent politique.<\/span><\/p>\n<p><span style=\"color: #000000;\">Ainsi le leader du MSM doit juste laisser Bhadain tenter de pousser l&#8217;opposition dans le pi\u00e8ge qu&#8217;il essaye de lui tendre. \u00c0 force d&#8217;attaquer et de faire du bruit, les partis de l&#8217;opposition vont forc\u00e9ment devoir entrer dans le jeu de Bhadain. En faisant cela, ils auront mordu \u00e0 un hame\u00e7on qu&#8217;ils auront du mal \u00e0 se d\u00e9faire car Roshi Bhadain a une immense qualit\u00e9 politique, qui est de ne pas l\u00e2cher lorsqu&#8217;il mord.<\/span><\/p>\n<p><span style=\"color: #000000;\">C&#8217;est d&#8217;ailleurs pour cela que Navin Ramgoolam refusera tout d\u00e9bat avec le leader du Reform Party. Il sait parfaitement bien que c&#8217;est un pi\u00e8ge dans lequel il ne faut pas s&#8217;engouffrer. Est-ce que les deux autres partis qui composent l&#8217;alliance r\u00e9sisteront aussi \u00e0 la tentation de r\u00e9pondre aux attaqu\u00e9 r\u00e9p\u00e9t\u00e9es de Bhadain?<\/span><\/p>\n<p>Vu le positionnement \u00e9lectoral du leader du RP, il parait \u00e9vident qu&#8217;il ira frontalement vers un clash avec le MMM \u00e0 <span style=\"color: #000000;\">un moment donn\u00e9 car son alli\u00e9 Patrick Belcourt et lui-m\u00eame lorgnent les deux seuls bastions qui restent au parti mauve et la conqu\u00eate des circonscriptions 19 et 20 sont les tremplins dont ils auront besoin pour se sortir de la situation dans laquelle ils se trouvent actuellement.<\/span><\/p>\n<p style=\"text-align: center;\"><span style=\"color: #000000;\"><strong>Remaniement minist\u00e9riel et arrestation de Dhaliah<\/strong><\/span><\/p>\n<p style=\"text-align: left;\"><span style=\"color: #000000;\">Dans un \u00e9pisode rocambolesque, digne des plus grandes com\u00e9dies, l&#8217;avocat Ravi Rutnah a anim\u00e9 une conf\u00e9rence de presse o\u00f9 il a ouvertement attaqu\u00e9 l&#8217;ICAC et le ministre Maneesh Gobin. Cet exercice de sauvetage de son client dans l&#8217;affaire du chass\u00e9 \u00e0 Grand Bassin aura eu l&#8217;effet d&#8217;une bombe. En l&#8217;espace de quelques jours, Rajanah Dhaliah a d\u00fb d\u00e9missionner en tant que PPS et a \u00e9t\u00e9 plac\u00e9 en \u00e9tat d&#8217;arrestation par l&#8217;ICAC ce jeudi. De plus, le Premier ministre a m\u00eame d\u00e9cid\u00e9 d&#8217;aller de l&#8217;avant avec un remaniement minist\u00e9riel. <\/span><\/p>\n<p><span style=\"color: #000000;\">Cela faisait un moment qu&#8217;un remaniement minist\u00e9riel \u00e9tait \u00e9voqu\u00e9, avec des bruits de couloir circulant ici et l\u00e0. En annon\u00e7ant un remaniement \u00e9clair mercredi apr\u00e8s-midi, avec une prestation de serment presque imm\u00e9diate des deux nouveaux ministres, Pravind Jugnauth aura agi rapidement. <\/span><\/p>\n<p><span style=\"color: #000000;\">\u00c0 y regarder de plus pr\u00e8s, il ne s&#8217;agit pas d&#8217;un remaniement en profondeur. Loin de l\u00e0 m\u00eame. Mais ce remaniement aura tout de m\u00eame quelques m\u00e9rites que l&#8217;opposition ferait bien de ne pas sous-estimer. <\/span><\/p>\n<p><span style=\"color: #000000;\">En bougeant Maneesh Gobin du minist\u00e8re de l&#8217;agriculture et en l&#8217;envoyant aux minist\u00e8re des affaires \u00e9trang\u00e8res, Pravind Jugnauth rel\u00e8ve le secr\u00e9taire-g\u00e9n\u00e9ral de son parti du front des attaques.<\/span><\/p>\n<p><span style=\"color: #000000;\">Gobin sera-t-il lui aussi convoqu\u00e9 par l&#8217;ICAC ? Sans doute, mais il ne sera plus ministre de l&#8217;agriculture lorsque ce sera le cas. Cela peu sembler anodin, mais a son importance par rapport \u00e0 la perception d&#8217;une grande partie de l&#8217;\u00e9lectorat. Sans preuves tangibles et concr\u00e8tes d\u00e9pos\u00e9es \u00e0 ce jour, Gobin n&#8217;\u00e9tait pas forc\u00e9 de d\u00e9missionner mais il se devait de quitter le si\u00e8ge du minist\u00e8re de l&#8217;agriculture. <\/span><\/p>\n<p><span style=\"color: #000000;\">Il faut \u00e9galement noter la nomination de Dorine Chukowry au minist\u00e8re du commerce et Anjiv Ramdhany \u00e0 la fonction publique. Ces deux nouveaux arriv\u00e9s au conseil des ministres donnent \u00e0 penser qu\u2019il s\u2019agirait de d\u00e9cisions tactiques qui pourraient s&#8217;av\u00e9rer payantes dans les circonscriptions 1 et 6, o\u00f9 le MSM doit consolider des si\u00e8ges pour les prochaines l\u00e9gislatives. Ce coup pourrait ainsi s&#8217;av\u00e9rer pertinent, surtout au niveau des obligations de repr\u00e9sentativit\u00e9. <\/span><\/p>\n<p><span style=\"color: #000000;\">Enfin, il ne faut pas occulter la nomination de 4 PPS suppl\u00e9mentaires, augmentant le nombre de PPS \u00e0 un total de 8. Ils sont \u00e9galement tous issus du MSM, aucun des autres partenaires de l&#8217;alliance gouvernementale ne positionnant ses pions. Les PPS sont des d\u00e9put\u00e9s dont la fonction est extr\u00eamement importante puisque ce sont eux qui consolident le lien entre le terrain des circonscriptions et les minist\u00e8res.<\/span><\/p>\n<p><span style=\"color: #000000;\">Ainsi, \u00e0 un peu plus d&#8217;une ann\u00e9e des prochaines \u00e9ch\u00e9ances \u00e9lectorales, la nomination de 8 PPS envoie un signal clair du c\u00f4t\u00e9 du MSM : la strat\u00e9gie \u00e9lectorale commence \u00e0 se mettre en place. <\/span><\/p>\n<p><span style=\"color: #000000;\">Nous pouvons ainsi deviner que ce remaniement, bien que n&#8217;offrant aucun changement de cap pour le gouvernement, a \u00e9t\u00e9 pens\u00e9 avec les prochaines \u00e9lections en ligne de mire. L&#8217;alliance PTr-MMM-PMSD a commenc\u00e9 \u00e0 montrer ses cartes\u00a0; le MSM en fait de m\u00eame. <\/span><\/p>\n<p><span style=\"color: #000000;\">Un signal est envoy\u00e9 \u00e0 l&#8217;opposition du moins. Que le gouvernement se pr\u00e9pare \u00e0 enclencher la machinerie et que l&#8217;occupation du terrain sera importante pour la derni\u00e8re ann\u00e9e du mandat.<\/span><\/p>\n<p><span style=\"color: #000000;\">Ne nous y m\u00e9prenons pas\u00a0! Malgr\u00e9 ce remaniement, il parait clair que Pravind Jugnauth prendra tout son temps pour aller aux prochaines \u00e9lections et l&#8217;Opposition qui semblait compter sur une pression constante sur le gouvernement pour annoncer des \u00e9lections anticip\u00e9es pourrait bien \u00eatre prise au d\u00e9pourvu.<\/span><\/p>\n<p><span style=\"color: #000000;\">Il reste encore 15 mois avant la dissolution naturelle de l&#8217;Assembl\u00e9e nationale. L\u2019objectif de ce remaniement est de consolider certaines circonscriptions et d&#8217;occuper le terrain\u2026 Donc maintenant, c&#8217;est \u00e0 l&#8217;opposition de trouver le moyen de rameuter ses troupes pendant 15 mois. <\/span><\/p>\n<p><span style=\"color: #000000;\">On dit qu&#8217;une semaine, c&#8217;est long en politique. Imaginez ce que doivent \u00eatre 15 mois\u2026<\/span><\/p>\n<p style=\"text-align: center;\"><span style=\"color: #000000;\"><strong>* * *<\/strong><\/span><\/p>\n<p style=\"text-align: center;\"><span style=\"color: #000000;\"><strong>Christine Lagarde : les transformations de l&#8217;\u00e9conomie mondiale risquent d&#8217;alimenter l&#8217;inflation<\/strong><\/span><\/p>\n<p>&nbsp;<\/p>\n<p><span style=\"color: #000000;\">Christine Lagarde, l&#8217;actuelle patronne de la Banque centrale europ\u00e9enne (BCE) et l&#8217;ancienne patronne du Fond mon\u00e9taire international (FMI), a fait une sortie remarqu\u00e9e cette semaine en affirmant que les transformations actuelles de l&#8217;\u00e9conomie mondiale pourrait continuer \u00e0 alimenter l&#8217;inflation.<\/span><\/p>\n<p><span style=\"color: #000000;\">L&#8217;\u00e9conomie mondiale se trouve, selon elle, dans une situation complexe. Les transformations du march\u00e9 du travail, la cr\u00e9ation de nouveaux besoins en mati\u00e8re d&#8217;investissements et les divisions g\u00e9opolitiques produisent ainsi des formes accrues de protectionnisme et des contraintes au niveau des cha\u00eenes d&#8217;approvisionnement des mati\u00e8res premi\u00e8res et des marchandises. Ce nouvel environnement ouvrirait ainsi la voie \u00e0 des chocs de prix qui pourraient \u00eatre plus importants que les ph\u00e9nom\u00e8nes similaires d&#8217;avant la pand\u00e9mie.<\/span><\/p>\n<p><span style=\"color: #000000;\">La patronne de la BCE pr\u00f4ne ainsi une prudence des banques centrales. Elle adresse ainsi les critiques qui consid\u00e8rent qu&#8217;elle a adopt\u00e9 une approche trop punitive pour la zone euro en augmentant le taux d&#8217;int\u00e9r\u00eat de mani\u00e8re significative depuis qu&#8217;elle est en poste.<\/span><\/p>\n<p><span style=\"color: #000000;\">En fait, Christine Lagarde applique une recette test\u00e9e pour faire face \u00e0 l&#8217;inflation\u00a0: augmenter les taux d&#8217;int\u00e9r\u00eats afin de tenter de ralentir la progression de l&#8217;inflation.<\/span><\/p>\n<p><span style=\"color: #000000;\">Cette recette a plus ou moins bien fonctionn\u00e9 dans la r\u00e9alit\u00e9, avec des projections optimistes pour la fin de cette ann\u00e9e. Mais elle a \u00e9galement un co\u00fbt important sur la productivit\u00e9 et sur la capacit\u00e9 des industries et des entreprises \u00e0 investir actuellement, affectant ainsi leur comp\u00e9titivit\u00e9 sur le march\u00e9 mondial.<\/span><\/p>\n<p><span style=\"color: #000000;\">Mais par-del\u00e0 ces questions, le <em>timing<\/em> de cette sortie de Lagarde n&#8217;est pas du tout anodin, avec la confirmation de l&#8217;\u00e9largissement des BRICS \u00e0 six membres suppl\u00e9mentaires et la d\u00e9dollarisation en ligne de mire.<\/span><\/p>\n<p><span style=\"color: #000000;\">Il est absolument certain que la concr\u00e9tisation de nouvelles alliances g\u00e9opolitiques et l&#8217;aboutissement de projets parall\u00e8les au syst\u00e8me occidental auront un impact important sur la mondialisation, et donc sur le march\u00e9 mondial.<\/span><\/p>\n<p><span style=\"color: #000000;\">Le projet de d\u00e9dollarisation, par exemple, m\u00eame si nous n&#8217;en connaissons pas encore la forme et la mani\u00e8re dont cela sera men\u00e9, envoie un signal fort au monde. Par-del\u00e0 la volont\u00e9 d&#8217;une \u00e9mancipation de certains pays de la mondialisation actuelle, un tel projet comporte forc\u00e9ment des risques pour l&#8217;\u00e9conomie mondiale et pourrait effectivement introduire une instabilit\u00e9 croissante dans la mondialisation.<\/span><\/p>\n<p><span style=\"color: #000000;\">Christine Largarde \u00e9voque une instabilit\u00e9 \u00e9conomique, mais nous ne devons pas sous-estimer les potentiels d&#8217;instabilit\u00e9 s\u00e9curitaire \u00e9galement (ce qui aura forc\u00e9ment un impact sur l&#8217;\u00e9conomie mondiale).<\/span><\/p>\n<p><span style=\"color: #000000;\">Ce qui est en tout cas certain, c&#8217;est que nous entrons dans une phase complexe du d\u00e9veloppement historique de la mondialisation et la mise en garde de Christine Lagarde doit \u00eatre per\u00e7ue comme une volont\u00e9 de prudence que les gouvernements feraient bien de suivre.<\/span><\/p>\n<p style=\"text-align: center;\"><span style=\"color: #000000;\"><strong>* * *<\/strong><\/span><\/p>\n<p style=\"text-align: center;\"><span style=\"color: #000000;\"><strong>Mort d&#8217;Evgueni Prigojine dans un crash d&#8217;avion &#8230;<\/strong><\/span><\/p>\n<p><span style=\"color: #000000;\">Evgueni Prigojine, le patron de la milice Wagner, est mort dans le crash de son avion priv\u00e9 la semaine derni\u00e8re.<\/span><\/p>\n<p><span style=\"color: #000000;\">Prigojine avait r\u00e9cemment fait l&#8217;actualit\u00e9 gr\u00e2ce \u00e0 sa spectaculaire remont\u00e9e vers Moscou. En effet, d\u00e9sabus\u00e9 du manque de soutien logistique de la part de l&#8217;arm\u00e9e russe sur le front ukrainien, Prigojine avait ouvertement d\u00e9fi\u00e9 Vladimir Poutine en menant ses troupes vers Moscou dans une tentative de coup.<\/span><\/p>\n<p><span style=\"color: #000000;\">L&#8217;avanc\u00e9e de Wagner fut stopp\u00e9e nette \u00e0 un peu plus de 300 kilom\u00e8tres de la capitale russe, et Prigojine accepta les termes propos\u00e9s par Poutine et se retira en G\u00e9orgie pour un exil qui se voulait discret.<\/span><\/p>\n<p><span style=\"color: #000000;\">Sauf que Prigojine a rapidement fait parler de lui, il y a quelques semaines, en \u00e9tant pr\u00e9sent au Niger lors du coup qui a \u00e9vinc\u00e9 le Pr\u00e9sident d\u00e9mocratiquement \u00e9lu Mohamed Bazoum en faveur d&#8217;une junte militaire. Cette situation bizarre avait pouss\u00e9 les m\u00e9dias internationaux \u00e0 se demander si les relations entre Prigojine et Poutine s&#8217;\u00e9taient r\u00e9chauff\u00e9es, les deux hommes trouvant un int\u00e9r\u00eat certain dans leur collaboration.<\/span><\/p>\n<p><span style=\"color: #000000;\">Mais il semblerait qu&#8217;il n&#8217;en est rien. La mort tragique de Prigojine laisse planer un r\u00e9el soup\u00e7on sur l&#8217;implication de Poutine. Nous ne saurons sans doute jamais si le pr\u00e9sident russe a ordonn\u00e9 la liquidation de Prigojine ou non, mais il est certain que la disparition de ce dernier enl\u00e8ve une sacr\u00e9e \u00e9pine du pied de Poutine.<\/span><\/p>\n<p><span style=\"color: #000000;\">D&#8217;ailleurs, les medias internationaux semblent avoir d\u00e9j\u00e0 condamn\u00e9 Poutine avant m\u00eame que la moindre preuve ne soit apport\u00e9e contre lui. Il faut avouer que la mort de Prigojine appara\u00eet comme la conclusion d&#8217;une s\u00e9rie de d\u00e9missions, de disparitions et de transferts au sein des diff\u00e9rents services de s\u00e9curit\u00e9 russes.<\/span><\/p>\n<p><span style=\"color: #000000;\">En effet, plusieurs hauts grad\u00e9s de l&#8217;arm\u00e9e russe &#8211; ayant \u00e9t\u00e9 soup\u00e7onn\u00e9s de comploter contre Poutine &#8211; ont litt\u00e9ralement disparu des radars depuis quelques semaines. Il en va de m\u00eame pour certains hauts fonctionnaires et des hauts responsables du parti.<\/span><\/p>\n<p><span style=\"color: #000000;\">Plusieurs experts de la Russie y ont d&#8217;ailleurs d\u00e9cel\u00e9 un <em>pattern<\/em>, certaines caract\u00e9ristiques, qui n&#8217;est pas sans rappeler les grandes heures du stalinisme, toutes proportions gard\u00e9es. Dans ce cas, a priori, nous sommes tr\u00e8s loin des purges stalinistes\u00a0; mais il semble que Poutine ait proc\u00e9d\u00e9 bel et bien \u00e0 une purge de l&#8217;appareil d&#8217;\u00c9tat, dont la fonction \u00e9tait d&#8217;\u00e9liminer tous les \u00e9l\u00e9ments r\u00e9calcitrants \u00e0 la guerre en Ukraine et de renforcer la concentration des pouvoirs entre les mains d\u2019un seul homme.<\/span><\/p>\n<p><span style=\"color: #000000;\">Ainsi, la mort de Prigojine ach\u00e8ve un processus dont la fonction est d&#8217;envoyer un message clair et sans ambigu\u00eft\u00e9 aux Russes : on ne s&#8217;oppose pas \u00e0 Vladimir Poutine sans en subir les cons\u00e9quences. S&#8217;agit-il d&#8217;un basculement inqui\u00e9tant de Poutine vers un fanatisme totalitaire ? Cela impliquerait un manque de rationalit\u00e9 de la part d&#8217;un homme dont la froideur du calcul politique n&#8217;a eu aucun \u00e9gal dans l&#8217;histoire r\u00e9cente de la Russie.<\/span><\/p>\n<p><span style=\"color: #000000;\">Non, Poutine sait parfaitement bien ce qu&#8217;il fait car il a appris la le\u00e7on fondamentale de la strat\u00e9gie politique : il vaut mieux \u00eatre craint que d&#8217;\u00eatre aim\u00e9.<\/span><\/p>\n<p><span style=\"color: #000000;\">Mais Vladimir Poutine devrait \u00e9galement se rappeler d&#8217;une autre grande le\u00e7on de la strat\u00e9gie politique : qui vit de combattre un ennemi a tout int\u00e9r\u00eat de le laisser en vie.<\/span><\/p>\n<p><span style=\"color: #000000;\">Ainsi, avec la disparition de Prigojine, Poutine s&#8217;expose \u00e0 un autre probl\u00e8me qui est celui du fant\u00f4me de Prigojine qui a \u00e9t\u00e9 le seul homme \u00e0 lui tenir t\u00eate de mani\u00e8re s\u00e9rieuse. Et, en faisant de Prigojine un martyr, Poutine pourrait tr\u00e8s bien se retrouver en face d&#8217;un probl\u00e8me beaucoup plus grand que dans le cas o\u00f9 un seul homme fait de la r\u00e9sistance.<\/span><\/p>\n<hr \/>\n<p><span style=\"color: #800000;\">Mauritius Times ePaper Friday 1 September 2023<\/span><\/p>\n","protected":false},"excerpt":{"rendered":"<p>Eclairages<\/p>\n","protected":false},"author":424,"featured_media":38233,"comment_status":"open","ping_status":"open","sticky":false,"template":"","format":"standard","meta":{"jetpack_post_was_ever_published":false,"_jetpack_newsletter_access":"","_jetpack_dont_email_post_to_subs":false,"_jetpack_newsletter_tier_id":0,"_jetpack_memberships_contains_paywalled_content":false,"_jetpack_memberships_contains_paid_content":false,"footnotes":"","jetpack_publicize_message":"","jetpack_publicize_feature_enabled":true,"jetpack_social_post_already_shared":true,"jetpack_social_options":{"image_generator_settings":{"template":"highway","default_image_id":0,"font":"","enabled":false},"version":2}},"categories":[6,25],"tags":[36546,40025,1058,40008,1103,40017,140,40020,21474,40011,915,20237,2967,40420,40012,40016,1747,23141,204,39105,35192,40421,37146,10468,40023,38096,40021,32188,1094,40024,31498,286,36789,10452,36,814,39561,40022,34427,280,50,40018,40419,40019,14292,40013,6646,39604,14231,48,788,31007,40418,40015,4462,5309,40417,40014,607,2623,56,39310,40006,6321,31567,37279,21944,32436],"class_list":["post-38232","post","type-post","status-publish","format-standard","has-post-thumbnail","hentry","category-latest-news","category-politics","tag-a-bartleby","tag-alliance-ptr-mmm-pmsd","tag-alzheimer","tag-anjiv-ramdhany","tag-attorney-general","tag-badhain-defie-ramgoolam","tag-bai","tag-banque-centrale-europeenne","tag-bce","tag-bourde-informatique","tag-brics","tag-chikungunya","tag-christine-lagarde","tag-christine-largarde","tag-circonscription-numero-5","tag-circonscription-numero-7","tag-commission-electorale","tag-covid","tag-dawood-rawat","tag-dengue","tag-diabete","tag-dorine-chukowry","tag-eclairages","tag-economie-mondiale","tag-elevage-de-singes-a-maurice","tag-evgueni-prigojine","tag-fond-monetaire-international","tag-georgie","tag-icac","tag-industrie-de-lelevage","tag-irfan-raman","tag-ivan-collendavelloo","tag-larmee-russe","tag-maneesh-gobin","tag-mauritius-times","tag-mmm","tag-mohamed-bazoum","tag-mort-devgueni-prigojine","tag-moscou","tag-msm","tag-navin-ramgoolam","tag-ni-navin","tag-ni-navin-ni-pravind","tag-ni-pravind","tag-ong","tag-pamplemousses-triolet","tag-parkinson","tag-patrick-belcourt","tag-pps","tag-pravind-jugnauth","tag-privy-council","tag-ptr-mmm-pmsd","tag-rajanah-dhaliah","tag-rajanah-dhaliah-demissionne","tag-ramgoolam","tag-ravi-rutnah","tag-recensement-2022","tag-recensement-de-2022","tag-reform-party","tag-roshi-badhain","tag-roshi-bhadain","tag-situation-politique","tag-sudesh-callychurn","tag-travaillistes","tag-ukraine","tag-ukrainien","tag-union-europeenne","tag-vladimir-poutine"],"jetpack_publicize_connections":[],"jetpack_featured_media_url":"https:\/\/i0.wp.com\/www.mauritiustimes.com\/mt\/wp-content\/uploads\/2023\/09\/E-Opposition-2.jpg?fit=1200%2C735&ssl=1","jetpack_sharing_enabled":true,"jetpack_shortlink":"https:\/\/wp.me\/p8QzSF-9WE","_links":{"self":[{"href":"https:\/\/www.mauritiustimes.com\/mt\/wp-json\/wp\/v2\/posts\/38232","targetHints":{"allow":["GET"]}}],"collection":[{"href":"https:\/\/www.mauritiustimes.com\/mt\/wp-json\/wp\/v2\/posts"}],"about":[{"href":"https:\/\/www.mauritiustimes.com\/mt\/wp-json\/wp\/v2\/types\/post"}],"author":[{"embeddable":true,"href":"https:\/\/www.mauritiustimes.com\/mt\/wp-json\/wp\/v2\/users\/424"}],"replies":[{"embeddable":true,"href":"https:\/\/www.mauritiustimes.com\/mt\/wp-json\/wp\/v2\/comments?post=38232"}],"version-history":[{"count":0,"href":"https:\/\/www.mauritiustimes.com\/mt\/wp-json\/wp\/v2\/posts\/38232\/revisions"}],"wp:featuredmedia":[{"embeddable":true,"href":"https:\/\/www.mauritiustimes.com\/mt\/wp-json\/wp\/v2\/media\/38233"}],"wp:attachment":[{"href":"https:\/\/www.mauritiustimes.com\/mt\/wp-json\/wp\/v2\/media?parent=38232"}],"wp:term":[{"taxonomy":"category","embeddable":true,"href":"https:\/\/www.mauritiustimes.com\/mt\/wp-json\/wp\/v2\/categories?post=38232"},{"taxonomy":"post_tag","embeddable":true,"href":"https:\/\/www.mauritiustimes.com\/mt\/wp-json\/wp\/v2\/tags?post=38232"}],"curies":[{"name":"wp","href":"https:\/\/api.w.org\/{rel}","templated":true}]}}