{"id":3781,"date":"2015-09-09T06:19:57","date_gmt":"2015-09-09T06:19:57","guid":{"rendered":"http:\/\/mauritiustimes.com\/mt\/2015\/09\/09\/jean-roland-fayolle\/"},"modified":"2017-09-18T15:08:47","modified_gmt":"2017-09-18T11:08:47","slug":"jean-roland-fayolle","status":"publish","type":"post","link":"https:\/\/www.mauritiustimes.com\/mt\/jean-roland-fayolle\/","title":{"rendered":"Blackout et Energies renouvelables"},"content":{"rendered":"<p class=\"MsoNormal\" style=\"text-align: center;\"><span lang=\"FR\" style=\"font-family: 'Verdana','sans-serif'; mso-ansi-language: FR;\"><span style=\"text-decoration: underline;\">Tribune<\/span><\/span><!--more--><\/p>\n<p class=\"MsoNormal\"><span lang=\"FR\" style=\"font-family: 'Verdana','sans-serif'; mso-ansi-language: FR;\">Les gesticulations m\u00e9diatiques sur le \u00ab blackout \u00bb me font penser \u00e0 une expression de mon \u00e9pouse tr\u00e8s britannique : \u00ab Don\u2019t get your knickers in a twist \u00bb ! Je dois admettre toutefois que cette perception hyst\u00e9riquement pessimiste de notre fourniture \u00e9lectrique repr\u00e9sente une chance d\u2019aiguiller nos objectifs \u00e9cologiques. Pourquoi ne pas \u00ab couvrir \u00bb les kwh per\u00e7us comme manquants par le biais des \u00e9nergies renouvelables et des \u00e9conomies d\u2019\u00e9nergie. Je m\u2019explique.<\/span><\/p>\n<p class=\"MsoNormal\"><span lang=\"FR\" style=\"font-family: 'Verdana','sans-serif'; mso-ansi-language: FR;\">C\u2019est \u00e9vident que pour convertir les v\u0153ux pieux en r\u00e9alisations pratiques, un accord est n\u00e9cessaire entre les autorit\u00e9s politiques, le CEB et le secteur priv\u00e9, par-dessus les pr\u00e9jug\u00e9s envers les classes blanches poss\u00e9dantes. Voir ci-dessous trois id\u00e9es se rapportant \u00e0 cette collaboration. Il en existe d\u2019autres certainement. Il suffit de demander.<\/span><\/p>\n<p class=\"MsoNormal\"><span lang=\"FR\" style=\"font-family: 'Verdana','sans-serif'; mso-ansi-language: FR;\">1. Dans les complexes h\u00f4teliers et les usines textiles, entre autres, il existe des groupes \u00e9lectrog\u00e8nes dont la somme des capacit\u00e9s se monte \u00e0 des dizaines de m\u00e9gawatt. Un accord tarifaire entreprises\/CEB et la possibilit\u00e9 de synchroniser ces groupes avec le r\u00e9seau national m\u00e8neraient \u00e0 une r\u00e9duction de consommation pendant les heures de pointe. Pour \u00e9viter les perturbations \u00e9ventuelles, les groupes seraient r\u00e9gul\u00e9s pour une fourniture interne uniquement, la motivation de la synchronisation \u00e9tant seulement d\u2019\u00e9viter les arr\u00eats pour changement de source.<\/span><\/p>\n<p class=\"MsoNormal\"><span lang=\"FR\" style=\"font-family: 'Verdana','sans-serif'; mso-ansi-language: FR;\">2. Il existe \u00e0 l\u2019\u00e9tranger de vraies strat\u00e9gies de \u00ab demand side management \u00bb qui r\u00e9duisent consid\u00e9rablement les consommations aux heures de pointe. Le \u00ab time of day tariff \u00bb en est une : le tarif est beaucoup plus \u00e9lev\u00e9 aux heures de pointe par rapport aux heures creuses. Son application \u00e0 Maurice justifierait, par exemple, la production de frigories (eau glac\u00e9e) destin\u00e9es \u00e0 la climatisation, aux petites heures du matin (heures creuses) au lieu du cr\u00e9puscule (heures de pointe). Ces frigories seraient stock\u00e9es pour consommation pendant les heures de pointe.<\/span><\/p>\n<p class=\"MsoNormal\"><span lang=\"FR\" style=\"font-family: 'Verdana','sans-serif'; mso-ansi-language: FR;\">3. Le probl\u00e8me de la conversion photovolta\u00efque est son intermittence. Sans batteries, elle constitue un facteur d\u2019instabilit\u00e9s pour le CEB comme pour tout exploitant priv\u00e9. Hors, les batteries sont ch\u00e8res, encombrantes et limit\u00e9es en dur\u00e9e de vie, tout en exigeant un haut degr\u00e9 de maintenance. Une collaboration CEB\/Priv\u00e9 pourrait r\u00e9duire le probl\u00e8me : un petit syst\u00e8me photovolta\u00efque priv\u00e9, sans batterie, pourrait avoir le CEB comme secours pendant les heures ensoleill\u00e9es, tout en \u00e9tant r\u00e9gul\u00e9 pour ne pas exporter.<\/span><\/p>\n<p class=\"MsoNormal\"><span lang=\"FR\" style=\"font-family: 'Verdana','sans-serif'; mso-ansi-language: FR;\">L\u2019avantage pour le priv\u00e9 est l\u2019absence de batterie ; pour le CEB, l\u2019avantage est une meilleure couverture de ses heures de pointe matinales. La d\u00e9stabilisation du r\u00e9seau CEB serait inexistante car le syst\u00e8me serait constitu\u00e9 de petits producteurs pour consommation interne, \u00e9tal\u00e9s sur toute l\u2019\u00eele.<\/span><\/p>\n<p class=\"MsoNormal\"><span lang=\"FR\" style=\"font-family: 'Verdana','sans-serif'; mso-ansi-language: FR;\">Mais avant de penser \u00e0 ces astuces \u00e9minemment pratiques, il faudrait, plus fondamentalement, rationaliser les tarifs. Elles constituent, en l\u2019\u00e9tat, une aberration (une de plus) de notre pass\u00e9 politique.<\/span><\/p>\n<ul>\n<li>Published in print edition on 11 September 2015<\/li>\n<\/ul>\n","protected":false},"excerpt":{"rendered":"<p>Tribune<\/p>\n","protected":false},"author":87,"featured_media":6560,"comment_status":"open","ping_status":"open","sticky":false,"template":"","format":"standard","meta":{"jetpack_post_was_ever_published":false,"_jetpack_newsletter_access":"","_jetpack_dont_email_post_to_subs":false,"_jetpack_newsletter_tier_id":0,"_jetpack_memberships_contains_paywalled_content":false,"_jetpack_memberships_contains_paid_content":false,"footnotes":"","jetpack_publicize_message":"","jetpack_publicize_feature_enabled":true,"jetpack_social_post_already_shared":false,"jetpack_social_options":{"image_generator_settings":{"template":"highway","default_image_id":0,"font":"","enabled":false},"version":2}},"categories":[25],"tags":[4775,3112,4776,4777],"class_list":["post-3781","post","type-post","status-publish","format-standard","has-post-thumbnail","hentry","category-politics","tag-blackout","tag-ceb","tag-energies-renouvelables","tag-jean-roland-fayolle"],"jetpack_publicize_connections":[],"jetpack_featured_media_url":"https:\/\/i0.wp.com\/www.mauritiustimes.com\/mt\/wp-content\/uploads\/2016\/12\/MT-Logokk.jpg?fit=1200%2C880&ssl=1","jetpack_sharing_enabled":true,"jetpack_shortlink":"https:\/\/wp.me\/p8QzSF-YZ","_links":{"self":[{"href":"https:\/\/www.mauritiustimes.com\/mt\/wp-json\/wp\/v2\/posts\/3781","targetHints":{"allow":["GET"]}}],"collection":[{"href":"https:\/\/www.mauritiustimes.com\/mt\/wp-json\/wp\/v2\/posts"}],"about":[{"href":"https:\/\/www.mauritiustimes.com\/mt\/wp-json\/wp\/v2\/types\/post"}],"author":[{"embeddable":true,"href":"https:\/\/www.mauritiustimes.com\/mt\/wp-json\/wp\/v2\/users\/87"}],"replies":[{"embeddable":true,"href":"https:\/\/www.mauritiustimes.com\/mt\/wp-json\/wp\/v2\/comments?post=3781"}],"version-history":[{"count":0,"href":"https:\/\/www.mauritiustimes.com\/mt\/wp-json\/wp\/v2\/posts\/3781\/revisions"}],"wp:featuredmedia":[{"embeddable":true,"href":"https:\/\/www.mauritiustimes.com\/mt\/wp-json\/wp\/v2\/media\/6560"}],"wp:attachment":[{"href":"https:\/\/www.mauritiustimes.com\/mt\/wp-json\/wp\/v2\/media?parent=3781"}],"wp:term":[{"taxonomy":"category","embeddable":true,"href":"https:\/\/www.mauritiustimes.com\/mt\/wp-json\/wp\/v2\/categories?post=3781"},{"taxonomy":"post_tag","embeddable":true,"href":"https:\/\/www.mauritiustimes.com\/mt\/wp-json\/wp\/v2\/tags?post=3781"}],"curies":[{"name":"wp","href":"https:\/\/api.w.org\/{rel}","templated":true}]}}