{"id":37585,"date":"2023-06-23T19:51:22","date_gmt":"2023-06-23T15:51:22","guid":{"rendered":"http:\/\/www.mauritiustimes.com\/mt\/?p=37585"},"modified":"2023-07-31T12:59:18","modified_gmt":"2023-07-31T08:59:18","slug":"de-planting-a-posting-la-sst-continue-de-faire-parler-delle","status":"publish","type":"post","link":"https:\/\/www.mauritiustimes.com\/mt\/de-planting-a-posting-la-sst-continue-de-faire-parler-delle\/","title":{"rendered":"De &#8216;planting&#8217; \u00e0 &#8216;posting&#8217; : la SST continue de faire parler d&#8217;elle"},"content":{"rendered":"<h5 style=\"text-align: center;\"><span style=\"color: #ff0000;\"><u>Eclairages<\/u><\/span><!--more--><\/h5>\n<p style=\"text-align: left;\"><span style=\"color: #0000ff;\"><strong style=\"font-size: 16px;\">Par A.Bartleby<\/strong><\/span><\/p>\n<p><span style=\"color: #000000;\">C&#8217;est le buzz de la semaine. Un facteur factice aurait tent\u00e9 de livrer un colis de drogue \u00e0 l&#8217;avocat Akil Bissessur. Ce dernier a m\u00eame film\u00e9 la sc\u00e8ne o\u00f9 le pr\u00e9tendu facteur a tent\u00e9 de lui remettre le colis. Le moins que l&#8217;on puisse dire, c&#8217;est que la mani\u00e8re de faire \u00e9tait extr\u00eamement suspecte et que toute personne un peu avertie des proc\u00e9dures de la poste se serait dout\u00e9 qu&#8217;il y avait anguille sous roche.<\/span><\/p>\n<p><span style=\"color: #000000;\"><img data-recalc-dims=\"1\" loading=\"lazy\" decoding=\"async\" data-attachment-id=\"37590\" data-permalink=\"https:\/\/www.mauritiustimes.com\/mt\/de-planting-a-posting-la-sst-continue-de-faire-parler-delle\/e-sst-akil-bissessur-1\/\" data-orig-file=\"https:\/\/i0.wp.com\/www.mauritiustimes.com\/mt\/wp-content\/uploads\/2023\/06\/E-SST-Akil-Bissessur-1.jpg?fit=1200%2C688&amp;ssl=1\" data-orig-size=\"1200,688\" data-comments-opened=\"1\" data-image-meta=\"{&quot;aperture&quot;:&quot;0&quot;,&quot;credit&quot;:&quot;&quot;,&quot;camera&quot;:&quot;&quot;,&quot;caption&quot;:&quot;&quot;,&quot;created_timestamp&quot;:&quot;0&quot;,&quot;copyright&quot;:&quot;&quot;,&quot;focal_length&quot;:&quot;0&quot;,&quot;iso&quot;:&quot;0&quot;,&quot;shutter_speed&quot;:&quot;0&quot;,&quot;title&quot;:&quot;&quot;,&quot;orientation&quot;:&quot;0&quot;}\" data-image-title=\"E&amp;#8212;SST-+-Akil-Bissessur-1\" data-image-description=\"\" data-image-caption=\"\" data-large-file=\"https:\/\/i0.wp.com\/www.mauritiustimes.com\/mt\/wp-content\/uploads\/2023\/06\/E-SST-Akil-Bissessur-1.jpg?fit=640%2C367&amp;ssl=1\" class=\"aligncenter size-full wp-image-37590\" src=\"https:\/\/i0.wp.com\/www.mauritiustimes.com\/mt\/wp-content\/uploads\/2023\/06\/E-SST-Akil-Bissessur-1.jpg?resize=640%2C367&#038;ssl=1\" alt=\"\" width=\"640\" height=\"367\" srcset=\"https:\/\/i0.wp.com\/www.mauritiustimes.com\/mt\/wp-content\/uploads\/2023\/06\/E-SST-Akil-Bissessur-1.jpg?w=1200&amp;ssl=1 1200w, https:\/\/i0.wp.com\/www.mauritiustimes.com\/mt\/wp-content\/uploads\/2023\/06\/E-SST-Akil-Bissessur-1.jpg?resize=300%2C172&amp;ssl=1 300w, https:\/\/i0.wp.com\/www.mauritiustimes.com\/mt\/wp-content\/uploads\/2023\/06\/E-SST-Akil-Bissessur-1.jpg?resize=1024%2C587&amp;ssl=1 1024w, https:\/\/i0.wp.com\/www.mauritiustimes.com\/mt\/wp-content\/uploads\/2023\/06\/E-SST-Akil-Bissessur-1.jpg?resize=768%2C440&amp;ssl=1 768w\" sizes=\"auto, (max-width: 640px) 100vw, 640px\" \/><\/span><span style=\"color: #ff6600;\"><strong>Arrestation d&#8217;Akil Bissessur: la mani\u00e8re de faire \u00e9tait extr\u00eamement suspecte&#8230;<\/strong><\/span><\/p>\n<p><span style=\"color: #000000;\">En effet, selon les proc\u00e9dures en place, un colis venant de l&#8217;\u00e9tranger ne peut pas \u00eatre livr\u00e9 directement par un facteur. Le facteur d\u00e9pose un avis de passage dans la bo\u00eete aux lettres du destinataire, et ce dernier doit se rendre \u00e0 son bureau de poste ou \u00e0 la poste centrale situ\u00e9e \u00e0 Port Louis afin de r\u00e9cup\u00e9rer son colis. Le colis est ouvert par les services de douanes, souvent ou r\u00e9guli\u00e8rement en la pr\u00e9sence des membres de l&#8217;Anti Drug and Smuggling Unit (ADSU), et cela, sous la supervision du destinataire, qui doit r\u00e9gler les taxes requises afin que le colis soit d\u00e9douan\u00e9 et lui soit remis.<\/span><\/p>\n<p><span style=\"color: #000000;\">Les proc\u00e9dures sont les m\u00eames lorsqu&#8217;un colis arrive par un service de courrier comme DHL ou FedEx, ces services demandant l&#8217;autorisation du destinataire afin de proc\u00e9der au d\u00e9douanement avant que le colis ne soit livr\u00e9.<\/span><\/p>\n<p><span style=\"color: #000000;\">Tout \u00e9tait donc extr\u00eamement louche avec cette livraison. D&#8217;ailleurs, des images du &#8216;facteur&#8217; ont ensuite circul\u00e9 sur les r\u00e9seaux sociaux laissant penser que ce dernier pourrait effectivement \u00eatre un vrai policier d\u00e9guis\u00e9 en faux facteur.<\/span><\/p>\n<p><span style=\"color: #000000;\">La Special Striking Team (SST) a ensuite proc\u00e9d\u00e9 \u00e0 l&#8217;arrestation d&#8217;Akil Bissessur, de son fr\u00e8re et de sa compagne suivant une perquisition en la r\u00e9sidence de cette derni\u00e8re. Leurs avocats ont d\u00fb attendre plusieurs heures avant d&#8217;\u00eatre inform\u00e9s de l&#8217;arrestation de leurs clients. D\u2019ailleurs Me Rama Valayden a fait un Facebook Live d\u00e9non\u00e7ant les m\u00e9thodes de la SST et le fait qu\u2019Akil Bissessur serait devenu une cible de la SST de par le fait qu&#8217;il aurait d\u00e9clar\u00e9 avoir entendu l&#8217;ASP Jagai r\u00e9p\u00e9ter : &#8220;Oui madame. Oui madame&#8230;&#8221; lors d&#8217;une conversation t\u00e9l\u00e9phonique.<\/span><\/p>\n<p><span style=\"color: #000000;\">Cr\u00e9\u00e9e en ao\u00fbt 2022, en moins d&#8217;une ann\u00e9e, la section men\u00e9e par l&#8217;ASP Jagai a fait parler d&#8217;elle sans discontinuation par des op\u00e9rations fracassantes. Les choses ont d&#8217;ailleurs pris une tournure diff\u00e9rente lorsque l&#8217;ASP Jagai a accept\u00e9 l&#8217;invitation de TopFM la semaine derni\u00e8re, mettant encore plus le spotlight sur lui et son \u00e9quipe.<\/span><\/p>\n<p><span style=\"color: #000000;\">Cette \u00e9mission, avec son lot d&#8217;\u00e9v\u00e9nements hors-plateau, rel\u00e8ve d&#8217;une anomalie profonde. Pourquoi est-ce qu&#8217;un ASP de la police impliqu\u00e9 dans une s\u00e9rie d&#8217;enqu\u00eates hautement sensibles a \u00e9t\u00e9 autoris\u00e9 \u00e0 se rendre sur un plateau de radio afin de parler des op\u00e9rations de la police ? La police n&#8217;a-t-elle pas un porte-parole dont la fonction est justement de r\u00e9pondre aux questions et aux interrogations des journalistes ?<\/span><\/p>\n<p><span style=\"color: #000000;\">Il \u00e9tait absolument pr\u00e9visible que cette \u00e9mission ne se passe pas comme une \u00e9mission normale au vu des enjeux et de la nature m\u00eame du travail de la SST. Cette derni\u00e8re appara\u00eet clairement comme une \u00e9quipe de commando op\u00e9rant parall\u00e8lement \u00e0 l&#8217;ADSU, avec une capacit\u00e9 accrue pour les infiltrations et les arrestations.<\/span><\/p>\n<p><span style=\"color: #000000;\">Du reste, le commissaire de police s&#8217;estvant\u00e9 de la cr\u00e9ation de la SST, et le PM a lui-m\u00eame donn\u00e9 des chiffres mirobolants au parlement. La SST a saisi, depuis sa cr\u00e9ation par le commissaire de police, plus de Rs 355 millions de drogues en 11 mois. Ces informations ont \u00e9t\u00e9 fournies par le Premier ministre \u00e0 l\u2019Assembl\u00e9e nationale, le 12 juin dernier, lors de la PNQ du leader de l\u2019opposition, Xavier-Luc Duval. De plus, l&#8217;ADSU et la SST auraient proc\u00e9d\u00e9 \u00e0 plus de 22 000 arrestations durant la p\u00e9riode de janvier 2015 \u00e0 mai 2023.<\/span><\/p>\n<p><span style=\"color: #000000;\">Ces chiffres en eux-m\u00eames peuvent para\u00eetre impressionnants et fourniraientde la substance au fait que le PM se vante constamment de casser les reins des mafias de la drogue. Mais il y a tout de m\u00eame de s\u00e9rieuses questions \u00e0 se poser. Nous nous souvenons tous que le rapport Lam Shang Leen avait recommand\u00e9 le d\u00e9mant\u00e8lement et le remplacement de l&#8217;ADSU par une autre unit\u00e9.<\/span><\/p>\n<p><span style=\"color: #000000;\">Cette solution, jolie sur papier, pose elle-m\u00eame de s\u00e9rieuses questions. Faute de pouvoir faire appel \u00e0 d&#8217;autres \u00e9l\u00e9ments de la force polici\u00e8re et \u00e0 ceux ayant les comp\u00e9tences et les contacts n\u00e9cessaires sur le terrain, le fait de remplacer l&#8217;ADSU par une autre unit\u00e9 impliquerait aussi que les m\u00eames policiers soient red\u00e9ploy\u00e9s dans cette autre unit\u00e9. Par cons\u00e9quent, le probl\u00e8me fondamental n\u2019est absolument pas r\u00e9gl\u00e9 par rapport aux officiers qui sont ou soup\u00e7onn\u00e9s d\u2019\u00eatre en connivence avec les barons du trafic de la drogue.<\/span><\/p>\n<p><span style=\"color: #000000;\">Une unit\u00e9 parall\u00e8le, compos\u00e9e de policiers chevronn\u00e9s et aguerris au milieu de la p\u00e8gre, et ayant un mandat plus libre que l&#8217;ADSU, peut donner des r\u00e9sultats plus efficaces que l&#8217;ADSU. D&#8217;ailleurs, d&#8217;autres pays ont recours \u00e0 ce genre d&#8217;unit\u00e9s dans leur lutte contre les \u00ab\u00a0narcos\u00a0\u00bb. Le probl\u00e8me se trouve bien plut\u00f4t dans le fait que, contrairement \u00e0 l&#8217;ADSU, la SST op\u00e8re sans cadre l\u00e9gal clairement d\u00e9fini, ce qui d\u00e9limiterait les capacit\u00e9s et la nature de leurs interventions.<\/span><\/p>\n<p><span style=\"color: #000000;\">Et cela produit un immense probl\u00e8me : le fait que la SST semble op\u00e9rer compl\u00e8tement librement, pour ne pas dire de mani\u00e8re totalement arbitraire comme le per\u00e7oivent ceux ou celles qui ont \u00e9t\u00e9 arr\u00eat\u00e9s par cette unit\u00e9. C&#8217;est d&#8217;ailleurs de l\u00e0 que viennent les accusations des avocats qui n&#8217;h\u00e9sitent pas \u00e0 d\u00e9clarer que la SST est une milice politique avant d&#8217;\u00eatre une \u00ab\u00a0unit\u00e9 anti-narco\u00a0\u00bb. Et des op\u00e9rations comme celles que l&#8217;on a vues contre AkilBissessur alimentent et nourrissent ce soup\u00e7on, m\u00eame s\u2019il est ridicule de penser qu&#8217;AkilBissessur repr\u00e9sente une menace politique pour le pouvoir en place. Mais le soup\u00e7on est l\u00e0.<\/span><\/p>\n<p><span style=\"color: #000000;\">Cette situation est ainsi politiquement intenable, et le PM doit s&#8217;en rendre compte. Intenable car elle produit une peur qui se propage dans la population. Et intenable aussi car elle d\u00e9cr\u00e9dibilise l&#8217;action de la police, en particulier celle de la SST, dont la fonction principale devrait\u00eatre celle dela lutte contre les \u00ab\u00a0narcos\u00a0\u00bb.<\/span><\/p>\n<p style=\"text-align: center;\"><span style=\"color: #000000;\"><strong>***<\/strong><\/span><\/p>\n<p style=\"text-align: center;\"><span style=\"color: #000000;\"><strong>Blinken en Chine: un exercice de communication r\u00e9ussi<\/strong><\/span><\/p>\n<p><span style=\"color: #000000;\">Le secr\u00e9taire d&#8217;\u00c9tat am\u00e9ricain Antony Blinken \u00e9tait en visite officielle en Chine cette semaine. Cette visite \u00e9tait tr\u00e8s attendue par la communaut\u00e9 internationale au vu des relations particuli\u00e8rement tendues entre les deux puissances mondiales depuis quelques ann\u00e9es. <\/span><\/p>\n<p><span style=\"color: #000000;\">L&#8217;importance de cette visite a d&#8217;ailleurs \u00e9t\u00e9 incarn\u00e9e par le fait que le Pr\u00e9sident chinois Xi Jinping ait re\u00e7u Antony Blinken comme si ce dernier \u00e9tait au m\u00eame rang que son homologue. En effet, le Secr\u00e9taire d&#8217;Etat a \u00e9t\u00e9 re\u00e7u comme s&#8217;il s&#8217;agissait du Pr\u00e9sident des \u00c9tats-Unis lui-m\u00eame, avec un Xi Jinping lui accordant plusieurs audiences et r\u00e9unions. <\/span><\/p>\n<p><span style=\"color: #000000;\">Blinken a d&#8217;ailleurs lui-m\u00eame affirm\u00e9 avoir eu une conversation d&#8217;importance avec Xi, ainsi que des r\u00e9unions qu&#8217;il a qualifi\u00e9es de &#8220;candid, substantive and constructive&#8221; avec les officiels chinois. <\/span><\/p>\n<p><span style=\"color: #000000;\">Alors que les tensions montent en Mer de Chine depuis plusieurs mois et que la course \u00e9conomique fait rage entre les deux pays, il \u00e9tait important que la Chine et les \u00c9tats-Unis affichent la volont\u00e9 de renouer un dialogue amical et diplomatique. Cela semble \u00eatre chose faite, et surtout avec cette petite phrase de Xi Jinping et Antony Blinken &#8211; pendant des conf\u00e9rences de presse s\u00e9par\u00e9es : &#8216;webothagree on the need to stabilizeourrelationship&#8217;. <\/span><\/p>\n<p><span style=\"color: #000000;\">Xi Jinping a \u00e9t\u00e9 plus pr\u00e9cis en d\u00e9clarant que les deux parties ont avanc\u00e9 sur des dossiers particuliers, en trouvant un terrain d&#8217;entente qui convenait aux deux superpuissances. Cela dit, les dossiers actuellement sensibles n&#8217;ont pas \u00e9t\u00e9 abord\u00e9s, notamment la question de Taiwan, la guerre en Ukraine et les tarifs douaniers que les \u00c9tats-Unis imposent sur les puces (chips) produits en Chine. <\/span><\/p>\n<p><span style=\"color: #000000;\">Les choses seraient-elles aussi simples\u00a0? L&#8217;entente et la cordialit\u00e9 affich\u00e9es rel\u00e8vent autant du fait que les deux pays souhaitent effectivement normaliser leurs relations que du fait qu&#8217;il \u00e9tait absolument essentiel de produire un exercice de communication envoyant un signal positif et encourageant au reste du monde. Sur ce dernier point, l&#8217;exercice est r\u00e9ussi. Sur le point essentiel des diff\u00e9rences, en revanche, seul l&#8217;avenir nous dira si les bonnes volont\u00e9s d\u00e9clar\u00e9es et affich\u00e9es se mat\u00e9rialiseront ou non. <\/span><\/p>\n<p><span style=\"color: #000000;\">La r\u00e9alit\u00e9 actuelle est que les \u00c9tats-Unis se dirigent vers une \u00e9lection pr\u00e9sidentielle qui sera capitale pour l&#8217;avenir de sa politique internationale alors que l&#8217;\u00e9conomie chinoise, elle, commence \u00e0 ralentir. Signe de ce ralentissement, l&#8217;effondrement de plusieurs projets du &#8216;Belt and Road Initiative&#8217; en Afrique et le fait que les g\u00e9ants des technologies Apple et Samsung aient d\u00e9localis\u00e9 toutes leurs unit\u00e9s de productions chinoises en Inde, au Vietnam et en Cor\u00e9e du Sud. Ce n&#8217;est d&#8217;ailleurs pas un hasard que Xi Jinping a tenu \u00e0 organiser une rencontre hautement m\u00e9diatis\u00e9e entre son &#8220;grand ami&#8221; Bill Gates (qui faisait partie de la d\u00e9l\u00e9gation am\u00e9ricaine) et lui, o\u00f9 ils ont discut\u00e9 de l&#8217;avenir des nouvelles technologies et le r\u00f4le essentiel de la Chine dans ce secteur. <\/span><\/p>\n<p><span style=\"color: #000000;\">Est-ce que cette visite de Blinken r\u00e9soudra tous les probl\u00e8mes actuels entre les deux puissances qui vont d\u00e9terminer les orientations strat\u00e9giques des prochaines d\u00e9cennies ? Non ! Mais cette visite aura eu le m\u00e9rite de d\u00e9montrer la volont\u00e9 des deux puissances de renouveler un dialogue essentiel pour la paix mondiale. Esp\u00e9rons maintenant que ce dialogue se poursuivra et deviendra positif et productif.<\/span><\/p>\n<p style=\"text-align: center;\"><span style=\"color: #000000;\"><strong>\u00a0<\/strong><strong>* * *<\/strong><\/span><\/p>\n<p style=\"text-align: center;\"><span style=\"color: #000000;\"><strong>\u00a0<\/strong><strong>Sir BhinodBacha: le &#8220;enforcer&#8221; du PMO<\/strong><\/span><\/p>\n<p style=\"text-align: left;\"><span style=\"color: #000000;\">Alors qu&#8217;il marchait dans le parking de la r\u00e9sidence o\u00f9 il habitait, une voiture est venue le percuter. Il a \u00e9t\u00e9 emmen\u00e9 tout de suite aux services urgentistes de l&#8217;h\u00f4pital Candos o\u00f9 son d\u00e9c\u00e8s a \u00e9t\u00e9 annonc\u00e9 un peu plus de 6 heures apr\u00e8s l&#8217;accident. Le d\u00e9part de Sir Bhinod Bacha aura \u00e9t\u00e9 comme sa vie : spectaculaire et tragique. <\/span><\/p>\n<p><span style=\"color: #000000;\">Sir Bhinod Bacha \u00e9tait un de ces personnages dont la vie semblait tout droit sortie d&#8217;un roman ou d&#8217;une fiction. Personnage haut en couleur, homme intelligent et cultiv\u00e9, il \u00e9tait la plume de tous les Premiers ministres du pays, de SSR \u00e0 PravindJugnauth. Comme le disaient certains politiciens : les gouvernements venaient et partaient, Sir Bhinod restait. <\/span><\/p>\n<p><span style=\"color: #000000;\">Il \u00e9tait ainsi consid\u00e9r\u00e9 comme quasiment indispensable au bon processus de gouvernement, ou du moins il avait su se rendre indispensable comme un maillon essentiel du rouage du processus de d\u00e9cision et un relais critique entre les politiques et l&#8217;administration publique. <\/span><\/p>\n<p><span style=\"color: #000000;\">Ainsi, avec les ann\u00e9es et l&#8217;exp\u00e9rience, Sir Bhinod est devenu plus qu&#8217;un haut fonctionnaire, mais ce que les Britanniques appelleraient le &#8220;enforcer&#8221; du PMO. Toutes les grandes d\u00e9cisions passaient par lui, et il \u00e9tait celui qui recadrait aussi bien les ministres que les hauts fonctionnaires. Pour cela, il savait faire preuve de diplomatie mais savait \u00e9galement se montrer ferme et dur, d\u00e9pendant de la situation, ce qui lui a valu l&#8217;admiration de certains mais \u00e9galement la peur des autres.<\/span><\/p>\n<p><span style=\"color: #000000;\">D&#8217;ailleurs, il suffit d&#8217;observer les divers t\u00e9moignages et r\u00e9actions \u00e0 la suite de son d\u00e9c\u00e8s pour constater \u00e0 quel point il \u00e9tait un personnage clivant : les hommages \u00e9taient chaleureux et admiratifs, mais les critiques sur les r\u00e9seaux sociaux \u00e9taient violents et fr\u00f4laient souvent l&#8217;ind\u00e9cence. C\u2019est le lot des hommes de pouvoir et surtout des hommes de l&#8217;ombre. Ces derniers exercent une certaine fascination chez les gens, et Sir Bhinod aimait \u00e0 cultiver cette fascination.<\/span><\/p>\n<p><span style=\"color: #000000;\">Il faut avouer que les grands \u00e9v\u00e9nements qui ont marqu\u00e9 sa vie ont enti\u00e8rement particip\u00e9 \u00e0 la construction de l&#8217;aura du personnage. Qui ne se souvient pas de son proc\u00e8s aux assises ? Cette affaire faisait la une des journaux \u00e0 l&#8217;\u00e9poque et garda le pays en haleine pendant plusieurs mois. Elle participa d&#8217;ailleurs enti\u00e8rement \u00e0 la s\u00e9rie de rumeurs et de ragots malgr\u00e9 le fait que Sir Bhinod et son \u00e9pouse furent acquitt\u00e9s. <\/span><\/p>\n<p><span style=\"color: #000000;\">Sir Bhinod s&#8217;inscrivait dans la lign\u00e9e des grands strat\u00e8ges politiques comme Christian Rivalland ou encore Dan Callikan, d\u00e9c\u00e9d\u00e9 r\u00e9cemment \u00e9galement. Ces individus, pas forc\u00e9ment connus du grand public, \u00e9taient des maillons essentiels de la vie politique et leur d\u00e9part laisse un vide immense dans le pays, il ne faut pas le sous-estimer. <\/span><\/p>\n<p><span style=\"color: #000000;\">Et ce vide ne sera pas pr\u00e8s d&#8217;\u00eatre combl\u00e9 puisque la rel\u00e8ve n&#8217;est pas encore en place. En effet, il n&#8217;y a actuellement aucun jeune capable d&#8217;occuper l&#8217;espace laiss\u00e9 vide par le d\u00e9part de Sir Bhinod. Ce dernier, tout comme les grands leaders politiques, n&#8217;a pas pr\u00e9par\u00e9 la rel\u00e8ve en formant quelqu&#8217;un capable de prendre un jour sa place. Cela aura forc\u00e9ment un impact sur le processus de gouvernement, et PravindJugnauth le sait parfaitement bien lorsqu&#8217;il a d\u00e9clar\u00e9 que Sir Bhinod allait nous manquer.<\/span><\/p>\n<p style=\"text-align: center;\"><span style=\"color: #000000;\"><strong>* * *<\/strong><\/span><\/p>\n<p style=\"text-align: center;\"><span style=\"color: #000000;\"><strong>MK passe une commande de trois A350 \u00e0 Airbus<\/strong><\/span><\/p>\n<p style=\"text-align: left;\"><span style=\"color: #000000;\">La nouvelle a \u00e9t\u00e9 annonc\u00e9e sur la page Facebook d&#8217;Airbus lors du Salon du Bourget cette semaine : Air Mauritius passe une commande de trois A350 de la derni\u00e8re g\u00e9n\u00e9ration. <\/span><\/p>\n<p><span style=\"color: #000000;\">Apr\u00e8s la vente des vieux A340 et des A319, la flotte de MK se limitera \u00e0 des ATR, des A330 Neo et des A350. L&#8217;acquisition de ces trois A350, qui devraient \u00eatre livr\u00e9s d&#8217;ici d\u00e9but 2026, envoie un message clair et net au secteur de l&#8217;aviation et au secteur touristique : Air Mauritius se concentrera sur ses lignes longs courriers, et consolidera les march\u00e9s europ\u00e9ens. <\/span><\/p>\n<p><span style=\"color: #000000;\">Ceci est parfaitement logique au regard de deux choses. Premi\u00e8rement, il est clair que la destination mauricienne reste en grande demande pour les march\u00e9s traditionnels que sont la France, la Grande Bretagne et l&#8217;Allemagne ; et que les tentatives de diversification des march\u00e9s tent\u00e9es il y a quelques ann\u00e9es (avec les corridors asiatiques) n&#8217;ont pas port\u00e9 leurs fruits. Et deuxi\u00e8mement, avec l&#8217;arr\u00eat de la production des A380 et le fait qu&#8217;Emirates risque de les remplacer progressivement par des A350 et des Boeing, pourrait emmener le porteur des Emirats \u00e0 revoir sa strat\u00e9gie pour Maurice, avec une baisse des flux de passagers. <\/span><\/p>\n<p><span style=\"color: #000000;\">Nous ne sommes pas encore l\u00e0, mais la volont\u00e9 de consolider les march\u00e9s europ\u00e9ens et augmenter le flux de passagers vers Maurice est une strat\u00e9gie juste au regard des grands changements qui vont transformer l&#8217;industrie du voyage.<\/span><\/p>\n<hr \/>\n<p><span style=\"color: #800000;\">Mauritius Times ePaper Friday 23 June 2023<\/span><\/p>\n","protected":false},"excerpt":{"rendered":"<p>Eclairages<\/p>\n","protected":false},"author":424,"featured_media":37590,"comment_status":"open","ping_status":"open","sticky":false,"template":"","format":"standard","meta":{"jetpack_post_was_ever_published":false,"_jetpack_newsletter_access":"","_jetpack_dont_email_post_to_subs":false,"_jetpack_newsletter_tier_id":0,"_jetpack_memberships_contains_paywalled_content":false,"_jetpack_memberships_contains_paid_content":false,"footnotes":"","jetpack_publicize_message":"","jetpack_publicize_feature_enabled":true,"jetpack_social_post_already_shared":true,"jetpack_social_options":{"image_generator_settings":{"template":"highway","default_image_id":0,"font":"","enabled":false},"version":2}},"categories":[6,25],"tags":[36546,764,5053,1067,2181,19448,765,36557,35522,21705,16886,1362,14473,5029,10551,38724,2371,38595,10112,38726,38732,23888,38729,38727,29198,38737,38736,233,36,37155,38728,15210,38731,38723,48,38730,38734,1097,38735,15308,34342,38725,37404,34795,3270,22004,39396,38733,19664,31567,4423,51],"class_list":["post-37585","post","type-post","status-publish","format-standard","has-post-thumbnail","hentry","category-latest-news","category-politics","tag-a-bartleby","tag-adsu","tag-afrique","tag-air-mauritius","tag-airbus","tag-akil-bissessur","tag-anti-drug-and-smuggling-unit","tag-antony-blinken","tag-asp-jagai","tag-assemblee-nationale","tag-belt-and-road-initiative","tag-bill-gates","tag-boeing","tag-chine","tag-christian-rivalland","tag-colis","tag-commissaire-de-police","tag-coree-du-sud","tag-dan-callikan","tag-dhl","tag-economie-chinoise","tag-emirates","tag-etat-americain","tag-facebook-live","tag-fedex","tag-hommes-de-lombre","tag-hommes-de-pouvoir","tag-lam-shang-leen","tag-mauritius-times","tag-mer-de-chine","tag-operations-parlement","tag-pnq","tag-politique-internationale","tag-poste-centrale","tag-pravind-jugnauth","tag-president-chinois-xi-jinping","tag-productions-chinoises-en-inde","tag-rama-valayden","tag-salon-du-bourget","tag-samsung","tag-secretaire-detat","tag-services-de-douanes","tag-sir-bhinod-bacha","tag-special-striking-team","tag-ssr","tag-taiwan","tag-technologies-apple","tag-technologies-apple-et-samsung","tag-top-fm","tag-ukraine","tag-vietnam","tag-xavier-luc-duval"],"jetpack_publicize_connections":[],"jetpack_featured_media_url":"https:\/\/i0.wp.com\/www.mauritiustimes.com\/mt\/wp-content\/uploads\/2023\/06\/E-SST-Akil-Bissessur-1.jpg?fit=1200%2C688&ssl=1","jetpack_sharing_enabled":true,"jetpack_shortlink":"https:\/\/wp.me\/p8QzSF-9Md","_links":{"self":[{"href":"https:\/\/www.mauritiustimes.com\/mt\/wp-json\/wp\/v2\/posts\/37585","targetHints":{"allow":["GET"]}}],"collection":[{"href":"https:\/\/www.mauritiustimes.com\/mt\/wp-json\/wp\/v2\/posts"}],"about":[{"href":"https:\/\/www.mauritiustimes.com\/mt\/wp-json\/wp\/v2\/types\/post"}],"author":[{"embeddable":true,"href":"https:\/\/www.mauritiustimes.com\/mt\/wp-json\/wp\/v2\/users\/424"}],"replies":[{"embeddable":true,"href":"https:\/\/www.mauritiustimes.com\/mt\/wp-json\/wp\/v2\/comments?post=37585"}],"version-history":[{"count":0,"href":"https:\/\/www.mauritiustimes.com\/mt\/wp-json\/wp\/v2\/posts\/37585\/revisions"}],"wp:featuredmedia":[{"embeddable":true,"href":"https:\/\/www.mauritiustimes.com\/mt\/wp-json\/wp\/v2\/media\/37590"}],"wp:attachment":[{"href":"https:\/\/www.mauritiustimes.com\/mt\/wp-json\/wp\/v2\/media?parent=37585"}],"wp:term":[{"taxonomy":"category","embeddable":true,"href":"https:\/\/www.mauritiustimes.com\/mt\/wp-json\/wp\/v2\/categories?post=37585"},{"taxonomy":"post_tag","embeddable":true,"href":"https:\/\/www.mauritiustimes.com\/mt\/wp-json\/wp\/v2\/tags?post=37585"}],"curies":[{"name":"wp","href":"https:\/\/api.w.org\/{rel}","templated":true}]}}