{"id":37535,"date":"2023-06-16T16:57:05","date_gmt":"2023-06-16T12:57:05","guid":{"rendered":"http:\/\/www.mauritiustimes.com\/mt\/?p=37535"},"modified":"2023-08-20T22:30:34","modified_gmt":"2023-08-20T18:30:34","slug":"vimen-leaks-et-la-course-a-laudimat","status":"publish","type":"post","link":"https:\/\/www.mauritiustimes.com\/mt\/vimen-leaks-et-la-course-a-laudimat\/","title":{"rendered":"&#8216;Vimen Leaks&#8217; et la course \u00e0 l&#8217;audimat"},"content":{"rendered":"<h4 style=\"text-align: center;\"><span style=\"color: #ff0000;\"><u>Eclairages<\/u><\/span><!--more--><\/h4>\n<h4 style=\"text-align: left;\"><span style=\"color: #0000ff;\"><strong>Par A. Bartleby<\/strong><\/span><\/h4>\n<p><span style=\"color: #000000;\">Vendredi dernier, deux radios priv\u00e9es se sont livr\u00e9es une bataille afin d&#8217;\u00eatre les premiers \u00e0 livrer le contenu d&#8217;une cl\u00e9 USB. Si le contenu doit \u00eatre pris avec le s\u00e9rieux le plus absolu, il est clair que cette comp\u00e9tition pour le d\u00e9voiler d\u00e9montre que la forme est extr\u00eamement probl\u00e9matique.<\/span><\/p>\n<p style=\"text-align: center;\"><span style=\"color: #000000;\"><img data-recalc-dims=\"1\" loading=\"lazy\" decoding=\"async\" data-attachment-id=\"37536\" data-permalink=\"https:\/\/www.mauritiustimes.com\/mt\/vimen-leaks-et-la-course-a-laudimat\/e-la-course-a-laudimat-1\/\" data-orig-file=\"https:\/\/i0.wp.com\/www.mauritiustimes.com\/mt\/wp-content\/uploads\/2023\/06\/E-La-course-a-laudimat-1.jpg?fit=1200%2C675&amp;ssl=1\" data-orig-size=\"1200,675\" data-comments-opened=\"1\" data-image-meta=\"{&quot;aperture&quot;:&quot;0&quot;,&quot;credit&quot;:&quot;&quot;,&quot;camera&quot;:&quot;&quot;,&quot;caption&quot;:&quot;&quot;,&quot;created_timestamp&quot;:&quot;0&quot;,&quot;copyright&quot;:&quot;&quot;,&quot;focal_length&quot;:&quot;0&quot;,&quot;iso&quot;:&quot;0&quot;,&quot;shutter_speed&quot;:&quot;0&quot;,&quot;title&quot;:&quot;&quot;,&quot;orientation&quot;:&quot;0&quot;}\" data-image-title=\"E &amp;#8212; La course \u00e0 l&amp;#8217;audimat 1\" data-image-description=\"\" data-image-caption=\"\" data-large-file=\"https:\/\/i0.wp.com\/www.mauritiustimes.com\/mt\/wp-content\/uploads\/2023\/06\/E-La-course-a-laudimat-1.jpg?fit=640%2C360&amp;ssl=1\" class=\"aligncenter size-full wp-image-37536\" src=\"https:\/\/i0.wp.com\/www.mauritiustimes.com\/mt\/wp-content\/uploads\/2023\/06\/E-La-course-a-laudimat-1.jpg?resize=640%2C360&#038;ssl=1\" alt=\"\" width=\"640\" height=\"360\" srcset=\"https:\/\/i0.wp.com\/www.mauritiustimes.com\/mt\/wp-content\/uploads\/2023\/06\/E-La-course-a-laudimat-1.jpg?w=1200&amp;ssl=1 1200w, https:\/\/i0.wp.com\/www.mauritiustimes.com\/mt\/wp-content\/uploads\/2023\/06\/E-La-course-a-laudimat-1.jpg?resize=300%2C169&amp;ssl=1 300w, https:\/\/i0.wp.com\/www.mauritiustimes.com\/mt\/wp-content\/uploads\/2023\/06\/E-La-course-a-laudimat-1.jpg?resize=1024%2C576&amp;ssl=1 1024w, https:\/\/i0.wp.com\/www.mauritiustimes.com\/mt\/wp-content\/uploads\/2023\/06\/E-La-course-a-laudimat-1.jpg?resize=768%2C432&amp;ssl=1 768w\" sizes=\"auto, (max-width: 640px) 100vw, 640px\" \/><\/span><span style=\"color: #ff9900;\"><strong>L&#8217;av\u00e8nement des r\u00e9seaux sociaux a provoqu\u00e9 une transformation radicale du &#8216;business model&#8217; des m\u00e9dias<\/strong><\/span><\/p>\n<p><span style=\"color: #000000;\">En effet, alors que le contenu de cette cl\u00e9 USB devait \u00eatre d\u00e9voil\u00e9 \u00e0 20 heures par une radio, une antenne concurrente a annonc\u00e9 une \u00e9mission d\u00e9voilant le m\u00eame contenu pour 19 hres. La premi\u00e8re radio a imm\u00e9diatement r\u00e9agi en d\u00e9calant son \u00e9mission pour 18hres, avec un entretien de son journaliste \u00e0 l&#8217;appui o\u00f9 ce dernier affirmait \u00eatre sous pression pour ne pas d\u00e9voiler le contenu de cette cl\u00e9 USB.<\/span><\/p>\n<p><span style=\"color: #000000;\">Cette situation t\u00e9moigne de ce que sont devenus les m\u00e9dias aujourd&#8217;hui. L&#8217;av\u00e8nement des r\u00e9seaux sociaux a provoqu\u00e9 une transformation radicale du &#8216;business model&#8217; des m\u00e9dias. Historiquement, les m\u00e9dias vendaient de l&#8217;information qui \u00e9tait trait\u00e9e et filtr\u00e9e par le prisme des journalistes dont le m\u00e9tier, historiquement, est de v\u00e9rifier les informations pour les pr\u00e9senter de mani\u00e8re critique et informative aux citoyens. Cet \u00e9l\u00e9ment de traitement et de filtrage de l&#8217;information est un des pr\u00e9requis de la bonne sant\u00e9 m\u00eame de la d\u00e9mocratie.<\/span><\/p>\n<p><span style=\"color: #000000;\">L&#8217;av\u00e8nement des r\u00e9seaux sociaux et des radios priv\u00e9es en particulier a progressivement fait \u00e9voluer ce mod\u00e8le. En effet, la marchandise premi\u00e8re des m\u00e9dias n&#8217;est plus l&#8217;information mais l&#8217;audimat : c&#8217;est l&#8217;audimat qui permet \u00e0 ces m\u00e9dias de vendre de la publicit\u00e9 et ainsi garantir leurs revenus et leurs profits, redistribu\u00e9s en dividendes aux actionnaires. C&#8217;est ainsi l&#8217;esprit m\u00eame du journalisme qui se trouve perverti par ce \u00ab shift in business model \u00bb. Puisque les m\u00e9dias et les radios priv\u00e9es sont d\u00e9pendants des revenus de la publicit\u00e9, alors ce n&#8217;est plus l&#8217;information qui compte, mais le sensationnalisme. Et c&#8217;est exactement cela que nous avons vu lors de la course de deux radios pour divulguer les &#8216;Vimen Leaks&#8217;.<\/span><\/p>\n<p><span style=\"color: #000000;\">Il faut le dire : cette concurrence de l&#8217;audimat pourrait produire une d\u00e9gradation de la qualit\u00e9 des m\u00e9dias : ces derniers sont tellement pris dans la course au sensationnalisme que les informations et les sources ne sont parfois plus v\u00e9rifi\u00e9es. Il faut aussi ajouter que certaines \u00e9missions ressemblent plus \u00e0 des tribunaux populaires et populistes qu&#8217;\u00e0 des enqu\u00eates et des investigations s\u00e9rieuses et bien men\u00e9es.<\/span><\/p>\n<p><span style=\"color: #000000;\">C\u2019est une v\u00e9rit\u00e9 non-contest\u00e9e que l&#8217;information cach\u00e9e du public et du journaliste &#8211; parce que sa r\u00e9v\u00e9lation pourrait compromettre les int\u00e9r\u00eats de diff\u00e9rents lobbies, des autorit\u00e9s, de certaines institutions ou m\u00eame des brebis galeuses &#8211; favorise la corruption et affaiblit l&#8217;\u00c9tat de droit et la bonne gouvernance. Toutefois, le risque court qu&#8217;une telle culture m\u00e9diatique pourrait donner lieu \u00e0 un audimat confus qui ne distingue plus le vrai du faux et le cr\u00e9dible du farfelu<\/span><\/p>\n<p><span style=\"color: #000000;\">Ainsi, cet audimat n\u2019arrive plus \u00e0 se constituer une image rationnelle des \u00e9v\u00e8nements, certains auditeurs voyant des th\u00e9ories du complot absolument partout. Cet abrutissement des masses favorise le terreau pour l&#8217;\u00e9mergence des courants politiques les plus vicieux et les plus dangereux. D&#8217;ailleurs, ce n&#8217;est pas un hasard que les partis politiques les plus extr\u00eames utilisent constamment cette dimension des r\u00e9seaux sociaux et des m\u00e9dias afin de faire avancer leurs int\u00e9r\u00eats et leurs agendas politiques.<\/span><\/p>\n<p style=\"text-align: center;\"><span style=\"color: #000000;\"><strong>* * *<\/strong><\/span><\/p>\n<p style=\"text-align: center;\"><span style=\"color: #000000;\"><strong><u>Une jeune femme kidnapp\u00e9e par trois individus<\/u><\/strong><\/span><\/p>\n<p><span style=\"color: #000000;\">Les faits se sont d\u00e9roul\u00e9s \u00e0 Flor\u00e9al. Une jeune femme de 19 ans, qui marchait seule dans la rue vers 18h, s&#8217;est fait kidnapper par trois individus en voiture. Ces derniers l&#8217;auraient embarqu\u00e9e dans la voiture afin de l&#8217;emmener dans un lieu o\u00f9 ils l&#8217;auraient d\u00e9shabill\u00e9e avant d&#8217;abuser d&#8217;elle.<\/span><\/p>\n<p><span style=\"color: #000000;\">Ils l&#8217;ont ensuite remise dans la voiture afin de la conduire dans le nord. En chemin, des policiers ont intercept\u00e9 la voiture gr\u00e2ce \u00e0 un contr\u00f4le de routine. Deux des trois individus ont imm\u00e9diatement pris la fuite, le troisi\u00e8me a \u00e9t\u00e9 arr\u00eat\u00e9 imm\u00e9diatement. La police a r\u00e9ussi \u00e0 traquer un second individu qui a \u00e9galement \u00e9t\u00e9 arr\u00eat\u00e9, et reste \u00e0 la recherche du troisi\u00e8me individu \u00e0 l&#8217;heure o\u00f9 nous \u00e9crivons.<\/span><\/p>\n<p><span style=\"color: #000000;\">La jeune fille est, quant \u00e0 elle, heureusement saine et sauve. La police a r\u00e9agi rapidement dans ce cas, et les v\u00e9rifications de routine sur les routes ont port\u00e9 leurs fruits.<\/span><\/p>\n<p><span style=\"color: #000000;\">Il est ind\u00e9niable que Maurice se trouve face \u00e0 une d\u00e9gradation s\u00e9curitaire importante depuis plusieurs ann\u00e9es, voire m\u00eame plusieurs d\u00e9cennies. Les sociologues de Facebook diront que le d\u00e9veloppement \u00e9conomique mauricien s&#8217;accompagne d&#8217;in\u00e9galit\u00e9s trop criantes et que le foss\u00e9 qui ne cesse de grandir entre les riches et les pauvres ne fera qu&#8217;augmenter la criminalit\u00e9. Il y a sans doute du vrai dans cette lecture de la situation. Mais donner un diagnostic ne permet pas de r\u00e9soudre ce probl\u00e8me\u2026<\/span><\/p>\n<p><span style=\"color: #000000;\">Que faire donc en face d&#8217;une mont\u00e9e importante de la criminalit\u00e9 ? Est-ce qu&#8217;il suffit de durcir les lois, de mieux former et \u00e9quiper la police, de rendre le syst\u00e8me p\u00e9nal plus rigide et de construire plus de prisons pour faire reculer la criminalit\u00e9 et la d\u00e9linquance ? Parall\u00e8lement, est-ce que faire plus de travail ou de volontariat social, investir dans le suivi des jeunes d\u00e9linquants et dans la r\u00e9insertion des criminels, cela permettra-t-il de tendre vers une approche plus efficace ?<\/span><\/p>\n<p><span style=\"color: #000000;\">La r\u00e9ponse se trouverait peut-\u00eatre en r\u00e9alit\u00e9 entre ces deux options ou plut\u00f4t, il faudrait en employer les deux.<\/span><\/p>\n<p><span style=\"color: #000000;\">En effet, il devient imp\u00e9ratif de revoir le syst\u00e8me de la p\u00e9nalit\u00e9 dans son ensemble. La criminalit\u00e9 \u00e9volue aujourd&#8217;hui plus rapidement que les capacit\u00e9s polici\u00e8res. Ces derniers ne sont plus \u00e9quip\u00e9s ou pas suffisamment \u00e9quip\u00e9s pour faire face aux armes et \u00e0 l&#8217;organisation de type &#8220;gu\u00e9rilla&#8221; des gangs. Il leur faut de la formation, de l&#8217;\u00e9quipement et la modernisation de leur approche pour la lutte contre la criminalit\u00e9.<\/span><\/p>\n<p><span style=\"color: #000000;\">Parall\u00e8lement \u00e0 cela, il faut \u00e9galement d\u00e9velopper une police de proximit\u00e9 qui poss\u00e8de des relais et des appuis dans les quartiers sensibles. Le d\u00e9veloppement d&#8217;un lien d&#8217;amiti\u00e9 et de soutien avec les familles et les individus les plus expos\u00e9s aux dangers de la criminalit\u00e9 est essentiel dans le cadre de ce type de lutte.<\/span><\/p>\n<p><span style=\"color: #000000;\">Le syst\u00e8me des prisons doit \u00e9galement \u00eatre modernis\u00e9. La construction de vraies prisons \u00e0 s\u00e9curit\u00e9 maximale pour les grands criminels est une urgence. Il est \u00e9galement essentiel de s\u00e9parer les condamn\u00e9s \u00e0 de petites peines des condamn\u00e9s \u00e0 des peines plus s\u00e9v\u00e8res, tout comme il est essentiel de garder les d\u00e9linquants juv\u00e9niles et les criminels adultes compl\u00e8tement s\u00e9par\u00e9s.<\/span><\/p>\n<p><span style=\"color: #000000;\">Il est urgent de mettre en place un syst\u00e8me d&#8217;apprentissage \u00e0 des m\u00e9tiers et des programmes de r\u00e9insertion pour les d\u00e9linquants juv\u00e9niles. L&#8217;\u00c9tat se doit \u00e9galement de faire un suivi de ces jeunes afin de s&#8217;assurer qu&#8217;ils ne sombrent pas dans la r\u00e9cidive.<\/span><\/p>\n<p><span style=\"color: #000000;\">Parall\u00e8lement, le gouvernement se doit de mieux identifier les priorit\u00e9s en mati\u00e8re de d\u00e9penses sociales. Il est facile d&#8217;identifier les familles et les jeunes les plus \u00e0 risque de sombrer dans la criminalit\u00e9 et d&#8217;en faire des priorit\u00e9s pour les allocations et les programmes de soutien financier et de suivi scolaire, etc.<\/span><\/p>\n<p><span style=\"color: #000000;\">La criminalit\u00e9 devient une r\u00e9alit\u00e9 de plus en plus pr\u00e9sente dans la vie des Mauriciens. Et il est imp\u00e9ratif de commencer \u00e0 d\u00e9velopper une approche renouvel\u00e9e afin de s&#8217;adapter \u00e0 un milieu qui \u00e9volue \u00e0 vitesse grand V. Sans une approche renouvel\u00e9e comme celle-l\u00e0, nous perdrons la bataille contre le crime organis\u00e9 \u00e0 Maurice.<\/span><\/p>\n<p style=\"text-align: center;\"><span style=\"color: #000000;\"><strong>* * *<\/strong><\/span><\/p>\n<p style=\"text-align: center;\"><span style=\"color: #000000;\"><strong><u>La Fed am\u00e9ricaine garde le repo rate inchang\u00e9<\/u><\/strong><\/span><\/p>\n<p><span style=\"color: #000000;\">C&#8217;est l&#8217;annonce \u00e9conomique de la semaine:Jerome Powell, le Chair de la Fed, a annonc\u00e9 que le repo rate resterait inchang\u00e9, malgr\u00e9 le fait que la Fed projetait une augmentation sensible du co\u00fbt de l&#8217;emprunt par 0,5 points d&#8217;ici la fin de l&#8217;ann\u00e9e.<\/span><\/p>\n<p><span style=\"color: #000000;\">La Fed se retrouve en face d&#8217;une situation d\u00e9licate o\u00f9 l&#8217;\u00e9conomie am\u00e9ricaine est en phase de r\u00e9cup\u00e9ration acc\u00e9l\u00e9r\u00e9e apr\u00e8s la crise qui a suivi la pand\u00e9mie de la Covidmais o\u00f9 l&#8217;inflation baisse lentement.<\/span><\/p>\n<p><span style=\"color: #000000;\">En effet, Jerome Powell a d\u00e9crit la croissance\u00e9conomique am\u00e9ricaine et le march\u00e9 du travail comme &#8220;holding up better than expected under the weight of the aggressive monetary policy tightening of the pastyear&#8221;. Ce point est crucial puisque la priorit\u00e9 absolue de la Fed depuis la sortie de la pand\u00e9mie \u00e9tait de stabiliser l&#8217;inflation am\u00e9ricaine. Cet objectif passait avant les consid\u00e9rations li\u00e9es \u00e0 la croissance et \u00e0 la bonne sant\u00e9 (ou non) du march\u00e9 du travail. Or, il est extr\u00eamement int\u00e9ressant de constater que l&#8217;\u00e9conomie am\u00e9ricaine a tenu le choc des politiques mon\u00e9taires agressives et a su r\u00e9sister \u00e0 l&#8217;inflation galopante.<\/span><\/p>\n<p><span style=\"color: #000000;\">L&#8217;annonce du Chair de la Fed sonne ainsi comme une nouvelle phase de la politique mon\u00e9taire am\u00e9ricaine qui est en train de se mettre en place. Cette nouvelle phase s&#8217;appuie sur une reprise solide et envoie un signal positif aux march\u00e9s financiers et \u00e0 l&#8217;\u00e9conomie mondiale.<\/span><\/p>\n<p><span style=\"color: #000000;\">Non seulement l&#8217;\u00e9conomie am\u00e9ricaine n&#8217;est pas entr\u00e9e en r\u00e9cession comme l&#8217;avaient annonc\u00e9 plusieurs \u00e9conomistes de renom, mais elle semble sortir plus rapidement que pr\u00e9vu de la crise \u00e9conomique. Cela dit, Jerome Powell se veut prudent et assure que la Fed continuera \u00e0 suivre la situation de tr\u00e8s pr\u00e8s car cette derni\u00e8re reste volatile.<\/span><\/p>\n<p><span style=\"color: #000000;\">Parall\u00e8lement HarveshSeegoolam, le gouverneur de la BOM, a annonc\u00e9 des projections positives pour l&#8217;\u00e9conomie mauricienne. En effet, apr\u00e8s avoir atteint un Peak de 11,3% en d\u00e9but d&#8217;ann\u00e9e, l&#8217;inflation devrait conna\u00eetre une baisse graduelle jusqu&#8217;\u00e0 atteindre 6,8% \u00e0 la fin de cette ann\u00e9e, selon les projections de la BOM. HarveshSeegoolam a m\u00eame annonc\u00e9 que l&#8217;inflation devrait continuer \u00e0 baisser en 2024 pour passer sous la barre des 5%.<\/span><\/p>\n<p><span style=\"color: #000000;\">Si ces projections se r\u00e9alisent, Maurice ne sera plus en phase de reprise mais en phase de relance \u00e9conomique. Nous savons que les trois secteurs cl\u00e9s de l&#8217;activit\u00e9 \u00e9conomique sont aujourd&#8217;hui consolid\u00e9s. Le tourisme ne conna\u00eet pas la crise mondiale, le secteur de l&#8217;immobilier ne cesse de cro\u00eetre et le secteur financier est sorti de la liste noire.<\/span><\/p>\n<p><span style=\"color: #000000;\">De plus, le march\u00e9 de l&#8217;emploi se porte \u00e9galement bien, m\u00eame si le ch\u00f4mage ne baisse que sensiblement. Ceci est d\u00fb au fait qu&#8217;il y a actuellement plusieurs milliers d&#8217;emplois \u00e0 pourvoir dans les diff\u00e9rents secteurs, mais que les applications pour ces emplois restent limit\u00e9es, ce qui pousse les op\u00e9rateurs \u00e0 recourir \u00e0 l&#8217;importation du travail.<\/span><\/p>\n<p><span style=\"color: #000000;\">Seul le temps dira si le &#8220;positive outlook&#8221; actuel sera maintenu ou non, surtout dans un contexte volatile o\u00f9 la moindre instabilit\u00e9 g\u00e9opolitique pourrait tuer la reprise \u00e9conomique et envoyer l&#8217;\u00e9conomie mondiale dans une r\u00e9cession durable.<\/span><\/p>\n<p style=\"text-align: center;\"><span style=\"color: #000000;\"><strong>* * *<\/strong><\/span><\/p>\n<p style=\"text-align: center;\"><span style=\"color: #000000;\"><strong>&#8220;Au commencement \u00e9tait la guerre&#8221;<\/strong><\/span><\/p>\n<p><span style=\"color: #000000;\">Alain Bauer, g\u00e9opolitologue de renom et ancien conseiller du Pr\u00e9sident Sarkozy en mati\u00e8re de s\u00e9curit\u00e9, vient de publier un livre intitul\u00e9 &#8220;Au commencement \u00e9tait la guerre&#8221;.<\/span><\/p>\n<p><span style=\"color: #000000;\">Cet ouvrage br\u00fblant d&#8217;actualit\u00e9 nous livre une analyse d\u00e9passionn\u00e9e et extr\u00eamement rationnelle de l&#8217;\u00e9tat actuel du monde via le prisme des guerres et des conflits qui s&#8217;y d\u00e9roulent actuellement. Il tente d&#8217;ailleurs de d\u00e9truire la th\u00e8se qui triompha et orienta les politiques internationales des puissances mondiales apr\u00e8s l&#8217;effondrement du bloc sovi\u00e9tique et la fin de la Guerre Froide : le fait que c&#8217;est l&#8217;\u00e9conomie de march\u00e9, et plus le potentiel d&#8217;une g\u00e9n\u00e9ralisation de la guerre, qui r\u00e9git et ordonne la mondialisation, et o\u00f9 les guerres n&#8217;\u00e9taient plus que des \u00e9v\u00e8nements rares localis\u00e9s et sans incidence r\u00e9elle sur la conduite du monde.<\/span><\/p>\n<p><span style=\"color: #000000;\">Pour Alain Bauer, nous sommes donc dans une situation analogue \u00e0 la fameuse th\u00e8se de Clausewitz qui pensait que la guerre \u00e9tait la continuation de la politique par d&#8217;autres moyens. Cela signifie une chose radicalement diff\u00e9rente de l&#8217;hypoth\u00e8se que Bauer tente de critiquer : le fait que le lien entre politique et guerre soit intime, et que la guerre est un potentiel permanent qui est elle-m\u00eame inscrite dans la politique.<\/span><\/p>\n<p><span style=\"color: #000000;\">Ainsi, Alain Bauer interpr\u00e8te la guerre en Ukraine comme le retour officiel d&#8217;un \u00e9tat de guerre permanente, une nouvelle Guerre Froide qui sera structur\u00e9e par les transformations des rapports de pouvoir \u00e0 l&#8217;\u00e9chelle du globe et par les avanc\u00e9es technologiques extr\u00eamement rapides de l&#8217;industrie de l&#8217;armement et de l&#8217;intelligence artificielle.<\/span><\/p>\n<p><span style=\"color: #000000;\">Cette lecture peut sembler pessimiste, mais Alain Bauer ne pr\u00e9dit pas forc\u00e9ment l&#8217;apparition d&#8217;un conflit arm\u00e9 d&#8217;envergure comme le furent les deux guerres mondiales au XX\u00e8me si\u00e8cle. Il voit bien plut\u00f4t une multiplication des conflits de longue dur\u00e9e. Par exemple, il n&#8217;h\u00e9site pas \u00e0 affirmer que la guerre en Ukraine durera aussi longtemps que la guerre de Cor\u00e9e &#8211; qui est une guerre continue puisqu&#8217;aucun trait\u00e9 de paix n&#8217;a \u00e9t\u00e9 sign\u00e9 entre les deux Cor\u00e9es.<\/span><\/p>\n<p><span style=\"color: #000000;\">Tout cela peut sembler trop abstrait, mais lorsque l&#8217;on observe les choses de pr\u00e8s, il se pourrait bien qu&#8217;Alain Bauer nous livre une analyse extr\u00eamement juste de la situation actuelle. Il suffit d&#8217;observer la volont\u00e9 des \u00c9tats-Unis d&#8217;\u00e9tendre l&#8217;OTAN sur le continent asiatique afin d&#8217;encercler la Chine, tout comme l&#8217;OTAN a en quelque sorte encercl\u00e9 la Russie. Narendra Modi, qui sera bient\u00f4t en visite officielle aux \u00c9tats-Unis, a d&#8217;ailleurs rejet\u00e9 l&#8217;invitation des USA \u00e0 ouvrir un bureau de l&#8217;OTAN sur son territoire (chose que le Japon pourrait d&#8217;ailleurs faire, m\u00eame si Emmanuel Macron s&#8217;est dit ouvertement oppos\u00e9 \u00e0 cela).<\/span><\/p>\n<p><span style=\"color: #000000;\">Cette volont\u00e9 d&#8217;encerclement de la Chine par les USA signifie justement cette g\u00e9n\u00e9ralisation de la militarisation, et donc de la possibilit\u00e9 de la guerre. Parall\u00e8lement, la volont\u00e9 chinoise de reprendre Taiwan et la vitesse \u00e0 laquelle l&#8217;arm\u00e9e chinoise investit dans sa marine n&#8217;annonce rien de bon pour la paix mondiale. Le sch\u00e9ma de Clausewitz, o\u00f9 la guerre appara\u00eet lorsque la politique \u00e9choue, redevient donc une r\u00e9elle possibilit\u00e9. La voie diplomatique fonctionne pour l&#8217;instant plut\u00f4t bien, mais est-ce que ce sera le cas pendant encore longtemps ?<\/span><\/p>\n<p><span style=\"color: #000000;\">Ce qui est s\u00fbr, c&#8217;est que nous entrons dans un monde qui deviendra de plus en plus dangereux et volatile, et que Maurice se trouve au c\u0153ur de cet \u00e9chiquier, de par notre positionnement territorial dans un oc\u00e9an Indien qui devient de plus en plus strat\u00e9gique.<\/span><\/p>\n<p><span style=\"color: #000000;\">Il est plus que jamais urgent d&#8217;exercer la prudence la plus absolue quant \u00e0 notre positionnement et nos alliances strat\u00e9giques.<\/span><\/p>\n<hr \/>\n<p><span style=\"color: #800000;\">Mauritius Times ePaper Friday 16 June 2023<\/span><\/p>\n","protected":false},"excerpt":{"rendered":"<p>Eclairages<\/p>\n","protected":false},"author":424,"featured_media":37536,"comment_status":"open","ping_status":"open","sticky":false,"template":"","format":"standard","meta":{"jetpack_post_was_ever_published":false,"_jetpack_newsletter_access":"","_jetpack_dont_email_post_to_subs":false,"_jetpack_newsletter_tier_id":0,"_jetpack_memberships_contains_paywalled_content":false,"_jetpack_memberships_contains_paid_content":false,"footnotes":"","jetpack_publicize_message":"","jetpack_publicize_feature_enabled":true,"jetpack_social_post_already_shared":true,"jetpack_social_options":{"image_generator_settings":{"template":"highway","default_image_id":0,"font":"","enabled":false},"version":2}},"categories":[6,25],"tags":[38649,38640,5785,38644,3146,3722,38650,23141,6908,16783,38639,23488,38645,6932,10468,35517,92,22166,38642,38634,33522,36791,38647,38646,17845,38594,7501,24443,4787,8515,9422,32394,38648,8782,38637,38641,38636,38643,38638,38635,22004,31567,116],"class_list":["post-37535","post","type-post","status-publish","format-standard","has-post-thumbnail","hentry","category-latest-news","category-politics","tag-alain-bauer","tag-allocations","tag-bom","tag-chair-de-la-fed","tag-chomage","tag-clausewitz","tag-coree","tag-covid","tag-criminalite","tag-croissance-economique","tag-delinquants-juveniles","tag-developpement-economique","tag-economie-americaine","tag-economie-mauricienne","tag-economie-mondiale","tag-economique","tag-emmanuel-macron","tag-etats-unis","tag-fed-americaine","tag-femme-kidnappee","tag-geopolitique","tag-guerre-froide","tag-harveshseegoolam","tag-inflation-galopante","tag-intelligence-artificielle","tag-japon","tag-jerome-powell","tag-la-chine","tag-maurice","tag-mauriciens","tag-ocean-indien","tag-otan","tag-policy-makers","tag-president-sarkozy","tag-prisons","tag-programmes-de-soutien-financier","tag-quartiers-sensibles","tag-repo-rate-inchange","tag-securite-maximale","tag-sociologues-de-facebook","tag-taiwan","tag-ukraine","tag-usa"],"jetpack_publicize_connections":[],"jetpack_featured_media_url":"https:\/\/i0.wp.com\/www.mauritiustimes.com\/mt\/wp-content\/uploads\/2023\/06\/E-La-course-a-laudimat-1.jpg?fit=1200%2C675&ssl=1","jetpack_sharing_enabled":true,"jetpack_shortlink":"https:\/\/wp.me\/p8QzSF-9Lp","_links":{"self":[{"href":"https:\/\/www.mauritiustimes.com\/mt\/wp-json\/wp\/v2\/posts\/37535","targetHints":{"allow":["GET"]}}],"collection":[{"href":"https:\/\/www.mauritiustimes.com\/mt\/wp-json\/wp\/v2\/posts"}],"about":[{"href":"https:\/\/www.mauritiustimes.com\/mt\/wp-json\/wp\/v2\/types\/post"}],"author":[{"embeddable":true,"href":"https:\/\/www.mauritiustimes.com\/mt\/wp-json\/wp\/v2\/users\/424"}],"replies":[{"embeddable":true,"href":"https:\/\/www.mauritiustimes.com\/mt\/wp-json\/wp\/v2\/comments?post=37535"}],"version-history":[{"count":0,"href":"https:\/\/www.mauritiustimes.com\/mt\/wp-json\/wp\/v2\/posts\/37535\/revisions"}],"wp:featuredmedia":[{"embeddable":true,"href":"https:\/\/www.mauritiustimes.com\/mt\/wp-json\/wp\/v2\/media\/37536"}],"wp:attachment":[{"href":"https:\/\/www.mauritiustimes.com\/mt\/wp-json\/wp\/v2\/media?parent=37535"}],"wp:term":[{"taxonomy":"category","embeddable":true,"href":"https:\/\/www.mauritiustimes.com\/mt\/wp-json\/wp\/v2\/categories?post=37535"},{"taxonomy":"post_tag","embeddable":true,"href":"https:\/\/www.mauritiustimes.com\/mt\/wp-json\/wp\/v2\/tags?post=37535"}],"curies":[{"name":"wp","href":"https:\/\/api.w.org\/{rel}","templated":true}]}}