{"id":37241,"date":"2023-05-05T17:30:00","date_gmt":"2023-05-05T13:30:00","guid":{"rendered":"http:\/\/www.mauritiustimes.com\/mt\/?p=37241"},"modified":"2023-08-11T19:17:56","modified_gmt":"2023-08-11T15:17:56","slug":"plus-de-60-de-lelectorat-ne-soutiennent-plus-les-partis-traditionnels","status":"publish","type":"post","link":"https:\/\/www.mauritiustimes.com\/mt\/plus-de-60-de-lelectorat-ne-soutiennent-plus-les-partis-traditionnels\/","title":{"rendered":"&#8220;Plus de 60% de l\u2019\u00e9lectorat ne soutiennent plus les partis traditionnels"},"content":{"rendered":"<h5 style=\"text-align: center;\"><span style=\"color: #800000;\"><u>Interview: Jocelyn Chan Low, Historien<\/u><\/span><\/h5>\n<h5 style=\"text-align: center;\"><span style=\"color: #800000;\"><u><img data-recalc-dims=\"1\" loading=\"lazy\" decoding=\"async\" data-attachment-id=\"37242\" data-permalink=\"https:\/\/www.mauritiustimes.com\/mt\/plus-de-60-de-lelectorat-ne-soutiennent-plus-les-partis-traditionnels\/jocelyn-chan-low-5-may-23-1\/\" data-orig-file=\"https:\/\/i0.wp.com\/www.mauritiustimes.com\/mt\/wp-content\/uploads\/2023\/05\/JOCELYN-CHAN-LOW-5-MAY-23-1.jpg?fit=1200%2C869&amp;ssl=1\" data-orig-size=\"1200,869\" data-comments-opened=\"1\" data-image-meta=\"{&quot;aperture&quot;:&quot;0&quot;,&quot;credit&quot;:&quot;&quot;,&quot;camera&quot;:&quot;&quot;,&quot;caption&quot;:&quot;&quot;,&quot;created_timestamp&quot;:&quot;0&quot;,&quot;copyright&quot;:&quot;&quot;,&quot;focal_length&quot;:&quot;0&quot;,&quot;iso&quot;:&quot;0&quot;,&quot;shutter_speed&quot;:&quot;0&quot;,&quot;title&quot;:&quot;&quot;,&quot;orientation&quot;:&quot;0&quot;}\" data-image-title=\"JOCELYN CHAN LOW -5 MAY 23 (1)\" data-image-description=\"\" data-image-caption=\"\" data-large-file=\"https:\/\/i0.wp.com\/www.mauritiustimes.com\/mt\/wp-content\/uploads\/2023\/05\/JOCELYN-CHAN-LOW-5-MAY-23-1.jpg?fit=640%2C464&amp;ssl=1\" class=\"aligncenter size-full wp-image-37242\" src=\"https:\/\/i0.wp.com\/www.mauritiustimes.com\/mt\/wp-content\/uploads\/2023\/05\/JOCELYN-CHAN-LOW-5-MAY-23-1.jpg?resize=640%2C463&#038;ssl=1\" alt=\"\" width=\"640\" height=\"463\" srcset=\"https:\/\/i0.wp.com\/www.mauritiustimes.com\/mt\/wp-content\/uploads\/2023\/05\/JOCELYN-CHAN-LOW-5-MAY-23-1.jpg?w=1200&amp;ssl=1 1200w, https:\/\/i0.wp.com\/www.mauritiustimes.com\/mt\/wp-content\/uploads\/2023\/05\/JOCELYN-CHAN-LOW-5-MAY-23-1.jpg?resize=300%2C217&amp;ssl=1 300w, https:\/\/i0.wp.com\/www.mauritiustimes.com\/mt\/wp-content\/uploads\/2023\/05\/JOCELYN-CHAN-LOW-5-MAY-23-1.jpg?resize=1024%2C742&amp;ssl=1 1024w, https:\/\/i0.wp.com\/www.mauritiustimes.com\/mt\/wp-content\/uploads\/2023\/05\/JOCELYN-CHAN-LOW-5-MAY-23-1.jpg?resize=768%2C556&amp;ssl=1 768w, https:\/\/i0.wp.com\/www.mauritiustimes.com\/mt\/wp-content\/uploads\/2023\/05\/JOCELYN-CHAN-LOW-5-MAY-23-1.jpg?resize=140%2C100&amp;ssl=1 140w\" sizes=\"auto, (max-width: 640px) 100vw, 640px\" \/><\/u><\/span><!--more--><\/h5>\n<h2 style=\"text-align: center;\"><span style=\"color: #800000;\"><strong>Ce pourcentage ne fait que cro\u00eetre au vu des scandales et all\u00e9gations visant le gouvernement et l\u2019inefficacit\u00e9 per\u00e7ue des partis de l\u2019opposition&#8221;<\/strong><\/span><\/h2>\n<h3><strong><span style=\"color: #000000;\">* &#8216;Les dirigeants de l\u2019opposition doivent se poser cette question fondamentale : Pourquoi malgr\u00e9 les all\u00e9gations de scandales \u00e9norme., ils ne progressent pas dans l\u2019opinion publique?&#8217;<\/span><\/strong><\/h3>\n<h3><strong><span style=\"color: #000000;\">* &#8216;C\u2019est toujours hasardeux pour un leader de l\u2019opposition de <em>cross the floor <\/em>pour rejoindre les rangs du gouvernement&#8217;<\/span><\/strong><\/h3>\n<p><strong><span style=\"color: #000000;\">Le folklore local du 1<sup>er<\/sup> mai ayant pris fin, Jocelyn Chan Low &#8211; historien et observateur averti de la soci\u00e9t\u00e9 mauricienne \u2013 fait une analyse de la situation en 2023. Les votants ont chang\u00e9, la fuite des cerveaux fait rage, les citoyens se d\u00e9foulent uniquement au moyen des outils num\u00e9riques comme Facebook mais demeurent passifs. Par ailleurs, la classe des travailleurs et des militants n\u2019est plus ce qu\u2019elle \u00e9tait\u2026 De l\u2019autre c\u00f4t\u00e9 de la sc\u00e8ne, la politique mauricienne, elle, est rest\u00e9e la m\u00eame, coinc\u00e9e dans des rouages qui ne font pas honneur au pays, clou\u00e9e et chevill\u00e9e, semble-t-il\u2026 au point o\u00f9 les citoyens ne votent plus pour un parti mais uniquement contre le gouvernement du jour\u2026 Mais l&#8217;espoir de changement attendu s&#8217;amenuise d&#8217;une \u00e9lection \u00e0 l&#8217;autre ! Jocelyn Chan Low fait ressortir un probl\u00e8me de taille \u2013 l\u2019absence de renouvellement politique \u00e0 ce jour : p\u00e9nurie d\u2019id\u00e9es, de propositions, de solutions. Souvent, les dirigeants donnent l&#8217;impression de ne pas comprendre les enjeux du futur et les jeunes se d\u00e9sint\u00e9ressent de la chose politique. Nous lui laissons la parole.<\/span><\/strong><\/p>\n<p><strong>Mauritius Times: Le MSM a-t-il, selon vous, r\u00e9ussi son pari lundi dernier avec son rassemblement \u00e0 Vacoas \u00e0 l&#8217;occasion de la c\u00e9l\u00e9bration du 1er Mai, cela en l&#8217;absence de son challenger principal, en l&#8217;occurrence l&#8217;alliance en devenir r\u00e9unissant les trois principaux partis de l&#8217;Opposition &#8211; le PTr, le <span style=\"color: #000000;\">MMM et le PMSD?<\/span><\/strong><\/p>\n<p><span style=\"color: #000000;\"><strong>Jocelyn Chan Low: <\/strong>Si l\u2019on croit les affirmations des dirigeants du MSM et de ses alli\u00e9s, et si l\u2019on se fie aux reportages de la MBC, remplis de \u2018camera effects&#8217; (jeu de perspectives, etc), la foule qui s\u2019est d\u00e9plac\u00e9e \u00e0 Vacoas \u00e9tait une foule \u2018monstre\u2019, \u00e9valu\u00e9e \u00e0 quelques 20,000 personnes. Mais la r\u00e9alit\u00e9 est toute autre.<\/span><\/p>\n<p><span style=\"color: #000000;\">D\u00e9j\u00e0 tout observateur politique qui se respecte aurait divis\u00e9 ce chiffre par trois au minimum pour avoir une id\u00e9e plus vraisemblable de la r\u00e9alit\u00e9. En fait, apr\u00e8s que les clameurs se sont tues, il devient de plus en plus \u00e9vident que c\u2019\u00e9tait une foule plut\u00f4t moyenne. Certains journalistes, \u00e0 l\u2019instar de Sedley Assonne dans le journal Mazavaroo, avance le chiffre de quelques 5,000 personnes et conclut que le gouvernement a de quoi de s\u2019inqui\u00e9ter, compte tenu des moyens logistiques extr\u00eamement co\u00fbteux d\u00e9ploy\u00e9s pour le rassemblement: pr\u00e8s de 400 autobus, le briyani, l\u2019attrait du &#8216;picnic&#8217; \u00e0 la plage et autres r\u00e9compenses, la mobilisation des travailleurs bangladeshis, etc.<\/span><\/p>\n<p><span style=\"color: #000000;\">Tout cela est attest\u00e9 par des reportages citoyens \u00e0 travers des clips post\u00e9s sur les r\u00e9seaux sociaux. En outre, la composition de l\u2019assistance \u00e9tait loin de refl\u00e9ter proportionnellement la diversit\u00e9 de l\u2019\u00e9lectorat. Parler de grande r\u00e9ussite dans ces conditions rel\u00e8ve de la communication de propagande.<\/span><\/p>\n<p><span style=\"color: #000000;\"><strong>* Vous ne voyez donc pas le rapport de force sur l&#8217;\u00e9chiquier politique prendre une autre tournure avec cette tentative non r\u00e9ussie de d\u00e9monstration de force en solo du MSM, ce qui aurait pu amener l&#8217;un ou l&#8217;autre parmi ces trois principaux partis de l&#8217;Opposition \u00e0 revoir ses options politiques ?<\/strong><\/span><\/p>\n<p><span style=\"color: #000000;\">C\u2019\u00e9tait surtout une d\u00e9monstration de force de la capacit\u00e9 organisationnelle et de la logistique du MSM, soutenue par des capacit\u00e9s financi\u00e8res consid\u00e9rables. Mais tout cela s\u2019est sold\u00e9 par un demi-\u00e9chec.<\/span><\/p>\n<p><span style=\"color: #000000;\">Je vois mal dans ces conditions un r\u00e9alignement sur l\u2019\u00e9chiquier politique. Certes, la composition sociologique de la foule a r\u00e9v\u00e9l\u00e9 la faiblesse des alli\u00e9s du MSM, \u00e0 l\u2019instar du Muvman Liberater, de laPlateforme Militante et du parti de Ganoo, d\u2019o\u00f9 l\u2019appel du pied au PMSD pour une plus grande repr\u00e9sentation symbolique des minorit\u00e9s au sein de l\u2019\u00e9quipe gouvernementale.<\/span><\/p>\n<p><span style=\"color: #000000;\">Mais c\u2019est toujours hasardeux pour un leader de l\u2019opposition de changer d\u2019all\u00e9geance ou de cross the floor pour rejoindre les rangs du gouvernement, surtout que ce dernier est in\u00e9vitablement la cible des attaques frontales qu\u2019il doit mener au Parlement \u00e0 travers les PNQs.<\/span><\/p>\n<p><span style=\"color: #000000;\"><strong>* On peut comprendre l&#8217;absence du MMM et du PMSD de ces c\u00e9l\u00e9brations du 1er Mai au regard de leur poids \u00e9lectoral pr\u00e9sentement, mais qu&#8217;en est-il du PTr qui a fait des propositions pour des \u00e9lections vraiment &#8220;free and fair&#8221; sa priorit\u00e9 du moment?<\/strong><\/span><\/p>\n<p><span style=\"color: #000000;\">Depuis des lustres, les rassemblements du 1er Mai n\u2019attirent plus la grande foule. Si l\u2019on ajoute les foules qui se d\u00e9placent dans les diff\u00e9rents meetings, on ne d\u00e9passe que rarement les 12,000 personnes.<\/span><\/p>\n<p><span style=\"color: #000000;\">La raison est simple: le 1er Mai comm\u00e9more la lutte des travailleurs et quand le PTr etle MMM avaient encore de solides assises au sein de la classe syndicale et ouvri\u00e8re, ils arrivaient \u00e0 mobiliser un grand nombre de travailleurs par un discours autour de la lutte des classes. Ce n\u2019est plus le cas aujourd\u2019hui.<\/span><\/p>\n<p><span style=\"color: #000000;\">De ce fait, les rassemblements ont perdu leur sens et leur int\u00e9r\u00eat. En r\u00e9alit\u00e9, au fil des ann\u00e9es, il y a eu un \u2018diminishing return\u2019 sur l\u2019investissement par rapport au nombre de partisans mobilis\u00e9s &#8211; et tout cela dans le cadre d\u2019une d\u00e9monstration de force truqu\u00e9e et factice.<\/span><\/p>\n<p><span style=\"color: #000000;\">Il est aussi vrai que si l\u2019on se r\u00e9f\u00e8re \u00e0 l\u2019aspect politicien de ces rassemblements, il est un fait que plus de 60% de l\u2019\u00e9lectorat ne soutiennent plus les partis traditionnels &#8211; les mainstream parties du gouvernement et de l\u2019opposition confondus. Et ce pourcentage ne fait que cro\u00eetre au vu des scandales et all\u00e9gations visant le gouvernement et l\u2019inefficacit\u00e9 per\u00e7ue des partis de l\u2019opposition qui, pour beaucoup, sont dirig\u00e9s par des personnalit\u00e9s jug\u00e9es comme des self-seekers qui ne feront pas mieux une fois au pouvoir.<\/span><\/p>\n<p><span style=\"color: #000000;\">Dans ce cas, comment peut-on mobiliser une foule de milliers de citoyens semblable \u00e0 celle des Marches du Wakashio ou de l\u2019affaire Kistnen ?<\/span><\/p>\n<p><span style=\"color: #000000;\"><strong>* On ne sait pas \u00e0 ce stade si les obstacles majeurs \u00e0 la concr\u00e9tisation d&#8217;une alliance r\u00e9unissant ces trois partis ont \u00e9t\u00e9 aplanis, mais ce qui va compter en fin de compte aux yeux de l&#8217;\u00e9lectorat, c&#8217;est qu&#8217;une \u00e9ventuelle alliance r\u00e9unissant le PTr, le MMM et le PMSD constitue une \u00e9quipe gagnante. Sauront-ils convaincre l&#8217;\u00e9lectorat, selon vous?<\/strong><\/span><\/p>\n<p><span style=\"color: #000000;\">La majorit\u00e9 de l\u2019\u00e9lectorat se trouve dans le camp de ceux qui cherchent une solution en dehors de l\u2019offre politique actuelle, que ce soit dans les partis traditionnels parlementaires ou dans les partis extra parlementaires. Comment convaincre cette majorit\u00e9\u00a0? Cela reste un enjeu majeur.<\/span><\/p>\n<p><span style=\"color: #000000;\">Ainsi, au-del\u00e0 de la concr\u00e9tisation d\u2019une alliance, seule une politique de rupture totale au niveau des propositions, mais surtout au niveau de l\u2019\u00e9quipe dirigeante, aurait une chance de r\u00e9ussir.<\/span><\/p>\n<p><span style=\"color: #000000;\">Les dirigeants de l\u2019opposition doivent se poser cette question fondamentale : Pourquoi malgr\u00e9 les all\u00e9gations de scandales \u00e9normes et autre maldonnes comme l&#8217;on n\u2019en a jamais vu dans l\u2019Histoire de Maurice &#8211; Wakashio, assassinat de Kistnen, affaire Franklin, Black Label Stag Party, &#8216;raves parties&#8217; pr\u00e8s de Grand Bassin, scandales r\u00e9p\u00e9t\u00e9s ayant trait au &#8216;procurement&#8217; pendant l\u2019\u00e9pid\u00e9mie de la Covid, etc., ils ne progressent pas dans l\u2019opinion publique bien que la c\u00f4te du gouvernement diminue consid\u00e9rablement ? Est-ce d\u00fb \u00e0 un credibilty gap (manque ou perte de cr\u00e9dibilit\u00e9) qui s\u2019est install\u00e9 durablement et d\u2019une mani\u00e8re irr\u00e9versible entre les dirigeants de ces partis et la population?<\/span><\/p>\n<p><span style=\"color: #000000;\"><strong>* Navin Ramgoolam \u00e9prouvera donc des difficult\u00e9s \u00e0 vendre son alliance avec Paul B\u00e9renger lors des prochaines l\u00e9gislatives? Et, l&#8217;inverse serait \u00e9galement vrai ?<\/strong><\/span><\/p>\n<p><span style=\"color: #000000;\">Le fait que plus de 60% de l\u2019\u00e9lectorat ne se retrouvent plus dans les partis traditionnels d\u00e9montre \u00e0 quel point le hardcore, le noyau dur, des divers partis s\u2019est effrit\u00e9 consid\u00e9rablement au fil des ann\u00e9es. Nous sommes en pr\u00e9sence d\u2019un fait compl\u00e8tement nouveau et in\u00e9dit dans l\u2019Histoire politique de Maurice et il faut int\u00e9grer ce fait dans toute analyse de la situation politique du pays.<\/span><\/p>\n<p><span style=\"color: #000000;\">Convaincre les partisans, ceux qui restent fid\u00e8les aux divers partis, ne suffira certainement pas pour gagner les \u00e9lections. Le seul moyen d\u2019y parvenir, c\u2019est un changement drastique au niveau des programmes, des pratiques, mais surtout au niveau de la constitution de l\u2019\u00e9quipe dirigeante de ces divers partis.<\/span><\/p>\n<p><span style=\"color: #000000;\"><strong>* Par ailleurs, un fait int\u00e9ressant \u00e0 noter, c&#8217;est le succ\u00e8s relatif des rassemblements des partis de Valayden et Bhadain dans le cadre de la c\u00e9l\u00e9bration de la f\u00eate du Travail. Bruneau Laurette, absent pour le moment, sera certainement de la course s&#8217;il arrive \u00e0 se d\u00e9m\u00ealer de ses tracasseries avec la justice. Tout ce beau monde ne pourra toutefois que faire le jeu de Pravind Jugnauth, non?<\/strong><\/span><\/p>\n<p><span style=\"color: #000000;\">Le succ\u00e8s relatif des rassemblements des partis extraparlementaires proc\u00e8de de cette nouvelle donne : la m\u00e9fiance et l\u2019\u00e9loignement grandissant de la majorit\u00e9 de l\u2019\u00e9lectorat des partis traditionnels. En outre, il s\u2019agit d\u2019un \u00e9lectorat qui s\u2019est consid\u00e9rablement rajeuni depuis les ann\u00e9es 1970-1990.<\/span><\/p>\n<p><span style=\"color: #000000;\">Mais cette aspiration \u00e0 une nouvelle offre politique proc\u00e8de aussi d\u2019un rejet de certaines pratiques politiques associ\u00e9es, \u00e0 tort ou \u00e0 raison, aux partis traditionnels : le manque de coh\u00e9rence entre les discours et les pratiques politiques, les zig-zags opportunistes li\u00e9s \u00e0 une trop grande soif de pouvoir, les scandales pour certains, l\u2019arrogance vis-\u00e0-vis du peuple, etc.<\/span><\/p>\n<p><span style=\"color: #000000;\">Malheureusement dans les partis extra parlementaires on retrouve un grand nombre d\u2019anciens du syst\u00e8me qui tentent de se recycler en \u2018nouveaut\u00e9s\u2019 tout en tra\u00eenant derri\u00e8re eux les m\u00eames tares ou autant de casseroles. De m\u00eame certains de ces partis reproduisent dans leur fonctionnement les m\u00eames caract\u00e9ristiques de parti personnel, non d\u00e9mocratique et non collectif, mais qui tourne autour d\u2019un leader supr\u00eame et autoritaire. Personne n\u2019est dupe &#8211; d\u2019o\u00f9 leurs difficult\u00e9s \u00e0 d\u00e9coller au-del\u00e0 d\u2019un cercle restreint.<\/span><\/p>\n<p><span style=\"color: #000000;\">Il est \u00e9vident, cependant, que m\u00eame s\u2019il n\u2019arrive pas \u00e0 satisfaire la demande d\u2019une nouvelle offre politique, ce que la majorit\u00e9 des \u00e9lecteurs semble souhaiter, ils vont diviser le protest vote (le vote protestataire) dirig\u00e9 contre le gouvernement.<\/span><\/p>\n<p><span style=\"color: #000000;\"><strong>* Pravind Jugnauth ne cesse d&#8217;affirmer qu&#8217;il ira au bout de son mandat. Il dit \u00eatre &#8220;tr\u00e8s serein&#8221; par rapport \u00e0 l\u2019appel de la p\u00e9tition \u00e9lectorale devant le Privy Council, log\u00e9e par Suren Dayal, et il saura utiliser les fonds publics \u00e0 des fins politiques au bon moment afin d&#8217;\u00e9viter toute censure l\u00e9gale. Voyez-vous d&#8217;autres raisons pour qu\u2019il \u00e9courte son mandat?<\/strong><\/span><\/p>\n<p><span style=\"color: #000000;\">Il n\u2019y en a aucune. Il dispose d\u2019une majorit\u00e9 confortable au parlement bien que son parti et ses alli\u00e9s n\u2019ont r\u00e9colt\u00e9 que 37% de l\u2019\u00e9lectorat. Ses alli\u00e9s lui sont totalement vassalis\u00e9s. On n\u2019a qu\u2019\u00e0 voir la r\u00e9action pitoyable d\u2019Ivan Collendavelloo face aux humiliations que son parti subit au sein de l\u2019alliance.<\/span><\/p>\n<p><span style=\"color: #000000;\">Il est vrai que la situation \u00e9conomique risque de se d\u00e9t\u00e9riorer avec les pr\u00e9dictions de plus en plus nombreuses d\u2019une r\u00e9cession \u00e9conomique mondiale \u00e0 venir, ce qui impactera in\u00e9vitablement sur l\u2019\u00e9conomie mauricienne. Mais je ne crois pas que le r\u00e9gime actuel prend cela en ligne de compte dans ses calculs politiques. Apr\u00e8s avoir \u00e9puis\u00e9 dangereusement les r\u00e9serves de Maurice, cela ne m\u2019\u00e9tonnera pas qu\u2019il fasse appel \u00e0 des pr\u00eats sur le march\u00e9 international dans le cas d\u2019une crise \u00e9conomique et financi\u00e8re, quitte \u00e0 endetter le pays davantage et \u00e0 ruiner l\u2019avenir des g\u00e9n\u00e9rations futures.<\/span><\/p>\n<p><span style=\"color: #000000;\"><strong>* Un autre fait int\u00e9ressant \u00e0 noter, c&#8217;est un d\u00e9but de d\u00e9bat initi\u00e9 par les syndicalistes qui cherchent \u00e0 analyser et \u00e0 comprendre l&#8217;impact des syst\u00e8mes de l&#8217;IA (Intelligence Artificielle) sur le travail dans des organisations de toutes tailles. Faut-il craindre l&#8217;IA, selon vous?<\/strong><\/span><\/p>\n<p><span style=\"color: #000000;\">En ce moment, nous assistons \u00e0 une v\u00e9ritable r\u00e9volution dans l\u2019Histoire de l\u2019humanit\u00e9, comparable \u00e0 la r\u00e9volution de l\u2019agriculture qui a eu lieu quelques millions d\u2019ann\u00e9es de cela ou \u00e0 la r\u00e9volution industrielle du 19\u00e8me si\u00e8cle ou encore \u00e0 l\u2019av\u00e8nement de la soci\u00e9t\u00e9 de l\u2019information, il y a quelques d\u00e9cennies.<\/span><\/p>\n<p><span style=\"color: #000000;\">Marshall Mc Luhan a \u00e9crit: \u2018First we build the tools, then they build us&#8230;\u2019 pour souligner comment la technologie fa\u00e7onne le destin de l\u2019Homme. Et l\u2019intelligence artificielle va bouleverser compl\u00e8tement nos soci\u00e9t\u00e9s, plus particuli\u00e8rement le monde du travail.<\/span><\/p>\n<p><span style=\"color: #000000;\">Goldman Sachs estimait dans un dernier rapport que plus de 300 millions de jobs seraient impact\u00e9s dans le monde par l\u2019IA d\u2019ici quelques ann\u00e9es. Un grand nombre de m\u00e9tiers et de professions vont soit dispara\u00eetre ou vont \u00eatre totalement transform\u00e9es. Parmi on retrouve non seulement des blue collar jobs \u2013 chauffeurs de taxi, chauffeurs de poids lourds, machinistes, store-keepers, etc., mais surtout des professions \u2013comptables, traders, hommes de loi, \u00e9conomistes, management consultants, banquiers, t\u00e9l\u00e9 agents, radiologues, etc.<\/span><\/p>\n<p><span style=\"color: #000000;\">La liste est tellement longue que Kai-Fu Lee, l\u2019auteur du best seller qui traite de ces questions dans son ouvrage intitul\u00e9 &#8216;La plus Grande Mutation de l\u2019Histoire&#8217; (2019) estime qu\u2019il est pr\u00e9f\u00e9rable de se focaliser sur les m\u00e9tiers et professions o\u00f9 l\u2019intelligence artificielle ne pourra jamais remplacer l\u2019humain, c&#8217;est-\u00e0-dire ceux li\u00e9s \u00e0 la \u2018compassion humaine\u2019- travail social, aide aux personnes \u00e2g\u00e9es, malades ou vuln\u00e9rables, etc. Ainsi, la classe moyenne &#8211; qui est d\u00e9j\u00e0 en train de r\u00e9tr\u00e9cir dans certains pays &#8211; risque d\u2019\u00eatre davantage impact\u00e9e.<\/span><\/p>\n<p><span style=\"color: #000000;\">\u00c9videmment, il faut se pr\u00e9parer \u00e0 cette d\u00e9ferlante de l\u2019IA. Il faut souligner que dans le domaine de l\u2019Intelligence artificielle, les avanc\u00e9es se comptent en semaines, voire en jours. Ainsi ChatGPT, l\u2019outil r\u00e9volutionnaire qui date d\u2019\u00e0 peine quelques semaines, est aujourd\u2019hui d\u00e9mod\u00e9 et a \u00e9t\u00e9 remplac\u00e9 par Auto GPT, plus puissant et autonome.<\/span><\/p>\n<p><span style=\"color: #000000;\">Il est \u00e0 souligner que d\u2019ici 2030, il est estim\u00e9 que le secteur de l\u2019IA va g\u00e9n\u00e9rer quelques 16 trillions de dollars &#8211; d\u2019o\u00f9 l\u2019investissement colossal qui se met en place dans le perfectionnement des outils malgr\u00e9 le fait que bien souvent ce sont des startups avec peu de capitalisation qui sont \u00e0 l\u2019origine de grandes innovations. On comprend mieux la rapidit\u00e9 des d\u00e9veloppements dans ce secteur.<\/span><\/p>\n<p><span style=\"color: #000000;\">A l\u2019\u00e8re des grandes transformations, toute soci\u00e9t\u00e9 qui rate le coche du progr\u00e8s technologique est condamn\u00e9e \u00e0 sombrer. A Maurice, y a-t-il un awareness, une prise de conscience, des transformations en cours chez le grand public\u00a0? Ou est-ce que les conversations sur le sujet ne se d\u00e9roulent que chez une petite minorit\u00e9 ?<\/span><\/p>\n<p><span style=\"color: #000000;\">Quand on pense que la grosse majorit\u00e9 des \u00e9tudiants du tertiaire s\u2019engouffrent pr\u00e9cis\u00e9ment dans ces secteurs qui seront les plus impact\u00e9s par le d\u00e9veloppement de l\u2019IA alors qu\u2019une bonne partie de nos jeunes travaillent dans les call centres ou dans le secteur du BPO&#8230; cela alors que des \u00e9tudes d\u00e9montrent que le Business outsourcing et offshoring seront consid\u00e9rablement impact\u00e9s dans un futur proche, il y a de quoi fr\u00e9mir.<\/span><\/p>\n<p><span style=\"color: #000000;\">De m\u00eame, il y a urgence que le secteur \u00e9ducatif s\u2019adapte \u00e0 la nouvelle donne. D\u00e9j\u00e0 dans certains pays, la ma\u00eetrise de Chat GPT est devenu un crit\u00e8re indispensable pour \u00eatre embauch\u00e9. Mais \u00e0 Maurice, il y a toujours une fracture num\u00e9rique : certains \u00e9tudiants n\u2019ont toujours pas acc\u00e8s \u00e0 l\u2019outil de base qui est une tablette au point de rendre caduc le online teaching (enseignement en ligne) !<\/span><\/p>\n<p><span style=\"color: #000000;\">Je crois que le prochain gouvernement aura \u00e0 cr\u00e9er un minist\u00e8re d\u00e9di\u00e9 uniquement \u00e0 l\u2019IA et \u00e0 ses enjeux avec, \u00e0 la t\u00eate, des personnes hautement comp\u00e9tentes, recrut\u00e9es \u00e0 Maurice ou ailleurs, afin que le pays ne soit pas \u00e0 la tra\u00eene dans ce secteur en \u00e9volution constante et rapide&#8230; Il y va de la survie du pays.<\/span><\/p>\n<p><span style=\"color: #000000;\"><strong>* On voit aussi ces jours-ci une acc\u00e9l\u00e9ration du processus de privatisation des services sociaux surtout dans les domaines m\u00e9dicaux et \u00e9ducatifs. Voyez-vous une d\u00e9saffection graduelle de l&#8217;\u00c9tat \u00e0 l&#8217;\u00e9gard de son r\u00f4le de promoteur et de protecteur du bien-\u00eatre social et \u00e0 la privatisation des services sociaux les plus essentiels? <\/strong><\/span><\/p>\n<p><span style=\"color: #000000;\">Maurice est un des rares social-democratic developmental State &#8211; \u00c9tat en d\u00e9veloppement social-d\u00e9mocrate &#8211; de l\u2019h\u00e9misph\u00e8re sud. Et c\u2019est gr\u00e2ce \u00e0 la persistance de l&#8217;\u00c9tat providence que Maurice n\u2019a pas connu les soubresauts que d\u2019autres pays de l\u2019Afrique et de l&#8217;Asie ont connu apr\u00e8s leur ind\u00e9pendance. C\u2019est le \u00ab\u00a0Welfare State\u00a0\u00bb (Etat providence) qui est \u00e0 la base de la stabilit\u00e9 politique et sociale de l&#8217;\u00eele Maurice pluriethnique. L\u2019Etat providence est si ancr\u00e9 que ce serait suicidaire pour n\u2019importe quel parti politique d\u2019y toucher.<\/span><\/p>\n<p><span style=\"color: #000000;\">A l\u2019oppos\u00e9, la recette la plus simple pour conqu\u00e9rir l\u2019\u00e9lectorat, c\u2019est la promesse d\u2019\u00e9largir l&#8217;\u00c9tat providence ! Cela dit, il y a des personnes, notamment de la classe moyenne, qui peuvent se payer des soins m\u00e9dicaux dans des cliniques priv\u00e9es ou l\u2019\u00e9ducation payante de leurs enfants dans des coll\u00e8ges et lyc\u00e9es priv\u00e9s. Tant mieux si cela d\u00e9sengorge les services publics.<\/span><\/p>\n<p><span style=\"color: #000000;\">Mais il ne faudrait surtout pas qu&#8217;il y ait une d\u00e9t\u00e9rioration dans la qualit\u00e9 des prestations offertes dans les institutions publiques afin de pousser le grand public \u00e0 se tourner vers le priv\u00e9 et enrichir quelques petits copains.<\/span><\/p>\n<p><span style=\"color: #000000;\"><strong>* C\u2019est paradoxalement les \u00ab petits partis \u00bb qui militent en faveur d\u2019un nouveau syst\u00e8me \u00e9conomique \u2013 condition sine qua non pour qu\u2019il y ait un changement dans le syst\u00e8me \u00e9ducatif, politique, \u00e9lectoral, d\u00e9mocratique, etc. Utopique, diriez-vous ?<\/strong><\/span><\/p>\n<p><span style=\"color: #000000;\">C\u2019est quoi l\u2019utopie ? On se souvient encore du discours de \u2018la fin de l\u2019Histoire\u2019, du triomphe du lib\u00e9ralisme et d\u2019une globalisation heureuse dans un monde unipolaire fa\u00e7onn\u00e9 par les Etats-Unis au moment de la chute de l\u2019URSS. Qu&#8217;en est-il aujourd\u2019hui de ces beaux discours ?<\/span><\/p>\n<p><span style=\"color: #000000;\">Aujourd\u2019hui, certains pensent que la chute de l\u2019URSS a \u00e9t\u00e9 une grande catastrophe g\u00e9opolitique, au vu des guerres qui ont suivi dans le temps, alors que l\u2019id\u00e9e de moindre \u00e9tat a \u00e9t\u00e9 battue en br\u00e8che avec l\u2019intervention massive de l\u2019\u00e9tat pour sauver le syst\u00e8me \u00e0 la suite de la crise financi\u00e8re de 2008 et, plus r\u00e9cemment, pendant la crise de la Covid-19.<\/span><\/p>\n<p><span style=\"color: #000000;\">Quant au monde unipolaire domin\u00e9 par les Etats-Unis et l\u2019Occident, il est en train de dispara\u00eetre avec le retour de la Russie et la mont\u00e9e en puissance de la Chine et des BRICS. Ainsi, la seule utopie, c\u2019est de croire que l\u2019Histoire s\u2019arr\u00eate et qu\u2019un syst\u00e8me de pens\u00e9e et d\u2019organisation sociale, \u00e9conomique et politique dure \u00e9ternellement.<\/span><\/p>\n<hr \/>\n<p><span style=\"color: #800000;\">Mauritius Times ePaper Friday 5 May 2023<\/span><strong><span style=\"color: #000000;\">\u00a0<\/span><\/strong><\/p>\n","protected":false},"excerpt":{"rendered":"<p>Interview: Jocelyn Chan Low, Historien<\/p>\n","protected":false},"author":1,"featured_media":37242,"comment_status":"open","ping_status":"open","sticky":false,"template":"","format":"standard","meta":{"jetpack_post_was_ever_published":false,"_jetpack_newsletter_access":"","_jetpack_dont_email_post_to_subs":false,"_jetpack_newsletter_tier_id":0,"_jetpack_memberships_contains_paywalled_content":false,"_jetpack_memberships_contains_paid_content":false,"footnotes":"","jetpack_publicize_message":"","jetpack_publicize_feature_enabled":true,"jetpack_social_post_already_shared":true,"jetpack_social_options":{"image_generator_settings":{"template":"highway","default_image_id":0,"font":"","enabled":false},"version":2}},"categories":[32,6],"tags":[37932,37931,5053,37955,37951,37946,3265,37936,7539,915,37922,26437,37952,37920,36803,37937,5029,37957,37941,23141,37960,37953,37924,37944,37956,1581,22166,6095,37926,5537,37950,37943,37933,17845,312,286,37949,29321,37954,36654,11375,37939,37945,37927,37934,4787,36,37921,3979,814,37935,280,551,50,37959,8346,37925,49,36250,14777,323,19860,4668,48,788,37930,813,37948,37919,37929,7015,21081,37958,32721,37928,37940,11739,879,37947,37942,37923,37938,32441,37961,32209],"class_list":["post-37241","post","type-post","status-publish","format-standard","has-post-thumbnail","hentry","category-interviews","category-latest-news","tag-1970-1990","tag-37931","tag-afrique","tag-asie","tag-auto-gpt","tag-banquiers","tag-bhadain","tag-blue-collar-jobs","tag-bpo","tag-brics","tag-briyanis","tag-bruneau-laurette","tag-business-outsourcing-et-offshoring","tag-celebration-du-1er-mai","tag-chatgpt","tag-chauffeurs-de-taxi","tag-chine","tag-colleges-prives","tag-comptables","tag-covid","tag-democratique","tag-domaines-medicaux-et-educatifs","tag-echiquier-politique","tag-economistes","tag-education-payante","tag-electoral","tag-etats-unis","tag-fete-du-travail","tag-free-and-fair","tag-goldman-sachs","tag-grande-mutation-de-lhistoire-2019","tag-hommes-de-loi","tag-ia","tag-intelligence-artificielle","tag-interview-jocelyn-chan-low","tag-ivan-collendavelloo","tag-kai-fu-lee","tag-kistnen","tag-letat","tag-laffaire-franklin","tag-leader-de-lopposition","tag-machinistes","tag-management-consultants","tag-marches-du-wakashio","tag-marshall-mc-luhan","tag-maurice","tag-mauritius-times","tag-mazavaroo","tag-mbc","tag-mmm","tag-monde-du-travail","tag-msm","tag-muvman-liberater","tag-navin-ramgoolam","tag-nouveau-systeme-economique","tag-opposition","tag-parti-de-ganoo","tag-paul-berenger","tag-petition-electorale","tag-plateforme-militante","tag-pmsd","tag-pnqs","tag-politique","tag-pravind-jugnauth","tag-privy-council","tag-prochaines-legislatives","tag-ptr","tag-radiologues","tag-rassemblement-a-vacoas","tag-raves-parties-pres-de-grand-bassin","tag-reseaux-sociaux","tag-sedley-assonne","tag-services-publics","tag-sociologique","tag-stag-black-label-party","tag-storekeepers","tag-suren-dayal","tag-systeme-educatif","tag-tele-agents","tag-traders","tag-travailleurs-bangladeshis","tag-truck-drivers","tag-urss","tag-utopique","tag-valayden"],"jetpack_publicize_connections":[],"jetpack_featured_media_url":"https:\/\/i0.wp.com\/www.mauritiustimes.com\/mt\/wp-content\/uploads\/2023\/05\/JOCELYN-CHAN-LOW-5-MAY-23-1.jpg?fit=1200%2C869&ssl=1","jetpack_sharing_enabled":true,"jetpack_shortlink":"https:\/\/wp.me\/p8QzSF-9GF","_links":{"self":[{"href":"https:\/\/www.mauritiustimes.com\/mt\/wp-json\/wp\/v2\/posts\/37241","targetHints":{"allow":["GET"]}}],"collection":[{"href":"https:\/\/www.mauritiustimes.com\/mt\/wp-json\/wp\/v2\/posts"}],"about":[{"href":"https:\/\/www.mauritiustimes.com\/mt\/wp-json\/wp\/v2\/types\/post"}],"author":[{"embeddable":true,"href":"https:\/\/www.mauritiustimes.com\/mt\/wp-json\/wp\/v2\/users\/1"}],"replies":[{"embeddable":true,"href":"https:\/\/www.mauritiustimes.com\/mt\/wp-json\/wp\/v2\/comments?post=37241"}],"version-history":[{"count":0,"href":"https:\/\/www.mauritiustimes.com\/mt\/wp-json\/wp\/v2\/posts\/37241\/revisions"}],"wp:featuredmedia":[{"embeddable":true,"href":"https:\/\/www.mauritiustimes.com\/mt\/wp-json\/wp\/v2\/media\/37242"}],"wp:attachment":[{"href":"https:\/\/www.mauritiustimes.com\/mt\/wp-json\/wp\/v2\/media?parent=37241"}],"wp:term":[{"taxonomy":"category","embeddable":true,"href":"https:\/\/www.mauritiustimes.com\/mt\/wp-json\/wp\/v2\/categories?post=37241"},{"taxonomy":"post_tag","embeddable":true,"href":"https:\/\/www.mauritiustimes.com\/mt\/wp-json\/wp\/v2\/tags?post=37241"}],"curies":[{"name":"wp","href":"https:\/\/api.w.org\/{rel}","templated":true}]}}