{"id":37058,"date":"2023-04-07T18:15:41","date_gmt":"2023-04-07T14:15:41","guid":{"rendered":"http:\/\/www.mauritiustimes.com\/mt\/?p=37058"},"modified":"2023-04-12T22:57:33","modified_gmt":"2023-04-12T18:57:33","slug":"oh-deer-oh-deer","status":"publish","type":"post","link":"https:\/\/www.mauritiustimes.com\/mt\/oh-deer-oh-deer\/","title":{"rendered":"Oh deer, oh deer\u2026"},"content":{"rendered":"<p style=\"text-align: center;\"><span style=\"color: #ff0000;\"><strong><u>Eclairages<\/u><\/strong><\/span><!--more--><\/p>\n<p style=\"text-align: left;\"><span style=\"color: #000080;\"><strong>Par A. Bartleby<\/strong><\/span><\/p>\n<p><span style=\"color: #000000;\">Avec chaque semaine qui passe, l&#8217;affaire Franklin apporte son lot de r\u00e9v\u00e9lations et de d\u00e9couvertes. C&#8217;est ainsi que nous avons appris qu&#8217;un ministre aurait re\u00e7u un pot-de-vin de plusieurs millions de roupies pour l&#8217;attribution d&#8217;un chass\u00e9 de quelques 250 hectares \u00e0 c\u00f4t\u00e9 du site de Grand Bassin. De plus, ce m\u00eame ministre aurait \u00e9t\u00e9 invit\u00e9 \u00e0 une partie de chasse dans le m\u00eame chass\u00e9.<\/span><\/p>\n<p><span style=\"color: #000000;\">Les sp\u00e9culations et les rumeurs sur les \u00e9v\u00e8nements qui se sont d\u00e9roul\u00e9s pendant cette partie de chasse enflamment actuellement les r\u00e9seaux sociaux. Nous ne saurons pas ce qui s&#8217;est r\u00e9ellement pass\u00e9 ce jour-l\u00e0, \u00e0 moins qu&#8217;un t\u00e9moin d\u00e9crive honn\u00eatement le d\u00e9roul\u00e9 des \u00e9v\u00e8nements. Mais il est absolument certain que l&#8217;image du gouvernement en prend un s\u00e9rieux coup.<\/span><\/p>\n<p><span style=\"color: #000000;\"><img data-recalc-dims=\"1\" loading=\"lazy\" decoding=\"async\" data-attachment-id=\"37060\" data-permalink=\"https:\/\/www.mauritiustimes.com\/mt\/oh-deer-oh-deer\/rave-parties-2\/\" data-orig-file=\"https:\/\/i0.wp.com\/www.mauritiustimes.com\/mt\/wp-content\/uploads\/2023\/04\/Rave-Parties-2.jpg?fit=1200%2C674&amp;ssl=1\" data-orig-size=\"1200,674\" data-comments-opened=\"1\" data-image-meta=\"{&quot;aperture&quot;:&quot;0&quot;,&quot;credit&quot;:&quot;&quot;,&quot;camera&quot;:&quot;&quot;,&quot;caption&quot;:&quot;&quot;,&quot;created_timestamp&quot;:&quot;0&quot;,&quot;copyright&quot;:&quot;&quot;,&quot;focal_length&quot;:&quot;0&quot;,&quot;iso&quot;:&quot;0&quot;,&quot;shutter_speed&quot;:&quot;0&quot;,&quot;title&quot;:&quot;&quot;,&quot;orientation&quot;:&quot;0&quot;}\" data-image-title=\"Rave Parties 2\" data-image-description=\"\" data-image-caption=\"\" data-large-file=\"https:\/\/i0.wp.com\/www.mauritiustimes.com\/mt\/wp-content\/uploads\/2023\/04\/Rave-Parties-2.jpg?fit=640%2C359&amp;ssl=1\" class=\"aligncenter size-full wp-image-37060\" src=\"https:\/\/i0.wp.com\/www.mauritiustimes.com\/mt\/wp-content\/uploads\/2023\/04\/Rave-Parties-2.jpg?resize=640%2C359&#038;ssl=1\" alt=\"\" width=\"640\" height=\"359\" srcset=\"https:\/\/i0.wp.com\/www.mauritiustimes.com\/mt\/wp-content\/uploads\/2023\/04\/Rave-Parties-2.jpg?w=1200&amp;ssl=1 1200w, https:\/\/i0.wp.com\/www.mauritiustimes.com\/mt\/wp-content\/uploads\/2023\/04\/Rave-Parties-2.jpg?resize=300%2C169&amp;ssl=1 300w, https:\/\/i0.wp.com\/www.mauritiustimes.com\/mt\/wp-content\/uploads\/2023\/04\/Rave-Parties-2.jpg?resize=1024%2C575&amp;ssl=1 1024w, https:\/\/i0.wp.com\/www.mauritiustimes.com\/mt\/wp-content\/uploads\/2023\/04\/Rave-Parties-2.jpg?resize=768%2C431&amp;ssl=1 768w\" sizes=\"auto, (max-width: 640px) 100vw, 640px\" \/><\/span><\/p>\n<p><span style=\"color: #000000;\">Le ministre dont le nom circule en prend pour son grade aussi, surtout qu&#8217;il semblerait que plusieurs de ses coll\u00e8gues auront profit\u00e9 de cet \u00e9pisode pour le l\u00e2cher enti\u00e8rement aupr\u00e8s du PM. En effet, certains attendaient un faux pas de sa part afin de mieux le couler, chose que beaucoup attendaient depuis un moment d\u00e9j\u00e0. D&#8217;ailleurs, la rumeur d&#8217;un remaniement minist\u00e9riel pour att\u00e9nuer l&#8217;impact d&#8217;une potentielle d\u00e9mission flotte depuis quelques jours.<\/span><\/p>\n<p><span style=\"color: #000000;\">Nous verrons bien ce que fera Pravind Jugnauth, mais il se trouve dans une situation d\u00e9licate. Entre 2016 (l&#8217;ann\u00e9e \u00e0 laquelle il est devenu PM) jusqu&#8217;\u00e0 aujourd&#8217;hui, il aura connu des d\u00e9parts importants : Lutchmeenaraidoo, Bodha, Collendaveloo, Sawmynaden&#8230; Rajouter d&#8217;autres noms \u00e0 cette illustre liste aujourd&#8217;hui ne voudra signifier qu&#8217;une chose : que cette \u00e9quipe gouvernementale est \u00e0 bout de souffle et qu&#8217;elle se trouve peut-\u00eatre en face d&#8217;un point de basculement.<\/span><\/p>\n<p><span style=\"color: #000000;\">En effet, il r\u00e8gne comme un parfum de fin de r\u00e8gne depuis un moment sur ce gouvernement, et la moindre sortie ou maladresse d\u2019un ministre ou d\u2019un d\u00e9put\u00e9 devient la mati\u00e8re de vives sp\u00e9culations, Steven Obeegadoo en a d\u2019ailleurs fait les frais en milieu de semaine lors de la r\u00e9union priv\u00e9e qu\u2019il a anim\u00e9e \u00e0 Curepipe.<\/span><\/p>\n<p><span style=\"color: #000000;\">Il se pourrait m\u00eame que ce gouvernement soit forc\u00e9 \u00e0 aller vers des \u00e9lections g\u00e9n\u00e9rales anticip\u00e9es si nous avions une culture politique plus moderniste. Mais nous sommes dans le contexte que nous connaissons, et certaines d\u00e9cisions du PM pourraient encore lui permettre de remonter la pente. De plus, toutes choses \u00e9tant \u00e9gales par ailleurs, Pravind Jugnauth peut compter sur un soutien de poids qui lui permettra d&#8217;avoir des chances de conserver le pouvoir lors des prochaines \u00e9lections g\u00e9n\u00e9rales : l\u2019opposition.\u00a0<\/span><\/p>\n<p style=\"text-align: center;\"><span style=\"color: #000000;\"><strong>* * *<\/strong><\/span><\/p>\n<p style=\"text-align: center;\"><span style=\"color: #000000;\"><strong><u>Vire Mam <\/u><\/strong><strong><u>II: la mayonnaise ne prend pas<\/u><\/strong><\/span><\/p>\n<p><span style=\"color: #000000;\">En effet, l\u2019alliance rouge-mauve-bleue en gestation a du mal \u00e0 trouver la dynamique requise pour renverser le gouvernement actuellement. Nous verrons bien si la mayonnaise prend \u00e0 un moment donn\u00e9, comme cela avait \u00e9t\u00e9 le cas avec le &#8216;Vire Mam&#8217; de 2014, mais plusieurs analystes s\u2019accordent \u00e0 dire que les signes envoy\u00e9s par l\u2019opposition ne correspondent pas \u00e0 ce qu\u2019attendrait le peuple.<\/span><\/p>\n<p><span style=\"color: #000000;\">En mettant de l\u2019avant les m\u00eames leaders et les m\u00eames figures, l\u2019opposition indique clairement qu\u2019elle ne comprend pas les enjeux du moment. Son interpr\u00e9tation des faits politiques semble m\u00eame enti\u00e8rement embourb\u00e9e dans la croyance qu\u2019elle avait gagn\u00e9 les \u00e9lections de 2019 et que le Privy Council lui donnera raison en juillet. C\u2019est peut-\u00eatre le cas, et nous devons attendre pour voir comment les choses \u00e9volueront.<\/span><\/p>\n<p><span style=\"color: #000000;\">Mais cette posture n\u2019envoie aucun signal quant \u00e0 l\u2019avenir du pays et quant au projet de soci\u00e9t\u00e9 que les politiques se doivent de mettre en place afin de pr\u00e9parer le pays aux transitions n\u00e9cessaires pour continuer \u00e0 construire la r\u00e9silience mauricienne. On ne conduit pas une voiture en regardant dans le r\u00e9troviseur, et c\u2019est exactement ce que fait actuellement l\u2019opposition, d\u2019o\u00f9 sa faiblesse.<\/span><\/p>\n<p><span style=\"color: #000000;\">Rien ne dit qu\u2019une alliance de l\u2019opposition ne pourra pas l\u2019emporter aux prochaines \u00e9lections, mais elle l\u2019emportera sur des faits qui ne rel\u00e8vent pas de ses propres initiatives, comme le ras-le-bol par rapport \u00e0 la situation \u00e9conomique, etc. Si victoire il y a, ce sera une victoire gr\u00e2ce au vote contre le gouvernement actuel, par \u00e0 travers un vote d\u2019adh\u00e9sion. Et cela pose un immense probl\u00e8me.<\/span><\/p>\n<p><span style=\"color: #000000;\">En refusant de mettre le gouvernement en face de son inad\u00e9quation par rapport aux grands probl\u00e8mes de soci\u00e9t\u00e9 actuels, l\u2019opposition donne en r\u00e9alit\u00e9 une immense marge de man\u0153uvre au MSM. L&#8217;affaire de la partie de chasse \u00e0 Grand Bassin donnera un peu d&#8217;eau au moulin de bien des partis de l\u2019opposition afin de leur permettre d\u2019entretenir le bruit n\u00e9cessaire pour exister actuellement, mais cela ne constituera aucunement une attaque politique en bonne et due forme sur des pratiques troublantes.<\/span><\/p>\n<p><span style=\"color: #000000;\">D\u2019ailleurs, cette semaine, des interventions d\u2019anciens ministres PTr ont clairement d\u00e9montr\u00e9 la posture qui sera adopt\u00e9e. Il semble que la strat\u00e9gie soit de surjouer la proximit\u00e9 du chass\u00e9 en question avec le site de Grand Bassin. En faisant cela, il est clair que la strat\u00e9gie du PTr est de positionner cette affaire du chass\u00e9e comme la r\u00e9ponse au scandale du <em>katori<\/em>qui avait, selon eux, fait basculer les \u00e9lections de 2019.<\/span><\/p>\n<p><span style=\"color: #000000;\">Est-ce que cette strat\u00e9gie fonctionnera aupr\u00e8s de l\u2019\u00e9lectorat conservateur et religieux\u00a0? Sans doute que oui. Elle risquerait m\u00eame de fonctionner plut\u00f4t bien mais pas dans le sens attendu\u2026\u00a0Contrairement \u00e0 l\u2019affaire du <em>katori<\/em>, dans le cas pr\u00e9sent, la personne concern\u00e9e n\u2019est pas le leader d\u2019un parti politique qui pr\u00e9tend au poste de Premier ministre. Donc, la personne concern\u00e9e est facilement \u00ab\u00a0disposable\u00a0\u00bb. Par cons\u00e9quent, on enfonce encore plus le ministre concern\u00e9, et non le gouvernement ou le Premier ministre\u2026<\/span><\/p>\n<p><span style=\"color: #000000;\">De surcro\u00eet, se d\u00e9barrasser de ce ministre tr\u00e8s impopulaire pourrait m\u00eame faire monter la cote de popularit\u00e9 du leader du MSM. Plus encore, le poste de l\u2019Attorney General est le seul o\u00f9 le ministre en question n\u2019a pas besoin d\u2019\u00eatre un \u00e9lu, ce qui signifie que le PM dispose d\u2019un joker important dans sa poche. Il pourrait arriver \u00e0 convaincre quelqu\u2019un dont la r\u00e9putation est reconnue dans le monde l\u00e9gal pour occuper ce poste, ce qui d\u00e9montrerait &#8211; par la m\u00eame occasion &#8211; si le PM a peur des tenants et aboutissants de l\u2019affaire Franklin ou non.<\/span><\/p>\n<p><span style=\"color: #000000;\">Cette strat\u00e9gie du PTr, si elle s\u2019av\u00e8re r\u00e9elle, est comme d\u00e9montr\u00e9 une position tr\u00e8s faible puisqu\u2019elle donne \u00e0 PravindJugnauth exactement ce qu\u2019il souhaite\u00a0: l\u2019excuse de faire tabula rasa de ses ministres et d\u00e9put\u00e9s et de renouveler son \u00e9quipe avec des jeunes dont les comp\u00e9tences sont d\u00e9montr\u00e9es. Il se chuchote d\u2019ailleurs que les strat\u00e8ges politiques du PM sont d\u00e9j\u00e0 \u00e0 l\u2019\u0153uvre dans la constitution de cette liste.<\/span><\/p>\n<p><span style=\"color: #000000;\">C\u2019est la raison pour laquelle Pravind Jugnauth attendra que les partis de l\u2019opposition annoncent officiellement leur alliance. Une fois celle-ci conclue, PravindJugnauth aura une marge de man\u0153uvre importante pour leur couper l\u2019herbe sous les pieds puisqu\u2019ils ne pourront plus ren\u00e9gocier les termes de cette alliance sans se ridiculiser aux yeux de l\u2019opinion publique.<\/span><\/p>\n<p style=\"text-align: left;\"><span style=\"color: #000000;\">C\u2019est pour cela que les alliances politiques se n\u00e9gocient \u00e0 la derni\u00e8re minute \u00e0 Maurice, pour ne laisser aucune marge de man\u0153uvre aux adversaires et pour produire un effet de surprise qui peut faire la diff\u00e9rence lors d\u2019une \u00e9lection. Mais les tacticiens du MSM sont rus\u00e9s, et ils savent que faire miroiter la possibilit\u00e9 d\u2019une \u00e9lection g\u00e9n\u00e9rale anticip\u00e9e forcera les partis de l\u2019opposition \u00e0 entrer dans ce pi\u00e8ge d\u2019une alliance pr\u00e9coce.<\/span><\/p>\n<p style=\"text-align: center;\"><span style=\"color: #000000;\"><strong>* * *<\/strong><\/span><\/p>\n<p style=\"text-align: center;\"><span style=\"color: #000000;\"><strong>Donald Trump inculp\u00e9<\/strong><\/span><\/p>\n<p style=\"text-align: left;\"><span style=\"color: #000000;\">Donald Trump a \u00e9t\u00e9 inculp\u00e9 devant le tribunal p\u00e9nal de New York pour avoir orchestr\u00e9 des paiements visant \u00e0 \u00e9touffer trois affaires impliquant une ex-star du porno avant les \u00e9lections de 2016. <\/span><\/p>\n<p><span style=\"color: #000000;\">L&#8217;ancien pr\u00e9sident am\u00e9ricain a tout de suite r\u00e9pliqu\u00e9 par un discours politique en affirmant qu&#8217;il \u00e9tait la victime de pers\u00e9cutions qui ne reposaient sur aucune accusation s\u00e9rieuse. La proc\u00e9dure judiciaire commence et risque de maintenir &#8216;The Donald&#8217; dans une succession de comparutions devant les tribunaux. <\/span><\/p>\n<p><span style=\"color: #000000;\">Les prochaines \u00e9lections am\u00e9ricaines sont pr\u00e9vues pour l&#8217;ann\u00e9e prochaine et Donald Trump reste une figure majeure du parti r\u00e9publicain. Il serait m\u00eame, aux yeux de la base conservatrice, le seul candidat cr\u00e9dible pour affronter le candidat du parti d\u00e9mocrate aux prochaines \u00e9lections. Ainsi, une condamnation au p\u00e9nal de l&#8217;ancien pr\u00e9sident risque de plonger le parti conservateur dans une crise profonde, avec des scissions certaines entre les franges conservatrices lib\u00e9rales et celles d&#8217;un trumpisme de plus en plus revendicateur et virulent. <\/span><\/p>\n<p><span style=\"color: #000000;\">Il se trouve que Joe Biden peine \u00e0 rassurer sur les capacit\u00e9s du parti d\u00e9mocrate \u00e0 pouvoir remporter les prochaines \u00e9lections, avec ou sans (l&#8217;hypoth\u00e8se la plus cr\u00e9dible) lui d&#8217;ailleurs. Ses positions per\u00e7ues comme faibles contre la Chine, la Russie, la situation affaiblie avec l&#8217;Arabie saoudite et une politique int\u00e9rieure consid\u00e9r\u00e9e comme trop ancr\u00e9e dans un Wokismetrouvent un rejet massif aupr\u00e8s des \u00e9lecteurs conservateurs, mais aussi aupr\u00e8s des classes populaires qui vivent le d\u00e9clin de l&#8217;influence am\u00e9ricaine avec angoisse et anxi\u00e9t\u00e9. <\/span><\/p>\n<p><span style=\"color: #000000;\">Est-ce que les prochaines pr\u00e9sidentielles se joueront donc au sein m\u00eame du parti conservateur ? Difficile de le dire, mais le fait est que le trumpisme reste un courant puissant et qu&#8217;une mise \u00e0 l&#8217;\u00e9cart de Donald Trump pourrait ouvrir la voie \u00e0 un autre candidat ou une autre candidate qui pourrait lui-m\u00eame ou elle-m\u00eame \u00eatre encore plus radicale et \u00e0 droite que Donald Trump.<\/span><\/p>\n<p style=\"text-align: center;\"><span style=\"color: #000000;\"><strong>* * *<\/strong><\/span><\/p>\n<p style=\"text-align: center;\"><span style=\"color: #000000;\"><strong><u>Les mots forts du Cardinal Piat<\/u><\/strong><\/span><\/p>\n<p><span style=\"color: #000000;\">Le fait majeur de cette semaine est la sortie tr\u00e8s remarqu\u00e9e du Cardinal Piat contre le gouvernement lors de son hom\u00e9lie du dimanche des Rameaux. Monseigneur Piat a exprim\u00e9 le sentiment que partagent beaucoup de Mauriciens quant \u00e0 la s\u00e9quence des \u00e9v\u00e8nements politiques depuis quelque temps d\u00e9j\u00e0.<\/span><\/p>\n<p><span style=\"color: #000000;\">Monsieur Piat est un citoyen mauricien comme les autres, il a le droit de s&#8217;exprimer sur ce qu&#8217;il souhaite. Mais Monseigneur Piat n&#8217;est pas un simple citoyen, et cette prise de parole soul\u00e8ve de s\u00e9rieuses questions. Pas tant sur le fond, puisqu&#8217;il est difficile de ne pas lui donner raison et qu\u2019il a pris l\u2019initiative \u00e0 la place de l\u2019opposition politique, des leaders d\u2019opinion et des intellectuels.<\/span><\/p>\n<p><span style=\"color: #000000;\">Ces derniers n\u2019ont jamais \u00e9t\u00e9 muets quant aux affaires troublantes qui se succ\u00e8dent et quant au glissement certain de nos institutions. Mais la parole du Cardinal porte un poids que les autres n\u2019ont pas, ce qui t\u00e9moigne d\u2019autant plus du lien complexe entre religion et politique \u00e0 Maurice. Le fond \u00e9tait donc clair et il n\u2019y a rien \u00e0 dire. Toutefois la forme \u00e9tait probl\u00e9matique puisqu\u2019elle rel\u00e8ve d&#8217;une prise de position politique qui pourrait constituer un pr\u00e9c\u00e9dent f\u00e2cheux puisqu\u2019il ouvrirait potentiellement une bo\u00eete de pandore.<\/span><\/p>\n<p><span style=\"color: #000000;\">Est-ce le r\u00f4le des religieux de prendre position publiquement sur l&#8217;actualit\u00e9 politique ? Est-ce qu&#8217;il en va du r\u00f4le des politiques et des gouvernants de r\u00e9agir et de r\u00e9pondre \u00e0 une parole d&#8217;un religieux ? Quelles sont les limites \u00e0 ne pas franchir dans ce contexte ? Si un religieux prend position sur la politique, alors est-ce qu&#8217;un politique peut prendre position sur la religion et sa place dans la soci\u00e9t\u00e9 ?<\/span><\/p>\n<p><span style=\"color: #000000;\">Si Monseigneur Piat prend position sur la politique, alors pourquoi est-ce qu&#8217;un pr\u00eatre hindou, un Iman musulman ou un moine bouddhiste ne pourraient pas le faire, avec l\u2019immense risque de sombrer dans une concurrence des interpr\u00e9tations th\u00e9ologiques sur le fait politique ? Comment situer les limites dans ce cas ?<\/span><\/p>\n<p><span style=\"color: #000000;\">Quand un chef religieux prend position sur une question \u00e9minemment politique, la distinction entre l&#8217;homme religieux et l&#8217;homme politique risque de se brouiller. Et le risque qu\u2019un politicien r\u00e9ponde aux propos d\u2019un religieux sur des termes politiques devient r\u00e9el, brouillant la fronti\u00e8re entre deux sph\u00e8res qui se doivent de rester compl\u00e8tement s\u00e9par\u00e9es.<\/span><\/p>\n<p><span style=\"color: #000000;\">En prenant position de la sorte, le Cardinal s\u2019est expos\u00e9 au risque qu\u2019un membre du gouvernement r\u00e9agisse de la m\u00eame fa\u00e7on qu&#8217;il le ferait vis-\u00e0-vis d&#8217;un adversaire politique, ce qui pourrait ouvrir un d\u00e9bat qui deviendrait vite extr\u00eamement tendu. Nous n&#8217;en sommes pas encore l\u00e0, heureusement, mais c\u2019est un terrain glissant et il faut faire tr\u00e8s attention.<\/span><\/p>\n<p style=\"text-align: center;\"><span style=\"color: #000000;\"><strong>* * *<\/strong><\/span><\/p>\n<p style=\"text-align: center;\"><span style=\"color: #000000;\"><strong><u>L<\/u><\/strong><strong><u>&#8216;exception mauricienne<\/u><\/strong><\/span><\/p>\n<p><span style=\"color: #000000;\">Ces fronti\u00e8res furent historiquement toujours respect\u00e9es \u00e0 Maurice. La constitution les impose, m\u00eame si la pratique la\u00efque ne fait pas partie des m\u0153urs locales. De ce point de vue, il est de tradition que les sph\u00e8res religieuses et politiques se rencontrent et il est normalis\u00e9 que ces deux sph\u00e8res entretiennent une conversation sur l&#8217;\u00e9tat de notre pays. Il n&#8217;y a l\u00e0 rien de nouveau, et c&#8217;est aussi ce qui fait l&#8217;exception mauricienne en mati\u00e8re de gouvernance.<\/span><\/p>\n<p><span style=\"color: #000000;\">Mais cette pratique et cette tradition avaient toujours des limites qui n&#8217;\u00e9taient jamais franchies. Ou plut\u00f4t, si la limite \u00e9tait franchie, alors elle l&#8217;\u00e9tait par les prises de position des religieux et des politiques qui d\u00e9fendaient des agendas id\u00e9ologiques fr\u00f4lant la radicalisation qui veut qu&#8217;il n&#8217;y ait plus de distinction entre l&#8217;\u00c9tat et la religion.<\/span><\/p>\n<p><span style=\"color: #000000;\">Et c&#8217;est exactement sur ce point que l&#8217;hom\u00e9lie de Monseigneur Piat nous interpelle. La forme \u00e9tait-elle appropri\u00e9e\u00a0? Absolument rien ne l&#8217;emp\u00eachait d&#8217;exprimer ses craintes directement au Premier ministre, au Pr\u00e9sident de la R\u00e9publique ou au gouvernement dans son ensemble, par le biais d&#8217;une lettre priv\u00e9e ou d&#8217;une conversation. Monseigneur Piat aurait \u00e9galement pu \u00e9mettre un communiqu\u00e9 \u00e0 l&#8217;issue d&#8217;une telle conversation. Mais tel ne fut pas le cas.<\/span><\/p>\n<p><span style=\"color: #000000;\">Le fondement de la d\u00e9mocratie et de la modernit\u00e9 est la s\u00e9paration fondamentale entre la politique et la religion, entre la gouvernance et la th\u00e9ologie. Sans cette s\u00e9paration, aucune libert\u00e9 ne peut \u00eatre exerc\u00e9e dans la sph\u00e8re publique puisque cette derni\u00e8re devient assujettie aux dogmes religieux.<\/span><\/p>\n<p><span style=\"color: #000000;\">Nous restons convaincus que l&#8217;intention du Cardinal \u00e9tait louable, mais d&#8217;autres pourraient avoir des intentions et des agendas moins nobles, ce qui nous met en face d&#8217;un tr\u00e8s s\u00e9rieux probl\u00e8me. En tout cas, il est certain que cet \u00e9pisode fera date, en esp\u00e9rant qu\u2019il ne fasse pas jurisprudence.<\/span><\/p>\n<p><span style=\"color: #000000;\">Quelle \u00e9poque \u00e9trange nous vivons\u00a0: les religieux parlent de politique et les politiciens parlent de religion\u2026<\/span><\/p>\n<p style=\"text-align: center;\"><span style=\"color: #000000;\"><strong>* * *<\/strong><\/span><\/p>\n<p style=\"text-align: center;\"><span style=\"color: #000000;\"><strong>O<\/strong><strong><u>p\u00e9ration s\u00e9duction de Macron en Chine<\/u><\/strong><\/span><\/p>\n<p><span style=\"color: #000000;\">Emmanuel Macron est en voyage officiel en Chine. Il est accompagn\u00e9 d&#8217;une d\u00e9l\u00e9gation officielle de plusieurs dizaines d&#8217;entrepreneurs et de repr\u00e9sentants des industries fran\u00e7aises.<\/span><\/p>\n<p><span style=\"color: #000000;\">Le message est clair : Emmanuel Macron est en op\u00e9ration s\u00e9duction en Chine pour relancer le &#8220;Made in France&#8221; aupr\u00e8s d&#8217;un partenaire qui ne consid\u00e8re pas la France comme un partenaire essentiel.<\/span><\/p>\n<p><span style=\"color: #000000;\">Les deux pays ont tout int\u00e9r\u00eat \u00e0 d\u00e9velopper des relations \u00e9conomiques solides et durables. Le march\u00e9 chinois constitue un immense potentiel pour les industries fran\u00e7aises, et la Chine a tout int\u00e9r\u00eat \u00e0 n\u00e9gocier des transferts de technologies fran\u00e7aises, surtout dans un contexte o\u00f9 le &#8216;Belt and Road Initiative&#8217; commence \u00e0 ralentir \u00e0 cause de probl\u00e8mes de d\u00e9faut de paiements des cr\u00e9dits chinois.<\/span><\/p>\n<p><span style=\"color: #000000;\">L&#8217;op\u00e9ration s\u00e9duction de Macron est donc n\u00e9cessaire mais le pr\u00e9sident fran\u00e7ais n&#8217;a toutefois pas pli\u00e9 devant certaines postures qu&#8217;il a voulu affirmer de mani\u00e8re claire et pr\u00e9cise. Il n&#8217;a ainsi pas h\u00e9sit\u00e9 \u00e0 affirmer que la Chine pouvait jouer un r\u00f4le majeur afin de trouver un chemin de paix en Ukraine, tout en rappelant que soutenir &#8220;l&#8217;agresseur russe&#8221; revenait \u00e0 se rendre complice.<\/span><\/p>\n<p><span style=\"color: #000000;\">Emmanuel Macron, avec cette posture, joue un va-tout int\u00e9ressant qui pourrait d\u00e9finir la gymnastique diplomatique requise afin que les puissances de l&#8217;Union europ\u00e9enne puissent avancer leurs int\u00e9r\u00eats en Chine tout en suivant la posture \u00e9tatsunienne.<\/span><\/p>\n<hr \/>\n<p><span style=\"color: #800000;\">Mauritius Times ePaper Friday 7 April 2023<\/span><\/p>\n","protected":false},"excerpt":{"rendered":"<p>Eclairages<\/p>\n","protected":false},"author":424,"featured_media":37059,"comment_status":"open","ping_status":"open","sticky":false,"template":"","format":"standard","meta":{"jetpack_post_was_ever_published":false,"_jetpack_newsletter_access":"","_jetpack_dont_email_post_to_subs":false,"_jetpack_newsletter_tier_id":0,"_jetpack_memberships_contains_paywalled_content":false,"_jetpack_memberships_contains_paid_content":false,"footnotes":"","jetpack_publicize_message":"","jetpack_publicize_feature_enabled":true,"jetpack_social_post_already_shared":true,"jetpack_social_options":{"image_generator_settings":{"template":"highway","default_image_id":0,"font":"","enabled":false},"version":2}},"categories":[6,19379],"tags":[36546,37474,6689,1103,16886,11033,10746,5029,5182,3744,37478,95,37146,26548,6875,37480,36550,18069,37475,3328,37482,37483,4787,280,35453,48,12251,37479,788,813,28361,34027,37481,1531,37476,31567,21944,1643,37477],"class_list":["post-37058","post","type-post","status-publish","format-standard","has-post-thumbnail","hentry","category-latest-news","category-opinion","tag-a-bartleby","tag-alliance-rouge-mauve-bleue","tag-arabie-saoudite","tag-attorney-general","tag-belt-and-road-initiative","tag-bodha","tag-cardinal-piat","tag-chine","tag-collendaveloo","tag-constitution","tag-dimanche-des-rameaux-monseigneur-piat","tag-donald-trump","tag-eclairages","tag-franklin","tag-grand-bassin","tag-iman-musulman","tag-industries-francaises","tag-joe-biden","tag-katori","tag-lutchmeenaraidoo","tag-macron-en-chine","tag-made-in-france","tag-maurice","tag-msm","tag-parti-conservateur","tag-pravind-jugnauth","tag-president-de-la-republique","tag-pretre-hindou","tag-privy-council","tag-ptr","tag-russie","tag-sawmynaden","tag-separation-fondamentale-politique-et-religion","tag-steven-obeegadoo","tag-tribunal-penal-de-new-york","tag-ukraine","tag-union-europeenne","tag-vire-mam","tag-wokisme"],"jetpack_publicize_connections":[],"jetpack_featured_media_url":"https:\/\/i0.wp.com\/www.mauritiustimes.com\/mt\/wp-content\/uploads\/2023\/04\/Franklin-2.jpg?fit=1200%2C663&ssl=1","jetpack_sharing_enabled":true,"jetpack_shortlink":"https:\/\/wp.me\/p8QzSF-9DI","_links":{"self":[{"href":"https:\/\/www.mauritiustimes.com\/mt\/wp-json\/wp\/v2\/posts\/37058","targetHints":{"allow":["GET"]}}],"collection":[{"href":"https:\/\/www.mauritiustimes.com\/mt\/wp-json\/wp\/v2\/posts"}],"about":[{"href":"https:\/\/www.mauritiustimes.com\/mt\/wp-json\/wp\/v2\/types\/post"}],"author":[{"embeddable":true,"href":"https:\/\/www.mauritiustimes.com\/mt\/wp-json\/wp\/v2\/users\/424"}],"replies":[{"embeddable":true,"href":"https:\/\/www.mauritiustimes.com\/mt\/wp-json\/wp\/v2\/comments?post=37058"}],"version-history":[{"count":0,"href":"https:\/\/www.mauritiustimes.com\/mt\/wp-json\/wp\/v2\/posts\/37058\/revisions"}],"wp:featuredmedia":[{"embeddable":true,"href":"https:\/\/www.mauritiustimes.com\/mt\/wp-json\/wp\/v2\/media\/37059"}],"wp:attachment":[{"href":"https:\/\/www.mauritiustimes.com\/mt\/wp-json\/wp\/v2\/media?parent=37058"}],"wp:term":[{"taxonomy":"category","embeddable":true,"href":"https:\/\/www.mauritiustimes.com\/mt\/wp-json\/wp\/v2\/categories?post=37058"},{"taxonomy":"post_tag","embeddable":true,"href":"https:\/\/www.mauritiustimes.com\/mt\/wp-json\/wp\/v2\/tags?post=37058"}],"curies":[{"name":"wp","href":"https:\/\/api.w.org\/{rel}","templated":true}]}}