{"id":35947,"date":"2022-10-28T15:30:39","date_gmt":"2022-10-28T11:30:39","guid":{"rendered":"http:\/\/www.mauritiustimes.com\/mt\/?p=35947"},"modified":"2022-11-04T18:09:12","modified_gmt":"2022-11-04T14:09:12","slug":"trop-de-mauriciens-ont-encore-peur-du-changement-et-saccrochent-a-des-certitudes-qui-rassurent","status":"publish","type":"post","link":"https:\/\/www.mauritiustimes.com\/mt\/trop-de-mauriciens-ont-encore-peur-du-changement-et-saccrochent-a-des-certitudes-qui-rassurent\/","title":{"rendered":"&#8220;Trop de Mauriciens ont encore peur du changement  et s\u2019accrochent \u00e0 des certitudes qui rassurent&#8230;&#8221;"},"content":{"rendered":"<h4 style=\"text-align: center;\"><span style=\"color: #800000;\"><u>Interview\u00a0: Dr Avinaash Munohur, Politologue<\/u><\/span><\/h4>\n<h4 style=\"text-align: center;\"><span style=\"color: #800000;\"><u><img data-recalc-dims=\"1\" loading=\"lazy\" decoding=\"async\" data-attachment-id=\"35948\" data-permalink=\"https:\/\/www.mauritiustimes.com\/mt\/trop-de-mauriciens-ont-encore-peur-du-changement-et-saccrochent-a-des-certitudes-qui-rassurent\/avinaash-munohur-2-2\/\" data-orig-file=\"https:\/\/i0.wp.com\/www.mauritiustimes.com\/mt\/wp-content\/uploads\/2022\/10\/Avinaash-Munohur-2.jpg?fit=1200%2C737&amp;ssl=1\" data-orig-size=\"1200,737\" data-comments-opened=\"1\" data-image-meta=\"{&quot;aperture&quot;:&quot;0&quot;,&quot;credit&quot;:&quot;&quot;,&quot;camera&quot;:&quot;&quot;,&quot;caption&quot;:&quot;&quot;,&quot;created_timestamp&quot;:&quot;0&quot;,&quot;copyright&quot;:&quot;&quot;,&quot;focal_length&quot;:&quot;0&quot;,&quot;iso&quot;:&quot;0&quot;,&quot;shutter_speed&quot;:&quot;0&quot;,&quot;title&quot;:&quot;&quot;,&quot;orientation&quot;:&quot;0&quot;}\" data-image-title=\"Avinaash-Munohur-2\" data-image-description=\"\" data-image-caption=\"\" data-large-file=\"https:\/\/i0.wp.com\/www.mauritiustimes.com\/mt\/wp-content\/uploads\/2022\/10\/Avinaash-Munohur-2.jpg?fit=640%2C393&amp;ssl=1\" class=\"aligncenter size-full wp-image-35948\" src=\"https:\/\/i0.wp.com\/www.mauritiustimes.com\/mt\/wp-content\/uploads\/2022\/10\/Avinaash-Munohur-2.jpg?resize=640%2C393&#038;ssl=1\" alt=\"\" width=\"640\" height=\"393\" srcset=\"https:\/\/i0.wp.com\/www.mauritiustimes.com\/mt\/wp-content\/uploads\/2022\/10\/Avinaash-Munohur-2.jpg?w=1200&amp;ssl=1 1200w, https:\/\/i0.wp.com\/www.mauritiustimes.com\/mt\/wp-content\/uploads\/2022\/10\/Avinaash-Munohur-2.jpg?resize=300%2C184&amp;ssl=1 300w, https:\/\/i0.wp.com\/www.mauritiustimes.com\/mt\/wp-content\/uploads\/2022\/10\/Avinaash-Munohur-2.jpg?resize=1024%2C629&amp;ssl=1 1024w, https:\/\/i0.wp.com\/www.mauritiustimes.com\/mt\/wp-content\/uploads\/2022\/10\/Avinaash-Munohur-2.jpg?resize=768%2C472&amp;ssl=1 768w\" sizes=\"auto, (max-width: 640px) 100vw, 640px\" \/><\/u><\/span><!--more--><\/h4>\n<h2><span style=\"color: #000000;\"><strong>* &#8216;Les priorit\u00e9s politiques des Britanniques ne se trouvent pas dans la reproduction et la reconduction des dynasties politiques&#8230; Les choses sont diff\u00e9rentes \u00e0 Maurice&#8221;<\/strong><\/span><\/h2>\n<h2><span style=\"color: #000000;\"><strong>* &#8216;La souverainet\u00e9 \u00e9nerg\u00e9tique de Maurice pourrait bien \u00eatre une porte d\u2019entr\u00e9e extr\u00eamement pertinente pour la transformation de notre pays&#8217;<\/strong><\/span><\/h2>\n<hr \/>\n<p><span style=\"color: #800000;\"><strong>L\u2019effritement de la confiance dans la classe politique\u00a0: un ph\u00e9nom\u00e8ne qui dure depuis plusieurs ann\u00e9es et personne ne sait comment r\u00e9soudre ce probl\u00e8me \u00e9pineux. Pire encore, il semblerait que les jeunes ne portent plus aucun int\u00e9r\u00eat \u00e0 la chose politique car ils sont d\u00e9\u00e7us de l\u2019absence de vision des partis actuels. Pourtant certains pays comme la Chine travaillent dur pour se r\u00e9inventer et se distinguer des autres dans un monde en constante mutation. \u00c9tant donn\u00e9 que les Mauriciens ont peu de comp\u00e9tences politiques, \u00e9tant donn\u00e9 les nouveaux probl\u00e8mes climatiques, \u00e9conomiques, \u00e9nerg\u00e9tiques et num\u00e9riques qui surgissent de temps \u00e0 temps, quelles sont les chances de survie de notre pays dans le moyen terme\u00a0? Nous avons invit\u00e9 <\/strong><strong>Avinaash Munohur, <\/strong><strong>politologue, pour nous en parler.<\/strong><\/span><\/p>\n<hr \/>\n<p><span style=\"color: #000000;\"><strong>Mauritius Times: Nous vivons des \u00e9v\u00e8nements mondiaux importants depuis quelques semaines. Le congr\u00e8s du Parti communiste chinois avec le troisi\u00e8me mandat de Xi Jinping et le renouvellement du Bureau politique, ou encore l\u2019arriv\u00e9e de Rishi Sunak \u00e0 10 Downing Street. Est-ce que ces \u00e9v\u00e8nements sont importants pour nous ? <\/strong><\/span><\/p>\n<p><span style=\"color: #000000;\"><strong>Avinaash Munohur: <\/strong>Tr\u00e8s important m\u00eame ! Tout d\u2019abord, le congr\u00e8s du Parti communiste chinois (PCC) &#8212; qui a malheureusement \u00e9t\u00e9 tr\u00e8s peu comment\u00e9 dans les m\u00e9dias locaux \u2013 vient de donner un troisi\u00e8me mandat de cinq ans \u00e0 Xi Jinping. C\u2019est la premi\u00e8re fois qu\u2019un dirigeant chinois obtient un troisi\u00e8me mandat depuis Mao Zedong, ce qui d\u00e9montre le pouvoir de Xi Jinping sur l\u2019appareil du PCC.<\/span><\/p>\n<p><span style=\"color: #000000;\">Ce pouvoir n\u2019est d\u2019ailleurs absolument pas anodin puisqu\u2019il s\u2019appuie sur la vision d\u2019une mondialisation \u00e0 la chinoise que Xi Jinping a su transformer en projets concrets avec la &#8216;Belt and Road Initiative&#8217; (BRI) comme fer de lance. Mais, \u00e0 y regarder de plus pr\u00e8s, les choses sont plus complexes que cela et la Chine se trouve dans un moment charni\u00e8re de son histoire contemporaine.<\/span><\/p>\n<p><span style=\"color: #000000;\">La Covid et la politique du z\u00e9ro Covid vont produire un ralentissement de la croissance chinoise, qui ne devrait pas d\u00e9passer les 5,5% cette ann\u00e9e, avec un taux de ch\u00f4mage important chez les jeunes \u2013 pr\u00e8s de 20%. Parall\u00e8lement \u00e0 cela, certains projets de la BRI sont au ralenti. La bulle immobili\u00e8re produite par Evergrande a \u00e9galement un impact n\u00e9gatif sur l\u2019\u00e9conomie chinoise, m\u00eame si les autorit\u00e9s chinoises restent tr\u00e8s timides sur cette question.<\/span><\/p>\n<p><span style=\"color: #000000;\">Le dernier congr\u00e8s du PCC a \u00e9galement inscrit le refus de l\u2019ind\u00e9pendance de Taiwan dans sa charte, ce qui ouvre encore plus la porte \u00e0 une escalade guerri\u00e8re en Mer de Chine.<\/span><\/p>\n<p><span style=\"color: #000000;\">Enfin, la Chine fait d\u00e9j\u00e0 face \u00e0 un probl\u00e8me d\u00e9mographique qui va s\u2019amplifier avec le vieillissement de sa population et les effets de la politique de l\u2019enfant unique sur les capacit\u00e9s de la production chinoise \u2013 capacit\u00e9s o\u00f9 la main-d\u2019\u0153uvre joue un r\u00f4le central.<\/span><\/p>\n<p><span style=\"color: #000000;\">Tout cela d\u00e9peint une cartographie politique complexe que Xi Jinping devra savoir g\u00e9rer. De ce point de vue, il \u00e9tait int\u00e9ressant de constater qu\u2019il a constamment mis l\u2019accent sur la vision \u00e0 long terme de la Chine et de la place de celle-ci dans le monde multipolaire qui \u00e9merge &#8211; vision et place qui se traduit \u00e9galement par un rajeunissement des dirigeants entourant Xi Jinping, il faut le pr\u00e9ciser.<\/span><\/p>\n<p><span style=\"color: #000000;\">En tout cas, il est clair que la Chine continuera d\u2019\u00eatre pour nous un partenaire hautement strat\u00e9gique, tout comme le sont l\u2019Inde, la France, le Royaume-Uni, les pays de la SADEC, etc.<\/span><\/p>\n<p><span style=\"color: #000000;\"><strong>* Il y a aussi eu la nomination de Rishi Sunak au poste de Premier ministre, le troisi\u00e8me en l&#8217;espace de quatre mois, et qui prend les r\u00eanes du pays apr\u00e8s le court mandat de Liz Truss, marqu\u00e9 par les turbulences financi\u00e8res et de multiples revirements sur la politique fiscale&#8230;<\/strong><\/span><\/p>\n<p><span style=\"color: #000000;\">Il \u00e9tait clair que la position de Liz Truss \u00e9tait devenue intenable apr\u00e8s le fiasco du mini-budget. Un sondage r\u00e9cent d\u00e9montre que l\u2019immense majorit\u00e9 des Britanniques souhaitaient des \u00e9lections g\u00e9n\u00e9rales anticip\u00e9es et un autre sondage d\u00e9montre que les Tories se feraient balayer si ces \u00e9lections avaient lieu aujourd\u2019hui.<\/span><\/p>\n<p><span style=\"color: #000000;\">Ceci explique le fait que les diff\u00e9rentes franges du parti conservateur ont pr\u00e9f\u00e9r\u00e9 trouver un candidat qui pouvait colmater les br\u00e8ches en esp\u00e9rant une am\u00e9lioration de la situation \u00e9conomique. Et personne d\u2019autre que Rishi Sunak occupe actuellement cette position.<\/span><\/p>\n<p><span style=\"color: #000000;\">Est-ce que cet \u00e9v\u00e9nement est important pour nous? Je pense que la seule question qui devrait nous interpeller en tant que Mauriciens est la suivante : est-ce que Rishi Sunak honorera le vote des Nations-Unies pour un retour des Chagos \u00e0 Maurice ?<\/span><\/p>\n<p><span style=\"color: #000000;\"><strong>* Rishi Sunak pourrait repr\u00e9senter un Premier ministre de transition, et on saura davantage sur le &#8216;mindset&#8217; du Parti conservateur britannique lorsqu&#8217;il devra pr\u00e9senter son candidat au poste de Premier ministre lors des prochaines \u00e9lections g\u00e9n\u00e9rales. On saura surtout s&#8217;il y a effectivement eu \u00e9volution des m\u0153urs politiques britanniques sur la question de race. Qu&#8217;en pensez-vous?<\/strong><\/span><\/p>\n<p><span style=\"color: #000000;\">N\u2019oublions pas que Rishi Sunak est devenu PM \u00e0 travers une \u00e9lection interne des parlementaires de la majorit\u00e9 dans le contexte d\u2019une situation politique d\u00e9sastreuse\u00a0; il n\u2019a pas gagn\u00e9 une \u00e9lection g\u00e9n\u00e9rale en \u00e9tant pr\u00e9sent\u00e9 comme PM. Cela change enti\u00e8rement la donne et le met de facto dans une position de faiblesse politique. Et, il est clair que sa marge de man\u0153uvre sera extr\u00eamement r\u00e9duite.<\/span><\/p>\n<p><span style=\"color: #000000;\">La condition absolument n\u00e9cessaire qui pourrait faire que le parti conservateur et les \u00e9lecteurs britanniques reconduisent Rishi Sunak au 10, Downing Street lors des prochaines \u00e9lections g\u00e9n\u00e9rales, ce serait deux ann\u00e9es de redressement spectaculaire de l\u2019\u00e9conomie par le duo Sunak\/Hunt.<\/span><\/p>\n<p><span style=\"color: #000000;\">Sans cela, je n\u2019arrive pas \u00e0 imaginer les Britanniques &#8211; qui sont un peuple extr\u00eamement conservateur et dont la perception de son identit\u00e9 nationale reste profond\u00e9ment ancr\u00e9e dans son histoire de la domination coloniale et raciale &#8211; pl\u00e9bisciter Rishi Sunak aux prochaines \u00e9lections g\u00e9n\u00e9rales, surtout que ce dernier va devoir g\u00e9rer une inflation galopante et une crise \u00e9nerg\u00e9tique qui promet un hiver extr\u00eamement rude au Royaume-Uni\u2026 &#8216;This could really be the winter of the people\u2019s discontent&#8217; pour paraphraser Shakespeare !\u00a0<\/span><a href=\"https:\/\/forms.gle\/zJjGeEgr9k1UgepD8\">Read More&#8230; Become a Subscriber<\/a><\/p>\n<hr \/>\n<p><span style=\"color: #993300;\">Mauritius Times ePaper Friday 28 October 2022<\/span><\/p>\n","protected":false},"excerpt":{"rendered":"<p>Interview\u00a0: Dr Avinaash Munohur, Politologue<\/p>\n","protected":false},"author":1,"featured_media":35948,"comment_status":"open","ping_status":"open","sticky":false,"template":"","format":"standard","meta":{"jetpack_post_was_ever_published":false,"_jetpack_newsletter_access":"","_jetpack_dont_email_post_to_subs":false,"_jetpack_newsletter_tier_id":0,"_jetpack_memberships_contains_paywalled_content":false,"_jetpack_memberships_contains_paid_content":false,"footnotes":"","jetpack_publicize_message":"","jetpack_publicize_feature_enabled":true,"jetpack_social_post_already_shared":true,"jetpack_social_options":{"image_generator_settings":{"template":"highway","default_image_id":0,"font":"","enabled":false},"version":2}},"categories":[32,6],"tags":[16886,35465,35456,3112,29342,35455,22375,16862,35454,13982,35466,35173,35464,35451,665,35460,35467,35459,35458,24443,35462,35461,25935,33950,2874,35468,35453,35469,35463,21158,35452,24851,35450,35457,2197],"class_list":["post-35947","post","type-post","status-publish","format-standard","has-post-thumbnail","hentry","category-interviews","category-latest-news","tag-belt-and-road-initiative","tag-biomasse","tag-cartographie-sociale-et-economique-de-maurice","tag-ceb","tag-cop26","tag-domination-coloniale-et-raciale","tag-dr-avinaash-munohur","tag-dynasties-politiques","tag-electeurs-britanniques","tag-facebookers","tag-gaz-a-effet-de-serre","tag-gaz-naturel-liquefie","tag-gnl","tag-independance-energetique","tag-interview","tag-jeremy-rifkin","tag-kwazi-kwarteng","tag-lautonomie-collective","tag-lendettement","tag-la-chine","tag-le-decarbone","tag-le-tout-renouvelable","tag-liberte-individuelle","tag-liz-truss","tag-mao-zedong","tag-mondialisation-a-la-chinoise","tag-parti-conservateur","tag-premier-ministre-limposte","tag-production-energetique","tag-rechauffement-climatique","tag-revolution-digitale","tag-rishi-sunak","tag-souverainete-energetique","tag-star-and-the-key-of-the-indian-ocean","tag-xi-jinping"],"jetpack_publicize_connections":[],"jetpack_featured_media_url":"https:\/\/i0.wp.com\/www.mauritiustimes.com\/mt\/wp-content\/uploads\/2022\/10\/Avinaash-Munohur-2.jpg?fit=1200%2C737&ssl=1","jetpack_sharing_enabled":true,"jetpack_shortlink":"https:\/\/wp.me\/p8QzSF-9lN","_links":{"self":[{"href":"https:\/\/www.mauritiustimes.com\/mt\/wp-json\/wp\/v2\/posts\/35947","targetHints":{"allow":["GET"]}}],"collection":[{"href":"https:\/\/www.mauritiustimes.com\/mt\/wp-json\/wp\/v2\/posts"}],"about":[{"href":"https:\/\/www.mauritiustimes.com\/mt\/wp-json\/wp\/v2\/types\/post"}],"author":[{"embeddable":true,"href":"https:\/\/www.mauritiustimes.com\/mt\/wp-json\/wp\/v2\/users\/1"}],"replies":[{"embeddable":true,"href":"https:\/\/www.mauritiustimes.com\/mt\/wp-json\/wp\/v2\/comments?post=35947"}],"version-history":[{"count":0,"href":"https:\/\/www.mauritiustimes.com\/mt\/wp-json\/wp\/v2\/posts\/35947\/revisions"}],"wp:featuredmedia":[{"embeddable":true,"href":"https:\/\/www.mauritiustimes.com\/mt\/wp-json\/wp\/v2\/media\/35948"}],"wp:attachment":[{"href":"https:\/\/www.mauritiustimes.com\/mt\/wp-json\/wp\/v2\/media?parent=35947"}],"wp:term":[{"taxonomy":"category","embeddable":true,"href":"https:\/\/www.mauritiustimes.com\/mt\/wp-json\/wp\/v2\/categories?post=35947"},{"taxonomy":"post_tag","embeddable":true,"href":"https:\/\/www.mauritiustimes.com\/mt\/wp-json\/wp\/v2\/tags?post=35947"}],"curies":[{"name":"wp","href":"https:\/\/api.w.org\/{rel}","templated":true}]}}