{"id":35936,"date":"2022-10-28T15:29:25","date_gmt":"2022-10-28T11:29:25","guid":{"rendered":"http:\/\/www.mauritiustimes.com\/mt\/?p=35936"},"modified":"2022-10-28T15:29:25","modified_gmt":"2022-10-28T11:29:25","slug":"diaspora-indienne-et-langues","status":"publish","type":"post","link":"https:\/\/www.mauritiustimes.com\/mt\/diaspora-indienne-et-langues\/","title":{"rendered":"Diaspora indienne et langues"},"content":{"rendered":"<h4 style=\"text-align: center;\"><span style=\"color: #800000;\"><em>U<\/em><em>ne sensibilisation \u00e0 la r\u00e9alit\u00e9 sociale et politique est d&#8217;une importance capitale pour la diaspora. Et cela, sans attendre un d\u00e9fi, une menace<\/em><\/span><!--more--><\/h4>\n<p><span style=\"color: #000080;\"><strong>Par Nita Chicooree-Mercier<\/strong><\/span><\/p>\n<p><span style=\"color: #000000;\">En ce temps de comm\u00e9moration des identit\u00e9s et cultures, la cr\u00e9olit\u00e9 est d&#8217;actualit\u00e9, et l&#8217;h\u00e9ritage indien dans sa diversit\u00e9 ethnique et religieuse s&#8217;annonce comme chaque ann\u00e9e. Les deux termes qui identifient les descendants depuis des si\u00e8cles trouvent leur origine dans la langue des navigateurs et colons portugais. Des termes \u00e9trangers au vocabulaire des principaux concern\u00e9s qui ont perp\u00e9tu\u00e9, malgr\u00e9 eux, une d\u00e9finition identitaire import\u00e9e.<\/span><\/p>\n<p><span style=\"color: #000000;\"><img data-recalc-dims=\"1\" loading=\"lazy\" decoding=\"async\" data-attachment-id=\"35938\" data-permalink=\"https:\/\/www.mauritiustimes.com\/mt\/diaspora-indienne-et-langues\/indian-diaspora\/\" data-orig-file=\"https:\/\/i0.wp.com\/www.mauritiustimes.com\/mt\/wp-content\/uploads\/2022\/10\/Indian-Diaspora.jpg?fit=1200%2C583&amp;ssl=1\" data-orig-size=\"1200,583\" data-comments-opened=\"1\" data-image-meta=\"{&quot;aperture&quot;:&quot;0&quot;,&quot;credit&quot;:&quot;&quot;,&quot;camera&quot;:&quot;&quot;,&quot;caption&quot;:&quot;&quot;,&quot;created_timestamp&quot;:&quot;0&quot;,&quot;copyright&quot;:&quot;&quot;,&quot;focal_length&quot;:&quot;0&quot;,&quot;iso&quot;:&quot;0&quot;,&quot;shutter_speed&quot;:&quot;0&quot;,&quot;title&quot;:&quot;&quot;,&quot;orientation&quot;:&quot;0&quot;}\" data-image-title=\"Indian-Diaspora\" data-image-description=\"\" data-image-caption=\"\" data-large-file=\"https:\/\/i0.wp.com\/www.mauritiustimes.com\/mt\/wp-content\/uploads\/2022\/10\/Indian-Diaspora.jpg?fit=640%2C311&amp;ssl=1\" class=\"aligncenter size-full wp-image-35938\" src=\"https:\/\/i0.wp.com\/www.mauritiustimes.com\/mt\/wp-content\/uploads\/2022\/10\/Indian-Diaspora.jpg?resize=640%2C311&#038;ssl=1\" alt=\"\" width=\"640\" height=\"311\" srcset=\"https:\/\/i0.wp.com\/www.mauritiustimes.com\/mt\/wp-content\/uploads\/2022\/10\/Indian-Diaspora.jpg?w=1200&amp;ssl=1 1200w, https:\/\/i0.wp.com\/www.mauritiustimes.com\/mt\/wp-content\/uploads\/2022\/10\/Indian-Diaspora.jpg?resize=300%2C146&amp;ssl=1 300w, https:\/\/i0.wp.com\/www.mauritiustimes.com\/mt\/wp-content\/uploads\/2022\/10\/Indian-Diaspora.jpg?resize=1024%2C497&amp;ssl=1 1024w, https:\/\/i0.wp.com\/www.mauritiustimes.com\/mt\/wp-content\/uploads\/2022\/10\/Indian-Diaspora.jpg?resize=768%2C373&amp;ssl=1 768w\" sizes=\"auto, (max-width: 640px) 100vw, 640px\" \/><span style=\"color: #ff6600;\"><strong>Indian Diaspora. Pic &#8211; SoundCloud<\/strong><\/span><\/span><\/p>\n<p><span style=\"color: #000000;\">Du Br\u00e9sil aux Antilles aux \u00eeles de l&#8217;oc\u00e9an indien, le concept de cr\u00e9olit\u00e9 a gagn\u00e9 du terrain pour inclure une vaste diaspora issue d&#8217;une rencontre forc\u00e9e et tragique entre colons europ\u00e9ens et ceux arrach\u00e9s du continent africain. C&#8217;est en toute l\u00e9gitimit\u00e9 que les g\u00e9n\u00e9rations d&#8217;aujourd&#8217;hui se penchent sur un h\u00e9ritage commun qui a vu na\u00eetre langues, chants, danses et coutumes engendr\u00e9s par ces m\u00e9lange et cohabitation ethniques et culturels. L&#8217;empreinte culturelle de l&#8217;h\u00e9ritage colonial est rest\u00e9e tenace et intacte au cours des si\u00e8cles.<\/span><\/p>\n<p><span style=\"color: #000000;\">C&#8217;est un fait que les descendants, qui revendiquent une nouvelle identit\u00e9, parlent avec les mots, suivent la religion et le code vestimentaire de leurs anciens ma\u00eetres jusqu&#8217;aujourd&#8217;hui. C&#8217;est dire la puissance de l&#8217;assimilation et de la domination sur les peuples colonis\u00e9s. Au fil du temps, le discours universitaire \u00e9manant des pays colonisateurs, suivi par les chantres de la cr\u00e9olit\u00e9 dans les \u00eeles, s&#8217;est autoris\u00e9 \u00e0 incorporer toutes les composantes de la population sous la banni\u00e8re de la &#8216;cr\u00e9olit\u00e9&#8217;, selon la d\u00e9finition du dictionnaire.<\/span><\/p>\n<p><span style=\"color: #000000;\">Cette approche a plut\u00f4t bien r\u00e9ussi dans les soci\u00e9t\u00e9s o\u00f9 l&#8217;assimilation s&#8217;est impos\u00e9e par le biais de l&#8217;\u00e9ducation et des m\u00e9dias consentants, notamment dans les territoires fran\u00e7ais d&#8217;outre-mer.<\/span><\/p>\n<p><span style=\"color: #000000;\">Si la force de l&#8217;assimilation n&#8217;a laiss\u00e9 aucune marge de man\u0153uvre aux anciens colonis\u00e9s, tant \u00e9taient-ils coup\u00e9s de leur pays d&#8217;origine en Afrique, la tentative de calquer le m\u00eame discours de la d\u00e9finition identitaire aux autres ethnies et cultures a \u00e9chou\u00e9, d&#8217;autant plus que le lien avec l&#8217;Inde, notamment, a toujours \u00e9t\u00e9 soigneusement entretenu. Ces groupes entendent bien s&#8217;arroger le droit de se d\u00e9finir selon leur propre logique interne tout en reconnaissant le dynamisme d&#8217;une langue cr\u00e9ole qui s&#8217;est impos\u00e9e par sa vitalit\u00e9 et nouveaut\u00e9, comme une langue commune.<\/span><\/p>\n<p><span style=\"color: #000000;\">Cependant, une vision romantique du kreol comme \u00e9tant une langue riche, promue dans un certain discours, est loin d&#8217;\u00eatre partag\u00e9e par tout le monde. C&#8217;est aller vite en besogne car l&#8217;\u00e9volution d&#8217;une langue se fait dans le temps, comme chacun le sait.<\/span><\/p>\n<p><span style=\"color: #000000;\">Une langue, \u00e9tant la colonne vert\u00e9brale d&#8217;une culture, ceux issus de l&#8217;immigration indienne devraient imp\u00e9rativement s&#8217;interroger sur l&#8217;avenir de l&#8217;apport de leur langue d&#8217;origine dans l&#8217;h\u00e9ritage culturel que leurs anc\u00eatres ont perp\u00e9tu\u00e9 dans les pays d&#8217;adoption. Quelle est la valeur d&#8217;une culture vid\u00e9e de sa langue ? Cette question concerne aussi bien les groupes d&#8217;origine tamoule et gujarati fortement assimil\u00e9s par la langue fran\u00e7aise dans les \u00eeles fran\u00e7aises que ceux qui vivent aux Antilles anglaises et aux Seychelles et \u00e0 Maurice.<\/span><\/p>\n<p><span style=\"color: #000000;\">L&#8217;avenir du gujarati dans la jeune g\u00e9n\u00e9ration dans le milieu commer\u00e7ant est incertain, \u00e0 la R\u00e9union, par exemple. L&#8217;enseignement de la langue tamoule est limit\u00e9 \u00e0 une minorit\u00e9 pour pr\u00e9tendre l&#8217;\u00e9lever au statut d&#8217;une langue vivante pratiqu\u00e9e par ses membres au bout de plus de deux si\u00e8cles d&#8217;assimilation bient\u00f4t. De m\u00eame, le hakka est \u00e0 peine parl\u00e9 par la jeune g\u00e9n\u00e9ration des gens d&#8217;origine chinoise. La survie de la langue &#8216;arabe&#8217; des pays d&#8217;Afrique du Nord en Europe est en partie due \u00e0 ses 40 \u00e0 50 ans d&#8217;existence.<\/span><\/p>\n<p><span style=\"color: #000000;\">Maurice est un exemple unique d&#8217;un pays ind\u00e9pendant avec une forte repr\u00e9sentation des politiciens d&#8217;origine indienne qui a conserv\u00e9 l&#8217;enseignement des langues indiennes dans le syst\u00e8me scolaire, mais o\u00f9 le kreol a fait reculer le bhojpuri, le tamoul et le hakka sans qu&#8217;aucune autorit\u00e9 interne \u00e0 la communaut\u00e9 n\u2019ait jug\u00e9 utile de soulever les bonnes questions. <\/span><a href=\"https:\/\/forms.gle\/zJjGeEgr9k1UgepD8\">Read More&#8230; Become a Subscriber<\/a><\/p>\n<hr \/>\n<p><span style=\"color: #993300;\">Mauritius Times ePaper Friday 28 October 2022<\/span><\/p>\n","protected":false},"excerpt":{"rendered":"<p>Une sensibilisation \u00e0 la r\u00e9alit\u00e9 sociale et politique est d&#8217;une importance capitale pour la diaspora. Et cela, sans attendre un d\u00e9fi, une menace<\/p>\n","protected":false},"author":23,"featured_media":35938,"comment_status":"open","ping_status":"open","sticky":false,"template":"","format":"standard","meta":{"jetpack_post_was_ever_published":false,"_jetpack_newsletter_access":"","_jetpack_dont_email_post_to_subs":false,"_jetpack_newsletter_tier_id":0,"_jetpack_memberships_contains_paywalled_content":false,"_jetpack_memberships_contains_paid_content":false,"footnotes":"","jetpack_publicize_message":"","jetpack_publicize_feature_enabled":true,"jetpack_social_post_already_shared":true,"jetpack_social_options":{"image_generator_settings":{"template":"highway","default_image_id":0,"font":"","enabled":false},"version":2}},"categories":[27],"tags":[1275,171,8848,35345,35336,35346,33367,35337,5248,35347,35343,35338,989,35339,35341,170,35344,35340,35342],"class_list":["post-35936","post","type-post","status-publish","format-standard","has-post-thumbnail","hentry","category-society","tag-arya-samaj","tag-bhojpuri","tag-carnet-hebdo","tag-creolite","tag-diaspora-indienne-et-langues","tag-groupes-dorigine-tamoule","tag-gujarati","tag-heritage-culturel","tag-hindi","tag-identites-et-cultures","tag-immigration-indienne","tag-juifs","tag-kreol","tag-lhebreu","tag-langues-indiennes","tag-nita-chicooree-mercier","tag-pays-colonisateurs","tag-politique-linguistique","tag-tamoul"],"jetpack_publicize_connections":[],"jetpack_featured_media_url":"https:\/\/i0.wp.com\/www.mauritiustimes.com\/mt\/wp-content\/uploads\/2022\/10\/Indian-Diaspora.jpg?fit=1200%2C583&ssl=1","jetpack_sharing_enabled":true,"jetpack_shortlink":"https:\/\/wp.me\/p8QzSF-9lC","_links":{"self":[{"href":"https:\/\/www.mauritiustimes.com\/mt\/wp-json\/wp\/v2\/posts\/35936","targetHints":{"allow":["GET"]}}],"collection":[{"href":"https:\/\/www.mauritiustimes.com\/mt\/wp-json\/wp\/v2\/posts"}],"about":[{"href":"https:\/\/www.mauritiustimes.com\/mt\/wp-json\/wp\/v2\/types\/post"}],"author":[{"embeddable":true,"href":"https:\/\/www.mauritiustimes.com\/mt\/wp-json\/wp\/v2\/users\/23"}],"replies":[{"embeddable":true,"href":"https:\/\/www.mauritiustimes.com\/mt\/wp-json\/wp\/v2\/comments?post=35936"}],"version-history":[{"count":0,"href":"https:\/\/www.mauritiustimes.com\/mt\/wp-json\/wp\/v2\/posts\/35936\/revisions"}],"wp:featuredmedia":[{"embeddable":true,"href":"https:\/\/www.mauritiustimes.com\/mt\/wp-json\/wp\/v2\/media\/35938"}],"wp:attachment":[{"href":"https:\/\/www.mauritiustimes.com\/mt\/wp-json\/wp\/v2\/media?parent=35936"}],"wp:term":[{"taxonomy":"category","embeddable":true,"href":"https:\/\/www.mauritiustimes.com\/mt\/wp-json\/wp\/v2\/categories?post=35936"},{"taxonomy":"post_tag","embeddable":true,"href":"https:\/\/www.mauritiustimes.com\/mt\/wp-json\/wp\/v2\/tags?post=35936"}],"curies":[{"name":"wp","href":"https:\/\/api.w.org\/{rel}","templated":true}]}}