{"id":3592,"date":"2015-06-12T08:38:29","date_gmt":"2015-06-12T08:38:29","guid":{"rendered":"http:\/\/mauritiustimes.com\/mt\/2015\/06\/12\/interview-dr-sadasiven-reddi\/"},"modified":"2017-10-24T13:33:00","modified_gmt":"2017-10-24T09:33:00","slug":"interview-dr-sadasiven-reddi","status":"publish","type":"post","link":"https:\/\/www.mauritiustimes.com\/mt\/interview-dr-sadasiven-reddi\/","title":{"rendered":"Interview Dr Sadasiven Reddi &#8211; \u00abLes municipales peuvent prendre une importance capitale tant pour le MMM que pour l\u2019Alliance Lepep. Tout va d\u00e9pendre des r\u00e9sultats\u00bb  \u00a0"},"content":{"rendered":"<p class=\"MsoNormal\" style=\"text-align: center;\"><strong><span lang=\"FR\" style=\"font-family: Verdana;\">* \u00ab Le grand public d\u00e9guste avec grand app\u00e9tit ce sensationnalisme qui d\u00e9coule des enqu\u00eates de la police. Mais les exc\u00e8s entra\u00eenent aussi la sati\u00e9t\u00e9 \u00bb<\/span><\/strong><\/p>\n<p style=\"text-align: center;\"><!--more--><\/p>\n<p style=\"text-align: center;\"><em><strong>* \u00abLe poste de leader n\u2019est jamais offert sur un plateau. La course au leadership est une lutte ouverte. Il faut rivaliser, convaincre et rallier la majorit\u00e9 au sein du parti\u00bb<\/strong><\/em><\/p>\n<p>&nbsp;<\/p>\n<p class=\"MsoNormal\" style=\"text-align: center;\"><strong><span lang=\"FR\" style=\"font-family: Verdana;\">* \u00ab Ce qui para\u00eet \u00e9trange, c\u2019est que ce sont plut\u00f4t les adversaires de Ramgoolam et du<br \/>\nParti Travailliste qui demandent son d\u00e9part \u00bb<\/span><\/strong><\/p>\n<hr \/>\n<p class=\"MsoNormal\" style=\"text-align: center;\"><strong><span lang=\"FR\" style=\"font-family: Verdana;\"><br \/>\n<\/span><\/strong><\/p>\n<h3 style=\"text-align: center;\">Les \u00e9lections municipales apportent leur touche folklorique avec banderoles, oriflammes et affiches d\u00e9corant les villes. En m\u00eame temps, le citoyen ordinaire est profond\u00e9ment marqu\u00e9 par plusieurs affaires qui d\u00e9frayent la chronique, entre autres, les financements des partis politiques. Si les coffres-forts d\u00e9bordent de billets de banque, le citoyen ordinaire \u2013 lui &#8212; est pr\u00e9occup\u00e9 par les probl\u00e8mes socio-\u00e9conomiques et la crainte du ch\u00f4mage. Dans ce contexte, le verdict des citadins sera-t-il d\u00e9terminant pour la classe politique ? Dr Sadasiven Reddi, acad\u00e9mique et historien nous livre son avis.<\/h3>\n<hr \/>\n<p class=\"MsoNormal\"><strong><span lang=\"FR\" style=\"font-family: Verdana;\">Mauritius Times : Alors que nous ne sommes qu\u2019\u00e0 six mois des derni\u00e8res \u00e9lections g\u00e9n\u00e9rales, ne trouvez-vous pas surprenant que les \u00e9lections municipales de dimanche prochain ont pris une importance d\u00e9mesur\u00e9e, presque une dimension nationale ? D\u2019autant plus que quelle que soit l\u2019issue de ces \u00e9lections, le Gouvernement disposera amplement de temps pour appliquer son programme et, ainsi, renverser la vapeur dans le sillage de l\u2019affaire BAI\u2026<\/span><\/strong><\/p>\n<h2><\/h2>\n<p><strong>Dr Sadasiven Reddi :<\/strong> Pour le moment, on ne sait pas encore si les \u00e9lections municipales vont prendre une dimension nationale. D\u2019abord, cela concerne uniquement l\u2019\u00e9lectorat des villes. Ensuite, tout va d\u00e9pendre du taux de participation.<\/p>\n<p>On sait que, dans le pass\u00e9, les citadins ont boud\u00e9 les \u00e9lections municipales pour des raisons diverses. Habituellement, le taux de participation ne d\u00e9passe pas 30-35 % et, dans quelques wards, le taux atteint 40-45 %.<\/p>\n<p class=\"MsoNormal\"><span lang=\"FR\" style=\"font-family: Verdana;\">Seul le taux de participation va nous donner une indication de l\u2019importance que les citadins accordent \u00e0 ces \u00e9lections municipales. Cependant, les partis politiques vont tout mettre en \u0153uvre pour faire monter les ench\u00e8res et mobiliser le maximum de citadins. Reste \u00e0 savoir s\u2019ils vont pouvoir relever ce d\u00e9fi. <\/span><\/p>\n<p class=\"MsoNormal\"><span lang=\"FR\" style=\"font-family: Verdana;\">Si le taux de participation \u00e0 ces \u00e9lections est faible, cela va nous indiquer ce qui se passe au niveau de villes. C\u2019est un meilleur \u00e9chantillon qu\u2019un sondage. Et, \u00e0 ce moment-l\u00e0, on va pouvoir tirer quelques le\u00e7ons pour l\u2019avenir.<\/span><\/p>\n<p class=\"MsoNormal\"><span lang=\"FR\" style=\"font-family: Verdana;\">Ce Gouvernement est au d\u00e9but de son mandat et a tout le temps voulu pour mettre en \u0153uvre son programme sachant qu\u2019il jouit aussi d\u2019une grande majorit\u00e9 au Parlement. Toutefois, il devrait se focaliser sur les vrais enjeux et maintenir la stabilit\u00e9 gouvernementale. N\u00e9anmoins, il faut aussi \u00eatre conscient que cinq ann\u00e9es sont tr\u00e8s courtes pour r\u00e9aliser ou compl\u00e9ter des projets majeurs. <\/span><\/p>\n<p class=\"MsoNormal\"><span lang=\"FR\" style=\"font-family: Verdana;\">C\u2019est un bon signe que le Gouvernement ait commenc\u00e9 \u00e0 relancer les projets qui avaient \u00e9t\u00e9 gel\u00e9s apr\u00e8s les \u00e9lections. Les \u00ab smart cities \u00bb sont d\u00e9j\u00e0 l\u00e0 depuis au moins deux ans &#8211; M\u00e9dine, Bagatelle, Omnicane et d\u2019autres encore dans le nord et \u00e0 l\u2019est. Avec ce nouveau label \u00ab smart cities \u00bb, celles-ci vont b\u00e9n\u00e9ficier d\u2019une valeur ajout\u00e9e. <\/span><\/p>\n<p class=\"MsoNormal\"><span lang=\"FR\" style=\"font-family: Verdana;\">En politique, il y a toujours des impond\u00e9rables. On ne peut pas pr\u00e9dire le futur surtout quand un gouvernement est constitu\u00e9 de plusieurs partis. C\u2019est rare que de tels gouvernements aillent jusqu\u2019au bout de leur mandat. Une crise politique, sociale ou \u00e9conomique peut surgir \u00e0 n\u2019importe quel moment et de n\u2019importe o\u00f9, faisant ainsi grincer la machinerie gouvernementale. Mais il est aussi possible de consolider le gouvernement avec un remaniement, si n\u00e9cessaire, sans compter sur d\u2019\u00e9ventuels transfuges.<\/span><\/p>\n<p class=\"MsoNormal\"><strong><span lang=\"FR\" style=\"font-family: Verdana;\">* Mais il est \u00e9vident que l\u2019enjeu para\u00eet plus important pour le principal \u2018challenger\u2019 de l\u2019Alliance Lepep \u2013 le MMM \u2013 qu\u2019il ne l\u2019est pour l\u2019Alliance gouvernementale. Ce serait une \u2018make-or-break situation\u2019 pour Paul B\u00e9renger dont le leadership a fait l\u2019objet de contestations depuis la d\u00e9faite de d\u00e9cembre 2014 et dont le parti conna\u00eet aussi la dissidence, non ?<\/span><\/strong><\/p>\n<p class=\"MsoNormal\"><span lang=\"FR\" style=\"font-family: Verdana;\">Ces \u00e9lections peuvent prendre une importance capitale tant pour le MMM que pour l\u2019Alliance Lepep. Tout va d\u00e9pendre des r\u00e9sultats : soit une d\u00e9faite du MMM va affaiblir davantage le parti ou une victoire va le requinquer ainsi que son leader. <\/span><\/p>\n<p class=\"MsoNormal\"><span lang=\"FR\" style=\"font-family: Verdana;\">C\u2019est quand m\u00eame trop t\u00f4t, m\u00eame en cas de d\u00e9faite, d\u2019\u00e9liminer de la sc\u00e8ne politique Paul B\u00e9renger ou n\u2019importe quel autre leader politique. L\u2019Histoire nous montre que seuls les leaders politiques \u00e9chappent au cycle politique de 30-35 ann\u00e9es. <\/span><\/p>\n<p class=\"MsoNormal\"><span lang=\"FR\" style=\"font-family: Verdana;\">Quant au Gouvernement, une victoire va r\u00e9conforter l\u2019Alliance Lepep et surtout le MSM. Dans le pass\u00e9, Anerood Jugnauth n\u2019a jamais attach\u00e9 une grande importance aux \u00e9lections municipales puisque le MMM remportait facilement la plupart des municipalit\u00e9s. <\/span><\/p>\n<p class=\"MsoNormal\"><span lang=\"FR\" style=\"font-family: Verdana;\">Maintenant, avec une victoire, le MSM va gagner en termes de confiance en soi et va gouverner avec plus de s\u00e9r\u00e9nit\u00e9. Le parti aura aussi plus de pouvoir pour consolider ses assises dans les villes. A l\u2019inverse, une d\u00e9faite va faire l\u2019effet d\u2019une douche froide. Celle-ci sera exploit\u00e9e \u00e0 fond par les partis de l\u2019opposition et pourrait m\u00eame faire grincer la machinerie gouvernementale. Dans ce cas de figure, l\u2019opposition va avoir le vent en poupe.<\/span><\/p>\n<p class=\"MsoNormal\"><strong><span lang=\"FR\" style=\"font-family: Verdana;\">* L\u2019opposition soutient qu\u2019une victoire claire et nette de la majorit\u00e9 gouvernementale ne serait pas \u00ab saine \u00bb pour la d\u00e9mocratie, compte tenu des actions dirig\u00e9es et des m\u00e9thodes utilis\u00e9es par la police contre le leader et d\u2019autres dirigeants du PTr. Toutefois une telle victoire l\u00e9gitimerait l\u2019action gouvernementale visant \u00e0 \u00ab nettoyer \u00bb le pays des \u00ab abus \u00bb du r\u00e9gime ramgoolamien. Les \u00e9lections municipales constitueront donc un barom\u00e8tre, un reflet fid\u00e8le de l\u2019opinion que font les Mauriciens, les citadins en particulier, de l\u2019action gouvernementale \u00e0 ce jour ? <\/span><\/strong><\/p>\n<p class=\"MsoNormal\"><span lang=\"FR\" style=\"font-family: Verdana;\">Cette d\u00e9marche, venant de l\u2019opposition, est l\u00e9gitime. D\u2019ailleurs, il va de son devoir de d\u00e9crier ce qu\u2019elle consid\u00e8re comme \u00e9tant des abus et des d\u00e9rives du gouvernement. Alors que la majorit\u00e9 des policiers font leur travail correctement, la fa\u00e7on de faire de certains ternit l&#8217;image de la force polici\u00e8re, et rend leur travail difficile. Cela risque de decr\u00e9dibiliser une institution qui, en verit\u00e9, est fondamentale pour toute soci\u00e9t\u00e9 pour le maintien de l&#8217;ordre public. <\/span><\/p>\n<p class=\"MsoNormal\"><span lang=\"FR\" style=\"font-family: Verdana;\">D\u2019ailleurs, les d\u00e9rives d\u2019une section de la police ont fait l\u2019objet d\u2019une d\u00e9nonciation publique du pr\u00e9sident de l\u2019Ordre des avocats suite \u00e0 l\u2019affaire Tandrayen. Et cela a renforc\u00e9 la tr\u00e8s forte perception que le gouvernement abuse de son pouvoir. Si j\u2019interpr\u00e8te librement les propos du pr\u00e9sident de l\u2019Ordre des avocats, le \u2018rule of law\u2019 a \u00e9t\u00e9 substitu\u00e9 par \u2018the rule of lawyers and the police\u2019. <\/span><\/p>\n<p class=\"MsoNormal\"><span lang=\"FR\" style=\"font-family: Verdana;\">A partir de ces observations, suite aux r\u00e9sultats des \u00e9lections municipales, on va v\u00e9rifier si cette perception est partag\u00e9e par la majorit\u00e9 des citadins. Une victoire nette de l\u2019Alliance Lepep, avec un taux de participation \u00e9lev\u00e9, va prouver que cette perception n\u2019est pas aussi \u00e9tendue qu\u2019on ne le croit. Dans ce cas de figure, cela va certainement rassurer le Gouvernement qu\u2019il est sur la bonne voie et va l\u2019encourager \u00e0 continuer sur cette voie toute trac\u00e9e. Alors, on va pouvoir conclure que la communication de l\u2019opposition a \u00e9t\u00e9 d\u00e9faillante et celle du gouvernement, tr\u00e8s efficace.<\/span><\/p>\n<p class=\"MsoNormal\"><strong><span lang=\"FR\" style=\"font-family: Verdana;\">* Ce serait faire du \u00ab wishful thinking \u00bb que de parler en termes de changement d\u2019orientation politique de la part de l\u2019\u00e9lectorat \u00e0 ce stade car il ne semble pas qu\u2019on se soit approch\u00e9 de l\u2019inflection point o\u00f9 l\u2019\u00e9lectorat change de camp pour rejoindre celui de l\u2019opposition. Qu\u2019en pensez-vous ?<\/span><\/strong><\/p>\n<p class=\"MsoNormal\"><span lang=\"FR\" style=\"font-family: Verdana;\">Pour le moment, on doit se limiter \u00e0 l\u2019\u00e9lectorat urbain. Seule une \u00e9tude d\u00e9taill\u00e9e des r\u00e9sultats des \u00e9lections pourrait nous \u00e9clairer sur un \u00e9ventuel changement de camp ou non de l\u2019\u00e9lectorat. <\/span><\/p>\n<p class=\"MsoNormal\"><span lang=\"FR\" style=\"font-family: Verdana;\">Si la participation est faible, il serait difficile de tirer des conclusions valables. Pour le moment, c\u2019est assez normal de s\u2019attendre \u00e0 ce que les retomb\u00e9es sociales et \u00e9conomiques aient un certain impact sur une partie de l\u2019\u00e9lectorat ; celle qui s\u2019est sentie l\u00e9s\u00e9e et qui est directement concern\u00e9e par les affaires qui ont d\u00e9fray\u00e9 la chronique ces derniers temps. Un comportement contraire de leur part serait surprenant. <\/span><\/p>\n<p class=\"MsoNormal\"><span lang=\"FR\" style=\"font-family: Verdana;\">En politique, il y a parfois des surprises. On ne peut pas pr\u00e9voir l\u2019humeur de l\u2019\u00e9lectorat et l\u2019impact que cela aura sur les \u00e9lections. Il faut \u00eatre patient et attendre le verdict des urnes.<\/span><\/p>\n<p class=\"MsoNormal\"><strong><span lang=\"FR\" style=\"font-family: Verdana;\">* Ce point d\u2019inflexion n\u2019est pas pour sit\u00f4t, para\u00eet-il, car on n\u2019est pas au bout de nos surprises avec une affaire qui chasse l\u2019autre depuis le d\u00e9but de l\u2019ann\u00e9e. Apr\u00e8s les \u00ab Ponzi scheme \u00bb au niveau de la BAI, le \u2018State Lands\u2019 saga\u2019, Dufry\/Frydu et les commissions \u00e0 l\u2019a\u00e9roport, voil\u00e0 de nouvelles all\u00e9gations par rapport \u00e0 l\u2019acquisition des Airbus A 350\u2026 Mais si on ne fait qu\u2019ameuter l\u2019opinion publique et que, dans une Cour de Justice, seuls les faits comptent, il serait difficile de d\u00e9fendre ce qui para\u00eet ind\u00e9fendable dans ces conditions \u2013 du moins sur le terrain politique? <\/span><\/strong><\/p>\n<p class=\"MsoNormal\"><span lang=\"FR\" style=\"font-family: Verdana;\">Le grand public d\u00e9guste avec grand app\u00e9tit ce sensationnalisme qui d\u00e9coule des enqu\u00eates de la police. C\u2019est un comportement normal dans toutes les soci\u00e9t\u00e9s. Les gens en ont besoin et un peu plus dans notre cadre insulaire o\u00f9 le passe-temps favori demeure soit faire du l\u00e8che-vitrine, ou se rendre dans les grandes surfaces, ou regarder la t\u00e9l\u00e9vision. <\/span><\/p>\n<p class=\"MsoNormal\"><span lang=\"FR\" style=\"font-family: Verdana;\">Mais les exc\u00e8s entra\u00eenent aussi la sati\u00e9t\u00e9 et, alors, les gens ont d\u2019autres revendications plus importantes, plus mat\u00e9rielles et plus concr\u00e8tes telles que l\u2019acc\u00e8s \u00e0 un emploi, de meilleures conditions de vie, de meilleurs salaires, un plus grand pouvoir d\u2019achat et plus d\u2019\u00e9quit\u00e9 dans les affaires publiques. <\/span><\/p>\n<p class=\"MsoNormal\"><span lang=\"FR\" style=\"font-family: Verdana;\">Ils ne vont pas se contenter \u00e9ternellement de sensationnalisme et de voyeurisme. Ils vont aussi revendiquer d\u2019autres choses et, en fin de compte, cela sera le v\u00e9ritable test pour le Gouvernement.<\/span><\/p>\n<p class=\"MsoNormal\"><strong><span lang=\"FR\" style=\"font-family: Verdana;\">* Par ailleurs, il para\u00eet dans ces conditions que l\u2019opposition travailliste, frapp\u00e9e de plein fouet par toutes ces all\u00e9gations d\u2019irr\u00e9gularit\u00e9s, aura un tr\u00e8s grand d\u00e9fi \u00e0 relever. D\u2019ailleurs, le PTr parvient difficilement \u00e0 se relever avec un leader qui est toujours occup\u00e9 avec diff\u00e9rentes enqu\u00eates polici\u00e8res. Aurait-il d\u00fb partir, \u00e0 votre avis ?<\/span><\/strong><\/p>\n<p class=\"MsoNormal\"><span lang=\"FR\" style=\"font-family: Verdana;\">Le Parti travailliste passe par des moments difficiles en raison de toutes ces all\u00e9gations, vous le dites bien : all\u00e9gations. En attendant que les Cours de justice et peut-\u00eatre m\u00eame le Conseil Priv\u00e9 se prononcent sur ces all\u00e9gations, cela va prendre beaucoup de temps. Si le leader du Parti travailliste est finalement condamn\u00e9 au bout de 4, 5 ou 6 ans, il va certainement abandonner le leadership. Mais imaginons qu\u2019il soit lav\u00e9 de tout bl\u00e2me. A ce moment-l\u00e0, comment jugera-t-on le fait de l\u2019avoir contraint d\u2019abandonner le leadership suite \u00e0 des all\u00e9gations ? Comme une injustice ?<\/span><\/p>\n<p class=\"MsoNormal\"><span lang=\"FR\" style=\"font-family: Verdana;\">Que Navin Ramgoolam parte ou non, cela doit d\u00e9pendre uniquement du parti et du leader du PTr. Si le parti veut le faire partir, il incombe au PTr de prendre les actions n\u00e9cessaires. Ce n\u2019est pas aux adversaires du parti de prendre ce genre de d\u00e9cision. <\/span><\/p>\n<p class=\"MsoNormal\"><span lang=\"FR\" style=\"font-family: Verdana;\">Deux membres du parti ont exprim\u00e9 le souhait qu\u2019il abandonne son poste et, par la suite, ils se sont ressaisis. Et j\u2019ajouterai aussi qu\u2019il existe un m\u00e9canisme pour changer de leader au sein d\u2019un parti politique. Soit on est \u00e9lu par le Comit\u00e9 ex\u00e9cutif ou le Congr\u00e8s selon les dispositions de la Constitution du parti. Enfin, le poste de leader n\u2019est jamais offert sur un plateau. La course au leadership est une lutte ouverte. Il faut rivaliser, convaincre et rallier la majorit\u00e9 au sein du parti. C\u2019est la voie pour toute personne aspirant \u00e0 devenir le leader d\u2019un parti.<\/span><\/p>\n<p class=\"MsoNormal\"><span lang=\"FR\" style=\"font-family: Verdana;\">En ce moment, ce qui para\u00eet \u00e9trange, c\u2019est que ce sont plut\u00f4t les adversaires de Ramgoolam et du Parti Travailliste qui demandent son d\u00e9part. Pourtant s\u2019ils pensent, \u00e0 tort ou \u00e0 raison, que la cr\u00e9dibilit\u00e9 du leader du PTr a \u00e9t\u00e9 entam\u00e9e, ils auraient d\u00fb pr\u00e9f\u00e9rer le voir \u00e0 la t\u00eate de ce parti. Cela aurait facilit\u00e9 leur t\u00e2che de d\u00e9truire le PTr et de tenir ce parti hors du pouvoir. <\/span><\/p>\n<p class=\"MsoNormal\"><span lang=\"FR\" style=\"font-family: Verdana;\">Mais tel n\u2019est pas le cas. Alors, on doit conclure que sa personne reste un atout pour le PTr, ses partisans et son \u00e9lectorat. La raison la plus plausible, ce serait la peur que le PTr ne renaisse de ses cendres, et cela, plus vite qu\u2019on ne l\u2019attend.<\/span><\/p>\n<p class=\"MsoNormal\"><strong><span lang=\"FR\" style=\"font-family: Verdana;\">* Il se pourrait que Navin Ramgoolam soit d\u2019avis que le temps jouera \u00e9ventuellement en sa faveur car il n\u2019est pas \u00e9vident que des solutions imm\u00e9diates pourront \u00eatre propos\u00e9es pour combattre le ch\u00f4mage et la pr\u00e9carit\u00e9. Et, en attendant, il laisse \u00e0 Paul B\u00e9renger \u2013 \u2018past master\u2019 en mati\u00e8re de d\u00e9molition de gouvernements &#8212; le soin d\u2019affronter frontalement l\u2019alliance gouvernementale. Qu\u2019en pensez-vous ?<\/span><\/strong><\/p>\n<p class=\"MsoNormal\"><span lang=\"FR\" style=\"font-family: Verdana;\">Quelle est la strat\u00e9gie de Ramgoolam ? Personne ne le sait. Ce qui trotte dans sa t\u00eate n\u2019est pas observable. Cependant, toute personne est en droit de sp\u00e9culer sur sa d\u00e9marche. <\/span><\/p>\n<p class=\"MsoNormal\"><span lang=\"FR\" style=\"font-family: Verdana;\">Il y a des conditions objectives d\u2019insatisfaction de la soci\u00e9t\u00e9, par exemple, je pense au ch\u00f4mage, \u00e0 une certaine contraction dans les affaires selon certains entrepreneurs, au d\u00e9sinvestissement des \u00e9trangers, ou encore \u00e0 une bureaucratie qui devient de plus en plus rigide dans sa prise de d\u00e9cision.<\/span><\/p>\n<p class=\"MsoNormal\"><span lang=\"FR\" style=\"font-family: Verdana;\">Ce sont autant de probl\u00e8mes que le MMM et son leader sauront exploiter \u00e0 fond. Avec quels r\u00e9sultats ? On le saura dans le futur. Mais, de l\u00e0, s\u2019imaginer que cela fait partie d\u2019une strat\u00e9gie de Ramgoolam, cela rel\u00e8ve de la politique fiction. <\/span><\/p>\n<p class=\"MsoNormal\"><strong><span lang=\"FR\" style=\"font-family: Verdana;\">* Sir Anerood Jugnauth ne participera pas \u00e0 la campagne pour les \u00e9lections municipales. C\u2019est possible que le poids de l\u2019\u00e2ge y soit pour quelque chose. D\u2019ailleurs, Paul B\u00e9renger se fait du souci pour le Gouvernement : il soutient que SAJ est \u00ab fatigu\u00e9 \u00bb et qu\u2019il ne pourra pas diriger le pays tr\u00e8s longtemps encore. Qu\u2019on le veuille ou non, c\u2019est une r\u00e9alit\u00e9 \u00e0 laquelle le Gouvernement devra faire face. Mais il parait que la transition se pr\u00e9pare\u2026 <\/span><\/strong><\/p>\n<p class=\"MsoNormal\"><span lang=\"FR\" style=\"font-family: Verdana;\">On ne va pas sp\u00e9culer sur la capacit\u00e9 de SAJ \u00e0 gouverner m\u00eame si c\u2019est toujours difficile de tenir les r\u00eanes d\u2019un pays \u00e0 un certain \u00e2ge. Mais tout gouvernement doit pr\u00e9parer sa succession comme cela se fait dans tous les pays, et cela, avec une discr\u00e9tion absolue. Je pense que c\u2019est tout \u00e0 fait normal pour les membres du Gouvernement de r\u00e9fl\u00e9chir sur la succession de SAJ. Les sp\u00e9culations vont bon train sur cette transition. Mais une chose est s\u00fbre : tout successeur doit obtenir l\u2019adh\u00e9sion de la majorit\u00e9 des membres du Gouvernement.<\/span><\/p>\n<p class=\"MsoNormal\"><strong><span lang=\"FR\" style=\"font-family: Verdana;\">* Quelle analyse faites-vous des diff\u00e9rents int\u00e9r\u00eats coexistant au sein de l\u2019actuel gouvernement et du rapport de forces au sein de cette \u00e9quipe disparate ? En vous basant sur la gestion des affaires de l\u2019Etat, avez-vous l\u2019impression qu\u2019il existe diff\u00e9rents p\u00f4les de pouvoir au sein de l\u2019actuel gouvernement ?<\/span><\/strong><\/p>\n<p class=\"MsoNormal\"><span lang=\"FR\" style=\"font-family: Verdana;\">Vous dites que l\u2019\u00e9quipe du gouvernement est \u00ab disparate \u00bb ? Sans rentrer dans un d\u00e9bat s\u00e9mantique sur ce terme, il faut reconna\u00eetre que toutes les alliances ont \u00e9t\u00e9, \u00e0 des degr\u00e9s divers, \u00ab disparates \u00bb. Mais ils avaient quand m\u00eame trouv\u00e9 un <em>modus operandi<\/em> pour travailler en \u00e9quipe, du moins en apparence. <\/span><\/p>\n<p class=\"MsoNormal\"><span lang=\"FR\" style=\"font-family: Verdana;\">S\u2019il y a des conflits parmi les partenaires, ils ne sont pas dans le domaine public. Normalement, les ministres dirigent leur minist\u00e8re \u00e0 leur guise et aucun ministre ne va ing\u00e9rer dans les affaires d\u2019un autre ministre. Je pense que c\u2019est probablement aussi le cas pour ce gouvernement. Bien s\u00fbr, chaque ministre a son style propre \u00e0 lui. Puisqu\u2019il y a trois partis politiques en alliance, c\u2019est assez normal qu\u2019il existe diff\u00e9rents p\u00f4les de pouvoir. Mais cela n\u2019entame pas la solidarit\u00e9 gouvernementale \u00e0 moins que ne surgissent des conflits importants, voire insurmontables.<\/span><\/p>\n<p class=\"MsoNormal\"><strong><span lang=\"FR\" style=\"font-family: Verdana;\">* Par ailleurs, le financement politique s\u2019est aussi invit\u00e9 dans le d\u00e9bat dans le sillage de l\u2019affaire BAI. Le MMM, le MSM, le PTr et les autres partis sans doute ont tous re\u00e7u des contributions de la BAI dans le cadre des \u00e9lections l\u00e9gislatives, mais chacun reste \u00e9vasif sur cette question. Par contre, Paul B\u00e9renger r\u00e9clame une loi sur le financement des partis politiques avec effet r\u00e9troactif \u2013 cela afin de \u00ab savoir tout sur ce qu\u2019ont re\u00e7u les partis politiques \u00bb. Votre opinion ?<\/span><\/strong><\/p>\n<p class=\"MsoNormal\"><span lang=\"FR\" style=\"font-family: Verdana;\">Tous les partis politiques et leur leader re\u00e7oivent des donations des entreprises pour les \u00e9lections et les grandes manifestations politiques. C\u2019est probablement la raison principale pour laquelle aucun grand parti n\u2019est enregistr\u00e9 au Registrar of Associations. <\/span><\/p>\n<p class=\"MsoNormal\"><span lang=\"FR\" style=\"font-family: Verdana;\">Imaginons un moment que chacune des 100 plus grandes entreprises de Maurice fasse une donation d\u2019un minimum de Rs 2 millions \u00e0 Rs 5 millions de roupies \u00e0 chaque parti ou \u00e0 son leader pour les \u00e9lections. Cela fait une coquette somme pour chaque \u00e9lection et aussi pour le Premier Mai. <\/span><\/p>\n<p class=\"MsoNormal\"><span lang=\"FR\" style=\"font-family: Verdana;\">Et ce n\u2019est pas uniquement les grosses entreprises qui contribuent. Il y a aussi presque toutes les petites et moyennes entreprises, les magasins et les boutiques. Alors, on peut facilement comprendre toute cette hypocrisie qui entoure le financement des partis politiques. Quel gouvernement viendrait de l\u2019avant avec une loi r\u00e9troactive ou serait dispos\u00e9 \u00e0 instituer une commission d\u2019enqu\u00eate ?<\/span><\/p>\n<p class=\"MsoNormal\"><strong><span lang=\"FR\" style=\"font-family: Verdana;\">* M\u00eame si tous sont g\u00e9n\u00e9ralement d\u2019avis que les financements politiques occultes et illicites favorisent la corruption et sont, en grande partie, la source du mal, certains affirment cependant que les contribuables ne doivent pas financer les partis politiques. Quelle opinion faites-vous du financement des partis politiques par l\u2019Etat ? <\/span><\/strong><\/p>\n<p class=\"MsoNormal\"><span lang=\"FR\" style=\"font-family: Verdana;\">Le financement des partis politiques par l\u2019\u00c9tat ne serait qu\u2019un trompe-\u0153il. On ne peut pas contr\u00f4ler le financement des partis politiques \u00e0 Maurice. <\/span><\/p>\n<p class=\"MsoNormal\"><span lang=\"FR\" style=\"font-family: Verdana;\">Pourquoi faut-il utiliser les fonds publics pour financer les partis politiques ? La grande majorit\u00e9 de la population mauricienne ne demande ni oriflammes, ni d\u00e9pliants en couleurs, ni meetings publics, ni bases politiques qui poussent comme des champignons le temps des \u00e9lections, ni du manzer-boire sous forme de briani et de rhum. <\/span><\/p>\n<p class=\"MsoNormal\"><span lang=\"FR\" style=\"font-family: Verdana;\">La classe politique pourrait \u00e9voluer dans le bon sens et passer ses messages \u00e0 travers les m\u00e9dias. On peut tr\u00e8s bien voter sans ces m\u00e9thodes archa\u00efques pour attirer les \u00e9lecteurs. <\/span><\/p>\n<p class=\"MsoNormal\"><span lang=\"FR\" style=\"font-family: Verdana;\">En ce qui concerne l\u2019\u00e9lecteur lui-m\u00eame, il ne demande aucune contribution \u00e0 personne pour aller voter. La pratique de la bribe \u00e9lectorale est futile, voire inutile. C\u2019est une incitation \u00e0 la corruption. <\/span><\/p>\n<p class=\"MsoNormal\"><span lang=\"FR\" style=\"font-family: Verdana;\">Au lieu de tout cela, il suffit de rendre le vote obligatoire.<\/span><\/p>\n<p class=\"MsoNormal\"><strong><span lang=\"FR\" style=\"font-family: Verdana;\">* A la fin de la journ\u00e9e, quelle est votre opinion sur l\u2019impact des affaires par rapport \u00e0 la BAI sur l\u2019\u00e9conomie au niveau national?<\/span><\/strong><\/p>\n<p class=\"MsoNormal\"><span lang=\"FR\" style=\"font-family: Verdana;\">L\u2019impact a \u00e9t\u00e9 tr\u00e8s n\u00e9gatif pour l\u2019\u00e9conomie du pays. La gestion de cette affaire soul\u00e8ve beaucoup des questions. On aurait pu attendre le rapport sur le \u201cState of the BAI \u00bb sur le mod\u00e8le d\u2019un \u201cState of the Economy\u2019 apr\u00e8s les derni\u00e8res \u00e9lections g\u00e9n\u00e9rales. Cela aurait \u00e9t\u00e9 plus transparent, cr\u00e9dible et convaincant.<\/span><\/p>\n<p class=\"MsoNormal\"><span lang=\"FR\" style=\"font-family: Verdana;\">Mais on a pataug\u00e9 dans des contradictions. Et tout cela a \u00e9t\u00e9 r\u00e9percut\u00e9 dans la presse internationale. Par cons\u00e9quent, notre image a pris un s\u00e9rieux coup.<\/span><\/p>\n<p class=\"MsoNormal\"><span lang=\"FR\" style=\"font-family: Verdana;\">Quant \u00e0 son impact, cette affaire a \u00e9t\u00e9 qualifi\u00e9e de \u00ab vendetta politique \u00bb, de \u00ab ethnic targeting \u00bb ou encore de \u00ab grand nettoyage \u00bb. Cela a sem\u00e9 la confusion au sein du public. Beaucoup de Mauriciens, traumatis\u00e9s suite \u00e0 la fermeture de la BAI, souffrent encore. <\/span><\/p>\n<p class=\"MsoNormal\"><span lang=\"FR\" style=\"font-family: Verdana;\">De plus, selon les sp\u00e9culations, des licenciements sont attendus dans les filiales de la BAI et constituent un drame pour toutes les familles concern\u00e9es. Le flou persiste quant \u00e0 leur avenir apr\u00e8s les \u00e9lections municipales. Malgr\u00e9 l\u2019assurance donn\u00e9e par le Gouvernement, les employ\u00e9s ont peur pour leur avenir et aussi l\u2019avenir de leurs enfants. <\/span><\/p>\n<p class=\"MsoNormal\"><span lang=\"FR\" style=\"font-family: Verdana;\">Il y a un ralentissement g\u00e9n\u00e9ral dans les affaires dans les petites entreprises des fournisseurs de Courts. On note aussi la r\u00e9duction des salaires du personnel d\u2019Apollo Bramwell. <\/span><\/p>\n<p class=\"MsoNormal\"><span lang=\"FR\" style=\"font-family: Verdana;\">Dans le long terme, d\u00e9pendant de l\u2019entreprise qui va reprendre Apollo Bramwell, il y a des risques de concentration de richesses dans le pays. Qui sera le repreneur ? S\u2019agirait-il de Ciel-Fortis ? Ou de conglom\u00e9rats locaux d\u00e9guis\u00e9s en compagnies \u00e9trang\u00e8res ? <\/span><\/p>\n<p class=\"MsoNormal\"><span lang=\"FR\" style=\"font-family: Verdana;\">La population mauricienne prendra beaucoup de temps pour se remettre des s\u00e9quelles des affaires li\u00e9es \u00e0 la BAI et entre-temps le pays en p\u00e2tira.<\/span><\/p>\n<p>*\u00a0 Published in print edition on 12 June 2015<\/p>\n","protected":false},"excerpt":{"rendered":"<p>* \u00ab Le grand public d\u00e9guste avec grand app\u00e9tit ce sensationnalisme qui d\u00e9coule des enqu\u00eates de la police. Mais les exc\u00e8s entra\u00eenent aussi la sati\u00e9t\u00e9 \u00bb<\/p>\n","protected":false},"author":1,"featured_media":9653,"comment_status":"open","ping_status":"open","sticky":false,"template":"","format":"standard","meta":{"jetpack_post_was_ever_published":false,"_jetpack_newsletter_access":"","_jetpack_dont_email_post_to_subs":false,"_jetpack_newsletter_tier_id":0,"_jetpack_memberships_contains_paywalled_content":false,"_jetpack_memberships_contains_paid_content":false,"footnotes":"","jetpack_publicize_message":"","jetpack_publicize_feature_enabled":true,"jetpack_social_post_already_shared":false,"jetpack_social_options":{"image_generator_settings":{"template":"highway","default_image_id":0,"font":"","enabled":false},"version":2}},"categories":[32],"tags":[6661,3855,140,6662,6320,6660,280,50,314,49,671,42,6663],"class_list":["post-3592","post","type-post","status-publish","format-standard","has-post-thumbnail","hentry","category-interviews","tag-alliance-lepep-mmm","tag-apollo-bramwell","tag-bai","tag-dufryfrydu","tag-elections-municipales","tag-interview-dr-sadasiven-reddi","tag-msm","tag-navin-ramgoolam","tag-parti-travailliste","tag-paul-berenger","tag-ponzi-scheme","tag-sir-anerood-jugnauth","tag-state-lands-saga"],"jetpack_publicize_connections":[],"jetpack_featured_media_url":"https:\/\/i0.wp.com\/www.mauritiustimes.com\/mt\/wp-content\/uploads\/2015\/06\/sada-Reddi.gif?fit=260%2C179&ssl=1","jetpack_sharing_enabled":true,"jetpack_shortlink":"https:\/\/wp.me\/p8QzSF-VW","_links":{"self":[{"href":"https:\/\/www.mauritiustimes.com\/mt\/wp-json\/wp\/v2\/posts\/3592","targetHints":{"allow":["GET"]}}],"collection":[{"href":"https:\/\/www.mauritiustimes.com\/mt\/wp-json\/wp\/v2\/posts"}],"about":[{"href":"https:\/\/www.mauritiustimes.com\/mt\/wp-json\/wp\/v2\/types\/post"}],"author":[{"embeddable":true,"href":"https:\/\/www.mauritiustimes.com\/mt\/wp-json\/wp\/v2\/users\/1"}],"replies":[{"embeddable":true,"href":"https:\/\/www.mauritiustimes.com\/mt\/wp-json\/wp\/v2\/comments?post=3592"}],"version-history":[{"count":0,"href":"https:\/\/www.mauritiustimes.com\/mt\/wp-json\/wp\/v2\/posts\/3592\/revisions"}],"wp:featuredmedia":[{"embeddable":true,"href":"https:\/\/www.mauritiustimes.com\/mt\/wp-json\/wp\/v2\/media\/9653"}],"wp:attachment":[{"href":"https:\/\/www.mauritiustimes.com\/mt\/wp-json\/wp\/v2\/media?parent=3592"}],"wp:term":[{"taxonomy":"category","embeddable":true,"href":"https:\/\/www.mauritiustimes.com\/mt\/wp-json\/wp\/v2\/categories?post=3592"},{"taxonomy":"post_tag","embeddable":true,"href":"https:\/\/www.mauritiustimes.com\/mt\/wp-json\/wp\/v2\/tags?post=3592"}],"curies":[{"name":"wp","href":"https:\/\/api.w.org\/{rel}","templated":true}]}}