{"id":34574,"date":"2022-04-29T14:43:07","date_gmt":"2022-04-29T10:43:07","guid":{"rendered":"http:\/\/www.mauritiustimes.com\/mt\/?p=34574"},"modified":"2022-05-05T15:15:21","modified_gmt":"2022-05-05T11:15:21","slug":"la-crise-du-pouvoir-dachat-ne-sestompera-pas-de-sitot-la-colere-non-plus","status":"publish","type":"post","link":"https:\/\/www.mauritiustimes.com\/mt\/la-crise-du-pouvoir-dachat-ne-sestompera-pas-de-sitot-la-colere-non-plus\/","title":{"rendered":"&#8220;La crise du pouvoir d\u2019achat ne s\u2019estompera pas de sit\u00f4t. La col\u00e8re, non plus !&#8221;"},"content":{"rendered":"<h4 style=\"text-align: center;\"><span style=\"color: #ff0000;\"><u>Interview Rabin Bhujun<\/u><\/span><\/h4>\n<h4 style=\"text-align: center;\"><span style=\"color: #ff0000;\"><u><img data-recalc-dims=\"1\" loading=\"lazy\" decoding=\"async\" data-attachment-id=\"31784\" data-permalink=\"https:\/\/www.mauritiustimes.com\/mt\/la-marmite-sociale-va-tres-certainement-bouillonner-fin-2021-debut-2022\/rabin-bhujun-25-june-21-1\/\" data-orig-file=\"https:\/\/i0.wp.com\/www.mauritiustimes.com\/mt\/wp-content\/uploads\/2021\/06\/RABIN-BHUJUN-25-JUNE-21-1.jpg?fit=1200%2C571&amp;ssl=1\" data-orig-size=\"1200,571\" data-comments-opened=\"1\" data-image-meta=\"{&quot;aperture&quot;:&quot;0&quot;,&quot;credit&quot;:&quot;&quot;,&quot;camera&quot;:&quot;&quot;,&quot;caption&quot;:&quot;&quot;,&quot;created_timestamp&quot;:&quot;0&quot;,&quot;copyright&quot;:&quot;&quot;,&quot;focal_length&quot;:&quot;0&quot;,&quot;iso&quot;:&quot;0&quot;,&quot;shutter_speed&quot;:&quot;0&quot;,&quot;title&quot;:&quot;&quot;,&quot;orientation&quot;:&quot;0&quot;}\" data-image-title=\"RABIN BHUJUN &amp;#8211; 25 JUNE 21 (1)\" data-image-description=\"\" data-image-caption=\"\" data-large-file=\"https:\/\/i0.wp.com\/www.mauritiustimes.com\/mt\/wp-content\/uploads\/2021\/06\/RABIN-BHUJUN-25-JUNE-21-1.jpg?fit=640%2C304&amp;ssl=1\" class=\"aligncenter size-full wp-image-31784\" src=\"https:\/\/i0.wp.com\/www.mauritiustimes.com\/mt\/wp-content\/uploads\/2021\/06\/RABIN-BHUJUN-25-JUNE-21-1.jpg?resize=640%2C305&#038;ssl=1\" alt=\"\" width=\"640\" height=\"305\" srcset=\"https:\/\/i0.wp.com\/www.mauritiustimes.com\/mt\/wp-content\/uploads\/2021\/06\/RABIN-BHUJUN-25-JUNE-21-1.jpg?w=1200&amp;ssl=1 1200w, https:\/\/i0.wp.com\/www.mauritiustimes.com\/mt\/wp-content\/uploads\/2021\/06\/RABIN-BHUJUN-25-JUNE-21-1.jpg?resize=300%2C143&amp;ssl=1 300w, https:\/\/i0.wp.com\/www.mauritiustimes.com\/mt\/wp-content\/uploads\/2021\/06\/RABIN-BHUJUN-25-JUNE-21-1.jpg?resize=1024%2C487&amp;ssl=1 1024w, https:\/\/i0.wp.com\/www.mauritiustimes.com\/mt\/wp-content\/uploads\/2021\/06\/RABIN-BHUJUN-25-JUNE-21-1.jpg?resize=768%2C365&amp;ssl=1 768w\" sizes=\"auto, (max-width: 640px) 100vw, 640px\" \/><\/u><\/span><!--more--><\/h4>\n<h2><span style=\"color: #800000;\">* &#8216;Le gouvernement ne peut pas jouer \u00e0 la politique de l\u2019autruche\u00a0: il existe un terrain propice aux effusions de col\u00e8re&#8217;<\/span><\/h2>\n<h3><span style=\"color: #000000;\">* &#8216;Une d\u00e9fiance g\u00e9n\u00e9ralis\u00e9e envers les institutions et la classe politique dirigeante install\u00e9e est en train de conduire des citoyens \u00e0 effectuer ou \u00e0 contempler des choix extr\u00eames&#8217;<\/span><\/h3>\n<hr \/>\n<p><span style=\"color: #800000;\"><strong>L\u2019exp\u00e9rience montre qu\u2019une crise peut en cacher une autre. La pand\u00e9mie mondiale de la Covid-19 semble sous contr\u00f4le mais l\u2019impact \u00e9conomique se fait toujours sentir. A peine les gouvernements ont-ils commenc\u00e9 \u00e0 en minimiser les effets que la guerre a surgi de mani\u00e8re brutale et inattendue. Rien n\u2019est acquis. Au contraire, tout redevient pr\u00e9caire. Les fondements m\u00eames des soci\u00e9t\u00e9s d\u00e9mocratiques semblent menac\u00e9s. Notre invit\u00e9 nous en parle.\u00a0<\/strong><\/span><\/p>\n<hr \/>\n<p><span style=\"color: #000000;\"><strong>Mauritius Times\u00a0: S&#8217;il y a effectivement une crise du pouvoir d&#8217;achat affectant la classe ouvri\u00e8re et aussi une bonne partie de la classe moyenne, et que cela m\u00e9rite une attention particuli\u00e8re de la part du gouvernement, il y aurait &#8211; selon votre lecture des incidents survenus la semaine derni\u00e8re et publi\u00e9e sur un blog, des pyromanes \u00e0 l&#8217;\u0153uvre, en particulier des avocats-politiciens\u00a0; ceux-ci souhaiteraient r\u00e9\u00e9diter l&#8217;embrasement social survenu en 1999 suivant la mort du chanteur Kaya en cellule polici\u00e8re. Est-ce que cela repr\u00e9sente le plus grand danger, selon vous ?<\/strong><\/span><\/p>\n<p><span style=\"color: #000000;\">Dans le texte que vous \u00e9voquez, j\u2019ai estim\u00e9 qu\u2019il y a un ensemble de personnes et de facteurs qui contribuent \u00e0 l\u2019escalade de la violence. Soyons exhaustifs pour n\u2019oublier personne: Un Premier ministre incapable, dans ses paroles et ses actes, de se montrer proche des pr\u00e9occupations de ceux qui souffrent; une communication calamiteuse du gouvernement autour de ses r\u00e9centes d\u00e9cisions impopulaires; un ministre des Finances arrogant et un <em>team player<\/em>qui laisse \u00e0 d\u00e9sire; des figures de l\u2019opposition qui se complaisent dans un populisme irresponsable et dangereux; des m\u00e9dias qui privil\u00e9gient la superficialit\u00e9 et le spectacle.<\/span><\/p>\n<p><span style=\"color: #000000;\">J\u2019inclus aussi, dans ce lot, une bande d\u2019avocats va-t-en-guerre dont on cerne quotidiennement la propension \u00e0 attiser les tensions par leurs propos, leurs non-dits et\/ou les postures qu\u2019ils adoptent. Voil\u00e0 pour remettre en contexte ce que j\u2019ai \u00e9crit.<\/span><\/p>\n<p><span style=\"color: #000000;\">Je pense aussi qu\u2019il faut \u00e9viter de comparer ce qui s\u2019est pass\u00e9 la semaine derni\u00e8re avec les \u00e9meutes de 1999. Pour une raison principale : les \u00e9v\u00e8nements de f\u00e9vrier 1999 \u00e9taient, quelque part, la culmination d\u2019un \u00ab malaise \u00bb relativement circonscrit qu\u2019on avait commenc\u00e9 \u00e0 \u00e9voquer depuis le d\u00e9but des ann\u00e9es 1990.<\/span><\/p>\n<p><span style=\"color: #000000;\">La crise de 2022 est diffuse et \u00ab d\u00e9mocratis\u00e9e \u00bb, car caus\u00e9e par un effondrement g\u00e9n\u00e9ralis\u00e9 du pouvoir d\u2019achat. C\u2019est une crise qui affecte l\u2019immense majorit\u00e9 des foyers de notre pays \u00e0 l\u2019exception de ceux pour qui Rs 25,000 de d\u00e9penses en plus ou en moins par mois, est un non-\u00e9v\u00e8nement<em> (non-event)<\/em>. Quelques-uns de ceux qui nous dirigent font d\u2019ailleurs partie de cette cat\u00e9gorie. Cela explique peut-\u00eatre leur manque apparent d\u2019empathie face aux cris de col\u00e8re et de d\u00e9sespoir.<\/span><\/p>\n<p><span style=\"color: #000000;\"><strong>* Pensez-vous que ces agitateurs soient capables de produire des soul\u00e8vements sur de simples mots d\u2019ordre, ou bien le peuple est-il vraiment arriv\u00e9 \u00e0 un point de saturation par rapport \u00e0 la gestion et certains exc\u00e8s du gouvernement ? <\/strong><\/span><\/p>\n<p><span style=\"color: #000000;\">Je n\u2019adh\u00e8re pas \u00e0 la th\u00e9orie du complot que des membres du gouvernement, et le Premier ministre lui-m\u00eame, chercheraient \u00e0 nous faire gober. Si tous ces \u00e9pisodes de violences ont \u00e9t\u00e9 orchestr\u00e9s par une m\u00eame bande, qu\u2019on nous le d\u00e9montre, preuves \u00e0 l\u2019appui.<\/span><\/p>\n<p><span style=\"color: #000000;\">Le gouvernement ne peut pas jouer \u00e0 la politique de l\u2019autruche\u00a0: il existe un terrain propice aux effusions de col\u00e8re avec les coups de massue \u00e0 r\u00e9p\u00e9tition re\u00e7us par les m\u00e9nages. Dans ce contexte, le moindre \u00e9v\u00e8nement per\u00e7u comme une injustice envers ceux qui souffrent, ou ceux dont ils se sentent proches \u2013 journalistes\/animateurs, \u00abactivistes \u00bb ou avocats, voisins \u2013 repr\u00e9sente une occasion de manifester leur col\u00e8re, et ce, bruyamment et\/ou violemment.<\/span><\/p>\n<p><span style=\"color: #000000;\"><strong>* Dans ses commentaires sur les tensions survenues dans diff\u00e9rentes localit\u00e9s du pays la semaine derni\u00e8re, le Premier ministre a fait r\u00e9f\u00e9rence aux \u00e9meutes de 1999, et il a lanc\u00e9 une mise en garde \u00e0 ceux qui tentent de \u00ab cr\u00e9er du d\u00e9sordre \u00bb. Ce sont ces m\u00eames personnes, selon lui, qui &#8220;sont \u00e0 la base des \u00e9meutes de Kaya&#8221; et qui &#8220;tentent de r\u00e9cidiver&#8221;. Il y a peut-\u00eatre des similitudes entre ces deux \u00e9meutes, quoique pour diff\u00e9rentes raisons. Mais voyez-vous des motifs politiques dans ces commentaires de PravindJugnauth? <\/strong><\/span><\/p>\n<p><span style=\"color: #000000;\">Evidemment que c\u2019est un commentaire \u00e9minemment politique. Il vise Rama Valayden et invoque la peur de voir les m\u00eames personnes pr\u00e9cipiter les m\u00eames \u00e9pisodes violents, 23 ans plus tard. C\u2019est une tactique paresseuse et peu inventive, car elle revient \u00e0 opposer la majorit\u00e9 des Mauriciens attach\u00e9s \u00e0 la paix sociale \u00e0 une bande de forcen\u00e9s qui n\u2019auraient d\u2019autre objectif que d\u2019organiser le chaos dans le pays.<\/span><\/p>\n<p><span style=\"color: #000000;\">Je m\u2019empresse toutefois d\u2019ajouter que Rama Valayden, ainsi que ceux qui gravitent autour de lui, ne semblent pas non plus d\u00e9ployer des efforts conjugu\u00e9s \u2013 du moins de ce que l\u2019on voit en public \u2013 pour calmer les esprits quand la temp\u00e9rature monte.<\/span><\/p>\n<p><span style=\"color: #000000;\"><strong>* Pensez-vous, comme le disent beaucoup de commentateurs, que le PM s\u2019est tromp\u00e9 dans son discours \u00e0 son retour \u00e0 Maurice en les mettant en garde au lieu de montrer de l\u2019empathie et de la compr\u00e9hension envers les classes moyennes et populaires? <\/strong><\/span><\/p>\n<p><span style=\"color: #000000;\">J\u2019utilise r\u00e9guli\u00e8rement les interventions m\u00e9diatiques de PravindJugnauth, dans mes cours de <em>Media Training<\/em> avec les dirigeants d\u2019entreprises, pour illustrer tout ce qu\u2019il faut \u00e9viter de faire, dans le fond ou dans la forme, quand on parle aux m\u00e9dias.<\/span><\/p>\n<p><span style=\"color: #000000;\">A mon avis, lors de sa premi\u00e8re prise de parole \u00e0 son retour au pays, le Premier ministre aurait pu faire autrement. Prendre acte des \u00e9pisodes de violence ; rappeler que celle-ci n\u2019est pas excusable car il y a toujours d\u2019autres mani\u00e8res de s\u2019exprimer ; affirmer qu\u2019il entend la col\u00e8re et la frustration dans ce contexte de crise en promettant que son gouvernement cherche et trouvera des solutions pour soulager les m\u00e9nages ; enfin dire ce que son gouvernement a d\u00e9j\u00e0 mis en \u0153uvre afin de prouver qu\u2019il a d\u00e9j\u00e0 agi dans le pass\u00e9, ce qui implique qu\u2019il agira aussi maintenant et \u00e0 l\u2019avenir.<\/span><\/p>\n<p><span style=\"color: #000000;\">Or, il a fait l\u2019inverse. Il a bomb\u00e9 le torse et a sombr\u00e9 dans une posture de satisfecit, et il a presque accus\u00e9 ceux qui souffrent d\u2019\u00eatre des ingrats car le gouvernement a d\u00e9j\u00e0 \u00e9norm\u00e9ment fait pour eux. Ce discours a \u00e9t\u00e9 per\u00e7u comme de la provocation. Dans sa substance, c\u2019est d\u2019ailleurs le cas.<\/span><\/p>\n<p><span style=\"color: #000000;\"><strong>* Est-ce que cette posture du Premier ministre sur la d\u00e9fensive n\u2019indique pas un gouvernement qui est pris dos au mur et probablement d\u00e9connect\u00e9 des r\u00e9alit\u00e9s quotidiennes des Mauriciens ?<\/strong><\/span><\/p>\n<p><span style=\"color: #000000;\">Cela ne d\u00e9montre absolument pas que le gouvernement est dos au mur \u00e0 mon avis. Je pense m\u00eame que cette arrogance d\u00e9note une certaine confiance du chef du gouvernement dans son avenir politique. Est-ce parce qu\u2019il est convaincu que l\u2019opposition ne pourra jamais s\u2019entendre pour faire bloc contre lui aux prochaines l\u00e9gislatives ? Je ne le sais pas. A moins que ce soit parce que PravindJugnauth a d\u00e9j\u00e0 un joker politique en poche et qu\u2019il attend le moment opportun pour l\u2019abattre. C\u2019est un de ces jokers politiques dont il serait de bon ton de parler lors d\u2019une visite en Inde.<\/span><\/p>\n<p><span style=\"color: #000000;\">Ce qui est certain, oui, c\u2019est qu\u2019il est d\u00e9connect\u00e9 de la r\u00e9alit\u00e9, de l\u2019ampleur du malaise de tous les Mauriciens par rapport \u00e0 leur pouvoir d\u2019achat.<\/span><\/p>\n<p><span style=\"color: #000000;\"><strong>* Le calme est revenu apr\u00e8s quelques jours de tensions, mais le feu couve-t-il toujours sous les cendres, selon vous?<\/strong><\/span><\/p>\n<p><span style=\"color: #000000;\">Oui, parce que les raisons de la crise g\u00e9n\u00e9rale du pouvoir d\u2019achat n\u2019ont pas disparu du jour au lendemain.<\/span><\/p>\n<p><span style=\"color: #000000;\">Lors de sa r\u00e9ponse \u00e0 la &#8216;Private Notice Question&#8217; de Xavier Duval, ce 26 avril, le Premier ministre a expliqu\u00e9 que le pays fait face \u00e0 deux crises import\u00e9es : alimentaire et \u00e9nerg\u00e9tique. C\u2019est vrai que nous n\u2019avons que peu de contr\u00f4le sur ces deux \u00e9l\u00e9ments. Toutefois l\u2019\u00e9rosion permanente du pouvoir d\u2019achat des Mauriciens est aussi aggrav\u00e9e par la lente et constante d\u00e9pr\u00e9ciation de la roupie. C\u2019est une troisi\u00e8me crise.<\/span><\/p>\n<p><span style=\"color: #000000;\">Certes, la monnaie d\u2019un pays refl\u00e8te la sant\u00e9 de son \u00e9conomie et le dynamisme de ses rentr\u00e9es en devises, et notre \u00e9conomie sort \u00e0 peine de r\u00e9cession. Mais il est \u00e9galement vrai que le gouvernement a priv\u00e9 la Banque de Maurice d\u2019une bonne partie de sa capacit\u00e9 d\u2019intervention sur le cours de la roupie en pillant all\u00e8grement ses r\u00e9serves. Donc, la crise du pouvoir d\u2019achat ne s\u2019estompera pas de sit\u00f4t. La col\u00e8re, non plus !<\/span><\/p>\n<p><span style=\"color: #000000;\"><strong>* Au vu de l&#8217;incertitude quant \u00e0 la dur\u00e9e du conflit affrontant la Russie \u00e0 l&#8217;Ukraine, le gouvernement se verra confront\u00e9 \u00e0 un double d\u00e9fi: chercher des solutions pour en r\u00e9duire les cons\u00e9quences tant \u00e9conomiques que sociales. Apr\u00e8s le co\u00fbt financier de la pand\u00e9mie qui a fragilis\u00e9 les finances publiques, pensez-vous que le gouvernement dispose de moyens suffisants pour affronter cette nouvelle crise?<\/strong><\/span><\/p>\n<p><span style=\"color: #000000;\">Le sch\u00e9ma est simple : il faut augmenter les revenus du gouvernement et r\u00e9duire ses d\u00e9penses.<\/span><\/p>\n<p><span style=\"color: #000000;\">D\u2019une part, il faut esp\u00e9rer que la reprise dans des secteurs qui rapportent beaucoup de devises \u2013 comme le tourisme \u2013 soit encore plus robuste que pr\u00e9vu. Il se trouve qu\u2019on ne peut pas vraiment compter sur l\u2019\u00e9mergence, du jour au lendemain, d\u2019une industrie qui remplirait soudain les caisses de l\u2019Etat.<\/span><\/p>\n<p><span style=\"color: #000000;\">Pour le moment, donc, le gouvernement devra se satisfaire de la TVA additionnelle qu\u2019elle per\u00e7oit \u2013 la taxe sur la col\u00e8re et la frustration, comme je l\u2019appelle \u2013 \u00e0 chaque fois que le litre de diesel ou de l\u2019essence grimpe.<\/span><\/p>\n<p><span style=\"color: #000000;\">D\u2019autre part, il convient de r\u00e9duire les d\u00e9penses. C\u2019est plus facile \u00e0 dire qu\u2019\u00e0 faire. Certains sombrent d\u2019ailleurs dans une d\u00e9magogie facile, en proposant, par exemple, de r\u00e9duire les salaires du chef du gouvernement et des ministres de 25%. J\u2019ai fait le calcul, leurs \u00ab <em>allowances<\/em> \u00bb qui figurent dans le budget, totalisent Rs 51,6 millions pour l\u2019ann\u00e9e 2021\/2022. R\u00e9duire leur salaire de 25% d\u00e9gagerait donc un budget mensuel d\u2019un peu plus d\u2019un million de roupies, ce qui ne servirait m\u00eame pas \u00e0 financer une modique petite aide mensuelle additionnelle \u00e0 toutes les personnes figurant sur le <em>Social Register of Mauritius\u2026<\/em><\/span><\/p>\n<p><span style=\"color: #000000;\">On peut r\u00e9duire le train de vie du gouvernement, mais il faudra aussi admettre que ce ne seront que des mesures symboliques.<\/span><\/p>\n<p><span style=\"color: #000000;\"><strong>* Mais il y a aussi d\u2019autres d\u00e9penses plus importantes qu\u2019on peut r\u00e9duire ?<\/strong><\/span><\/p>\n<p><span style=\"color: #000000;\">Je pr\u00e9sume que vous pensez aux grands chantiers. Ce n\u2019est pas aussi simple car il faut bien reconnaitre que ces grands chantiers sont n\u00e9cessaires\u00a0: pour d\u00e9congestionner nos villes et villages, moderniser notre port ou encore faire en sorte que des inondations-\u00e9clair ou <em>flash floods<\/em> ne menacent plus nos concitoyens.<\/span><\/p>\n<p><span style=\"color: #000000;\">La proposition que le gouvernement arr\u00eate d\u2019investir dans les chantiers pour canaliser ses ressources financi\u00e8res vers ceux qui souffrent, aussi louable soit-elle, n\u2019est pas pratique. Le gouvernement peut toutefois revoir sa liste de projets prioritaires et ne s\u2019engager que dans les chantiers importants durant les ann\u00e9es \u00e0 venir et laisser les projets non essentiels dans les tiroirs pour l\u2019heure.<\/span><\/p>\n<p><span style=\"color: #000000;\">Donc pour r\u00e9pondre \u00e0 votre question, le gouvernement devra composer avec les moyens dont il dispose au fur et \u00e0 mesure que notre \u00e9conomie remontera \u00e0 son niveau de 2018\/2019 et esp\u00e9rons-le, au-del\u00e0.<\/span><\/p>\n<p><span style=\"color: #000000;\"><strong>* Pour revenir aux \u00e9pisodes de violence, la cartographie des soul\u00e8vements montre majoritairement des lieux associ\u00e9s \u00e0 certaines communaut\u00e9s alors que toutes les couches de la soci\u00e9t\u00e9 souffrent de la crise \u00e9conomique et de la chert\u00e9 de la vie \u2013 ce qui \u00e9pargne tr\u00e8s peu de personnes \u00e0 Maurice. Force donc de constater que la mobilit\u00e9 sociale d&#8217;une bonne frange de la population demeure probl\u00e9matique pour diverses raisons, cela depuis plusieurs d\u00e9cennies malgr\u00e9 les initiatives d\u2019autonomisation ou de &#8217;empowerment&#8217;. Quelle analyse faites-vous de cet \u00e9tat des choses?<\/strong><\/span><\/p>\n<p><span style=\"color: #000000;\">Vous voulez dire que les violences de la semaine derni\u00e8re ont surtout \u00e9clat\u00e9 dans des quartiers o\u00f9 la population cr\u00e9ole est majoritaire ? Oui, c\u2019est un fait. Ce qui est aussi un fait, c\u2019est que la communaut\u00e9 cr\u00e9ole est surrepr\u00e9sent\u00e9e parmi les m\u00e9nages vivant dans la pauvret\u00e9 relative dans notre pays. C\u2019est une \u00e9vidence.<\/span><\/p>\n<p><span style=\"color: #000000;\">Ce qui l\u2019est aussi, c\u2019est qu\u2019on est pass\u00e9 d\u2019une logique d\u2019assistanat \u00e0 une logique d\u2019<em>empowerment<\/em> pour ensuite rebasculer lentement mais s\u00fbrement dans un assistanat d\u00e9guis\u00e9. Offrir des aides directes aux familles d\u00e9munies est une chose, mais c\u2019est autre chose que de leur permettre d\u2019acc\u00e9der \u00e0 la mobilit\u00e9 sociale et s\u2019int\u00e9grer \u00e0 travers l\u2019\u00e9ducation, l\u2019entreprenariat, l\u2019acc\u00e8s au logement et un travail r\u00e9mun\u00e9rateur. C\u2019est ce qu\u2019on ne fait pas ou plus assez.<\/span><\/p>\n<p><span style=\"color: #000000;\"><strong>* Y a-t-il quelque part des motifs inavouables en faveur du maintien de ces concitoyens dans une situation de pr\u00e9carit\u00e9, ce qui servirait \u00e0 l&#8217;agenda politique de gros int\u00e9r\u00eats dans le pays? <\/strong><\/span><\/p>\n<p><span style=\"color: #000000;\">Il me semble que certaines communaut\u00e9s sont devenues des variables d\u2019ajustement politiques. En les maintenant l\u00e0 o\u00f9 elles sont, dans l\u2019\u00e9tat o\u00f9 elles sont, elles aident \u00e0 la pr\u00e9servation d\u2019un <em>statu quo<\/em> politique et sociologique commode. Assurant main-d\u2019\u0153uvre bon march\u00e9 et g\u00e9rable pour les uns, et client\u00e8le politique et chasses gard\u00e9es \u00e9lectorales pour d\u2019autres.<\/span><\/p>\n<p><span style=\"color: #000000;\">Toutefois, je pense qu\u2019au-del\u00e0 d\u2019une lecture purement ethnique, donc forc\u00e9ment \u00e9triqu\u00e9e, de nos probl\u00e8mes et pesanteurs, on gagnerait \u00e0 prendre deux pas de recul pour constater l\u2019ampleur d\u2019une autre crise dont nous ne mesurons d\u00e9j\u00e0 pas suffisamment les effets.<\/span><\/p>\n<p><span style=\"color: #000000;\"><strong>* De quelle crise parlez-vous ?<\/strong><\/span><\/p>\n<p><span style=\"color: #000000;\">La crise de l\u2019actuel mod\u00e8le de d\u00e9mocratie. Une d\u00e9fiance g\u00e9n\u00e9ralis\u00e9e envers les institutions et la classe politique dirigeante install\u00e9e est en train de conduire des citoyens \u00e0 effectuer ou \u00e0 contempler des choix extr\u00eames qui reviennent, finalement, \u00e0 affaiblir les d\u00e9mocraties.<\/span><\/p>\n<p><span style=\"color: #000000;\">En France, Marine Le Pen, issue d\u2019un courant conservateur, r\u00e9actionnaire, voire raciste, a engrang\u00e9 le meilleur score de sa famille politique au second tour des pr\u00e9sidentielles fran\u00e7aises. Elle a m\u00eame battu Emmanuel Macon \u00e0 plate couture en Martinique, Guadeloupe et Guyane\u2026des \u00eeles o\u00f9 la population est loin d\u2019\u00eatre majoritairement compos\u00e9e de blonds aux yeux bleus !<\/span><\/p>\n<p><span style=\"color: #000000;\">Donald Trump, un pr\u00e9sident calamiteux qui a encourag\u00e9 ses propres partisans \u00e0 envahir le Parlement am\u00e9ricain, est aujourd\u2019hui consid\u00e9r\u00e9 comme celui qui a toutes les chances d\u2019\u00eatre r\u00e9\u00e9lu en 2024. On le voit, les \u00e9lecteurs dans de grandes et anciennes d\u00e9mocraties ont recours \u00e0 des choix de plus en plus extr\u00eames. Ces choix desservent leurs int\u00e9r\u00eats en fragilisant davantage l\u2019espace d\u00e9mocratique.<\/span><\/p>\n<p><span style=\"color: #000000;\"><strong>* Quelles sont les causes de cette crise ? Ce que vous dites est vrai peut-\u00eatre pour ces pays mais est-ce applicable dans le contexte de Maurice ?<\/strong><\/span><\/p>\n<p><span style=\"color: #000000;\">Cette crise de l\u2019actuel mod\u00e8le de d\u00e9mocratie trouve son origine dans la profonde m\u00e9fiance des citoyens dans toutes les institutions \u00e9tablies de la d\u00e9mocratie : de la presse au judiciaire en passant par les Parlements et les gouvernements et bien \u00e9videmment la classe politique <em>mainstream<\/em>. On constate ce ph\u00e9nom\u00e8ne depuis bient\u00f4t deux d\u00e9cennies aux Etats-Unis et cela gagne du terrain ailleurs aussi.<\/span><\/p>\n<p><span style=\"color: #000000;\">Enum\u00e9rons ce qu\u2019on constate \u00e0 Maurice : l\u2019interventionnisme intempestif des gouvernements au sein d\u2019administrations cens\u00e9es \u00eatre ind\u00e9pendantes, le doute sur le processus \u00e9lectoral malgr\u00e9 les p\u00e9titions \u00e9lectorales perdues, l\u2019apparente impassibilit\u00e9 de la police face \u00e0 un ordre de la Cour supr\u00eame, entre autres.<\/span><\/p>\n<p><span style=\"color: #000000;\">C\u2019est dans ce type de contexte que les partis oppos\u00e9s au syst\u00e8me, un peu comme <em>Linion Pep Morisien<\/em>, pr\u00e9tendent cristalliser le m\u00e9contentement et incarner un renouveau. Mais dans un syst\u00e8me politique et \u00e9lectoral comme le n\u00f4tre, ils seront incapables d\u2019acc\u00e9der au pouvoir, d\u00e9clenchant un cercle vicieux de suspicion et de ressentiment chez leurs sympathisants. Par la suite, ils nourriront chez eux le sentiment que le syst\u00e8me <em>\u00ab complote \u00bb<\/em>contre l\u2019\u00e9mergence d\u2019une nouvelle classe politique garante d\u2019un avenir meilleur.<\/span><\/p>\n<p><span style=\"color: #000000;\"><strong>* Par ailleurs, il y a eu cette semaine cette d\u00e9cision de la mairie de Port-Louis d\u2019annuler son contrat de bail portant sur le Champ de Mars avec la MTCSL. Votre r\u00e9action?<\/strong><\/span><\/p>\n<p><span style=\"color: #000000;\">D\u00e9cision choc, dirai-je. M\u00eame si je ne m\u2019int\u00e9resse pas du tout au monde hippique, je crois savoir que les deux parties concern\u00e9es dans ce cas se sont adonn\u00e9s \u00e0 des acrobaties diplomatiques ou du <em>brinksmanship<\/em>, chacun croyant que l\u2019autre allait c\u00e9der et revenir \u00e0 la table des n\u00e9gociations.<\/span><\/p>\n<p><span style=\"color: #000000;\">M\u00eame si ce n\u2019est pas politiquement correct de dire cela, je pense que les torts sont partag\u00e9s et que cette d\u00e9cision radicale est peut-\u00eatre la sonnette d\u2019alarme ou le <em>wake-up call <\/em>salutaire pour ceux qui ob\u00e9issent \u00e0 un agenda politique tout en \u00e9tant engonc\u00e9s dans une certaine suffisance du haut de leurs 210 ann\u00e9es d\u2019histoire h\u00e9g\u00e9monique.<\/span><\/p>\n<p><span style=\"color: #000000;\">Je m\u2019empresse toutefois de rajouter que tout cela ne comptera pas car une seule impression \u2013 justifi\u00e9e \u2013 demeurera si demain, ce m\u00eame Champ de Mars est mis \u00e0 la disposition d\u2019une personne jug\u00e9e proche d\u2019un apparatchik du pouvoir pour qu\u2019il organise \u00e0 son tour les courses hippiques. Quelle confiance et quelle cr\u00e9dibilit\u00e9 retiendront alors les institutions charg\u00e9es de veiller au respect des r\u00e8gles dans l\u2019organisation des courses hippiques \u00e0 Maurice\u00a0? A moins qu\u2019on se ressaisisse tr\u00e8s rapidement et que les deux bellig\u00e9rants coop\u00e8rent de bonne foi pour trouver un terrain d\u2019accord. A mon avis, c\u2019est toujours possible.<\/span><\/p>\n<p><span style=\"color: #000000;\"><strong>* Au regard de ce tableau assez sombre de la situation, comment donc consolider la d\u00e9mocratie et renforcer les institutions dont vous d\u00e9crivez le d\u00e9clin?<\/strong><\/span><\/p>\n<p><span style=\"color: #000000;\">Je ne le sais pas parce que je ne crois pas en un r\u00e9veil salutaire de notre classe dirigeante qui deviendrait soudain aussi vertueuse qu\u2019\u00e9clair\u00e9e. Ni le P\u00e8re No\u00ebl, ni les f\u00e9es n\u2019existent !<\/span><\/p>\n<p><span style=\"color: #000000;\">Ce que je sais, par contre, c\u2019est que l\u2019\u00e9ducation des citoyens est un \u00e9l\u00e9ment cl\u00e9 de l\u2019\u00e9quation. Aussi \u00e9tonnant que cela puisse para\u00eetre, une personnalit\u00e9 &#8211; qu\u2019on n\u2019accuserait jamais d\u2019\u00eatre un autocrate ou d\u2019\u00eatre oppos\u00e9 \u00e0 la libert\u00e9 d\u2019expression &#8211; a expliqu\u00e9 que les r\u00e9seaux sociaux sont d\u00e9sormais une menace aux piliers de la d\u00e9mocratie, encourageant une polarisation politique extr\u00eame. C\u2019est Barack Obama qui a dit cela lors d\u2019une conf\u00e9rence organis\u00e9e par l\u2019Universit\u00e9 de Stanford, ce 21 avril. J\u2019adh\u00e8re \u00e0 son raisonnement.<\/span><\/p>\n<p><span style=\"color: #000000;\">Les postures des politiques sont de plus en plus polaris\u00e9es ; pour coller au <em>\u00ab flavour of the day \u00bb,<\/em> les m\u00e9dias recourent \u00e9galement \u00e0 des angles et couvertures simplistes et binaires tandis que les opinions exprim\u00e9es de la mani\u00e8re la plus outrageante recueillent davantage d\u2019attention que les propos plus mesur\u00e9s.<\/span><\/p>\n<p><span style=\"color: #000000;\">Pour ne rien arranger, les algorithmes qui font tourner les r\u00e9seaux sociaux finissent par montrer \u00e0 chaque utilisateur exactement ce qu\u2019il veut et ce qu\u2019il aime voir, contribuant ainsi \u00e0 r\u00e9tr\u00e9cir son champ de vision, l\u2019enfermant dans ses a priori et son cercle d\u2019amis et de connaissances partageant les m\u00eames opinions et penchants que lui.<\/span><\/p>\n<p><span style=\"color: #000000;\">Paradoxalement, pour une bonne partie de ceux qui utilisent quotidiennement les r\u00e9seaux sociaux, l\u2019espace d\u00e9mocratique r\u00e9el a presque vocation \u00e0 \u00eatre r\u00e9gi par les m\u00eames r\u00e8gles que Facebook, Instagram ou TikTok.<\/span><\/p>\n<p><span style=\"color: #000000;\">Or, c\u2019est justement l\u2019inverse qu\u2019il convient de faire. Sortir le citoyen assis derri\u00e8re son ordinateur et\/ou son smartphone pour le remettre dans l\u2019espace d\u00e9mocratique r\u00e9el, lui rappeler que les \u00e9lections se gagnent, malgr\u00e9 tout, en campagne et dans les urnes, pas sur des groupes Facebook ; plus globalement, leur r\u00e9apprendre le fonctionnement des institutions, le processus l\u00e9gislatif, l\u2019Etat de droit, la pr\u00e9somption d\u2019innocence et la dur\u00e9e dans le temps, bien plus longue compar\u00e9e aux huit secondes d\u2019attention moyen sur les r\u00e9seaux sociaux.<\/span><\/p>\n<hr \/>\n<p><span style=\"color: #008080;\">Mauritius Times ePaper Friday 29 April 2022<\/span><\/p>\n","protected":false},"excerpt":{"rendered":"<p>Interview Rabin Bhujun<\/p>\n","protected":false},"author":1,"featured_media":31784,"comment_status":"open","ping_status":"open","sticky":false,"template":"","format":"standard","meta":{"jetpack_post_was_ever_published":false,"_jetpack_newsletter_access":"","_jetpack_dont_email_post_to_subs":false,"_jetpack_newsletter_tier_id":0,"_jetpack_memberships_contains_paywalled_content":false,"_jetpack_memberships_contains_paid_content":false,"footnotes":"","jetpack_publicize_message":"","jetpack_publicize_feature_enabled":true,"jetpack_social_post_already_shared":true,"jetpack_social_options":{"image_generator_settings":{"template":"highway","default_image_id":0,"font":"","enabled":false},"version":2}},"categories":[32,6],"tags":[32720,32717,32711,4492,432,32730,2395,1867,32709,6905,32719,5517,32713,32710,17473,23001,95,32722,25821,22166,1193,14830,32724,26633,26676,32714,32726,26158,213,32723,4787,36,32715,22280,32729,32728,32725,3453,32712,273,27237,26569,14265,1097,7015,28361,32718,32721,32727,28756,24931,32716,31567,40],"class_list":["post-34574","post","type-post","status-publish","format-standard","has-post-thumbnail","hentry","category-interviews","category-latest-news","tag-agenda-politique","tag-allowances","tag-avocats-politiciens","tag-banque-de-maurice","tag-barack-obama","tag-brinksmanship","tag-budget","tag-champ-de-mars","tag-chanteur-kaya","tag-classes-moyennes","tag-communaute-creole","tag-cour-supreme","tag-crise-de-2022","tag-crise-du-pouvoir","tag-crise-economique","tag-depreciation-de-la-roupie","tag-donald-trump","tag-emmanuel-macon","tag-empowerment","tag-etats-unis","tag-facebook","tag-flash-floods","tag-guadeloupe","tag-instagram","tag-interview-rabin-bhujun","tag-journalistes-animateurs","tag-linion-pep-morisien","tag-malaise","tag-marine-le-pen","tag-martinique","tag-maurice","tag-mauritius-times","tag-media-training","tag-ministre-des-finances","tag-monde-hippique","tag-mtcsl","tag-parlement-americain","tag-pere-noel","tag-populisme-irresponsable","tag-port-louis","tag-pravindjugnauth","tag-premier-ministre","tag-private-notice-question","tag-rama-valayden","tag-reseaux-sociaux","tag-russie","tag-social-register-of-mauritius","tag-sociologique","tag-systeme-politique","tag-tiktok","tag-tourisme","tag-tva-additionnelle","tag-ukraine","tag-xavier-duval"],"jetpack_publicize_connections":[],"jetpack_featured_media_url":"https:\/\/i0.wp.com\/www.mauritiustimes.com\/mt\/wp-content\/uploads\/2021\/06\/RABIN-BHUJUN-25-JUNE-21-1.jpg?fit=1200%2C571&ssl=1","jetpack_sharing_enabled":true,"jetpack_shortlink":"https:\/\/wp.me\/p8QzSF-8ZE","_links":{"self":[{"href":"https:\/\/www.mauritiustimes.com\/mt\/wp-json\/wp\/v2\/posts\/34574","targetHints":{"allow":["GET"]}}],"collection":[{"href":"https:\/\/www.mauritiustimes.com\/mt\/wp-json\/wp\/v2\/posts"}],"about":[{"href":"https:\/\/www.mauritiustimes.com\/mt\/wp-json\/wp\/v2\/types\/post"}],"author":[{"embeddable":true,"href":"https:\/\/www.mauritiustimes.com\/mt\/wp-json\/wp\/v2\/users\/1"}],"replies":[{"embeddable":true,"href":"https:\/\/www.mauritiustimes.com\/mt\/wp-json\/wp\/v2\/comments?post=34574"}],"version-history":[{"count":0,"href":"https:\/\/www.mauritiustimes.com\/mt\/wp-json\/wp\/v2\/posts\/34574\/revisions"}],"wp:featuredmedia":[{"embeddable":true,"href":"https:\/\/www.mauritiustimes.com\/mt\/wp-json\/wp\/v2\/media\/31784"}],"wp:attachment":[{"href":"https:\/\/www.mauritiustimes.com\/mt\/wp-json\/wp\/v2\/media?parent=34574"}],"wp:term":[{"taxonomy":"category","embeddable":true,"href":"https:\/\/www.mauritiustimes.com\/mt\/wp-json\/wp\/v2\/categories?post=34574"},{"taxonomy":"post_tag","embeddable":true,"href":"https:\/\/www.mauritiustimes.com\/mt\/wp-json\/wp\/v2\/tags?post=34574"}],"curies":[{"name":"wp","href":"https:\/\/api.w.org\/{rel}","templated":true}]}}