{"id":345,"date":"2010-06-10T15:49:30","date_gmt":"2010-06-10T15:49:30","guid":{"rendered":"http:\/\/mauritiustimes.com\/mt\/2010\/06\/10\/interview-jooneed-jeeroburkhan\/"},"modified":"2010-06-10T15:49:30","modified_gmt":"2010-06-10T15:49:30","slug":"interview-jooneed-jeeroburkhan","status":"publish","type":"post","link":"https:\/\/www.mauritiustimes.com\/mt\/interview-jooneed-jeeroburkhan\/","title":{"rendered":"Interview Jooneed Jeeroburkhan"},"content":{"rendered":"<p class=\"MsoNormal\" style=\"line-height: normal; margin: 0in 0in 0pt;\"><span style=\"text-decoration: underline;\"><span style=\"font-family: Verdana; color: black; font-size: 12pt; mso-ansi-language: FR; mso-bidi-font-size: 11.0pt; mso-bidi-font-family: Arial;\" lang=\"FR\">Interview\u00a0: <\/span><\/span><span style=\"text-decoration: underline;\"><span style=\"font-family: Verdana; color: black; font-size: 12pt; mso-ansi-language: FR-CA; mso-bidi-font-size: 11.0pt; mso-bidi-font-family: Arial;\" lang=\"FR-CA\">Jooneed Jeeroburkhan<\/span><\/span><strong><span style=\"font-family: Verdana; color: green; font-size: 12pt; mso-ansi-language: FR; mso-bidi-font-size: 11.0pt; mso-bidi-font-family: Arial;\" lang=\"FR\">\u00a0<\/span><\/strong><strong><span style=\"font-family: Verdana; color: green; font-size: 12pt; mso-ansi-language: FR; mso-bidi-font-size: 11.0pt; mso-bidi-font-family: Arial;\" lang=\"FR\">\u00a0<\/span><\/strong><\/p>\n<p class=\"MsoNormal\" style=\"text-align: center;\"><strong><span style=\"font-family: Verdana; color: green; font-size: 12pt; mso-ansi-language: FR; mso-bidi-font-size: 11.0pt; mso-bidi-font-family: Arial;\" lang=\"FR\"><img data-recalc-dims=\"1\" loading=\"lazy\" decoding=\"async\" data-attachment-id=\"344\" data-permalink=\"https:\/\/www.mauritiustimes.com\/mt\/interview-jooneed-jeeroburkhan-4\/attachment-jooned-jeeroburkhan-2\/\" data-orig-file=\"https:\/\/i0.wp.com\/www.mauritiustimes.com\/mt\/wp-content\/uploads\/2010\/06\/jooned%20jeeroburkhan.2.gif?fit=253%2C230&amp;ssl=1\" data-orig-size=\"253,230\" data-comments-opened=\"1\" data-image-meta=\"{&quot;aperture&quot;:&quot;0&quot;,&quot;credit&quot;:&quot;&quot;,&quot;camera&quot;:&quot;&quot;,&quot;caption&quot;:&quot;&quot;,&quot;created_timestamp&quot;:&quot;0&quot;,&quot;copyright&quot;:&quot;&quot;,&quot;focal_length&quot;:&quot;0&quot;,&quot;iso&quot;:&quot;0&quot;,&quot;shutter_speed&quot;:&quot;0&quot;,&quot;title&quot;:&quot;&quot;,&quot;orientation&quot;:&quot;0&quot;}\" data-image-title=\"jooned jeeroburkhan.2\" data-image-description=\"\" data-image-caption=\"\" data-large-file=\"https:\/\/i0.wp.com\/www.mauritiustimes.com\/mt\/wp-content\/uploads\/2010\/06\/jooned%20jeeroburkhan.2.gif?fit=253%2C230&amp;ssl=1\" class=\" size-full wp-image-344\" src=\"https:\/\/i0.wp.com\/mauritiustimes.com\/wp-content\/uploads\/2010\/06\/jooned%20jeeroburkhan.2.gif?resize=253%2C230\" border=\"0\" width=\"253\" height=\"230\" \/><\/span><\/strong><\/p>\n<p class=\"MsoNormal\" style=\"line-height: normal; margin: 0in 0in 0pt;\"><strong><span style=\"font-family: Verdana; color: green; font-size: 12pt; mso-ansi-language: FR; mso-bidi-font-size: 11.0pt; mso-bidi-font-family: Arial;\" lang=\"FR\">\u00a0<\/span><\/strong><span style=\"color: #000000;\"><strong><span style=\"text-decoration: underline;\"><span style=\"font-family: Verdana; font-size: 12pt; mso-ansi-language: FR-CA; mso-bidi-font-size: 11.0pt; mso-bidi-font-family: Arial;\" lang=\"FR-CA\">\u00ab\u00a0Tous les esprits ne sont pas scl\u00e9ros\u00e9s au sein du MMM\u2026<br \/><\/span><\/span><\/strong><span style=\"font-family: Verdana; font-size: 12pt; mso-ansi-language: FR-CA; mso-bidi-font-size: 11.0pt; mso-bidi-font-family: Arial;\" lang=\"FR-CA\">\u2026 un parti qui a la force de l\u2019autocritique dans la d\u00e9faite ne peut \u00eatre donn\u00e9 pour mort ni m\u00eame pour moribond\u00a0\u00bb<\/span><strong>\u00a0<\/strong><\/span><\/p>\n<p><span style=\"font-size: small;\"><span style=\"font-family: Verdana; color: black; mso-ansi-language: FR-CA; mso-bidi-font-size: 11.0pt; mso-bidi-font-family: Arial;\" lang=\"FR-CA\">* \u00ab\u00a0Le PTr n\u2019a pas besoin de \u00ab\u00a0constituer maintenant une plateforme multiethnique\u00a0\u00bb. Il n\u2019a qu\u2019\u00e0 rester fid\u00e8le \u00e0 lui-m\u00eame et \u00e0 ses racines<\/span><span style=\"font-family: Verdana; mso-ansi-language: FR-CA; mso-bidi-font-size: 11.0pt; mso-bidi-font-family: Arial;\" lang=\"FR-CA\"><span style=\"color: #000000;\">\u2026\u00a0\u00bb <\/span><\/span><\/span><span style=\"font-family: Verdana; color: black; font-size: 12pt; mso-ansi-language: FR-CA; mso-bidi-font-size: 11.0pt; mso-bidi-font-family: Arial;\" lang=\"FR-CA\">* \u00ab<\/span><span style=\"font-family: Verdana; color: green; font-size: 12pt; mso-ansi-language: FR-CA; mso-bidi-font-size: 11.0pt; mso-bidi-font-family: Arial;\" lang=\"FR-CA\">\u00a0<\/span><span style=\"font-family: Verdana; font-size: 12pt; mso-ansi-language: FR-CA; mso-bidi-font-size: 11.0pt; mso-bidi-font-family: Arial;\" lang=\"FR-CA\"><span style=\"color: #000000;\">Rama Sithanen n\u2019est pas \u00e0 la hauteur des d\u00e9fis auxquels Maurice fait face d\u00e9sormais. Il est m\u00eame l\u2019antith\u00e8se de ce dont le pays a besoin\u2026\u00a0\u00bb<\/span><\/span><strong><span style=\"font-family: Verdana; color: green; font-size: 12pt; mso-ansi-language: FR; mso-bidi-font-size: 11.0pt; mso-bidi-font-family: Arial;\" lang=\"FR\">\u00a0<\/span><\/strong><span style=\"font-family: Verdana; color: black; font-size: 12pt; mso-ansi-language: FR; mso-bidi-font-size: 11.0pt; mso-bidi-font-family: Arial;\" lang=\"FR\">\u00a0<\/span><\/p>\n<p>  <!--more-->  <\/p>\n<p>\u00a0<\/p>\n<p><span style=\"font-family: Verdana; color: black; font-size: 12pt; mso-ansi-language: FR; mso-bidi-font-size: 11.0pt; mso-bidi-font-family: Arial;\" lang=\"FR\"> <\/p>\n<p class=\"MsoNormal\" style=\"line-height: normal; margin: 0in 0in 0pt;\"><span style=\"font-family: Verdana; color: black; font-size: 12pt; mso-ansi-language: FR; mso-bidi-font-size: 11.0pt; mso-bidi-font-family: Arial;\" lang=\"FR\"><\/span><\/p>\n<p class=\"MsoNormal\" style=\"line-height: normal; margin: 0in 0in 0pt;\"><strong><span style=\"font-family: Verdana; color: black; font-size: 12pt; mso-ansi-language: FR-CA; mso-bidi-font-size: 11.0pt; mso-bidi-font-family: Arial;\" lang=\"FR-CA\">Notre entretien avec Jooneed Jeeroburkhan, un des fondateurs du MMM, concerne un th\u00e8me qui est sur toutes les l\u00e8vres\u00a0: le pouvoir. Pouvoir politique, pouvoir \u00e9conomique, pouvoir des medias, pouvoir d\u2019un parti politique de se surpasser pour g\u00e9rer autrement un pays\u2026 Comment le PTr, parti politique majoritaire, compte-t-il mener \u00e0 bon port la R\u00e9publique de Maurice dans un contexte \u00e9conomique des plus incertains ?\u00a0<\/span><\/strong><span style=\"font-family: Verdana; color: black; font-size: 12pt; mso-ansi-language: FR; mso-bidi-font-size: 11.0pt; mso-bidi-font-family: Arial;\" lang=\"FR\">\u00a0<\/span><\/p>\n<p class=\"MsoNormal\" style=\"line-height: normal; margin: 0in 0in 0pt;\"><span style=\"font-family: Verdana; color: black; font-size: 12pt; mso-ansi-language: FR; mso-bidi-font-size: 11.0pt; mso-bidi-font-family: Arial;\" lang=\"FR\">\u00a0<\/span><\/p>\n<p class=\"MsoNormal\" style=\"line-height: normal; margin: 0in 0in 0pt;\"><strong><span style=\"font-family: Verdana; color: black; font-size: 12pt; mso-ansi-language: FR; mso-bidi-font-size: 11.0pt; mso-bidi-font-family: Arial;\" lang=\"FR\">Mauritius Times\u00a0: Le conflit entre le groupe La Sentinelle et le gouvernement a acquis une nouvelle dimension avec l\u2019annonce faite par le <em>Journal du Samedi,<\/em> et confirm\u00e9e par le conseil d\u2019administration de La Sentinelle, \u00ab\u00a0d\u2019une bataille enclench\u00e9e par la BAI pour prendre le contr\u00f4le\u00a0\u00bb de ce groupe de presse. Comment r\u00e9agissez-vous \u00e0 cette annonce?<\/span><\/strong><\/p>\n<p class=\"MsoNormal\" style=\"margin: 0in 0in 10pt; mso-margin-bottom-alt: auto; mso-margin-top-alt: auto; mso-line-height-alt: 11.25pt;\"><strong><span style=\"font-family: Verdana; font-size: 12pt; mso-ansi-language: FR-CA; mso-bidi-font-size: 11.0pt; mso-bidi-font-family: Arial;\" lang=\"FR-CA\">Jooneed Jeeroburkhan\u00a0:<\/span><\/strong><span style=\"font-family: Verdana; font-size: 12pt; mso-ansi-language: FR-CA; mso-bidi-font-size: 11.0pt; mso-bidi-font-family: Arial;\" lang=\"FR-CA\"> Comme vous dites, le Conseil d\u2019administration de La Sentinelle a confirm\u00e9 que BAI cherche \u00e0 acqu\u00e9rir des actions de ce groupe multim\u00e9dia, et qu\u2019il en a m\u00eame acquis un petit nombre en offrant le double du prix du march\u00e9. Une telle \u00ab\u00a0offensive\u00a0\u00bb de \u00ab\u00a0pr\u00e9dateurs\u00a0\u00bb\u00a0est normale, et le CA de La Sentinelle, en bon adepte de la th\u00e9ologie du march\u00e9, se contente d\u2019ailleurs d\u2019 \u00ab\u00a0(<span style=\"color: black;\">inviter ses) actionnaires \u00e0 distinguer la rumeur des faits et \u00e0 (le) consulter s\u2019ils ont besoin de renseignements fiables ou s\u2019ils doivent prendre des d\u00e9cisions relatives \u00e0 leurs actions\u00a0\u00bb. Cependant, le CA affirme qu\u2019au \u00ab\u00a0dernier d\u00e9compte des actionnaires&#8230; (il) sait pouvoir compter sur les droits de vote effectifs d\u2019une confortable majorit\u00e9 de la compagnie\u00a0\u00bb.<\/span><\/span><\/p>\n<p class=\"ListParagraph\" style=\"line-height: normal; margin: 0in 0in 0pt;\"><strong><span style=\"font-family: Verdana; font-size: 12pt; mso-ansi-language: FR; mso-bidi-font-size: 11.0pt; mso-bidi-font-family: Arial;\" lang=\"FR\">* Les directeurs de La Sentinelle disent ne pas conna\u00eetre les \u00ab\u00a0motivations r\u00e9elles\u00a0\u00bb de la BAI qui, ajoutent-ils, restent \u00ab\u00a0voil\u00e9es pour le moment\u00a0\u00bb. Voyez-vous derri\u00e8re cette initiative du Groupe BAI les mains d\u2019un \u00ab\u00a0<em>mandator<\/em>\u00a0\u00bb?<\/span><\/strong><\/p>\n<p class=\"ListParagraph\" style=\"line-height: normal; margin: 0in 0in 0pt 0.5in;\"><span style=\"font-family: Verdana; font-size: 12pt; mso-ansi-language: FR; mso-bidi-font-size: 11.0pt; mso-bidi-font-family: Arial;\" lang=\"FR\">\u00a0<\/span><\/p>\n<p class=\"MsoNormal\" style=\"line-height: normal; margin: 0in 0in 0pt;\"><span style=\"font-family: Verdana; font-size: 12pt; mso-ansi-language: FR-CA; mso-bidi-font-size: 11.0pt; mso-bidi-font-family: Arial;\" lang=\"FR-CA\">Un <em>mandator <\/em>derri\u00e8re l\u2019initiative de la BAI visant La Sentinelle ? Difficile \u00e0 dire. Ce qui est s\u00fbr, c\u2019est que la dynamique de l\u2019expansion pousse BAI \u00e0 vouloir avaler La Sentinelle, dont l\u2019empire m\u00e9diatique lui fait concurrence, \u00e0 Maurice et dans la r\u00e9gion, c&#8217;est-\u00e0-dire sur le territoire m\u00eame que lorgne la BAI. <\/span><span style=\"font-family: Verdana; font-size: 12pt; mso-bidi-font-size: 11.0pt; mso-bidi-font-family: Arial;\">L\u2019empire de Dawood Rawat suit ainsi la d\u00e9marche qu\u2019il d\u00e9crit sur son propre site Web\u00a0: \u201c<em>The strategy is to provide critical mass through captive business to develop the necessary resources and know-how that allows (our equity holdings)<\/em><\/span><em><span style=\"font-family: Verdana; font-size: 12pt; mso-ansi-language: EN-GB; mso-bidi-font-size: 11.0pt; mso-bidi-font-family: Arial;\" lang=\"EN-GB\"> to expand in the market either through acquisition and mergers or organic growth\u201d.<\/span><\/em><\/p>\n<p class=\"MsoNormal\" style=\"line-height: normal; margin: 0in 0in 0pt;\"><span style=\"font-family: Verdana; font-size: 12pt; mso-ansi-language: EN-GB; mso-bidi-font-size: 11.0pt; mso-bidi-font-family: Arial;\" lang=\"EN-GB\">\u00a0<\/span><\/p>\n<p class=\"ListParagraph\" style=\"line-height: normal; margin: 0in 0in 0pt;\"><strong><span style=\"font-family: Verdana; font-size: 12pt; mso-ansi-language: FR; mso-bidi-font-size: 11.0pt; mso-bidi-font-family: Arial;\" lang=\"FR\">* <\/span><\/strong><strong><span style=\"font-family: Verdana; font-size: 12pt; mso-ansi-language: FR-CA; mso-bidi-font-size: 11.0pt; mso-bidi-font-family: Arial;\" lang=\"FR-CA\">Fa<\/span><\/strong><strong><span style=\"font-family: Verdana; color: black; font-size: 12pt; mso-ansi-language: FR; mso-bidi-font-size: 11.0pt; mso-bidi-font-family: Arial;\" lang=\"FR\">ut-il <\/span><\/strong><strong><span style=\"font-family: Verdana; font-size: 12pt; mso-ansi-language: FR; mso-bidi-font-size: 11.0pt; mso-bidi-font-family: Arial;\" lang=\"FR\">aussi<span style=\"color: black;\"> souligner qu\u2019\u00e0 maintes reprises, <em>l\u2019express<\/em> a \u00e9voqu\u00e9 les initiatives de la BAI dans le secteur des m\u00e9dias \u00e0 Maurice \u2013 la BAI contr\u00f4le effectivement aujourd\u2019hui un certain nombre de publications. Voyez-vous cet int\u00e9r\u00eat du secteur corporatif pour les m\u00e9dias avec appr\u00e9hension\u00a0?<\/span><span style=\"color: red;\"><\/span><\/span><\/strong><\/p>\n<p class=\"MsoNormal\" style=\"line-height: normal; margin: 0in 0in 0pt;\"><span style=\"font-family: Verdana; font-size: 12pt; mso-ansi-language: FR; mso-bidi-font-size: 11.0pt; mso-bidi-font-family: Arial;\" lang=\"FR\">\u00a0<\/span><\/p>\n<p class=\"MsoNormal\" style=\"line-height: normal; margin: 0in 0in 0pt;\"><span style=\"font-family: Verdana; font-size: 12pt; mso-ansi-language: FR-CA; mso-bidi-font-size: 11.0pt; mso-bidi-font-family: Arial;\" lang=\"FR-CA\">La concentration de la propri\u00e9t\u00e9 des entreprises de presse doit inqui\u00e9ter tout citoyen soucieux de la pluralit\u00e9 des voix dans les m\u00e9dias, donc d\u2019un espace politique ouvert et \u00e9quilibr\u00e9, ne serait-ce qu\u2019au niveau de la parole. L\u2019app\u00e9tit de la BAI, dont la proximit\u00e9 avec le nouveau gouvernement est bien connue des Mauriciens, me para\u00eet d\u2019autant plus mena\u00e7ant que ce holding financier multisectoriel et multinational semble s\u2019\u00eatre retir\u00e9 de la Bourse sans que nos m\u00e9dias en explorent les raisons. Est-ce pour \u00e9conomiser sur les frais? Est-ce pour \u00e9chapper \u00e0 la surveillance et aux r\u00e8glements? Et o\u00f9 la BAI va-t-elle trouver des fonds nouveaux? En empruntant \u00e0 bas taux aupr\u00e8s des banques, aupr\u00e8s de sa propre banque? L\u2019information financi\u00e8re \u00e0 Maurice souffre d\u2019une faille que nos m\u00e9dias doivent absolument combler. M\u00eame <em>l\u2019express<\/em>, qui a d\u00e9nonc\u00e9 la BAI comme il ne l\u2019a jamais fait contre aucun autre groupe financier mauricien, n\u2019a pas examin\u00e9 cet exercice de <em>delisting<\/em> boursier du groupe Rawat. <\/span><\/p>\n<p class=\"MsoNormal\" style=\"line-height: normal; margin: 0in 0in 0pt;\"><span style=\"font-family: Verdana; font-size: 12pt; mso-ansi-language: FR-CA; mso-bidi-font-size: 11.0pt; mso-bidi-font-family: Arial;\" lang=\"FR-CA\">\u00a0<\/span><\/p>\n<p class=\"ListParagraph\" style=\"line-height: normal; margin: 0in 0in 0pt;\"><strong><span style=\"font-family: Verdana; font-size: 12pt; mso-ansi-language: FR; mso-bidi-font-size: 11.0pt; mso-bidi-font-family: Arial;\" lang=\"FR\">* Dans le discours-programme 2010-15, tout en affirmant son engagement en faveur de \u00abprivacy rights and freedom of expression\u00a0\u00bb et son respect pour un \u00ab\u00a0plural, fair and independent media\u00a0\u00bb, le gouvernement\u00a0dit son intention d\u2019introduire une l\u00e9gislation pour r\u00e9former la loi relative aux m\u00e9dias. C\u2019est, sans doute, un Press Council ou une Media Commission qui verra le jour dans cette optique. C\u2019est la presse qui l\u2019aura cherch\u00e9\u00a0?<\/span><\/strong><strong><span style=\"font-family: Verdana; font-size: 12pt; mso-ansi-language: FR-CA; mso-bidi-font-size: 11.0pt; mso-bidi-font-family: Arial;\" lang=\"FR-CA\"> <\/span><\/strong><\/p>\n<p><span style=\"font-family: Verdana; mso-ansi-language: FR-CA; mso-bidi-font-size: 11.0pt; mso-bidi-font-family: Arial;\" lang=\"FR-CA\">Dans le cas de l\u2019amendement promis au Discours-Programme 2010-2015 pour r\u00e9former la loi sur la presse et renforcer les pouvoirs de l\u2019IBA afin de \u00ab\u00a0professionnaliser le m\u00e9tier de journaliste, instituer un code de d\u00e9ontologie et prot\u00e9ger la vie priv\u00e9e des citoyens\u00a0\u00bb, il est \u00e0 souhaiter que le gouvernement se limite \u00e0 assainir le contexte sans s\u2019arroger le droit de policer les m\u00e9dias. La presse ne l\u2019a pas cherch\u00e9, non. C\u2019est un groupe de presse, en l\u2019occurrence La Sentinelle Lt\u00e9e, qui l\u2019a provoqu\u00e9 &#8212; en gommant la mince ligne s\u00e9parant presse et pouvoir. Accul\u00e9 apr\u00e8s avoir jou\u00e9 les protagonistes, les faiseurs de roi, les confidents, les conseillers, les entremetteurs, et les historiens tout \u00e0 la fois, <em>l\u2019express<\/em> s\u2019est alors drap\u00e9 dans l\u2019\u00e9tendard de la libert\u00e9 d\u2019expression viol\u00e9e pour crier au loup. Tout en se solidarisant face \u00e0 l\u2019arbitraire du pouvoir, la profession, patrons et employ\u00e9s confondus, se doit de rappeler <em>l\u2019express<\/em> \u00e0 l\u2019ordre.<\/span><\/p>\n<p><span style=\"font-family: Verdana; mso-ansi-language: FR-CA; mso-bidi-font-size: 11.0pt; mso-bidi-font-family: Arial;\" lang=\"FR-CA\">Les Press Councils ou Media Complaints Commissions qui fonctionnent le mieux dans le monde sont ind\u00e9pendants des gouvernements. Ce sont des \u00ab\u00a0tribunaux d\u2019honneur\u00a0\u00bb, compos\u00e9s de patrons de presse, de journalistes et de repr\u00e9sentants du public, dont la mission est d\u2019assurer le <em>fair-play<\/em> dans le reportage, l\u2019analyse et le commentaire, et de veiller au respect des faits et de la r\u00e9putation des citoyens. Ils servent &#8212; en fait &#8212; \u00e0 autor\u00e9guler la profession, les m\u00e9dias, \u00e9tant encadr\u00e9s par des pairs. Au Qu\u00e9bec, le Conseil de presse re\u00e7oit m\u00eame une subvention du gouvernement. Mais son autonomie face au gouvernement est totale. L\u00e0 o\u00f9 les \u00ab\u00a0Conseil de presse\u00a0\u00bb sont statutaires, c&#8217;est-\u00e0-dire g\u00e9r\u00e9s par les gouvernements, comme au Bangladesh, au Sri Lanka ou au Malawi par exemple, ils sont des \u00e9checs lamentables. La raison est simple\u00a0: ils sont boycott\u00e9s par les m\u00e9dias alors qu\u2019ils ont besoin de leur coop\u00e9ration pour fonctionner normalement.<\/span><\/p>\n<p><span style=\"font-family: Verdana; mso-ansi-language: FR-CA; mso-bidi-font-size: 11.0pt; mso-bidi-font-family: Arial;\" lang=\"FR-CA\">\u00abJe redoute trois <span style=\"font-weight: normal;\">journaux<\/span> plus que 100,000 <span style=\"font-weight: normal;\">ba\u00efonnettes<\/span>\u00bb, disait <span style=\"font-weight: normal;\">Napol\u00e9on.<\/span><strong> <\/strong>\u00ab R\u00e9primez un peu les journaux, faites-y mettre de bons articles, faites comprendre aux r\u00e9dacteurs\u2026 que le temps de la R\u00e9volution est fini et qu&#8217;il n&#8217;y a plus en France qu&#8217;un parti \u00bb, a-t-il m\u00eame \u00e9crit \u00e0 l\u2019inf\u00e2me Fouch\u00e9, son ministre de la Police. Navin Ramgoolam n\u2019a pas int\u00e9r\u00eat \u00e0 s\u2019engager sur cette pente dangereuse. Fort de sa majorit\u00e9 et de la ma\u00eetrise des techniques de communication, il peut et il doit se d\u00e9fendre en toute transparence. Notre d\u00e9mocratie ne s\u2019en portera que mieux. Le Press Council, c\u2019est \u00e0 la profession de l\u2019instituer<\/span><\/p>\n<p class=\"ListParagraph\" style=\"line-height: normal; margin: 0in 0in 0pt;\"><strong><span style=\"font-family: Verdana; font-size: 12pt; mso-ansi-language: FR; mso-bidi-font-size: 11.0pt; mso-bidi-font-family: Arial;\" lang=\"FR\">* Une bonne partie de ce Discours-Programme 2010-15 est consacr\u00e9e au combat contre la pauvret\u00e9 avec la mise en place du minist\u00e8re de l\u2019Int\u00e9gration sociale et de l\u2019Economic Empowerment, ceci en vue de combattre l\u2019exclusion, promouvoir une croissance soutenable et un d\u00e9veloppement social solide tout en assurant que le processus de la d\u00e9mocratisation de l\u2019\u00e9conomie atteigne chaque section de la population. <em>Tall order<\/em>, n\u2019est-ce pas\u00a0?<\/span><\/strong><\/p>\n<p class=\"NoSpacing\" style=\"margin: 0in 0in 0pt;\"><em><span style=\"font-family: Verdana; font-size: 12pt; mso-ansi-language: FR-CA; mso-bidi-font-size: 11.0pt; mso-bidi-font-family: Arial;\" lang=\"FR-CA\">\u00a0<\/span><\/em><\/p>\n<p class=\"NoSpacing\" style=\"margin: 0in 0in 0pt;\"><em><span style=\"font-family: Verdana; font-size: 12pt; mso-ansi-language: FR-CA; mso-bidi-font-size: 11.0pt; mso-bidi-font-family: Arial;\" lang=\"FR-CA\">Tall order <\/span><\/em><span style=\"font-family: Verdana; font-size: 12pt; mso-ansi-language: FR-CA; mso-bidi-font-size: 11.0pt; mso-bidi-font-family: Arial;\" lang=\"FR-CA\">? Oui, si le gouvernement reste fig\u00e9 dans son respect du syst\u00e8me \u00e9conomique dominant. La \u00ab\u00a0philosophie\u00a0\u00bb qu\u2019il \u00e9voque d\u00e8s le d\u00e9but de son Discours-Programme est r\u00e9solument \u00ab\u00a0Fabian\u00a0\u00bb. Il met \u00ab\u00a0l\u2019efficience \u00e9conomique\u00a0\u00bb et \u00ab\u00a0la justice sociale\u00a0\u00bb sur le m\u00eame pied, mais une lecture compl\u00e8te du document montre que l\u2019\u00e9conomie l\u2019emporte sur le social. Le gouvernement ne veut ni secouer ni encore moins restructurer l\u2019\u00e9conomie. <\/span><span style=\"font-family: Verdana; font-size: 12pt; mso-bidi-font-size: 11.0pt; mso-bidi-font-family: Arial;\">Sa \u00ab\u00a0d\u00e9mocratisation de l\u2019\u00e9conomie\u00a0\u00bb consiste seulement \u00e0 <em>\u201cfurther broadening the economic and business circle in the country\u201d.<\/em> <\/span><span style=\"font-family: Verdana; font-size: 12pt; mso-ansi-language: FR-CA; mso-bidi-font-size: 11.0pt; mso-bidi-font-family: Arial;\" lang=\"FR-CA\">Dans un tel contexte, le minist\u00e8re de l\u2019Int\u00e9gration sociale et de l\u2019Economic Empowerment aura fort \u00e0 faire juste pour colmater les br\u00e8ches, rafistoler les d\u00e9g\u00e2ts caus\u00e9s par 300 ans d\u2019exclusion, et surtout pour jouer aux pompiers face aux rechutes et aux reculs que le mod\u00e8le d\u2019\u00e9conomie lib\u00e9rale ne manquera de provoquer sur fond d\u2019une crise mondiale durable.<\/span><\/p>\n<p class=\"NoSpacing\" style=\"margin: 0in 0in 0pt;\"><span style=\"font-family: Verdana; font-size: 12pt; mso-ansi-language: FR-CA; mso-bidi-font-size: 11.0pt; mso-bidi-font-family: Arial;\" lang=\"FR-CA\">\u00a0<\/span><\/p>\n<p class=\"NoSpacing\" style=\"margin: 0in 0in 0pt;\"><span style=\"font-family: Verdana; font-size: 12pt; mso-ansi-language: FR-CA; mso-bidi-font-size: 11.0pt; mso-bidi-font-family: Arial;\" lang=\"FR-CA\">Mais si le gouvernement se met en besogne avec une philosophie plus radicale, avec une approche ayant plus de mordant, avec conscience de la n\u00e9cessit\u00e9 de d\u00e9manteler <em>l\u2019apartheid \u00e9conomique<\/em> dans une perspective \u00e9cologique et durable, et conform\u00e9ment aux Conventions de l\u2019ONU sur les droits civils et politiques, et sociaux et \u00e9conomiques, la r\u00e9ponse est Non.<\/span><\/p>\n<p class=\"NoSpacing\" style=\"margin: 0in 0in 0pt;\"><span style=\"font-family: Verdana; font-size: 12pt; mso-ansi-language: FR-CA; mso-bidi-font-size: 11.0pt; mso-bidi-font-family: Arial;\" lang=\"FR-CA\">\u00a0<\/span><\/p>\n<p class=\"NoSpacing\" style=\"margin: 0in 0in 0pt;\"><span style=\"font-family: Verdana; font-size: 12pt; mso-ansi-language: FR-CA; mso-bidi-font-size: 11.0pt; mso-bidi-font-family: Arial;\" lang=\"FR-CA\">En encadrant le capitalisme par son syst\u00e8me communiste, la Chine a donn\u00e9 de la nourriture et du travail \u00e0 des centaines de millions de ses citoyens, une r\u00e9ussite sans pr\u00e9c\u00e9dent dans l\u2019histoire de l\u2019humanit\u00e9. Les travailleurs chinois commencent m\u00eame \u00e0 r\u00e9clamer et \u00e0 obtenir des hausses de salaires.<\/span><\/p>\n<p class=\"NoSpacing\" style=\"margin: 0in 0in 0pt;\"><span style=\"font-family: Verdana; font-size: 12pt; mso-ansi-language: FR-CA; mso-bidi-font-size: 11.0pt; mso-bidi-font-family: Arial;\" lang=\"FR-CA\">\u00a0<\/span><\/p>\n<p class=\"NoSpacing\" style=\"margin: 0in 0in 0pt;\"><span style=\"font-family: Verdana; font-size: 12pt; mso-ansi-language: FR-CA; mso-bidi-font-size: 11.0pt; mso-bidi-font-family: Arial;\" lang=\"FR-CA\">Que sont les 7,000 familles mauriciennes vivant dans la pauvret\u00e9 absolue, recens\u00e9es par le National Economic and Social Council, ou m\u00eame les 100,000 pauvres (hausse de 10% sur 10 ans), au regard des 1,3 milliard de Chinois? Une goutte dans l\u2019oc\u00e9an. Mais une goutte qui grossira sans cesse si le syst\u00e8me \u00e9conomique est maintenu en place. C\u2019est dans la nature du capitalisme d\u2019engendrer la pauvret\u00e9. M\u00eame la Banque mondiale et le FMI ont fini par reconna\u00eetre que leurs recettes ultralib\u00e9rales des 25 derni\u00e8res ann\u00e9es, si elles ont enrichi les riches, ont appauvri les pauvres davantage encore. \u00c9liminer la pauvret\u00e9 tout en cultivant le capitalisme, surtout le capitalisme dinosaurien qui est le n\u00f4tre, est une t\u00e2che sisyph\u00e9enne.<\/span><\/p>\n<p class=\"NoSpacing\" style=\"margin: 0in 0in 0pt;\"><span style=\"font-family: Verdana; font-size: 12pt; mso-ansi-language: FR-CA; mso-bidi-font-size: 11.0pt; mso-bidi-font-family: Arial;\" lang=\"FR-CA\">\u00a0<\/span><\/p>\n<p class=\"NoSpacing\" style=\"margin: 0in 0in 0pt;\"><span style=\"font-family: Verdana; font-size: 12pt; mso-ansi-language: FR-CA; mso-bidi-font-size: 11.0pt; mso-bidi-font-family: Arial;\" lang=\"FR-CA\">* <\/span><strong><span style=\"font-family: Verdana; font-size: 12pt; mso-ansi-language: FR; mso-bidi-font-size: 11.0pt; mso-bidi-font-family: Arial;\" lang=\"FR\">Un groupe de r\u00e9flexion compos\u00e9 de militants a r\u00e9dig\u00e9 une analyse des raisons de l&#8217;\u00e9chec de la strat\u00e9gie politique du MMM lors des derni\u00e8res \u00e9lections et ses perspectives d&#8217;avenir. Analyse int\u00e9ressante qui propose deux options pour le MMM\u00a0: primo, continuer sur la m\u00eame voie, continuer \u00e0 mobiliser les minorit\u00e9s et entamer d&#8217;\u00e9ventuelles n\u00e9gociations avec le PTr ou le MSM pour une alliance comme<span class=\"apple-converted-space\">\u00a0<\/span><em>junior partner\u00a0; <\/em>secundo, abandonner la strat\u00e9gie minorit\u00e9s\/majorit\u00e9, se concentrer sur la consolidation du parti, retourner aux sources, \u00e0 ses valeurs fondamentales traditionnelles, etc. Croyez-vous que le MMM soit capable de prendre la deuxi\u00e8me option\u00a0?<\/span><\/strong><\/p>\n<p class=\"MsoNormal\" style=\"line-height: normal; margin: 0in 0in 10pt; mso-margin-bottom-alt: auto; mso-margin-top-alt: auto;\"><span style=\"font-family: Verdana; font-size: 12pt; mso-ansi-language: FR-CA; mso-bidi-font-size: 11.0pt; mso-bidi-font-family: Arial;\" lang=\"FR-CA\">J\u2019ai lu le texte dans <em>Le Mauricien<\/em> en ligne. Il est courageux, lucide et limpide. Il montre que tous les esprits ne sont pas scl\u00e9ros\u00e9s au sein du MMM. Un parti qui a la force de l\u2019autocritique dans la d\u00e9faite ne peut \u00eatre donn\u00e9 pour mort ni m\u00eame pour moribond. Mais il faut d\u2019abord rappeler ce que pr\u00e9cise le journal\u00a0: \u00ab\u00a0<span style=\"color: black;\">Alors que la direction semble se satisfaire des 42% de l&#8217;\u00e9lectorat qui ont vot\u00e9 pour le MMM, des militants\u2026, r\u00e9unis dans un petit groupe de r\u00e9flexion, ont r\u00e9dig\u00e9 le texte suivant qui circule en interne dans les instances du MMM. Ces militants, qui tiennent \u00e0 garder l&#8217;anonymat pour des raisons \u00e9videntes, nous ont demand\u00e9 de publier ce texte en esp\u00e9rant qu&#8217;il suscitera, enfin, un vrai d\u00e9bat public sur les raisons de l&#8217;\u00e9chec de la strat\u00e9gie politique du MMM et ses perspectives d&#8217;avenir\u00a0\u00bb.<\/span><\/span><\/p>\n<p class=\"MsoNormal\" style=\"line-height: normal; margin: 0in 0in 10pt; mso-margin-bottom-alt: auto; mso-margin-top-alt: auto;\"><span style=\"font-family: Verdana; color: black; font-size: 12pt; mso-ansi-language: FR-CA; mso-bidi-font-size: 11.0pt; mso-bidi-font-family: Arial;\" lang=\"FR-CA\">Si l\u2019on comprend bien, le texte reste secret, les auteurs restent anonymes, et le d\u00e9bat interne se fait attendre. Le MMM est-il capable de prendre la 2<sup>e<\/sup> option? C\u2019est au MMM d\u2019y r\u00e9pondre. Attendons que le texte circule ouvertement, que ses auteurs se d\u00e9voilent, et que le d\u00e9bat interne s\u2019amorce pour de bon. C\u2019est l\u2019occasion en or pour le parti de pratiquer la d\u00e9mocratie interne qui lui fait cruellement d\u00e9faut. La saisira-t-il, cette occasion ?<\/span><\/p>\n<p class=\"ListParagraph\" style=\"line-height: normal; margin: 0in 0in 0pt;\"><strong><span style=\"font-family: Verdana; font-size: 12pt; mso-ansi-language: FR; mso-bidi-font-size: 11.0pt; mso-bidi-font-family: Arial;\" lang=\"FR\">* Autre fait remarquable dans cette analyse, telle que publi\u00e9e, c\u2019est l\u2019\u00e9vocation des perspectives d&#8217;avenir du MMM qui seraient facilit\u00e9es soit par la mise \u00e0 l\u2019\u00e9cart de Paul B\u00e9renger soit par la prise en charge du MMM par \u00ab\u00a0un autre militant acceptable au parti\u00a0\u00bb. Cela vous surprend-t-il\u00a0? Voyez-vous B\u00e9renger se laisser faire\u00a0?<\/span><\/strong><span style=\"font-family: Verdana; color: black; font-size: 12pt; mso-ansi-language: FR; mso-bidi-font-size: 11.0pt; mso-bidi-font-family: Arial;\" lang=\"FR\"><\/span><\/p>\n<p class=\"MsoNormal\" style=\"line-height: normal; margin: 0in 0in 10pt; mso-margin-bottom-alt: auto; mso-margin-top-alt: auto;\"><span style=\"font-family: Verdana; color: black; font-size: 12pt; mso-ansi-language: FR-CA; mso-bidi-font-size: 11.0pt; mso-bidi-font-family: Arial;\" lang=\"FR-CA\">Oui, c\u2019est frappant que, dans les deux options, les auteurs \u00e9voquent le d\u00e9part de Paul B\u00e9renger. \u00ab\u00a0Il sera plus facile pour le MMM d&#8217;accepter d&#8217;\u00eatre un<em> junior partner<\/em> sans Paul B\u00e9renger comme leader, et cette formule sera plus acceptable pour le <em>senior partner<\/em> aussi\u00a0\u00bb, \u00e9crivent-ils. Et ils ajoutent : \u00ab\u00a0(Le) retour aux sources et l\u2019abandon de la strat\u00e9gie minorit\u00e9s\/majorit\u00e9 (pour) se concentrer sur des questions \u00e9conomiques et sociales (peuvent) se faire sous le leadership de Paul ou d&#8217;un autre militant acceptable au parti\u00a0\u00bb. B\u00e9renger se laissera-t-il faire? Attendons voir. Selon Subash Gobine, Paul B\u00e9renger s\u2019est montr\u00e9 plus <em>entertainer <\/em>que tribun durant la derni\u00e8re campagne \u00e9lectorale. Peut-\u00eatre s\u2019est-il assagi. Peut-\u00eatre d\u00e9couvre-t-il, enfin, sa vraie vocation. On verra bien. Il fait plut\u00f4t jeunot \u00e0 c\u00f4t\u00e9 de Charles Aznavour, qui a 86 ans. Henri Salvador s\u2019est \u00e9teint en 2008 \u00e0 90 ans\u2026<\/span><\/p>\n<p class=\"ListParagraph\" style=\"line-height: normal; margin: 0in 0in 0pt;\"><strong><span style=\"font-family: Verdana; color: black; font-size: 12pt; mso-ansi-language: FR; mso-bidi-font-size: 11.0pt; mso-bidi-font-family: Arial;\" lang=\"FR\">* Selon les bruits qui courent, il semblerait qu\u2019une faction au sein du MMM privil\u00e9gierait effectivement la mise \u00e0 l\u2019\u00e9cart de Paul B\u00e9renger au profit de Rama Sithanen. Ainsi \u00ab\u00a0l\u2019ami Rama\u00a0\u00bb deviendrait le challenger de Navin Ramgoolam.<\/span><\/strong><strong><span style=\"font-family: Verdana; color: red; font-size: 12pt; mso-ansi-language: FR; mso-bidi-font-size: 11.0pt; mso-bidi-font-family: Arial;\" lang=\"FR\"> <\/span><\/strong><strong><span style=\"font-family: Verdana; color: black; font-size: 12pt; mso-ansi-language: FR; mso-bidi-font-size: 11.0pt; mso-bidi-font-family: Arial;\" lang=\"FR\">Sithanen b\u00e9n\u00e9ficiera sans doute d\u2019un soutien m\u00e9diatique important, mais pensez-vous qu\u2019il dispose du profil et du bagage id\u00e9ologique\/historique n\u00e9cessaire pour galvaniser l&#8217;\u00e9lectorat du MMM?<\/span><\/strong><\/p>\n<p class=\"NoSpacing\" style=\"margin: 0in 0in 0pt;\"><span style=\"font-family: Verdana; font-size: 12pt; mso-ansi-language: FR-CA; mso-bidi-font-size: 11.0pt; mso-bidi-font-family: Arial;\" lang=\"FR-CA\">\u00a0<\/span><\/p>\n<p class=\"NoSpacing\" style=\"margin: 0in 0in 0pt;\"><span style=\"font-family: Verdana; font-size: 12pt; mso-ansi-language: FR-CA; mso-bidi-font-size: 11.0pt; mso-bidi-font-family: Arial;\" lang=\"FR-CA\">Ce dont le MMM a besoin, c\u2019est d\u2019une v\u00e9ritable r\u00e9volution qui reprenne ses id\u00e9es de 1968-69 et qu\u2019il les actualise dans le contexte du 21<sup>e<\/sup> si\u00e8cle et de la nouvelle mondialisation. Ces id\u00e9es concernent, essentiellement, l\u2019unit\u00e9 nationale et l\u2019\u00e9galit\u00e9 citoyenne par la culture de la conscience de classe, la mobilisation tous azimuts pour d\u00e9manteler <em>l\u2019apartheid \u00e9conomique<\/em>, la conqu\u00eate de la fiert\u00e9 et de la dignit\u00e9 par et pour notre peuple aux identit\u00e9s plurielles qui a profond\u00e9ment int\u00e9gr\u00e9 les traumatismes de notre pass\u00e9 de viol, de violence, d\u2019iniquit\u00e9, d\u2019injustice, d\u2019arbitraire et de d\u00e9shumanisation \u2013 tous des maux qui se prolongent dans notre pr\u00e9sent.<\/span><\/p>\n<p class=\"NoSpacing\" style=\"margin: 0in 0in 0pt;\"><span style=\"font-family: Verdana; font-size: 12pt; mso-ansi-language: FR-CA; mso-bidi-font-size: 11.0pt; mso-bidi-font-family: Arial;\" lang=\"FR-CA\">\u00a0<\/span><\/p>\n<p class=\"NoSpacing\" style=\"margin: 0in 0in 0pt;\"><span style=\"font-family: Verdana; font-size: 12pt; mso-ansi-language: FR-CA; mso-bidi-font-size: 11.0pt; mso-bidi-font-family: Arial;\" lang=\"FR-CA\">Les actualiser implique s\u2019adresser \u00e0 de nouvelles g\u00e9n\u00e9rations n\u00e9es dans le cyberespace, englober pleinement le combat des femmes pour l\u2019\u00e9quit\u00e9 et l\u2019\u00e9galit\u00e9, \u00e9pouser la militance \u00e9cologiste, assumer l\u2019enti\u00e8re territorialit\u00e9 de l\u2019\u00c9tat-archipel aux 2 millions de km<sup>2<\/sup> d\u2019espace et de ressources marins, \u00e9quilibrer notre vieille d\u00e9pendance sur les m\u00e9tropoles occidentales par le resserrement de liens r\u00e9gionaux et des \u00e9changes Sud-Sud, et jouer notre r\u00f4le, si petit soit-il, dans la nouvelle mondialisation non-colonialiste et multilingue qui s\u2019installe aux c\u00f4t\u00e9s de l\u2019Inde, de la Chine, de l\u2019Afrique du Sud et du Br\u00e9sil. On dit qu\u2019il n\u2019y a pas de petit r\u00f4le au th\u00e9\u00e2tre. Dans la nouvelle Histoire qui se construit non plus.<\/span><\/p>\n<p class=\"NoSpacing\" style=\"margin: 0in 0in 0pt;\"><span style=\"font-family: Verdana; font-size: 12pt; mso-ansi-language: FR-CA; mso-bidi-font-size: 11.0pt; mso-bidi-font-family: Arial;\" lang=\"FR-CA\">\u00a0<\/span><\/p>\n<p class=\"NoSpacing\" style=\"margin: 0in 0in 0pt;\"><span style=\"font-family: Verdana; font-size: 12pt; mso-ansi-language: FR-CA; mso-bidi-font-size: 11.0pt; mso-bidi-font-family: Arial;\" lang=\"FR-CA\">Et Rama Sithanen n\u2019est pas de taille. C\u2019est un gar\u00e7on qui a r\u00e9ussi \u00e0 la force du poignet. C\u2019est admirable. Mais il a le d\u00e9faut de ses qualit\u00e9s. \u00c9tant pass\u00e9 du <em>gatopiman<\/em> \u00e0 l\u2019\u00c9chiquier, via le LSE et Brun\u00e9\u00ef, il est convaincu d\u2019\u00eatre mieux que tous les capitalistes \u00e0 m\u00eame de ma\u00eetriser et de faire prosp\u00e9rer le capitalisme! Quitte \u00e0 subventionner le secteur priv\u00e9 \u00e0 coups de Stimulus Packages mont\u00e9s avec des fonds publics et laisser les contribuables se contenter d\u2019un <em>trickle-down<\/em> al\u00e9atoire.<\/span><\/p>\n<p class=\"NoSpacing\" style=\"margin: 0in 0in 0pt;\"><span style=\"font-family: Verdana; font-size: 12pt; mso-ansi-language: FR-CA; mso-bidi-font-size: 11.0pt; mso-bidi-font-family: Arial;\" lang=\"FR-CA\">\u00a0<\/span><\/p>\n<p class=\"ListParagraph\" style=\"line-height: normal; margin: 0in 0in 0pt;\"><strong><span style=\"font-family: Verdana; color: black; font-size: 12pt; mso-ansi-language: FR; mso-bidi-font-size: 11.0pt; mso-bidi-font-family: Arial;\" lang=\"FR\">* En tant que membre-fondateur du MMM, comment allez-vous r\u00e9agir devant une telle annonce \u2013 \u00ab\u00a0Rama Sithanen : leader du MMM\u00a0\u00bb \u2013 m\u00eame si c\u2019est fait en vue d\u2019assurer une transition quelconque?<\/span><\/strong><strong><span style=\"font-family: Verdana; color: red; font-size: 12pt; mso-ansi-language: FR; mso-bidi-font-size: 11.0pt; mso-bidi-font-family: Arial;\" lang=\"FR\"><\/span><\/strong><\/p>\n<p class=\"NoSpacing\" style=\"margin: 0in 0in 0pt;\"><span style=\"font-family: Verdana; font-size: 12pt; mso-ansi-language: FR; mso-bidi-font-size: 11.0pt; mso-bidi-font-family: Arial;\" lang=\"FR\">\u00a0<\/span><\/p>\n<p class=\"NoSpacing\" style=\"margin: 0in 0in 0pt;\"><span style=\"font-family: Verdana; color: black; font-size: 12pt; mso-ansi-language: FR-CA; mso-bidi-font-size: 11.0pt; mso-bidi-font-family: Arial;\" lang=\"FR-CA\">Comment je r\u00e9agirais? Je citerais quelques appr\u00e9ciations prises au hasard.<\/span><\/p>\n<p class=\"NoSpacing\" style=\"margin: 0in 0in 0pt;\"><span style=\"font-family: Verdana; color: black; font-size: 12pt; mso-ansi-language: FR-CA; mso-bidi-font-size: 11.0pt; mso-bidi-font-family: Arial;\" lang=\"FR-CA\">\u00ab\u00a0Rama Sithanen est tr\u00e8s appr\u00e9ci\u00e9 par la majorit\u00e9 des plus puissants acteurs \u00e9conomiques de Maurice. Il est le plus fervent d\u00e9fenseur du march\u00e9\u00a0\u00bb, a \u00e9crit un commentateur de ses amis<\/span><span style=\"font-family: Verdana; color: #666b71; font-size: 12pt; mso-ansi-language: FR-CA; mso-bidi-font-size: 11.0pt; mso-bidi-font-family: Arial;\" lang=\"FR-CA\">.<\/span><\/p>\n<p class=\"NoSpacing\" style=\"margin: 0in 0in 0pt;\"><span style=\"font-family: Verdana; font-size: 12pt; mso-ansi-language: FR-CA; mso-bidi-font-size: 11.0pt; mso-bidi-font-family: Arial;\" lang=\"FR-CA\">\u00abPersonne au sein de l&#8217;alliance bleu-blanc-rouge n&#8217;a le niveau encore moins la comp\u00e9tence de Rama Sithanen\u00bb, a estim\u00e9 Jacques de Navacelle.<\/span><\/p>\n<p class=\"NoSpacing\" style=\"margin: 0in 0in 0pt;\"><span style=\"font-family: Verdana; font-size: 12pt; mso-ansi-language: FR-CA; mso-bidi-font-size: 11.0pt; mso-bidi-font-family: Arial;\" lang=\"FR-CA\">\u00ab\u00a0Depuis son fameux <em>Setting the Stage for a Robust Growth<\/em> jusqu\u2019\u00e0 son <em>Stimulus Package<\/em> en passant par ses trois Budgets, Sithanen a fait des cadeaux sup\u00e9rieurs \u00e0 Rs 45 milliards aux tout-puissants, alors que la population a \u00e9t\u00e9 syst\u00e9matiquement \u00e9pluch\u00e9e, ne recevant que des miettes par occasions\u00a0\u00bb, a dit Pravind Jugnauth en 2009.<\/span><\/p>\n<p class=\"NoSpacing\" style=\"margin: 0in 0in 0pt;\"><span style=\"font-family: Verdana; font-size: 12pt; mso-ansi-language: FR-CA; mso-bidi-font-size: 11.0pt; mso-bidi-font-family: Arial;\" lang=\"FR-CA\">\u00ab\u00a0Il faut un nouveau mod\u00e8le \u00e9conomique en rupture avec le paradigme n\u00e9olib\u00e9ral qui a provoqu\u00e9 plusieurs crises successives : alimentaire, \u00e9conomique et climatique. Les priorit\u00e9s doivent \u00eatre<\/span><span style=\"font-family: &quot;MS Mincho&quot;; font-size: 12pt; mso-ansi-language: FR-CA; mso-bidi-font-size: 11.0pt; mso-ascii-font-family: Verdana; mso-hansi-font-family: Verdana;\">\u2008<\/span><span style=\"font-family: Verdana; font-size: 12pt; mso-ansi-language: FR-CA; mso-bidi-font-size: 11.0pt; mso-bidi-font-family: Arial;\" lang=\"FR-CA\">: une souverainet\u00e9 alimentaire, une r\u00e9forme agraire, une \u00ab<\/span><span style=\"font-family: &quot;MS Mincho&quot;; font-size: 12pt; mso-ansi-language: FR-CA; mso-bidi-font-size: 11.0pt; mso-ascii-font-family: Verdana; mso-hansi-font-family: Verdana;\">\u2008<\/span><span style=\"font-family: Verdana; font-size: 12pt; mso-ansi-language: FR-CA; mso-bidi-font-size: 11.0pt; mso-bidi-font-family: Arial;\" lang=\"FR-CA\">incentive<\/span><span style=\"font-family: &quot;MS Mincho&quot;; font-size: 12pt; mso-ansi-language: FR-CA; mso-bidi-font-size: 11.0pt; mso-ascii-font-family: Verdana; mso-hansi-font-family: Verdana;\">\u2008<\/span><span style=\"font-family: Verdana; font-size: 12pt; mso-ansi-language: FR-CA; mso-bidi-font-size: 11.0pt; mso-bidi-font-family: Arial;\" lang=\"FR-CA\">\u00bb sociale pour encourager l&#8217;agriculture bio\u00e9cologique dans chaque famille, un soutien massif aux p\u00eacheurs pour une nouvelle politique de p\u00eache, un investissement public massif dans l&#8217;\u00e9nergie renouvelable, un nouveau syst\u00e8me de transport public, collectif et gratuit, une d\u00e9mocratisation technologique et des connaissances, un Stimulus Package de Rs 1000 pour chaque employ\u00e9 pour relancer la production locale&#8230; Je ne crois pas que Rama Sithanen proposera de telles mesures. Il manque de vision et il est trop born\u00e9 dans son ultralib\u00e9ralisme\u00a0\u00bb, a estim\u00e9 Ashok Subron.<\/span><\/p>\n<p class=\"NoSpacing\" style=\"margin: 0in 0in 0pt;\"><span style=\"font-family: Verdana; font-size: 12pt; mso-ansi-language: FR-CA; mso-bidi-font-size: 11.0pt; mso-bidi-font-family: Arial;\" lang=\"FR-CA\">Ce n\u2019est pas pour rien que Sithanen s\u2019est attir\u00e9 le sobriquet de \u00ab\u00a0Black Paul\u00a0\u00bb. Et que <em>Le D\u00e9fi <\/em>lui a fait le poisson d\u2019avril de le consacrer \u00ab\u00a0<em>The World\u2019s Greatest Business Mind<\/em>\u00a0\u00bb!<\/span><\/p>\n<p class=\"NoSpacing\" style=\"margin: 0in 0in 0pt;\"><span style=\"font-family: Verdana; font-size: 12pt; mso-ansi-language: FR-CA; mso-bidi-font-size: 11.0pt; mso-bidi-font-family: Arial;\" lang=\"FR-CA\">S\u2019il y en a, au MMM qui voient Sithanen prendre la succession de B\u00e9renger, on peut penser que Vishnu Lutchmeenaraidoo n\u2019est pas de ceux-l\u00e0 car c\u2019est lui qui aurait \u00e9t\u00e9 ministre des Finances s\u2019il y avait eu alliance entre le MMM et le PTr! Non, Rama Sithanen n\u2019est pas \u00e0 la hauteur des d\u00e9fis auxquels Maurice fait face d\u00e9sormais. Il est m\u00eame l\u2019antith\u00e8se de ce dont le pays a besoin. <\/span><\/p>\n<p><strong><span style=\"font-family: Verdana; mso-ansi-language: FR-CA; mso-bidi-font-size: 11.0pt; mso-bidi-font-family: Arial;\" lang=\"FR-CA\">* Par ailleurs, les r\u00e9dacteurs de l\u2019analyse des raisons de l\u2019\u00e9chec du MMM notent que \u00ab\u00a0la diabolisation de Paul B\u00e9renger ne marche plus comme avant\u2026 Maintenant, l&#8217;accent de l&#8217;adversaire (le PTr) va \u00eatre sur la constitution d&#8217;une plateforme multiethnique pour combattre le MMM. Le MMM sera pr\u00e9sent\u00e9 comme le parti des minorit\u00e9s qui n&#8217;a aucune chance d&#8217;acc\u00e9der au pouvoir sur cette base\u00a0\u00bb. Strat\u00e9gie payante qui b\u00e9n\u00e9ficiera du support du minist\u00e8re de l\u2019Int\u00e9gration sociale et de l\u2019Economic Empowerment, direz-vous\u00a0?<\/span><\/strong><strong><span style=\"font-family: Verdana; mso-ansi-language: FR; mso-bidi-font-size: 11.0pt; mso-bidi-font-family: Arial;\" lang=\"FR\"><\/span><\/strong><\/p>\n<p class=\"MsoNormal\" style=\"line-height: normal; margin: 0in 0in 10pt; mso-margin-bottom-alt: auto; mso-margin-top-alt: auto;\"><span style=\"font-family: Verdana; color: black; font-size: 12pt; mso-ansi-language: FR-CA; mso-bidi-font-size: 11.0pt; mso-bidi-font-family: Arial;\" lang=\"FR-CA\">Les militants masqu\u00e9s auteurs de l\u2019autocritique \u00e9crivent en effet que \u00ab\u00a0la diabolisation de Paul B\u00e9renger ne marche plus comme avant\u00a0\u00bb. \u00c0 ce th\u00e9or\u00e8me, j\u2019ajouterais un corollaire : \u00ab\u00a0le charisme de B\u00e9renger non plus ne marche pas comme avant\u00a0\u00bb. Apr\u00e8s 40 ans, le corps sociopolitique de Maurice semble avoir g\u00e9n\u00e9r\u00e9 des anticorps efficaces au b\u00e9reng\u00e9risme. Le pays a dompt\u00e9 le ph\u00e9nom\u00e8ne. <em>So jab finn desann, Bhoot outar gayla!<\/em> <\/span><\/p>\n<p class=\"MsoNormal\" style=\"line-height: normal; margin: 0in 0in 10pt; mso-margin-bottom-alt: auto; mso-margin-top-alt: auto;\"><span style=\"font-family: Verdana; color: black; font-size: 12pt; mso-ansi-language: FR-CA; mso-bidi-font-size: 11.0pt; mso-bidi-font-family: Arial;\" lang=\"FR-CA\">Pour ce qui est du Parti travailliste, il est n\u00e9 comme un parti national, il est le premier parti vraiment national de notre histoire, il a toujours constitu\u00e9 une plateforme multiethnique. C\u2019est l\u2019oligarchie qui s\u2019est employ\u00e9e \u00e0 le rabaisser au rang d\u2019un parti \u00ab\u00a0communaliste hindou\u00a0\u00bb, en usant du communalisme, justement, pour en raboter \u00ab\u00a0les franges minoritaires\u00a0\u00bb, et pour monter, avec les copeaux, une \u00ab\u00a0majorit\u00e9\u00a0\u00bb contr\u00f4l\u00e9e et t\u00e9l\u00e9guid\u00e9e par elle, la plus petite, la plus exclusive, et la plus puissante minorit\u00e9s d\u2019entre toutes. Le PTr n\u2019a pas besoin de \u00ab\u00a0constituer maintenant une plateforme multiethnique\u00a0\u00bb. Il n\u2019a qu\u2019\u00e0 rester fid\u00e8le \u00e0 lui-m\u00eame et \u00e0 ses racines.<\/span><\/p>\n<p class=\"MsoNormal\" style=\"line-height: normal; margin: 0in 0in 10pt; mso-margin-bottom-alt: auto; mso-margin-top-alt: auto;\"><span style=\"font-family: Verdana; color: black; font-size: 12pt; mso-ansi-language: FR-CA; mso-bidi-font-size: 11.0pt; mso-bidi-font-family: Arial;\" lang=\"FR-CA\">Ce que le PTr a perdu en cours de route, ce n\u2019est pas son caract\u00e8re \u00ab\u00a0multiethnique\u00a0\u00bb, m\u00eame si Jules Koenig et Ga\u00ebtan Duval ont pu entamer sa pl\u00e9nitude nationale \u00e0 certains moments. Ce qu\u2019il a perdu, c\u2019est son radicalisme, son populisme disons-le, son charisme de mouvement de masse porteur de l\u2019espoir de tout un peuple assoiff\u00e9 de dignit\u00e9, du droit de vote, d\u2019ind\u00e9pendance, de droits civils et politiques, \u00e9conomiques et sociaux. Sa p\u00e9riode glorieuse va de 1947 \u00e0 1967. Le PTr a, lui aussi, perdu son charisme. Il a \u00e9t\u00e9 dompt\u00e9, lui, par le gradualisme britannique, par l\u2019ind\u00e9pendance sur un plateau d\u2019argent, par les projets des oligarques et des m\u00e9tropoles pour prot\u00e9ger et renforcer <em>l\u2019apartheid \u00e9conomique<\/em> au-del\u00e0 du d\u00e9mant\u00e8lement de <em>l\u2019apartheid politique<\/em>.<\/span><\/p>\n<p class=\"MsoNormal\" style=\"line-height: normal; margin: 0in 0in 10pt; mso-margin-bottom-alt: auto; mso-margin-top-alt: auto;\"><span style=\"font-family: Verdana; color: black; font-size: 12pt; mso-ansi-language: FR-CA; mso-bidi-font-size: 11.0pt; mso-bidi-font-family: Arial;\" lang=\"FR-CA\">Le MMM a voulu reprendre le flambeau d\u00e8s 1969, mais B\u00e9renger a vite montr\u00e9 que cette \u00e9mulation \u00e9tait pur mim\u00e9tisme historique, juste pour la forme, pour charrier les masses dans une agitation sans merci contre le jeune \u00c9tat ind\u00e9pendant, mais que le contenu r\u00e9volutionnaire, propre \u00e0 approfondir et \u00e0 \u00e9largir la vision travailliste, n\u2019y \u00e9tait pas. Si le PTr veut se relancer durablement, il doit d\u00e9passer ce que vous appelez \u00ab\u00a0la strat\u00e9gie payante\u00a0\u00bb ax\u00e9e sur le minist\u00e8re de l\u2019Int\u00e9gration sociale et de l\u2019Economic Empowerment, d\u00e9passer les micro-ajustements, les modulations qui font r\u00eaver les pauvres sans faire peur aux riches, et articuler une vision forte et claire digne du r\u00e9veil de l\u2019Am\u00e9rique latine du 21<sup>e<\/sup> si\u00e8cle, par exemple.<\/span><\/p>\n<p><strong><span style=\"font-family: Verdana; mso-ansi-language: FR-CA; mso-bidi-font-size: 11.0pt; mso-bidi-font-family: Arial;\" lang=\"FR-CA\">* <\/span><\/strong><strong><span style=\"font-family: Verdana; mso-ansi-language: FR; mso-bidi-font-size: 11.0pt; mso-bidi-font-family: Arial;\" lang=\"FR\">Si Le Labour r\u00e9ussit dans ses efforts pour recruter encore plus d\u2019\u00e9l\u00e9ments valables parmi la Population g\u00e9n\u00e9rale et les musulmans et ainsi de se positionner comme un parti multiethnique, il n\u2019aura que faire \u00e9ventuellement du MSM ou m\u00eame du MMM. C\u2019est \u00ab\u00a0<em>do-able\u00a0<\/em>\u00bb, pensez-vous\u00a0?<\/span><\/strong><\/p>\n<p class=\"MsoNormal\" style=\"line-height: normal; margin: 0in 0in 10pt; mso-margin-bottom-alt: auto; mso-margin-top-alt: auto;\"><span style=\"font-family: Verdana; color: black; font-size: 12pt; mso-ansi-language: FR-CA; mso-bidi-font-size: 11.0pt; mso-bidi-font-family: Arial;\" lang=\"FR-CA\">Le PTr peut envisager de se passer d\u2019alliances, oui, c\u2019est faisable, <em>do-able<\/em>, comme vous dites, mais \u00e0 cette double condition seulement\u00a0: qu\u2019il renforce son caract\u00e8re multiethnique et national, et qu\u2019il radicalise sa philosophie au-del\u00e0 de sa \u00ab d\u00e9mocratisation de l\u2019\u00e9conomie\u00a0\u00bb, vell\u00e9itaire, pusillanime et timor\u00e9e. Autrement, le MSM ou quelque clone persistera toujours dans le paysage. La tradition bissoondoyaliste est bien enracin\u00e9e, \u00e0 la campagne surtout. Les ambitions sont trop multiples et le pays est bien trop petit\u00a0: le divisionnisme et le fractionnisme sont in\u00e9vitables. Et la gauche a fait un grand pas au scrutin de 2010 quand Resistans ek Alternativ et Mouvman 1<sup>er<\/sup> Mai ont constitu\u00e9 le Platform pou enn nouvo Konstitisyon (PNK) et lanc\u00e9 le mot d\u2019ordre du vote blanc, mot d\u2019ordre que Lalit a \u00e9mis de son c\u00f4t\u00e9.<\/span><\/p>\n<p class=\"MsoNormal\" style=\"line-height: normal; margin: 0in 0in 10pt; mso-margin-bottom-alt: auto; mso-margin-top-alt: auto;\"><span style=\"font-family: Verdana; color: black; font-size: 12pt; mso-ansi-language: FR-CA; mso-bidi-font-size: 11.0pt; mso-bidi-font-family: Arial;\" lang=\"FR-CA\">Le MMM et le PTr vont beau chercher \u00e0 phagocyter les forces de gauche, le combat des femmes, les mouvements des jeunes, le courant \u00e9colo, et les forces vives, ils n\u2019arriveront jamais \u00e0 pr\u00e9senter au peuple \u00ab\u00a0<em>The Real Thing<\/em>\u00a0\u00bb, un vrai parti de gauche qui viendra lib\u00e9rer notre g\u00e9nie cr\u00e9ateur, r\u00e9soudre notre clivage Nord-Sud interne, nous r\u00e9concilier avec nous-m\u00eames et avec le monde. Seule la gauche peut relancer un vaste et ample mouvement national, et rallumer, sur fond du grand r\u00e9\u00e9quilibrage global, le feu sacr\u00e9 du combat politique dans les c\u0153urs. Mais le pays ne suivra plus une autre gauche factice comme le MMM \u2013 dont la cynique trahison explique d\u2019ailleurs, en bonne partie en tout cas, la longue travers\u00e9e du d\u00e9sert de Lalit, Resistans ek Alternativ, et du Mouvman 1<sup>er<\/sup> Mai La nouvelle gauche sera authentique ou ne sera pas. <\/span><\/p>\n<p><strong><span style=\"font-family: Verdana; mso-ansi-language: FR-CA; mso-bidi-font-size: 11.0pt; mso-bidi-font-family: Arial;\" lang=\"FR-CA\">* <\/span><\/strong><strong><span style=\"font-family: Verdana; mso-ansi-language: FR; mso-bidi-font-size: 11.0pt; mso-bidi-font-family: Arial;\" lang=\"FR\">Nous sommes au tout d\u00e9but du mandat du gouvernement de l\u2019Alliance de l\u2019Avenir, mais pouvez-vous d\u00e9j\u00e0 vous faire une id\u00e9e de la <\/span><\/strong><strong><span style=\"font-family: Verdana; mso-ansi-language: FR-CA; mso-bidi-font-size: 11.0pt; mso-bidi-font-family: Arial;\" lang=\"FR-CA\">strat\u00e9gie des uns et des autres au sein de cette alliance?<\/span><\/strong><strong><span style=\"font-family: Verdana; mso-ansi-language: FR; mso-bidi-font-size: 11.0pt; mso-bidi-font-family: Arial;\" lang=\"FR\"><\/span><\/strong><\/p>\n<p><span style=\"font-family: Verdana; mso-ansi-language: FR-CA; mso-bidi-font-size: 11.0pt; mso-bidi-font-family: Arial;\" lang=\"FR-CA\">Les uns et les autres au sein de l\u2019Alliance de l\u2019Avenir, c\u2019est essentiellement le PTr et le MSM. Or, le premier a trois fois plus d\u2019\u00e9lus que le second, et dispose d\u2019un contr\u00f4le effectif du Conseil des ministres \u2013 avec une r\u00e9serve consid\u00e9rable de <em>back-benchers<\/em> ministrables. Beaucoup de salive a \u00e9t\u00e9 gaspill\u00e9 sur la soi-disant \u00ab\u00a0g\u00e9n\u00e9rosit\u00e9\u00a0\u00bb de Navin Ramgoolam envers Pravind Jugnauth. Mais celui-ci est redevable au PTr depuis son \u00e9lection \u00e0 la partielle du n<sup>o<\/sup> 8 en 2009. Il a aussit\u00f4t profess\u00e9 au gouvernement une opposition \u00ab\u00a0loyale\u00a0\u00bb et il a tenu parole. Son p\u00e8re, Pr\u00e9sident de la R\u00e9publique, a tourn\u00e9 la page sur la campagne de 2005 o\u00f9 il avait commis plusieurs \u00ab\u00a0faux pas\u00a0\u00bb en tentant de soutenir son fils et le MSM contre le PTr de Ramgoolam. Il semble maintenant que Pravind Jugnauth, ministre des Finances, ait plus d\u2019empathie pour la \u00ab\u00a0d\u00e9mocratisation de l\u2019\u00e9conomie\u00a0\u00bb si ch\u00e8re au Premier ministre que n\u2019en \u00e9prouvait son pr\u00e9d\u00e9cesseur Rama Sithanen, qu\u2019il a lui-m\u00eame tax\u00e9 d\u2019 \u00ab\u00a0ultralib\u00e9ral\u00a0\u00bb.<\/span><\/p>\n<p><span style=\"font-family: Verdana; mso-ansi-language: FR-CA; mso-bidi-font-size: 11.0pt; mso-bidi-font-family: Arial;\" lang=\"FR-CA\">On est, comme vous dites, au tout d\u00e9but du mandat du gouvernement. Mais un accroc a d\u00e9j\u00e0 marqu\u00e9 son entr\u00e9e en piste\u00a0: le refus coup sur coup de Pravind Jugnauth et de Maya Hanoomanjee, ministre du MSM elle aussi, d\u2019admettre <em>l\u2019express<\/em> \u00e0 des points de presse. Le Premier ministre n\u2019a rien dit et qui ne dit mot consent. Mais Navin Ramgoolam est-il confortable avec une telle entorse aux r\u00e8gles de la d\u00e9mocratie parlementaire?<\/span><\/p>\n<p><span style=\"font-family: Verdana; mso-ansi-language: FR-CA; mso-bidi-font-size: 11.0pt; mso-bidi-font-family: Arial;\" lang=\"FR-CA\">Pour le reste, tout semble au beau fixe. Aucune friction n\u2019est en vue. Ce qui ne veut pas dire qu\u2019il en sera toujours ainsi. Des remous peuvent se produire en tout temps en politique. La crise \u00e9conomique va empirer, sous l\u2019effet combin\u00e9 du ralentissement \u00e9tats-uniens et des affres de la zone euro.<\/span><\/p>\n<p><span style=\"font-family: Verdana; font-size: 12pt; mso-ansi-language: FR-CA; mso-bidi-font-size: 11.0pt; mso-bidi-font-family: Arial; mso-fareast-language: EN-US; mso-fareast-font-family: 'Times New Roman'; mso-bidi-language: AR-SA;\" lang=\"FR-CA\">B\u00e9renger se laissera-t-il tenter \u00e0 d\u00e9baucher le MSM pour mettre Ramgoolam en difficult\u00e9, surtout si des \u00e9lus PMSD, rodriguais et le <em>loose cannon<\/em> Cehl Meeah se mettent de la partie? Apr\u00e8s l\u2019interview du chef de l\u2019\u00c9tat durant la campagne \u00e9lectorale et ses confidences sur B\u00e9renger, on est tent\u00e9 de dire que le MSM ne s\u2019alliera jamais plus avec le MMM. Mais justement, en politique, il ne faut jamais dire jamais. D\u2019un autre point de vue, une alliance PTr-MMM est-elle \u00e0 exclure ? Surtout si, la crise s\u2019aggravant, Ramgoolam se sent le besoin de renforcer sa caution aupr\u00e8s du secteur priv\u00e9 national et international?<\/span><\/p>\n<p> <\/span><\/p>\n","protected":false},"excerpt":{"rendered":"<p>Interview\u00a0: Jooneed Jeeroburkhan\u00a0\u00a0 \u00a0\u00ab\u00a0Tous les esprits ne sont pas scl\u00e9ros\u00e9s au sein du MMM\u2026\u2026 un parti qui a la force de l\u2019autocritique dans la d\u00e9faite ne peut \u00eatre donn\u00e9 pour mort ni m\u00eame pour moribond\u00a0\u00bb\u00a0 * \u00ab\u00a0Le PTr n\u2019a pas besoin de \u00ab\u00a0constituer maintenant une plateforme multiethnique\u00a0\u00bb. Il n\u2019a qu\u2019\u00e0 rester fid\u00e8le \u00e0 lui-m\u00eame et [&hellip;]<\/p>\n","protected":false},"author":1,"featured_media":344,"comment_status":"open","ping_status":"open","sticky":false,"template":"","format":"standard","meta":{"jetpack_post_was_ever_published":false,"_jetpack_newsletter_access":"","_jetpack_dont_email_post_to_subs":false,"_jetpack_newsletter_tier_id":0,"_jetpack_memberships_contains_paywalled_content":false,"_jetpack_memberships_contains_paid_content":false,"footnotes":"","jetpack_publicize_message":"","jetpack_publicize_feature_enabled":true,"jetpack_social_post_already_shared":false,"jetpack_social_options":{"image_generator_settings":{"template":"highway","default_image_id":0,"font":"","enabled":false},"version":2}},"categories":[6],"tags":[],"class_list":["post-345","post","type-post","status-publish","format-standard","has-post-thumbnail","hentry","category-latest-news"],"jetpack_publicize_connections":[],"jetpack_featured_media_url":"https:\/\/i0.wp.com\/www.mauritiustimes.com\/mt\/wp-content\/uploads\/2010\/06\/jooned%20jeeroburkhan.2.gif?fit=253%2C230&ssl=1","jetpack_sharing_enabled":true,"jetpack_shortlink":"https:\/\/wp.me\/p8QzSF-5z","_links":{"self":[{"href":"https:\/\/www.mauritiustimes.com\/mt\/wp-json\/wp\/v2\/posts\/345","targetHints":{"allow":["GET"]}}],"collection":[{"href":"https:\/\/www.mauritiustimes.com\/mt\/wp-json\/wp\/v2\/posts"}],"about":[{"href":"https:\/\/www.mauritiustimes.com\/mt\/wp-json\/wp\/v2\/types\/post"}],"author":[{"embeddable":true,"href":"https:\/\/www.mauritiustimes.com\/mt\/wp-json\/wp\/v2\/users\/1"}],"replies":[{"embeddable":true,"href":"https:\/\/www.mauritiustimes.com\/mt\/wp-json\/wp\/v2\/comments?post=345"}],"version-history":[{"count":0,"href":"https:\/\/www.mauritiustimes.com\/mt\/wp-json\/wp\/v2\/posts\/345\/revisions"}],"wp:featuredmedia":[{"embeddable":true,"href":"https:\/\/www.mauritiustimes.com\/mt\/wp-json\/wp\/v2\/media\/344"}],"wp:attachment":[{"href":"https:\/\/www.mauritiustimes.com\/mt\/wp-json\/wp\/v2\/media?parent=345"}],"wp:term":[{"taxonomy":"category","embeddable":true,"href":"https:\/\/www.mauritiustimes.com\/mt\/wp-json\/wp\/v2\/categories?post=345"},{"taxonomy":"post_tag","embeddable":true,"href":"https:\/\/www.mauritiustimes.com\/mt\/wp-json\/wp\/v2\/tags?post=345"}],"curies":[{"name":"wp","href":"https:\/\/api.w.org\/{rel}","templated":true}]}}