{"id":34409,"date":"2022-04-08T14:40:27","date_gmt":"2022-04-08T10:40:27","guid":{"rendered":"http:\/\/www.mauritiustimes.com\/mt\/?p=34409"},"modified":"2022-04-15T09:41:02","modified_gmt":"2022-04-15T05:41:02","slug":"avec-la-guerre-en-ukraine-il-est-possible-que-le-pire-soit-devant-nous","status":"publish","type":"post","link":"https:\/\/www.mauritiustimes.com\/mt\/avec-la-guerre-en-ukraine-il-est-possible-que-le-pire-soit-devant-nous\/","title":{"rendered":"Avec la guerre en Ukraine, il est possible que le pire soit devant nous&#8221;"},"content":{"rendered":"<h4 style=\"text-align: center;\"><span style=\"color: #ff0000;\"><u>Interview: <\/u><u>Jocelyn Chan Low, Historien<\/u><\/span><\/h4>\n<h4 style=\"text-align: center;\"><span style=\"color: #ff0000;\"><u><img data-recalc-dims=\"1\" loading=\"lazy\" decoding=\"async\" data-attachment-id=\"29693\" data-permalink=\"https:\/\/www.mauritiustimes.com\/mt\/je-ne-vois-pas-limplosion-du-gouvernement-en-place\/jocelyn-2-k\/\" data-orig-file=\"https:\/\/i0.wp.com\/www.mauritiustimes.com\/mt\/wp-content\/uploads\/2020\/12\/Jocelyn-2-K.jpg?fit=1200%2C748&amp;ssl=1\" data-orig-size=\"1200,748\" data-comments-opened=\"1\" data-image-meta=\"{&quot;aperture&quot;:&quot;0&quot;,&quot;credit&quot;:&quot;&quot;,&quot;camera&quot;:&quot;&quot;,&quot;caption&quot;:&quot;&quot;,&quot;created_timestamp&quot;:&quot;0&quot;,&quot;copyright&quot;:&quot;&quot;,&quot;focal_length&quot;:&quot;0&quot;,&quot;iso&quot;:&quot;0&quot;,&quot;shutter_speed&quot;:&quot;0&quot;,&quot;title&quot;:&quot;&quot;,&quot;orientation&quot;:&quot;0&quot;}\" data-image-title=\"Jocelyn 2-K\" data-image-description=\"\" data-image-caption=\"\" data-large-file=\"https:\/\/i0.wp.com\/www.mauritiustimes.com\/mt\/wp-content\/uploads\/2020\/12\/Jocelyn-2-K.jpg?fit=640%2C399&amp;ssl=1\" class=\"aligncenter size-full wp-image-29693\" src=\"https:\/\/i0.wp.com\/www.mauritiustimes.com\/mt\/wp-content\/uploads\/2020\/12\/Jocelyn-2-K.jpg?resize=640%2C399&#038;ssl=1\" alt=\"\" width=\"640\" height=\"399\" srcset=\"https:\/\/i0.wp.com\/www.mauritiustimes.com\/mt\/wp-content\/uploads\/2020\/12\/Jocelyn-2-K.jpg?w=1200&amp;ssl=1 1200w, https:\/\/i0.wp.com\/www.mauritiustimes.com\/mt\/wp-content\/uploads\/2020\/12\/Jocelyn-2-K.jpg?resize=300%2C187&amp;ssl=1 300w, https:\/\/i0.wp.com\/www.mauritiustimes.com\/mt\/wp-content\/uploads\/2020\/12\/Jocelyn-2-K.jpg?resize=1024%2C638&amp;ssl=1 1024w, https:\/\/i0.wp.com\/www.mauritiustimes.com\/mt\/wp-content\/uploads\/2020\/12\/Jocelyn-2-K.jpg?resize=768%2C479&amp;ssl=1 768w\" sizes=\"auto, (max-width: 640px) 100vw, 640px\" \/><\/u><\/span><!--more--><\/h4>\n<h2 style=\"text-align: center;\"><span style=\"color: #993300;\"><strong>&#8216;Tout s\u00e9pare le MMM du r\u00e9gime actuel. Mais, en politique, tout est possible&#8230;<\/strong><\/span><\/h2>\n<h4 style=\"text-align: center;\"><span style=\"color: #000000;\"><em>Avec le MSM peut-il s\u2019attendre \u00e0 un fair deal plus qu\u2019\u00e0 un bad deal ?&#8217;<\/em><\/span><\/h4>\n<h3 style=\"text-align: center;\"><span style=\"color: #000000;\"><strong>* &#8216;Remplacer PravindJugnauth non seulement par qui mais pour faire quoi ?\u2019<br \/>\n<\/strong>Jusqu\u2019ici l&#8217;Opposition n\u2019a pas fourni de r\u00e9ponses claires&#8217;<\/span><\/h3>\n<p><span style=\"color: #000000;\"><strong>Une guerre inattendue en Europe frappe les esprits tandis que la pand\u00e9mie suit son cours et continue de faire des victimes dans le monde entier. Outre la situation sanitaire, la situation \u00e9conomique devient de plus en plus pr\u00e9occupante, notamment \u00e0 cause de la flamb\u00e9e des prix des produits alimentaires. Jocelyn Chan Low, historien, jette un \u00e9clairage surles causes menant \u00e0 l\u2019invasion de l\u2019Ukraine par la Russie, et les implications d\u2019un tel affrontement sur le plan mondial et r\u00e9gional.<\/strong><\/span><\/p>\n<p><span style=\"color: #000000;\"><strong>Mauritius Times\u00a0: Une nouvelle situation s&#8217;est d\u00e9velopp\u00e9e avec la guerre en Ukraine dont les cons\u00e9quences sont ressenties \u00e0 travers le monde. Rien n&#8217;est certain quant \u00e0 la dur\u00e9e et \u00e0 l&#8217;issue de cette guerre qui a d\u00e9j\u00e0 entra\u00een\u00e9 son lot de destructions et de pertes de vies humaines. Comment les choses se pr\u00e9sentent-elles, selon vous?<\/strong><\/span><\/p>\n<p><span style=\"color: #000000;\"><strong>Jocelyn Chan Low\u00a0: <\/strong>Les raisons menant au d\u00e9clenchement de ce conflit sont pr\u00e9sentement et seront pendant longtemps sujettes \u00e0 controverse. Et comment serait-il autrement quand on constate que m\u00eame apr\u00e8s l\u2019ouverture de toutes les archives de la Premi\u00e8re Guerre mondiale,plus de cent ans apr\u00e8s, les historiens d\u00e9battent toujours des causes de cette guerre.<\/span><\/p>\n<p><span style=\"color: #000000;\">Toutefois, ilest vrai que nombre d\u2019analystes, et non des moindres, \u00e0 l\u2019instar de Georges Kennan, soulignait que l\u2019\u00e9largissement de l\u2019OTAN vers les anciennes r\u00e9publiques de l\u2019ex-Union sovi\u00e9tique, plus particuli\u00e8rement vers l\u2019Ukraine, entra\u00eenerait in\u00e9luctablement un conflit avec la Russie.Toute l\u2019histoire de la diplomatie russe et de l\u2019Union sovi\u00e9tique est marqu\u00e9e par une v\u00e9ritable pathologie de la s\u00e9curit\u00e9, le pays ayant connu \u00e0 maintes reprises des invasions le mettant en danger existentiel &#8211; entre autres, celles des Tartares, des Fran\u00e7ais sous Napol\u00e9on I<sup>er<\/sup>, et de l\u2019Allemagne nazi sous Hitler.<\/span><\/p>\n<p><span style=\"color: #000000;\">Cependant, depuis le d\u00e9but de l\u2019invasion russe, nous sommes t\u00e9moins d\u2019une v\u00e9ritable guerre de propagande par m\u00e9dias interpos\u00e9s entre les pro-russes et les pro-occidentaux. Remarquez qu\u2019historiquement cela a toujours \u00e9t\u00e9 le cas au cours des grands conflits internationaux. Un diplomate anglais Arthur Ponsonby a m\u00eame \u00e9tabli au d\u00e9but du 20<sup>e<\/sup> si\u00e8cle une grille de lecture des discours de propagande de guerre &#8211; diabolisation de l\u2019ennemi sur lequel on rejette tous les torts quant \u00e0 l\u2019origine du conflit, exag\u00e9ration de ses pertes militaires, l\u2019annexion de la morale et des artistes \u00e0 nos c\u00f4t\u00e9s, inventions de crimes de guerre alors que nos b\u00e9vues sont accidentelles, utilisationd\u2019armes prohib\u00e9es par l\u2019ennemi, etc. En bref, tout ce qu\u2019on retrouve si on analyse les discours des grandes cha\u00eenes de presse et de t\u00e9l\u00e9vision des protagonistes.\u00a0<\/span><\/p>\n<p><span style=\"color: #000000;\">Avec l\u2019importance croissante des m\u00e9dias dans l\u2019espace public, comme le souligne Jacques Baud, ancien colonel et responsable du Service de renseignement suisse, dans son excellent ouvrage <em>\u2018Gouverner par les fake news &#8211; 30 ans d\u2019infoxutilis\u00e9es par les occidentaux\u2019 (2020),<\/em> les \u00c9tats l\u00e9gitiment leur politique \u00e9trang\u00e8re et les conflits dans lesquels ils s\u2019engagent au moyen de <em>fake news<\/em> souvent distill\u00e9es par leur servicesde renseignement et relay\u00e9es par les m\u00e9dias complaisants.<\/span><\/p>\n<p><span style=\"color: #000000;\"><strong>* Mais derri\u00e8re ce constat il y a l\u2019\u00e9pais brouillard de post-v\u00e9rit\u00e9 fait d\u2019intox, de d\u00e9sinformation, ce qui rend difficile la lecture des \u00e9v\u00e9nements et encore plus al\u00e9atoires les pr\u00e9dictions quant \u00e0 la dur\u00e9e et l\u2019issue de cette guerre, non?<\/strong><\/span><\/p>\n<p><span style=\"color: #000000;\">Tout \u00e0 fait. Prenons le cas des buts de guerre de Vladimir Poutine. Est-ce toute l\u2019Ukraine, ou simplement le Donbass et la mer d\u2019Azov, transformant le reste de l\u2019Ukraine, d\u00e9militaris\u00e9 et neutre, en zone tampon entre la Russie et l\u2019Otan ? On n\u2019en sait rien malgr\u00e9 les nombreuses supputations faites \u00e0 partir <\/span><br \/>\n<span style=\"color: #000000;\">&#8211; des tentatives maladroites de psychanalyse \u00e0 distance du pr\u00e9sident russe ou <\/span><br \/>\n<span style=\"color: #000000;\">&#8211; de ce qui ressemble \u00e0 des bobards quant \u00e0 son \u00e9tat de sant\u00e9 physique et mental, ou<\/span><br \/>\n<span style=\"color: #000000;\">&#8211; du fonctionnement du pouvoir au Kremlin, ou encore<\/span><br \/>\n<span style=\"color: #000000;\">&#8211; de la qualit\u00e9 de l\u2019appareil militaire russe.<\/span><\/p>\n<p><span style=\"color: #000000;\">Il faut ajouter sur cette liste les d\u00e9ductions construites \u00e0 partir d\u2019une lecture des \u00e9crits et discours des th\u00e9oriciens de l\u2019Eurasianisme tels que le philosophe russe Aleksandr Dugin ou du patriarche Cyrille de l&#8217;\u00c9glise orthodoxe russe.<\/span><\/p>\n<p><span style=\"color: #000000;\">Comme l\u2019\u00e9crivait Clausewitz, la guerre est le prolongement de la diplomatie par d\u2019autres moyens. Mais comment comprendre le d\u00e9roulement des n\u00e9gociations diplomatiques qui devraient mettre un terme au conflit sans appr\u00e9hender les buts de guerre des protagonistes de m\u00eame que la situation militaire sur le terrain ?<\/span><\/p>\n<p><span style=\"color: #000000;\"><strong>* Cependant la situation reste explosive et dangereuse, n&#8217;est-ce pas?<\/strong><\/span><\/p>\n<p><span style=\"color: #000000;\">Oui, on ne saurait \u00e9carter le danger d\u2019un conflit qui perdure avec la perspective de la mise en place d\u2019un engrenage qui finirait par entra\u00eener une descente aux enfers et l\u2019\u00e9largissement du conflit vers une guerre nucl\u00e9aire entre deux camps hostiles.<\/span><\/p>\n<p><span style=\"color: #000000;\">On aconstat\u00e9 qu\u2019au moment m\u00eame o\u00f9 il y a eu une perc\u00e9e diplomatique pouvant mener \u00e0 la fin des hostilit\u00e9s, il semblerait que d\u2019autres forces ou circonstancesont \u0153uvr\u00e9 pour saboter le processus de paix\u2026<\/span><\/p>\n<p><span style=\"color: #000000;\">Il est certain cependant que nous sommes en ce moment \u00e0 un point de bascule del\u2019Histoire du monde et du 21<sup>e<\/sup> si\u00e8cle. Grosso modo, l\u2019euphorie qui avait gagn\u00e9 les milieux lib\u00e9raux et occidentaux, suivant la fin de l\u2019URSS, quant \u00e0 la \u2018fin de l\u2019histoire\u2019 ou \u2018le triomphe de l\u2019occident\u2019 \u00e0 travers l\u2019\u00e9mergence d\u2019un monde unipolaire domin\u00e9 par les \u00c9tats-Unis, s\u2019est d\u00e9finitivement estomp\u00e9e.<\/span><\/p>\n<p><span style=\"color: #000000;\">Il y avait d\u00e9j\u00e0 des signes avant-coureurs que tout cela n&#8217;\u00e9tait qu&#8217;une grande illusion.L\u2019\u00e9v\u00e9nement tout r\u00e9cent, c\u2019est le d\u00e9part en catastrophe des am\u00e9ricains de Kaboul avec comme justification qu\u2019il \u00e9tait impossible d\u2019exporter \u2018la d\u00e9mocratie\u2019 et les \u2018valeurs\u2019 occidentaux \u00e0 travers le monde.<\/span><\/p>\n<p><span style=\"color: #000000;\">Plus important, la mondialisation -\u00e0 travers la lib\u00e9ralisation des \u00e9changes- a \u00e9t\u00e9 acc\u00e9l\u00e9r\u00e9e par l\u2019ouverture de la Chine, les transformations structurelles en Inde, au Br\u00e9sil, etc. Celava saper la domination \u00e9conomique de l\u2019Occident. L\u2019\u00e9volution des flux commerciaux et financiers d\u00e9montre clairement que, d\u2019un point de vue \u00e9conomique, le 21<sup>e<\/sup> si\u00e8cle sera \u00ab\u00a0le si\u00e8cle du grand retour de l\u2019Asie\u00bb.<\/span><\/p>\n<p><span style=\"color: #000000;\">Il existe d\u00e9j\u00e0 l\u2019h\u00e9g\u00e9monie du dollar sur le commerce et le syst\u00e8me \u00e9conomique mondial.En y ajoutant l\u2019appareil militaire, cette h\u00e9g\u00e9monieconstitue l\u2019un des piliers de la puissance am\u00e9ricaine. Mais elle commence \u00e0 \u00eatre s\u00e9rieusement entam\u00e9e. En bref, le monde unipolaire ne peut que c\u00e9der la place \u00e0 un monde multipolaire.<\/span><\/p>\n<p><span style=\"color: #000000;\">Comme le souligne un r\u00e9cent rapport de l\u2019<em>Economist Intelligence<\/em><em> Unit<\/em> sur les cons\u00e9quences de cette guerre, dans l\u2019imm\u00e9diat, elle va d\u2019abord acc\u00e9l\u00e9rer la bifurcation du monde en deux camps hostiles, accro\u00eetre la d\u00e9pendance de la Russie sur la Chine, contraindre les Etats-Unis \u00e0 se focaliser \u00e0 la fois sur l\u2019Europe et l\u2019Asie (avec \u00e9videmment un grand risque de <em>&#8216;strategicoverstretch&#8217; <\/em>\u2013 d\u00e9passement des limites strat\u00e9giques &#8211;que les am\u00e9ricains voudraient\u00e9viter), susciter une acc\u00e9l\u00e9ration de la course aux armements, le r\u00e9armement de l\u2019Allemagne avec des cons\u00e9quences majeures sur la sc\u00e8ne diplomatique europ\u00e9enne, accro\u00eetre les risques d\u2019\u00e9clatement de conflits dans d\u2019autres r\u00e9gions du monde, et entra\u00eener une plus grande contestation du mod\u00e8le lib\u00e9ral occidental.<\/span><\/p>\n<p><span style=\"color: #000000;\"><strong>* Ce qui parait probable aussi, c&#8217;est que cette guerre va entrainer un r\u00e9alignement sur le plan g\u00e9opolitique, ce qui pourrait intervenir dans les moyen et long termes avec la strat\u00e9gie de la Russie et des pays BRICS en vue de cr\u00e9er un nouvel ordre international et mon\u00e9taire par le biais de la d\u00e9-dollarisation des \u00e9changes commerciaux le plus rapidement possible. Voyez-vous l\u00e0 un facteur d&#8217;instabilit\u00e9 qui risque d&#8217;\u00eatre introduit dans le syst\u00e8me mon\u00e9taire international et,par extension, dans la g\u00e9opolitique mondiale ?<\/strong><\/span><\/p>\n<p><span style=\"color: #000000;\"><em>\u2018War is the locomotive of History\u2019<\/em><em>, <\/em>\u00e9crivait Trotsky. Effectivement, cette guerre va acc\u00e9l\u00e9rer les tendances que nous avons mentionn\u00e9es. Je me souviens des d\u00e9bats, au cours des conf\u00e9rences universitaires en Europe et ailleurs, auxquelsj&#8217;ai assist\u00e9 dans les ann\u00e9es 2000 o\u00f9 certains \u00e9voquaient d\u00e9j\u00e0 la provincialisation de l\u2019Europe et l\u2019\u00e9mergence d\u2019un monde nouveau et multipolaire, \u00e9conomiquement, politiquement et culturellement.<\/span><\/p>\n<p><span style=\"color: #000000;\">Assistons-nous en ce moment \u00e0 la fin d\u2019un cycle qui a d\u00e9but\u00e9 en 1500 avec l\u2019\u00e9mergence de la supr\u00e9matie occidentale et, par la suite, son prolongement avec l\u2019h\u00e9g\u00e9monie am\u00e9ricaine ?<\/span><\/p>\n<p><span style=\"color: #000000;\">Le vote aux Nations Unies sur la r\u00e9solution condamnant la Russie est tr\u00e8s r\u00e9v\u00e9lateur : les pays qui se sont abstenus repr\u00e9sentent plus de la moiti\u00e9 de la population mondiale. Parmi les BRICS, la Chine, l\u2019Inde, l\u2019Afrique du Sud, le Br\u00e9sil mais aussi le Pakistan, des pays du Moyen Orient, 17 pays africains, dont Madagascar. De m\u00eame sur la question des sanctions \u00e0 l&#8217;encontre de la Russie, l\u2019Europe est certes unie mais seule. M\u00eame la Turquie qui fait pourtant partie de l\u2019OTAN s\u2019abstient d\u2019appliquer les sanctions.<\/span><\/p>\n<p><span style=\"color: #000000;\">Les Etats poursuivent leurs int\u00e9r\u00eats et ne se laissent plus dicter par l\u2019occident. Comme le disait Nelson Mandela, \u2018l\u2019erreur de l\u2019occident est de croire que vos ennemis sont automatiquement mes ennemis.\u2019<\/span><\/p>\n<p><span style=\"color: #000000;\">En outre, au niveau de l&#8217;occident et des Etats-Unis, on a vu \u00e9clater au grand jour, l\u2019occidentalisme &#8211; c&#8217;est-\u00e0-dire la tentation de confondre le monde, la communaut\u00e9 internationale et l\u2019universel \u00e0 l\u2019occident et \u00e0 ses int\u00e9r\u00eats.<\/span><\/p>\n<p><span style=\"color: #000000;\">Le r\u00e9sultat a \u00e9t\u00e9 une vague de condamnation de ce qui est per\u00e7u comme une hypocrisie flagrante quant au traitement diff\u00e9rentiel des r\u00e9fugi\u00e9s ukrainiens &#8211; \u2018blonds aux yeux bleus\u2019 &#8211; par rapport aux africains, aux asiatiques ou \u00e0 ceux issus du Moyen-Orient et auracisme ind\u00e9niable lors de la couverture des \u00e9v\u00e9nements par certains journalistes des grandes cha\u00eenes de t\u00e9l\u00e9vision occidentales.<\/span><\/p>\n<p><span style=\"color: #000000;\">Le traitement m\u00e9diatique accord\u00e9 \u00e0 l\u2019Ukraine contraste singuli\u00e8rement avec le traitement de la guerre en Irak, en Palestine ou au Y\u00e9men.<\/span><\/p>\n<p><span style=\"color: #000000;\">Quant \u00e0 la question des crimes de guerre, de nombreux commentateurs s\u2019interrogent sur l\u2019impunit\u00e9 accord\u00e9e \u00e0 Georges W. Bush et \u00e0 Tony Blair au vu de leur r\u00f4le dans le d\u00e9clenchement de la guerre en Irak en 2003. De m\u00eame, le ton mena\u00e7ant des responsables europ\u00e9ens ou am\u00e9ricains par rapport au vote des pays africains et asiatiques \u00e0 l&#8217;ONU a fait bondir d\u2019indignation plusieurs responsables politiques des pays concern\u00e9s, \u00e0 l\u2019instar d\u2019Imran Khan, premier ministre du Pakistan.<\/span><\/p>\n<p><span style=\"color: #000000;\">Quant \u00e0 la d\u00e9dollarisation des \u00e9changes commerciaux, il faut souligner que le processus \u00e9tait d\u00e9j\u00e0 amorc\u00e9 avant l\u2019invasion de l\u2019Ukraine. D\u00e8s la fin de 2021, la Chine avait approch\u00e9 l\u2019Arabie saoudite pour que ses achats de p\u00e9trole ne soient plus effectu\u00e9s en dollars mais en yuans.<\/span><\/p>\n<p><span style=\"color: #000000;\">Avec les sanctions, in\u00e9vitablement, d\u2019autres monnaies que le dollar seront utilis\u00e9es pour les transactions commerciales avec la Russie. Et la d\u00e9cision de geler les r\u00e9serves de dollars de la Russie va indubitablement acc\u00e9l\u00e9rer la recherche d&#8217;alternatives chez les dirigeants d\u2019autres \u00e9tats, et ce,afin de ne pas se retrouver politiquement \u00e0 la merci des Etats-Unis.<\/span><\/p>\n<p><span style=\"color: #000000;\"><strong>* Se dirige-t-on donc vers l\u2019\u00e9mergence d&#8217;un nouvel ordre mondial?<\/strong><\/span><\/p>\n<p><span style=\"color: #000000;\">Dans le moyen terme, la fin de l\u2019h\u00e9g\u00e9monie du dollar aura un impact consid\u00e9rable sur une administration am\u00e9ricaine d\u00e9j\u00e0 surendett\u00e9e. Elle ne pourra plus continuer d\u2019imprimer des dollars pour \u00e9ponger ses dettes, avec comme r\u00e9sultat un d\u00e9tricotage de son outil militaire, ce qui annonceraitla fin de l\u2019ordre unipolaire am\u00e9ricain, favorisant l\u2019\u00e9mergence d&#8217;un nouvel ordre mondial.<\/span><\/p>\n<p><span style=\"color: #000000;\">Cependant, historiquement, les transformations d\u2019une telle envergure ont souvent \u00e9t\u00e9 accompagn\u00e9es de guerres comme nous le rappelle Ray Dalio dans son ouvrage &#8216;<em>The New World Order: Why Nations succeed or fail&#8217;<\/em> (2021) ou encore Graham Allison dans son livre <em>&#8216;Vers la guerre: La Chine et l\u2019Am\u00e9rique dans le Pi\u00e8ge de Thucydide ?&#8217;<\/em>(2017).<\/span><\/p>\n<p><span style=\"color: #000000;\">A ce propos, certains n\u2019h\u00e9sitent pas \u00e0 affirmer que la fin du r\u00e9gime de Kadhafi et l\u2019ex\u00e9cution de ce dernier seraient le r\u00e9sultat d\u2019une initiative qu\u2019il avait lanc\u00e9e pour mettre fin au p\u00e9trodollar.<\/span><\/p>\n<p><span style=\"color: #000000;\">Cela dit, la guerre a \u00e9t\u00e9 omnipr\u00e9sente dans certaines r\u00e9gions du monde depuis 1945. Et les Etats-Unis ont \u00e9t\u00e9 impliqu\u00e9s dans un grand nombre de conflits depuis la Deuxi\u00e8me Guerre mondiale \u2013 Cor\u00e9e, Vietnam, Irak, Afghanistan, etc&#8230; Cependant les puissances nucl\u00e9aires ne se sont jamais retrouv\u00e9es face \u00e0 face, les affrontements n\u2019\u00e9tant jusque-l\u00e0 que des <em>wars by proxy<\/em>. Avec l\u2019invasion de l\u2019Ukraine, la donne risque de changer.<\/span><\/p>\n<p><span style=\"color: #000000;\">Quant \u00e0 l&#8217;\u00e9conomie mondiale, le d\u00e9clin du dollar pourrait entra\u00eener la fragmentation de l\u2019\u00e9conomie mondiale en blocs r\u00e9gionaux, utilisant des monnaies distinctes comme moyens d\u2019\u00e9changes. Quand on y ajoute le retour de la division du monde en blocs rivaux, le d\u00e9veloppement s\u00e9par\u00e9 de la technologie hi-tech, la fragmentation de l\u2019internet, entre autres,on peut y entrevoir un coup d\u2019arr\u00eat \u00e0 la mondialisation.<\/span><\/p>\n<p><span style=\"color: #000000;\"><strong>* Deux grandes puissances \u00e9conomiques, la Chine et l\u2019Inde, ont refus\u00e9 chacune, pour diverses raisons, de se ranger dans le camp de l&#8217;Ouest et condamner l\u2019invasion de l\u2019Ukraine par la Russie. Jusqu\u2019o\u00f9 pourraient-elles pers\u00e9v\u00e9rer dans cette voie, selon vous?<\/strong><\/span><\/p>\n<p><span style=\"color: #000000;\">La Chine et l\u2019Inde, en tant que puissances \u00e9mergentes, sont -de fait &#8211; les plus aptes \u00e0 b\u00e9n\u00e9ficier de l\u2019\u00e9mergence d\u2019un monde multipolaire.<\/span><\/p>\n<p><span style=\"color: #000000;\">Il est vrai qu\u2019entre ces deux grands \u00e9tats, il y des divergences profondes &#8211; conflits frontaliers qui perdurent, les relations avec le Pakistan, le <em>Belt and Road Initiative<\/em> et lesperceptions qui en d\u00e9coulent. D\u2019ailleurs, ces divergences ont amen\u00e9 l\u2019Inde \u00e0 se rapprocher des Etats-Unis et de l\u2019Aukus.<\/span><\/p>\n<p><span style=\"color: #000000;\">Mais l\u2019Inde est loin d\u2019\u00eatre inf\u00e9od\u00e9e aux Etats-Unis.D\u2019ailleurs,elle a de profondes divergences \u00e9conomiques avec ce pays, notamment sur les tarifs \u00e0 l\u2019importation. Quant \u00e0 ses relations avec la Russie, elles sont in\u00e9branlables du fait que cette derni\u00e8re a \u00e9t\u00e9 l\u2019alli\u00e9 ind\u00e9fectible de l\u2019Inde depuis l\u2019ind\u00e9pendance, notamment sur la question du Cachemire.<\/span><\/p>\n<p><span style=\"color: #000000;\">En outre, c\u2019est la Russie qui lui pourvoit la grosse partie de son armement militaire. Et les sanctions contre la Russie offrent de bonnes opportunit\u00e9s \u00e0 l\u2019Inde en ce qu\u2019il s\u2019agit de l\u2019achat de ses produits p\u00e9troliers. Il faut ajouter \u00e0 cela que la Russie dispose d\u2019un fort capital de soutien au sein de la population indienne.<\/span><\/p>\n<p><span style=\"color: #000000;\">Quant \u00e0 la Chine, ses relations avec la Russie sont \u00e9tablies sur le roc. Non seulement cette relation s\u00e9curise l\u2019\u00e9norme fronti\u00e8re qu\u2019elle partage avec la Russie, mais les deux pays ont le m\u00eame objectif r\u00e9visionniste par rapport \u00e0 l&#8217;ordre mondial. En outre,la Russie sanctionn\u00e9e apporte dans son sillaged&#8217;\u00e9normes opportunit\u00e9s aux entreprises chinoises.<\/span><\/p>\n<p><span style=\"color: #000000;\">Au vu de leurs int\u00e9r\u00eats mutuels, on voit mal ces deux pays abandonner leurs relations avec la Russie sous pression de l\u2019occident. Les Etats-Unis ne feront rien pour contraindre l\u2019Inde alors qu\u2019un bras de fer \u00e9conomique avec la Chine serait catastrophique pour l\u2019Europe.<\/span><\/p>\n<p><span style=\"color: #000000;\"><strong>* Maurice a-t-elle bien jou\u00e9 ses cartes dans cette confrontation opposant deux grandes superpuissances du monde ?<\/strong><\/span><\/p>\n<p><span style=\"color: #000000;\">Le fondement de la diplomatie mauricienne, petit \u00e9tat insulaire, a \u00e9t\u00e9 trac\u00e9 par Sir Seewoosagur Ramgoolamau cours de la premi\u00e8re guerre froide et se r\u00e9sume \u00e0 deux mots<em>\u2018Perfectneutrality&#8217;<\/em>. Et, dans ce conflit, Maurice s\u2019est d\u00e9clar\u00e9e neutre, bien qu\u2019\u00e0 la diff\u00e9rence de Madagascar, elle a vot\u00e9 la r\u00e9solution condamnant l\u2019invasion del\u2019Ukraine par la Russie. Il ne faut surtout pas oublier le poids de l\u2019Union europ\u00e9enne \u00e0 l\u2019\u00eele Maurice\u2026<\/span><\/p>\n<p><span style=\"color: #000000;\">* <strong>Les cons\u00e9quences \u00e9conomiques de cette guerre sur l&#8217;\u00e9conomie mauricienne tout comme pour beaucoup de pays africains risquent d&#8217;\u00eatre tr\u00e8s dures. \u00c9tant d\u00e9j\u00e0 fragilis\u00e9s par la pand\u00e9mie de la Covid-19, la r\u00e9cession \u00e9conomique nous guette, selon les \u00e9conomistes, et cela risque de rejaillir sur le plan social comme c&#8217;est le cas pr\u00e9sentement au Sri Lanka et au Pakistan&#8230; Faut-il craindre une nette d\u00e9t\u00e9rioration sur ce plan-l\u00e0?<\/strong><\/span><\/p>\n<p><span style=\"color: #000000;\">Evidemment. La pand\u00e9mie de la Covid-19 ne pouvait qu\u2019avoir un impact important sur une \u00e9conomie tourn\u00e9e essentiellement vers l\u2019ext\u00e9rieur et o\u00f9 le tourisme demeure l\u2019un des plus gros pourvoyeurs d\u2019emplois et de devises \u00e9trang\u00e8res. Le paysest extr\u00eamement d\u00e9pendant des importations pour sa survie.<\/span><\/p>\n<p><span style=\"color: #000000;\">Le gouvernement, \u00e0 juste titre, bien qu\u2019il y ait des critiques quant \u00e0 la mani\u00e8re de son utilisation, a puis\u00e9 dans les r\u00e9serves de la Banque centrale pour limiter la casse sociale. Grosso modo, le pays et l\u2019\u00e9conomie ont \u00e9t\u00e9 plac\u00e9s sous respiration artificielle. Et, avec le reflux de la pand\u00e9mie et la lev\u00e9e des restrictions, on croyait que le pire \u00e9tait derri\u00e8re nous. H\u00e9las ! Avec la guerre en Ukraine, tel n\u2019est plus le cas&#8230; il est possible que le pire soit devant nous<strong>.<\/strong> Le rapport de l\u2019<em>Economist Intelligence <\/em><em>Unit<\/em> sur l\u2019impact \u00e9conomique de cette guerre et des sanctions pr\u00e9voit une nette d\u00e9c\u00e9l\u00e9ration de la croissance dans les pays du G7, parmi lesquels on retrouve certains de nos plus gros clients et pourvoyeurs de touristes.<\/span><\/p>\n<p><span style=\"color: #000000;\">Certes, la Russie bien que puissance militaire mondiale majeure, ne se retrouve qu\u2019\u00e0 la onzi\u00e8me place dans le classement des \u00e9conomies du monde. Cependant, elle est l\u2019un des plus gros fournisseurs de gaz et de p\u00e9trole du monde et de l\u2019Europe en particulier. En outre, avec l\u2019Ukraine, elle demeure l\u2019un des plus gros producteurs de bl\u00e9, de c\u00e9r\u00e9ales et d\u2019autres produits alimentaires. Il faut ainsi s\u2019attendre \u00e0 une flamb\u00e9e du prix des carburants et des produits alimentaires,et aussi \u00e0 une augmentation des risques de famine dans les mois qui viennent.<\/span><\/p>\n<p><span style=\"color: #000000;\">En outre, la guerre et les sanctions entra\u00eenent des perturbations majeures dans le fret, les cha\u00eenes de production et les march\u00e9s financiers. Avec le prolongement des hostilit\u00e9s, le pire est devant nous. D\u00e9j\u00e0 certains signes, tels que le r\u00e9cent <em>\u2018invertedyieldcurve\u2019<\/em> \u00e0 la bourse am\u00e9ricaine, laisse pr\u00e9sager une r\u00e9cession aux Etats-Unis dans les mois \u00e0 venir. Tous ces d\u00e9veloppements ne pourront qu\u2019avoir des r\u00e9percussions sur l\u2019\u00e9conomie mauricienne.<\/span><\/p>\n<p><span style=\"color: #000000;\">D\u00e9j\u00e0 la d\u00e9valuation continue de la roupie entra\u00eene une hausse constante des d\u00e9penses des m\u00e9nages et une partie grandissante de la population mauricienne n\u2019arrive plus \u00e0 joindre les deux bouts. La population s\u2019attend l\u00e9gitimement \u00e0 des mesures correctives du gouvernement pour augmenter le pouvoir d\u2019achat.<\/span><\/p>\n<p><span style=\"color: #000000;\">O\u00f9 trouver les ressources pour le faire ? Une fuite en avant ne pourra qu\u2019entrainer une descente aux enfers et nous amener effectivement \u00e0 la faillite et \u00e0 la situation pr\u00e9valant au Sri Lanka actuellement.<\/span><\/p>\n<p><span style=\"color: #000000;\"><strong>* Au regard des cons\u00e9quences de cette guerre sur l\u2019\u00e9conomie mauricienne et possiblement sur le domaine social assez rapidement, la proposition a \u00e9t\u00e9 faite de r\u00e9unir les comp\u00e9tences politiques du pays dans un gouvernement d\u2019unit\u00e9 nationale, cela afin \u00e9viter que la situation ne d\u00e9g\u00e9n\u00e8re. Que faites-vous de cette proposition de Rama Sithanen ?<\/strong><\/span><\/p>\n<p><span style=\"color: #000000;\">La proposition est int\u00e9ressante \u00e0 plus d\u2019un titre. Il est vrai que le gouvernement actuel dispose d\u2019une majorit\u00e9 tr\u00e8s confortable \u00e0 l\u2019Assembl\u00e9e nationale. Quant \u00e0 la question decomp\u00e9tences, cela rel\u00e8ve d\u2019une question d\u2019appr\u00e9ciation. De toute mani\u00e8re, les ministres sont \u00e9paul\u00e9s par des fonctionnaires qui assurent la continuit\u00e9 de l&#8217;\u00c9tat et de l\u2019administration.<\/span><\/p>\n<p><span style=\"color: #000000;\">Cela \u00e9tant dit, un gouvernement \u00e9lu avec 37% des suffrages a tendance \u00e0 tout faire pour augmenter sa cote de popularit\u00e9. <\/span><br \/>\n<span style=\"color: #000000;\">&#8211; Est-ce possible et judicieux en temps de crise ? <\/span><br \/>\n<span style=\"color: #000000;\">Peut-on renvoyer les mesures impopulaires aux calendes grecques ? <\/span><br \/>\n<span style=\"color: #000000;\">&#8211; Peut-on \u00e9ternellement puiser dans les r\u00e9serves et s\u2019endetter au-del\u00e0 de nos capacit\u00e9s pour susciter un <em>feel-good factor<\/em> artificiel ?<\/span><\/p>\n<p><span style=\"color: #000000;\">Un gouvernement d\u2019unit\u00e9 nationale mettrait en suspens les divergences, trop souvent personnelles et futiles, afin de se concentrer sur l\u2019objectif prioritaire de sortir le pays de cettemauvaise passe r\u00e9sultant- en grande partie- d\u2019impr\u00e9vus.<\/span><\/p>\n<p><span style=\"color: #000000;\">Certains avancent qu\u2019un tel gouvernement serait un pas de plus vers la r\u00e9pression et \u00e9quivaudrait \u00e0 un ch\u00e8que en blanc pour la mauvaise gouvernance. Cependant il pourrait tout aussi bien susciter des <em>checks and balances<\/em> \u00e0 l\u2019int\u00e9rieur m\u00eame du gouvernement. D\u2019autres avancent que ce serait essentiellement un gouvernement de \u2018dinosaures\u2019. Mais, au c\u0153ur de la temp\u00eate, peut-on faire appel \u00e0 des novices pour diriger la barque ?<\/span><\/p>\n<p><span style=\"color: #000000;\">En outre, le vide dans l\u2019opposition faciliterait l\u2019\u00e9mergence d\u2019une nouvelle force, avec de nouvelles id\u00e9es et un nouveau personnel politique comme cela a \u00e9t\u00e9 le cas avec le MMM sous le gouvernement de coalition men\u00e9 par Sir Seewoosagur Ramgoolam et Sir Ga\u00ebtan Duval.<\/span><\/p>\n<p><span style=\"color: #000000;\">Toutefois, si l\u2019on se r\u00e9f\u00e8re aux derni\u00e8res d\u00e9clarations de divers responsables de l\u2019opposition, et de certains dirigeants de l\u2019alliance gouvernementale, cette id\u00e9e est irr\u00e9alisable. D\u2019ailleurs, avec les personnalit\u00e9s en jeu, connues pour leur ego surdimensionn\u00e9, on risque de se retrouver avec un gouvernement min\u00e9 par des tiraillements, ce qui saperait la coh\u00e9sion de l\u2019action gouvernementale.<\/span><\/p>\n<p><span style=\"color: #000000;\"><strong>* Certains opposants de l&#8217;actuel gouvernement estiment toutefois que d\u00e9barrasser le pays du r\u00e9gime des Jugnauthdevrait demeurer la principale priorit\u00e9 de l&#8217;Opposition. Il n&#8217;est pas \u00e9vident \u00e0 ce stade si l&#8217;\u00e9lectorat, une majorit\u00e9 du moins, va suivre l&#8217;Opposition sur ce plan-l\u00e0. Qu&#8217;en pensez-vous?<\/strong><\/span><\/p>\n<p><span style=\"color: #000000;\">L\u2019opposition &#8211; malheureusement &#8211; donne l\u2019impression de continuer \u00e0 personnaliser tout le d\u00e9bat politique, que ce soit dans ses rapports avec le gouvernement ou entre ses diverses composantes, donnant ainsi l\u2019impression aujourd\u2019hui que toute sa politique et son programme se r\u00e9sument \u00e0\u00a0: \u2018\u00d4te-toi que je m\u2019y mette.\u2019<\/span><\/p>\n<p><span style=\"color: #000000;\">La grande question devrait \u00eatre \u2018remplacer PravindJugnauth non seulement par qui mais pour faire quoi ?\u2019Jusqu\u2019ici elle n\u2019a pas fourni de r\u00e9ponses claires \u00e0 cette interrogation.<\/span><\/p>\n<p><span style=\"color: #000000;\"><strong>* Les Travaillistes vont se r\u00e9unir au seinde leur Bureau politique demain pour prendre une d\u00e9cision concernant un \u00e9ventuel arrangement avec l\u2019Entente de l\u2019Espoir. D\u00e9j\u00e0 les choses ne sont pas au beau fixe avec la sortie de NandoBodha contre les Travaillistes. N\u2019avez-vous pas le sentiment que le leader du PTr va tra\u00eener les pieds avec qu\u2019il ne se d\u00e9cide ? Et cela, probablement pour de bonnes raisons?<\/strong><\/span><\/p>\n<p><span style=\"color: #000000;\">L\u2019opposition, dans son ensemble, a accept\u00e9 bon gr\u00e9 mal gr\u00e9 que l\u2018opposant direct \u00e0 PravindJugnauth au poste de premier ministre au prochaines \u00e9lections g\u00e9n\u00e9rales, sera issu du Parti travailliste, le plus grand parti de l\u2019opposition en termes \u00e9lectoral.<\/span><\/p>\n<p><span style=\"color: #000000;\">En outre,le Parti Travailliste est moins affect\u00e9 par les d\u00e9fections et autres tentatives de d\u00e9bauchage, sans doute parce que le parti a de grandes perspectives de se retrouver au pouvoir dans un avenir pas tr\u00e8s lointain.<\/span><\/p>\n<p><span style=\"color: #000000;\">Et le parti travailliste a plusieurs options d\u2019alliances. On sait que des int\u00e9r\u00eats \u0153uvrent pour un rapprochement du PTr avec le MSM.<\/span><\/p>\n<p><span style=\"color: #000000;\">Reste le fait qu\u2019il y a une forte possibilit\u00e9 que les \u00e9lections municipales soient organis\u00e9es cette ann\u00e9e-ci. Toute fragmentation de l\u2019opposition ne pourrait que profiter au r\u00e9gime actuel. La solution serait un arrangement uniquement pour les municipales bien que le MMM insiste que &#8216;<em>nothingisagreeduntileverythingisagreed&#8217;<\/em>.<\/span><\/p>\n<p><span style=\"color: #000000;\"><strong>* Il y a le risque toutefois que plus \u00e7a tarde, plus cela pourrait pousser Paul B\u00e9renger \u00e0 envisager ce qui pourrait paraitre inimaginable pr\u00e9sentement,cela pour assurer la survie de son parti, qui est d\u00e9j\u00e0 absentdes r\u00e9gions rurales et dont le poids \u00e9lectoral, m\u00eame dans des r\u00e9gions urbaines, ne p\u00e8se pas tr\u00e8s lourd au regard du d\u00e9senchantement desmilitants. Voyez-vous des signes annonciateurs d\u2019une telle \u00e9ventualit\u00e9 ?<\/strong><\/span><\/p>\n<p><span style=\"color: #000000;\">La r\u00e9ponse d\u2019Ajay Gunness \u00e0 l\u2019id\u00e9e d\u2019un gouvernement d\u2019unit\u00e9 nationale peut donner la perception que tout s\u00e9pare le MMM du r\u00e9gime actuel. Mais, en politique, tout est possible.<\/span><\/p>\n<p><span style=\"color: #000000;\">Cependant le rapport des forces est nettementen d\u00e9faveur du MMM qui ne s\u2019est point consolid\u00e9 depuis sa d\u00e9faite aux derni\u00e8res \u00e9lections g\u00e9n\u00e9rales tant au niveau de sa base \u00e9lectorale qu\u2019au niveau de l\u2019appareil du parti. Avec le MSM peut-il s\u2019attendre \u00e0 un <em>fair deal<\/em> plus qu\u2019\u00e0 un <em>bad deal<\/em> ?<\/span><\/p>\n<p><span style=\"color: #000000;\"><strong>* Le MSM mise sur la fragmentation des forces de l\u2019Opposition, ce qui risque de se produire avec la venue de nouvelles formations politiques, dont la derni\u00e8re c&#8217;est &#8216;LinionLepepMorisien&#8217;. Beaucoup d&#8217;eau va sans doute couler sous les ponts jusqu&#8217;aux prochaines \u00e9lections. Mais voyez-vous l\u2019\u00e9conomie comme le facteur d\u00e9terminant en fin de compte ?<\/strong><\/span><\/p>\n<p><span style=\"color: #000000;\">Divers sondages ont d\u00e9montr\u00e9 que le noyau dur des partis traditionnels s\u2019est consid\u00e9rablement r\u00e9tr\u00e9ci. Et le personnel politique des partis <em>mainstream<\/em> s\u2019est beaucoup d\u00e9cr\u00e9dibilis\u00e9. En outre, l&#8217;activisme politique et social ne se retrouve plus au sein de ces partis,d\u2019o\u00f9 la cr\u00e9ation de &#8216;LinionLepepMorisien&#8217;, fragmentant davantage l\u2019opposition. On voit mal \u00e9merger un front uni regroupant une opposition aussi disparate.<\/span><\/p>\n<p><span style=\"color: #000000;\">Certes la d\u00e9t\u00e9rioration de la situation \u00e9conomique devrait &#8211; en th\u00e9orie- augmenter le <em>protest vote<\/em> contre le gouvernement, mais le manque d\u2019unit\u00e9 de l\u2019opposition va entra\u00eener non seulement une dispersion de ce vote mais aussi une confusion au niveau du choix, augmentant le nombre des abstentionnistes. Cela devrait profiter grandement \u00e0 PravindJugnauth et son \u00e9quipe, eu \u00e9gard aux moyens dont ils disposent pour mobiliser leurs partisans.<\/span><\/p>\n<hr \/>\n<p><span style=\"color: #008000;\"><del><\/del>Mauritius Times ePaper Friday 8 April 2022<\/span><\/p>\n","protected":false},"excerpt":{"rendered":"<p>Interview: Jocelyn Chan Low, Historien<\/p>\n","protected":false},"author":1,"featured_media":25146,"comment_status":"open","ping_status":"open","sticky":false,"template":"","format":"standard","meta":{"jetpack_post_was_ever_published":false,"_jetpack_newsletter_access":"","_jetpack_dont_email_post_to_subs":false,"_jetpack_newsletter_tier_id":0,"_jetpack_memberships_contains_paywalled_content":false,"_jetpack_memberships_contains_paid_content":false,"footnotes":"","jetpack_publicize_message":"","jetpack_publicize_feature_enabled":true,"jetpack_social_post_already_shared":true,"jetpack_social_options":{"image_generator_settings":{"template":"highway","default_image_id":0,"font":"","enabled":false},"version":2}},"categories":[32,6],"tags":[32445,32438,4470,32439,32442,32434,7332,16886,915,32453,32449,3722,22005,32440,32447,31847,10468,22166,32429,32444,32446,5717,10363,32428,32435,12849,32437,32433,32450,32443,32430,24443,32451,32454,4526,36,814,4676,32452,32432,11298,8346,32394,1828,4511,49,27237,11687,28361,380,62,32431,31567,32441,32436,32448],"class_list":["post-34409","post","type-post","status-publish","format-standard","has-post-thumbnail","hentry","category-interviews","category-latest-news","tag-the-new-world-order","tag-eurasianisme","tag-ajay-gunness","tag-aleksandr-dugin","tag-americains-de-kaboul","tag-arthur-ponsonby","tag-banque-centrale","tag-belt-and-road-initiative","tag-brics","tag-bureau-politique","tag-cachemire","tag-clausewitz","tag-covid-19","tag-cyrille-de-leglise","tag-deuxieme-guerre-mondiale","tag-donbass","tag-economie-mondiale","tag-etats-unis","tag-georges-kennan","tag-georges-w-bush","tag-graham-allison","tag-hitler","tag-imran-khan","tag-interview-jocelyn-chan-low-historien","tag-jacques-baud","tag-kadhafi","tag-kremlin","tag-lallemagne-nazi","tag-leconomie-mauricienne","tag-leconomist-intelligence-unit","tag-lex-union-sovietique","tag-la-chine","tag-les-travaillistes","tag-linionlepepmorisien","tag-madagascar","tag-mauritius-times","tag-mmm","tag-moyen-orient","tag-nandobodha","tag-napoleon-ier","tag-onu","tag-opposition","tag-otan","tag-pakistan","tag-palestine","tag-paul-berenger","tag-pravindjugnauth","tag-ray-dalio","tag-russie","tag-sir-gaetan-duval","tag-sir-seewoosagur-ramgoolam","tag-tartares","tag-ukraine","tag-urss","tag-vladimir-poutine","tag-wars-by-proxy"],"jetpack_publicize_connections":[],"jetpack_featured_media_url":"https:\/\/i0.wp.com\/www.mauritiustimes.com\/mt\/wp-content\/uploads\/2020\/02\/Jocelyn-Chan-Low.jpg?fit=777%2C425&ssl=1","jetpack_sharing_enabled":true,"jetpack_shortlink":"https:\/\/wp.me\/p8QzSF-8WZ","_links":{"self":[{"href":"https:\/\/www.mauritiustimes.com\/mt\/wp-json\/wp\/v2\/posts\/34409","targetHints":{"allow":["GET"]}}],"collection":[{"href":"https:\/\/www.mauritiustimes.com\/mt\/wp-json\/wp\/v2\/posts"}],"about":[{"href":"https:\/\/www.mauritiustimes.com\/mt\/wp-json\/wp\/v2\/types\/post"}],"author":[{"embeddable":true,"href":"https:\/\/www.mauritiustimes.com\/mt\/wp-json\/wp\/v2\/users\/1"}],"replies":[{"embeddable":true,"href":"https:\/\/www.mauritiustimes.com\/mt\/wp-json\/wp\/v2\/comments?post=34409"}],"version-history":[{"count":0,"href":"https:\/\/www.mauritiustimes.com\/mt\/wp-json\/wp\/v2\/posts\/34409\/revisions"}],"wp:featuredmedia":[{"embeddable":true,"href":"https:\/\/www.mauritiustimes.com\/mt\/wp-json\/wp\/v2\/media\/25146"}],"wp:attachment":[{"href":"https:\/\/www.mauritiustimes.com\/mt\/wp-json\/wp\/v2\/media?parent=34409"}],"wp:term":[{"taxonomy":"category","embeddable":true,"href":"https:\/\/www.mauritiustimes.com\/mt\/wp-json\/wp\/v2\/categories?post=34409"},{"taxonomy":"post_tag","embeddable":true,"href":"https:\/\/www.mauritiustimes.com\/mt\/wp-json\/wp\/v2\/tags?post=34409"}],"curies":[{"name":"wp","href":"https:\/\/api.w.org\/{rel}","templated":true}]}}