{"id":3286,"date":"2014-12-24T06:14:25","date_gmt":"2014-12-24T06:14:25","guid":{"rendered":"http:\/\/mauritiustimes.com\/mt\/2014\/12\/24\/nita-chicooree-mercier-72\/"},"modified":"2018-05-15T22:30:48","modified_gmt":"2018-05-15T18:30:48","slug":"nita-chicooree-mercier-72","status":"publish","type":"post","link":"https:\/\/www.mauritiustimes.com\/mt\/nita-chicooree-mercier-72\/","title":{"rendered":"\u2018Pay\u00e9 Mam\u2019"},"content":{"rendered":"<p class=\"MsoNormal\" style=\"text-align: center;\"><span lang=\"FR\" style=\"font-size: 12.0pt; line-height: 115%; font-family: 'Verdana','sans-serif'; mso-ansi-language: FR;\"><em><span style=\"text-decoration: underline;\">Carnet Hebdo<\/span><\/em><\/span><!--more--><\/p>\n<p class=\"MsoNormal\"><span lang=\"FR\" style=\"font-size: 12.0pt; line-height: 115%; font-family: 'Verdana','sans-serif'; mso-ansi-language: FR;\">Difficile rendez-vous hebdomadaire depuis quelque temps nonobstant le titre m\u00eame de cette rubrique tout simplement par faute de temps lorsque, sans arr\u00eat, des dizaines de choses \u00e0 r\u00e9gler chaque semaine r\u00e9clament du temps et de l&#8217;attention et ne vous laissent point de r\u00e9pit. <\/span><\/p>\n<p class=\"MsoNormal\"><span lang=\"FR\" style=\"font-size: 12.0pt; line-height: 115%; font-family: 'Verdana','sans-serif'; mso-ansi-language: FR;\">Et alors, c&#8217;est en tombant de sommeil devant le clavier qu&#8217;on essaie d&#8217;accoucher sur l&#8217;\u00e9cran, \u00e0 toute vitesse et au dernier moment, quelques lignes qui arrivent tant bien que mal \u00e0 se suivre et \u00e0 cr\u00e9er du sens. Au diable, ces ruminations ! <\/span><\/p>\n<p class=\"MsoNormal\"><span lang=\"FR\" style=\"font-size: 12.0pt; line-height: 115%; font-family: 'Verdana','sans-serif'; mso-ansi-language: FR;\">Coz\u00e9 mam, vous dit-on au t\u00e9l\u00e9phone, pour rigoler. C&#8217;est dire combien le bon peuple est d&#8217;humeur \u00e0 plaisanter ces jours-ci, requinqu\u00e9 par un vent d&#8217;espoir et de changement qui souffle sur le pays, ingurgit\u00e9 comme une boisson tonique qui remet d&#8217;aplomb et \u00e9veille les sens. <\/span><\/p>\n<p class=\"MsoNormal\"><span lang=\"FR\" style=\"font-size: 12.0pt; line-height: 115%; font-family: 'Verdana','sans-serif'; mso-ansi-language: FR;\">Tenez ! Le t\u00e9l\u00e9phone sur \u00e9coute est une de ces \u00e9nigmes \u00e0 \u00e9lucider depuis quelque temps : comment en reconna\u00eetre les signes et que faire dans une telle situation. On conna\u00eet le caract\u00e8re r\u00e9pressif de gouvernance de ceux qui ont pondu des r\u00e9publiques en s\u00e9rie et qui croient dur comme fer qu&#8217;ils ont invent\u00e9 le meilleur syst\u00e8me au monde dans une r\u00e9gion qu&#8217;ils ambitionnent de transformer en une extension de leur projet imp\u00e9rialiste dom-tomien sous couvert d&#8217;une assimilation qui se pr\u00e9tend inclusive, v\u00e9ritable m\u00e9pris pour l&#8217;autonomie des peuples, et non-communautaire sauf pour la communaut\u00e9 de la m\u00e8re castratrice, dite m\u00e9tropolitaine qui prime, domine et \u00e9touffe toute autre pr\u00e9tention identitaire.<\/span><\/p>\n<p class=\"MsoNormal\"><span lang=\"FR\" style=\"font-size: 12.0pt; line-height: 115%; font-family: 'Verdana','sans-serif'; mso-ansi-language: FR;\">Vive la libert\u00e9 du peuple de proposer et de disposer ! Nul besoin d&#8217;une deuxi\u00e8me R\u00e9publique pour renforcer la d\u00e9mocratie et surtout nul besoin du copier-coller venant d&#8217;ailleurs par pur d\u00e9sir aveugle d&#8217;imitation servile. Il serait, d&#8217;abord, plus sage de faire son auto-critique et reconna\u00eetre comment les principes de la d\u00e9mocratie sont bafou\u00e9s alors que les institutions dont nous disposons actuellement permettent d&#8217;en faire bon usage. <\/span><\/p>\n<p class=\"MsoNormal\"><span lang=\"FR\" style=\"font-size: 12.0pt; line-height: 115%; font-family: 'Verdana','sans-serif'; mso-ansi-language: FR;\">Quant \u00e0 la proportionnelle qui permettrait d&#8217;introduire au Parlement les repr\u00e9sentants des petits partis pl\u00e9biscit\u00e9s par le peuple, une r\u00e9forme du syst\u00e8me westminst\u00e9rien, adapt\u00e9 aux r\u00e9alit\u00e9s locales, r\u00e9pondrait \u00e0 nos besoins sans passer par un d\u00e9compte de r\u00e9publiques\u2026 <\/span><\/p>\n<p class=\"MsoNormal\"><span lang=\"FR\" style=\"font-size: 12.0pt; line-height: 115%; font-family: 'Verdana','sans-serif'; mso-ansi-language: FR;\">Soulignons d&#8217;embl\u00e9e qu&#8217;un mod\u00e8le 100% occidental de d\u00e9mocratie et son corollaire, la la\u00efcit\u00e9 \u00e0 la fran\u00e7aise, n&#8217;est ni souhaitable ni possible ici et qu&#8217;on est capable localement, avec l&#8217;intelligence du c\u0153ur et de l&#8217;esprit, de trouver et de faire accepter un mod\u00e8le qui r\u00e9pond \u00e0 nos sensibilit\u00e9s. Ceci \u00e9tant, il serait raisonnable que les nouveaux gouvernants limitent au strict minimum leur pr\u00e9sence aux f\u00eates religieuses, m\u00e9diatis\u00e9es \u00e0 outrance et la manipulation qui en d\u00e9coulerait in\u00e9vitablement, car ils sont \u00e9lus par tout un peuple et qu&#8217;il faut respecter la sensibilit\u00e9 des uns et des autres.<\/span><\/p>\n<p class=\"MsoNormal\"><span lang=\"FR\" style=\"font-size: 12.0pt; line-height: 115%; font-family: 'Verdana','sans-serif'; mso-ansi-language: FR;\">Avant d&#8217;aborder sur papier de grandes r\u00e9formes, on gagnerait \u00e0 op\u00e9rer, pour commencer, un changement profond dans la mentalit\u00e9 de ceux qui ont pour mission de tenir les r\u00eanes du pouvoir politique. Dans un contexte post-colonial o\u00f9 on \u00e9tait, hier, les sujets de sa Majest\u00e9 et, avant-hier, des quasi-serfs d&#8217;une oligarchie toute puissante, il convient de d\u00e9coloniser les esprits des gouvernants et des gouvern\u00e9s.<\/span><\/p>\n<p class=\"MsoNormal\" style=\"text-align: center;\"><span lang=\"FR\" style=\"font-size: 12.0pt; line-height: 115%; font-family: 'Verdana','sans-serif'; mso-ansi-language: FR;\"><strong>\u2018Pay\u00e9 Mam\u2019<\/strong><\/span><\/p>\n<p class=\"MsoNormal\"><span lang=\"FR\" style=\"font-size: 12.0pt; line-height: 115%; font-family: 'Verdana','sans-serif'; mso-ansi-language: FR;\">Ici, on ne peut pas exiger, comme aux Etats-Unis, un retrait de l\u2019Etat et accorder aux patrons un laisser-faire total des projets \u00e9conomiques. De m\u00eame, la posture simpliste qui consiste, comme en France, \u00e0 diaboliser le patronat et \u00e0 \u00e9riger la masse des travailleurs en victimes est \u00e0 \u00e9carter. De nos jours, on n&#8217;est plus patron comme au 19\u00e8me si\u00e8cle. Un chef d&#8217;entreprise prend des risques, s&#8217;\u00e9reinte au travail et passe des nuits blanches aussi. Sauf ici et dans d&#8217;autres anciennes colonies. <\/span><\/p>\n<p class=\"MsoNormal\"><span lang=\"FR\" style=\"font-size: 12.0pt; line-height: 115%; font-family: 'Verdana','sans-serif'; mso-ansi-language: FR;\">Les patrons d&#8217;aujourd&#8217;hui sont les h\u00e9ritiers des richesses g\u00e9n\u00e9r\u00e9es par le travail gratuit des esclaves qu&#8217;il convenait de nourrir suffisamment pour renforcer les muscles afin de faire tourner les machines \u00e0 l&#8217;usine et assurer la r\u00e9colte dans les champs. Ces patrons ont fait perdurer une mentalit\u00e9 coloniale qui regarde les travailleurs de haut (comme une masse informe) et qu&#8217;un maigre salaire suffirait \u00e0 tenir en forme physique pour faire tourner l&#8217;\u00e9conomie. Ils d\u00e9cident de les embaucher et de les licencier au gr\u00e9 des int\u00e9r\u00eats patronaux. <\/span><\/p>\n<p class=\"MsoNormal\"><span lang=\"FR\" style=\"font-size: 12.0pt; line-height: 115%; font-family: 'Verdana','sans-serif'; mso-ansi-language: FR;\">Les plus puissants ont su influencer les lois du travail en leur faveur et museler les revendications des travailleurs par des repr\u00e9sailles anti-d\u00e9mocratiques. Ce qui explique l&#8217;importance de l&#8217;intervention du gouvernement pour promouvoir une justice sociale, et la qualit\u00e9 des gouvernants est justement \u00e9valu\u00e9e par rapport \u00e0 leur capacit\u00e9 de ne pas se laisser intimid\u00e9s par la force des puissants et, de trancher, de juger et de d\u00e9cider en faveur du plus grand nombre.<\/span><\/p>\n<p class=\"MsoNormal\"><span lang=\"EN-GB\" style=\"font-size: 12.0pt; line-height: 115%; font-family: 'Verdana','sans-serif';\">D&#8217;autre part, il serait temps que les dirigeants se d\u00e9fassent d&#8217;une mentalit\u00e9 r\u00e9trograde qui finit par les enfermer dans une tour d&#8217;ivoire o\u00f9 ils s&#8217;enivrent du pouvoir, des privil\u00e8ges et du luxe, en prenant le pays comme leur terrain priv\u00e9, \u00e0 dispenser au gr\u00e9 de leurs caprices et ceux de leurs proches, et de consid\u00e9rer le peuple comme leurs sujets. <\/span><\/p>\n<p class=\"MsoNormal\"><span lang=\"EN-GB\" style=\"font-size: 12.0pt; line-height: 115%; font-family: 'Verdana','sans-serif';\">Cessez le transfert arbitraire des fonctionnaires, enseignants, policiers et bien d&#8217;autres pour r\u00e9pondre \u00e0 votre d\u00e9sir de vengeance et de repr\u00e9sailles anti-d\u00e9mocratiques. Comme l&#8217;a sugg\u00e9r\u00e9 le parti Mouvement pour la Justice Sociale, les fonctionnaires devraient pouvoir se porter candidats aux \u00e9lections et r\u00e9int\u00e9grer leur poste en cas de d\u00e9faite. Il y a toute une s\u00e9rie de mesures \u00e0 prendre pour renforcer la d\u00e9mocratie, c&#8217;est-\u00e0-dire, la participation et le d\u00e9veloppement du peuple sans recourir \u00e0 un changement radical des institutions dont personne n&#8217;en veut. Sab ka saath, sab ka vikash, comme le proclame Modi ji en Inde.<\/span><\/p>\n<p class=\"MsoNormal\"><span lang=\"EN-GB\" style=\"font-size: 12.0pt; line-height: 115%; font-family: 'Verdana','sans-serif';\">Ce qui compte dans l&#8217;imm\u00e9diat, c&#8217;est le rehaussement du niveau de vie de la grande masse des travailleurs, hommes et femmes. Les profits se comptent par millions et, en milliards pour d&#8217;autres, \u00e0 un tel point que le pays est trop petit pour leur compte bancaire et qu&#8217;ils sont oblig\u00e9s d&#8217;investir ailleurs. <\/span><\/p>\n<p class=\"MsoNormal\"><span lang=\"EN-GB\" style=\"font-size: 12.0pt; line-height: 115%; font-family: 'Verdana','sans-serif';\">Le public aspire \u00e0 voir \u00e0 l\u2019\u0153uvre une \u00e9quipe qui a des convictions, qui ne tergiverse pas \u00e0 prendre des d\u00e9cisions avec courage et \u00e0 appliquer de la rigueur dans la gestion des ressources humaines, mat\u00e9rielles et budg\u00e9taires. La d\u00e9mocratisation de l&#8217;\u00e9conomie, c&#8217;est aussi r\u00e9partir les profits et les richesses d&#8217;une mani\u00e8re d\u00e9cente et raisonnable, et de ne pas donner carte blanche \u00e0 un capitalisme d\u00e9brid\u00e9.<\/span><\/p>\n<p class=\"MsoNormal\"><span lang=\"EN-GB\" style=\"font-size: 12.0pt; line-height: 115%; font-family: 'Verdana','sans-serif';\">Il est inadmissible de maintenir des salaires d\u00e9risoires dans certains secteurs, l&#8217;industrie h\u00f4teli\u00e8re (dont on conna\u00eet l&#8217;historique et l&#8217;\u00e9volution), l&#8217;industrie du textile qui pourrait attirer plus de locaux avec un salaire d\u00e9cent, le transport public (o\u00f9 un chauffeur de 50 ans per\u00e7oit Rs 10000 \u00e0 Rs 12000), la qualit\u00e9 des autobus, (pour certains, c\u2019est un amas de ferraille et une v\u00e9ritable pollution sonore), le secteur agricole et bien d&#8217;autres. Qu&#8217;ils d\u00e9boursent et paient !<\/span><\/p>\n<p class=\"MsoNormal\"><span lang=\"EN-GB\" style=\"font-size: 12.0pt; line-height: 115%; font-family: 'Verdana','sans-serif';\">Loin du souci de savoir si la sc\u00e8ne du balcon \u00e0 Venise se jouera en solo, bon pour les ragots au coin de la rue et dans les bureaux o\u00f9 on s&#8217;ennuie, le v\u00e9ritable souci des uns et des autres, c&#8217;est de vivre mieux.<\/span><\/p>\n<p><em>* Published in print edition on 24 December 2014<\/em><\/p>\n","protected":false},"excerpt":{"rendered":"<p>Carnet Hebdo<\/p>\n","protected":false},"author":23,"featured_media":6560,"comment_status":"open","ping_status":"open","sticky":false,"template":"","format":"standard","meta":{"jetpack_post_was_ever_published":false,"_jetpack_newsletter_access":"","_jetpack_dont_email_post_to_subs":false,"_jetpack_newsletter_tier_id":0,"_jetpack_memberships_contains_paywalled_content":false,"_jetpack_memberships_contains_paid_content":false,"footnotes":"","jetpack_publicize_message":"","jetpack_publicize_feature_enabled":true,"jetpack_social_post_already_shared":false,"jetpack_social_options":{"image_generator_settings":{"template":"highway","default_image_id":0,"font":"","enabled":false},"version":2}},"categories":[25],"tags":[8848,9769,170,9768,9770,9771],"class_list":["post-3286","post","type-post","status-publish","format-standard","has-post-thumbnail","hentry","category-politics","tag-carnet-hebdo","tag-coze-mam","tag-nita-chicooree-mercier","tag-paye-mam","tag-sab-ka-saath","tag-sab-ka-vikash"],"jetpack_publicize_connections":[],"jetpack_featured_media_url":"https:\/\/i0.wp.com\/www.mauritiustimes.com\/mt\/wp-content\/uploads\/2016\/12\/MT-Logokk.jpg?fit=1200%2C880&ssl=1","jetpack_sharing_enabled":true,"jetpack_shortlink":"https:\/\/wp.me\/p8QzSF-R0","_links":{"self":[{"href":"https:\/\/www.mauritiustimes.com\/mt\/wp-json\/wp\/v2\/posts\/3286","targetHints":{"allow":["GET"]}}],"collection":[{"href":"https:\/\/www.mauritiustimes.com\/mt\/wp-json\/wp\/v2\/posts"}],"about":[{"href":"https:\/\/www.mauritiustimes.com\/mt\/wp-json\/wp\/v2\/types\/post"}],"author":[{"embeddable":true,"href":"https:\/\/www.mauritiustimes.com\/mt\/wp-json\/wp\/v2\/users\/23"}],"replies":[{"embeddable":true,"href":"https:\/\/www.mauritiustimes.com\/mt\/wp-json\/wp\/v2\/comments?post=3286"}],"version-history":[{"count":0,"href":"https:\/\/www.mauritiustimes.com\/mt\/wp-json\/wp\/v2\/posts\/3286\/revisions"}],"wp:featuredmedia":[{"embeddable":true,"href":"https:\/\/www.mauritiustimes.com\/mt\/wp-json\/wp\/v2\/media\/6560"}],"wp:attachment":[{"href":"https:\/\/www.mauritiustimes.com\/mt\/wp-json\/wp\/v2\/media?parent=3286"}],"wp:term":[{"taxonomy":"category","embeddable":true,"href":"https:\/\/www.mauritiustimes.com\/mt\/wp-json\/wp\/v2\/categories?post=3286"},{"taxonomy":"post_tag","embeddable":true,"href":"https:\/\/www.mauritiustimes.com\/mt\/wp-json\/wp\/v2\/tags?post=3286"}],"curies":[{"name":"wp","href":"https:\/\/api.w.org\/{rel}","templated":true}]}}