{"id":31922,"date":"2021-07-09T07:39:18","date_gmt":"2021-07-09T03:39:18","guid":{"rendered":"http:\/\/www.mauritiustimes.com\/mt\/?p=31922"},"modified":"2021-07-09T07:39:18","modified_gmt":"2021-07-09T03:39:18","slug":"saignements-menstruels-post-vaccination-une-vraie-pharmacovigilance-peut-sauver-des-vies","status":"publish","type":"post","link":"https:\/\/www.mauritiustimes.com\/mt\/saignements-menstruels-post-vaccination-une-vraie-pharmacovigilance-peut-sauver-des-vies\/","title":{"rendered":"Saignements menstruels post-vaccination : Une vraie pharmacovigilance peut sauver des vies"},"content":{"rendered":"<p style=\"text-align: center;\"><span style=\"color: #000000;\"><strong>Des \u00e9tudes montrent que des saignements menstruels anormaux suite \u00e0 la vaccination peuvent mettre en danger la vie des femmes. Pourtant, ils sont banalis\u00e9s par les autorit\u00e9s m\u00e9dicales. Cela d\u00e9montre l\u2019importance d\u2019une pharmacovigilance \u00e0 visage humain, avec un v\u00e9ritable suivi m\u00e9dical des personnes vaccin\u00e9es&#8230; En amont et en aval de la vaccination.<\/strong><\/span><!--more--><\/p>\n<p><span style=\"color: #000080;\"><strong>Par Catherine Boudet<\/strong><\/span><\/p>\n<p><span style=\"color: #000000;\">Les t\u00e9moignages se multiplient\u00a0: des femmes se plaignant de douleurs au ventre, de retards de leurs menstruations et de saignements anormaux suite \u00e0 la vaccination anti-covid. A tel point que la presse s\u2019est fait \u00e9cho de ces cris d\u2019alerte.<\/span><\/p>\n<p><span style=\"color: #000000;\">Pourtant, les autorit\u00e9s sanitaires se sont empress\u00e9es de minimiser le probl\u00e8me. Dans <em>Inside News<\/em> du 28 juin, le Dr Catherine Gaud, \u00e9pid\u00e9miologiste consultante au minist\u00e8re de la Sant\u00e9, confirme que le ph\u00e9nom\u00e8ne a \u00e9t\u00e9 rapport\u00e9, en effet, \u00e0 Maurice <em>\u00ab mais qu\u2019il ne s\u2019agit toutefois pas d\u2019un effet secondaire, d\u00e9crit et connu, du vaccin \u00bb<\/em> (&#8216;Covid-19 et vaccination : perturbation du cycle menstruel \u2013 les pr\u00e9cisions de la Dr Catherine Gaud&#8217;, <em>Inside News<\/em> du 28 juin 2021).<\/span><\/p>\n<p><span style=\"color: #000000;\"><img data-recalc-dims=\"1\" loading=\"lazy\" decoding=\"async\" data-attachment-id=\"31923\" data-permalink=\"https:\/\/www.mauritiustimes.com\/mt\/saignements-menstruels-post-vaccination-une-vraie-pharmacovigilance-peut-sauver-des-vies\/accidents-post-vaccination-pic-s-yimg-com\/\" data-orig-file=\"https:\/\/i0.wp.com\/www.mauritiustimes.com\/mt\/wp-content\/uploads\/2021\/07\/Accidents-post-vaccination.-Pic-s.yimg_.com_.jpg?fit=1200%2C800&amp;ssl=1\" data-orig-size=\"1200,800\" data-comments-opened=\"1\" data-image-meta=\"{&quot;aperture&quot;:&quot;0&quot;,&quot;credit&quot;:&quot;&quot;,&quot;camera&quot;:&quot;&quot;,&quot;caption&quot;:&quot;&quot;,&quot;created_timestamp&quot;:&quot;0&quot;,&quot;copyright&quot;:&quot;&quot;,&quot;focal_length&quot;:&quot;0&quot;,&quot;iso&quot;:&quot;0&quot;,&quot;shutter_speed&quot;:&quot;0&quot;,&quot;title&quot;:&quot;&quot;,&quot;orientation&quot;:&quot;0&quot;}\" data-image-title=\"Accidents post-vaccination. Pic &amp;#8211; s.yimg.com\" data-image-description=\"\" data-image-caption=\"\" data-large-file=\"https:\/\/i0.wp.com\/www.mauritiustimes.com\/mt\/wp-content\/uploads\/2021\/07\/Accidents-post-vaccination.-Pic-s.yimg_.com_.jpg?fit=640%2C427&amp;ssl=1\" class=\"aligncenter size-full wp-image-31923\" src=\"https:\/\/i0.wp.com\/www.mauritiustimes.com\/mt\/wp-content\/uploads\/2021\/07\/Accidents-post-vaccination.-Pic-s.yimg_.com_.jpg?resize=640%2C427&#038;ssl=1\" alt=\"\" width=\"640\" height=\"427\" srcset=\"https:\/\/i0.wp.com\/www.mauritiustimes.com\/mt\/wp-content\/uploads\/2021\/07\/Accidents-post-vaccination.-Pic-s.yimg_.com_.jpg?w=1200&amp;ssl=1 1200w, https:\/\/i0.wp.com\/www.mauritiustimes.com\/mt\/wp-content\/uploads\/2021\/07\/Accidents-post-vaccination.-Pic-s.yimg_.com_.jpg?resize=300%2C200&amp;ssl=1 300w, https:\/\/i0.wp.com\/www.mauritiustimes.com\/mt\/wp-content\/uploads\/2021\/07\/Accidents-post-vaccination.-Pic-s.yimg_.com_.jpg?resize=1024%2C683&amp;ssl=1 1024w, https:\/\/i0.wp.com\/www.mauritiustimes.com\/mt\/wp-content\/uploads\/2021\/07\/Accidents-post-vaccination.-Pic-s.yimg_.com_.jpg?resize=768%2C512&amp;ssl=1 768w\" sizes=\"auto, (max-width: 640px) 100vw, 640px\" \/><\/span><span style=\"color: #ff6600;\">Accidents post-vaccination. Pic &#8211; s.yimg.com<\/span><\/p>\n<p><span style=\"color: #000000;\">Dans <em>l\u2019express<\/em> du 9 juin, elle allait m\u00eame jusqu\u2019\u00e0 d\u00e9clarer qu\u2019<em>\u00ab \u00e0 l\u2019heure actuelle il est prouv\u00e9 que le vaccin ne fait rien aux femmes qui veulent avoir des enfants \u00bb. Se montrant m\u00eame cat\u00e9gorique sur le fait que, selon elle \u00ab \u00e0 ce jour, aucun vaccin, n\u2019a d\u2019effet particulier sur la fertilit\u00e9, ou l\u2019allaitement, comme voudrait le faire croire les rumeurs et \u2018fake news\u2019 en circulation \u00bb. <\/em>(&#8216;Covid-19 \u2013 vaccins : quels effets sur les r\u00e8gles ?&#8217;, <em>l\u2019express<\/em> du 9 juin 2021.)<\/span><\/p>\n<p><span style=\"color: #000000;\">Pourtant, des publications m\u00e9dicales internationales sp\u00e9cialis\u00e9es tirent la sonnette d\u2019alarme sur les saignements menstruels post-vaccination. En particulier le <em>British Medical Journal<\/em> qui a publi\u00e9 le 18 avril dernier, l\u2019article d\u2019un chercheur en Pharmacie intitul\u00e9 &#8216;Covid-19 post-vaccine menorrhagia, metrorrhagia or postmenopausal bleeding and potential risk of vaccine-induced thrombocytopenia in women&#8217;.<\/span><\/p>\n<p><span style=\"color: #000000;\">Son auteur, Hamid Merchant, de l\u2019universit\u00e9 anglaise de Huddersfield, sp\u00e9cifie que beaucoup de femmes \u00e0 travers le monde se sont plaintes de d\u00e9r\u00e8glements menstruels et m\u00eame d\u2019h\u00e9morragies vaginales apr\u00e8s avoir re\u00e7u un vaccin contre la covid-19. <em>\u00ab Certaines exp\u00e9rimentent des saignements menstruels intenses (m\u00e9norragie), d\u2019autres des saignements avant leurs p\u00e9riodes ou des saignements fr\u00e9quents (m\u00e9trorrhagie\/polym\u00e9norrh\u00e9e), tandis que d\u2019autres encore se sont plaintes de saignements post-m\u00e9nopause \u00bb,<\/em> poursuit l\u2019auteur.<\/span><\/p>\n<p style=\"text-align: center;\"><span style=\"color: #000000;\"><strong>Les saignements ne sont pas anodins<\/strong><\/span><\/p>\n<p><span style=\"color: #000000;\">Hamid Merchant anticipe en outre que le nombre r\u00e9el de femmes touch\u00e9es par ce probl\u00e8me dans le monde pourrait \u00eatre <em>\u00abbien plus \u00e9lev\u00e9 que le nombre de cas rapport\u00e9s dans les syst\u00e8mes de pharmacovigilance, du fait que de nombreuses femmes dans des contextes culturels diff\u00e9rents peuvent se sentir mal \u00e0 l\u2019aise d\u2019en parler \u00bb.<\/em><\/span><\/p>\n<p><span style=\"color: #000000;\">L\u2019auteur souhaite alerter la communaut\u00e9 scientifique sur le fait que ces pertes importantes et inhabituelles de sang menstruel peuvent entra\u00eener d\u2019autres effets secondaires chez les femmes affect\u00e9es : an\u00e9mies s\u00e9v\u00e8res, thrombocytop\u00e9nies (baisse du nombre de plaquettes dans le sang), caillots sanguins et m\u00eame h\u00e9morragies.<\/span><\/p>\n<p><span style=\"color: #000000;\">En outre, ces saignements menstruels anormaux peuvent constituer des signes avant-coureurs de \u00ab thrombocytop\u00e9nie prothrombotique \u00bb chez certaines de ces femmes vaccin\u00e9es, c\u2019est-\u00e0-dire des troubles de la coagulation sanguine qui peuvent occasionner des caillots et avoir des cons\u00e9quences fatales dans certains cas. D\u2019ailleurs, diverses agences m\u00e9dicales notamment l\u2019<em>European Medical Agency<\/em> (EMA) et le minist\u00e8re de la Sant\u00e9 et des Services sociaux du Qu\u00e9bec ont \u00e9mis des avertissements officiels \u00e0 destination des praticiens sur le fait que la vaccination anti-covid peut induire des thrombocytop\u00e9nies prothrombotiques, et ce, pas seulement chez les femmes.<\/span><\/p>\n<p><span style=\"color: #000000;\">En ce qui concerne les troubles menstruels post-vaccination anti-covid-19, ils seraient tr\u00e8s probablement li\u00e9s \u00e0 des ant\u00e9c\u00e9dents m\u00e9dicaux chez les femmes touch\u00e9es, signale Hamid Merchant dans un autre article du 24 mars 2021 dans le <em>Journal of Pharmaceutical Policy and Practice<\/em>, \u00ab Covid vaccines and thrombotic events: EMA issued warning to patients and health care professionals \u00bb. Par ailleurs, le risque d\u2019accidents sanguins post-vaccination serait plus \u00e9lev\u00e9 chez les femmes qui utilisent des contraceptifs oraux.<\/span><\/p>\n<p style=\"text-align: center;\"><span style=\"color: #000000;\"><strong>Une prise en charge rapide peut sauver des vies<\/strong><\/span><\/p>\n<p><span style=\"color: #000000;\">Le chercheur en pharmacie incite les autorit\u00e9s r\u00e9gulatrices et les agences de sant\u00e9 publique \u00e0 ne pas n\u00e9gliger ces incidences, \u00e0 les rapporter et \u00e0 les prendre en charge le plus rapidement possible, car, dit-il, <em>\u00ab une pr\u00e9vention rapide peut contribuer \u00e0 sauver des vies \u00bb.<\/em><\/span><\/p>\n<p><span style=\"color: #000000;\">Comparativement, \u00e0 Maurice, le son de cloche \u00e9manant des autorit\u00e9s comp\u00e9tentes est \u00e0 la banalisation. Se voulant rassurante, le Dr Gaud d\u00e9clare dans <em>Inside News<\/em> \u00e0 propos de ces troubles menstruels post-vaccination, que <em>\u00ab cela n\u2019a aucune cons\u00e9quence particuli\u00e8re \u00bb.<\/em><\/span><\/p>\n<p><span style=\"color: #000000;\">Quant au repr\u00e9sentant de l\u2019OMS, le Dr Laurent Musango, interrog\u00e9 par <em>l\u2019express<\/em>, il se borne \u00e0 observer que <em>\u00ab pour l\u2019instant, par rapport \u00e0 nos donn\u00e9es existantes, rien n\u2019est li\u00e9 \u00e0 la menstruation des femmes \u00bb. <\/em>Il donne la garantie que <em>\u00ab si c\u2019est quelque chose qui n\u2019a pas \u00e9t\u00e9 constat\u00e9 dans les essais cliniques, ce sera pris en consid\u00e9ration \u00bb<\/em>. Rien sur la prise en charge de ces femmes, de leurs sympt\u00f4mes, de leurs souffrances et de leurs peurs. La pharmacovigilance de la vaccination anti-covid se r\u00e9sumerait-elle \u00e0 remonter les donn\u00e9es cliniques mauriciennes aux fabricants de vaccins et aux organisations internationales ? Et qu\u2019advient-il de ces femmes souffrantes, cong\u00e9di\u00e9es sans plus de consid\u00e9ration ?<\/span><\/p>\n<p><span style=\"color: #000000;\">Le fait est donc que des sympt\u00f4mes li\u00e9s \u00e0 la vaccination, tels que les troubles menstruels, qui n\u2019avaient pas \u00e9t\u00e9 d\u00e9tect\u00e9s durant les essais cliniques, apparaissent dans la campagne vaccinale. C\u2019est un ph\u00e9nom\u00e8ne g\u00eanant qui vient quelque peu remettre en question le discours officiel de l\u2019OMS qui veut pr\u00e9senter la campagne de vaccination comme une \u00e9quation bienfaits\/risques penchant en faveur des bienfaits. Ce qui n\u2019est toutefois pas une bonne raison pour justifier une politique de l\u2019autruche en mati\u00e8re de suivi des sympt\u00f4mes des vaccin\u00e9s.<\/span><\/p>\n<p style=\"text-align: center;\"><span style=\"color: #000000;\"><strong>Pour une pharmacovigilance \u00e0 visage humain<\/strong><\/span><\/p>\n<p><span style=\"color: #000000;\">Pour l\u2019heure, le principal souci des autorit\u00e9s face aux accidents de vaccination semble \u00eatre d\u2019\u00e9tablir le lien, ou plut\u00f4t l\u2019absence de lien, entre le vaccin et les accidents post-vaccination. Ainsi, dans le cas du jeune sportif qui s\u2019est retrouv\u00e9 partiellement paralys\u00e9 du visage suite \u00e0 sa premi\u00e8re dose de vaccin<em>, \u00ab s\u2019il s\u2019av\u00e8re que c\u2019est \u00e0 cause du vaccin, nous allons communiquer \u00bb<\/em> s\u2019est born\u00e9 \u00e0 r\u00e9pondre le minist\u00e8re de la Sant\u00e9 interrog\u00e9 dans <em>l\u2019express<\/em> du 4 juillet 2021.<\/span><\/p>\n<p><span style=\"color: #000000;\">Le bilan des divers accidents post-vaccination soul\u00e8ve l\u2019importance d\u2019une pharmacovigilance \u00e0 visage humain. Une pharmacovigilance dont la pr\u00e9occupation centrale ne serait pas juste de d\u00e9douaner les autorit\u00e9s et les fabricants par rapport aux effets cliniques, mais aussi d\u2019\u00e9tablir un suivi m\u00e9dical des vaccin\u00e9s, pour leur propre s\u00e9curit\u00e9. On ne peut pas balayer d\u2019un revers de main les effets secondaires chez les personnes vaccin\u00e9es sous le pr\u00e9texte qu\u2019ils sont rares ou qu\u2019ils ne sont pas apparus dans les essais cliniques :<\/span><\/p>\n<p><span style=\"color: #000000;\"><em>\u00ab Les signes pr\u00e9coces d\u2019effets secondaires, m\u00eame rares, d\u00e9tect\u00e9s dans la pharmacovigilance ne doivent pas \u00eatre \u00e9cart\u00e9s juste sur la base du fait qu\u2019ils sont rares au regard des statistiques. Au contraire, ils n\u00e9cessitent de proc\u00e9der \u00e0 des investigations scientifiques et des corr\u00e9lations cliniques approfondies afin de pouvoir \u00e9tablir un possible lien de causalit\u00e9 \u00bb,<\/em> mart\u00e8le Hamid Merchant.<\/span><\/p>\n<p><span style=\"color: #000000;\">De toute \u00e9vidence, une pharmacovigilance doit s\u2019exercer en aval pour le suivi des personnes vaccin\u00e9es. Mais elle doit aussi s\u2019effectuer en amont, afin de pr\u00e9venir les risques d\u2019accidents de vaccination. Au lieu de pousser co\u00fbte que co\u00fbte les personnes \u00e0 se faire vacciner pour remplir des quotas, m\u00eame quand elles ont un historique m\u00e9dical \u00e0 risque. Il en va de la sant\u00e9 publique.<\/span><\/p>\n<hr \/>\n<p><span style=\"color: #008080;\">* Published in print edition on 9 July 2021<\/span><\/p>\n","protected":false},"excerpt":{"rendered":"<p>Des \u00e9tudes montrent que des saignements menstruels anormaux suite \u00e0 la vaccination peuvent mettre en danger la vie des femmes. Pourtant, ils sont banalis\u00e9s par les autorit\u00e9s m\u00e9dicales. Cela d\u00e9montre l\u2019importance d\u2019une pharmacovigilance \u00e0 visage humain, avec un v\u00e9ritable suivi m\u00e9dical des personnes vaccin\u00e9es&#8230; En amont et en aval de la vaccination.<\/p>\n","protected":false},"author":70,"featured_media":31923,"comment_status":"open","ping_status":"open","sticky":false,"template":"","format":"standard","meta":{"jetpack_post_was_ever_published":false,"_jetpack_newsletter_access":"","_jetpack_dont_email_post_to_subs":false,"_jetpack_newsletter_tier_id":0,"_jetpack_memberships_contains_paywalled_content":false,"_jetpack_memberships_contains_paid_content":false,"footnotes":"","jetpack_publicize_message":"","jetpack_publicize_feature_enabled":true,"jetpack_social_post_already_shared":true,"jetpack_social_options":{"image_generator_settings":{"template":"highway","default_image_id":0,"font":"","enabled":false},"version":2}},"categories":[3360],"tags":[29153,13575,674,29154,29158,29156,29155,29157,4787,5233,29159,29083,29151,29150,29152],"class_list":["post-31922","post","type-post","status-publish","format-standard","has-post-thumbnail","hentry","category-public-health","tag-anti-covid","tag-british-medical-journal","tag-catherine-boudet","tag-dr-catherine-gaud","tag-dr-laurent-musango","tag-european-medical-agency","tag-hamid-merchant","tag-journal-of-pharmaceutical-policy-and-practice","tag-maurice","tag-ministere-de-la-sante","tag-oms","tag-pharmacovigilance","tag-post-vaccination","tag-saignements-menstruels","tag-vraie-pharmacovigilance"],"jetpack_publicize_connections":[],"jetpack_featured_media_url":"https:\/\/i0.wp.com\/www.mauritiustimes.com\/mt\/wp-content\/uploads\/2021\/07\/Accidents-post-vaccination.-Pic-s.yimg_.com_.jpg?fit=1200%2C800&ssl=1","jetpack_sharing_enabled":true,"jetpack_shortlink":"https:\/\/wp.me\/p8QzSF-8iS","_links":{"self":[{"href":"https:\/\/www.mauritiustimes.com\/mt\/wp-json\/wp\/v2\/posts\/31922","targetHints":{"allow":["GET"]}}],"collection":[{"href":"https:\/\/www.mauritiustimes.com\/mt\/wp-json\/wp\/v2\/posts"}],"about":[{"href":"https:\/\/www.mauritiustimes.com\/mt\/wp-json\/wp\/v2\/types\/post"}],"author":[{"embeddable":true,"href":"https:\/\/www.mauritiustimes.com\/mt\/wp-json\/wp\/v2\/users\/70"}],"replies":[{"embeddable":true,"href":"https:\/\/www.mauritiustimes.com\/mt\/wp-json\/wp\/v2\/comments?post=31922"}],"version-history":[{"count":0,"href":"https:\/\/www.mauritiustimes.com\/mt\/wp-json\/wp\/v2\/posts\/31922\/revisions"}],"wp:featuredmedia":[{"embeddable":true,"href":"https:\/\/www.mauritiustimes.com\/mt\/wp-json\/wp\/v2\/media\/31923"}],"wp:attachment":[{"href":"https:\/\/www.mauritiustimes.com\/mt\/wp-json\/wp\/v2\/media?parent=31922"}],"wp:term":[{"taxonomy":"category","embeddable":true,"href":"https:\/\/www.mauritiustimes.com\/mt\/wp-json\/wp\/v2\/categories?post=31922"},{"taxonomy":"post_tag","embeddable":true,"href":"https:\/\/www.mauritiustimes.com\/mt\/wp-json\/wp\/v2\/tags?post=31922"}],"curies":[{"name":"wp","href":"https:\/\/api.w.org\/{rel}","templated":true}]}}