{"id":3102,"date":"2014-09-26T08:13:40","date_gmt":"2014-09-26T08:13:40","guid":{"rendered":"http:\/\/mauritiustimes.com\/mt\/2014\/09\/26\/rajiv-servansingh-37\/"},"modified":"2018-06-13T22:06:14","modified_gmt":"2018-06-13T18:06:14","slug":"rajiv-servansingh-37","status":"publish","type":"post","link":"https:\/\/www.mauritiustimes.com\/mt\/rajiv-servansingh-37\/","title":{"rendered":"Refl\u00e9xions (Im)Pertinentes"},"content":{"rendered":"<p class=\"MsoNormal\" style=\"text-align: center;\"><span style=\"text-decoration: underline;\"><span lang=\"EN-GB\" style=\"font-family: Verdana; color: black;\">Alliances et Enjeux Politiques et Economiques<\/span><\/span><!--more--><\/p>\n<p class=\"MsoNormal\"><span style=\"line-height: 1.3em; color: black; font-family: Verdana;\">Avec ou sans la dissolution du Parlement durant la premi\u00e8re semaine d\u2019octobre, il est maintenant \u00e9vident que nous sommes d\u00e9j\u00e0 engag\u00e9s dans une campagne \u00e9lectorale qui va s\u2019av\u00e9rer vitale pour l\u2019avenir du pays. M\u00eame si toute \u00e9lection g\u00e9n\u00e9rale est un tournant, <\/span>celle<span style=\"line-height: 1.3em; color: black; font-family: Verdana;\"> \u00e0 venir est d\u2019autant plus cruciale qu\u2019elle vise \u00e0 faire ent\u00e9riner, par l\u2019\u00e9lectorat, de profonds changements dans le syst\u00e8me de gouvernance de notre pays. <\/span><\/p>\n<p class=\"MsoNormal\"><span lang=\"EN-GB\" style=\"font-family: Verdana; color: black;\">Vu les enjeux, on peut s\u2019attendre \u00e0 ce que Navin Ramgoolam adopte une approche qui fasse une place importante aux explications, surtout par rapport \u00e0 son \u00e9lectorat traditionnel et les cons\u00e9quences des r\u00e9formes \u00e9lectorales et constitutionnelles propos\u00e9es dans le document qui a \u00e9t\u00e9 paraph\u00e9 samedi dernier par les deux partenaires de la nouvelle Alliance.<\/span><\/p>\n<p class=\"MsoNormal\"><span lang=\"EN-GB\" style=\"font-family: Verdana; color: black;\">Depuis les \u00e9lections de 1967 qui s\u2019\u00e9taient effectivement transform\u00e9es en \u00ab r\u00e9f\u00e9rendum \u00bb pour ou contre l\u2019ind\u00e9pendance du pays, l\u2019on n\u2019aura pas v\u00e9cu une \u00e9lection qui rev\u00eat une importance \u00e9gale \u00e0 celle \u00e0 venir. Il y a, en effet, deux enjeux vitaux pour l\u2019avenir du pays qui seront en ballottage lors de ces \u00e9lections. <\/span><\/p>\n<p class=\"MsoNormal\"><span lang=\"EN-GB\" style=\"font-family: Verdana; color: black;\">Il y a d\u2019abord la question des changements structurels et constitutionnels et ensuite la mise en place d\u2019une nouvelle combinaison in\u00e9dite (PTr-MMM) depuis 1995. Il incombera \u00e0 cette derni\u00e8re la t\u00e2che de d\u00e9finir des solutions appropri\u00e9es pour les grands d\u00e9fis \u00e9conomiques auxquels fait face le pays en ce moment. <\/span><\/p>\n<p class=\"MsoNormal\"><span lang=\"EN-GB\" style=\"font-family: Verdana; color: black;\">M\u00eame si les \u00e9lections de 1983, suite \u00e0 la \u00ab cassure \u00bb du gouvernement MMM-PSM, avaient soulev\u00e9 des passions qui en avaient fait une des plus \u00ab violentes \u00bb dans les annales de notre d\u00e9mocratie parlementaire, elles ne sont pas comparables aux prochaines \u00e9lections quant aux cons\u00e9quences que celles-ci vont avoir sur la configuration de l\u2019\u00e9chiquier politique. <\/span><\/p>\n<p class=\"MsoNormal\"><span lang=\"EN-GB\" style=\"font-family: Verdana; color: black;\">Le deuxi\u00e8me enjeu est celui du mod\u00e8le \u00e9conomique qu\u2019adoptera le pays pour assurer un meilleur avenir \u00e0 la population mauricienne dans son ensemble. Selon toute vraisemblance, cette t\u00e2che sera assur\u00e9e par le tandem Berenger-Sithanen en tant que Premier ministre et ministre des Finances respectivement. Le moins que l\u2019on puisse dire est que le pr\u00e9c\u00e9dent passage de Rama Sithanen aux Finances, \u00e9paul\u00e9 par le secr\u00e9taire financier Ali Mansoor, n\u2019a pas fait que des heureux. <\/span><\/p>\n<p class=\"MsoNormal\"><span lang=\"EN-GB\" style=\"font-family: Verdana; color: black;\">Plusieurs mesures adopt\u00e9es par eux avaient \u00e9t\u00e9 vivement contest\u00e9es \u00e0 l\u2019int\u00e9rieur du gouvernement et par une partie de l\u2019\u00e9lectorat du Parti travailliste pour \u00eatre ensuite r\u00e9voqu\u00e9es par le successeur du Grand Argentier. Il n\u2019emp\u00eache que le grand retour annonc\u00e9 de Rama Sithanen est un t\u00e9moignage de la confiance que le Premier ministre lui accorde malgr\u00e9 les d\u00e9boires du pass\u00e9. Tout ceci est en droite ligne avec un leitmotiv de la pr\u00e9sente Alliance qui semble \u00eatre \u00ab Du pass\u00e9, faisons table rase \u00bb car ce qui importe, c\u2019est l\u2019avenir. <\/span><\/p>\n<p class=\"MsoNormal\"><span lang=\"EN-GB\" style=\"font-family: Verdana; color: black;\">Il est vrai que les d\u00e9fis &#8211; qui doivent \u00eatre relev\u00e9s par le nouveau gouvernement qui sera issu des urnes lors des prochaines \u00e9lections &#8211; sont v\u00e9ritablement complexes. La mise en commun des intelligences politiques pour trouver les solutions appropri\u00e9es est donc quelque chose de tr\u00e8s positif. A ce propos, une des questions qui se pose est celle de savoir comment sera g\u00e9r\u00e9e cette situation in\u00e9dite entre le Pr\u00e9sident, le Premier ministre et le ministre des Finances. <\/span><\/p>\n<p class=\"MsoNormal\"><span lang=\"EN-GB\" style=\"font-family: Verdana; color: black;\">Un Pr\u00e9sident, qui sera \u00e9lu au suffrage universel et jouissant d\u2019un certain nombre de pouvoirs, voudra certainement et l\u00e9gitimement influencer l\u2019orientation de la politique \u00e9conomique du pays. A la lumi\u00e8re de ce que nous avons pu percevoir lors des semaines \u00e9coul\u00e9es, le \u00ab chemistry \u00bb au sein de ce triumvirat semble tr\u00e8s bien fonctionner &#8211; ce qui est de tr\u00e8s bonne augure pour l\u2019avenir. L\u2019exp\u00e9rience a d\u00e9montr\u00e9 cependant qu\u2019il serait souhaitable de tirer profit de ces bonnes dispositions afin de d\u00e9finir les r\u00e8gles du jeu et, ainsi, mettre en place une structure formelle pour assurer le bon fonctionnement du processus.<\/span><\/p>\n<p class=\"MsoNormal\"><span lang=\"EN-GB\" style=\"font-family: Verdana; color: black;\">Au-del\u00e0 des hommes qui la composent, une Alliance en politique ou dans tout autre domaine est tout sauf une fusion. Dans ce dernier cas, les parties en pr\u00e9sence sont d\u00e9termin\u00e9es \u00e0 mettre fin \u00e0 tout ce qui les diff\u00e9rencie pour se fondre en une nouvelle structure avec une identit\u00e9 unique. Dans le cas d\u2019une Alliance, les acteurs d\u00e9cident d\u2019un commun accord, tout en gardant leurs identit\u00e9s propres et en pleine conscience de ce qui les diff\u00e9rencie par ailleurs, de r\u00e9unir leurs forces et leurs ressources dans une conjoncture donn\u00e9e, afin d\u2019atteindre un certain nombre d\u2019objectifs clairement d\u00e9finis selon un calendrier d\u00e9termin\u00e9. <\/span><\/p>\n<p class=\"MsoNormal\"><span lang=\"EN-GB\" style=\"font-family: Verdana; color: black;\">C\u2019est pour cette raison que le leader du MMM souhaite que les choses se pr\u00e9cisent au plus t\u00f4t en ce qui concerne le calendrier et les \u00e9ch\u00e9ances telles que la date de la dissolution du Parlement qui mettra en branle une suite programm\u00e9e. L\u2019alliance sera v\u00e9ritablement ent\u00e9rin\u00e9e d\u00e8s lors que ce calendrier sera annonc\u00e9 et que les deux leaders seront \u00e9galement responsables de la marche des \u00e9v\u00e9nements.<\/span><\/p>\n<p class=\"MsoNormal\"><span lang=\"EN-GB\" style=\"font-family: Verdana; color: black;\">Une alliance fonctionne de mani\u00e8re optimale lorsque les parties qui la composent sont compl\u00e9mentaires, les forces des uns aidant \u00e0 mitiger les faiblesses des autres. Dans un cas id\u00e9al, les synergies qui d\u00e9coulent d\u2019un tel exercice sont d\u00e9crites par cette fameuse formule selon laquelle l\u2019ensemble qui en d\u00e9coule repr\u00e9sente plus que la somme des parties qui la composent.<\/span><\/p>\n<p class=\"MsoNormal\"><span lang=\"EN-GB\" style=\"font-family: Verdana; color: black;\">Les leaders du Parti travailliste et du MMM sont d\u00e9finitivement convaincus que tel est le cas et sont donc confiants qu\u2019une victoire se chiffrant \u00e0 60-0 est possible m\u00eame si ceci, selon leurs dires, n\u2019est pas n\u00e9cessairement l\u2019objectif vis\u00e9. Il est \u00e9galement vrai que les synergies dont il est question ici ne coulent pas de source. Encore faut-il d\u00e9ployer les efforts pour convaincre l\u2019\u00e9lectorat de la justesse de la proposition. La nature de la campagne, le manifeste \u00e9lectoral et les messages qui transpireront de ces man\u0153uvres influenceront surtout une frange de l\u2019\u00e9lectorat non partisan qui ferait son choix selon les informations communiqu\u00e9es par ces moyens. <\/span><\/p>\n<p class=\"MsoNormal\"><span lang=\"EN-GB\" style=\"font-family: Verdana; color: black;\">A ce jour, les adversaires de l\u2019Alliance Parti travailliste-MMM n\u2019ont pas annonc\u00e9 la conclusion de leur propre alliance qui est en gestation depuis quelque temps d\u00e9j\u00e0. Faut-il pr\u00e9ciser que la nature de la prochaine joute \u00e9lectorale sera aussi d\u00e9termin\u00e9e par les th\u00e8mes et le style de campagne que celle-ci adoptera.<\/span><\/p>\n<hr \/>\n<p><span style=\"color: #00ffff;\"><em>* Published in print edition on 26 September 2014<\/em><\/span><\/p>\n","protected":false},"excerpt":{"rendered":"<p>Alliances et Enjeux Politiques et Economiques<\/p>\n","protected":false},"author":18,"featured_media":6560,"comment_status":"open","ping_status":"open","sticky":false,"template":"","format":"standard","meta":{"jetpack_post_was_ever_published":false,"_jetpack_newsletter_access":"","_jetpack_dont_email_post_to_subs":false,"_jetpack_newsletter_tier_id":0,"_jetpack_memberships_contains_paywalled_content":false,"_jetpack_memberships_contains_paid_content":false,"footnotes":"","jetpack_publicize_message":"","jetpack_publicize_feature_enabled":true,"jetpack_social_post_already_shared":false,"jetpack_social_options":{"image_generator_settings":{"template":"highway","default_image_id":0,"font":"","enabled":false},"version":2}},"categories":[25],"tags":[10828,4463,5157,50,314,2124,91,144],"class_list":["post-3102","post","type-post","status-publish","format-standard","has-post-thumbnail","hentry","category-politics","tag-alliance-parti-travailliste-mmm","tag-berenger","tag-mmm-psm","tag-navin-ramgoolam","tag-parti-travailliste","tag-ptr-mmm","tag-rajiv-servansingh","tag-rama-sithanen"],"jetpack_publicize_connections":[],"jetpack_featured_media_url":"https:\/\/i0.wp.com\/www.mauritiustimes.com\/mt\/wp-content\/uploads\/2016\/12\/MT-Logokk.jpg?fit=1200%2C880&ssl=1","jetpack_sharing_enabled":true,"jetpack_shortlink":"https:\/\/wp.me\/p8QzSF-O2","_links":{"self":[{"href":"https:\/\/www.mauritiustimes.com\/mt\/wp-json\/wp\/v2\/posts\/3102","targetHints":{"allow":["GET"]}}],"collection":[{"href":"https:\/\/www.mauritiustimes.com\/mt\/wp-json\/wp\/v2\/posts"}],"about":[{"href":"https:\/\/www.mauritiustimes.com\/mt\/wp-json\/wp\/v2\/types\/post"}],"author":[{"embeddable":true,"href":"https:\/\/www.mauritiustimes.com\/mt\/wp-json\/wp\/v2\/users\/18"}],"replies":[{"embeddable":true,"href":"https:\/\/www.mauritiustimes.com\/mt\/wp-json\/wp\/v2\/comments?post=3102"}],"version-history":[{"count":0,"href":"https:\/\/www.mauritiustimes.com\/mt\/wp-json\/wp\/v2\/posts\/3102\/revisions"}],"wp:featuredmedia":[{"embeddable":true,"href":"https:\/\/www.mauritiustimes.com\/mt\/wp-json\/wp\/v2\/media\/6560"}],"wp:attachment":[{"href":"https:\/\/www.mauritiustimes.com\/mt\/wp-json\/wp\/v2\/media?parent=3102"}],"wp:term":[{"taxonomy":"category","embeddable":true,"href":"https:\/\/www.mauritiustimes.com\/mt\/wp-json\/wp\/v2\/categories?post=3102"},{"taxonomy":"post_tag","embeddable":true,"href":"https:\/\/www.mauritiustimes.com\/mt\/wp-json\/wp\/v2\/tags?post=3102"}],"curies":[{"name":"wp","href":"https:\/\/api.w.org\/{rel}","templated":true}]}}