{"id":30544,"date":"2021-03-09T07:57:03","date_gmt":"2021-03-09T03:57:03","guid":{"rendered":"http:\/\/www.mauritiustimes.com\/mt\/?p=30544"},"modified":"2021-03-09T07:57:03","modified_gmt":"2021-03-09T03:57:03","slug":"le-terrible-gachis","status":"publish","type":"post","link":"https:\/\/www.mauritiustimes.com\/mt\/le-terrible-gachis\/","title":{"rendered":"Le Terrible G\u00e2chis"},"content":{"rendered":"<h5 style=\"text-align: center;\"><span style=\"color: #ff0000;\"><u>Analyse<\/u><\/span><!--more--><\/h5>\n<p><span style=\"color: #000080;\"><strong>By Shiva Patten<\/strong><\/span><\/p>\n<p><span style=\"color: #000000;\"><strong>Quelques semaines apr\u00e8s son installation, le deuxi\u00e8me gouvernement Jugnauth allait provoquer une vague de col\u00e8re dans le pays. Nourrie par des all\u00e9gations s\u00e9rieuses de corruption impliquant des milliards et entra\u00eenant la d\u00e9mission du VPM Ivan Collendavelloo, et d\u2019incomp\u00e9tence entourant le d\u00e9sastre <em>Wakashio<\/em>. Un scandale qui a fait descendre dans la rue des dizaines de milliers de citoyens. <\/strong><\/span><\/p>\n<p><span style=\"color: #000000;\"><strong>Et c\u2019est loin d\u2019\u00eatre fini car il y a eu l\u2019assassinat d\u2019un agent MSM qui pourrait impliquer d\u2019autres proches du MSM, une affaire en cour de justice qui d\u00e9fraie la chronique et qui a entra\u00een\u00e9 la d\u00e9mission d\u2019un ministre d\u2019autant plus que ce scandale et bien d\u2019autres ont comme toile de fond la Covid-19. Tout ceci donc laissait pr\u00e9sager un commencement de la fin pour l\u2019actuel r\u00e9gime. Mais c\u2019\u00e9tait sans compter sur la soudaine d\u00e9sunion des forces de l\u2019opposition. <\/strong><\/span><\/p>\n<p><span style=\"color: #000000;\"><img data-recalc-dims=\"1\" loading=\"lazy\" decoding=\"async\" data-attachment-id=\"30549\" data-permalink=\"https:\/\/www.mauritiustimes.com\/mt\/le-terrible-gachis\/entente-ptr-mmm-pmsd-2\/\" data-orig-file=\"https:\/\/i0.wp.com\/www.mauritiustimes.com\/mt\/wp-content\/uploads\/2021\/03\/Entente-PTr-MMM-PMSD-2.jpg?fit=1200%2C510&amp;ssl=1\" data-orig-size=\"1200,510\" data-comments-opened=\"1\" data-image-meta=\"{&quot;aperture&quot;:&quot;0&quot;,&quot;credit&quot;:&quot;&quot;,&quot;camera&quot;:&quot;&quot;,&quot;caption&quot;:&quot;&quot;,&quot;created_timestamp&quot;:&quot;0&quot;,&quot;copyright&quot;:&quot;&quot;,&quot;focal_length&quot;:&quot;0&quot;,&quot;iso&quot;:&quot;0&quot;,&quot;shutter_speed&quot;:&quot;0&quot;,&quot;title&quot;:&quot;&quot;,&quot;orientation&quot;:&quot;0&quot;}\" data-image-title=\"Entente PTr-MMM-PMSD 2\" data-image-description=\"\" data-image-caption=\"\" data-large-file=\"https:\/\/i0.wp.com\/www.mauritiustimes.com\/mt\/wp-content\/uploads\/2021\/03\/Entente-PTr-MMM-PMSD-2.jpg?fit=640%2C272&amp;ssl=1\" class=\"aligncenter size-full wp-image-30549\" src=\"https:\/\/i0.wp.com\/www.mauritiustimes.com\/mt\/wp-content\/uploads\/2021\/03\/Entente-PTr-MMM-PMSD-2.jpg?resize=640%2C272&#038;ssl=1\" alt=\"\" width=\"640\" height=\"272\" srcset=\"https:\/\/i0.wp.com\/www.mauritiustimes.com\/mt\/wp-content\/uploads\/2021\/03\/Entente-PTr-MMM-PMSD-2.jpg?w=1200&amp;ssl=1 1200w, https:\/\/i0.wp.com\/www.mauritiustimes.com\/mt\/wp-content\/uploads\/2021\/03\/Entente-PTr-MMM-PMSD-2.jpg?resize=300%2C128&amp;ssl=1 300w, https:\/\/i0.wp.com\/www.mauritiustimes.com\/mt\/wp-content\/uploads\/2021\/03\/Entente-PTr-MMM-PMSD-2.jpg?resize=1024%2C435&amp;ssl=1 1024w, https:\/\/i0.wp.com\/www.mauritiustimes.com\/mt\/wp-content\/uploads\/2021\/03\/Entente-PTr-MMM-PMSD-2.jpg?resize=768%2C326&amp;ssl=1 768w\" sizes=\"auto, (max-width: 640px) 100vw, 640px\" \/><\/span><\/p>\n<p><span style=\"color: #000000;\">En effet lorsque Paul B\u00e9renger et Xavier Duval faisaient \u00e9clater la bombe li\u00e9e au poste de Premier ministre dans un \u00e9ventuel gouvernement PTr-MMM-PMSD etc., sans doute ils ne mesuraient pas les dommages collat\u00e9raux et autres d\u00e9flagrations que cela allait produire.<\/span><\/p>\n<ol>\n<li><span style=\"color: #000000;\"><strong> L\u2019\u00e9clatement de l\u2019Entente initi\u00e9e par le Leader du PTr<\/strong><\/span><\/li>\n<\/ol>\n<p><span style=\"color: #000000;\">A mon avis, le lancement m\u00eame d\u2019une \u00ab\u00a0Entente\u00a0\u00bb que tout le monde comprend comme Alliance est une mauvaise id\u00e9e.<\/span><\/p>\n<p><span style=\"color: #000000;\">L\u2019argument principal de ce regroupement reposait sur une quasi-certitude que le Gouvernement allait tomber dans les jours qui suivent et qu\u2019il fallait donc s\u2019y pr\u00e9parer. Or une chute \u00e9ventuelle d\u2019un gouvernement passe n\u00e9cessairement, dans notre d\u00e9mocratie westminst\u00e9rienne par la dissolution du Parlement avant terme, dans la pratique sur initiative du PM. Une dissolution \u00e0 quatre ans de la fin de mandat s\u2019est produite une seule fois, en 1983 dans un contexte exceptionnel sans autre issue. Ce qui n\u2019est pas le cas aujourd\u2019hui et la probabilit\u00e9 d\u2019un tel sc\u00e9nario me semble tr\u00e8s mince.<\/span><\/p>\n<p><span style=\"color: #000000;\">L\u2019autre cas de dissolution avant terme, c\u2019\u00e9tait suite \u00e0 une perte de la majorit\u00e9 parlementaire du PM, confirm\u00e9e par le biais d\u2019un vote d\u2019une motion de censure ou par l\u2019anticipation d\u2019une censure (le cas de 1983 selon toute \u00e9vidence). Dans le contexte actuel, je ne vois pas une demi-douzaine d\u2019\u00e9lus de la majorit\u00e9 changer de camp pour voter une motion de censure.<\/span><\/p>\n<p><span style=\"color: #000000;\">Par cons\u00e9quent, miser sur une dissolution du Parlement \u00e0 quatre ans de la fin du mandat me semble os\u00e9. Au fond, les partis d\u2019opposition auraient d\u00fb opter pour le <em>worst-case\u00a0<\/em>scenario, c\u2019est-\u00e0-dire la non-tenue d\u2019\u00e9lections anticip\u00e9es. Et en profiter pour faire leur \u00ab\u00a0autocritique\u00a0\u00bb, se r\u00e9organiser, se \u00ab\u00a0r\u00e9g\u00e9n\u00e9rer\u00a0\u00bb, travailler le terrain <em>at grassroots level<\/em> s\u00e9par\u00e9ment afin de consolider leur base \u00e9lectorale et surtout r\u00e9cup\u00e9rer les <strong>ind\u00e9cis d\u00e9\u00e7us<\/strong> de leur choix de 2019. Ratisser large, fid\u00e9liser autour des th\u00e8mes les plus porteurs\u00a0: la corruption, l\u2019incomp\u00e9tence, l\u2019\u00e9conomie au plus mal, et \u00ab\u00a0laisser le temps au temps\u00a0\u00bb pour d\u2019autres sujets.<\/span><\/p>\n<p><span style=\"color: #000000;\">J\u2019ajoute, par ailleurs, que d\u00e8s lors que la question du <em>prime ministership <\/em>est apparue comme fondamentale aux yeux du MMM et du PMSD, ces derniers auraient d\u00fb la soulever avant leur adh\u00e9sion \u00e0 l\u2019Entente.<\/span><\/p>\n<ol start=\"2\">\n<li><span style=\"color: #000000;\"><strong> L\u2019\u00e9clatement de l\u2019unit\u00e9 des forces d\u2019opposition en vue des municipales<\/strong><\/span><\/li>\n<\/ol>\n<p><span style=\"color: #000000;\">Un front commun des partis d\u2019opposition et des mouvements citoyens aurait, sans doute, remport\u00e9 haut la main les municipales et fragilis\u00e9 davantage le Gouvernement, ce qui aurait ouvert une voie royale \u00e0 leur succ\u00e8s lors des prochaines \u00e9lections g\u00e9n\u00e9rales. Avec la division de l\u2019opposition, une d\u00e9faite totale de l\u2019alliance au pouvoir n\u2019est plus \u00e9vidente. Cette derni\u00e8re peut donc esp\u00e9rer remporter une ou deux villes. La sortie virulente de Pravind Jugnauth contre B\u00e9renger et ses mots doux envers Obeegadoo, Ganoo et Ramano en disent long sur sa strat\u00e9gie \u00e9lectorale\u00a0qui consiste \u00e0 attirer davantage d\u2019\u00e9lecteurs mauves dans son camp.<\/span><\/p>\n<ol start=\"3\">\n<li><span style=\"color: #000000;\"><strong> L\u2019\u00e9clatement de l\u2019opposition parlementaire<\/strong><\/span><\/li>\n<\/ol>\n<p><span style=\"color: #000000;\">Difficile \u00e0 imaginer Arvin Boolell, lui homme de parti et de conviction, s\u2019accrocher au leadership de l\u2019opposition apr\u00e8s le retrait du PTr de l\u2019Entente, avec ou sans les propos maladroits de B\u00e9renger. Il faut dire que ce dernier et Duval ont fait preuve d\u2019un certain amateurisme en n\u2019anticipant pas cette \u00e9ventualit\u00e9. Du coup, cela a g\u00e9n\u00e9r\u00e9 une certaine confusion quant \u00e0 la d\u00e9signation du nouveau leader de l\u2019opposition.<\/span><\/p>\n<p><span style=\"color: #000000;\">Cela dit, Duval leader de l\u2019opposition est un moindre mal car il a encore la sympathie des travaillistes pour avoir \u00ab\u00a0sauv\u00e9 la d\u00e9mocratie\u00a0\u00bb en 2016, lorsqu\u2019il avait fait capoter la \u2018Prosecution Commission Bill\u2019, visant l\u2019ind\u00e9pendance du DPP. Une d\u00e9marche qui visait au fond le d\u00e9roulement des affaires concernant Navin Ramgoolam.<\/span><\/p>\n<p><span style=\"color: #000000;\">Disons que Xavier Duval demeure \u00ab\u00a0acceptable\u00a0\u00bb pour les travaillistes dont certains esp\u00e8rent le retour dans \u00ab\u00a0son camp naturel\u00a0\u00bb. Cela \u00e9tant dit, au niveau de l\u2019opposition parlementaire, renforc\u00e9e par l\u2019arriv\u00e9e de l\u2019ex-ministre Nando Bodha, la situation ne devrait pas changer. La collaboration parlementaire entre les partis d\u2019opposition va continuer \u00e0 fonctionner comme avant.<\/span><\/p>\n<ol start=\"4\">\n<li><span style=\"color: #000000;\"><strong> La confusion chez les organisations citoyennes<\/strong><\/span><\/li>\n<\/ol>\n<p><span style=\"color: #000000;\">L\u2019\u00e9clatement de l\u2019Entente a eu pour cons\u00e9quence l\u2019\u00e9mergence des ambitions politiques de certains leaders citoyens apolitiques. Mais puisqu\u2019ils ne sont pas entre eux sur la m\u00eame longueur d\u2019onde quant \u00e0 leur affinit\u00e9 partisane, on assiste \u00e0 une divergence entre les mouvements citoyens d\u2019o\u00f9 une baisse de leur cr\u00e9dibilit\u00e9 d\u2019autant que certaines positions sont tol\u00e9r\u00e9es lorsqu\u2019elles \u00e9manent de leaders apolitiques mais pas lorsqu\u2019elles sont politiques.<\/span><\/p>\n<p><span style=\"color: #000000;\">Il y aussi ce qui n\u2019est pas n\u00e9gligeable\u00a0: tous ceux, ici et l\u00e0, qui aspirent \u00e0 un \u00ab\u00a0ticket\u00a0\u00bb, r\u00eavant d\u2019\u00eatre les \u00e9lus du peuple mais surtout de toucher le \u00ab\u00a0pitaye\u00a0\u00bb mirobolant et les berlines grand luxe serties d\u2019immatriculation perso, qui vont avec. De quoi faire p\u00e2lir d\u2019envie les haut-dignitaires de la 5<sup>\u00e8me<\/sup> puissance \u00e9conomique mondiale qui continuent, malgr\u00e9 tout, \u00e0 nous verser des milliards, pour payer, entre autres, les frais d\u2019entretien de la nomenklatura de notre \u00eele.<\/span><\/p>\n<p><span style=\"color: #000000;\">Aussi, il va sans dire qu\u2019une \u2018<em>Mahagathbandhan\u2019 \u2013 <\/em>ou<em> \u2018Grande Alliance\u2019 <\/em>des partis dans l\u2019Etat de Bihar, Inde, en pr\u00e9lude des \u00e9lections de 2020 &#8212; \u00e0 la mauricienne avec un nombre important de postulants n\u2019arrange pas les affaires des \u00ab\u00a0roder tickets\u00a0\u00bb. Le temps des premiers tribuns travaillistes o\u00f9 la politique \u00e9tait un sacerdoce est bien r\u00e9volu. On a voulu imiter Singapour, mais on a conserv\u00e9 et d\u00e9velopp\u00e9 la corruption, l\u2019incomp\u00e9tence, etc., comme \u00ab\u00a0valeurs\u00a0\u00bb immuables.<\/span><\/p>\n<ol start=\"5\">\n<li><span style=\"color: #000000;\"><strong> Toute vell\u00e9it\u00e9 de changement au niveau du leadership au PTr \u00e9cras\u00e9e dans l\u2019\u0153uf<\/strong><\/span><\/li>\n<\/ol>\n<p><span style=\"color: #000000;\">La mani\u00e8re brutale, maladroite et inopportune de B\u00e9renger d\u2019exclure le leader du PTr, au demeurant l\u2019initiateur de l\u2019Entente, des premier ministrables a eu pour effet, en blessant la base travailliste, de renforcer le leadership de Navin Ramgoolam au PTr. Certes, ce n\u2019est un secret pour personne qu\u2019outre les observateurs ind\u00e9pendants, un certain nombre de travaillistes &#8212; certains imbus de valeurs travaillistes de longue date &#8212; voient en Navin Ramgoolam un handicap certain. N\u00e9anmoins, cela demeure et doit demeurer un probl\u00e8me interne au PTr, et il incombe \u00e0 ses membres de s\u2019en occuper.<\/span><\/p>\n<p><span style=\"color: #000000;\">A noter que du coup le MSM, qui consid\u00e8re Navin Chandra Ramgoolam (NCR) comme un alli\u00e9 objectif aussi longtemps qu\u2019il reste premier ministrable, a mis de c\u00f4t\u00e9 la hache de guerre\u2026 pour l\u2019instant. C\u2019est ainsi que le servile Showkutally Soodhun a \u00e9t\u00e9 envoy\u00e9 au front pour louanger NCR et lui verser quelques larmes de crocodile. D\u2019autres \u00ab\u00a0haters\u00a0\u00bb de tous bords ont embo\u00eet\u00e9 le pas. Faut pas se faire d\u2019illusion\u00a0: l\u2019artillerie lourde sera pour apr\u00e8s.<\/span><\/p>\n<p><span style=\"color: #000000;\">Cela \u00e9tant, il faut bien pr\u00e9ciser que NCR n\u2019a pas encore d\u00e9clar\u00e9 qu\u2019il sollicitait un quelconque futur <em>prime ministership.<\/em> Il sait donner \u00ab\u00a0le temps au temps\u00a0\u00bb, lui. Ce que j\u2019ai retenu \u00e9galement, c\u2019est qu\u2019il dit avoir la ferme intention de s\u2019atteler \u00e0 la r\u00e9novation du PTr et, par ailleurs, qu\u2019il ne souhaite pas rester \u00ab\u00a0inerte\u00a0\u00bb dans la conduite des affaires du pays, \u00e0 une position qui reste \u00e0 d\u00e9finir.<\/span><\/p>\n<ol start=\"6\">\n<li><span style=\"color: #000000;\"><strong> L\u2019espoir populaire d\u2019un changement profond bris\u00e9<\/strong><\/span><\/li>\n<\/ol>\n<p><span style=\"color: #000000;\">Face \u00e0 la corruption (dont n\u00e9potisme, client\u00e9lisme, \u00ab\u00a0dynastisme\u00a0\u00bb, assassinat, etc.) qui d\u00e9vore le pays et l\u2019incomp\u00e9tence paroxystique dont on commence \u00e0 subir les effets d\u00e9sastreux sur l\u2019\u00e9conomie, le peuple a \u00ab\u00a0march\u00e9\u00a0\u00bb pour dire stop et demander un changement profond. Ce changement dans notre pays d\u00e9mocratique passe, entre autres, par une am\u00e9lioration de notre Constitution. Or, cette am\u00e9lioration n\u00e9cessite une majorit\u00e9 parlementaire renforc\u00e9e, impossible \u00e0 d\u00e9crocher\u00a0; et pire, le risque d\u2019une r\u00e9p\u00e9tition de 2019 est bien l\u00e0, si la fragmentation de l\u2019opposition dans son ensemble perdure jusqu\u2019aux prochaines \u00e9lections g\u00e9n\u00e9rales.<\/span><\/p>\n<p><span style=\"color: #000000;\">En attendant, vivement qu\u2019elle ne se trompe pas d\u2019adversaire et respecte la demande populaire.<\/span><\/p>\n<hr \/>\n<p><span style=\"color: #008080;\">* Published in print edition on 9 March 2021<\/span><\/p>\n","protected":false},"excerpt":{"rendered":"<p>Analyse<\/p>\n","protected":false},"author":386,"featured_media":30548,"comment_status":"open","ping_status":"open","sticky":false,"template":"","format":"standard","meta":{"jetpack_post_was_ever_published":false,"_jetpack_newsletter_access":"","_jetpack_dont_email_post_to_subs":false,"_jetpack_newsletter_tier_id":0,"_jetpack_memberships_contains_paywalled_content":false,"_jetpack_memberships_contains_paid_content":false,"footnotes":"","jetpack_publicize_message":"","jetpack_publicize_feature_enabled":true,"jetpack_social_post_already_shared":true,"jetpack_social_options":{"image_generator_settings":{"template":"highway","default_image_id":0,"font":"","enabled":false},"version":2}},"categories":[6,25],"tags":[387,28100,8398,22005,28099,286,28101,16451,2397,50,5166,49,2058,48,1703,241,15589,1626,26420,40],"class_list":["post-30544","post","type-post","status-publish","format-standard","has-post-thumbnail","hentry","category-latest-news","category-politics","tag-arvin-boolell","tag-assassinat","tag-clientelisme","tag-covid-19","tag-dynastisme","tag-ivan-collendavelloo","tag-lentente-ptr-mmm-pmsd","tag-mahagathbandhan","tag-nando-bodha","tag-navin-ramgoolam","tag-nepotisme","tag-paul-berenger","tag-politics","tag-pravind-jugnauth","tag-prime-ministership","tag-prosecution-commission-bill","tag-shiva-patten","tag-showkutally-soodhun","tag-wakashio","tag-xavier-duval"],"jetpack_publicize_connections":[],"jetpack_featured_media_url":"https:\/\/i0.wp.com\/www.mauritiustimes.com\/mt\/wp-content\/uploads\/2021\/03\/Leader-9-Mars.jpg?fit=1200%2C675&ssl=1","jetpack_sharing_enabled":true,"jetpack_shortlink":"https:\/\/wp.me\/p8QzSF-7WE","_links":{"self":[{"href":"https:\/\/www.mauritiustimes.com\/mt\/wp-json\/wp\/v2\/posts\/30544","targetHints":{"allow":["GET"]}}],"collection":[{"href":"https:\/\/www.mauritiustimes.com\/mt\/wp-json\/wp\/v2\/posts"}],"about":[{"href":"https:\/\/www.mauritiustimes.com\/mt\/wp-json\/wp\/v2\/types\/post"}],"author":[{"embeddable":true,"href":"https:\/\/www.mauritiustimes.com\/mt\/wp-json\/wp\/v2\/users\/386"}],"replies":[{"embeddable":true,"href":"https:\/\/www.mauritiustimes.com\/mt\/wp-json\/wp\/v2\/comments?post=30544"}],"version-history":[{"count":0,"href":"https:\/\/www.mauritiustimes.com\/mt\/wp-json\/wp\/v2\/posts\/30544\/revisions"}],"wp:featuredmedia":[{"embeddable":true,"href":"https:\/\/www.mauritiustimes.com\/mt\/wp-json\/wp\/v2\/media\/30548"}],"wp:attachment":[{"href":"https:\/\/www.mauritiustimes.com\/mt\/wp-json\/wp\/v2\/media?parent=30544"}],"wp:term":[{"taxonomy":"category","embeddable":true,"href":"https:\/\/www.mauritiustimes.com\/mt\/wp-json\/wp\/v2\/categories?post=30544"},{"taxonomy":"post_tag","embeddable":true,"href":"https:\/\/www.mauritiustimes.com\/mt\/wp-json\/wp\/v2\/tags?post=30544"}],"curies":[{"name":"wp","href":"https:\/\/api.w.org\/{rel}","templated":true}]}}