{"id":29028,"date":"2020-10-23T06:59:39","date_gmt":"2020-10-23T02:59:39","guid":{"rendered":"http:\/\/www.mauritiustimes.com\/mt\/?p=29028"},"modified":"2020-10-23T06:59:39","modified_gmt":"2020-10-23T02:59:39","slug":"la-philosophie-economique-du-gouvernement-cest-de-taxer-depenser-devaluer-et-creer-de-la-monnaie","status":"publish","type":"post","link":"https:\/\/www.mauritiustimes.com\/mt\/la-philosophie-economique-du-gouvernement-cest-de-taxer-depenser-devaluer-et-creer-de-la-monnaie\/","title":{"rendered":"\u00ab La philosophie \u00e9conomique du Gouvernement, c\u2019est de taxer, d\u00e9penser, d\u00e9valuer et cr\u00e9er de la monnaie \u00bb"},"content":{"rendered":"<h5 style=\"text-align: center;\"><span style=\"color: #000000;\"><span style=\"color: #ff0000;\"><u>Interview\u00a0: Eric Ng Ping Cheun, directeur de PluriConseil<\/u><\/span><\/span><\/h5>\n<h5 style=\"text-align: center;\"><span style=\"color: #000000;\"><span style=\"color: #ff0000;\"><u><img data-recalc-dims=\"1\" loading=\"lazy\" decoding=\"async\" data-attachment-id=\"29029\" data-permalink=\"https:\/\/www.mauritiustimes.com\/mt\/la-philosophie-economique-du-gouvernement-cest-de-taxer-depenser-devaluer-et-creer-de-la-monnaie\/eric-ng-ping-cheun-2-2\/\" data-orig-file=\"https:\/\/i0.wp.com\/www.mauritiustimes.com\/mt\/wp-content\/uploads\/2020\/10\/Eric-Ng-Ping-Cheun-2.jpg?fit=600%2C400&amp;ssl=1\" data-orig-size=\"600,400\" data-comments-opened=\"1\" data-image-meta=\"{&quot;aperture&quot;:&quot;0&quot;,&quot;credit&quot;:&quot;&quot;,&quot;camera&quot;:&quot;&quot;,&quot;caption&quot;:&quot;&quot;,&quot;created_timestamp&quot;:&quot;0&quot;,&quot;copyright&quot;:&quot;&quot;,&quot;focal_length&quot;:&quot;0&quot;,&quot;iso&quot;:&quot;0&quot;,&quot;shutter_speed&quot;:&quot;0&quot;,&quot;title&quot;:&quot;&quot;,&quot;orientation&quot;:&quot;0&quot;}\" data-image-title=\"Eric Ng Ping Cheun 2\" data-image-description=\"\" data-image-caption=\"\" data-large-file=\"https:\/\/i0.wp.com\/www.mauritiustimes.com\/mt\/wp-content\/uploads\/2020\/10\/Eric-Ng-Ping-Cheun-2.jpg?fit=600%2C400&amp;ssl=1\" class=\"aligncenter size-full wp-image-29029\" src=\"https:\/\/i0.wp.com\/www.mauritiustimes.com\/mt\/wp-content\/uploads\/2020\/10\/Eric-Ng-Ping-Cheun-2.jpg?resize=600%2C400&#038;ssl=1\" alt=\"\" width=\"600\" height=\"400\" srcset=\"https:\/\/i0.wp.com\/www.mauritiustimes.com\/mt\/wp-content\/uploads\/2020\/10\/Eric-Ng-Ping-Cheun-2.jpg?w=600&amp;ssl=1 600w, https:\/\/i0.wp.com\/www.mauritiustimes.com\/mt\/wp-content\/uploads\/2020\/10\/Eric-Ng-Ping-Cheun-2.jpg?resize=300%2C200&amp;ssl=1 300w\" sizes=\"auto, (max-width: 600px) 100vw, 600px\" \/><\/u><\/span><!--more--><\/span><\/h5>\n<h3><span style=\"color: #800000;\">* \u2018Il n\u2019est pas difficile aux grands groupes \u00e9conomiques de faire peur \u00e0 un ministre des Finances inexp\u00e9riment\u00e9 et \u00e0 un Premier ministre politiquement affaibli\u2019<\/span><\/h3>\n<h3><span style=\"color: #800000;\">* \u2018L\u2019Etat doit veiller \u00e0 ce que les march\u00e9s soient concurrentiels, que les conditions du march\u00e9 soient \u00e9gales pour tous\u2019<\/span><\/h3>\n<p>&nbsp;<\/p>\n<hr \/>\n<p><span style=\"color: #000000;\"><strong>Alors que les probl\u00e8mes \u00e9conomiques associ\u00e9s \u00e0 la pand\u00e9mie mondiale augmentent mois apr\u00e8s mois, le secteur priv\u00e9 mauricien conserve sa lourdeur d&#8217;esprit habituelle et s\u2019accroche au Gouvernement pour traverser la crise en douceur. Quant \u00e0 la population, comme ailleurs dans le monde, elle se tourne vers les \u00e9lus pour am\u00e9liorer son niveau de bien-\u00eatre et elle marche dans les rues pour faire entendre ses revendications. La tension augmente car les man\u0153uvres du Gouvernement sont faibles : elles sont centr\u00e9es sur les prochaines \u00e9lections, et non pas sur les r\u00e9alit\u00e9s \u00e9conomiques mondiales. L\u2019avenir para\u00eet sombre et inqui\u00e9tant. Eric Ng Ping Cheun nous en parle avec des arguments \u00e0 l\u2019appui.<\/strong><\/span><\/p>\n<hr \/>\n<p><span style=\"color: #800000;\"><strong>Mauritius Times\u00a0: N\u2019est-ce pas trop t\u00f4t de parler de reprise de l\u2019\u00e9conomie post-Covid en se basant sur une augmentation de la vente des automobiles et des transactions bancaires ou m\u00eame du niveau des recettes fiscales, comme l\u2019a fait r\u00e9cemment le ministre des Finances ?<\/strong><\/span><\/p>\n<p><span style=\"color: #000000;\"><span style=\"color: #800000;\"><strong>EricNg Ping Cheun\u00a0:<\/strong><\/span> Effectivement, je ne vois aucun signe de reprise de l\u2019\u00e9conomie \u00e0 ce stade. Le ministre des Finances s\u2019est essay\u00e9 \u00e0 un exercice de relations publiques, mais il a lamentablement \u00e9chou\u00e9, d\u2019autant plus qu\u2019il n\u2019est pas dans son r\u00f4le. De plus, il s\u2019est contredit en affirmant dans la m\u00eame foul\u00e9e que 2020 conna\u00eetra une contraction \u00e9conomique. Comment peut-il y avoir de reprise \u00e9conomique dans une ann\u00e9e de contraction ? Les activit\u00e9s ont repris apr\u00e8s le confinement national, mais les op\u00e9rateurs ont moins de commandes qu\u2019avant l\u2019\u00e9clatement de la Covid-19.<\/span><\/p>\n<p><span style=\"color: #000000;\">Soyons s\u00e9rieux. Notre pays ne produit pas des automobiles, mais il les importe. Or les importations r\u00e9duisent le produit int\u00e9rieur brut (PIB). Cependant, cette soustraction est compens\u00e9e par le fait que la vente du produit import\u00e9 est comptabilis\u00e9e comme consommation. Ce sont seulement les services autour de cette vente qui constituent une valeur ajout\u00e9e \u00e0 l\u2019\u00e9conomie.<\/span><\/p>\n<p><span style=\"color: #000000;\">Les transactions bancaires, elles, augmentent sans doute par leur valeur mon\u00e9taire en raison des injections importantes de la monnaie dans le syst\u00e8me bancaire. Mais la croissance \u00e9conomique se mesure par l\u2019accroissement du volume de production ou de d\u00e9penses. Or, la production nationale s\u2019est contract\u00e9e de 32,5% au deuxi\u00e8me trimestre de 2020, selon Statistics Mauritius.<\/span><\/p>\n<p><span style=\"color: #000000;\">Dans cette m\u00eame p\u00e9riode, la consommation globale a recul\u00e9 de 34,2% en termes r\u00e9els. Si les recettes de la TVA ont augment\u00e9, cela ne serait d\u00fb qu\u2019\u00e0 l\u2019effet de la forte d\u00e9pr\u00e9ciation de la roupie sur les prix des produits import\u00e9s, et non \u00e0 un volume accru de la consommation locale. En tout cas, les recettes fiscales totales en juillet-ao\u00fbt 2020 sont inf\u00e9rieures de Rs 1,4 milliards au montant de juillet-ao\u00fbt 2019. C\u2019est dire que l\u2019\u00e9conomie mauricienne est en d\u00e9croissance.<\/span><\/p>\n<p><span style=\"color: #000000;\"><strong>* Le manque de visibilit\u00e9, l\u2019incertitude quant aux perspectives, les param\u00e8tres macro\u00e9conomiques, la tendance des taux d\u2019int\u00e9r\u00eat : l&#8217;effet combin\u00e9 de tous ces facteurs a fait que beaucoup de nos businessmen ont choisi de se prot\u00e9ger en adoptant une attitude de <em>\u2018wait and see\u2019.<\/em>Ont-ils tort ?<\/strong><\/span><\/p>\n<p><span style=\"color: #000000;\">Les hommes d\u2019affaires n\u2019ont pas tort de se montrer prudents dans la conjoncture actuelle. La situation \u00e9conomique, ici et ailleurs, n\u2019est pas normale, nos march\u00e9s d\u2019exportation peinent \u00e0 se relever, les cha\u00eenes d\u2019approvisionnement sont perturb\u00e9es, nos fronti\u00e8res ne sont que partiellement ouvertes, et les risques d\u2019une seconde vague du coronavirus se pr\u00e9cisent : ce sont l\u00e0 des facteurs r\u00e9els.<\/span><\/p>\n<p><span style=\"color: #000000;\">M\u00eame des taux d\u2019int\u00e9r\u00eat proches de z\u00e9ro pourcent, qui auraient d\u00fb stimuler l\u2019investissement et la consommation, ne peuvent pas compenser ces handicaps structurels. Les politiques mon\u00e9taires accommodantes et les politiques budg\u00e9taires expansionnistes n\u2019y changeront rien. C\u2019est dangereux de continuer \u00e0 relancer l\u2019\u00e9conomie par les d\u00e9ficits publics et la cr\u00e9ation mon\u00e9taire, comme s\u2019obstinent \u00e0 le faire les autorit\u00e9s mauriciennes.<\/span><\/p>\n<p><span style=\"color: #000000;\">Il faut dire que le secteur priv\u00e9 traditionnel est favorable \u00e0 de telles politiques parce qu\u2019elles leur permettent de faire de l\u2019argent sur le dos des contribuables et du pouvoir d\u2019achat du petit peuple. Il n\u2019est pas difficile aux grands groupes \u00e9conomiques de faire peur \u00e0 un ministre des Finances inexp\u00e9riment\u00e9 et \u00e0 un Premier ministre politiquement affaibli pour obtenir ce qu\u2019ils exigent.<\/span><\/p>\n<p><span style=\"color: #000000;\">Je peux comprendre qu\u2019ils veulent prot\u00e9ger leur patrimoine, mais il est inacceptable qu\u2019ils adoptent une attitude de <em>\u00ab wait and see \u00bb<\/em> par rapport \u00e0 leurs propres faiblesses. La crise doit \u00eatre une occasion pour les entreprises priv\u00e9es de revoir leur structure de gouvernance, leur politique de r\u00e9mun\u00e9ration, leur style de gestion, bref leur capacit\u00e9 de leadership.<\/span><\/p>\n<p><span style=\"color: #000000;\"><strong>* Quelles sont vos plus grandes inqui\u00e9tudes pour l\u2019\u00e9conomie mauricienne pr\u00e9sentement malgr\u00e9 tout l\u2019effort et le soutien financier du Gouvernement en vue de relancer la reprise ? Et croyez-vous que la situation va effectivement se d\u00e9t\u00e9riorer dans les mois \u00e0 venir, comme on le dit ?<\/strong><\/span><\/p>\n<p><span style=\"color: #000000;\">Ce qui m\u2019inqui\u00e8te beaucoup, c\u2019est que le Gouvernement ne fait qu\u2019injecter des milliards de roupies dans l\u2019\u00e9conomie et accro\u00eetre son endettement sans r\u00e9gler les probl\u00e8mes fondamentaux de l\u2019\u00e9conomie. Il prend la voie inflationniste de la cr\u00e9ation mon\u00e9taire sans demander des efforts de la part de la population. Il fait donc croire aux gens qu\u2019ils peuvent toujours compter sur l\u2019argent public comme solution. Il aurait d\u00fb profiter de la crise exceptionnelle de la Covid-19 pour insuffler un nouveau dynamisme \u00e0 l\u2019\u00e9conomie mauricienne.<\/span><\/p>\n<p><span style=\"color: #000000;\">Sans des r\u00e9formes structurelles, la situation \u00e9conomique ira de mal en pis.<\/span><\/p>\n<ul>\n<li><span style=\"color: #000000;\">Au lieu d\u2019attaquer le probl\u00e8me de productivit\u00e9 dans la fonction publique, on va recruter plus de 1,700 personnes, ce qui va alourdir la bureaucratie.<\/span><\/li>\n<li><span style=\"color: #000000;\">Au lieu de rendre les services publics et les organismes r\u00e9gulateurs performants, on continue de caser des gens incomp\u00e9tents \u00e0 des postes \u00e0 responsabilit\u00e9.<\/span><\/li>\n<li><span style=\"color: #000000;\">Au lieu de rationaliser la pension de vieillesse, on accro\u00eet les d\u00e9penses de retraite et on rend leur financement plus compliqu\u00e9.<\/span><\/li>\n<li><span style=\"color: #000000;\">Au lieu d\u2019introduire la concurrence dans l\u2019espace a\u00e9rien, on prot\u00e8ge le transporteur national m\u00eame si c\u2019est au d\u00e9triment de l\u2019exportation et de l\u2019importation.<\/span><\/li>\n<li><span style=\"color: #000000;\">Au lieu de rendre les lois du travail plus flexibles, on d\u00e9courage la restructuration des entreprises.<\/span><\/li>\n<\/ul>\n<p><span style=\"color: #000000;\"><strong>* D\u2019une part, l\u2019un des seuls indicateurs \u00e9conomiques positifs actuellement, c\u2019est l\u2019inflation tournant autour de 1,8% en moyenne sur les 12 derniers mois, mais la r\u00e9alit\u00e9 des prix aux supermarch\u00e9s est tout autre. D\u2019autre part, le taux de ch\u00f4mage est en hausse, et le <em>Monetary Policy Committee<\/em> de la Banque de Maurice affirme que <em>\u00ab the outlook remains bleak \u00bb.<\/em> Si la situation \u00e9conomique se d\u00e9t\u00e9riore dans les mois \u00e0 venir, quelles vont \u00eatre les cons\u00e9quences d\u2019une telle d\u00e9t\u00e9rioration sur le niveau de vie des Mauriciens et, par cons\u00e9quent, sur le plan social ?<\/strong><\/span><\/p>\n<p><span style=\"color: #000000;\">Le taux d\u2019inflation para\u00eet faible, mais il monte rapidement. Il \u00e9tait \u00e0 0,5% en glissement annuel en d\u00e9cembre dernier, et il atteindra 2,8% en d\u00e9cembre prochain, selon Statistics Mauritius. C\u2019est quand m\u00eame une hausse de 460% du taux d\u2019inflation ! Milton Friedman disait que la variabilit\u00e9 du taux d\u2019inflation est plus probl\u00e9matique que le niveau du taux d\u2019inflation. Quand le taux change trop vite, cela d\u00e9soriente les gens et rend difficile tout calcul \u00e9conomique.<\/span><\/p>\n<p><span style=\"color: #000000;\">Dans les supermarch\u00e9s, les prix ont grimp\u00e9 plus fortement que ce que laissent croire les taux d\u2019inflation officiels, en raison des hausses des droits d\u2019accise, des frais portuaires et de la d\u00e9pr\u00e9ciation de la roupie. L\u2019effondrement de la roupie entra\u00eene un appauvrissement de la population. Ajoutez \u00e0 cela des pertes d\u2019emplois massives, et vous avez tous les ingr\u00e9dients d\u2019une explosion sociale.<\/span><\/p>\n<p><span style=\"color: #000000;\">Le taux de ch\u00f4mage a d\u00e9j\u00e0 d\u00e9pass\u00e9 les 10% en juin dernier. Les entreprises qui ont b\u00e9n\u00e9fici\u00e9 du \u2018Wage Assistance Scheme\u2019 ne peuvent pas licencier jusqu\u2019au 31 d\u00e9cembre 2020. Mais au-del\u00e0 de cette date, une vague de licenciements est \u00e0 craindre, que le Gouvernement reconduise ou non ce plan de soutien. Je pense notamment aux secteurs textile et touristique. Pour l\u2019heure, le Gouvernement n\u2019a pas de strat\u00e9gie claire pour les relancer face \u00e0 une pand\u00e9mie qui va durer.<\/span><\/p>\n<p><span style=\"color: #000000;\"><strong>* Maurice \u00e9tant une \u00e9conomie ouverte, il y a des facteurs exog\u00e8nes qui ont consid\u00e9rablement frein\u00e9 la croissance dans le secteur du tourisme, de la manufacture, de la construction, de l\u2019immobilier et des services financiers. Selon le Fonds mon\u00e9taire international (FMI), la longue ascension de l\u2019\u00e9conomie mondiale vers des niveaux d\u2019activit\u00e9s, comparables \u00e0 ceux d\u2019avant la pand\u00e9mie, demeure expos\u00e9e \u00e0 des revers. La reprise, para\u00eet-il, ne sera pas de sit\u00f4t, et ce n\u2019est pas tr\u00e8s rassurant pour notre \u00e9conomie, n\u2019est-ce pas ?<\/strong><\/span><\/p>\n<p><span style=\"color: #000000;\">Il est un fait que l\u2019\u00e9conomie mauricienne d\u00e9pend des march\u00e9s ext\u00e9rieurs pour cro\u00eetre. L\u2019exportation de biens et services repr\u00e9sente presque 40% de notre PIB. Quand l\u2019\u00e9conomie mondiale \u00e9ternue, Maurice est gripp\u00e9e.<\/span><\/p>\n<p><span style=\"color: #000000;\">En 2008, la crise mondiale \u00e9tait financi\u00e8re, impactant indirectement la croissance mauricienne, laquelle a fl\u00e9chi mais est rest\u00e9e positive, \u00e0 3,3% en 2009. C\u2019\u00e9tait m\u00eame mieux que les 3,0% de 2019 ! En 2020, ce sont les secteurs r\u00e9els des \u00e9conomies qui sont affect\u00e9s, ce qui fait que l\u2019impact sur Maurice est direct. Une contraction mondiale de 4,4% est un grand choc exog\u00e8ne pour notre pays qui subit ainsi une croissance n\u00e9gative de 14% cette ann\u00e9e.<\/span><\/p>\n<p><span style=\"color: #000000;\">A l\u2019instar de l\u2019\u00e9conomie mondiale qui rebondira de 5,2% selon le FMI, on s\u2019attend \u00e0 une reprise de l\u2019\u00e9conomie mauricienne en 2021. Cela n\u2019a rien d\u2019extraordinaire au vu d\u2019un effet de base statistique favorable. Une v\u00e9ritable croissance \u00e9conomique est celle qui est g\u00e9n\u00e9r\u00e9e par des gains de productivit\u00e9, par des cr\u00e9ations d\u2019emplois priv\u00e9s ou par des investissements dans des \u00e9quipements et des machines plut\u00f4t que dans des travaux de construction.<\/span><\/p>\n<p><span style=\"color: #000000;\">Tout compte fait, le niveau du PIB en 2021 sera toujours inf\u00e9rieur \u00e0 celui de 2019. Et pourtant, il est gonfl\u00e9 artificiellement par le recours \u00e0 la planche \u00e0 billets. La prosp\u00e9rit\u00e9 est constitu\u00e9e par un accroissement du volume, et non de la valeur mon\u00e9taire, de la production nationale.<\/span><\/p>\n<p><span style=\"color: #000000;\"><strong>* Dans ces conditions tr\u00e8s incertaines, sauf si les laboratoires r\u00e9ussissent \u00e0 d\u00e9velopper un vaccin efficace contre la Covid-19, comment va-t-on s\u2019y prendre pour faire face \u00e0 une telle situation ?<\/strong><\/span><\/p>\n<p><span style=\"color: #000000;\">En attendant qu\u2019on trouve un vaccin efficace, nous devons apprendre \u00e0 vivre avec le virus. Malheureusement, depuis le confinement national, pendant six mois, le gouvernement n\u2019a pas su responsabiliser la population. Il a adopt\u00e9 des r\u00e9glementations qui sanctionnent le non-respect du port du masque en public, mais il a laiss\u00e9 r\u00e9gner le laxisme. Personnellement, je n\u2019ai jamais vu un policier arr\u00eater un r\u00e9calcitrant. C\u2019est un r\u00e9gime faiblard qui ne sait pas discipliner les gens, sauf \u00e0 tomber dans l\u2019autoritarisme quand cela l\u2019arrange. Or un gouvernement fort doit faire preuve d\u2019autorit\u00e9.<\/span><\/p>\n<p><span style=\"color: #000000;\">En cas d\u2019une seconde vague de l\u2019\u00e9pid\u00e9mie, un gouvernement responsable ne saurait se contenter de fermer les fronti\u00e8res et d\u2019asphyxier ainsi l\u2019\u00e9conomie tout en cr\u00e9ant de la monnaie \u00e0 partir de rien. Bien g\u00e9rer le pays, c\u2019est savoir g\u00e9rer tous les risques, et non les fuir. C\u2019est aussi gouverner dans la transparence, la rigueur et la m\u00e9ritocratie.<\/span><\/p>\n<p><span style=\"color: #000000;\">Au gouvernement de donner l\u2019exemple avant de faire la le\u00e7on \u00e0 la population. Et nous n\u2019avons pas besoin d\u2019autres scandales de corruption, de passe-droits et de n\u00e9potisme pour frustrer les gens, d\u00e9j\u00e0 stress\u00e9s par les cons\u00e9quences de la Covid-19\u2026<\/span><\/p>\n<p>&nbsp;<\/p>\n<p><span style=\"color: #000000;\"><strong>* D\u00e9j\u00e0 le Gouvernement a inject\u00e9 des milliards de roupies pour soutenir les employ\u00e9s du priv\u00e9 et les <em>\u2018self-employed\u2019<\/em>, et aussi les grandes entreprises dans les secteurs les plus touch\u00e9s par la Covid-19. Voyez-vous le Gouvernement disposer d\u2019une certaine marge de man\u0153uvre financi\u00e8re pour faire autant ou davantage dans les prochains mois ?<\/strong><\/span><\/p>\n<p><span style=\"color: #000000;\">Vous savez, avec la planche \u00e0 billets et une banque centrale aux ordres du gouvernement, il dispose d\u2019une marge de man\u0153uvre financi\u00e8re illimit\u00e9e, pouvant injecter des dizaines de milliards de roupies dans l\u2019\u00e9conomie tous les ans. De plus, en l\u2019absence de r\u00e8gles fiscales, il n\u2019y a aucun plafond \u00e0 l\u2019endettement public. La question est de savoir si le Gouvernement est assez fou pour mener le pays \u00e0 la banqueroute. Je crains fort qu\u2019il soit tent\u00e9 par cette option si c\u2019est la seule condition pour lui de gagner les prochaines \u00e9lections g\u00e9n\u00e9rales.<\/span><\/p>\n<p><span style=\"color: #000000;\">L\u2019introduction de la Contribution Sociale G\u00e9n\u00e9ralis\u00e9e (CSG) en est un parfait exemple. Dans un contexte aussi difficile pour les entreprises priv\u00e9es, le gouvernement choisit quand m\u00eame de les taxer davantage juste pour accorder une pension de vieillesse de Rs 13,500 en 2023. Il sait pourtant que les recettes de la CSG aux taux actuels ne seront pas suffisantes pour maintenir les d\u00e9penses de retraite dans les ann\u00e9es suivantes.<\/span><\/p>\n<p><span style=\"color: #000000;\">Dans le m\u00eame esprit, je ne serais pas \u00e9tonn\u00e9 que l\u2019indemnisation partielle des salaires soit maintenue au-del\u00e0 de 2020. Le ministre des Finances croit fermement dans la consommation comme moteur de croissance, alors que le pays importe une large part de ce qu\u2019il consomme. La philosophie \u00e9conomique du gouvernement, c\u2019est de taxer, d\u00e9penser, d\u00e9valuer et cr\u00e9er de la monnaie. Avec la complicit\u00e9 de la Banque de Maurice, l\u2019irresponsabilit\u00e9 fiscale n\u2019a pas de limite.<\/span><\/p>\n<p><span style=\"color: #000000;\"><strong>* Plusieurs voix se sont \u00e9lev\u00e9es pour r\u00e9clamer une rupture avec l\u2019ordre \u00e9tabli sur le plan du mod\u00e8le \u00e9conomique et de la gouvernance g\u00e9n\u00e9rale. Aussi, cette crise a cr\u00e9\u00e9 de nouvelles opportunit\u00e9s de changement de nos structures \u00e9conomiques, ou la consolidation du r\u00f4le de l\u2019Etat comme r\u00e9gulateur des march\u00e9s, l\u2019instauration de nouvelles pratiques de gestion dans les secteurs public et priv\u00e9, et la mise en place d\u2019une soci\u00e9t\u00e9 plus \u00e9galitaire. Pensez-vous que le pays saura saisir l\u2019occasion pour permettre cette rupture si indispensable \u00e0 un renouveau national?<\/strong><\/span><\/p>\n<p><span style=\"color: #000000;\">La crise \u00e9conomique actuelle est due \u00e0 un petit virus, et non \u00e0 un dysfonctionnement des march\u00e9s ou au libre-\u00e9change. Partout dans le monde, c\u2019est l\u2019Etat qui a d\u00e9cid\u00e9 de confiner la population et, par cons\u00e9quent, de mettre l\u2019\u00e9conomie \u00e0 l\u2019arr\u00eat. C\u2019est ce qui a jet\u00e9 150 millions de personnes dans la pauvret\u00e9, alors que l\u2019\u00e9conomie de march\u00e9 et la mondialisation ont grandement fait diminuer le nombre de pauvres ces derni\u00e8res d\u00e9cennies.<\/span><\/p>\n<p><span style=\"color: #000000;\">L\u2019Etat doit veiller \u00e0 ce que les march\u00e9s soient concurrentiels, que les conditions du march\u00e9 soient \u00e9gales pour tous. Si l\u2019Etat doit r\u00e9guler les march\u00e9s, c\u2019est pour les rendre plus efficaces dans leur fonctionnement, et non pour assurer une illusoire \u00e9galit\u00e9 de r\u00e9sultats. Afin d\u2019inciter les entreprises \u00e0 l\u2019innovation et \u00e0 l\u2019investissement dans la qualit\u00e9, les march\u00e9s doivent \u00eatre ouverts, et non ferm\u00e9s \u00e0 une \u00e9lite \u00e9conomique ni prot\u00e9g\u00e9s de la concurrence \u00e9trang\u00e8re.<\/span><\/p>\n<p><span style=\"color: #000000;\">Le mod\u00e8le \u00e9conomique de Maurice fond\u00e9 sur l\u2019ouverture au monde, et sur une collaboration entre l\u2019Etat et le secteur priv\u00e9 a bien fonctionn\u00e9. Le probl\u00e8me est que les entreprises priv\u00e9es sont devenues trop d\u00e9pendantes du Gouvernement, ce qui ne d\u00e9pla\u00eet pas \u00e0 ce dernier. On voit cette collusion surtout dans le d\u00e9veloppement immobilier que le pouvoir politique favorise d\u00e9lib\u00e9r\u00e9ment avec des avantages fiscaux. Dividendes pour les actionnaires contre dividendes politiques dans les r\u00e9gions rurales. C\u2019est du capitalisme de copinage.<\/span><\/p>\n<p><span style=\"color: #000000;\"><strong>* Justement, il y a une certaine opacit\u00e9 dans l\u2019aide consentie par l\u2019Etat, par le biais de la Mauritius Investment Corporation (MIC), \u00e0 certaines de nos grandes entreprises. Il para\u00eet que l\u2019Etat n\u2019aurait rien demand\u00e9 en contrepartie (la s\u00e9curit\u00e9 d\u2019emploi garantie, la prise de participation au capital d\u2019entreprise ou le remboursement \u00e0 terme de l\u2019aide). Votre opinion ?<\/strong><\/span><\/p>\n<p><span style=\"color: #000000;\">Je m\u2019\u00e9l\u00e8ve contre cette opacit\u00e9, car c\u2019est l\u2019argent des contribuables qui est en jeu. Je me demande si la MIC n\u2019a pas conclu un march\u00e9 de dupes avec ces grands groupes priv\u00e9s. Pourquoi la MIC doit attendre la fin de l\u2019\u00e9ch\u00e9ance de son investissement (au terme de neuf ann\u00e9es) pour convertir les obligations en actions, alors que l\u2019emprunteur peut rembourser tout le capital \u00e0 n\u2019importe quel moment sans p\u00e9nalit\u00e9 ?<\/span><\/p>\n<p><span style=\"color: #000000;\">Le taux de coupon doit \u00eatre suffisamment \u00e9lev\u00e9 pour compenser ce facteur d\u00e9favorable \u00e0 la MIC. Pour faire une analogie, est-ce qu\u2019une banque accepterait un remboursement sans frais d\u2019un emprunt de neuf ans apr\u00e8s seulement une ann\u00e9e ?<\/span><\/p>\n<p><span style=\"color: #000000;\"><strong>* Dans une r\u00e9cente interview, l\u2019historien Jocelyn Chan Low nous disait que \u00ab si le pays s\u2019enfonce dans une crise \u00e9conomique et sociale avec des manifestations de rue spontan\u00e9es, il sera extr\u00eamement compliqu\u00e9 de g\u00e9rer le pays\u2026 Une solution id\u00e9ale est \u00e9videmment de constituer un gouvernement d\u2019unit\u00e9 nationale\u2026 \u00bb Comment r\u00e9agissez-vous \u00e0 cela ?<\/strong><\/span><\/p>\n<p><span style=\"color: #000000;\">Les trois derni\u00e8res grandes manifestations de rue ne faisaient pas appel \u00e0 un gouvernement d\u2019unit\u00e9 nationale, mais plut\u00f4t \u00e0 la d\u00e9mission du gouvernement. Si celui-ci n\u2019est pas capable de sortir le pays d\u2019une crise \u00e9conomique et sociale, il n\u2019a qu\u2019\u00e0 dissoudre l\u2019Assembl\u00e9e nationale pour retrouver une nouvelle l\u00e9gitimit\u00e9 d\u00e9mocratique et un nouvel \u00e9tat de gr\u00e2ce. Il en a bien besoin.<\/span><\/p>\n<hr \/>\n<p><span style=\"color: #008080;\">* Published in print edition on 23 October 2020<\/span><\/p>\n","protected":false},"excerpt":{"rendered":"<p>Interview\u00a0: Eric Ng Ping Cheun, directeur de PluriConseil<\/p>\n","protected":false},"author":1,"featured_media":29030,"comment_status":"open","ping_status":"open","sticky":false,"template":"","format":"standard","meta":{"jetpack_post_was_ever_published":false,"_jetpack_newsletter_access":"","_jetpack_dont_email_post_to_subs":false,"_jetpack_newsletter_tier_id":0,"_jetpack_memberships_contains_paywalled_content":false,"_jetpack_memberships_contains_paid_content":false,"footnotes":"","jetpack_publicize_message":"","jetpack_publicize_feature_enabled":true,"jetpack_social_post_already_shared":true,"jetpack_social_options":{"image_generator_settings":{"template":"highway","default_image_id":0,"font":"","enabled":false},"version":2}},"categories":[32,6],"tags":[],"class_list":["post-29028","post","type-post","status-publish","format-standard","has-post-thumbnail","hentry","category-interviews","category-latest-news"],"jetpack_publicize_connections":[],"jetpack_featured_media_url":"https:\/\/i0.wp.com\/www.mauritiustimes.com\/mt\/wp-content\/uploads\/2020\/10\/Eric-Ng-Ping-Cheun-1.jpg?fit=1200%2C674&ssl=1","jetpack_sharing_enabled":true,"jetpack_shortlink":"https:\/\/wp.me\/p8QzSF-7yc","_links":{"self":[{"href":"https:\/\/www.mauritiustimes.com\/mt\/wp-json\/wp\/v2\/posts\/29028","targetHints":{"allow":["GET"]}}],"collection":[{"href":"https:\/\/www.mauritiustimes.com\/mt\/wp-json\/wp\/v2\/posts"}],"about":[{"href":"https:\/\/www.mauritiustimes.com\/mt\/wp-json\/wp\/v2\/types\/post"}],"author":[{"embeddable":true,"href":"https:\/\/www.mauritiustimes.com\/mt\/wp-json\/wp\/v2\/users\/1"}],"replies":[{"embeddable":true,"href":"https:\/\/www.mauritiustimes.com\/mt\/wp-json\/wp\/v2\/comments?post=29028"}],"version-history":[{"count":0,"href":"https:\/\/www.mauritiustimes.com\/mt\/wp-json\/wp\/v2\/posts\/29028\/revisions"}],"wp:featuredmedia":[{"embeddable":true,"href":"https:\/\/www.mauritiustimes.com\/mt\/wp-json\/wp\/v2\/media\/29030"}],"wp:attachment":[{"href":"https:\/\/www.mauritiustimes.com\/mt\/wp-json\/wp\/v2\/media?parent=29028"}],"wp:term":[{"taxonomy":"category","embeddable":true,"href":"https:\/\/www.mauritiustimes.com\/mt\/wp-json\/wp\/v2\/categories?post=29028"},{"taxonomy":"post_tag","embeddable":true,"href":"https:\/\/www.mauritiustimes.com\/mt\/wp-json\/wp\/v2\/tags?post=29028"}],"curies":[{"name":"wp","href":"https:\/\/api.w.org\/{rel}","templated":true}]}}