{"id":28996,"date":"2020-10-20T07:03:04","date_gmt":"2020-10-20T03:03:04","guid":{"rendered":"http:\/\/www.mauritiustimes.com\/mt\/?p=28996"},"modified":"2020-10-20T07:03:04","modified_gmt":"2020-10-20T03:03:04","slug":"etudiants-quont-ils-a-faire-sur-linkedin","status":"publish","type":"post","link":"https:\/\/www.mauritiustimes.com\/mt\/etudiants-quont-ils-a-faire-sur-linkedin\/","title":{"rendered":"\u00c9tudiants, qu&#8217;ont-ils \u00e0 faire sur LinkedIn ?"},"content":{"rendered":"<p><img data-recalc-dims=\"1\" loading=\"lazy\" decoding=\"async\" data-attachment-id=\"11847\" data-permalink=\"https:\/\/www.mauritiustimes.com\/mt\/what-happens-to-your-facebook-account-and-your-email-messages-when-you-die\/the-conversation\/\" data-orig-file=\"https:\/\/i0.wp.com\/www.mauritiustimes.com\/mt\/wp-content\/uploads\/2018\/02\/The-Conversation-e1535448713758.jpg?fit=400%2C41&amp;ssl=1\" data-orig-size=\"400,41\" data-comments-opened=\"1\" data-image-meta=\"{&quot;aperture&quot;:&quot;0&quot;,&quot;credit&quot;:&quot;&quot;,&quot;camera&quot;:&quot;&quot;,&quot;caption&quot;:&quot;&quot;,&quot;created_timestamp&quot;:&quot;0&quot;,&quot;copyright&quot;:&quot;&quot;,&quot;focal_length&quot;:&quot;0&quot;,&quot;iso&quot;:&quot;0&quot;,&quot;shutter_speed&quot;:&quot;0&quot;,&quot;title&quot;:&quot;&quot;,&quot;orientation&quot;:&quot;0&quot;}\" data-image-title=\"The Conversation\" data-image-description=\"\" data-image-caption=\"\" data-large-file=\"https:\/\/i0.wp.com\/www.mauritiustimes.com\/mt\/wp-content\/uploads\/2018\/02\/The-Conversation-e1535448713758.jpg?fit=640%2C65&amp;ssl=1\" class=\" wp-image-11847 alignleft\" src=\"https:\/\/i0.wp.com\/www.mauritiustimes.com\/mt\/wp-content\/uploads\/2018\/02\/The-Conversation-e1535448713758.jpg?resize=176%2C18&#038;ssl=1\" alt=\"\" width=\"176\" height=\"18\" \/><\/p>\n<p>&nbsp;<\/p>\n<h4 style=\"text-align: center;\"><span style=\"color: #800000;\">LinkedIn est le r\u00e9seau social professionnel sur lequel les \u00e9tudiants ont l\u2019impression de devoir \u00eatre. Mais ils ne savent pas toujours en actionner toutes les fonctionnalit\u00e9s. Explications.<\/span><!--more--><\/h4>\n<p style=\"text-align: center;\"><img data-recalc-dims=\"1\" loading=\"lazy\" decoding=\"async\" data-attachment-id=\"28997\" data-permalink=\"https:\/\/www.mauritiustimes.com\/mt\/etudiants-quont-ils-a-faire-sur-linkedin\/student-2\/\" data-orig-file=\"https:\/\/i0.wp.com\/www.mauritiustimes.com\/mt\/wp-content\/uploads\/2020\/10\/Student-2.jpg?fit=926%2C610&amp;ssl=1\" data-orig-size=\"926,610\" data-comments-opened=\"1\" data-image-meta=\"{&quot;aperture&quot;:&quot;0&quot;,&quot;credit&quot;:&quot;&quot;,&quot;camera&quot;:&quot;&quot;,&quot;caption&quot;:&quot;&quot;,&quot;created_timestamp&quot;:&quot;0&quot;,&quot;copyright&quot;:&quot;&quot;,&quot;focal_length&quot;:&quot;0&quot;,&quot;iso&quot;:&quot;0&quot;,&quot;shutter_speed&quot;:&quot;0&quot;,&quot;title&quot;:&quot;&quot;,&quot;orientation&quot;:&quot;0&quot;}\" data-image-title=\"Student 2\" data-image-description=\"\" data-image-caption=\"\" data-large-file=\"https:\/\/i0.wp.com\/www.mauritiustimes.com\/mt\/wp-content\/uploads\/2020\/10\/Student-2.jpg?fit=640%2C422&amp;ssl=1\" class=\"aligncenter size-full wp-image-28997\" src=\"https:\/\/i0.wp.com\/www.mauritiustimes.com\/mt\/wp-content\/uploads\/2020\/10\/Student-2.jpg?resize=640%2C422&#038;ssl=1\" alt=\"\" width=\"640\" height=\"422\" srcset=\"https:\/\/i0.wp.com\/www.mauritiustimes.com\/mt\/wp-content\/uploads\/2020\/10\/Student-2.jpg?w=926&amp;ssl=1 926w, https:\/\/i0.wp.com\/www.mauritiustimes.com\/mt\/wp-content\/uploads\/2020\/10\/Student-2.jpg?resize=300%2C198&amp;ssl=1 300w, https:\/\/i0.wp.com\/www.mauritiustimes.com\/mt\/wp-content\/uploads\/2020\/10\/Student-2.jpg?resize=768%2C506&amp;ssl=1 768w\" sizes=\"auto, (max-width: 640px) 100vw, 640px\" \/><span style=\"color: #ff0000;\">Les \u00e9tudiants doivent comprendre que leur profil LinkedIn ne peut \u00eatre qu\u2019une simple copie de leur CV. Pixabay, CC BY<\/span><\/p>\n<p><span style=\"color: #000000;\">\u00ab Avez-vous un compte LinkedIn ? \u00bb \u00c0 chaque fois qu\u2019on leur pose cette question, au d\u00e9but de cours sur le \u00ab Personal Branding \u00bb que nous animons \u00e0 l\u2019ESCP Business School, 100 % des \u00e9tudiants l\u00e8vent la main. Mais lorsqu\u2019on les interroge sur la mani\u00e8re dont ils utilisent ce r\u00e9seau social, leurs r\u00e9ponses convergent vers ce type de propos : \u00ab je sais que je dois y \u00eatre mais je ne sais pas comment agir et m\u2019en servir r\u00e9ellement \u00bb.<\/span><\/p>\n<p><span style=\"color: #000000;\">Pourquoi ces \u00e9tudiants, pourtant souvent addicts \u00e0 Facebook et \u00e0 Instagram, semblent-ils entretenir une relation circonspecte avec ce r\u00e9seau social, et ce, alors m\u00eame que les recherches soulignent les effets positifs de l\u2019usage de LinkedIn sur la carri\u00e8re ? (Davis et al).<\/span><\/p>\n<p><span style=\"color: #000000;\">Plusieurs hypoth\u00e8ses peuvent \u00eatre avanc\u00e9es pour expliquer leur posture paradoxale.<\/span><\/p>\n<p style=\"text-align: center;\"><strong><span style=\"color: #000000;\">Appara\u00eetre plus que para\u00eetre<\/span><\/strong><\/p>\n<p><span style=\"color: #000000;\">Force est de constater que de nombreux \u00e9tudiants se sentent oblig\u00e9s d\u2019\u00eatre pr\u00e9sents sur LinkedIn mais ne savent pas exactement pourquoi. Leur pr\u00e9sence sur Facebook, Instagram et plus r\u00e9cemment TikTok, est devenue pour eux \u00ab une norme implicite de rigueur \u00bb o\u00f9 ils exposent plut\u00f4t facilement des \u00ab m\u00e9taphorisations \u00bb d\u2019eux (selon les propos de De Rigail, 2013). Ils ont ainsi pris l\u2019habitude de prendre part \u00e0 des \u00ab mondanit\u00e9s num\u00e9riques \u00bb qu\u2019ils ont s\u00e9lectionn\u00e9es, pour entretenir ou \u00e9largir leurs liens amicaux, ou tout simplement se montrer et \u00eatre vus.<\/span><\/p>\n<p><span style=\"color: #000000;\">Loin de ces vis\u00e9es personnelles, LinkedIn correspond plus pour eux \u00e0 une norme sociale d\u00e9velopp\u00e9e par d\u2019autres, \u00e0 laquelle ils doivent adh\u00e9rer pour pr\u00e9tendre d\u00e9velopper leurs r\u00e9seaux professionnels, et qu\u2019ils ont souvent du mal \u00e0 identifier et \u00e0 choisir.<\/span><\/p>\n<p><span style=\"color: #000000;\">Si les \u00e9tudiants ont pris l\u2019habitude de parler d\u2019eux sur les r\u00e9seaux sociaux, ils ont ainsi souvent plus de facilit\u00e9s \u00e0 montrer leur identit\u00e9 personnelle que leur identit\u00e9 professionnelle. Leurs photos, leurs participations \u00e0 des \u00e9v\u00e9nements et leurs passions sont expos\u00e9es plus facilement que leurs parcours et leurs r\u00e9alisations. Le \u00ab para\u00eetre \u00bb, parfois assorti d\u2019artifices ou de projections de soi, tend ainsi \u00e0 \u00eatre une d\u00e9marche plus ais\u00e9e pour ces jeunes adultes, que d\u2019\u00ab appara\u00eetre \u00bb \u00e0 l\u2019aide de faits et de r\u00e9alisations aux yeux d\u2019une nouvelle sph\u00e8re professionnelle.<\/span><\/p>\n<p><span style=\"color: #000000;\">L\u2019enjeu de LinkedIn est d\u2019\u00e9largir leur r\u00e9seau au-del\u00e0 de leur cercle rapproch\u00e9 de connaissances. Mais les jeunes s\u2019arr\u00eatent parfois \u00e0 cette \u00e9tape, n\u2019osant pas solliciter des personnes plus exp\u00e9riment\u00e9es. Ils peinent \u00e0 dynamiser leur profil, par leurs activit\u00e9s, par des r\u00e9actions ou des posts. Beaucoup s\u2019estiment peu l\u00e9gitimes \u00e0 relayer de l\u2019information, \u00e0 r\u00e9agir aux activit\u00e9s des autres et \u00e0 cr\u00e9er de l\u2019information.<\/span><\/p>\n<p><span style=\"color: #000000;\">LinkedIn offre quatre types de potentialit\u00e9s \u00e0 ses membres :<\/span><\/p>\n<p style=\"padding-left: 40px;\"><span style=\"color: #000000;\">la visibilit\u00e9<\/span><\/p>\n<p style=\"padding-left: 40px;\"><span style=\"color: #000000;\">la persistance (en r\u00e9cup\u00e9rant les posts)<\/span><\/p>\n<p style=\"padding-left: 40px;\"><span style=\"color: #000000;\">l\u2019\u00e9dition de contenu<\/span><\/p>\n<p style=\"padding-left: 40px;\"><span style=\"color: #000000;\">l\u2019association entre les personnes.<\/span><\/p>\n<p><span style=\"color: #000000;\">Beaucoup d\u2019\u00e9tudiants se contentent d\u2019exploiter le potentiel de visibilit\u00e9, a minima, en renseignant les rubriques avec des copier-coller de leurs CV, et donc en restant une ombre sur LinkedIn avec le sentiment du devoir accompli. Ils passent alors \u00e0 c\u00f4t\u00e9 des opportunit\u00e9s offertes par ce r\u00e9seau social qui compte 700 millions d\u2019inscrits dans le monde et 20 millions de membres en France (soit 64 % de la population active).<\/span><\/p>\n<p><span style=\"color: #000000;\">Les \u00e9tudiants ont d\u00e8s lors \u00e0 (re)penser leur pr\u00e9sence sur LinkedIn, et ce, en suivant trois objectifs.<\/span><\/p>\n<p style=\"text-align: center;\"><strong><span style=\"color: #000000;\">Se diff\u00e9rencier<\/span><\/strong><\/p>\n<p><span style=\"color: #000000;\">Le premier objectif est d\u2019inciter les jeunes \u00e0 enrichir leur identit\u00e9 d\u00e9clarative pour se diff\u00e9rencier. Les \u00e9tudiants doivent comprendre que leur profil LinkedIn ne peut \u00eatre qu\u2019une simple copie de leur CV. Ils doivent sortir d\u2019une logique de substitution pour aller vers une vision de compl\u00e9mentarit\u00e9 entre ces deux outils. Il s\u2019agit d\u2019en dire plus et de donner envie d\u2019en savoir plus encore.<\/span><\/p>\n<p><span style=\"color: #000000;\">Cela passe en premier lieu par des actions assez simples. La partie \u00ab infos \u00bb n\u2019est souvent pas ou trop peu renseign\u00e9e et n\u2019attire pas l\u2019attention de potentiels recruteurs. Au cours de formations que l\u2019on pourrait consid\u00e9rer comme g\u00e9n\u00e9riques, certains choix de sp\u00e9cialisations ou des r\u00e9alisations (m\u00e9moires, projets\u2026) permettent de diff\u00e9rencier un \u00e9tudiant d\u2019un autre, d\u2019estimer son potentiel et ses centres d\u2019int\u00e9r\u00eat.<\/span><\/p>\n<p><span style=\"color: #000000;\">De nombreuses rubriques sont aussi pertinentes et sous-utilis\u00e9es par les \u00e9tudiants comme les investissements dans des associations, les r\u00e9alisations, les appartenances \u00e0 des groupes et le suivi de personnes ou organisations. C\u2019est donc un travail \u00e0 mener avec les \u00e9tudiants, pour les amener d\u2019abord \u00e0 identifier dans leurs parcours ce qu\u2019ils pourraient mettre en valeur.<\/span><\/p>\n<p style=\"text-align: center;\"><strong><span style=\"color: #000000;\">Dynamiser son profil<\/span><\/strong><\/p>\n<p><span style=\"color: #000000;\">Le challenge est ensuite de ne pas se contenter de ce travail d\u00e9claratif. L\u2019enjeu pour les \u00e9tudiants est d\u2019oser passer \u00e0 une utilisation active du r\u00e9seau social : nouer de nouveaux contacts, poster des informations sur leurs sujets d\u2019int\u00e9r\u00eats professionnels et participer \u00e0 des groupes.<\/span><\/p>\n<p><span style=\"color: #000000;\">Cette mise en action a un pr\u00e9alable incontournable pour eux : savoir pourquoi et pour quoi initier et d\u00e9velopper ces d\u00e9marches, afin d\u2019aller vers une posture active. La coh\u00e9rence de ces activit\u00e9s doit donc \u00eatre pens\u00e9e pour asseoir leur cr\u00e9dibilit\u00e9 num\u00e9rique. Cela signifie donc sortir de leur spontan\u00e9it\u00e9 habituelle sur les r\u00e9seaux sociaux pour penser son activit\u00e9 et ses finalit\u00e9s.<\/span><\/p>\n<p style=\"text-align: center;\"><strong><span style=\"color: #000000;\">G\u00e9rer sa r\u00e9putation<\/span><\/strong><\/p>\n<p><span style=\"color: #000000;\">Le nombre de personnes dans le r\u00e9seau est un indicateur certes, mais insuffisant si l\u2019on aspire \u00e0 \u00eatre rep\u00e9r\u00e9. La diversit\u00e9 des membres de son r\u00e9seau (organisations, postes, formations) indique aussi le capital social que peut et pourrait avoir un \u00e9tudiant, futur salari\u00e9 demain. Plus encore, le nombre de personnes ayant lu, r\u00e9agi et comment\u00e9 les posts repr\u00e9sente un outil clef pour mesurer l\u2019audience de leur marque personnelle et surtout son \u00e9volution.<\/span><\/p>\n<p><span style=\"color: #000000;\">Il existe des outils, comme Shield ou Social Selling Index, qui permettent de mesurer les effets de l\u2019activit\u00e9 sur LinkedIn. Ces outils inscrivent la d\u00e9marche, au-del\u00e0 des mesures quantitatives, dans une perspective dynamique et non statique.<\/span><\/p>\n<p><span style=\"color: #000000;\">En d\u00e9finitive, LinkedIn permet de donner et de d\u00e9passer la premi\u00e8re impression que l\u2019on peut avoir sur un individu. Il donne une \u00e9paisseur num\u00e9rique \u00e0 une personne \u00e0 travers les trois facettes de sa personnalit\u00e9 : d\u00e9clarative, agissante et calcul\u00e9e.<\/span><\/p>\n<p><span style=\"color: #000000;\">Comme le disait le philosophe Alain, \u00ab le secret de l\u2019action, c\u2019est de s\u2019y mettre \u00bb. Concernant LinkedIn, cette \u00e9tape d\u2019activation du profil, que tout \u00e9tudiant a souvent bien consciencieusement construite, est donc cruciale pour leur insertion professionnelle. Leur reste cependant le choix de penser leurs particularit\u00e9s, d\u2019inventer leurs propres mani\u00e8res d\u2019utiliser les fonctionnalit\u00e9s du r\u00e9seau social et de s\u2019adapter aux contextes professionnels auxquels ils aspirent.<\/span><\/p>\n<p><span style=\"color: #000000;\">LinkedIn n\u2019agr\u00e8ge donc pas que des contraintes mais peut aussi \u00eatre vu comme un espace de libert\u00e9 pour permettre \u00e0 ces jeunes de montrer qui ils sont, ou pourraient \u00eatre, dans une sph\u00e8re professionnelle. \u00c0 condition de les y accompagner.<\/span><\/p>\n<p><strong><span style=\"color: #ff0000;\">G\u00e9raldine Galindo<\/span><\/strong><br \/>\n<span style=\"color: #000000;\">Professeur, <\/span><br \/>\n<span style=\"color: #000000;\">ESCP Business School<\/span><\/p>\n<hr \/>\n<p><span style=\"color: #008080;\">* Published in print edition on 20 October 2020<\/span><\/p>\n","protected":false},"excerpt":{"rendered":"<p>&nbsp; LinkedIn est le r\u00e9seau social professionnel sur lequel les \u00e9tudiants ont l\u2019impression de devoir \u00eatre. Mais ils ne savent pas toujours en actionner toutes les fonctionnalit\u00e9s. Explications.<\/p>\n","protected":false},"author":139,"featured_media":28997,"comment_status":"open","ping_status":"open","sticky":false,"template":"","format":"standard","meta":{"jetpack_post_was_ever_published":false,"_jetpack_newsletter_access":"","_jetpack_dont_email_post_to_subs":false,"_jetpack_newsletter_tier_id":0,"_jetpack_memberships_contains_paywalled_content":false,"_jetpack_memberships_contains_paid_content":false,"footnotes":"","jetpack_publicize_message":"","jetpack_publicize_feature_enabled":true,"jetpack_social_post_already_shared":true,"jetpack_social_options":{"image_generator_settings":{"template":"highway","default_image_id":0,"font":"","enabled":false},"version":2}},"categories":[8348],"tags":[27018,27015,27017,27019,27016,7015,27014,27020],"class_list":["post-28996","post","type-post","status-publish","format-standard","has-post-thumbnail","hentry","category-the-conversation","tag-ecoles-de-management","tag-enseignement-superieur","tag-etudiants","tag-linkedin","tag-metiers","tag-reseaux-sociaux","tag-universites","tag-vie-professionnelle"],"jetpack_publicize_connections":[],"jetpack_featured_media_url":"https:\/\/i0.wp.com\/www.mauritiustimes.com\/mt\/wp-content\/uploads\/2020\/10\/Student-2.jpg?fit=926%2C610&ssl=1","jetpack_sharing_enabled":true,"jetpack_shortlink":"https:\/\/wp.me\/p8QzSF-7xG","_links":{"self":[{"href":"https:\/\/www.mauritiustimes.com\/mt\/wp-json\/wp\/v2\/posts\/28996","targetHints":{"allow":["GET"]}}],"collection":[{"href":"https:\/\/www.mauritiustimes.com\/mt\/wp-json\/wp\/v2\/posts"}],"about":[{"href":"https:\/\/www.mauritiustimes.com\/mt\/wp-json\/wp\/v2\/types\/post"}],"author":[{"embeddable":true,"href":"https:\/\/www.mauritiustimes.com\/mt\/wp-json\/wp\/v2\/users\/139"}],"replies":[{"embeddable":true,"href":"https:\/\/www.mauritiustimes.com\/mt\/wp-json\/wp\/v2\/comments?post=28996"}],"version-history":[{"count":0,"href":"https:\/\/www.mauritiustimes.com\/mt\/wp-json\/wp\/v2\/posts\/28996\/revisions"}],"wp:featuredmedia":[{"embeddable":true,"href":"https:\/\/www.mauritiustimes.com\/mt\/wp-json\/wp\/v2\/media\/28997"}],"wp:attachment":[{"href":"https:\/\/www.mauritiustimes.com\/mt\/wp-json\/wp\/v2\/media?parent=28996"}],"wp:term":[{"taxonomy":"category","embeddable":true,"href":"https:\/\/www.mauritiustimes.com\/mt\/wp-json\/wp\/v2\/categories?post=28996"},{"taxonomy":"post_tag","embeddable":true,"href":"https:\/\/www.mauritiustimes.com\/mt\/wp-json\/wp\/v2\/tags?post=28996"}],"curies":[{"name":"wp","href":"https:\/\/api.w.org\/{rel}","templated":true}]}}