{"id":28956,"date":"2020-10-16T07:10:05","date_gmt":"2020-10-16T03:10:05","guid":{"rendered":"http:\/\/www.mauritiustimes.com\/mt\/?p=28956"},"modified":"2020-10-27T15:39:19","modified_gmt":"2020-10-27T11:39:19","slug":"la-solution-ideale-est-evidemment-de-constituer-un-gouvernement-dunite-nationale","status":"publish","type":"post","link":"https:\/\/www.mauritiustimes.com\/mt\/la-solution-ideale-est-evidemment-de-constituer-un-gouvernement-dunite-nationale\/","title":{"rendered":"\u00ab La solution id\u00e9ale est \u00e9videmment de constituer un gouvernement d\u2019unit\u00e9 nationale \u00bb"},"content":{"rendered":"<h4 style=\"text-align: center;\"><span style=\"color: #ff0000;\"><u>Interview\u00a0: Jocelyn Chan Low, Historien<\/u><\/span><\/h4>\n<h4 style=\"text-align: center;\"><span style=\"color: #ff0000;\"><u><img data-recalc-dims=\"1\" loading=\"lazy\" decoding=\"async\" data-attachment-id=\"28957\" data-permalink=\"https:\/\/www.mauritiustimes.com\/mt\/la-solution-ideale-est-evidemment-de-constituer-un-gouvernement-dunite-nationale\/jocelyn-chan-low-1\/\" data-orig-file=\"https:\/\/i0.wp.com\/www.mauritiustimes.com\/mt\/wp-content\/uploads\/2020\/10\/Jocelyn-Chan-Low-1.jpg?fit=1200%2C765&amp;ssl=1\" data-orig-size=\"1200,765\" data-comments-opened=\"1\" data-image-meta=\"{&quot;aperture&quot;:&quot;0&quot;,&quot;credit&quot;:&quot;&quot;,&quot;camera&quot;:&quot;&quot;,&quot;caption&quot;:&quot;&quot;,&quot;created_timestamp&quot;:&quot;0&quot;,&quot;copyright&quot;:&quot;&quot;,&quot;focal_length&quot;:&quot;0&quot;,&quot;iso&quot;:&quot;0&quot;,&quot;shutter_speed&quot;:&quot;0&quot;,&quot;title&quot;:&quot;&quot;,&quot;orientation&quot;:&quot;0&quot;}\" data-image-title=\"Jocelyn Chan Low 1\" data-image-description=\"\" data-image-caption=\"\" data-large-file=\"https:\/\/i0.wp.com\/www.mauritiustimes.com\/mt\/wp-content\/uploads\/2020\/10\/Jocelyn-Chan-Low-1.jpg?fit=640%2C408&amp;ssl=1\" class=\"aligncenter size-full wp-image-28957\" src=\"https:\/\/i0.wp.com\/www.mauritiustimes.com\/mt\/wp-content\/uploads\/2020\/10\/Jocelyn-Chan-Low-1.jpg?resize=640%2C408&#038;ssl=1\" alt=\"\" width=\"640\" height=\"408\" srcset=\"https:\/\/i0.wp.com\/www.mauritiustimes.com\/mt\/wp-content\/uploads\/2020\/10\/Jocelyn-Chan-Low-1.jpg?w=1200&amp;ssl=1 1200w, https:\/\/i0.wp.com\/www.mauritiustimes.com\/mt\/wp-content\/uploads\/2020\/10\/Jocelyn-Chan-Low-1.jpg?resize=300%2C191&amp;ssl=1 300w, https:\/\/i0.wp.com\/www.mauritiustimes.com\/mt\/wp-content\/uploads\/2020\/10\/Jocelyn-Chan-Low-1.jpg?resize=1024%2C653&amp;ssl=1 1024w, https:\/\/i0.wp.com\/www.mauritiustimes.com\/mt\/wp-content\/uploads\/2020\/10\/Jocelyn-Chan-Low-1.jpg?resize=768%2C490&amp;ssl=1 768w\" sizes=\"auto, (max-width: 640px) 100vw, 640px\" \/><\/u><\/span><!--more--><\/h4>\n<h3 style=\"text-align: center;\"><strong><span style=\"color: #000000;\">* \u2018C\u2019est toujours difficile de tenir les r\u00eanes du pouvoir dans un climat de fin de r\u00e8gne\u2019<\/span><\/strong><\/h3>\n<h3 style=\"text-align: center;\"><strong><span style=\"color: #000000;\">* \u2018Si le pays s\u2019enfonce dans une crise \u00e9conomique et sociale avec des manifestations de rue spontan\u00e9es, il sera extr\u00eamement compliqu\u00e9 de g\u00e9rer le pays\u2019<\/span><\/strong><\/h3>\n<hr \/>\n<p><span style=\"color: #000000;\"><strong>Dans le sillage de la Covid-19, il est possible de s\u2019interroger \u00e0 propos de la capacit\u00e9 des partis politiques de certains pays en voie de d\u00e9veloppement et\/ou \u00e9mergents \u00e0 diriger les pays tout en restant des formations aux structures rigides, et pr\u00f4nant une forte d\u00e9pendance sur les aides financi\u00e8res des pays du Nord. La pand\u00e9mie a donn\u00e9 naissance \u00e0 une situation d\u2019urgence sanitaire mais se transforme-t-elle graduellement en une situation d&#8217;urgence politique ? Jocelyn Chan Low, historien, nous explique les effets des pand\u00e9mies du pass\u00e9 sur le monde avant d\u2019explorer l\u2019avenir de la classe politique mauricienne.<\/strong><\/span><\/p>\n<hr \/>\n<p><span style=\"color: #000000;\"><strong>Mauritius Times\u00a0: Il n\u2019y a pas urgence pour les partis de l\u2019opposition de discuter alliance \u00e0 quatre ans de nouvelles \u00e9lections l\u00e9gislatives. Cela ne r\u00e9pond pas \u00e0 une logique politique, mais qu\u2019est-ce qui expliquerait donc la d\u00e9marche des partis de l\u2019opposition, en particulier l\u2019implication personnelle de Paul B\u00e9renger en vue de concr\u00e9tiser l\u2019alliance assez rapidement ?<\/strong><\/span><\/p>\n<p><span style=\"color: #000000;\"><strong>Jocelyn Chan Low\u00a0: <\/strong>La logique est toute simple : Pourquoi attendre 2024 quand les conditions sont r\u00e9unies actuellement pour la concr\u00e9tisation d\u2019une telle alliance ?<\/span><\/p>\n<p><span style=\"color: #000000;\">Je crois que les dirigeants des trois partis concern\u00e9s (et m\u00eame Roshi Bhadain) ont compris que la victoire du gouvernement sortant aux derni\u00e8res \u00e9lections g\u00e9n\u00e9rales est due principalement \u00e0 la dispersion des forces de l\u2019opposition. D&#8217;ailleurs, le Gouvernement n\u2019a r\u00e9colt\u00e9 que 37% des votes exprim\u00e9s.<\/span><\/p>\n<p><span style=\"color: #000000;\">C\u2019est ainsi que d\u00e8s le lendemain des \u00e9lections g\u00e9n\u00e9rales, il y a eu une coordination dans l\u2019action des partis de l\u2019opposition dans leur d\u00e9marche de contester les r\u00e9sultats par voie de p\u00e9titions \u00e9lectorales.<\/span><\/p>\n<p><span style=\"color: #000000;\">Ensuite, il y a eu une v\u00e9ritable entente au niveau de l\u2019action parlementaire qui a d\u00e9bouch\u00e9 en des rencontres entre les leaders des diff\u00e9rents partis alors que leurs ailes jeunes se r\u00e9unissent r\u00e9guli\u00e8rement.<\/span><\/p>\n<p><span style=\"color: #000000;\">Et cette entente entre ces trois partis s\u2019est r\u00e9v\u00e9l\u00e9e in\u00e9branlable quand Pravind Jugnauth a balanc\u00e9 le nom de Paul B\u00e9renger dans l\u2019affaire Saint Louis : les autres leaders ont affich\u00e9 une solidarit\u00e9 sans faille envers le leader du MMM.<\/span><\/p>\n<p><span style=\"color: #000000;\">Apr\u00e8s environ une ann\u00e9e de travail en commun, je crois que la d\u00e9cision a \u00e9t\u00e9 prise pour aller ensemble aux \u00e9lections municipales pr\u00e9vues pour 2021. Or, il est imp\u00e9ratif que l\u2019opposition fasse un sans-faute \u00e0 ces \u00e9lections\u00a0: elle affaiblirait consid\u00e9rablement le r\u00e9gime actuel. Mais en m\u00eame temps comment demander un mandat de cinq ans aux citadins si le flou persiste quant \u00e0 la survie m\u00eame de cette alliance ?<\/span><\/p>\n<p><span style=\"color: #000000;\">Ensuite il est \u00e9vident que l\u2019\u00e9tat-major et les jeunes de ces divers partis n\u2019ont pas de difficult\u00e9s pour travailler ensemble. Il faudrait maintenant convaincre leurs partisans d\u2019abord et, ensuite, les d\u00e9\u00e7us du Gouvernement.<\/span><\/p>\n<p><span style=\"color: #000000;\">Le Gouvernement est au plus bas de sa popularit\u00e9 en ce moment. Et le pire sur le plan social et \u00e9conomique est devant nous\u2026 D\u2019o\u00f9 la n\u00e9cessit\u00e9 de pr\u00e9senter rapidement un programme et une \u00e9quipe cr\u00e9dible d\u00e8s maintenant. Et, en m\u00eame temps, ces d\u00e9lib\u00e9rations vont sans doute clore le d\u00e9bat sur celui qui sera pr\u00e9sent\u00e9 comme le challenger de Pravind Jugnauth en tant que Premier ministre.<\/span><\/p>\n<p><span style=\"color: #000000;\">Il est aussi vrai qu&#8217;on voit \u00e9merger un mouvement citoyen tr\u00e8s actif et revendicatif et o\u00f9 certains n\u2019h\u00e9sitent pas \u00e0 r\u00e9clamer le remplacement de tout le personnel politique comme au Liban. Mais ce mouvement n\u2019est pas encore tr\u00e8s bien structur\u00e9 d&#8217;o\u00f9 l\u2019urgence pour l&#8217;opposition de trancher une fois pour toutes sur le programme et l\u2019\u00e9quipe gouvernementale de l\u2019alternance.<\/span><\/p>\n<p><span style=\"color: #000000;\"><strong>* Au-del\u00e0 de la menace que pourrait poser le mouvement de Bruneau Laurette au MMM et au PMSD &#8211; il p\u00eache dans le m\u00eame bassin \u00e9lectoral de ces deux partis -, voyez-vous dans la d\u00e9marche des leaders du PTr et du MMM une strat\u00e9gie visant \u00e0 se prot\u00e9ger contre toute tentative de \u2018poaching\u2019 des seconds couteaux travaillistes et militants de la part du MSM ?<\/strong><\/span><\/p>\n<p><span style=\"color: #000000;\">Evidemment que le r\u00e9gime actuel, accul\u00e9 comme il l\u2019est, va tenter de semer la division entre et dans les partis de l\u2019opposition. Avec recul, on peut m\u00eame affirmer que certains d\u00e9parts du MMM entre 2014 et 2019 avaient \u00e9t\u00e9 savamment orchestr\u00e9s par le MSM.<\/span><\/p>\n<p><span style=\"color: #000000;\">D\u2019autres sont partis parce qu\u2019ils ne croyaient plus dans la capacit\u00e9 du MMM \u00e0 retourner au pouvoir.<\/span><\/p>\n<p><span style=\"color: #000000;\">Evidemment si l\u2019opposition arrive \u00e0 pr\u00e9senter une alternance cr\u00e9dible face \u00e0 un Gouvernement en perte de vitesse, l&#8217;exercice de <em>poaching<\/em> par les <em>spin doctors<\/em> du r\u00e9gime sera plus compliqu\u00e9. C\u2019est l&#8217;inverse qui risquerait de se passer\u2026<\/span><\/p>\n<p><span style=\"color: #000000;\"><strong>* Le Muvman Liberater d\u2019Ivan Collendavelloo ne repr\u00e9sente pas grand-chose aux yeux du MSM aujourd\u2019hui, surtout depuis le retrait de SAJ et davantage apr\u00e8s l\u2019affaire St Louis. Voyez-vous le MSM tent\u00e9, dans ces nouvelles circonstances, de tendre la perche \u00e0 certains dirigeants du PTr et du MMM, surtout ceux du groupe parlementaire ?<\/strong><\/span><\/p>\n<p><span style=\"color: #000000;\">Dans l\u2019histoire politique, Il y a toujours eu des transfuges. SSR avait pu consolider sa majorit\u00e9 entre 1976 et 1982 justement gr\u00e2ce \u00e0 des transfuges.<\/span><\/p>\n<p><span style=\"color: #000000;\">Mais cela n\u2019a pas \u00e9vit\u00e9 sa cuisante d\u00e9faite aux \u00e9lections de 1982, principalement en raison de la crise \u00e9conomique qui avait entra\u00een\u00e9 le ch\u00f4mage massif et deux d\u00e9valuations de la roupie.<\/span><\/p>\n<p><span style=\"color: #000000;\">Toutefois, \u00e0 la diff\u00e9rence de SSR de 1976 \u00e0 1982, le Gouvernement dispose d\u2019une majorit\u00e9 confortable au Parlement.Il n\u2019a nullement besoin d&#8217;avoir recours \u00e0 de tels proc\u00e9d\u00e9s si ce n&#8217;est que pour affaiblir l\u2019opposition. Mais est-ce que cela changera grand-chose sur le terrain ?<\/span><\/p>\n<p><span style=\"color: #000000;\"><strong>* D\u2019un c\u00f4t\u00e9, il y a le PTr qui &#8211; de toute \u00e9vidence &#8211; n&#8217;est pas \u00e0 l\u2019aise comme parti de l&#8217;opposition, et de l\u2019autre c\u00f4t\u00e9, le MMM avec ses militants us\u00e9s par la fatigue de longues ann\u00e9es dans l&#8217;opposition qui se retrouve encore une fois dans la m\u00eame configuration. Leur seule chance pour qu\u2019ils puissent reprendre du poil de la b\u00eate, c\u2019est de reprendre les r\u00eanes du pouvoir, non ?<\/strong><\/span><\/p>\n<p><span style=\"color: #000000;\">Ces deux grands partis ont connu des d\u00e9faites, des changements de leadership mais, tout comme le PMSD d&#8217;ailleurs, ont toujours su comment rebondir.<\/span><\/p>\n<p><span style=\"color: #000000;\">Quant \u00e0 l\u2019exercice du pouvoir, sinc\u00e8rement, croyez-vous que c&#8217;est une sin\u00e9cure dans un monde post Covid-19? Au contraire! Politiquement dans de telles conditions, le pouvoir peut se r\u00e9v\u00e9ler \u00eatre une mal\u00e9diction\u2026 Et pas seulement \u00e0 Maurice. On n\u2019a qu\u2019\u00e0 voir les sondages quant \u00e0 l&#8217;issue des pr\u00e9sidentielles aux Etats-Unis\u2026<\/span><\/p>\n<p><span style=\"color: #000000;\">Effectivement, comment dans une d\u00e9mocratie faire face \u00e0 une pand\u00e9mie avec des cons\u00e9quences \u00e9conomiques et sociales catastrophiques\u00a0? Comment faire sans aucune visibilit\u00e9 quant \u00e0 l&#8217;issue de la crise tout en restant populaire au niveau politique ? La recette est toujours introuvable\u2026<\/span><\/p>\n<p><span style=\"color: #000000;\"><strong>* Si les leaders des partis de l\u2019opposition pensent avoir besoin d\u2019une alliance pour assurer \u00e0 chacun la p\u00e9rennit\u00e9 de son parti et de sa carri\u00e8re politique, comment vont r\u00e9agir les partisans de leur parti respectif, selon vous ?<\/strong><\/span><\/p>\n<p><span style=\"color: #000000;\">C\u2019est justement pour cela que les leaders politiques ont acc\u00e9l\u00e9r\u00e9 leur calendrier. Une grande partie de la population ne veut plus du gouvernement actuel d\u2019o\u00f9 la popularit\u00e9 du slogan \u2018<em>B\u2026 li deor<\/em> !\u2019 dans les diverses manifestations, lesquelles &#8211; faut-il le rappeler &#8211; ont battu tous les records de mobilisation de foule.<\/span><\/p>\n<p><span style=\"color: #000000;\">A mon avis, c&#8217;est justement c\u2019est sur ce sentiment de la n\u00e9cessit\u00e9 de changer de gouvernement et de mod\u00e8le de gouvernance que les leaders des partis de l\u2019opposition comptent capitaliser pour r\u00e9unir leurs partisans derri\u00e8re l\u2019id\u00e9e d\u2019un front de l\u2019opposition. Ce dernier, \u00e0 mon avis, devrait aussi inclure Roshi Bhadain du Reform Party et d\u2019autres \u00e9l\u00e9ments de la soci\u00e9t\u00e9 civile.<\/span><\/p>\n<p><span style=\"color: #000000;\">Il faut rappeler qu\u2019avant les \u00e9lections de 2019, Paul B\u00e9renger avait lanc\u00e9 l\u2019invitation \u00e0 des \u00e9l\u00e9ments de la soci\u00e9t\u00e9 pour se rallier derri\u00e8re le parti. Et au dernier congr\u00e8s du MMM, il avait m\u00eame lanc\u00e9 l\u2019id\u00e9e d\u2019une collaboration avec certains partis de la gauche radicale\u2026<\/span><\/p>\n<p><span style=\"color: #000000;\"><strong>* M\u00eame s\u2019ils arrivent \u00e0 concr\u00e9tiser une alliance assez rapidement, voyez-vous cette force combin\u00e9e du PTr-MMM-PSMD pouvoir chasser du pouvoir l\u2019actuel Gouvernement avant la tenue des prochaines l\u00e9gislatives ?<\/strong><\/span><\/p>\n<p><span style=\"color: #000000;\">Si le pays s\u2019enfonce dans une crise \u00e9conomique et sociale avec des manifestations de rue spontan\u00e9es, il sera extr\u00eamement compliqu\u00e9 de g\u00e9rer le pays. C\u2019est toujours difficile de tenir les r\u00eanes du pouvoir dans un climat de fin de r\u00e8gne.<\/span><\/p>\n<p><span style=\"color: #000000;\">Cependant, le Gouvernement dispose d\u2019une majorit\u00e9 confortable au Parlement et, constitutionnellement, c\u2019est cela qui compte. En outre, en ce qu\u2019il s\u2019agit des p\u00e9titions \u00e9lectorales, il faudra attendre quelques ann\u00e9es encore avant le verdict final.<\/span><\/p>\n<p><span style=\"color: #000000;\">Par ailleurs, je pense que le Gouvernement attendra sans doute la reprise \u00e9conomique mondiale et ses effets sur l\u2019\u00e9conomie du pays afin de r\u00e9introduire des mesures populistes \u00e0 des fins \u00e9lectorales\u2026<\/span><\/p>\n<p><span style=\"color: #000000;\"><strong>* Par ailleurs, si les deux grands partis qui ont domin\u00e9 l&#8217;\u00e9chiquier politique \u00e0 Maurice durant des d\u00e9cennies, se voient aujourd&#8217;hui dans l&#8217;obligation de ne pas disperser leurs forces, c&#8217;est probable qu&#8217;ils consid\u00e8rent que l\u2019adversaire en face est de taille, voire probablement imbattable, dans les circonstances actuelles ?<\/strong><\/span><\/p>\n<p><span style=\"color: #000000;\">Parce que c\u2019est effectivement le cas. Le Gouvernement a une l\u00e9gitimit\u00e9 constitutionnelle mais au fond une tr\u00e8s faible popularit\u00e9 dans le pays.<\/span><\/p>\n<p><span style=\"color: #000000;\">D\u2019ailleurs, il n\u2019y a pas eu de meetings de remerciement apr\u00e8s les \u00e9lections de 2019 car il y avait une tr\u00e8s grande morosit\u00e9 dans le pays apr\u00e8s la victoire de Pravind Jugnauth.<\/span><\/p>\n<p><span style=\"color: #000000;\">Il ne pouvait en \u00eatre autrement car il n\u2019a r\u00e9colt\u00e9 que 37% des votes exprim\u00e9s. Si l\u2019on ajoute les abstentionnistes, il dispose du soutien de moins de 30% de la population.<\/span><\/p>\n<p><span style=\"color: #000000;\">D\u2019ailleurs, dans une telle situation et face aux difficult\u00e9s engendr\u00e9es par la pand\u00e9mie, le Gouvernement aurait d\u00fb se montrer conciliant envers l\u2019opposition et m\u00eame, pourquoi pas, \u0153uvrer vers un gouvernement d\u2019unit\u00e9 nationale. Il aurait d\u00fb mettre de c\u00f4t\u00e9 les diff\u00e9rends politiques afin de se concentrer sur le <em>re-engineering <\/em>de notre \u00e9conomie pour faire face aux d\u00e9fis d\u2019un monde post Covid-19 .<\/span><\/p>\n<p><span style=\"color: #000000;\">Au lieu de cela, il a privil\u00e9gi\u00e9 la confrontation au Parlement, le Speaker lui-m\u00eame est devenu le symbole de cette confrontation. Et ensuite, les nominations d\u00e9montrent clairement une volont\u00e9 de mainmise sur toutes les institutions du pays.<\/span><\/p>\n<p><span style=\"color: #000000;\">L\u2019opposition semble avoir compris qu\u2019il n\u2019y a d&#8217;autres solutions que de s&#8217;unir face \u00e0 un Gouvernement qui va utiliser toutes les astuces disponibles pour rester au pouvoir. Outre le contr\u00f4le des institutions- cl\u00e9s, il y a aussi le <em>money politics<\/em>\u2026<\/span><\/p>\n<p><span style=\"color: #000000;\"><strong>* Par ailleurs, les perspectives sur le plan mondial restent tr\u00e8s incertaines, car les risques de nouvelles vagues de contagion, d&#8217;inversion des flux de capitaux et de nouvelle diminution des \u00e9changes internationaux se profilent toujours \u00e0 l&#8217;horizon, selon le Fonds mon\u00e9taire international (FMI)\u2026<\/strong><\/span><\/p>\n<p><span style=\"color: #000000;\">Il faut d&#8217;abord comprendre qu\u2019un grand nombre de sp\u00e9cialistes avaient pr\u00e9vu une r\u00e9cession mondiale pour 2020 bien avant qu\u2019\u00e9clate la pand\u00e9mie de Covid-19.<\/span><\/p>\n<p><span style=\"color: #000000;\">Parce que pour sortir de la crise de 2008, \u00e0 la fois le secteur public et le secteur priv\u00e9 se sont massivement endett\u00e9s. La bulle, selon certains, devait \u00e9clater en 2020.<\/span><\/p>\n<p><span style=\"color: #000000;\">Mais, avec la crise, la dette publique et priv\u00e9e a consid\u00e9rablement augment\u00e9. Quel sera l&#8217;effet de tout cela dans les ann\u00e9es \u00e0 venir si ce n&#8217;est une crise \u00e9conomique mondiale de longue dur\u00e9e ?<\/span><\/p>\n<p><span style=\"color: #000000;\">Il faut ajouter \u00e0 cela une situation g\u00e9opolitique tr\u00e8s pr\u00e9occupante\u2026 La crise du coronavirus a acc\u00e9l\u00e9r\u00e9 la confrontation entre la Chine et les Etats-Unis et ses alli\u00e9s. En effet, la Chine aspire \u00e0 retrouver le statut du centre \u00e9conomique mondial &#8211; l\u2019empire du milieu &#8211; qu\u2019elle \u00e9tait avant les guerres de l\u2019opium du 19\u00e8me si\u00e8cle.<\/span><\/p>\n<p><span style=\"color: #000000;\">En fait, le 21eme si\u00e8cle sera le si\u00e8cle de l\u2019Asie avec la Chine et l&#8217;Inde comme les principaux moteurs de l\u2019\u00e9conomie mondiale. Mais les Etats-Unis et, dans une moindre mesure, certains pays europ\u00e9ens ne sont pas pr\u00eats \u00e0 accepter la nouvelle situation.<\/span><\/p>\n<p><span style=\"color: #000000;\">Ainsi, une nouvelle guerre froide s\u2019est install\u00e9e dans le monde avec la possibilit\u00e9 du retour vers le protectionnisme, ce qui aura \u00e9videmment des effets consid\u00e9rables sur l&#8217;\u00e9conomie mondiale.<\/span><\/p>\n<p><span style=\"color: #000000;\">Et il y a pire. Les Etats-Unis et la Chine risquent de se retrouver dans le \u2018Pi\u00e8ge de Thucydide\u2019.<\/span><\/p>\n<p><span style=\"color: #000000;\">Ce terme est de Graham T. Allison. Selon ce dernier, l\u2019histoire du monde r\u00e9v\u00e8le que dans la grande majorit\u00e9 des cas, quand un pays \u00e9mergent a contest\u00e9 l\u2019h\u00e9g\u00e9monie de la puissance dominante, cela a r\u00e9sult\u00e9 en un conflit sanglant.<\/span><\/p>\n<p><span style=\"color: #000000;\">Et ces incertitudes vont peser tr\u00e8s lourdement sur la reprise \u00e9conomique mondiale. Ajoutons \u00e0 cela les difficult\u00e9s \u00e0 pr\u00e9voir aux Etats-Unis quant \u00e0 l&#8217;issue des pr\u00e9sidentielles, les probl\u00e8mes du Brexit qui n\u2019en finissent plus, etc., l&#8217;avenir est vraiment tr\u00e8s incertain\u2026<\/span><\/p>\n<p><span style=\"color: #000000;\">La situation actuelle ressemble \u00e9trangement \u00e0 la situation qui a pr\u00e9valu au niveau mondial dans les ann\u00e9es 30 : tensions et conflits au niveau international, le retour du protectionnisme, d\u00e9mondialisation et d\u00e9pression \u00e9conomique de longue dur\u00e9e. Il est vrai qu\u2019aujourd\u2019hui les causes de la d\u00e9pression sont aussi li\u00e9es \u00e0 une pand\u00e9mie.<\/span><\/p>\n<p><span style=\"color: #000000;\"><strong>* A Maurice, la situation risque de se corser dans les mois \u00e0 venir, selon les \u00e9conomistes. D\u00e9j\u00e0 des milliers de Mauriciens ont perdu leur emploi, et on parle de plus de la d\u00e9t\u00e9rioration ces derniers mois du niveau des pauvres mais aussi celui de la classe moyenne. Quel va \u00eatre l\u2019impact de cette situation sur le plan politique ?<\/strong><\/span><\/p>\n<p><span style=\"color: #000000;\">La Covid-19 n\u2019a fait qu&#8217;aggraver les difficult\u00e9s de l\u2019\u00e9conomie mauricienne. Les clignotants \u00e9taient d\u00e9j\u00e0 dans le rouge bien avant la pand\u00e9mie, que ce soit dans le secteur touristique, \u00e0 Air Mauritius, dans le secteur offshore, etc., ou encore en ce qu\u2019il s\u2019agit de la dette publique et priv\u00e9e.<\/span><\/p>\n<p><span style=\"color: #000000;\">Aujourd&#8217;hui, effectivement, nous sommes entr\u00e9s de plein pied en r\u00e9cession. Il y a eu une contraction majeure dans le secteur touristique, la construction, les services, etc. Et le ch\u00f4mage de masse est derri\u00e8re la porte. Le Gouvernement a inject\u00e9 des milliards pour \u00e9viter la catastrophe sociale mais l\u2019\u00e9conomie n&#8217;est que sous perfusion. Cette situation ne peut durer \u00e9ternellement.<\/span><\/p>\n<p><span style=\"color: #000000;\">En outre, il ne faut pas se bercer d\u2019illusions. La reprise dans le secteur du tourisme n\u2019est pas pour demain. Il faudra attendre des ann\u00e9es avant qu\u2019on retrouve le m\u00eame niveau d&#8217;arriv\u00e9es que 2019. Puis, le danger d\u2019une deuxi\u00e8me vague est r\u00e9el dans les pays qui sont nos principaux pourvoyeurs de visiteurs.<\/span><\/p>\n<p><span style=\"color: #000000;\">Quant au secteur financier, non seulement le pays est sur la liste noire de l\u2019Union europ\u00e9enne mais les initiatives r\u00e9centes de l\u2019Inde et du Botswana ne font qu\u2019accentuer les pressions sur ce secteur.<\/span><\/p>\n<p><span style=\"color: #000000;\">Et avec la d\u00e9pr\u00e9ciation continue de la roupie, le niveau de vie ira en se d\u00e9gradant. La classe moyenne s\u2019est consid\u00e9rablement appauvrie ces derni\u00e8res ann\u00e9es, et va encore une fois en souffrir.<\/span><\/p>\n<p><span style=\"color: #000000;\">De plus, il y a des mesures telles que la Contribution Sociale G\u00e9n\u00e9ralis\u00e9e (CSG) qui va l\u2019affecter davantage. Par exemple, dans le secteur priv\u00e9, le recrutement et les promotions de jeunes professionnels vont diminuer ou alors ils seront recrut\u00e9s mais le salaire propos\u00e9 sera inferieur car \u00e0 partir d\u2019un certain bar\u00e8me salarial, la contribution de l\u2019employeur au CSG va doubler. Il y a des entreprises qui ont d\u00e9j\u00e0 mis cela en pratique.<\/span><\/p>\n<p><span style=\"color: #000000;\"><strong>* Le po\u00ealon deviendra donc plus chaud pour le Gouvernement\u2026 <\/strong><\/span><\/p>\n<p><span style=\"color: #000000;\">Evidemment. Bien s\u00fbr, le Gouvernement va essayer de jouer l\u2019attentisme en attendant une reprise au niveau mondial avant les prochaines \u00e9lections g\u00e9n\u00e9rales. Il viendrait alors de l\u2019avant avec d\u2019autres mesures populistes. C\u2019est un pari risqu\u00e9 car il n\u2019y a pas de visibilit\u00e9 mais que des incertitudes par rapport \u00e0 l&#8217;avenir au niveau \u00e9conomique mondial.<\/span><\/p>\n<p><span style=\"color: #000000;\">La solution id\u00e9ale est \u00e9videmment de constituer un gouvernement d\u2019unit\u00e9 nationale qui am\u00e8nera une tr\u00eave politique. Alors, le pays pourra se r\u00e9inventer \u00e9conomiquement. Il est \u00e9vident que le monde post-Covid-19 est diff\u00e9rent de celui d\u2019avant. Dans ce contexte, il faut aujourd\u2019hui sortir de cette <em>overreliance<\/em> sur le secteur du tourisme et des IRS, et miser davantage sur la s\u00e9curit\u00e9 alimentaire et la <em>Blue Ocean Economy<\/em>.<\/span><\/p>\n<p><span style=\"color: #000000;\">En outre, les milliards du Gouvernement auraient d\u00fb \u00eatre canalis\u00e9s davantage vers les PME, avec en toile de fond, une campagne agressive pour favoriser la consommation des produits locaux.<\/span><\/p>\n<p><span style=\"color: #000000;\">Mais il est clair que l&#8217;unit\u00e9 nationale pour faire face aux d\u00e9fis immenses du monde post-Covid-19 n\u2019int\u00e9resse ni le Gouvernement ni l\u2019opposition.<\/span><\/p>\n<p><span style=\"color: #000000;\">L\u2019autre option serait que Pravind Jugnauth reprenne toutes les demandes de la soci\u00e9t\u00e9 civile en ce qu\u2019il s&#8217;agit de r\u00e9formes des institutions vers la bonne gouvernance dans la transparence, vers plus de m\u00e9ritocratie, vers une d\u00e9mocratie participative &#8212; option difficile \u00e0 envisager car elle se retrouverait, dit-on, aux antipodes de la culture politique pr\u00e9valant au MSM.<\/span><\/p>\n<p><span style=\"color: #000000;\">On comprend mieux alors l&#8217;empressement des partis de l&#8217;opposition \u00e0 pr\u00e9senter le programme et l\u2019\u00e9quipe de l\u2019alternance d\u00e8s maintenant.<\/span><\/p>\n<hr \/>\n<p><span style=\"color: #008080;\">* Published in print edition on 16 October 2020<\/span><\/p>\n","protected":false},"excerpt":{"rendered":"<p>Interview\u00a0: Jocelyn Chan Low, Historien<\/p>\n","protected":false},"author":1,"featured_media":28957,"comment_status":"open","ping_status":"open","sticky":false,"template":"","format":"standard","meta":{"jetpack_post_was_ever_published":false,"_jetpack_newsletter_access":"","_jetpack_dont_email_post_to_subs":false,"_jetpack_newsletter_tier_id":0,"_jetpack_memberships_contains_paywalled_content":false,"_jetpack_memberships_contains_paid_content":false,"footnotes":"","jetpack_publicize_message":"","jetpack_publicize_feature_enabled":true,"jetpack_social_post_already_shared":true,"jetpack_social_options":{"image_generator_settings":{"template":"highway","default_image_id":0,"font":"","enabled":false},"version":2}},"categories":[32,6],"tags":[1067,14844,101,26437,25443,22005,27093,23091,27096,27098,20127,23865,27094,665,7009,286,58,814,9427,280,551,49,323,48,27095,813,607,56,27097,3270,21944],"class_list":["post-28956","post","type-post","status-publish","format-standard","has-post-thumbnail","hentry","category-interviews","category-latest-news","tag-air-mauritius","tag-blue-ocean-economy","tag-brexit","tag-bruneau-laurette","tag-contribution-sociale-generalisee","tag-covid-19","tag-covid-19-fmi","tag-demondialisation","tag-depression-economique","tag-empire-du-milieu","tag-fonds-monetaire-international","tag-gouvernement-dunite-nationale","tag-graham-t-allison","tag-interview","tag-irs","tag-ivan-collendavelloo","tag-jocelyn-chan-low","tag-mmm","tag-money-politics","tag-msm","tag-muvman-liberater","tag-paul-berenger","tag-pmsd","tag-pravind-jugnauth","tag-protectionnisme","tag-ptr","tag-reform-party","tag-roshi-bhadain","tag-secteur-offshore","tag-ssr","tag-union-europeenne"],"jetpack_publicize_connections":[],"jetpack_featured_media_url":"https:\/\/i0.wp.com\/www.mauritiustimes.com\/mt\/wp-content\/uploads\/2020\/10\/Jocelyn-Chan-Low-1.jpg?fit=1200%2C765&ssl=1","jetpack_sharing_enabled":true,"jetpack_shortlink":"https:\/\/wp.me\/p8QzSF-7x2","_links":{"self":[{"href":"https:\/\/www.mauritiustimes.com\/mt\/wp-json\/wp\/v2\/posts\/28956","targetHints":{"allow":["GET"]}}],"collection":[{"href":"https:\/\/www.mauritiustimes.com\/mt\/wp-json\/wp\/v2\/posts"}],"about":[{"href":"https:\/\/www.mauritiustimes.com\/mt\/wp-json\/wp\/v2\/types\/post"}],"author":[{"embeddable":true,"href":"https:\/\/www.mauritiustimes.com\/mt\/wp-json\/wp\/v2\/users\/1"}],"replies":[{"embeddable":true,"href":"https:\/\/www.mauritiustimes.com\/mt\/wp-json\/wp\/v2\/comments?post=28956"}],"version-history":[{"count":0,"href":"https:\/\/www.mauritiustimes.com\/mt\/wp-json\/wp\/v2\/posts\/28956\/revisions"}],"wp:featuredmedia":[{"embeddable":true,"href":"https:\/\/www.mauritiustimes.com\/mt\/wp-json\/wp\/v2\/media\/28957"}],"wp:attachment":[{"href":"https:\/\/www.mauritiustimes.com\/mt\/wp-json\/wp\/v2\/media?parent=28956"}],"wp:term":[{"taxonomy":"category","embeddable":true,"href":"https:\/\/www.mauritiustimes.com\/mt\/wp-json\/wp\/v2\/categories?post=28956"},{"taxonomy":"post_tag","embeddable":true,"href":"https:\/\/www.mauritiustimes.com\/mt\/wp-json\/wp\/v2\/tags?post=28956"}],"curies":[{"name":"wp","href":"https:\/\/api.w.org\/{rel}","templated":true}]}}