{"id":2870,"date":"2014-05-16T07:50:29","date_gmt":"2014-05-16T07:50:29","guid":{"rendered":"http:\/\/mauritiustimes.com\/mt\/2014\/05\/16\/interview-anil-gayan-3\/"},"modified":"2018-07-16T14:10:06","modified_gmt":"2018-07-16T10:10:06","slug":"interview-anil-gayan-3","status":"publish","type":"post","link":"https:\/\/www.mauritiustimes.com\/mt\/interview-anil-gayan-3\/","title":{"rendered":"\u00ab Ramgoolam va garder tous les pouvoirs pour lui, laissant \u00e0 Paul B\u00e9renger le soin de remplir le r\u00f4le d\u2019un \u2018figurehead Prime Minister\u2019 \u00bb"},"content":{"rendered":"<h5 class=\"MsoNormal\" style=\"text-align: center;\"><strong><span lang=\"FR\" style=\"font-family: Verdana;\">Interview: Anil Gayan<\/span><\/strong><\/h5>\n<p><!--more--><\/p>\n<h4 class=\"MsoNormal\" style=\"text-align: center;\"><span style=\"color: #800000;\"><strong style=\"line-height: 1.3em;\"><span lang=\"FR\" style=\"font-family: Verdana;\">Deuxi\u00e8me R\u00e9publique : \u00ab Cette question doit etre d\u00e9battue par une grande \u2018Constituent Assembly\u2019 \u2013 qui soit \u2018di passionate\u2019 et nullement li\u00e9e \u00e0 la politique \u00bb<\/span><\/strong><\/span><\/h4>\n<p class=\"MsoNormal\"><span style=\"color: #000000;\"><em><strong style=\"line-height: 1.3em;\"><span lang=\"FR\" style=\"font-family: Verdana;\">Qu\u2019il s\u2019agisse de la r\u00e9forme constitutionnelle ou de la r\u00e9forme \u00e9lectorale, les d\u00e9bats vont bon train mais les difficult\u00e9s et les obstacles semblent aussi s\u2019accumuler en cours de route pour les principaux protagonistes &#8211; le Premier ministre et le leader de l\u2019Opposition. <\/span><\/strong><\/em><\/span><\/p>\n<p><span style=\"color: #000000;\"><strong style=\"line-height: 1.3em;\"> Le peuple veut-il d\u2019une r\u00e9forme dans un sens ou dans l\u2019autre ? Est-ce que les Mauriciens s\u2019int\u00e9ressent vraiment \u00e0 la question de partage de pouvoirs entre ces deux hommes politiques ? Le d\u00e9bat porte-t-il vraiment sur ce qui int\u00e9resse les citoyens ordinaires ? Anil Gayan, avocat de profession, r\u00e9pond \u00e0 nos questions.<\/strong><\/span><\/p>\n<p class=\"MsoNormal\"><span style=\"color: #000000;\"><strong style=\"line-height: 1.3em;\"><span lang=\"FR\" style=\"font-family: Verdana;\">Mauritius Times : Lors de sa conf\u00e9rence de presse lundi dernier, le Premier ministre a laiss\u00e9 entendre qu\u2019il existe une alternative \u00ab compliqu\u00e9e mais possible \u00bb pour contourner la plainte constitutionnelle de Resistans ek Alternativ. Une alternative qui consisterait, semble-t-il, \u00e0 amender la \u2018Representation of the People Act\u2019 par une majorit\u00e9 simple en vue de permettre \u00e0 un candidat de ne pas d\u00e9clarer son groupe ethnique tout en se disqualifiant d\u2019un si\u00e8ge de Best Loser. En tant que l\u00e9giste, pensez-vous que c\u2019est faisable et qu\u2019une telle candidature ne court pas le risque de contestation ?<\/span><\/strong><\/span><\/p>\n<p class=\"MsoNormal\"><span style=\"color: #000000;\"><strong><span lang=\"FR\" style=\"font-family: Verdana;\">Anil Gayan :<\/span><\/strong><span lang=\"FR\" style=\"font-family: Verdana;\"> Le probl\u00e8me constitutionnel va toujours se poser, parce que d\u2019apr\u00e8s le \u2018First Schedule\u2019 de notre Constitution, chaque candidat est tenu de d\u00e9clarer la communaut\u00e9 \u00e0 laquelle il appartient. Un simple amendement de la \u2018Representation of the People Act\u2019 ne suffira pas ; il faudra aussi amender \u00ab The Schedule to the Constitution \u00bb qui fait partie int\u00e9grante de cette Constitution. Ce n\u2019est pas vraiment compliqu\u00e9, c\u2019est faisable ; mais il faut faire les deux \u00e0 la fois.<\/span><\/span><\/p>\n<p class=\"MsoNormal\"><span lang=\"FR\" style=\"font-family: Verdana; color: #000000;\">A mon avis, le moyen le plus facile de contourner le probl\u00e8me consisterait \u00e0 amender la \u2018Representation of The People Act\u2019 et aussi la Constitution, ce qui va permettre \u00e0 un candidat qui le souhaite de ne pas d\u00e9clarer son appartenance ethnique mais qui le rend in\u00e9ligible \u00e0 un si\u00e8ge de \u2018Best Loser\u2019.<\/span><\/p>\n<p class=\"MsoNormal\"><span style=\"color: #000000;\"><strong><span lang=\"FR\" style=\"font-family: Verdana;\">* C\u2019est une proposition qui fait que le \u2018Best Loser\u2019 est maintenu dans notre syst\u00e8me \u00e9lectoral ?<\/span><\/strong><\/span><\/p>\n<p class=\"MsoNormal\"><span lang=\"FR\" style=\"font-family: Verdana; color: #000000;\">Oui, le \u2018Best Loser\u2019 est maintenu mais ceux qui choisissent de ne pas d\u00e9clarer leur groupe ethnique seront disqualifi\u00e9s pour un si\u00e8ge de \u2018Best Loser\u2019. Je ne sais si cette proposition va recueillir un consensus parmi la classe politique qui semble rester fig\u00e9e par rapport \u00e0 cette question de communaut\u00e9. Or, Maurice \u00e9tant ce qu\u2019elle est, tout le monde s\u2019identifie et est reconnu su la base de sa communaut\u00e9. Qu\u2019on le veuille ou non, c\u2019est cela la r\u00e9alit\u00e9 de Maurice. Qu\u2019il s\u2019agisse du candidat Meeah ou Aim\u00e9e ou Bachoo, chacun sera reconnu sur la base de son appartenance ethnique soit en tant que Musulman ou Cr\u00e9ole ou Hindou. En quoi cela pose-t-il probl\u00e8me? Est-ce qu\u2019un amendement constitutionnel ou autre va effacer d\u2019un trait de plume la notion d\u2019appartenance ethnique dans la soci\u00e9t\u00e9 mauricienne ? <\/span><\/p>\n<p class=\"MsoNormal\"><span lang=\"FR\" style=\"font-family: Verdana; color: #000000;\">Vous savez, tout cela est bon pour de grands d\u00e9bats intellectuels, mais dans la r\u00e9alit\u00e9 quotidienne et aussi longtemps que les Mauriciens iront prier dans leur mosqu\u00e9e, temple, pagode ou \u00e9glise, l\u2019identification sur la base de l\u2019ethnicit\u00e9 sera maintenue. Donc, je ne vois pas comment cette d\u00e9marche visant \u00e0 permettre \u00e0 un candidat de ne pas faire mention de son groupe ethnique va changer quoi que ce soit. Il faut certes une r\u00e9forme \u00e9lectorale en vue d\u2019assurer une meilleure repr\u00e9sentation f\u00e9minine au Parlement et aussi pour introduire une dose de proportionnelle dans notre syst\u00e8me \u00e9lectoral\u2026<\/span><\/p>\n<p class=\"MsoNormal\"><span style=\"color: #000000;\"><strong><span lang=\"FR\" style=\"font-family: Verdana;\">* Mais que faites-vous du \u2018ruling\u2019 du Comit\u00e9 des droits de l\u2019homme des Nations unies ? Le gouvernement mauricien est-il tenu d\u2019appliquer les recommandations de ce Comit\u00e9 ?<\/span><\/strong><\/span><\/p>\n<p class=\"MsoNormal\"><span lang=\"FR\" style=\"font-family: Verdana; color: #000000;\">Le \u2018ruling\u2019 n\u2019est pas \u2018binding\u2019. Mais ce Comit\u00e9 dispose quand m\u00eame d\u2019une certaine influence en vue d\u2019encourager des changements dans les l\u00e9gislations des pays membres. Il faut savoir que ce que le Comit\u00e9 des droits de l\u2019homme des Nations unies a consid\u00e9r\u00e9 comme \u00e9tant \u2018objectionable\u2019 est pr\u00e9vu par notre Constitution \u2013 la loi supr\u00eame de la R\u00e9publique de Maurice. Le gouvernement pourra bien faire valoir que ce que recherche le Comit\u00e9, c\u2019est de changer notre Constitution ! <\/span><\/p>\n<p class=\"MsoNormal\"><span style=\"color: #000000;\"><strong><span lang=\"FR\" style=\"font-family: Verdana;\">* Si il n\u2019y a rien de \u2018binding\u2019, le gouvernement a-t-elle une obligation morale d\u2019apporter les changements r\u00e9clam\u00e9s ?<\/span><\/strong><\/span><\/p>\n<p class=\"MsoNormal\"><span lang=\"FR\" style=\"font-family: Verdana; color: #000000;\">Chaque Etat qui adh\u00e8re \u00e0 un trait\u00e9 ou \u00e0 une convention est tenu d\u2019appliquer \u00ab in good faith \u00bb les dispositions de ce trait\u00e9 ou convention. Dans ce sens, le gouvernement est donc dans l\u2019obligation d\u2019agir en conformit\u00e9 avec ce que pr\u00e9conisent les Nations unies. Cette obligation est d\u2019ordre moral, mais le gouvernement pourra en toute bonne foi affirmer qu\u2019il a tout essay\u00e9 mais, faute de consensus dans le pays, on ne pourra faire autrement que de maintenir le syst\u00e8me. Les Nations unies vont prendre acte de cette d\u00e9claration, et cela sera la fin de l\u2019histoire.<\/span><\/p>\n<p class=\"MsoNormal\"><span lang=\"FR\" style=\"font-family: Verdana; color: #000000;\">M\u00eame chose en ce qui concerne une telle affaire devant le \u2018Privy Council\u2019, car le Conseil priv\u00e9 de la Reine aura \u00e0 prendre en consid\u00e9ration la loi mauricienne et ce que pr\u00e9voit notre Constitution. Le judiciaire est tenu de respecter et de faire respecter la loi, il ne peut pas travailler en dehors du cadre juridique. <\/span><\/p>\n<p class=\"MsoNormal\"><span style=\"color: #000000;\"><strong><span lang=\"FR\" style=\"font-family: Verdana;\">* Si cette alternative \u00ab compliqu\u00e9e mais possible \u00bb, selon le Premier ministre, est tout \u00e0 fait faisable d\u2019un point de vue constitutionnel et selon la proc\u00e9dure que vous pr\u00e9conisez, pensez-vous qu\u2019il faudra malgr\u00e9 tout r\u00e9former notre syst\u00e8me \u00e9lectoral ? <\/span><\/strong><\/span><\/p>\n<p class=\"MsoNormal\"><span lang=\"FR\" style=\"font-family: Verdana; color: #000000;\">Oui, principalement pour deux raisons : pour am\u00e9liorer la repr\u00e9sentation f\u00e9minine et introduire une dose de proportionnelle, mais aussi pour permettre \u00e0 ceux qui ne le souhaitent pas de ne pas avoir \u00e0 d\u00e9cliner leur appartenance communale pour poser leur candidature aux \u00e9lections. <\/span><\/p>\n<p class=\"MsoNormal\"><span lang=\"FR\" style=\"font-family: Verdana; color: #000000;\">Par ailleurs, je constate que ni le PTr ni le MMM ne souhaitent aborder s\u00e9rieusement cette question fondamentale qu\u2019est le financement des partis politiques. Il nous faut \u00e0 tout prix une loi sur cette question, et une r\u00e9forme qui escamote le financement des partis politiques ne sera pas dans l\u2019int\u00e9r\u00eat national. C\u2019est le financement des partis politiques qui repr\u00e9sente un probl\u00e8me majeur, notamment pour qu\u2019on ait des \u00e9lections qui soient \u2018free and fair as well as credible\u2019.<\/span><\/p>\n<p class=\"MsoNormal\"><span style=\"color: #000000;\"><strong><span lang=\"FR\" style=\"font-family: Verdana;\">* Navin Ramgoolam soutient que la r\u00e9forme \u00e9lectorale telle que propos\u00e9e par son gouvernement va permettre au pays \u00ab de franchir une seconde \u00e9tape apr\u00e8s celle de l\u2019ind\u00e9pendance \u00bb. Paul B\u00e9renger, lui, avance que le MMM milite depuis d\u00e9j\u00e0 30 ans en faveur de cette r\u00e9forme. Les leaders des deux principaux partis du pays sont d\u2019accord sur le principe de r\u00e9forme et il n\u2019y a que les modalit\u00e9s \u00e0 r\u00e9gler. Quelle appr\u00e9ciation faites-vous des discussions entam\u00e9es par ces deux leaders politiques?<\/span><\/strong><\/span><\/p>\n<p class=\"MsoNormal\"><span lang=\"FR\" style=\"font-family: Verdana; color: #000000;\">D\u2019apr\u00e8s ce que nous rapporte la presse et \u00e0 partir des d\u00e9clarations de deux leaders eux-m\u00eames, nous avons \u00e9t\u00e9 amen\u00e9 \u00e0 comprendre que Ramgoolam et B\u00e9renger se sont rencontr\u00e9s pour des discussions sur la r\u00e9forme \u00e9lectorale telle que propos\u00e9e dans le \u2018White Paper\u2019. Or il semblerait qu\u2019ils sont \u00e0 discuter de tout \u2013 de la Deuxi\u00e8me R\u00e9publique et d\u2019alliance politique entre ces deux partis \u2013 sauf de la r\u00e9forme elle-m\u00eame. Comment est-ce que ces deux leaders peuvent-ils \u00eatre cr\u00e9dibles aux yeux de la population quand ils disent se rencontrer pour discuter de A alors qu\u2019ils discutent effectivement de B et C \u2013 cela derri\u00e8re le dos des Mauriciens ?<\/span><\/p>\n<p class=\"MsoNormal\"><span style=\"color: #000000;\"><strong><span lang=\"FR\" style=\"font-family: Verdana;\">* Il me semble qu\u2019ils ont parl\u00e9 d\u2019un \u2018package deal\u2019, n\u2019est-ce pas ?<\/span><\/strong><\/span><\/p>\n<p class=\"MsoNormal\"><span lang=\"FR\" style=\"font-family: Verdana; color: #000000;\">De quel \u2018package\u2019 parle-t-on ? Avaient-ils annonc\u00e9 d\u00e8s le d\u00e9part que ce \u2018White Paper\u2019 faisait partie d\u2019un \u2018package\u2019 comprenant entre autre alliance et Deuxi\u00e8me R\u00e9publique ? On l\u2019aurait compris. Les deux se disent d\u00e9mocrates, mais se mettent \u00e0 discuter des questions aussi fondamentales dans le dos de la population !<\/span><\/p>\n<p class=\"MsoNormal\"><span style=\"color: #000000;\"><strong style=\"line-height: 1.3em;\"><span lang=\"FR\" style=\"font-family: Verdana;\">* Mais Navin Ramgoolam avait d\u00e9j\u00e0 annonc\u00e9 lors de la pr\u00e9sentation de son \u2018White Paper\u2019 qu\u2019un \u2018discussion paper\u2019 par rapport \u00e0 la Deuxi\u00e8me R\u00e9publique allait suivre. Il avait aussi pr\u00e9cis\u00e9 que sans la mise en place d\u2019une Deuxi\u00e8me R\u00e9publique, il n\u2019y aurait pas de r\u00e9forme \u00e9lectorale. Et que tout projet de reforme devrait obtenir un mandat populaire lors des prochaines \u00e9lections, alors que Paul B\u00e9renger veut qu\u2019on en finisse avec l\u2019actuel syst\u00e8me \u00e9lectoral et que la r\u00e9forme soit appliqu\u00e9e aux prochaines \u00e9lections\u2026<\/span><\/strong><\/span><\/p>\n<p class=\"MsoNormal\"><span lang=\"FR\" style=\"font-family: Verdana; color: #000000;\">Personnellement, je trouve que c\u2019est difficile de suivre le raisonnement du Premier ministre \u2013 m\u00eame si je suis d\u2019accord, d\u2019un point de vue d\u00e9mocratique, qu\u2019une telle r\u00e9forme doit obtenir l\u2019aval de l\u2019\u00e9lectorat. Alors qu\u2019il disait auparavant que la r\u00e9forme sera appliqu\u00e9e lors des prochaines \u00e9lections, pas celles qui auront lieu cette ann\u00e9e ou en 2015, voil\u00e0 qu\u2019il met un comit\u00e9 compos\u00e9 de Glover, Sithanen, et Ganoo pour aller vite avec cette r\u00e9forme <em>! Which is which ?<\/em> <\/span><\/p>\n<p class=\"MsoNormal\"><span lang=\"FR\" style=\"font-family: Verdana; color: #000000;\">Soit la r\u00e9forme sera appliqu\u00e9e apr\u00e8s les \u00e9lections, donc il n\u2019y avait nulle n\u00e9cessit\u00e9 de travailler l\u00e0-dessus maintenant et de proroger l\u2019Assembl\u00e9e nationale, soit il va effectivement pr\u00e9senter ce projet de loi tr\u00e8s rapidement. <\/span><\/p>\n<p class=\"MsoNormal\"><span lang=\"FR\" style=\"font-family: Verdana; color: #000000;\">Il faut qu\u2019il soit coh\u00e9rent dans ses propos \u2013 surtout qu\u2019il est le Premier ministre du pays. Or, je ne vois pas de coh\u00e9rence dans ces propos.<\/span><\/p>\n<p class=\"MsoNormal\"><span style=\"color: #000000;\"><strong><span lang=\"FR\" style=\"font-family: Verdana;\">* Mais rien ne dit que le projet de loi passera (m\u00eame si le PTr et le MMM disposent tous deux de la majorit\u00e9 de \u00be requises pour faire voter un amendement constitutionnel) puisque certains \u00e9lus travaillistes ne seraient pas, para\u00eet-il, favorables \u00e0 cette r\u00e9forme et risqueraient de voter contre ou de s\u2019abstenir. Donc, <em>back to square one<\/em> ?<\/span><\/strong><\/span><\/p>\n<p class=\"MsoNormal\"><span lang=\"FR\" style=\"font-family: Verdana; color: #000000;\">D\u2019accord, mais le fait demeure que le Premier ministre proroge l\u2019Assembl\u00e9e\u2026 parce qu\u2019il va consacrer tout son temps en vue de finaliser la r\u00e9forme \u00e9lectorale. <\/span><\/p>\n<p class=\"MsoNormal\"><span lang=\"FR\" style=\"font-family: Verdana; color: #000000;\">Et il n\u2019a donn\u00e9 aucune indication pour nous informer du moment o\u00f9 il compte rappeler l\u2019Assembl\u00e9e. Pourquoi proroger l\u2019Assembl\u00e9e si la r\u00e9forme ne sera pas appliqu\u00e9e aux prochaines \u00e9lections ? <\/span><\/p>\n<p class=\"MsoNormal\"><span lang=\"FR\" style=\"font-family: Verdana; color: #000000;\">Certains pensent qu\u2019il est possible que le projet de loi soit pr\u00e9sent\u00e9 prochainement. A quelle fin ? Pour que B\u00e9renger puisse justifier son alliance avec les Travaillistes ? <\/span><\/p>\n<p class=\"MsoNormal\"><span lang=\"FR\" style=\"font-family: Verdana; color: #000000;\">C\u2019est une mascarade : ils sont en train de prendre les Mauriciens pour des imb\u00e9ciles. B\u00e9renger a pos\u00e9 comme condition pour les prochaines sessions de \u00ab coze coz\u00e9 \u00bb avec Ramgoolam que ce dernier pr\u00e9sente un projet de loi sur la r\u00e9forme ! <\/span><\/p>\n<p class=\"MsoNormal\"><span lang=\"FR\" style=\"font-family: Verdana; color: #000000;\">Donc, Ramgoolam s\u2019attelle \u00e0 l\u2019\u00e9bauche du projet de loi et va \u00e9ventuellement pr\u00e9senter ce projet de loi qui sera ou ne sera pas vot\u00e9\u2026. c\u2019est une v\u00e9ritable mascarade.<\/span><\/p>\n<p class=\"MsoNormal\"><span style=\"color: #000000;\"><strong><span lang=\"FR\" style=\"font-family: Verdana;\">* Navin Ramgoolam affirme que la reforme \u00e9lectorale est \u00ab la priorit\u00e9 des priorit\u00e9s \u00bb pour le pays. Paul B\u00e9renger et lui-m\u00eame ont sans doute aussi des int\u00e9r\u00eats politiciens dans cette r\u00e9forme. Quelles sont, selon vous, les motivations des leaders du PTr et du MMM ?<\/span><\/strong><\/span><\/p>\n<p class=\"MsoNormal\"><span lang=\"FR\" style=\"font-family: Verdana; color: #000000;\">Navin Ramgoolam souhaite devenir Pr\u00e9sident de la R\u00e9publique avec des pouvoirs comme ceux qu\u2019exerce le Pr\u00e9sident fran\u00e7ais, et il ne va jamais tol\u00e9rer \u2013 il sait que son \u00e9lectorat ne va pas non plus accepter que Paul B\u00e9renger devienne Premier ministre avec des pouvoirs ex\u00e9cutifs. <\/span><\/p>\n<p class=\"MsoNormal\"><span style=\"color: #000000;\"><strong><span lang=\"FR\" style=\"font-family: Verdana;\">* Pourquoi?<\/span><\/strong><\/span><\/p>\n<p class=\"MsoNormal\"><span lang=\"FR\" style=\"font-family: Verdana; color: #000000;\">Je crois que le conservatisme hindou ne va pas accepter ce type de changement. Tout comme ces forces \u00e0 l\u2019int\u00e9rieur du Parti travailliste qui sont contre le changement de quelque nature soit-il, puisqu\u2019elles se disent : pourquoi changer ce qui a march\u00e9 pour nous ? C\u2019est comme la campagne de Coca Cola qui avait modifi\u00e9 la forme de sa bouteille, ce qui avait soulev\u00e9 des protestations\u2026 so why change what has worked ?<\/span><\/p>\n<p class=\"MsoNormal\"><span lang=\"FR\" style=\"font-family: Verdana; color: #000000;\">On me dit qu\u2019une campagne a d\u00e9j\u00e0 \u00e9t\u00e9 d\u00e9clench\u00e9e au niveau des r\u00e9gions rurales \u00e0 l\u2019effet que Ramgoolam ne va jamais c\u00e9der le poste de Premier ministre avec ses pouvoirs ex\u00e9cutifs \u00e0 Paul B\u00e9renger. Et qu\u2019il va garder tous les pouvoirs pour lui, laissant \u00e0 Paul B\u00e9renger le soin de remplir le r\u00f4le d\u2019un \u2018figurehead Prime Minister\u2019. Cela semble exclure, \u00e0 mon avis, un sursaut de la population contre ce type d\u2019arrangement entre deux personnes selon leur convenance personnelle\u2026 <\/span><\/p>\n<p class=\"MsoNormal\"><span lang=\"FR\" style=\"font-family: Verdana; color: #000000;\">Personnellement, j\u2019aurais souhait\u00e9 qu\u2019une r\u00e9forme de cette envergure fasse l\u2019objet d\u2019un r\u00e9f\u00e9rendum avant d\u2019\u00eatre adopt\u00e9. <\/span><\/p>\n<p class=\"MsoNormal\"><span style=\"color: #000000;\"><strong><span lang=\"FR\" style=\"font-family: Verdana;\">* Pour le moment, il semblerait toutefois que Ramgoolam et B\u00e9renger, qui, para\u00eet-il, sont tomb\u00e9s d\u2019accord sur le principe et sur la majeure partie des modalit\u00e9s, veulent aller vite. L\u2019\u00e9chiquier politique conna\u00eetra, parcons\u00e9quent, un chamboulement majeur. Comment va se pr\u00e9senter cet \u00e9chiquier ?<\/span><\/strong><\/span><\/p>\n<p class=\"MsoNormal\"><span lang=\"FR\" style=\"font-family: Verdana; color: #000000;\">On affirme que le PTr et le MMM sont deux grands partis\u2026 Savez-vous que le plus grand parti \u00e0 Maurice, c\u2019est le peuple. Allons laisser le peuple prendre sa d\u00e9cision. Si le peuple d\u00e9cide de soutenir le projet politique de Ramgoolam et de B\u00e9renger, tant mieux pour eux. <\/span><\/p>\n<p class=\"MsoNormal\"><span lang=\"FR\" style=\"font-family: Verdana; color: #000000;\">Mais je suis certain qu\u2019il y aura des forces dans le pays qui vont faire campagne afin que le peuple n\u2019avalise pas ce type d\u2019arrangement entre deux personnes. On verra bien\u2026<\/span><\/p>\n<p class=\"MsoNormal\"><span lang=\"FR\" style=\"font-family: Verdana; color: #000000;\">Vous savez que tous les pays qui ont modifi\u00e9 leur Constitution, comme le Kenya par exemple, ont pris des ann\u00e9es pour finaliser leurs projets de \u2018constitutional reform\u2019. <\/span><\/p>\n<p class=\"MsoNormal\"><span lang=\"FR\" style=\"font-family: Verdana; color: #000000;\">La participation populaire dans cet exercice est primordiale. D\u2019ailleurs, on n\u2019a jamais eu de r\u00e9f\u00e9rendum sur la question de r\u00e9forme \u00e9lectorale\/constitutionnelle \u00e0 Maurice. <\/span><\/p>\n<p class=\"MsoNormal\"><span lang=\"FR\" style=\"font-family: Verdana; color: #000000;\">Suite aux \u2018Constitutional Talks\u2019 en 1965, on a fait passer la Constitution de Maurice par le biais d\u2019un \u2018Order in Council\u2019. Bon, cela a tenu le coup et a bien march\u00e9 pour Maurice, mais jamais le peuple n\u2019a \u00e9t\u00e9 consult\u00e9 par la voie d\u2019un r\u00e9f\u00e9rendum sur cette question. <\/span><\/p>\n<p class=\"MsoNormal\"><span lang=\"FR\" style=\"font-family: Verdana; color: #000000;\">Maintenant qu\u2019on est \u00e0 travailler sur une Constitution \u00e0 la mauricienne, pourquoi ne pas rechercher l\u2019opinion du peuple par la voie d\u2019un r\u00e9f\u00e9rendum ? Le mieux aussi, c\u2019est que la t\u00e2che de l\u2019\u00e9bauche de cette Constitution revienne \u00e0 une Commission \u00e9largie regroupant tous les repr\u00e9sentants de la soci\u00e9t\u00e9 mauricienne et assist\u00e9s par des experts internationaux.<\/span><\/p>\n<p class=\"MsoNormal\"><span style=\"color: #000000;\"><strong><span lang=\"FR\" style=\"font-family: Verdana;\">* Estimez-vous que notre syst\u00e8me \u00e9lectoral &#8211; le FPTP &#8211; a fait son temps et qu\u2019il faut introduire une dose de proportionnelle ?<\/span><\/strong><\/span><\/p>\n<p class=\"MsoNormal\"><span lang=\"FR\" style=\"font-family: Verdana; color: #000000;\">Pourquoi ne pas faire comme en Afrique du sud o\u00f9 le syst\u00e8me est enti\u00e8rement bas\u00e9 sur la proportionnelle ? La repr\u00e9sentation parlementaire est le reflet exact du poids \u00e9lectoral de chaque parti : avec 30% de votes recueillis, vous obtiendrez le m\u00eame pourcentage de si\u00e8ges, ainsi de suite.<\/span><\/p>\n<p class=\"MsoNormal\"><span style=\"color: #000000;\"><strong><span lang=\"FR\" style=\"font-family: Verdana;\">* Un tel syst\u00e8me pourrait encourager la prolif\u00e9ration des partis communaux ou m\u00eame extr\u00e9mistes, ne pensez-vous pas ?<\/span><\/strong><\/span><\/p>\n<p class=\"MsoNormal\"><span lang=\"FR\" style=\"font-family: Verdana; color: #000000;\">Mais o\u00f9 est le mal ?<\/span><\/p>\n<p class=\"MsoNormal\"><span style=\"color: #000000;\"><strong><span lang=\"FR\" style=\"font-family: Verdana;\">* We can live with that?<\/span><\/strong><\/span><\/p>\n<p class=\"MsoNormal\"><span lang=\"FR\" style=\"font-family: Verdana; color: #000000;\">Of course, we can. Other countries are living with that. L\u2019Italie, l\u2019Allemagne, l\u2019Inde, etc., sont en train de vivre avec diff\u00e9rents types de partis \u2013 certains extr\u00e9mistes, d\u2019autres r\u00e9gionaux ou communaux\u2026 Pourquoi pas Maurice?<\/span><\/p>\n<p class=\"MsoNormal\"><span style=\"color: #000000;\"><strong><span lang=\"FR\" style=\"font-family: Verdana;\"> * Par ailleurs, il se pourrait que la question de Deuxi\u00e8me R\u00e9publique soit plus importante que la r\u00e9forme \u00e9lectorale elle-m\u00eame surtout en ce qui concerne les pouvoirs des principaux dirigeants du pays, la dur\u00e9e des mandats, mais aussi d\u2019autres questions telles que le financement des partis politiques, les institutions constitutionnelles\u2026<\/span><\/strong><\/span><\/p>\n<p class=\"MsoNormal\"><span lang=\"FR\" style=\"font-family: Verdana; color: #000000;\">Oui, mais il faut que toutes ces questions soient d\u00e9battues par une grande \u2018Constituent Assembly\u2019 \u2013 qui soit \u2018dispassionate\u2019 et nullement li\u00e9e \u00e0 la politique &#8211; pas par deux personnes qui sont elles-m\u00eames concern\u00e9es par cette question de partage de pouvoirs.<\/span><\/p>\n<p>&nbsp;<\/p>\n<hr \/>\n<p><span style=\"color: #00ccff;\"><em>* Published in print edition on 16 May 2014<\/em><\/span><\/p>\n","protected":false},"excerpt":{"rendered":"<p>Interview: Anil Gayan<\/p>\n","protected":false},"author":1,"featured_media":1278,"comment_status":"open","ping_status":"open","sticky":false,"template":"","format":"standard","meta":{"jetpack_post_was_ever_published":false,"_jetpack_newsletter_access":"","_jetpack_dont_email_post_to_subs":false,"_jetpack_newsletter_tier_id":0,"_jetpack_memberships_contains_paywalled_content":false,"_jetpack_memberships_contains_paid_content":false,"footnotes":"","jetpack_publicize_message":"","jetpack_publicize_feature_enabled":true,"jetpack_social_post_already_shared":false,"jetpack_social_options":{"image_generator_settings":{"template":"highway","default_image_id":0,"font":"","enabled":false},"version":2}},"categories":[32],"tags":[2324,9158,147,7727,11905,814,50,11906,49,788,11904,1005,3022],"class_list":["post-2870","post","type-post","status-publish","format-standard","has-post-thumbnail","hentry","category-interviews","tag-best-loser","tag-constituent-assembly","tag-deuxieme-republique","tag-interview-anil-gayan","tag-meeah","tag-mmm","tag-navin-ramgoolam","tag-package-deal","tag-paul-berenger","tag-privy-council","tag-representation-of-the-people-act","tag-resistans-ek-alternativ","tag-white-paper"],"jetpack_publicize_connections":[],"jetpack_featured_media_url":"https:\/\/i0.wp.com\/www.mauritiustimes.com\/mt\/wp-content\/uploads\/2011\/10\/anil%20gayan-d.gif?fit=248%2C184&ssl=1","jetpack_sharing_enabled":true,"jetpack_shortlink":"https:\/\/wp.me\/p8QzSF-Ki","_links":{"self":[{"href":"https:\/\/www.mauritiustimes.com\/mt\/wp-json\/wp\/v2\/posts\/2870","targetHints":{"allow":["GET"]}}],"collection":[{"href":"https:\/\/www.mauritiustimes.com\/mt\/wp-json\/wp\/v2\/posts"}],"about":[{"href":"https:\/\/www.mauritiustimes.com\/mt\/wp-json\/wp\/v2\/types\/post"}],"author":[{"embeddable":true,"href":"https:\/\/www.mauritiustimes.com\/mt\/wp-json\/wp\/v2\/users\/1"}],"replies":[{"embeddable":true,"href":"https:\/\/www.mauritiustimes.com\/mt\/wp-json\/wp\/v2\/comments?post=2870"}],"version-history":[{"count":0,"href":"https:\/\/www.mauritiustimes.com\/mt\/wp-json\/wp\/v2\/posts\/2870\/revisions"}],"wp:featuredmedia":[{"embeddable":true,"href":"https:\/\/www.mauritiustimes.com\/mt\/wp-json\/wp\/v2\/media\/1278"}],"wp:attachment":[{"href":"https:\/\/www.mauritiustimes.com\/mt\/wp-json\/wp\/v2\/media?parent=2870"}],"wp:term":[{"taxonomy":"category","embeddable":true,"href":"https:\/\/www.mauritiustimes.com\/mt\/wp-json\/wp\/v2\/categories?post=2870"},{"taxonomy":"post_tag","embeddable":true,"href":"https:\/\/www.mauritiustimes.com\/mt\/wp-json\/wp\/v2\/tags?post=2870"}],"curies":[{"name":"wp","href":"https:\/\/api.w.org\/{rel}","templated":true}]}}