{"id":28624,"date":"2020-09-15T07:14:16","date_gmt":"2020-09-15T03:14:16","guid":{"rendered":"http:\/\/www.mauritiustimes.com\/mt\/?p=28624"},"modified":"2020-09-18T12:17:13","modified_gmt":"2020-09-18T08:17:13","slug":"mouvement-pou-nouvo-moris-whats-next-on-ne-comprend-pas-trop-ou-tout-cela-nous-mene-et-comment","status":"publish","type":"post","link":"https:\/\/www.mauritiustimes.com\/mt\/mouvement-pou-nouvo-moris-whats-next-on-ne-comprend-pas-trop-ou-tout-cela-nous-mene-et-comment\/","title":{"rendered":"Mouvement \u2018Pou Nouvo Moris\u2019 : \u2018What\u2019s next ?\u2019\u2026 on ne comprend pas trop o\u00f9 tout cela nous m\u00e8ne et comment\u2026 \u00bb"},"content":{"rendered":"<h5 style=\"text-align: center;\"><span style=\"color: #ff0000;\"><u>Interview\u00a0: Rabin Bhujun, Journaliste<\/u><\/span><\/h5>\n<h5 style=\"text-align: center;\"><span style=\"color: #ff0000;\"><u><img data-recalc-dims=\"1\" loading=\"lazy\" decoding=\"async\" data-attachment-id=\"23859\" data-permalink=\"https:\/\/www.mauritiustimes.com\/mt\/mouvement-pou-nouvo-moris-whats-next-on-ne-comprend-pas-trop-ou-tout-cela-nous-mene-et-comment\/rabin-bhujun-2\/\" data-orig-file=\"https:\/\/i0.wp.com\/www.mauritiustimes.com\/mt\/wp-content\/uploads\/2019\/12\/Rabin-Bhujun-2.jpg?fit=1171%2C600&amp;ssl=1\" data-orig-size=\"1171,600\" data-comments-opened=\"1\" data-image-meta=\"{&quot;aperture&quot;:&quot;0&quot;,&quot;credit&quot;:&quot;&quot;,&quot;camera&quot;:&quot;&quot;,&quot;caption&quot;:&quot;&quot;,&quot;created_timestamp&quot;:&quot;0&quot;,&quot;copyright&quot;:&quot;&quot;,&quot;focal_length&quot;:&quot;0&quot;,&quot;iso&quot;:&quot;0&quot;,&quot;shutter_speed&quot;:&quot;0&quot;,&quot;title&quot;:&quot;&quot;,&quot;orientation&quot;:&quot;0&quot;}\" data-image-title=\"Rabin-Bhujun&amp;#8211;(2)\" data-image-description=\"\" data-image-caption=\"\" data-large-file=\"https:\/\/i0.wp.com\/www.mauritiustimes.com\/mt\/wp-content\/uploads\/2019\/12\/Rabin-Bhujun-2.jpg?fit=640%2C328&amp;ssl=1\" class=\"aligncenter size-full wp-image-23859\" src=\"https:\/\/i0.wp.com\/www.mauritiustimes.com\/mt\/wp-content\/uploads\/2019\/12\/Rabin-Bhujun-2.jpg?resize=640%2C328&#038;ssl=1\" alt=\"\" width=\"640\" height=\"328\" srcset=\"https:\/\/i0.wp.com\/www.mauritiustimes.com\/mt\/wp-content\/uploads\/2019\/12\/Rabin-Bhujun-2.jpg?w=1171&amp;ssl=1 1171w, https:\/\/i0.wp.com\/www.mauritiustimes.com\/mt\/wp-content\/uploads\/2019\/12\/Rabin-Bhujun-2.jpg?resize=300%2C154&amp;ssl=1 300w, https:\/\/i0.wp.com\/www.mauritiustimes.com\/mt\/wp-content\/uploads\/2019\/12\/Rabin-Bhujun-2.jpg?resize=768%2C394&amp;ssl=1 768w, https:\/\/i0.wp.com\/www.mauritiustimes.com\/mt\/wp-content\/uploads\/2019\/12\/Rabin-Bhujun-2.jpg?resize=1024%2C525&amp;ssl=1 1024w\" sizes=\"auto, (max-width: 640px) 100vw, 640px\" \/><\/u><\/span><!--more--><\/h5>\n<h2><span style=\"color: #000000;\">* \u2018Si Jugnauth raisonne, il cherchera \u00e0 gouverner avec une seule opposition politique permanente et non deux\u2019<\/span><\/h2>\n<h2><span style=\"color: #000000;\">* \u2018Je ne pense pas que nos principaux dirigeants politiques se sentent menac\u00e9s car ils ne voient sans doute pas le mouvement comme pouvant se structurer en une force politique\u2019<\/span><\/h2>\n<hr \/>\n<p><span style=\"color: #000000;\"><strong>Aucun gouvernement n\u2019appr\u00e9cie les mouvements populaires qui perturbent l\u2019ordre int\u00e9rieur. Parfois certains individus opportunistes s\u00e8ment\u00a0la zizanie pour apporter encore plus d\u2019instabilit\u00e9, mena\u00e7ant une certaine discipline sociale n\u00e9cessaire pour le bon fonctionnement d\u2019un pays. Pour autant, un gouvernement doit-il ignorer les revendications politiques, sociales et\/ou \u00e9conomiques des mouvements pacifiques\u00a0? Doivent-ils c\u00e9der aux demandes pressantes des jeunes, inquiets non seulement pour leur avenir\u00a0imm\u00e9diat mais aussi du devenir de la plan\u00e8te elle-m\u00eame ?\u00a0\u00a0Ne rel\u00e8ve-t-il pas de la responsabilit\u00e9 des dirigeants au pouvoir de comprendre les besoins et les attentes des manifestants pour repenser leurs propres strat\u00e9gies politiques\u00a0? Rabin Bhujun, journaliste et observateur de la soci\u00e9t\u00e9, nous donne son avis.<\/strong><\/span><\/p>\n<hr \/>\n<p><span style=\"color: #000000;\"><strong>Mauritius Times\u00a0: S\u2019il y a effectivement un sentiment de ras-le-bol et un d\u00e9sir de changement chez un nombre &#8211; pas n\u00e9cessairement insignifiant &#8211; de Mauriciens, comme exprim\u00e9 sur les r\u00e9seaux sociaux et dans certains titres de presse et repris par le mouvement \u2018Pou Nouvo Moris\u2019, vous posez-vous toutefois des questions sur les r\u00e9elles motivations de ce mouvement ?<\/strong><\/span><\/p>\n<p><span style=\"color: #000000;\"><strong>Ravin Bhujun\u00a0: <\/strong>Ce mouvement est m\u00fb par la col\u00e8re, la frustration et l\u2019inqui\u00e9tude de dizaines de milliers de Mauriciens face aux \u00e9v\u00e8nements traumatisants que la nation endure depuis 6 mois et la mani\u00e8re dont le Gouvernement les g\u00e8re. Dans une certaine mesure aussi, par un climat politique qui est demeur\u00e9 tendu \u00e0 la suite des l\u00e9gislatives de d\u00e9cembre dernier.<\/span><\/p>\n<p><span style=\"color: #000000;\">Je m\u2019interroge plut\u00f4t sur le devenir du mouvement ; sur sa finalit\u00e9. Chaque quinzaine, des milliers de personnes peuvent descendre dans les rues sans que leur objectif commun \u00e0 court et moyen termes ne s\u2019exprime au-del\u00e0 de quelques slogans simples \u2013 aussi percutants soient-ils. Il y a ainsi un flou sur le \u2018<em>what\u2019s next\u00a0?\u2019.<\/em><\/span><\/p>\n<p><span style=\"color: #000000;\">\u00a0Si une r\u00e9flexion existe \u00e0 ce sujet, elle n\u2019a pas \u00e9t\u00e9 clairement partag\u00e9e et communiqu\u00e9e. Du coup, on ne comprend pas trop o\u00f9 tout cela nous m\u00e8ne et comment. Toutefois, avec une approche et des objectifs plus clairs, le mouvement de col\u00e8re peut devenir celui de l\u2019espoir et du changement.<\/span><\/p>\n<p><span style=\"color: #000000;\"><strong>* Ce mouvement a rencontr\u00e9 un deuxi\u00e8me succ\u00e8s avec le rassemblement \u00e0 Mah\u00e9bourg samedi dernier. Les organisateurs r\u00e9fl\u00e9chissent probablement sur l\u2019opportunit\u00e9 d\u2019organiser d\u2019autres manifestations dans un proche avenir. Qu\u2019est-ce que tout cela va donner en fin de compte ?<\/strong><\/span><\/p>\n<p><span style=\"color: #000000;\">Le succ\u00e8s du rassemblement de Mah\u00e9bourg \u2013 m\u00eame s\u2019il \u00e9tait bien moins retentissant que celui du 29 ao\u00fbt \u2013 indique que le mouvement ne faiblit pas. Dor\u00e9navant, le d\u00e9fi est d\u2019\u00e9viter que ces manifestations ne deviennent une sorte de bruit de fond auquel on va finir par s\u2019habituer. Cela d\u00e9mobilisera les manifestants eux-m\u00eames et desservira \u00e0 terme leur cause.<\/span><\/p>\n<p><span style=\"color: #000000;\">Si les animateurs du mouvement sont r\u00e9alistes, ils doivent composer avec le fait que malgr\u00e9 leurs appels \u00e0 <em>\u2018B\u2026 Li Deor\u2019,<\/em> le Gouvernement entend rester en place, \u00e0 moins, bien-s\u00fbr, qu\u2019un cataclysme politique ne s\u2019abatte sur Pravind Jugnauth lui-m\u00eame et ne le contraint ainsi \u00e0 renoncer \u00e0 son poste.<\/span><\/p>\n<p><span style=\"color: #000000;\">Une autre ligne directrice est donc n\u00e9cessaire\u00a0; elle implique un dialogue entre les pouvoirs publics et le mouvement, apr\u00e8s la formulation, par celui-ci, de demandes et de propositions claires. Le mouvement produira davantage de r\u00e9sultats tangibles si la pression qu\u2019elle exerce sur le pouvoir devient plus constructive et r\u00e9fl\u00e9chie.<\/span><\/p>\n<p><span style=\"color: #000000;\"><strong>* Le principal organisateur du mouvement semble conscient des limites des manifestations de rue car il a d\u00e9clar\u00e9 que \u00ab tant que les Mauriciens n\u2019obtiennent pas leurs droits, nous irons en Cour \u00bb. La rue a donc ses limites ?<\/strong><\/span><\/p>\n<p><span style=\"color: #000000;\">Le mouvement des <em>Gilets jaunes<\/em> en France et pr\u00e9c\u00e9demment celui d\u2019<em>Occupy Wall Street<\/em> aux Etats-Unis nous rappellent qu\u2019avoir la mobilisation populaire pour seule strat\u00e9gie ne produit pas de r\u00e9sultats tangibles tant que ces mouvements ne se structurent pas aussi bien dans leur organisation que dans leurs revendications.<\/span><\/p>\n<p><span style=\"color: #000000;\"><em>Occupy Wall Street<\/em> a fini par \u00eatre la plateforme o\u00f9 on critique tout et n\u2019importe quoi faute d\u2019une strat\u00e9gie coh\u00e9rente. Les <em>Gilets jaunes<\/em>, malgr\u00e9 les \u00e9pisodes trop fr\u00e9quents de violence dans le sillage de leurs mobilisations, ont n\u00e9anmoins influ\u00e9 sur la politique d\u2019Emmanuel Macron en retardant certaines r\u00e9formes apr\u00e8s avoir forc\u00e9 son gouvernement au dialogue.<\/span><\/p>\n<p><span style=\"color: #000000;\">Mais compar\u00e9s aux Mauriciens, les Fran\u00e7ais descendent plus souvent et plus facilement dans la rue. A Maurice, c\u2019est dans une large mesure la classe moyenne qui fait et d\u00e9fait les gouvernements. Et le pouvoir actuel a la nette impression que la classe moyenne n\u2019est pas massivement engag\u00e9e dans ce mouvement, ce qui explique son attitude actuellement.<\/span><\/p>\n<p><span style=\"color: #000000;\"><strong>* On a not\u00e9 l\u2019absence des principaux dirigeants politiques du pays \u00e0 Mah\u00e9bourg, samedi dernier. C\u2019est s\u00fbr qu\u2019ils sont conscients du sentiment qui pr\u00e9vaut chez une partie de la population, surtout celle qui vient l\u2019exprimer publiquement, et en particulier les jeunes. Pensez-vous qu\u2019ils se sentent r\u00e9ellement menac\u00e9s par le mouvement \u2018Pou Nouvo Moris\u2019 ?<\/strong><\/span><\/p>\n<p><span style=\"color: #000000;\">Je ne pense pas qu\u2019ils se sentent menac\u00e9s car ils ne voient sans doute pas le mouvement comme pouvant se structurer en une force politique et ainsi repr\u00e9senter \u00e0 court terme une alternative cr\u00e9dible et fonctionnelle au quatuor MSM, Parti travailliste, MMM et PMSD.<\/span><\/p>\n<p><span style=\"color: #000000;\">Les dirigeants de ces partis <em>mainstream<\/em> ont plut\u00f4t jaug\u00e9 \u00e0 quel point le sentiment de d\u00e9fiance des manifestants \u00e0 l\u2019\u00e9gard du pouvoir s\u2019\u00e9tend aussi \u00e0 toutes les formations politiques, y compris \u00e0 celles de l\u2019opposition ; que de nombreux manifestants jugent comme faisant aussi partie du probl\u00e8me.<\/span><\/p>\n<p><span style=\"color: #000000;\">Conscients qu\u2019ils ne pourront pas facilement <em>convertir<\/em> les manifestants \u00e0 leur cause et n\u2019ayant donc rien \u00e0 gagner vraiment en s\u2019associant au mouvement, les partis traditionnels ont pris leurs distances.<\/span><\/p>\n<p><span style=\"color: #000000;\"><strong>* Tout comme nos principaux partis de l\u2019opposition, le Gouvernement, sachant bien qu\u2019il n\u2019y a &#8211; dans les circonstances actuelles &#8211; aucun moyen constitutionnel de le d\u00e9loger, pourrait aussi choisir de \u00ab bide its time \u00bb en esp\u00e9rant que ce mouvement s\u2019affaiblira avec le temps. Qu\u2019en pensez-vous ?<\/strong><\/span><\/p>\n<p><span style=\"color: #000000;\">En l\u2019absence d\u2019un m\u00e9canisme de type r\u00e9f\u00e9rendum r\u00e9vocatoire (<em>recall elections<\/em>), m\u00eame si 200,000 Mauriciens descendent dans les rues chaque quinzaine et qu\u2019une p\u00e9tition r\u00e9clamant la d\u00e9mission de Jugnauth recueille 250,000 signatures, le chef du Gouvernement n\u2019aura aucune obligation l\u00e9gale de se retirer. J\u2019entends d\u00e9j\u00e0 les g\u00e9nies cyniques du Prime minister\u2019s office nous expliquer que ce ne serait jamais que 15-20% de la population qui vocif\u00e8rent.<\/span><\/p>\n<p><span style=\"color: #000000;\">M\u00eame si Jugnauth a <em>\u00abpris note\u00bb <\/em>du rassemblement du 29 ao\u00fbt, l\u2019arrogance de son entourage est remarquable. Au lendemain de la manifestation de Port-Louis, un ministre a jug\u00e9 l\u2019\u00e9v\u00e8nement \u00ab<em>insignifiant<\/em>\u00bb; quelques jours plus tard, un <em>senior advisor <\/em>se f\u00e9licitait de l\u2019action des \u00ab<em>great men<\/em>\u00bb au pouvoir apr\u00e8s la campagne <em>\u00ab I love my government \u00bb<\/em> ridiculis\u00e9e sur les r\u00e9seaux sociaux. Ce dimanche, la page Facebook officielle du MSM a jug\u00e9 utile d\u2019interpeller Bruneau Laurette et les Mauriciens pour n\u2019avoir rien fait lors des inondations meurtri\u00e8res de 2013.<\/span><\/p>\n<p><span style=\"color: #000000;\"><strong>* Cette posture est-elle tenable ?<\/strong><\/span><\/p>\n<p><span style=\"color: #000000;\">Ces attitudes peuvent pr\u00eater \u00e0 de graves cons\u00e9quences. Le cynisme revient \u00e0 opposer une minorit\u00e9 de m\u00e9contents \u00e0 une majorit\u00e9 de la population, qui soutiendrait tacitement le Gouvernement du fait de son silence. Si le pouvoir fait cela, il fracturera le pays en deux et risquera d\u2019exacerber les tensions qui existent d\u00e9j\u00e0 entre ceux qui estiment \u00eatre des oubli\u00e9s [du d\u00e9veloppement et de la d\u00e9mocratie] et ceux qui pensent qu\u2019ils ont consenti aux sacrifices n\u00e9cessaires pour b\u00e9n\u00e9ficier de leur confort et privil\u00e8ges actuels. Les deux perspectives se tiennent, le Gouvernement ne peut tenter de privil\u00e9gier qu\u2019une d\u2019entre elles.<\/span><\/p>\n<p><span style=\"color: #000000;\">L\u2019arrogance peut conduire \u00e0 autre chose. Si le mouvement se structure, clarifie ses demandes et souhaite le dialogue mais qu\u2019en face, le Gouvernement continue \u00e0 se montrer condescendant, il ne faudrait alors pas s\u2019\u00e9tonner que la col\u00e8re des manifestants ne finisse par s\u2019exprimer autrement qu\u2019\u00e0 travers des pancartes et des cris.<\/span><\/p>\n<p><span style=\"color: #000000;\"><strong>* Toutefois \u2018fou li dehors\u2019, c&#8217;est plus facile \u00e0 dire qu&#8217;\u00e0 faire, non ?<\/strong><\/span><\/p>\n<p><span style=\"color: #000000;\">Si on tient pour acquis que la grande majorit\u00e9 de ceux qui marchent souhaitent un renouvellement politique de fond, se pose alors la question de l\u2019alternance. Malgr\u00e9 le vide politique et le contexte social f\u00e9cond de l\u2019\u00e9poque, il a fallu au MMM 13 ans pour prendre le pouvoir en 1982.<\/span><\/p>\n<p><span style=\"color: #000000;\">En admettant que les l\u00e9gislatives n\u2019auront pas lieu avant 2023, <em>Pou Nouvo Moris <\/em>peut-il se structurer en une vraie formation politique, dot\u00e9e d\u2019instances nationales de d\u00e9cision, de bureaux r\u00e9gionaux dans chaque circonscription, de moyens financiers ad\u00e9quats et d\u2019un leadership charismatique et pragmatique ?<\/span><\/p>\n<p><span style=\"color: #000000;\">D\u2019ailleurs, en parlant de leadership, certains acteurs du mouvement ont une id\u00e9ologie tr\u00e8s marqu\u00e9e \u00e0 gauche. Or, les Mauriciens sont habitu\u00e9s \u00e0 \u00eatre dirig\u00e9s par des gouvernements cal\u00e9s au centre et qui, d\u2019ordinaire, voient dans la communaut\u00e9 des affaires un partenaire et non un adversaire \u00e0 diaboliser quotidiennement. Prenons la question pratique du financement du mouvement. Acceptera-t-on les contributions des entreprises locales ou d\u2019ONG \u00e9trang\u00e8res ? Sera-t-on \u00e0 l\u2019abri de soutiens financiers int\u00e9ress\u00e9s et <em>agenda-driven<\/em> ?<\/span><\/p>\n<p><span style=\"color: #000000;\">Il faudra donc qu\u2019un consensus se dessine pour ancrer cet \u00e9ventuel mouvement politique dans un cadre id\u00e9ologique. Cela fait, il n\u2019est pas dit que tous ceux qui soutiennent aujourd\u2019hui le programme <em>fou li deor<\/em> soient aussi enthousiastes \u00e0 mettre une id\u00e9ologie radicalement nouvelle <em>andan<\/em>. Il est plus facile de s\u2019entendre sur des id\u00e9es progressistes par rapport \u00e0 la d\u00e9mocratie et la soci\u00e9t\u00e9 que de trouver un consensus sur un <em>landscaping<\/em> radical du paysage \u00e9conomique et social, comme le pr\u00e9conisent certains acteurs du mouvement.<\/span><\/p>\n<p><span style=\"color: #000000;\">Mais m\u00eame si le mouvement rel\u00e8ve les d\u00e9fis logistiques et id\u00e9ologiques, il lui restera encore \u00e0 braver un obstacle majeur. Notre mode de scrutin <em>First Past the Post<\/em> et un d\u00e9coupage, tout sauf innocent, des circonscriptions r\u00e9compensent et induisent certains <em>voting patterns <\/em>(tendances de vote) qui tendent \u00e0 produire les r\u00e9sultats comme ceux que nous avons connus en d\u00e9cembre 2019.<\/span><\/p>\n<p><span style=\"color: #000000;\"><strong>* Entrons-nous toutefois dans une phase d\u2019instabilit\u00e9 politique ?<\/strong><\/span><\/p>\n<p><span style=\"color: #000000;\">Je ne le pense pas. Le Gouvernement sait que l\u00e9galement, rien ne l\u2019emp\u00eache de rester en place. Si la sagesse prime, le Premier ministre essaiera d\u2019instaurer un dialogue avec le mouvement.<\/span><\/p>\n<p><span style=\"color: #000000;\">Nous ne sommes qu\u2019au d\u00e9but d\u2019un cycle \u00e9conomique extr\u00eamement difficile qui produira beaucoup de <em>casualties<\/em> sociaux et \u00e9conomiques. Si Jugnauth raisonne, il cherchera \u00e0 gouverner avec une seule opposition politique permanente et non deux.<\/span><\/p>\n<p><span style=\"color: #000000;\">Si toutefois la classe moyenne sur laquelle le Premier ministre compte pour asseoir son autorit\u00e9 politique commence \u00e0 \u00eatre directement affect\u00e9e par la crise \u00e9conomique, il deviendra alors beaucoup plus difficile de gouverner. Mais nous n\u2019en sommes pas l\u00e0. Du moins, pas encore !<\/span><\/p>\n<p><span style=\"color: #000000;\"><strong>* Si le m\u00e9contentement de la population mais surtout le mouvement \u2018Pou Nouvo Moris\u2019 repr\u00e9sentent un challenge pour le PTr et le MMM, ils sont \u00e9galement une opportunit\u00e9 pour se r\u00e9inventer. Qu\u2019en pensez-vous ? <\/strong><\/span><\/p>\n<p><span style=\"color: #000000;\">Je pense en effet que <em>Pou Nouvo Moris<\/em> est un bon <em>wake up call<\/em>, surtout pour les partis qui pensaient que ceux m\u00e9contents de l\u2019action gouvernemental allaient <em>de facto<\/em> les soutenir.<\/span><\/p>\n<p><span style=\"color: #000000;\">Commen\u00e7ons par le MMM. Depuis des ann\u00e9es, ce parti est le th\u00e9\u00e2tre d\u2019une bataille entre rats des villes et rats des champs. Cette querelle demande \u00e0 \u00eatre tranch\u00e9e m\u00eame si cela implique que le MMM se positionnera dor\u00e9navant toujours comme un parti national qui a vocation \u00e0 d\u2019abord r\u00e9ussir de bons r\u00e9sultats dans quelques circonscriptions seulement et ainsi \u00eatre un partenaire d\u2019appoint de choix d\u2019une grande alliance.<\/span><\/p>\n<p><span style=\"color: #000000;\">Cela pourrait impliquer que Joanna B\u00e9renger succ\u00e8de \u00e0 son p\u00e8re. Il y aura beaucoup de critiques, justifi\u00e9es pour certaines, face \u00e0 cela. Elle est encore verte politiquement, et le MMM sera le dernier grand parti de l\u2019\u00e9chiquier o\u00f9 le leadership deviendra aussi un legs familial.<\/span><\/p>\n<p><span style=\"color: #000000;\">Mais Joanna B\u00e9renger est bien vue par de nombreux militants, voire au-del\u00e0. Alors <em>why not<\/em> ?<\/span><\/p>\n<p><span style=\"color: #000000;\"><strong>* Et les Travaillistes ?<\/strong><\/span><\/p>\n<p><span style=\"color: #000000;\">A mon sens toutefois, c\u2019est le PTr qui a le plus \u00e0 gagner d\u2019une profonde remise en question. Il faut toutefois qu\u2019une question fondamentale soit tranch\u00e9e : Est-ce que le Parti travailliste est plus important que son actuel leader ou l\u2019inverse ? Toute strat\u00e9gie rouge de \u00ab <em>renouvellement <\/em>\u00bb qui impliquerait que Navin Ramgoolam reste comme le candidat au <em>prime ministership<\/em> est vou\u00e9 \u00e0 un \u00e9chec \u00e9lectoral, selon moi.<\/span><\/p>\n<p><span style=\"color: #000000;\">A moins que ce choix n\u2019intervienne \u00e0 la suite d\u2019un cataclysme politique frappant personnellement Jugnauth, comme \u00e9voqu\u00e9 plus t\u00f4t.<\/span><\/p>\n<p><span style=\"color: #000000;\">Ramgoolam me fait penser \u00e0 Rama Sithanen : il est devenu une cible facile \u00e0 descendre. Cela, \u00e0 l\u2019aide d\u2019un argumentaire connu et sans cesse ressass\u00e9 ; m\u00eame si celui-ci repose, en partie, sur une totale hypocrisie. Comme les attaques par rapport aux Rs 220 millions saisies \u00e0 son domicile en f\u00e9vrier 2015\u2026 alors qu\u2019il n\u2019est certainement pas le seul leader politique local \u00e0 jongler avec ce genre de fortune.<\/span><\/p>\n<p><span style=\"color: #000000;\">Le couple Jugnauth, par pur marketing politique, aime se projeter comme \u00e9tant tr\u00e8s spirituel. Je ne sais pas trop ce qu\u2019ils souhaitent dans leurs pri\u00e8res. A chaque fois implorent-ils les divinit\u00e9s pour que Ramgoolam reste \u00e0 la t\u00eate du PTr aux prochaines l\u00e9gislatives\u00a0? Ce qui serait un gage de succ\u00e8s pour eux.<\/span><\/p>\n<p><span style=\"color: #000000;\"><strong>* On ne conna\u00eet pas \u00e0 ce stade l\u2019impact de l\u2019action commune du PTr, du MMM et du PMSD sur le plan politique. Avec l\u2019arriv\u00e9e du mouvement de Bruneau Laurette, y aura-t-il un effet sur ce rassemblement des partis de l\u2019opposition\u00a0? <\/strong><\/span><\/p>\n<p><span style=\"color: #000000;\">Cette entente de l\u2019opposition est une \u00e9quation \u00e0 trois variables, difficile \u00e0 solutionner. Nous n\u2019en sommes qu\u2019aux fian\u00e7ailles de raison et non de passion. Le mariage \u2013 \u00e9lectoral celui-l\u00e0 \u2013 s\u2019annonce autrement plus compliqu\u00e9. M\u00eame si les int\u00e9r\u00eats des trois partis s\u2019alignent pour les municipales, pr\u00e9vues d\u2019ici juin 2021, une alliance \u00e0 trois pour les l\u00e9gislatives s\u2019annonce difficile \u00e0 conclure et \u00e0 g\u00e9rer.<\/span><\/p>\n<p><span style=\"color: #000000;\">Prenons trois exemples de <em>deal breakers\u00a0<\/em>:<\/span><\/p>\n<p><span style=\"color: #000000;\">&#8211; B\u00e9renger et Duval accepteront-ils que Ramgoolam occupe le poste de chef du gouvernement durant tout un mandat ? <\/span><br \/>\n<span style=\"color: #000000;\">&#8211; La base du MMM et du PMSD respectivement qui se vouent une haine quasi atavique, arriveront-ils \u00e0 travailler ensemble dans des circonscriptions o\u00f9 ils s\u2019affrontent depuis 50 ans ? <\/span><br \/>\n<span style=\"color: #000000;\">&#8211; Enfin, quid des <em>token positions<\/em> ? B\u00e9renger sera num\u00e9ro 2, Duval num\u00e9ro 3, mais quid de Reza Uteem\u00a0? Shakeel Mohamed, lui, obtiendra ce 4e rang synonyme de <em>vice primeministership<\/em> ?<\/span><\/p>\n<p><span style=\"color: #000000;\"><strong>* En parlant du PTr et du MMM, vous avez d\u00fb constater que rien n\u2019a chang\u00e9 au niveau de ces partis, ce qui pourrait ouvrir la voie libre \u00e0 l\u2019\u00e9mergence des mouvements opportunistes, n\u2019est-ce pas ?<\/strong><\/span><\/p>\n<p><span style=\"color: #000000;\">Notre syst\u00e8me de scrutin continuera malheureusement \u00e0 privil\u00e9gier les quatre principaux partis et les alliances qu\u2019ils formeront. Mais de nombreux Mauriciens qui marchent <em>Pou Nouvo Maurice<\/em>, m\u00eame s\u2019ils ont vot\u00e9 pour ces partis dans le pass\u00e9, sont profond\u00e9ment d\u00e9sillusionn\u00e9s par leur immobilisme et pourraient, en effet, c\u00e9der \u00e0 la tentation du d\u00e9sespoir en soutenant les regroupements auxquels vous faites allusion.<\/span><\/p>\n<p><span style=\"color: #000000;\">C\u2019est pourquoi il est crucial, qu\u2019en m\u00eame temps que le mouvement se structure, les principaux dirigeants de l\u2019opposition fassent \u00e9galement leur introspection et se rendent compte de leurs faiblesses. Aucun changement majeur dans ces partis, surtout le MMM et le PTr, n\u2019interviendra sans la b\u00e9n\u00e9diction, voire le soutien actif du leader. Pour cela, il faudrait que davantage de cadres et de sympathisants de ces partis tiennent un langage sans complaisance face \u00e0 leur leader respectif, en leur faisant comprendre qu\u2019il est temps de quitter la sc\u00e8ne.<\/span><\/p>\n<p><span style=\"color: #000000;\">Apr\u00e8s deux \u00e9checs \u00e9lectoraux cuisants \u2013 il n\u2019a m\u00eame pas \u00e9t\u00e9 personnellement \u00e9lu \u2013 je ne comprends pas pourquoi Ramgoolam n\u2019annonce pas qu\u2019il se retire ; et que, par exemple, il passera l\u2019ann\u00e9e qui vient \u00e0 aider \u00e0 faire \u00e9merger une poign\u00e9e de candidats \u00e0 sa succession ; que lors d\u2019une grande assembl\u00e9e des Travaillistes, \u00e0 la m\u00eame \u00e9poque, l\u2019an prochain, les membres choisiront alors le prochain leader.<\/span><\/p>\n<p><span style=\"color: #000000;\">Ce nouveau chef des rouges, aid\u00e9 d\u2019un mentor bienveillant en la personne de Ramgoolam, pourra alors passer les deux \u00e0 trois ann\u00e9es suivantes \u00e0 consolider son \u00e9quipe et sa base tout en peaufinant et testant les id\u00e9es et propositions qui seront pr\u00e9sent\u00e9es devant l\u2019\u00e9lectorat lors des prochaines l\u00e9gislatives.<\/span><\/p>\n<p><span style=\"color: #000000;\">Pour que cela se produise, il faudra que les leaders aient la sagesse d\u2019analyser la situation et l\u2019avenir de leur parti par-del\u00e0 de leur petite personne. En sont-ils capables? Je ne le crois pas.<\/span><\/p>\n<hr \/>\n<p><span style=\"color: #008080;\">* Published in print edition on 15 September 2020<\/span><\/p>\n","protected":false},"excerpt":{"rendered":"<p>Interview\u00a0: Rabin Bhujun, Journaliste<\/p>\n","protected":false},"author":1,"featured_media":23859,"comment_status":"open","ping_status":"open","sticky":false,"template":"","format":"standard","meta":{"jetpack_post_was_ever_published":false,"_jetpack_newsletter_access":"","_jetpack_dont_email_post_to_subs":false,"_jetpack_newsletter_tier_id":0,"_jetpack_memberships_contains_paywalled_content":false,"_jetpack_memberships_contains_paid_content":false,"footnotes":"","jetpack_publicize_message":"","jetpack_publicize_feature_enabled":true,"jetpack_social_post_already_shared":true,"jetpack_social_options":{"image_generator_settings":{"template":"highway","default_image_id":0,"font":"","enabled":false},"version":2}},"categories":[32,6],"tags":[26437,92,1303,15154,26676,5046,36,814,26677,280,50,20855,314,323,48,14507,144,4619,61],"class_list":["post-28624","post","type-post","status-publish","format-standard","has-post-thumbnail","hentry","category-interviews","category-latest-news","tag-bruneau-laurette","tag-emmanuel-macron","tag-first-past-the-post","tag-gilets-jaunes","tag-interview-rabin-bhujun","tag-joanna-berenger","tag-mauritius-times","tag-mmm","tag-mouvement-pou-nouvo-moris","tag-msm","tag-navin-ramgoolam","tag-occupy-wall-street","tag-parti-travailliste","tag-pmsd","tag-pravind-jugnauth","tag-prime-ministers-office","tag-rama-sithanen","tag-reza-uteem","tag-shakeel-mohamed"],"jetpack_publicize_connections":[],"jetpack_featured_media_url":"https:\/\/i0.wp.com\/www.mauritiustimes.com\/mt\/wp-content\/uploads\/2019\/12\/Rabin-Bhujun-2.jpg?fit=1171%2C600&ssl=1","jetpack_sharing_enabled":true,"jetpack_shortlink":"https:\/\/wp.me\/p8QzSF-7rG","_links":{"self":[{"href":"https:\/\/www.mauritiustimes.com\/mt\/wp-json\/wp\/v2\/posts\/28624","targetHints":{"allow":["GET"]}}],"collection":[{"href":"https:\/\/www.mauritiustimes.com\/mt\/wp-json\/wp\/v2\/posts"}],"about":[{"href":"https:\/\/www.mauritiustimes.com\/mt\/wp-json\/wp\/v2\/types\/post"}],"author":[{"embeddable":true,"href":"https:\/\/www.mauritiustimes.com\/mt\/wp-json\/wp\/v2\/users\/1"}],"replies":[{"embeddable":true,"href":"https:\/\/www.mauritiustimes.com\/mt\/wp-json\/wp\/v2\/comments?post=28624"}],"version-history":[{"count":0,"href":"https:\/\/www.mauritiustimes.com\/mt\/wp-json\/wp\/v2\/posts\/28624\/revisions"}],"wp:featuredmedia":[{"embeddable":true,"href":"https:\/\/www.mauritiustimes.com\/mt\/wp-json\/wp\/v2\/media\/23859"}],"wp:attachment":[{"href":"https:\/\/www.mauritiustimes.com\/mt\/wp-json\/wp\/v2\/media?parent=28624"}],"wp:term":[{"taxonomy":"category","embeddable":true,"href":"https:\/\/www.mauritiustimes.com\/mt\/wp-json\/wp\/v2\/categories?post=28624"},{"taxonomy":"post_tag","embeddable":true,"href":"https:\/\/www.mauritiustimes.com\/mt\/wp-json\/wp\/v2\/tags?post=28624"}],"curies":[{"name":"wp","href":"https:\/\/api.w.org\/{rel}","templated":true}]}}