{"id":2826,"date":"2014-04-18T08:51:18","date_gmt":"2014-04-18T08:51:18","guid":{"rendered":"http:\/\/mauritiustimes.com\/mt\/2014\/04\/18\/joseph-tsang-mang-kin-4\/"},"modified":"2018-07-17T14:34:34","modified_gmt":"2018-07-17T10:34:34","slug":"joseph-tsang-mang-kin-4","status":"publish","type":"post","link":"https:\/\/www.mauritiustimes.com\/mt\/joseph-tsang-mang-kin-4\/","title":{"rendered":"Finalement c\u2019est une question de moralit\u00e9 ou des Mangoustes et des Poules"},"content":{"rendered":"<p class=\"MsoNormal\"><span style=\"font-family: Verdana; line-height: 1.3em; color: #000000;\">J\u2019avoue \u00eatre parfois envahi par un sentiment de lassitude et de tristesse \u00e0 constater le silence quasi g\u00e9n\u00e9ral de mes compatriotes sur ce qui se passe chez nous en ce moment sur la question de la r\u00e9forme \u00e9lectorale. On n\u2019entend pas la voix du peuple, la voix des femmes, la voix des jeunes, la voix des universitaires. Ce que l\u2019on entend h\u00e9las !, c\u2019est surtout le ch\u0153ur des approbations, par des encenseurs patent\u00e9s, fort vocaux, partisans dont l\u2019avenir politique repose sur le maintien du statu quo que nous impose la partocratie. <\/span><\/p>\n<p class=\"MsoNormal\"><span lang=\"FR\" style=\"font-family: Verdana; color: #000000;\">Je crois, qu\u2019au lieu de d\u00e9sesp\u00e9rer, il faudrait faire l\u2019effort de comprendre ce qui se passe. Je l\u2019ai d\u00e9j\u00e0 \u00e9crit : tout le mal politique dont nous souffrons : communalisme, communautarisme, autoritarisme, nous vient de Banwell, responsable de la cassure de notre soci\u00e9t\u00e9 non seulement en vainqueurs et vaincus, mais surtout entre dirigeants et dirig\u00e9s. Ou mieux, entre mangoustes et poules. <\/span><\/p>\n<p class=\"MsoNormal\"><span lang=\"FR\" style=\"font-family: Verdana; color: #000000;\">Pourtant, il avait trouv\u00e9 une parade aux 60-0 qui aurait pu emp\u00eacher la destruction des \u00ab <em>entrenched clauses<\/em> \u00bb, mais il ne l\u2019a pas inscrite dans la Constitution. J\u2019affirme que c\u2019est cette faute professionnelle de Banwell qui est \u00e0 la base de la d\u00e9mission des citoyens mauriciens, qui a effectivement commenc\u00e9 en 1982 avec la chasse aux sorci\u00e8res produisant la peur et le silence, et qui sont rest\u00e9s dans les habitudes, pour ne pas dire, ceux-ci sont devenus une seconde nature.<\/span><\/p>\n<p class=\"MsoNormal\"><span lang=\"FR\" style=\"font-family: Verdana; color: #000000;\">Le mal est si profond que l\u2019on ne semble pas s\u2019en rendre compte. Notre cancer politique n\u2019est que le sommet de l\u2019iceberg. Jetons un coup d\u2019\u0153il sur notre soci\u00e9t\u00e9. On ne peut pas cacher le fait qu\u2019elle soit malade. Un bref coup d\u2019\u0153il sur la presse quotidienne nous interpelle chaque jour sur notre maladie : agressions, vols, viols, meurtres, et maintenant, violences faites aux cadavres sans d\u00e9fense\u2026 <\/span><\/p>\n<p class=\"MsoNormal\"><span lang=\"FR\" style=\"font-family: Verdana; color: #000000;\">Notre soci\u00e9t\u00e9 est comme sans direction, sans gouvernail, sans boussole, En r\u00e9alit\u00e9, comme Mauriciens, nous n\u2019avons pas le sentiment d\u2019appartenance \u00e0 une nation. Nous n\u2019avons pas de projet qui f\u00e9d\u00e8re les Mauriciens, nous n\u2019avons pas une vision commune, nous ne partageons pas un id\u00e9al national. O\u00f9 allons-nous comme peuple mauricien?<\/span><\/p>\n<p class=\"MsoNormal\"><span lang=\"FR\" style=\"font-family: Verdana; color: #000000;\">Or, ce sont ceux qui crient le plus fort qui ont raison. Ce sont ceux-l\u00e0, qui d\u00e9tiennent le pouvoir, qui ont raison. Pas \u00e9tonnant si la majeure partie de la population mauricienne avec ses jeunes, ses pauvres, ses laiss\u00e9s-pour-compte, se d\u00e9tournent de toute la propagande politique que ne cessent de nous imposer les m\u00e9dias.<\/span><\/p>\n<p class=\"MsoNormal\"><span lang=\"FR\" style=\"font-family: Verdana; color: #000000;\">Que faire? Comme L\u00e9nine se posait la question\u2026 Effectivement je ne suis pas de ceux qui se complaisent dans la critique ou l\u2019inaction. Or, il faut analyser, comprendre et agir !<\/span><\/p>\n<p class=\"MsoNormal\"><span lang=\"FR\" style=\"font-family: Verdana; color: #000000;\">Je ne me lasserai jamais de rappeler que tout le mal fait \u00e0 notre soci\u00e9t\u00e9 dont on constate aujourd\u2019hui les blessures et les malaises, proviennent de notre Constitution. La circonscription \u00e0 trois si\u00e8ges a d\u00e9poss\u00e9d\u00e9 l\u2019\u00e9lecteur de son libre choix au profit des partis politiques. Elle a d\u00e9responsabilis\u00e9 \u00e0 la fois l\u2019\u00e9lecteur et le d\u00e9put\u00e9. Mais le mal ne s\u2019arr\u00eate pas l\u00e0. Il faut le dire, l&#8217;identifier, le reconna\u00eetre et le neutraliser. Il y a surtout beaucoup de frustrations. Osons le dire, une circonscription avec un \u00e9lectorat, celle du d\u00e9put\u00e9 et ministre Herv\u00e9 Aim\u00e9e avec 55,000 \u00e9lecteurs, sur une superficie immense, n\u2019a droit qu\u2019\u00e0 3 d\u00e9put\u00e9s, alors que dans un partage \u00e9quitable avec le m\u00eame nombre de votants dans toutes les circonscriptions de l\u2019\u00eele, cette circonscription aurait droit \u00e0 5 d\u00e9put\u00e9s. Prenons Rodrigues. Si on nous dit qu\u2019elle a plus de 40,000 \u00e9lecteurs, elle devrait avoir droit \u00e0 trois d\u00e9put\u00e9s \u00e9lus. Il y a donc ici une injustice faite \u00e0 ces communaut\u00e9s, et qui a dur\u00e9 assez longtemps, trop longtemps, et c\u2019est ce qui produit des sentiments de frustrations longtemps cach\u00e9s mais qui se r\u00e9v\u00e8lent par des comportements antisociaux. Nous passons par une phase d\u2019auto-destruction.<\/span><\/p>\n<p class=\"MsoNormal\"><span lang=\"FR\" style=\"font-family: Verdana; color: #000000;\">Et en-dehors des scandales politiques et financiers, le dernier \u00e9v\u00e8nement qui a choqu\u00e9 toute la population mauricienne, respectueuse dans son ensemble de la culture des autres communaut\u00e9s, c\u2019est la d\u00e9s\u00e9cration ou la profanation des tombes de la communaut\u00e9 chinoise \u00e0 Bois Marchand. Bien s\u00fbr, ces actes sont abominables et condamnables. Suffirait-il d\u2019envoyer les coupables en prison et d\u2019entourer le cimeti\u00e8re d\u2019un mur ? Aura-t-on r\u00e9gl\u00e9 le probl\u00e8me d\u00e9finitivement ? <\/span><\/p>\n<p class=\"MsoNormal\"><span lang=\"FR\" style=\"font-family: Verdana; color: #000000;\">Mais je voudrais approfondir l\u2019analyse. Est-ce un probl\u00e8me de la mis\u00e8re ou de la drogue ? Qui sont-ils, ces gens, qui trouvent cela n\u00e9cessaire d\u2019ouvrir les caveaux le soir, en cachette, dans des conditions fort malsaines et d\u00e9go\u00fbtantes, pour chercher du plomb afin d\u2019en vendre et gagner des sous ? Que peuvent donc gagner ces mis\u00e9rables au prix de tant de risques? Ce qui est certain, ce n&#8217;est pas le moyen le plus s\u00fbr de s&#8217;enrichir! <\/span><\/p>\n<p class=\"MsoNormal\"><span lang=\"FR\" style=\"font-family: Verdana; color: #000000;\">Ce qui me pousse \u00e0 penser \u00e0 ces dizaines de milliers de travailleurs, domestiques et autres petits employ\u00e9s qui touchent \u00e0 peine Rs6,000 par mois. Alors que les plus habiles, touchent Rs 200,000 ou m\u00eame Rs1,000,000 dans certains secteurs&#8230; N\u2019est-ce pas notre soci\u00e9t\u00e9 injuste et in\u00e9galitaire qui pousse les plus d\u00e9munis aux actes que nous condamnons? <\/span><\/p>\n<p class=\"MsoNormal\"><span lang=\"FR\" style=\"font-family: Verdana; color: #000000;\">Que faisons-nous pour ces cat\u00e9gories de nos concitoyens ? Que faisons-nous pour r\u00e9duire l\u2019\u00e9cart entre le riche et le pauvre de notre soci\u00e9t\u00e9? Le candidat Fran\u00e7ois Hollande, lors de sa campagne, avait annonc\u00e9 un ratio de 1 x 20. Et, \u00e0 l\u2019\u00eele de la R\u00e9union, il y a le smic qui assure plus de 1,000 euros aux plus petits. Comment se fait-il que nos partis politiques et nos hommes politiques n\u2019adressent pas ces questions qui sont en train de d\u00e9truire notre soci\u00e9t\u00e9 ? Il y a comme un tabou qui nous interdit d\u2019aborder certaines questions. <\/span><\/p>\n<p class=\"MsoNormal\"><span lang=\"FR\" style=\"font-family: Verdana; color: #000000;\">\u2022\u00a0\u00a0\u00a0\u00a0\u00a0\u00a0 Pourquoi aucun parti politique ne pose-t-il pas ces questions fondamentales ni ne cherche \u00e0 trouver des solutions aux probl\u00e8mes d&#8217;injustice tellement \u00e9videntes dans ce pays ? <\/span><\/p>\n<p class=\"MsoNormal\"><span lang=\"FR\" style=\"font-family: Verdana; color: #000000;\">\u2022\u00a0\u00a0\u00a0\u00a0\u00a0\u00a0 Pourquoi n\u2019avons-nous pas encore d\u00e9battu de la question d\u2019un salaire minimum pour tous les employ\u00e9s ? Surprenant n\u2019est-ce pas que les syndicats et autres responsables de notre soci\u00e9t\u00e9 qui, s\u2019ils y ont pens\u00e9, n\u2019ont rien fait pour le r\u00e9aliser. On se demande \u00e0 quoi servent les partis politiques si ce n\u2019est justement que pour se maintenir au pouvoir !<\/span><\/p>\n<p class=\"MsoNormal\"><span lang=\"FR\" style=\"font-family: Verdana; color: #000000;\">On m\u00e9prise les pauvres. On m\u00e9prise les faibles. On m\u00e9prise les sans-voix. Et quand on a le pouvoir, on fait ce que l\u2019on veut, au m\u00e9pris du droit des autres. Est-il admissible, en r\u00e9gime d\u00e9mocratique, que ce soit deux hommes, deux chefs de deux partis diff\u00e9rents qui d\u00e9cident de la r\u00e9forme \u00e9lectorale qui concerne tous les habitants de ce pays, d\u2019aujourd\u2019hui et de demain ? Oui ! Les deux partis, s\u2019entendent sur une reforme qui les arrange, et vous, vous n\u2019avez rien \u00e0 dire \u00e0 ce sujet&#8230; A-t-on jamais vu une conversation se d\u00e9rouler entre mangoustes et poules ? On croit entendre <em>: Content pas content, c\u2019est ca qui nous oul\u00e9! Ou l\u00e9 ou pas l\u00e9, nous va ajoute 16 ou 28 d\u00e9putes dans Parlement couma nous l\u00e9. Guettez ki ou capave faire? <\/em><\/span><\/p>\n<p class=\"MsoNormal\"><span lang=\"FR\" style=\"font-family: Verdana; color: #000000;\">Bien s\u00fbr, le peuple ne peut rien faire. Nous restons donc prisonniers des abus ! Encore des injustices, encore plus de frustrations ! Et c\u2019est ainsi que Maurice est conduite \u00e0 la morte lente, c\u2019est ainsi qu\u2019elle consent \u00e0 son suicide dans le silence\u2026<\/span><\/p>\n<p class=\"MsoNormal\"><span lang=\"FR\" style=\"font-family: Verdana; color: #000000;\">Bien s\u00fbr, valeur du jour, comme on le dit chez nous, personne ne peut stopper les deux partis politiques tout-puissants. Et rappelons, encore une fois, en passant, que leur toute puissance est l\u2019\u0153uvre bancale de Banwell ! En alliance, les deux partis feront ce qu\u2019ils voudront, et, nous, <em>le peuple admirable<\/em>, nous ne pourrons qu\u2019assister, impuissants, au spectacle du viol de notre souverainet\u00e9 nationale ! Oui ! Ils peuvent faire et ils vont faire ce qu\u2019ils veulent. <\/span><\/p>\n<p class=\"MsoNormal\"><span lang=\"FR\" style=\"font-family: Verdana; color: #000000;\">Les mangoustes ont le droit de bouffer des poules et les poules doivent se laisser faire !<\/span><\/p>\n<p class=\"MsoNormal\"><span lang=\"FR\" style=\"font-family: Verdana; color: #000000;\">Mais disons tr\u00e8s haut que ce nous pensons pour que tous l\u2019entendent. <\/span><\/p>\n<p class=\"MsoNormal\"><span lang=\"FR\" style=\"font-family: Verdana; color: #000000;\">D\u2019abord, ce <strong>sera un abus de pouvoir<\/strong>. Il n\u2019y a pas de respect de l\u2019autre. C\u2019est donc dire que la raison du plus fort est toujours la meilleure. Mais cet abus de pouvoir demeurera \u00e0 jamais un acte d\u00e9shonorant dont aucun homme politique ne pourra jamais s\u2019en glorifier. D\u00e9j\u00e0, les nouvelles g\u00e9n\u00e9rations ne pensent pas grand chose de la chose politique ou des hommes et femmes politiques. Ce qui est certain, c\u2019est que cet acte de pr\u00e9dation sera imm\u00e9diatement condamn\u00e9 par toute la population, quoique silencieuse. Et surtout par les faibles, les moins de 10%, les sans voix.<\/span><\/p>\n<p class=\"MsoNormal\"><span lang=\"FR\" style=\"font-family: Verdana; color: #000000;\">Ensuite, ce <strong>sera une erreur historique<\/strong>, qui ne manquera pas d\u2019\u00eatre condamn\u00e9e par les g\u00e9n\u00e9rations \u00e0 venir. On pourrait r\u00e9torquer : Fout pas mal, nous pas pou l\u00e0. C\u2019est vrai ! Mais ceux qui en sont responsables ne pourront jamais \u00eatre reconnus dans nos livres d\u2019Histoire de demain comme ceux qui auront \u00e9t\u00e9 de leur vivant, de v\u00e9ritables tribuns, d\u00e9fenseurs de la d\u00e9mocratie et des droits de l\u2019homme. Loin de l\u00e0 !<\/span><\/p>\n<p class=\"MsoNormal\"><span lang=\"FR\" style=\"font-family: Verdana; color: #000000;\">Et surtout, <strong>ce sera un acte immoral<\/strong>. Comme le viol des caveaux. Ce qui nous ram\u00e8ne aux faits divers de notre quotidien de vols, de viols et de meurtres. Nous sommes dans le m\u00eame registre. Les d\u00e9cisions prises au m\u00e9pris des autres, de fa\u00e7on arrogante, c\u2019est peut-\u00eatre l\u00e9gal, mais toujours immoral ! <\/span><\/p>\n<p class=\"MsoNormal\"><span lang=\"FR\" style=\"font-family: Verdana; color: #000000;\">Face \u00e0 ce spectacle d\u2019immoralit\u00e9 politique, les jeunes sont d\u00e9sorient\u00e9s, ils perdent leurs valeurs, et se d\u00e9tachent de notre conscient collectif. Quel mod\u00e8le suivre si l\u2019exemple ne vient pas d\u2019en haut ?<\/span><\/p>\n<p class=\"MsoNormal\"><span lang=\"FR\" style=\"font-family: Verdana; color: #000000;\">Que faire ? Mettons en place une Commission pour la R\u00e9forme Electorale ! Prenons le temps qu\u2019il faut, plusieurs ann\u00e9es s\u2019il le faut, \u00e0 l\u2019exemple de l\u2019Inde, pour r\u00e9diger une nouvelle Constitution, et nous serions tous fiers de l&#8217;avoir construite ensemble, et celle-ci servira \u00e0 b\u00e2tir une v\u00e9ritable nation mauricienne.<\/span><\/p>\n<p class=\"MsoNormal\"><span lang=\"FR\" style=\"font-family: Verdana; color: #000000;\">Prenons le temps qu\u2019il faut : Il y va certes de la survie de notre d\u00e9mocratie, mais il y va surtout de notre sant\u00e9 morale nationale !<\/span><\/p>\n<hr \/>\n<p><span style=\"color: #00ccff;\"><em>* Published in print edition on 18 April 2014<\/em><\/span><\/p>\n","protected":false},"excerpt":{"rendered":"<p>J\u2019avoue \u00eatre parfois envahi par un sentiment de lassitude et de tristesse \u00e0 constater le silence quasi g\u00e9n\u00e9ral de mes compatriotes sur ce qui se passe chez nous en ce moment sur la question de la r\u00e9forme \u00e9lectorale. On n\u2019entend pas la voix du peuple, la voix des femmes, la voix des jeunes, la voix [&hellip;]<\/p>\n","protected":false},"author":30,"featured_media":6560,"comment_status":"open","ping_status":"open","sticky":false,"template":"","format":"standard","meta":{"jetpack_post_was_ever_published":false,"_jetpack_newsletter_access":"","_jetpack_dont_email_post_to_subs":false,"_jetpack_newsletter_tier_id":0,"_jetpack_memberships_contains_paywalled_content":false,"_jetpack_memberships_contains_paid_content":false,"footnotes":"","jetpack_publicize_message":"","jetpack_publicize_feature_enabled":true,"jetpack_social_post_already_shared":false,"jetpack_social_options":{"image_generator_settings":{"template":"highway","default_image_id":0,"font":"","enabled":false},"version":2}},"categories":[2327],"tags":[10465,98,12025,1189,1814],"class_list":["post-2826","post","type-post","status-publish","format-standard","has-post-thumbnail","hentry","category-elections","tag-banwell","tag-francois-hollande","tag-herve-aimee","tag-joseph-tsang-mang-kin","tag-reforme-electorale"],"jetpack_publicize_connections":[],"jetpack_featured_media_url":"https:\/\/i0.wp.com\/www.mauritiustimes.com\/mt\/wp-content\/uploads\/2016\/12\/MT-Logokk.jpg?fit=1200%2C880&ssl=1","jetpack_sharing_enabled":true,"jetpack_shortlink":"https:\/\/wp.me\/p8QzSF-JA","_links":{"self":[{"href":"https:\/\/www.mauritiustimes.com\/mt\/wp-json\/wp\/v2\/posts\/2826","targetHints":{"allow":["GET"]}}],"collection":[{"href":"https:\/\/www.mauritiustimes.com\/mt\/wp-json\/wp\/v2\/posts"}],"about":[{"href":"https:\/\/www.mauritiustimes.com\/mt\/wp-json\/wp\/v2\/types\/post"}],"author":[{"embeddable":true,"href":"https:\/\/www.mauritiustimes.com\/mt\/wp-json\/wp\/v2\/users\/30"}],"replies":[{"embeddable":true,"href":"https:\/\/www.mauritiustimes.com\/mt\/wp-json\/wp\/v2\/comments?post=2826"}],"version-history":[{"count":0,"href":"https:\/\/www.mauritiustimes.com\/mt\/wp-json\/wp\/v2\/posts\/2826\/revisions"}],"wp:featuredmedia":[{"embeddable":true,"href":"https:\/\/www.mauritiustimes.com\/mt\/wp-json\/wp\/v2\/media\/6560"}],"wp:attachment":[{"href":"https:\/\/www.mauritiustimes.com\/mt\/wp-json\/wp\/v2\/media?parent=2826"}],"wp:term":[{"taxonomy":"category","embeddable":true,"href":"https:\/\/www.mauritiustimes.com\/mt\/wp-json\/wp\/v2\/categories?post=2826"},{"taxonomy":"post_tag","embeddable":true,"href":"https:\/\/www.mauritiustimes.com\/mt\/wp-json\/wp\/v2\/tags?post=2826"}],"curies":[{"name":"wp","href":"https:\/\/api.w.org\/{rel}","templated":true}]}}