{"id":2777,"date":"2014-03-14T08:11:50","date_gmt":"2014-03-14T08:11:50","guid":{"rendered":"http:\/\/mauritiustimes.com\/mt\/2014\/03\/14\/interview-yvan-martial-journaliste\/"},"modified":"2018-07-23T10:22:21","modified_gmt":"2018-07-23T06:22:21","slug":"interview-yvan-martial-journaliste","status":"publish","type":"post","link":"https:\/\/www.mauritiustimes.com\/mt\/interview-yvan-martial-journaliste\/","title":{"rendered":"\u201cNous ne nous m\u00e9fierons jamais assez des faux proph\u00e8tes, ni des faux Messies\u2026\u201d"},"content":{"rendered":"<p class=\"MsoNormal\" style=\"text-align: center;\"><span style=\"text-decoration: underline;\"><span lang=\"FR\" style=\"font-size: 12.0pt; line-height: 115%; font-family: 'Verdana','sans-serif'; mso-ansi-language: FR;\">Interview : Yvan Martial &#8211; Journaliste<\/span> <\/span><!--more--><\/p>\n<p class=\"MsoNormal\" style=\"text-align: center;\"><strong><span lang=\"FR\" style=\"font-size: 12.0pt; line-height: 115%; font-family: 'Verdana','sans-serif'; mso-ansi-language: FR;\">\u201cLe meilleur de l\u2019Histoire des Mauriciens est \u00e0 venir car ce sont les enfants de nos enfants qui l\u2019\u00e9criront. <\/span><span lang=\"EN-GB\" style=\"font-size: 12.0pt; line-height: 115%; font-family: 'Verdana','sans-serif';\">Ils sauront mener notre pays Maurice \u00e0 bon port\u2026\u201d<\/span> <\/strong><\/p>\n<p class=\"MsoNormal\" style=\"text-align: center;\"><span lang=\"FR\" style=\"font-size: 12.0pt; line-height: 115%; font-family: 'Verdana','sans-serif'; mso-ansi-language: FR;\"><strong>\u201cPourquoi vouloir changer \u00e0 tout prix tout ce qui a si bien march\u00e9 jusqu\u2019ici ? Pourquoi surtout vouloir opposer l\u2019ethnicit\u00e9, cette partie de notre personnalit\u00e9, de notre esprit, de notre \u00e2me, \u00e0 l\u2019id\u00e9ologie qui peut \u00eatre une chose tellement \u00e9trang\u00e8re \u00e0 nous, de tellement superficielle ?\u2026\u201d<\/strong><\/span><\/p>\n<p class=\"MsoFooter\"><span lang=\"FR\" style=\"font-family: Verdana; mso-bidi-font-family: Arial;\"> <!--more--> <\/span><\/p>\n<p class=\"MsoNormal\"><span style=\"color: #000000;\"><strong><span lang=\"EN-GB\" style=\"font-size: 12.0pt; line-height: 115%; font-family: Verdana; mso-bidi-font-family: Arial;\">Ind\u00e9pendance\u00a0: Mot magique qui symbolise l\u2019affranchissement, l\u2019autonomie, la souverainet\u00e9, mais qui r\u00e9v\u00e8le aussi toutes les difficult\u00e9s d\u2019un peuple libre depuis 46 ans qui doit encore se trouver, se retrouver et se positionner au 21<sup>e<\/sup> si\u00e8cle \u2013 l\u2019\u00e8re de la modernit\u00e9 \u2013 et surtout s\u2019affirmer en tant que R\u00e9publique multilingue et multiculturelle dans un contexte \u00e9conomique difficile. Cette semaine, Yvan Martial, nous livre ses impressions sur les heurs et malheurs de sa patrie.<\/span><\/strong><\/span><\/p>\n<p class=\"MsoBodyText\" style=\"mso-margin-bottom-alt: auto; text-align: justify;\"><span style=\"color: #000000;\"><span lang=\"EN-GB\" style=\"font-size: 12pt; line-height: 115%; font-family: Verdana;\"><strong>Mauritius<\/strong><\/span><span lang=\"EN-GB\" style=\"font-size: 12pt; line-height: 115%; font-family: Verdana;\"><strong> Times\u00a0: L\u2019occasion nous est donn\u00e9e en ce jour de l\u2019Ind\u00e9pendance de r\u00e9fl\u00e9chir sur le chemin parcouru, des avanc\u00e9es obtenues et de nous projeter vers un avenir meilleur. Quels sont vos sentiments personnels en ce 12 mars 2014?<\/strong><\/span><\/span><\/p>\n<p class=\"MsoNormal\"><span style=\"color: #000000;\"><strong><span lang=\"EN-GB\" style=\"font-size: 12.0pt; line-height: 115%; font-family: Verdana; mso-bidi-font-family: Arial;\">Yvan Martial\u00a0:<\/span><\/strong><span lang=\"EN-GB\" style=\"font-size: 12.0pt; line-height: 115%; font-family: Verdana; mso-bidi-font-family: Arial;\"> Il est donn\u00e9 \u00e0 certains d\u2019entre nous, de grosses l\u00e9gumes en particulier, de participer activement \u00e0 l\u2019une ou l\u2019autre c\u00e9l\u00e9bration officielle de notre F\u00eate nationale.<\/span><\/span><\/p>\n<p><span style=\"color: #000000;\">J\u2019esp\u00e8re que ceux, qui doivent s\u2019y coltiner, le font avec tout le respect et la consid\u00e9ration dus \u00e0 des c\u00e9r\u00e9monies aussi prestigieuses. Elles attirent un certain nombre de participants, sinon de simples spectateurs. Ces derniers ont droit \u00e0 notre gratitude la plus grande car leur pr\u00e9sence en de telles occasions est un exemple de gratuit\u00e9 du meilleur aloi. Ils offrent, \u00e0 leur patrie, sans rien attendre en retour, du moins nous l\u2019esp\u00e9rons, quelques minutes, quelques heures, de ce que nous avons de plus pr\u00e9cieux sur terre\u00a0: notre temps libre. Il est trop rare pour que nous en gaspillons, ne serait-ce qu\u2019une seconde.<\/span><\/p>\n<p class=\"MsoNormal\"><span lang=\"EN-GB\" style=\"font-size: 12pt; line-height: 115%; font-family: Verdana; color: #000000;\">Je regrette que nos lieux de culte n\u2019organisent pas davantage de c\u00e9r\u00e9monies d\u2019actions de gr\u00e2ce, le jour de notre F\u00eate nationale, pour remercier Celui \u00e0 qui nous devons tout bienfait, toute gr\u00e2ce, tout secours. Lui dire merci de toute la b\u00e9n\u00e9diction qu\u2019Il accorde \u00e0 notre pays Maurice bien-aim\u00e9. Mais qu\u2019on ne s\u2019y trompe pas \u00e0 mon \u00e9gard, \u00e0 ce sujet. Quand je r\u00e9clame davantage de remerciements religieux, \u00e0 l\u2019occasion de notre F\u00eate nationale, il n\u2019est pas dit que je ferai moi-m\u00eame l\u2019effort individuel d\u2019y assister et d\u2019y participer. Bel exemple du \u00ab\u00a0fais-ce que je te dis mais ne fais pas ce que je fais ou plut\u00f4t ne fais pas\u00a0\u00bb. <\/span><\/p>\n<p class=\"MsoNormal\"><span lang=\"EN-GB\" style=\"font-size: 12pt; line-height: 115%; font-family: Verdana; color: #000000;\">Maurice Rault avait vraiment raison. Ce qui nous fait le plus d\u00e9faut \u00e0 Maurice, c\u2019est un public plus talentueux, capable en tout cas d\u2019exiger des meilleurs d\u2019entre nous de se surpasser en toute occasion mais davantage encore dans les grandes.<\/span><\/p>\n<p class=\"MsoNormal\"><span lang=\"EN-GB\" style=\"font-size: 12pt; line-height: 115%; font-family: Verdana; color: #000000;\">Je ne fais rien de sp\u00e9cial en tout 12-mars, sinon ce que je fais tous les jours de l\u2019ann\u00e9e, tous les jours de ma vie\u00a0: d\u00e9couvrir et appr\u00e9cier toute nouvelle trace, toute nouvelle illustration de l\u2019extraordinaire richesse humaine de l\u2019Histoire des Mauriciens, des faits et gestes, m\u00eame les plus anecdotiques des plus petits d\u2019entre nous, qui embellissent et anoblissent tellement notre vivre en commun, exemplaire \u00e0 tant d\u2019\u00e9gards.<\/span><\/p>\n<p class=\"MsoNormal\"><span lang=\"EN-GB\" style=\"font-size: 12pt; line-height: 115%; font-family: Verdana; color: #000000;\">Chaque 12-mars demeure donc essentiellement pour moi, comme chaque nouveau jour de l\u2019ann\u00e9e, une journ\u00e9e de travail comme une autre, b\u00e9nie entre toutes les autres, car aussi prometteuse que les autres. Chaque heure qui passe, chaque minute qui passe, me fournit gracieusement l\u2019occasion de mieux conna\u00eetre l\u2019Histoire de mon pays, de mes compatriotes, ceux d\u2019hier, d\u2019aujourd\u2019hui et m\u00eame de demain. Quoi demander de plus et de mieux\u00a0? <\/span><\/p>\n<p class=\"MsoNormal\"><span lang=\"EN-GB\" style=\"font-size: 12pt; line-height: 115%; font-family: Verdana; color: #000000;\">Chaque 12-mars m\u2019apprend surtout \u00e0 davantage faire confiance \u00e0 mes fr\u00e8res et s\u0153urs mauriciens, surtout s\u2019ils n\u2019appartiennent pas \u00e0 ma communaut\u00e9 ethnique, surtout s\u2019ils ne partagent pas mes convictions religieuses et culturelles.<\/span><\/p>\n<p class=\"MsoNormal\"><span style=\"color: #000000;\"><strong><span lang=\"EN-GB\" style=\"font-size: 12.0pt; line-height: 115%; font-family: Verdana; mso-bidi-font-family: Arial;\">* On peut dire que globalement Maurice a accompli de grands progr\u00e8s durant ces 46 derni\u00e8res ann\u00e9es sur diff\u00e9rents plans. Il y a eu sans doute des occasions rat\u00e9es, mais \u00e0 la fin de la journ\u00e9e on peut affirmer que la D\u00e9mocratie a surv\u00e9cu. Il fait toujours bon vivre dans ce pays malgr\u00e9 une croissance \u00e9conomique stagnante (et le co\u00fbt de la vie qui grimpe d\u2019ann\u00e9e en ann\u00e9e) et l&#8217;ins\u00e9curit\u00e9 que la criminalit\u00e9 suscite. Qu\u2019en pensez-vous\u00a0?<\/span><\/strong><\/span><\/p>\n<p class=\"MsoNormal\"><span lang=\"EN-GB\" style=\"font-size: 12pt; line-height: 115%; font-family: Verdana; color: #000000;\">O\u00f9, sur Terre, se sentir autant dans un paradis terrestre que dans notre pays Maurice\u00a0? Nous y vivons \u00e0 l\u2019aise, dans une s\u00e9curit\u00e9 que la plupart des autres pays peuvent nous envier. J\u2019en veux pour preuve l\u2019extr\u00eame facilit\u00e9 avec laquelle notre Premier ministre, notre Pr\u00e9sident de la R\u00e9publique, n\u2019importe quel ministre, n\u2019importe quel haut fonctionnaire, peut se m\u00ealer \u00e0 n\u2019importe quelle foule, se pr\u00eater \u00e0 n\u2019importe quel bain de foule. Je regrette que notre Chef de l\u2019Opposition n\u2019accompagne pas plus souvent notre Premier ministre, dans ses plus importants d\u00e9placements \u00e0 l\u2019\u00e9tranger, afin que le monde entier puisse \u00eatre t\u00e9moin de l\u2019extraordinaire fraternit\u00e9 qui les unit profond\u00e9ment, sinc\u00e8rement, (qui unit ces deux partis politiques de notre admirable population mauricienne), malgr\u00e9 tout ce qui peut les s\u00e9parer bien temporairement, bien superficiellement, et donner ce t\u00e9moignage vivant de notre D\u00e9mocratie mauricienne, de notre Unit\u00e9 nationale, exemplaires \u00e0 tant d\u2019\u00e9gards car aussi faites de respect mutuel et de la tol\u00e9rance la plus grande.<\/span><\/p>\n<p class=\"MsoNormal\"><span lang=\"EN-GB\" style=\"font-size: 12pt; line-height: 115%; font-family: Verdana; color: #000000;\">Il me suffit de voir la tristesse qui assombrit le visage de tant et tant de ceux et celles que j\u2019ai accompagn\u00e9s \u00e0 l\u2019a\u00e9roport de Plaisance, avant leur d\u00e9part, pour reprendre conscience, en pl\u00e9nitude, de notre inestimable bonheur de pouvoir vivre en permanence dans ce paradis terrestre qu\u2019est notre pays Maurice, non pas parce qu\u2019il serait le plus beau au monde mais simplement parce qu\u2019il est notre pays. Nul besoin de chercher ailleurs d\u2019autre raison de ch\u00e9rir notre pays, comme nous adorons les membres de notre famille et que nous sommes pr\u00eats \u00e0 donner notre vie si c\u2019est le prix \u00e0 payer pour assurer leur bonheur terrestre \u00e0 Maurice.<\/span><\/p>\n<p class=\"MsoNormal\"><span style=\"color: #000000;\"><strong><span lang=\"EN-GB\" style=\"font-size: 12.0pt; line-height: 115%; font-family: Verdana; mso-bidi-font-family: Arial;\">* Quelle opinion faites-vous de la nature et de l&#8217;intensit\u00e9 des relations sociales qui existent dans notre soci\u00e9t\u00e9\u00a0? Peut-on dire que nous n\u2019avons pas d\u00e9m\u00e9rit\u00e9 sur ce plan-l\u00e0 et sur celui de l\u2019harmonie sociale malgr\u00e9 nos diff\u00e9rences sur diff\u00e9rents plans et en d\u00e9pit de quelques d\u00e9bordements durant ces derni\u00e8res ann\u00e9es\u00a0? <\/span><\/strong><\/span><\/p>\n<p class=\"MsoNormal\"><span lang=\"EN-GB\" style=\"font-size: 12pt; line-height: 115%; font-family: Verdana; color: #000000;\">Ce paradis terrestre qu\u2019est notre pays, encore une fois, simplement parce qu\u2019il est notre pays, n\u2019est pas parfait. Notre Cr\u00e9ateur n\u2019a pas voulu faire tout le boulot. Il nous fait suffisamment confiance pour nous laisser un peu de travail \u00e0 faire\u00a0: ne serait-ce cueillir, ici et l\u00e0, tout ce qui est n\u00e9cessaire \u00e0 l\u2019am\u00e9lioration de notre bien-\u00eatre. Nous ne voulons quand m\u00eame pas qu\u2019Il m\u00e2che la nourriture terrestre \u00e0 notre place. \u00ab\u00a0Bon Di\u00e9 mass\u00e9 et banne dimounes manz\u00e9\u00a0!\u00a0\u00bb Nous ne sommes plus des enfants, que diable\u00a0! <\/span><\/p>\n<p class=\"MsoNormal\"><span lang=\"EN-GB\" style=\"font-size: 12pt; line-height: 115%; font-family: Verdana; color: #000000;\">Il respecte donc une certaine d\u00e9l\u00e9gation de ses pouvoirs divins et cr\u00e9ateurs, en notre faveur. Cela est tout \u00e0 notre honneur. Il arrive donc \u00e0 certains m\u00e9cr\u00e9ants, \u00e0 commencer par moi, de g\u00e2cher le travail que nous devons accomplir pour parfaire encore le travail du Bon Dieu sur cette partie de la plan\u00e8te Terre et que nous revendiquons fi\u00e8rement comme notre pays Maurice. Tout n\u2019est pas parfait mais nul d\u2019entre nous n\u2019est oblig\u00e9 de s\u2019attarder maladivement sur ce qui ne fonctionne pas correctement alors qu\u2019il y a tant et tant de choses merveilleuses qui s\u2019accomplissent, jour apr\u00e8s jour, heure apr\u00e8s heure, seconde apr\u00e8s seconde, dans notre beau pays Maurice. Ne dit-on pas\u00a0: \u00ab\u00a0Qui regarde le soleil ne voit jamais les ombres.\u00a0\u00bb Soyons positifs, que diable\u00a0! N\u2019oublions jamais que nous avons la chance de vivre dans ce paradis terrestre qu\u2019est notre pays Maurice. <\/span><\/p>\n<p class=\"MsoNormal\"><span lang=\"EN-GB\" style=\"font-size: 12pt; line-height: 115%; font-family: Verdana; color: #000000;\">Certains sont malheureux comme des pierres dans notre paradis terrestre. Nous devons d\u2019abord nous assurer qu\u2019ils ont toujours fait ce qu\u2019il faut pour que leur existence et celle des leurs soient paradisiaques m\u00eame modestes. Nous ne pouvons nous offrir le luxe de soutirer infiniment des paresseux, des fain\u00e9ants, des alcooliques, des toxicomanes, ceux qui refusent de gagner honn\u00eatement leur vie pour assurer l\u2019existence la plus heureuse des leurs sur la terre des vivants. Le faire, leur donner raison, pour mieux embarrasser nos autorit\u00e9s, notre gouvernement, serait faire preuve de la pire des d\u00e9magogies. <\/span><\/p>\n<p class=\"MsoNormal\"><span lang=\"EN-GB\" style=\"font-size: 12pt; line-height: 115%; font-family: Verdana; color: #000000;\">D\u2019autres ne sont jamais satisfaits de leur sort. Ils veulent avoir davantage que leurs voisins, que leurs coll\u00e8gues. Pour cela, ils sont pr\u00eats \u00e0 sacrifier au D\u00e9mon de l\u2019argent facile \u00e0 gagner, m\u00eame sale, m\u00eame malhonn\u00eate. Ils sont le cancer qui mine dangereusement leur existence terrestre. En revanche, s\u2019ils sont dans la plus grande des mis\u00e8res pour des raisons absolument ind\u00e9pendantes de leur volont\u00e9, nous devons voler \u00e0 leurs secours et ne laisser aucune pierre sans la retourner avant qu\u2019ils retrouvent les moyens de se remettre en selle et accomplir la part de travail et de responsabilit\u00e9 qui leur revient de droit. <\/span><\/p>\n<p class=\"MsoNormal\"><span lang=\"EN-GB\" style=\"font-size: 12pt; line-height: 115%; font-family: Verdana; color: #000000;\">A mes s\u0153urs qui souffrent continuellement, quotidiennement, de violences physiques et conjugales, je dis\u00a0: \u00ab\u00a0Pourquoi vous embarrassez-vous d\u2019un mari, d\u2019un conjoint, pire encore d\u2019un concubin, absolument incapable de vous donner, ainsi qu\u2019\u00e0 vos enfants, de quoi mener une vie normale, une vie heureuse. D\u00e9barrassez-vous de lui au plus vite s\u2019il est davantage un inconv\u00e9nient majeur plut\u00f4t qu\u2019une quelconque aide. D\u00e9livrez-vous du m\u00e2le.\u00a0\u00bb <\/span><\/p>\n<p class=\"MsoNormal\"><span lang=\"EN-GB\" style=\"font-size: 12pt; line-height: 115%; font-family: Verdana; color: #000000;\">Tout policier, toute autorit\u00e9 polici\u00e8re, toute autorit\u00e9 minist\u00e9rielle et gouvernementale, qui tol\u00e8re la moindre violence physique inflig\u00e9e \u00e0 une Mauricienne par un homme est indigne des fonctions qu\u2019il occupe.<\/span><\/p>\n<p class=\"MsoNormal\"><span style=\"color: #000000;\"><strong><span lang=\"EN-GB\" style=\"font-size: 12.0pt; line-height: 115%; font-family: Verdana; mso-bidi-font-family: Arial;\">* On ne le dit pas suffisamment peut-\u00eatre\u00a0: les Mauriciens ont appris \u00e0 vivre ensemble, mais faut-il aussi reconna\u00eetre qu\u2019en g\u00e9n\u00e9ral les institutions du pays comme le Judiciaire, la Police tout comme la classe politique et aussi la Presse ont toutes parfois contribu\u00e9 \u00e0 cela, malgr\u00e9 quelques manquements. Votre opinion\u00a0? <\/span><\/strong><\/span><\/p>\n<p class=\"MsoNormal\"><span lang=\"EN-GB\" style=\"font-size: 12pt; line-height: 115%; font-family: Verdana; color: #000000;\">Pour notre Judiciaire et pour notre Police, je r\u00e9pondrai encore ceci\u00a0: \u00ab\u00a0Regardons le soleil et nous ne verrons pas les ombres.\u00a0\u00bb Pour la presse je serai plus s\u00e9v\u00e8re, pour deux raisons. D\u2019abord, il s\u2019agit d\u2019un secteur que je me vante de conna\u00eetre un tant soit peu. Ensuite, je crois en son importance tellement grande qu\u2019on peut lui attribuer en grande partie, tout ce qui a \u00e9t\u00e9 fait de Bien, de Bon, de Beau, de Vrai, de Juste, sur la terre des Mauriciens. <\/span><\/p>\n<p class=\"MsoNormal\"><span lang=\"EN-GB\" style=\"font-size: 12pt; line-height: 115%; font-family: Verdana; color: #000000;\">Non pas que nos journalistes, ceux d\u2019hier, comme ceux d\u2019aujourd\u2019hui, comme ceux de demain, peuvent se pr\u00e9valoir de tous ces bienfaits. Mais c\u2019est en grande partie gr\u00e2ce \u00e0 leur travail r\u00e9dactionnel et \u00e0 leur capacit\u00e9 de communicants que nous pouvons \u00eatre au courant de toutes les merveilles humaines r\u00e9alis\u00e9es sur cette partie de la Plan\u00e8te Terre que nous revendiquons comme n\u00f4tre. C\u2019est seulement rappeler, \u00e0 toutes mes cons\u0153urs, \u00e0 tous mes conf\u00e8res, que l\u2019aspect le plus noble de notre mission journalistique et m\u00e9diatique est de mettre en exergue tout ce qui se fait de b\u00e9n\u00e9fique et de positif par l\u2019un ou l\u2019autre de nos s\u0153urs et fr\u00e8res mauriciens qui comptent absolument sur nous, journalistes, pour que leurs modestes efforts et contributions au Bien Commun parviennent \u00e0 la connaissance de tous, \u00e0 titre informatif ou motivateur. <\/span><\/p>\n<p class=\"MsoNormal\"><span lang=\"EN-GB\" style=\"font-size: 12pt; line-height: 115%; font-family: Verdana; color: #000000;\">A nos politiciennes et politiciens, je leur demande simplement d\u2019\u00eatre d\u2019authentiques serviteurs de leurs s\u0153urs et fr\u00e8res mauriciens, d\u2019accepter d\u2019\u00eatre \u00e0 leur service, sans chercher \u00e0 les utiliser d\u2019une quelconque mani\u00e8re \u00e0 leur profit personnel. <\/span><\/p>\n<p class=\"MsoNormal\"><span style=\"color: #000000;\"><strong><span lang=\"EN-GB\" style=\"font-size: 12.0pt; line-height: 115%; font-family: Verdana; mso-bidi-font-family: Arial;\">* Ce qui peut surprendre toutefois malgr\u00e9 le vivre-ensemble g\u00e9n\u00e9ralement harmonieux dans le pays, c\u2019est le comportement de l\u2019\u00e9lectorat chaque cinq ans. Rama Sithanen qui a \u00e9tudi\u00e9 toutes les \u00e9lections depuis 1959 pour comprendre les motivations derri\u00e8re le choix des \u00e9lecteurs sur les 12 derni\u00e8res \u00e9lections g\u00e9n\u00e9rales &#8211; \u00ab\u00a0en profondeur\u00a0et circonscription par circonscription\u00a0\u00bb dit-il -, affirme que le facteur d\u00e9terminant ne rel\u00e8ve pas de l\u2019arithm\u00e9tique \u00e9lectorale, l\u2019\u00e9conomie ou le projet politique. \u00ab\u00a0La motivation principale, c\u2019est l\u2019ethnicit\u00e9 et de tr\u00e8s loin.\u00a0\u00bb Qu\u2019est-ce qui expliquerait cela\u00a0? <\/span><\/strong><\/span><\/p>\n<p class=\"MsoNormal\"><span lang=\"EN-GB\" style=\"font-size: 12pt; line-height: 115%; font-family: Verdana; color: #000000;\">Je ne crois pas me tromper beaucoup en affirmant faire partie d\u2019une minorit\u00e9 ethnique, les Mauriciens aux origines plut\u00f4t m\u00e9tisses, pour ne pas dire autre chose. Dans d\u2019autres pays, anciennes colonies europ\u00e9ennes, comme mon pays, les membres de certaines minorit\u00e9s ethniques ont \u00e9t\u00e9 brutalement et injustement exil\u00e9s. <\/span><\/p>\n<p class=\"MsoNormal\"><span lang=\"EN-GB\" style=\"font-size: 12pt; line-height: 115%; font-family: Verdana; color: #000000;\">Comment voulez-vous que je puisse avoir l\u2019audace de me plaindre de l\u2019ethnicit\u00e9, pouvant guider les choix \u00e9lectoraux m\u00eame d\u2019une majorit\u00e9 de Mauriciens, en supposant que l\u2019assertion contenue dans cette question soit exacte. Notre \u00e9lectorat mauricien serait-il trop \u00ab\u00a0koon k\u00e9 koon\u00a0\u00bb\u00a0? Qui peut l\u2019affirmer? <\/span><\/p>\n<p class=\"MsoNormal\"><span lang=\"EN-GB\" style=\"font-size: 12pt; line-height: 115%; font-family: Verdana; color: #000000;\">Le MMM est le premier \u00e0 reconna\u00eetre que tous les hindous ne votent pas pour le Parti travailliste de Navin Ramgoolam. Ces derniers savent parfaitement que tous les cr\u00e9oles ne votent pas forc\u00e9ment pour le MMM de Paul B\u00e9renger. Jusqu\u2019\u00e0 preuve du contraire, tout vote \u00e0 Maurice se d\u00e9roule, \u00e0 99%, dans le secret le plus absolu de l\u2019isoloir. Mon \u00e9pouse ne sait pas que j\u2019ai toujours vot\u00e9 MMM et pourtant Navin Ramgoolam me demande personnellement de contribuer \u00e0 son \u00ab\u00a0Advance\u00a0\u00bb dont la tenue journalistique fait mon admiration d\u2019une livraison \u00e0 l\u2019autre. <\/span><\/p>\n<p class=\"MsoNormal\"><span lang=\"EN-GB\" style=\"font-size: 12pt; line-height: 115%; font-family: Verdana; color: #000000;\">Je vote MMM mais je donne enti\u00e8rement raison \u00e0 Satcam Boolell quand il disait, avec la sagesse qui l\u2019a toujours caract\u00e9ris\u00e9\u00a0: \u00ab\u00a0Tant que notre pays Maurice sera gouvern\u00e9 par un Hindou, ses coreligionnaires se tiendront tranquilles\u00a0\u00bb. Je voterai, peut-\u00eatre MMM aux prochaines L\u00e9gislatives, mais je sais et j\u2019affirme que j\u2019ai plus \u00e0 perdre qu\u2019\u00e0 gagner financi\u00e8rement, si ce parti parvenait, en 2015, au Pouvoir gouvernemental.<\/span><\/p>\n<p class=\"MsoNormal\"><span lang=\"EN-GB\" style=\"font-size: 12pt; line-height: 115%; font-family: Verdana; color: #000000;\">Vous dites que Rama Sithanen \u00ab\u00a0a \u00e9tudi\u00e9 toutes les \u00e9lections l\u00e9gislatives depuis 1959\u00a0\u00bb, comme j\u2019aurais aim\u00e9 pouvoir partager m\u00eame modestement sa connaissance exhaustive de la chose publique dans mon pays et les r\u00e9actions politiques et civiques de mes compatriotes. Il est peut-\u00eatre le plus heureux de nous tous.<\/span><\/p>\n<p class=\"MsoNormal\"><span lang=\"EN-GB\" style=\"font-size: 12pt; line-height: 115%; font-family: Verdana; color: #000000;\">* <strong><em>\u2018In Mauritius, the politics of identity and presence is much more important than the politics of substance and ideas,\u2019<\/em> ajoute Sithanen. Peut-\u00eatre que ce n\u2019est pas tout \u00e0 fait surprenant au regard des blessures du pass\u00e9. Mais \u00eates-vous quand m\u00eame optimiste que nous allons pouvoir renverser cette \u00e9quation\u00a0? \u00c7a va prendre le temps que \u00e7a va prendre\u00a0?<\/strong><\/span><\/p>\n<p class=\"MsoNormal\"><span lang=\"EN-GB\" style=\"font-size: 12pt; line-height: 115%; font-family: Verdana; color: #000000;\">Pourquoi vouloir changer \u00e0 tout prix ce qui a si bien march\u00e9 depuis 1959, sinon 1948, sinon 1885, sinon 1850, sinon les premi\u00e8res \u00e9lections au Comit\u00e9 Colonial des ann\u00e9es 1790\u00a0? Pourquoi vouloir changer \u00e0 tout prix tout ce qui a si bien march\u00e9 jusqu\u2019ici\u00a0? Pourquoi surtout vouloir opposer l\u2019ethnicit\u00e9, cette partie de notre personnalit\u00e9, de notre esprit, de notre \u00e2me, \u00e0 l\u2019id\u00e9ologie qui peut \u00eatre une chose tellement \u00e9trang\u00e8re \u00e0 nous, de tellement superficielle\u00a0? <\/span><\/p>\n<p class=\"MsoNormal\"><span lang=\"EN-GB\" style=\"font-size: 12pt; line-height: 115%; font-family: Verdana; color: #000000;\">Nos principaux politiciens n\u2019ont pourtant pas cess\u00e9 d\u2019adorer ce(ceux) qu\u2019ils ont br\u00fbl\u00e9(s) et d\u2019adorer ce(ceux) qu\u2019ils ont br\u00fbl\u00e9(s). Et vous voulez que notre admirable Peuple mauricien s\u2019attache aveugl\u00e9ment \u00e0 leurs coustics\u00a0? Saluons plut\u00f4t leur fid\u00e9lit\u00e9 \u00e0 eux-m\u00eames, sans trop nous \u00e9mouvoir si elle est teint\u00e9e d\u2019ethnicit\u00e9 excessive. Demander \u00e0 un Mauricien de renoncer \u00e0 son ethnicit\u00e9 ancestrale, c\u2019est lui demander de renoncer \u00e0 lui-m\u00eame, c\u2019est le traiter comme un esclave.<\/span><\/p>\n<p class=\"MsoNormal\"><span lang=\"EN-GB\" style=\"font-size: 12pt; line-height: 115%; font-family: Verdana; color: #000000;\">Sachons donner du temps au temps et aux Mauriciens de proc\u00e9der \u00e0 des changements d\u2019orientation d\u00e9cisifs, au moment voulu et \u00e0 bon escient. Plut\u00f4t que de vouloir tout changer \u00e0 tout moment, \u00e0 tout prix, pour le simple plaisir de changer, comme si nous \u00e9tions une nation de girouettes et de cerfs-volants d\u00e9brid\u00e9s, sachons appr\u00e9cier en profondeur ce que nous avons la chance d\u2019exp\u00e9rimenter pr\u00e9sentement. Nous ne nous m\u00e9fierons jamais assez des faux proph\u00e8tes, ni des faux Messies.<\/span><\/p>\n<p class=\"MsoNormal\"><span style=\"color: #000000;\"><strong><span lang=\"EN-GB\" style=\"font-size: 12.0pt; line-height: 115%; font-family: Verdana; mso-bidi-font-family: Arial;\">* Qu\u2019en est-il du \u00ab\u00a0unfinished business\u00a0\u00bb de la R\u00e9publique de Maurice ind\u00e9pendante et souveraine ?<\/span><\/strong><\/span><\/p>\n<p class=\"MsoNormal\"><span lang=\"EN-GB\" style=\"font-size: 12pt; line-height: 115%; font-family: Verdana; color: #000000;\">Sachons faire confiance aux Mauriciens de demain. Je le r\u00e9p\u00e8te\u00a0: \u00ab\u00a0Mes enfants seront moins racistes que moi parce que je suis moins raciste que mes parents\u00a0\u00bb. Soyons assez sages pour juger correctement l\u2019immense progr\u00e8s qui s\u2019accomplit, dans le moindre secteur, d\u2019une g\u00e9n\u00e9ration de Mauriciens \u00e0 une autre. Le meilleur de l\u2019Histoire des Mauriciens est \u00e0 venir car ce sont les enfants de nos enfants qui l\u2019\u00e9criront. Ils sauront mener notre pays Maurice \u00e0 bon port. Ils sauront lui \u00e9viter tout naufrage.<\/span><\/p>\n<p>&nbsp;<\/p>\n<hr \/>\n<p><span style=\"color: #00ccff;\"><em>* Published in print edition on 15 March 2014<\/em><\/span><\/p>\n","protected":false},"excerpt":{"rendered":"<p>Interview : Yvan Martial &#8211; Journaliste<\/p>\n","protected":false},"author":1,"featured_media":1587,"comment_status":"open","ping_status":"open","sticky":false,"template":"","format":"standard","meta":{"jetpack_post_was_ever_published":false,"_jetpack_newsletter_access":"","_jetpack_dont_email_post_to_subs":false,"_jetpack_newsletter_tier_id":0,"_jetpack_memberships_contains_paywalled_content":false,"_jetpack_memberships_contains_paid_content":false,"footnotes":"","jetpack_publicize_message":"","jetpack_publicize_feature_enabled":true,"jetpack_social_post_already_shared":false,"jetpack_social_options":{"image_generator_settings":{"template":"highway","default_image_id":0,"font":"","enabled":false},"version":2}},"categories":[32],"tags":[12252,12253,12250,606,814,50,49,12251,144,10789,815],"class_list":["post-2777","post","type-post","status-publish","format-standard","has-post-thumbnail","hentry","category-interviews","tag-chef-de-lopposition","tag-comite-colonial","tag-histoire-des-mauriciens","tag-interview-yvan-martial","tag-mmm","tag-navin-ramgoolam","tag-paul-berenger","tag-president-de-la-republique","tag-rama-sithanen","tag-republique-de-maurice","tag-satcam-boolell"],"jetpack_publicize_connections":[],"jetpack_featured_media_url":"https:\/\/i0.wp.com\/www.mauritiustimes.com\/mt\/wp-content\/uploads\/2012\/03\/yvan%20martial.gif?fit=190%2C285&ssl=1","jetpack_sharing_enabled":true,"jetpack_shortlink":"https:\/\/wp.me\/p8QzSF-IN","_links":{"self":[{"href":"https:\/\/www.mauritiustimes.com\/mt\/wp-json\/wp\/v2\/posts\/2777","targetHints":{"allow":["GET"]}}],"collection":[{"href":"https:\/\/www.mauritiustimes.com\/mt\/wp-json\/wp\/v2\/posts"}],"about":[{"href":"https:\/\/www.mauritiustimes.com\/mt\/wp-json\/wp\/v2\/types\/post"}],"author":[{"embeddable":true,"href":"https:\/\/www.mauritiustimes.com\/mt\/wp-json\/wp\/v2\/users\/1"}],"replies":[{"embeddable":true,"href":"https:\/\/www.mauritiustimes.com\/mt\/wp-json\/wp\/v2\/comments?post=2777"}],"version-history":[{"count":0,"href":"https:\/\/www.mauritiustimes.com\/mt\/wp-json\/wp\/v2\/posts\/2777\/revisions"}],"wp:featuredmedia":[{"embeddable":true,"href":"https:\/\/www.mauritiustimes.com\/mt\/wp-json\/wp\/v2\/media\/1587"}],"wp:attachment":[{"href":"https:\/\/www.mauritiustimes.com\/mt\/wp-json\/wp\/v2\/media?parent=2777"}],"wp:term":[{"taxonomy":"category","embeddable":true,"href":"https:\/\/www.mauritiustimes.com\/mt\/wp-json\/wp\/v2\/categories?post=2777"},{"taxonomy":"post_tag","embeddable":true,"href":"https:\/\/www.mauritiustimes.com\/mt\/wp-json\/wp\/v2\/tags?post=2777"}],"curies":[{"name":"wp","href":"https:\/\/api.w.org\/{rel}","templated":true}]}}