{"id":27703,"date":"2020-06-30T07:00:12","date_gmt":"2020-06-30T03:00:12","guid":{"rendered":"http:\/\/www.mauritiustimes.com\/mt\/?p=27703"},"modified":"2020-06-30T22:18:55","modified_gmt":"2020-06-30T18:18:55","slug":"saint-louis-gate-les-zones-dombres-sepaississent","status":"publish","type":"post","link":"https:\/\/www.mauritiustimes.com\/mt\/saint-louis-gate-les-zones-dombres-sepaississent\/","title":{"rendered":"Saint-Louis Gate : Les zones d&#8217;ombres s&#8217;\u00e9paississent"},"content":{"rendered":"<h5 style=\"text-align: center;\"><span style=\"color: #ff0000;\"><u>Analyse<\/u><\/span><!--more--><\/h5>\n<h3 style=\"text-align: center;\"><em>Il est difficile de voir clair dans cet imbroglio si l\u2019on se fie uniquement aux informations officielles qui ont \u00e9t\u00e9 diffus\u00e9es \u00e0 ce jour parce que ces derni\u00e8res, par manque de d\u00e9tails, suscitent plus de questions qu\u2019elles ne donnent de r\u00e9ponses<\/em><\/h3>\n<p><span style=\"color: #000080;\"><strong>Par Aditya Narayan<\/strong><\/span><\/p>\n<p><span style=\"color: #000000;\">La saga du Saint-Louis Gate, concernant l\u2019attribution du contrat d\u2019installation de turbines \u00e0 la station thermique de Saint-Louis du CEB \u00e0 la firme danoise Burmeister &amp; Wain Scandinavian Contractor (BWSC), nous r\u00e9serve des p\u00e9rip\u00e9ties \u00e9poustouflantes.<\/span><\/p>\n<p><span style=\"color: #000000;\">Alors que l\u2019on croyait que cette affaire se limitait \u00e0 ceux qui avaient adjug\u00e9 un march\u00e9 \u00e0 la firme danoise et ses sous-contracteurs, elle prend l\u2019allure d\u2019un scandale politico-financier.<\/span><\/p>\n<p><span style=\"color: #000000;\">Au fur et \u00e0 mesure que les dessous de cette affaire sont r\u00e9v\u00e9l\u00e9s au grand jour, les zones d\u2019ombre s\u2019\u00e9paississent. Il est difficile de voir clair dans cet imbroglio si l\u2019on se fie uniquement aux informations officielles qui ont \u00e9t\u00e9 diffus\u00e9es \u00e0 ce jour parce que ces derni\u00e8res, par manque de d\u00e9tails, suscitent plus de questions qu\u2019elles ne donnent de r\u00e9ponses.<\/span><\/p>\n<p><span style=\"color: #000000;\"><img data-recalc-dims=\"1\" loading=\"lazy\" decoding=\"async\" data-attachment-id=\"27704\" data-permalink=\"https:\/\/www.mauritiustimes.com\/mt\/saint-louis-gate-les-zones-dombres-sepaississent\/ivan-collendavelloo-_-pravind-jugnauth\/\" data-orig-file=\"https:\/\/i0.wp.com\/www.mauritiustimes.com\/mt\/wp-content\/uploads\/2020\/06\/Ivan-Collendavelloo-_-Pravind-Jugnauth.jpg?fit=1200%2C675&amp;ssl=1\" data-orig-size=\"1200,675\" data-comments-opened=\"1\" data-image-meta=\"{&quot;aperture&quot;:&quot;0&quot;,&quot;credit&quot;:&quot;&quot;,&quot;camera&quot;:&quot;&quot;,&quot;caption&quot;:&quot;&quot;,&quot;created_timestamp&quot;:&quot;0&quot;,&quot;copyright&quot;:&quot;&quot;,&quot;focal_length&quot;:&quot;0&quot;,&quot;iso&quot;:&quot;0&quot;,&quot;shutter_speed&quot;:&quot;0&quot;,&quot;title&quot;:&quot;&quot;,&quot;orientation&quot;:&quot;0&quot;}\" data-image-title=\"Ivan-Collendavelloo _ Pravind-Jugnauth\" data-image-description=\"\" data-image-caption=\"\" data-large-file=\"https:\/\/i0.wp.com\/www.mauritiustimes.com\/mt\/wp-content\/uploads\/2020\/06\/Ivan-Collendavelloo-_-Pravind-Jugnauth.jpg?fit=640%2C360&amp;ssl=1\" class=\"aligncenter size-full wp-image-27704\" src=\"https:\/\/i0.wp.com\/www.mauritiustimes.com\/mt\/wp-content\/uploads\/2020\/06\/Ivan-Collendavelloo-_-Pravind-Jugnauth.jpg?resize=640%2C360&#038;ssl=1\" alt=\"\" width=\"640\" height=\"360\" srcset=\"https:\/\/i0.wp.com\/www.mauritiustimes.com\/mt\/wp-content\/uploads\/2020\/06\/Ivan-Collendavelloo-_-Pravind-Jugnauth.jpg?w=1200&amp;ssl=1 1200w, https:\/\/i0.wp.com\/www.mauritiustimes.com\/mt\/wp-content\/uploads\/2020\/06\/Ivan-Collendavelloo-_-Pravind-Jugnauth.jpg?resize=300%2C169&amp;ssl=1 300w, https:\/\/i0.wp.com\/www.mauritiustimes.com\/mt\/wp-content\/uploads\/2020\/06\/Ivan-Collendavelloo-_-Pravind-Jugnauth.jpg?resize=1024%2C576&amp;ssl=1 1024w, https:\/\/i0.wp.com\/www.mauritiustimes.com\/mt\/wp-content\/uploads\/2020\/06\/Ivan-Collendavelloo-_-Pravind-Jugnauth.jpg?resize=768%2C432&amp;ssl=1 768w\" sizes=\"auto, (max-width: 640px) 100vw, 640px\" \/><\/span><\/p>\n<p style=\"text-align: center;\"><span style=\"color: #ff0000;\">\u201cLa politique mauricienne nous r\u00e9serve bien des surprises. Dans le pass\u00e9, lorsqu\u2019un leader de parti avait \u00e9t\u00e9 r\u00e9voqu\u00e9 par le Premier ministre, il avait claqu\u00e9 la porte du gouvernement, et tout son parti \u00e9tait all\u00e9 dans l\u2019opposition. En 1993, lorsque SAJ avait r\u00e9voqu\u00e9 Paul B\u00e9renger comme ministre, le MMM avait quitt\u00e9 le gouvernement MSM-MMM. M\u00eame Madan Dulloo avait quitt\u00e9 le gouvernement MSM en 1993 apr\u00e8s sa r\u00e9vocation par SAJ pour cause de divergences sur la centralisation de l\u2019industrie sucri\u00e8re\u2026 Cette fois-ci, le leader du Muvman Liberater (ML) est r\u00e9voqu\u00e9, mais il demeure au Gouvernement comme backbencher et il encha\u00eene des d\u00e9clarations pour professer son amiti\u00e9 pour le Premier ministre\u2026\u201d<\/span><\/p>\n<hr \/>\n<p>Une br\u00e9ve chronologie s\u2019impose pour mieux comprendre le fil des \u00e9v\u00e9nements.<\/p>\n<ul>\n<li><span style=\"color: #000000;\"><strong>Le 8 juin 2020 :<\/strong> la BAD a publi\u00e9 un communiqu\u00e9 indiquant que la firme danoise BWSC a fort probablement soudoy\u00e9 des membres de l\u2019Administration mauricienne par l\u2019interm\u00e9diaire de tierces parties, et que des preuves soutiennent la conclusion. Le terme \u201cadministration mauricienne\u201d sous-entend le CEB et le minist\u00e8re de tutelle, celui des Utilit\u00e9s publiques.<\/span><\/li>\n<li><span style=\"color: #000000;\"><strong>Le 11 juin 2020 :<\/strong> en r\u00e9ponse au PNQ du leader de l\u2019opposition, le Premier ministre a dit qu\u2019il ignorait tout de cette affaire. Il a ajout\u00e9 que la Banque africaine de d\u00e9veloppement (BAD) partagerait son rapport confidentiel seulement avec un organisme d\u2019investigation (ex: l\u2019ICAC ) qui se saisira de l\u2019affaire. Or, par la suite, lorsque l\u2019ICAC a demand\u00e9 un exemplaire du rapport \u00e0 la BAD, elle a re\u00e7u une fin de non-recevoir.<\/span><\/li>\n<li><span style=\"color: #000000;\"><strong>Le 16 juin 2020 :<\/strong> l\u2019ex-ministre Ivan Collendaveloo s\u2019est d\u00e9fendu au Parlement dans un discours o\u00f9 il promettait des d\u00e9veloppements \u00e0 venir. Un d\u00e9veloppement significatif subs\u00e9quent a \u00e9t\u00e9 la r\u00e9vocation du conseil d\u2019administration du CEB et son remplacement par un autre mis sous tutelle du minist\u00e8re des Finances.<\/span><\/li>\n<li><span style=\"color: #000000;\"><strong>Grande surprise le 26 juin 2020 :<\/strong> lors d\u2019une conf\u00e9rence de presse, l\u2019ex-ministre a annonc\u00e9 sa \u201cr\u00e9vocation\u201d. Le Premier ministre a re\u00e7u une lettre de la BAD lui informant que la firme danoise a vers\u00e9 des pots-de-vin \u00e0 des interm\u00e9diaires pour \u00eatre remis \u00e0 lui-m\u00eame (Ivan) et au leader du MMM (B\u00e9renger).<\/span><\/li>\n<\/ul>\n<p style=\"padding-left: 40px;\"><span style=\"color: #000000;\">L\u2019ex-ministre a qualifi\u00e9 la lettre de \u201cfarfelue\u201d. Mais il ne semblait pas \u00eatre boulevers\u00e9 outre-mesure, affirmant m\u00eame qu\u2019il reste un d\u00e9put\u00e9 de la majorit\u00e9 en attendant que la fin de l\u2019enqu\u00eate de l\u2019ICAC. <\/span><\/p>\n<p style=\"padding-left: 40px;\"><span style=\"color: #000000;\">Plus tard, le Premier ministre a confirm\u00e9 le d\u00e9part d\u2019Ivan Collendavelloo du conseil des ministres. <\/span><\/p>\n<p style=\"padding-left: 40px;\"><span style=\"color: #000000;\">R\u00e9agissant \u00e0 chaud le m\u00eame jour, le leader du MMM a \u00e9mis la th\u00e8se que la r\u00e9vocation de Collendavelloo \u00e9tait une \u201cmise en sc\u00e8ne\u201d pour mettre le ministre sur la touche en attendant que l\u2019enqu\u00eate de l\u2019ICAC le blanchisse \u00e9ventuellement. Il souligne que le Premier ministre et l\u2019ex-ministre sont en faveur d\u2019une enqu\u00eate par l\u2019ICAC et non pas une commission d\u2019enqu\u00eate, comme le r\u00e9clame l\u2019opposition. Paul B\u00e9renger devait balayer d\u2019un revers de la main la mention de son nom dans la lettre de la BAD.<\/span><\/p>\n<ul>\n<li><span style=\"color: #000000;\">Le 27 juin 2020 : Paul B\u00e9renger a lanc\u00e9 trois d\u00e9fis au Premier ministre : <\/span><\/li>\n<\/ul>\n<p style=\"padding-left: 40px;\"><span style=\"color: #000000;\">(1) rendre public tous les noms mentionn\u00e9s dans la lettre de la BAD, y compris ceux des interm\u00e9diaires ;<\/span><\/p>\n<p style=\"padding-left: 40px;\"><span style=\"color: #000000;\">(2) rendre public la lettre et autres documents re\u00e7us de la BAD ; et <\/span><\/p>\n<p style=\"padding-left: 40px;\"><span style=\"color: #000000;\">(3) instituer une commission d\u2019enqu\u00eate pour faire toute la lumi\u00e8re sur l\u2019affaire. <\/span><\/p>\n<p><span style=\"color: #000000;\">A Paul B\u00e9renger, le Premier ministre a r\u00e9pondu qu\u2019il ne pouvait pas divulguer cette lettre, qui est entre les mains de l\u2019ICAC, en vertu d\u2019un accord de non-divulguation avec la BAD. Donc seuls le Premier ministre, l\u2019ex-ministre et le directeur de l\u2019ICAC ont lu cette lettre.<\/span><\/p>\n<p><span style=\"color: #000000;\">La question l\u00e9gitime qui se pose est la suivante : si le ministre a pu lire la lettre, pourquoi ne pas permettre au leader du MMM, un ancien Premier ministre, de la lire puisqu\u2019il est aussi incrimin\u00e9 ? Comment se d\u00e9fendra-t-il contre une all\u00e9gation sans prendre connaissance du contenu de la source authentique et de ses \u00e9l\u00e9ments ? En effet, le MMM voit des \u201cmesquines intrigues\u201d dans cette affaire qui touche \u00e0 l\u2019honneur de son leader.<\/span><\/p>\n<p><span style=\"color: #000000;\">La politique mauricienne nous r\u00e9serve bien des surprises. Dans le pass\u00e9, lorsqu\u2019un leader de parti avait \u00e9t\u00e9 r\u00e9voqu\u00e9 par le Premier ministre, il avait claqu\u00e9 la porte du gouvernement, et tout son parti \u00e9tait all\u00e9 dans l\u2019opposition. <\/span><\/p>\n<p><span style=\"color: #000000;\">En 1993, lorsque SAJ avait r\u00e9voqu\u00e9 Paul B\u00e9renger comme ministre, le MMM avait quitt\u00e9 le gouvernement MSM-MMM. M\u00eame Madan Dulloo avait quitt\u00e9 le gouvernement MSM en 1993 apr\u00e8s sa r\u00e9vocation par SAJ pour cause de divergences sur la centralisation de l\u2019industrie sucri\u00e8re. <\/span><\/p>\n<p><span style=\"color: #000000;\">En 1997, lorsque Navin Ramgoolam avait r\u00e9voqu\u00e9 Paul B\u00e9renger comme ministre, le MMM avait quitt\u00e9 le gouvernement PTr-MMM. <\/span><\/p>\n<p><span style=\"color: #000000;\">Cette fois-ci, le leader du Muvman Liberater (ML) est r\u00e9voqu\u00e9, mais il demeure au Gouvernement comme backbencher et il encha\u00eene des d\u00e9clarations pour professer son amiti\u00e9 pour le Premier ministre. Celui-ci, de son c\u00f4t\u00e9, dit regretter l\u2019absence du leader du ML au conseil des ministres. En effet, le leader du ML entretient l\u2019espoir, sinon la confiance, de retrouver son poste de ministre dans l\u2019\u00e9ventualit\u00e9 o\u00f9 il serait blanchi par l\u2019ICAC. Il l\u2019a dit en autant de mots dans une d\u00e9claration dans un quotidien.<\/span><\/p>\n<p style=\"text-align: center;\"><strong><span style=\"color: #000000;\">Strat\u00e9gie du MMM<\/span><\/strong><\/p>\n<p><span style=\"color: #000000;\">Comment l\u2019ICAC va-t-elle proc\u00e9der par rapport au leader du ML et au leader du MMM ? Va-t-elle convoquer les deux hommes pour r\u00e9pondre \u00e0 des questions ? Le leader du ML acceptera sans doute de d\u00e9poser devant l\u2019ICAC, mais le leader du MMM le fera-t-il, lui qui ne croit pas \u00e0 l\u2019ind\u00e9pendance de cette institution ? <\/span><\/p>\n<p><span style=\"color: #000000;\">Quoi qu\u2019il en soit, le leader du MMM est coinc\u00e9 et devrait r\u00e9viser sa strat\u00e9gie pour monter une d\u00e9fense cr\u00e9dible et efficace contre l\u2019all\u00e9gation. S\u2019il se d\u00e9fend uniquement sur le plan politique, comme il le fait en ce moment, il n\u2019aurait pas raison de ses d\u00e9tracteurs.<\/span><\/p>\n<p><span style=\"color: #000000;\">En politique, sous-estimer des adversaires qui ont les leviers du pouvoir est une erreur et une faiblesse. Puisque l\u2019affaire se joue sur le plan institutionnel, Paul B\u00e9renger aura \u00e0 envisager des options l\u00e9gales. Elles sont notamment :<\/span><\/p>\n<p><span style=\"color: #000000;\">(a) d\u00e9poser devant l\u2019ICAC avec le concours d\u2019avocats comp\u00e9tents ;<\/span><\/p>\n<p><span style=\"color: #000000;\">(b) intenter un proc\u00e8s de diffamation \u00e0 celui qui a dit que la lettre de la BAD l\u2019incrimine afin de faire produire la lettre en Cour ; et <\/span><\/p>\n<p><span style=\"color: #000000;\">(c) demander l\u00e9galement \u00e0 la BAD de lui remettre une copie du rapport qui l\u2019incrimine au nom de la transparence et de l\u2019\u00e9quit\u00e9. <\/span><\/p>\n<p><span style=\"color: #000000;\">On voit mal la BAD refuser une telle demande si elle veut \u00eatre prise au s\u00e9rieux.<\/span><br \/>\n<span style=\"color: #000000;\">Vu la performance pass\u00e9e de l\u2019ICAC, il n\u2019y a pas de doute que seule une commission d\u2019enqu\u00eate pr\u00e9sid\u00e9e par un juge, avec les pouvoirs de demander des informations \u00e0 la BAD, \u00e0 la BWSC ou au Gouvernement danois par voie rogatoire, pourra \u00e9lucider toute cette affaire de corruption all\u00e9gu\u00e9e, identifier les suspects et recommander les mesures n\u00e9cessaires au Directeur des Poursuites publiques. <\/span><\/p>\n<p><span style=\"color: #000000;\">Si tous les partis d\u2019opposition, Transparency International et la soci\u00e9t\u00e9 civile sont d\u2019accord pour une commission d\u2019enqu\u00eate, c\u2019est clair que l\u2019opinion publique a indiqu\u00e9 ses pr\u00e9f\u00e9rences.<\/span><\/p>\n<p><span style=\"color: #000000;\">Au moment o\u00f9 le pays doit faire la preuve de l\u2019ind\u00e9pendance de ses institutions dans la lutte contre la corruption et le blanchiment d\u2019argent aupr\u00e8s de l\u2019Union europ\u00e9enne afin de sortir de la liste noire des juridictions \u00e0 hauts risques, cette affaire lui offfre l\u2019occasion de d\u00e9montrer qu\u2019il est s\u00e9rieux dans son effort de redorer son blason. A cet \u00e9gard, l\u2019institution d\u2019une enqu\u00eate ind\u00e9pendante libre de toute ficelle est un passage oblig\u00e9.<\/span><\/p>\n<hr \/>\n<p><span style=\"color: #008080;\">* Published in print edition on 30 June 2020<\/span><\/p>\n","protected":false},"excerpt":{"rendered":"<p>Analyse<\/p>\n","protected":false},"author":304,"featured_media":27704,"comment_status":"open","ping_status":"open","sticky":false,"template":"","format":"standard","meta":{"jetpack_post_was_ever_published":false,"_jetpack_newsletter_access":"","_jetpack_dont_email_post_to_subs":false,"_jetpack_newsletter_tier_id":0,"_jetpack_memberships_contains_paywalled_content":false,"_jetpack_memberships_contains_paid_content":false,"footnotes":"","jetpack_publicize_message":"","jetpack_publicize_feature_enabled":true,"jetpack_social_post_already_shared":true,"jetpack_social_options":{"image_generator_settings":{"template":"highway","default_image_id":0,"font":"","enabled":false},"version":2}},"categories":[6,25],"tags":[21578,25567,25565,25566,3112,1013,25718,1094,25719,11490,551,50,49,48,25717],"class_list":["post-27703","post","type-post","status-publish","format-standard","has-post-thumbnail","hentry","category-latest-news","category-politics","tag-aditya-narayan","tag-banque-africaine-de-developpement","tag-burmeister-wain-scandinavian-contractor","tag-bwsc","tag-ceb","tag-directeur-des-poursuites-publiques","tag-gouvernement-ptr-mmm","tag-icac","tag-ivan-collendaveloo","tag-madan-dulloo","tag-muvman-liberater","tag-navin-ramgoolam","tag-paul-berenger","tag-pravind-jugnauth","tag-saint-louis-gate"],"jetpack_publicize_connections":[],"jetpack_featured_media_url":"https:\/\/i0.wp.com\/www.mauritiustimes.com\/mt\/wp-content\/uploads\/2020\/06\/Ivan-Collendavelloo-_-Pravind-Jugnauth.jpg?fit=1200%2C675&ssl=1","jetpack_sharing_enabled":true,"jetpack_shortlink":"https:\/\/wp.me\/p8QzSF-7cP","_links":{"self":[{"href":"https:\/\/www.mauritiustimes.com\/mt\/wp-json\/wp\/v2\/posts\/27703","targetHints":{"allow":["GET"]}}],"collection":[{"href":"https:\/\/www.mauritiustimes.com\/mt\/wp-json\/wp\/v2\/posts"}],"about":[{"href":"https:\/\/www.mauritiustimes.com\/mt\/wp-json\/wp\/v2\/types\/post"}],"author":[{"embeddable":true,"href":"https:\/\/www.mauritiustimes.com\/mt\/wp-json\/wp\/v2\/users\/304"}],"replies":[{"embeddable":true,"href":"https:\/\/www.mauritiustimes.com\/mt\/wp-json\/wp\/v2\/comments?post=27703"}],"version-history":[{"count":0,"href":"https:\/\/www.mauritiustimes.com\/mt\/wp-json\/wp\/v2\/posts\/27703\/revisions"}],"wp:featuredmedia":[{"embeddable":true,"href":"https:\/\/www.mauritiustimes.com\/mt\/wp-json\/wp\/v2\/media\/27704"}],"wp:attachment":[{"href":"https:\/\/www.mauritiustimes.com\/mt\/wp-json\/wp\/v2\/media?parent=27703"}],"wp:term":[{"taxonomy":"category","embeddable":true,"href":"https:\/\/www.mauritiustimes.com\/mt\/wp-json\/wp\/v2\/categories?post=27703"},{"taxonomy":"post_tag","embeddable":true,"href":"https:\/\/www.mauritiustimes.com\/mt\/wp-json\/wp\/v2\/tags?post=27703"}],"curies":[{"name":"wp","href":"https:\/\/api.w.org\/{rel}","templated":true}]}}