{"id":25955,"date":"2020-04-08T21:07:46","date_gmt":"2020-04-08T17:07:46","guid":{"rendered":"http:\/\/www.mauritiustimes.com\/mt\/?p=25955"},"modified":"2020-04-08T21:07:46","modified_gmt":"2020-04-08T17:07:46","slug":"a-la-reunion-la-pandemie-aggrave-les-inegalites-sociales","status":"publish","type":"post","link":"https:\/\/www.mauritiustimes.com\/mt\/a-la-reunion-la-pandemie-aggrave-les-inegalites-sociales\/","title":{"rendered":"\u00c0 la R\u00e9union, la pand\u00e9mie aggrave les in\u00e9galit\u00e9s sociales"},"content":{"rendered":"<p style=\"text-align: center;\"><span style=\"color: #000000;\"><em><img data-recalc-dims=\"1\" loading=\"lazy\" decoding=\"async\" data-attachment-id=\"11847\" data-permalink=\"https:\/\/www.mauritiustimes.com\/mt\/what-happens-to-your-facebook-account-and-your-email-messages-when-you-die\/the-conversation\/\" data-orig-file=\"https:\/\/i0.wp.com\/www.mauritiustimes.com\/mt\/wp-content\/uploads\/2018\/02\/The-Conversation-e1535448713758.jpg?fit=400%2C41&amp;ssl=1\" data-orig-size=\"400,41\" data-comments-opened=\"1\" data-image-meta=\"{&quot;aperture&quot;:&quot;0&quot;,&quot;credit&quot;:&quot;&quot;,&quot;camera&quot;:&quot;&quot;,&quot;caption&quot;:&quot;&quot;,&quot;created_timestamp&quot;:&quot;0&quot;,&quot;copyright&quot;:&quot;&quot;,&quot;focal_length&quot;:&quot;0&quot;,&quot;iso&quot;:&quot;0&quot;,&quot;shutter_speed&quot;:&quot;0&quot;,&quot;title&quot;:&quot;&quot;,&quot;orientation&quot;:&quot;0&quot;}\" data-image-title=\"The Conversation\" data-image-description=\"\" data-image-caption=\"\" data-large-file=\"https:\/\/i0.wp.com\/www.mauritiustimes.com\/mt\/wp-content\/uploads\/2018\/02\/The-Conversation-e1535448713758.jpg?fit=640%2C65&amp;ssl=1\" class=\" wp-image-11847 alignleft\" src=\"https:\/\/i0.wp.com\/www.mauritiustimes.com\/mt\/wp-content\/uploads\/2018\/02\/The-Conversation-e1535448713758.jpg?resize=166%2C17&#038;ssl=1\" alt=\"\" width=\"166\" height=\"17\" \/><\/em><\/span><\/p>\n<p>&nbsp;<\/p>\n<h4 style=\"text-align: center;\"><span style=\"color: #000000;\"><em>\u00c0 La R\u00e9union, la culture du risque a contribu\u00e9 \u00e0 la mise en place rapide du confinement. Mais les mesures valables pour l\u2019Hexagone ravivent dans l\u2019\u00eele les graves in\u00e9galit\u00e9s socio-\u00e9conomiques<\/em><\/span><!--more--><\/h4>\n<p style=\"text-align: center;\"><span style=\"color: #000000;\"><em> <img data-recalc-dims=\"1\" loading=\"lazy\" decoding=\"async\" data-attachment-id=\"25956\" data-permalink=\"https:\/\/www.mauritiustimes.com\/mt\/a-la-reunion-la-pandemie-aggrave-les-inegalites-sociales\/reunion\/\" data-orig-file=\"https:\/\/i0.wp.com\/www.mauritiustimes.com\/mt\/wp-content\/uploads\/2020\/04\/Reunion.jpg?fit=956%2C600&amp;ssl=1\" data-orig-size=\"956,600\" data-comments-opened=\"1\" data-image-meta=\"{&quot;aperture&quot;:&quot;0&quot;,&quot;credit&quot;:&quot;&quot;,&quot;camera&quot;:&quot;&quot;,&quot;caption&quot;:&quot;&quot;,&quot;created_timestamp&quot;:&quot;0&quot;,&quot;copyright&quot;:&quot;&quot;,&quot;focal_length&quot;:&quot;0&quot;,&quot;iso&quot;:&quot;0&quot;,&quot;shutter_speed&quot;:&quot;0&quot;,&quot;title&quot;:&quot;&quot;,&quot;orientation&quot;:&quot;0&quot;}\" data-image-title=\"Reunion\" data-image-description=\"\" data-image-caption=\"\" data-large-file=\"https:\/\/i0.wp.com\/www.mauritiustimes.com\/mt\/wp-content\/uploads\/2020\/04\/Reunion.jpg?fit=640%2C402&amp;ssl=1\" class=\"aligncenter size-full wp-image-25956\" src=\"https:\/\/i0.wp.com\/www.mauritiustimes.com\/mt\/wp-content\/uploads\/2020\/04\/Reunion.jpg?resize=640%2C402&#038;ssl=1\" alt=\"\" width=\"640\" height=\"402\" srcset=\"https:\/\/i0.wp.com\/www.mauritiustimes.com\/mt\/wp-content\/uploads\/2020\/04\/Reunion.jpg?w=956&amp;ssl=1 956w, https:\/\/i0.wp.com\/www.mauritiustimes.com\/mt\/wp-content\/uploads\/2020\/04\/Reunion.jpg?resize=300%2C188&amp;ssl=1 300w, https:\/\/i0.wp.com\/www.mauritiustimes.com\/mt\/wp-content\/uploads\/2020\/04\/Reunion.jpg?resize=768%2C482&amp;ssl=1 768w\" sizes=\"auto, (max-width: 640px) 100vw, 640px\" \/><span style=\"color: #800000;\">Port de la R\u00e9union le 1 mars 2020. Les manifestants d\u00e9noncent le d\u00e9barquement de passagers du Sun Princess sans que des contr\u00f4les de sant\u00e9 ne soient effectu\u00e9s.\u00a0<span class=\"attribution\"><span class=\"source\">Richard BOUHET \/ AFP<\/span><\/span><\/span><\/em><\/span><\/p>\n<hr \/>\n<p><span style=\"color: #000000;\">L\u2019\u00eele de la R\u00e9union subit de plein fouet la pand\u00e9mie. La mise en place du confinement a \u00e9t\u00e9 d\u00e9clar\u00e9e d\u00e8s le stade 1 de l\u2019\u00e9pid\u00e9mie avec seulement 12 cas d\u00e9clar\u00e9s et pas de circulation du virus sur le territoire. Cette mesure de confinement per\u00e7ue comme salutaire intervient sur un territoire rompu \u00e0 cette pratique mais l\u2019application de l\u2019ensemble des mesures valables pour l\u2019Hexagone peuvent para\u00eetre in\u00e9quitables sur ce territoire insulaire qui conna\u00eet de graves in\u00e9galit\u00e9s socio-\u00e9conomiques.<\/span><\/p>\n<p style=\"text-align: center;\"><span style=\"color: #000000;\"><strong>La culture du confinement \u00e0 La R\u00e9union<\/strong><\/span><\/p>\n<p><span style=\"color: #000000;\">Cette \u00e9pid\u00e9mie vient s\u2019ajouter \u00e0 de nombreux autres risques p\u00e9rennes \u2013 cyclone tropical intense, \u00e9pid\u00e9mies de dengue r\u00e9currente. L\u2019\u00eele de la R\u00e9union n\u2019est pourtant pas novice en termes de gestion du risque et du confinement. En effet la culture du risque cyclonique profite \u00e0 cette culture du risque) \u00e9pid\u00e9mique.<\/span><\/p>\n<p><span style=\"color: #000000;\">Le risque cyclonique impose ainsi un rituel annuel de v\u00e9rification des stocks d\u2019eau potable, de bougie, de gaz, de piles, de conserves, de riz, de p\u00e2tes\u2026<\/span><\/p>\n<p><span style=\"color: #000000;\">\u00ab Vider \u00bb les rayons de leurs marchandises montre que tous se pr\u00e9parent activement au confinement, pratique famili\u00e8re \u00e0 La R\u00e9union. Ces actes ne traduisent pas uniquement du \u00ab chacun pour soi \u00bb. La constitution de stocks n\u2019est pas que comportements \u00ab fam\u00e9liques, inciviques et individualistes \u00bb (comme indiqu\u00e9 ou entendu dans la presse) mais aussi protecteurs des besoins alimentaires de la famille \u00e9largie en vue d\u2019un confinement total.<\/span><\/p>\n<p><span style=\"color: #000000;\">Chaque ann\u00e9e, les m\u00eames mesures de pr\u00e9caution sont r\u00e9p\u00e9t\u00e9es : se tenir inform\u00e9e du bulletin m\u00e9t\u00e9orologique et des instructions pr\u00e9fectorales, faire des r\u00e9serves et se pr\u00e9parer \u00e0 la p\u00e9nurie des denr\u00e9es alimentaires, aux coupures d\u2019eau d\u2019\u00e9lectricit\u00e9, aux inondations\u2026 Il existe trois niveaux d\u2019alerte cyclonique qui confinent, apr\u00e8s une phase de pr\u00e9paration (pr\u00e9-alerte), le public scolaire (alerte orange) puis toute la population (alerte rouge).<\/span><\/p>\n<p><span style=\"color: #000000;\">Chacune cultive ses propres fa\u00e7ons de le g\u00e9rer et dispose de strat\u00e9gies pour contourner les ru\u00e9es p\u00e9riodiques (g\u00e9n\u00e9ralement en fin d\u2019ann\u00e9e) sur les marchandises de premi\u00e8re n\u00e9cessit\u00e9. Certains vont mobiliser le r\u00e9seau de connaissances pour faire le plein de l\u00e9gumes avant la hausse des prix de ces denr\u00e9es (hausse qui intervient syst\u00e9matiquement apr\u00e8s le passage de tout cyclone), d\u2019autres s\u2019en vont chez les grossistes pour \u00e9viter la cohue dans les supermarch\u00e9s. Il est aussi r\u00e9pandu chez les habitants de maison individuelle de disposer de citernes en cas de coupures du r\u00e9seau d\u2019eau, ce qui \u00e9pargne d\u2019avoir \u00e0 faire la tourn\u00e9e des supermarch\u00e9s pour trouver des bouteilles d\u2019eau (premi\u00e8re denr\u00e9e prise d\u2019assaut sur les \u00e9talages).<\/span><\/p>\n<p><span style=\"color: #000000;\">Fortes de ces exp\u00e9riences, les populations acceptent d\u2019autant mieux le confinement qu\u2019il intervient en p\u00e9riode cyclonique : les r\u00e9serves sont parfois d\u00e9j\u00e0 faites m\u00eame si elles n\u2019emp\u00eachent pas les derni\u00e8res ru\u00e9es sur les \u00e9talages par crainte de la p\u00e9nurie habituelle en cas de cyclone.<\/span><\/p>\n<p style=\"text-align: center;\"><span style=\"color: #000000;\"><strong>Un territoire vuln\u00e9rable paradoxalement habitu\u00e9 aux crises<\/strong><\/span><\/p>\n<p><span style=\"color: #000000;\">Contrairement \u00e0 l\u2019Hexagone, il n\u2019est pas besoin de remonter tr\u00e8s loin dans le temps pour trouver des p\u00e9riodes similaires en termes de mesures sociales et sanitaires urgentes.<\/span><\/p>\n<p><span style=\"color: #000000;\">En 2006, s\u00e9vit une \u00e9pid\u00e9mie de chikungunya, maladie aux cons\u00e9quences parfois particuli\u00e8rement handicapantes, transmise par les moustiques. On comptera plus de 266 000 cas et 267 d\u00e9c\u00e8s \u00e0 La R\u00e9union. Cette \u00e9pid\u00e9mie a mis en exergue la tr\u00e8s mauvaise sant\u00e9 des R\u00e9unionnais. Sa gestion sera d\u00e9cri\u00e9e, certains auteurs parleront de forme d\u2019aveuglement.<\/span><\/p>\n<p><span style=\"color: #000000;\">Un peu comme en Camargue, \u00e0 La R\u00e9union, la r\u00e9sistance aux moustiques permet de s\u00e9parer symboliquement les locaux des nouveaux arrivants.<\/span><\/p>\n<p><span style=\"color: #000000;\">Pour autant, des solidarit\u00e9s nouvelles semblent s\u2019\u00eatre cr\u00e9\u00e9es entre cr\u00e9oles et <em>zoreils<\/em> (nom attribu\u00e9 aux personnes venues de l\u2019Hexagone), ces derniers \u00e9tant per\u00e7us par les autres populations comme \u00ab dominants \u00bb socialement, \u00e9conomiquement et politiquement.<\/span><\/p>\n<p><span style=\"color: #000000;\">En 2011, une autre crise r\u00e9active cette ligne de partage identitaire entre <em>zoreils<\/em> et cr\u00e9oles. Il s\u2019agit de la \u00ab crise requin \u00bb qui intervient sur la c\u00f4te ouest consid\u00e9r\u00e9e comme concentrant le plus de <em>zoreils.<\/em><\/span><\/p>\n<p><span style=\"color: #000000;\">Cette crise-l\u00e0, plus relay\u00e9e dans l\u2019Hexagone par son c\u00f4t\u00e9 sensationnel, a par ailleurs abouti \u00e0 l\u2019interdiction totale de toute activit\u00e9 nautique et de baignade non surveill\u00e9e sur le littoral ; interdiction ayant entra\u00een\u00e9 un report des baignades sur le lagon d\u00e9j\u00e0 tr\u00e8s vuln\u00e9rable.<\/span><\/p>\n<p><span style=\"color: #000000;\">En 2018, la crise des \u00ab gilets jaunes \u00bb qui bloqua durablement le territoire pendant 15 jours avec l\u2019instauration d\u2019un couvre-feu par arr\u00eat\u00e9 pr\u00e9fectoral, a de nouveau pos\u00e9 cette question de \u00ab classe raciale \u00bb. \u00c0 cette occasion avait \u00e9merg\u00e9 l\u2019expression publique d\u2019un sentiment anti-<em>zoreil<\/em>.<\/span><\/p>\n<p><span style=\"color: #000000;\">Les revendications sur les ronds-points relayaient notamment au pr\u00e9fet des demandes de pr\u00e9f\u00e9rence r\u00e9gionale devant l\u2019emploi, traduction d\u2019un sentiment d\u2019injustice dans la r\u00e9partition du pouvoir et des responsabilit\u00e9s. Des agressions racistes ont eu lieu sur et en marge des ronds-points.<\/span><\/p>\n<p style=\"text-align: center;\"><span style=\"color: #000000;\"><strong>Absence de cl\u00e9s de compr\u00e9hension du social<\/strong><\/span><\/p>\n<p><span style=\"color: #000000;\">Peu de travaux en sciences sociales s\u2019int\u00e9ressent \u00e0 ces tensions raciales et cherchent \u00e0 instruire le d\u00e9bat sur le sentiment d\u2019injustice socio-\u00e9conomique \u00e0 La R\u00e9union. Chaque crise repose inlassablement les m\u00eames questions, qui restent sans r\u00e9ponse. Pourtant la volont\u00e9 de r\u00e9silience culturelle et sociale des habitantes a \u00e9merg\u00e9 sur les ronds-points en 2018 mais les structures \u00e9mancipatrices de l\u2019histoire esclavagiste et coloniale manquent.<\/span><\/p>\n<p><span style=\"color: #000000;\">Les in\u00e9galit\u00e9s se reproduisent, surtout en l\u2019absence de cl\u00e9s de compr\u00e9hension du social. Bien que des projets de recherche cherchent aujourd\u2019hui \u00e0 comprendre et construire cette r\u00e9silience, le d\u00e9bat est renvoy\u00e9 \u00e0 la sph\u00e8re priv\u00e9e.<\/span><\/p>\n<p><span style=\"color: #000000;\">Dans un tel contexte, la communication de crise est cruciale et peut \u00e0 tout moment alimenter ces tensions. Contrairement aux \u00e9pid\u00e9mies r\u00e9currentes de dengue, il n\u2019y a pas eu d\u2019informations cartographiques sur la r\u00e9partition en local des \u00ab cas import\u00e9s \u00bb malgr\u00e9 les demandes pressantes d\u2019informations concernant cette r\u00e9partition (annonce de la directrice de l\u2019ARS, plateau t\u00e9l\u00e9vis\u00e9, mercredi 25\/03\/2020).<\/span><\/p>\n<p><span style=\"color: #000000;\">Pour l\u2019ARS, l\u2019injonction de ne pas stigmatiser des populations et de garantir l\u2019anonymat des cas import\u00e9s et des 800 personnes contacts r\u00e9pertori\u00e9es par ces services s\u2019impose encore plus.<\/span><\/p>\n<p style=\"text-align: center;\"><span style=\"color: #000000;\"><strong>Le confinement reproduit et aggrave les in\u00e9galit\u00e9s sociales<\/strong><\/span><\/p>\n<p><span style=\"color: #000000;\">\u00c0 La R\u00e9union, la culture du risque a contribu\u00e9 \u00e0 la mise en place rapide du confinement. Alors que l\u2019\u00eele n\u2019en \u00e9tait \u00ab qu\u2019\u00e0 \u00bb 12 cas dits \u00ab non autochtones \u00bb, la mise en place du confinement pour l\u2019\u00e9pid\u00e9mie de coronavirus semblait une mesure salutaire et famili\u00e8re.<\/span><\/p>\n<p><span style=\"color: #000000;\">Le respect des consignes de confinement est aujourd\u2019hui salu\u00e9 comme du civisme par les autorit\u00e9s sanitaires apr\u00e8s avoir \u00e9t\u00e9 assimil\u00e9es \u00e0 de la panique. Mais si le confinement semble bien observ\u00e9, c\u2019est au d\u00e9triment des solidarit\u00e9s usuelles (accueil et prise en charge des membres vuln\u00e9rables dans les familles) qui ne pourront s\u2019exprimer.<\/span><\/p>\n<p><span style=\"color: #000000;\">\u00c0 l\u2019inverse, lorsqu\u2019elles se sont exprim\u00e9es, elles auront peut-\u00eatre particip\u00e9 \u00e0 la mise en danger des populations les plus fragiles.<\/span><\/p>\n<p><span style=\"color: #000000;\">Dans la droite ligne de l\u2019unit\u00e9 nationale pr\u00f4n\u00e9e par la ministre de l\u2019Outre-mer, les modalit\u00e9s tous azimuts visant \u00e0 ne pas bloquer l\u2019\u00e9conomie risquent \u00e9galement de creuser les in\u00e9galit\u00e9s. Certaines mesures semblent ainsi tr\u00e8s peu adapt\u00e9es au territoire. La mise en place du t\u00e9l\u00e9travail et du plan de continuit\u00e9 p\u00e9dagogique par exemple ne semblent tenir compte ni des 39 % de pauvret\u00e9 (contre 14,2 % sur le territoire national), ni de l\u2019illettrisme et encore moins de la fracture num\u00e9rique. De quoi aggraver les in\u00e9galit\u00e9s que les \u00e9coles et l\u2019universit\u00e9 peinent \u00e0 endiguer.<\/span><\/p>\n<hr \/>\n<p><strong><span style=\"color: #ff6600;\">Marie Thiann-Bo Morel<\/span><br \/>\n<\/strong><span style=\"color: #000000;\">Ma\u00eetre de conf\u00e9rences en sociologie <\/span><br \/>\n<span style=\"color: #000000;\">Universit\u00e9 de la R\u00e9union<\/span><\/p>\n<hr \/>\n<p><span style=\"color: #008080;\"><em>* Published in print edition on <\/em><em>7 April 2020<\/em><\/span><\/p>\n","protected":false},"excerpt":{"rendered":"<p>&nbsp; \u00c0 La R\u00e9union, la culture du risque a contribu\u00e9 \u00e0 la mise en place rapide du confinement. Mais les mesures valables pour l\u2019Hexagone ravivent dans l\u2019\u00eele les graves in\u00e9galit\u00e9s socio-\u00e9conomiques<\/p>\n","protected":false},"author":139,"featured_media":25956,"comment_status":"open","ping_status":"open","sticky":false,"template":"","format":"standard","meta":{"jetpack_post_was_ever_published":false,"_jetpack_newsletter_access":"","_jetpack_dont_email_post_to_subs":false,"_jetpack_newsletter_tier_id":0,"_jetpack_memberships_contains_paywalled_content":false,"_jetpack_memberships_contains_paid_content":false,"footnotes":"","jetpack_publicize_message":"","jetpack_publicize_feature_enabled":true,"jetpack_social_post_already_shared":true,"jetpack_social_options":{"image_generator_settings":{"template":"highway","default_image_id":0,"font":"","enabled":false},"version":2}},"categories":[8348],"tags":[23028,22005,23308,23305,15154,23303,17312,22621,17916,23307,23304,23306],"class_list":["post-25955","post","type-post","status-publish","format-standard","has-post-thumbnail","hentry","category-the-conversation","tag-confinement","tag-covid-19","tag-crises","tag-discrimination","tag-gilets-jaunes","tag-identite","tag-inegalites","tag-inegalites-sociales","tag-la-reunion","tag-outre-mer","tag-racisme","tag-xenophobie"],"jetpack_publicize_connections":[],"jetpack_featured_media_url":"https:\/\/i0.wp.com\/www.mauritiustimes.com\/mt\/wp-content\/uploads\/2020\/04\/Reunion.jpg?fit=956%2C600&ssl=1","jetpack_sharing_enabled":true,"jetpack_shortlink":"https:\/\/wp.me\/p8QzSF-6KD","_links":{"self":[{"href":"https:\/\/www.mauritiustimes.com\/mt\/wp-json\/wp\/v2\/posts\/25955","targetHints":{"allow":["GET"]}}],"collection":[{"href":"https:\/\/www.mauritiustimes.com\/mt\/wp-json\/wp\/v2\/posts"}],"about":[{"href":"https:\/\/www.mauritiustimes.com\/mt\/wp-json\/wp\/v2\/types\/post"}],"author":[{"embeddable":true,"href":"https:\/\/www.mauritiustimes.com\/mt\/wp-json\/wp\/v2\/users\/139"}],"replies":[{"embeddable":true,"href":"https:\/\/www.mauritiustimes.com\/mt\/wp-json\/wp\/v2\/comments?post=25955"}],"version-history":[{"count":0,"href":"https:\/\/www.mauritiustimes.com\/mt\/wp-json\/wp\/v2\/posts\/25955\/revisions"}],"wp:featuredmedia":[{"embeddable":true,"href":"https:\/\/www.mauritiustimes.com\/mt\/wp-json\/wp\/v2\/media\/25956"}],"wp:attachment":[{"href":"https:\/\/www.mauritiustimes.com\/mt\/wp-json\/wp\/v2\/media?parent=25955"}],"wp:term":[{"taxonomy":"category","embeddable":true,"href":"https:\/\/www.mauritiustimes.com\/mt\/wp-json\/wp\/v2\/categories?post=25955"},{"taxonomy":"post_tag","embeddable":true,"href":"https:\/\/www.mauritiustimes.com\/mt\/wp-json\/wp\/v2\/tags?post=25955"}],"curies":[{"name":"wp","href":"https:\/\/api.w.org\/{rel}","templated":true}]}}